{"id":757,"date":"2023-07-31T19:20:57","date_gmt":"2023-07-31T22:20:57","guid":{"rendered":"https:\/\/apuntesdesanluis.com\/?p=757"},"modified":"2023-08-01T10:52:26","modified_gmt":"2023-08-01T13:52:26","slug":"muerte-de-rocio-pedernera-se-entrego-y-quedo-detenido-el-conductor-de-la-camioneta","status":"publish","type":"post","link":"https:\/\/apuntesdesanluis.com\/index.php\/2023\/07\/31\/muerte-de-rocio-pedernera-se-entrego-y-quedo-detenido-el-conductor-de-la-camioneta\/","title":{"rendered":"MUERTE DE ROC\u00cdO PEDERNERA: SE ENTREG\u00d3 Y QUED\u00d3 DETENIDO EL CONDUCTOR DE LA CAMIONETA"},"content":{"rendered":"<h3>La detenci\u00f3n se efectiviz\u00f3 poco despu\u00e9s de las 15:00 h en el \u00e1rea de Accidentolog\u00eda Vial, donde <strong>Jonathan Sandoval<\/strong>, ingeniero agrimensor de 38 a\u00f1os, fue a entregarse junto a su abogado, cuando ya se hab\u00eda ordenado su captura.<\/h3>\n<h3>&#8220;Conforme las constancias de la causa, entendemos que era \u00e9l el que particip\u00f3 del hecho\u201d, inform\u00f3 el fiscal de la causa, <strong>Esteban Roche<\/strong>. El sospechoso vive en el barrio La Pancha II, de Juana Koslay, domicilio de donde se secuestr\u00f3 el rodado de su propiedad.<\/h3>\n<h3>El Juzgado de Garant\u00edas N\u00b0 2 de la ciudad de San Luis, hab\u00eda ordenado al mediod\u00eda la detenci\u00f3n de <strong>Jonathan Werner Sandoval<\/strong>, conductor de la camioneta Toyota Hilux blanca que el s\u00e1bado a la madrugada embisti\u00f3 a <strong>Roc\u00edo Pedernera Medero<\/strong>, de 20 a\u00f1os, cuando se conduc\u00eda en su motociclista por la Avenida Santos Ortiz.<\/h3>\n<p><img fetchpriority=\"high\" decoding=\"async\" class=\"wp-image-760 aligncenter\" src=\"https:\/\/apuntesdesanluis.com\/wp-content\/uploads\/2023\/07\/rocio-300x207.png\" alt=\"\" width=\"564\" height=\"389\" srcset=\"https:\/\/apuntesdesanluis.com\/wp-content\/uploads\/2023\/07\/rocio-300x207.png 300w, https:\/\/apuntesdesanluis.com\/wp-content\/uploads\/2023\/07\/rocio.png 540w\" sizes=\"(max-width: 564px) 100vw, 564px\" \/><\/p>\n<h3>En relaci\u00f3n con la calificaci\u00f3n legal y la solicitud de medidas de coerci\u00f3n, el fiscal dijo que se van a determinar al momento de la audiencia de formulaci\u00f3n de cargos.<\/h3>\n<h3><strong>DETALLES DE LA INVESTIGACI\u00d3N<\/strong><\/h3>\n<h3>El fiscal <strong>Esteban Roche<\/strong> hab\u00eda anticipado este lunes por la ma\u00f1ana que era un d\u00eda clave en la investigaci\u00f3n por la muerte de una motociclista en la Avenida Santos Ort\u00edz de la ciudad de San Luis, ocurrida el s\u00e1bado a la madrugada.<\/h3>\n<h3>A la espera de los resultados que arrojen las pericias sobre los restos biol\u00f3gicos y de fibras textiles adheridos a la Toyota Hilux blanca que secuestr\u00f3 la Polic\u00eda el s\u00e1bado por la tarde, el funcionario inform\u00f3 que hay otras medidas importantes en proceso que fueron enviadas al Juzgado de Garant\u00edas N\u00ba 2, a cargo del Juez <strong>Ariel Parrillis<\/strong>.<\/h3>\n<h3>Roche manifest\u00f3 que el accidente mortal ocurri\u00f3 entre las 4:15 y 4:30 horas a la altura del Barrio Tibilletti, con direcci\u00f3n a Juana Koslay. En ese lugar, la joven 20 a\u00f1os de edad que transitaba en una motocicleta perdi\u00f3 la vida luego de ser embestida por una camioneta. La persona que atropell\u00f3 a la v\u00edctima se dio a la fuga.<\/h3>\n<h3>El representante del Ministerio P\u00fablico Fiscal dijo que la titularidad del rodado estaba acreditada pero restaba determinar si era la persona que conduc\u00eda al momento del hecho.<\/h3>\n<h3>\u201cA partir del lector de patentes que est\u00e1 ubicado en inmediaciones de la zona se pudo determinar el veh\u00edculo que hab\u00eda participado del hecho. Se rastre\u00f3 y con las c\u00e1maras se hizo un seguimiento desde que comenz\u00f3 el hecho hasta la \u00faltima toma que se tiene de este veh\u00edculo ingresando a un barrio privado. El s\u00e1bado a la ma\u00f1ana le pedimos al Juzgado de Garant\u00edas un allanamiento porque ten\u00edamos identificado el veh\u00edculo, su titularidad y la certeza de que esta camioneta hab\u00eda participado del accidente. Tambi\u00e9n solicitamos el secuestro de todas las captaciones f\u00edlmicas\u201d, explic\u00f3 el fiscal.<\/h3>\n<h3>Y a\u00f1adi\u00f3: \u201cA la camioneta se le hab\u00eda removido el paragolpe, que ten\u00eda un golpe muy fuerte del lado del conductor. Se tomaron muestras en el lugar que podr\u00edan ser biol\u00f3gicas, restos de pelo y de fibras que podr\u00edan estar vinculadas con la ropa que llevaba puesta la v\u00edctima al momento del hecho; estaba mojado el piso, como si la hubieran estado lavando\u201d.<\/h3>\n","protected":false},"excerpt":{"rendered":"<p>La detenci\u00f3n se efectiviz\u00f3 poco despu\u00e9s de las 15:00 h en el \u00e1rea de Accidentolog\u00eda&#8230;<\/p>\n","protected":false},"author":1,"featured_media":759,"comment_status":"closed","ping_status":"closed","sticky":false,"template":"","format":"standard","meta":{"footnotes":""},"categories":[6],"tags":[],"class_list":["post-757","post","type-post","status-publish","format-standard","has-post-thumbnail","hentry","category-ciudad-provincia"],"yoast_head":"<!-- This site is optimized with the Yoast SEO plugin v26.1.1 - https:\/\/yoast.com\/wordpress\/plugins\/seo\/ -->\n<title>MUERTE DE ROC\u00cdO PEDERNERA: SE ENTREG\u00d3 Y QUED\u00d3 DETENIDO EL CONDUCTOR DE LA CAMIONETA - Apuntes de San Luis<\/title>\n<meta name=\"robots\" content=\"index, follow, max-snippet:-1, max-image-preview:large, max-video-preview:-1\" \/>\n<link rel=\"canonical\" href=\"https:\/\/apuntesdesanluis.com\/index.php\/2023\/07\/31\/muerte-de-rocio-pedernera-se-entrego-y-quedo-detenido-el-conductor-de-la-camioneta\/\" \/>\n<meta property=\"og:locale\" content=\"es_ES\" \/>\n<meta property=\"og:type\" content=\"article\" \/>\n<meta property=\"og:title\" content=\"MUERTE DE ROC\u00cdO PEDERNERA: SE ENTREG\u00d3 Y QUED\u00d3 DETENIDO EL CONDUCTOR DE LA CAMIONETA - Apuntes de San Luis\" \/>\n<meta property=\"og:description\" content=\"La detenci\u00f3n se efectiviz\u00f3 poco despu\u00e9s de las 15:00 h en el \u00e1rea de Accidentolog\u00eda...\" \/>\n<meta property=\"og:url\" content=\"https:\/\/apuntesdesanluis.com\/index.php\/2023\/07\/31\/muerte-de-rocio-pedernera-se-entrego-y-quedo-detenido-el-conductor-de-la-camioneta\/\" \/>\n<meta property=\"og:site_name\" content=\"Apuntes de San Luis\" \/>\n<meta property=\"article:published_time\" content=\"2023-07-31T22:20:57+00:00\" \/>\n<meta property=\"article:modified_time\" content=\"2023-08-01T13:52:26+00:00\" \/>\n<meta property=\"og:image\" content=\"https:\/\/apuntesdesanluis.com\/wp-content\/uploads\/2023\/07\/DETENCION-1.png\" \/>\n\t<meta property=\"og:image:width\" content=\"460\" \/>\n\t<meta property=\"og:image:height\" content=\"314\" \/>\n\t<meta property=\"og:image:type\" content=\"image\/png\" \/>\n<meta name=\"author\" content=\"apuntesdesanluis.com\" \/>\n<meta name=\"twitter:card\" content=\"summary_large_image\" \/>\n<meta name=\"twitter:label1\" content=\"Escrito por\" \/>\n\t<meta name=\"twitter:data1\" content=\"apuntesdesanluis.com\" \/>\n\t<meta name=\"twitter:label2\" content=\"Tiempo de lectura\" \/>\n\t<meta name=\"twitter:data2\" content=\"3 minutos\" \/>\n<script type=\"application\/ld+json\" class=\"yoast-schema-graph\">{\"@context\":\"https:\/\/schema.org\",\"@graph\":[{\"@type\":\"Article\",\"@id\":\"https:\/\/apuntesdesanluis.com\/index.php\/2023\/07\/31\/muerte-de-rocio-pedernera-se-entrego-y-quedo-detenido-el-conductor-de-la-camioneta\/#article\",\"isPartOf\":{\"@id\":\"https:\/\/apuntesdesanluis.com\/index.php\/2023\/07\/31\/muerte-de-rocio-pedernera-se-entrego-y-quedo-detenido-el-conductor-de-la-camioneta\/\"},\"author\":{\"name\":\"apuntesdesanluis.com\",\"@id\":\"https:\/\/apuntesdesanluis.com\/#\/schema\/person\/b55151d52296fcce64d1a72538a70b90\"},\"headline\":\"MUERTE DE ROC\u00cdO PEDERNERA: SE ENTREG\u00d3 Y QUED\u00d3 DETENIDO EL CONDUCTOR DE LA CAMIONETA\",\"datePublished\":\"2023-07-31T22:20:57+00:00\",\"dateModified\":\"2023-08-01T13:52:26+00:00\",\"mainEntityOfPage\":{\"@id\":\"https:\/\/apuntesdesanluis.com\/index.php\/2023\/07\/31\/muerte-de-rocio-pedernera-se-entrego-y-quedo-detenido-el-conductor-de-la-camioneta\/\"},\"wordCount\":577,\"publisher\":{\"@id\":\"https:\/\/apuntesdesanluis.com\/#\/schema\/person\/b55151d52296fcce64d1a72538a70b90\"},\"image\":{\"@id\":\"https:\/\/apuntesdesanluis.com\/index.php\/2023\/07\/31\/muerte-de-rocio-pedernera-se-entrego-y-quedo-detenido-el-conductor-de-la-camioneta\/#primaryimage\"},\"thumbnailUrl\":\"https:\/\/apuntesdesanluis.com\/wp-content\/uploads\/2023\/07\/DETENCION-1.png\",\"articleSection\":[\"Ciudad\/Provincia\"],\"inLanguage\":\"es-AR\"},{\"@type\":\"WebPage\",\"@id\":\"https:\/\/apuntesdesanluis.com\/index.php\/2023\/07\/31\/muerte-de-rocio-pedernera-se-entrego-y-quedo-detenido-el-conductor-de-la-camioneta\/\",\"url\":\"https:\/\/apuntesdesanluis.com\/index.php\/2023\/07\/31\/muerte-de-rocio-pedernera-se-entrego-y-quedo-detenido-el-conductor-de-la-camioneta\/\",\"name\":\"MUERTE DE ROC\u00cdO PEDERNERA: SE ENTREG\u00d3 Y QUED\u00d3 DETENIDO EL CONDUCTOR DE LA CAMIONETA - Apuntes de San Luis\",\"isPartOf\":{\"@id\":\"https:\/\/apuntesdesanluis.com\/#website\"},\"primaryImageOfPage\":{\"@id\":\"https:\/\/apuntesdesanluis.com\/index.php\/2023\/07\/31\/muerte-de-rocio-pedernera-se-entrego-y-quedo-detenido-el-conductor-de-la-camioneta\/#primaryimage\"},\"image\":{\"@id\":\"https:\/\/apuntesdesanluis.com\/index.php\/2023\/07\/31\/muerte-de-rocio-pedernera-se-entrego-y-quedo-detenido-el-conductor-de-la-camioneta\/#primaryimage\"},\"thumbnailUrl\":\"https:\/\/apuntesdesanluis.com\/wp-content\/uploads\/2023\/07\/DETENCION-1.png\",\"datePublished\":\"2023-07-31T22:20:57+00:00\",\"dateModified\":\"2023-08-01T13:52:26+00:00\",\"breadcrumb\":{\"@id\":\"https:\/\/apuntesdesanluis.com\/index.php\/2023\/07\/31\/muerte-de-rocio-pedernera-se-entrego-y-quedo-detenido-el-conductor-de-la-camioneta\/#breadcrumb\"},\"inLanguage\":\"es-AR\",\"potentialAction\":[{\"@type\":\"ReadAction\",\"target\":[\"https:\/\/apuntesdesanluis.com\/index.php\/2023\/07\/31\/muerte-de-rocio-pedernera-se-entrego-y-quedo-detenido-el-conductor-de-la-camioneta\/\"]}]},{\"@type\":\"ImageObject\",\"inLanguage\":\"es-AR\",\"@id\":\"https:\/\/apuntesdesanluis.com\/index.php\/2023\/07\/31\/muerte-de-rocio-pedernera-se-entrego-y-quedo-detenido-el-conductor-de-la-camioneta\/#primaryimage\",\"url\":\"https:\/\/apuntesdesanluis.com\/wp-content\/uploads\/2023\/07\/DETENCION-1.png\",\"contentUrl\":\"https:\/\/apuntesdesanluis.com\/wp-content\/uploads\/2023\/07\/DETENCION-1.png\",\"width\":460,\"height\":314},{\"@type\":\"BreadcrumbList\",\"@id\":\"https:\/\/apuntesdesanluis.com\/index.php\/2023\/07\/31\/muerte-de-rocio-pedernera-se-entrego-y-quedo-detenido-el-conductor-de-la-camioneta\/#breadcrumb\",\"itemListElement\":[{\"@type\":\"ListItem\",\"position\":1,\"name\":\"Inicio\",\"item\":\"https:\/\/apuntesdesanluis.com\/\"},{\"@type\":\"ListItem\",\"position\":2,\"name\":\"MUERTE DE ROC\u00cdO PEDERNERA: SE ENTREG\u00d3 Y QUED\u00d3 DETENIDO EL CONDUCTOR DE LA CAMIONETA\"}]},{\"@type\":\"WebSite\",\"@id\":\"https:\/\/apuntesdesanluis.com\/#website\",\"url\":\"https:\/\/apuntesdesanluis.com\/\",\"name\":\"Apuntes de San Luis\",\"description\":\"\",\"publisher\":{\"@id\":\"https:\/\/apuntesdesanluis.com\/#\/schema\/person\/b55151d52296fcce64d1a72538a70b90\"},\"potentialAction\":[{\"@type\":\"SearchAction\",\"target\":{\"@type\":\"EntryPoint\",\"urlTemplate\":\"https:\/\/apuntesdesanluis.com\/?s={search_term_string}\"},\"query-input\":{\"@type\":\"PropertyValueSpecification\",\"valueRequired\":true,\"valueName\":\"search_term_string\"}}],\"inLanguage\":\"es-AR\"},{\"@type\":[\"Person\",\"Organization\"],\"@id\":\"https:\/\/apuntesdesanluis.com\/#\/schema\/person\/b55151d52296fcce64d1a72538a70b90\",\"name\":\"apuntesdesanluis.com\",\"image\":{\"@type\":\"ImageObject\",\"inLanguage\":\"es-AR\",\"@id\":\"https:\/\/apuntesdesanluis.com\/#\/schema\/person\/image\/\",\"url\":\"https:\/\/apuntesdesanluis.com\/wp-content\/uploads\/2023\/07\/cropped-apuntesdesanluis.png\",\"contentUrl\":\"https:\/\/apuntesdesanluis.com\/wp-content\/uploads\/2023\/07\/cropped-apuntesdesanluis.png\",\"width\":450,\"height\":112,\"caption\":\"apuntesdesanluis.com\"},\"logo\":{\"@id\":\"https:\/\/apuntesdesanluis.com\/#\/schema\/person\/image\/\"},\"sameAs\":[\"https:\/\/apuntesdesanluis.com\"],\"url\":\"https:\/\/apuntesdesanluis.com\/index.php\/author\/apuntesdesanluis-com\/\"}]}<\/script>\n<!-- \/ Yoast SEO plugin. -->","yoast_head_json":{"title":"MUERTE DE ROC\u00cdO PEDERNERA: SE ENTREG\u00d3 Y QUED\u00d3 DETENIDO EL CONDUCTOR DE LA CAMIONETA - Apuntes de San Luis","robots":{"index":"index","follow":"follow","max-snippet":"max-snippet:-1","max-image-preview":"max-image-preview:large","max-video-preview":"max-video-preview:-1"},"canonical":"https:\/\/apuntesdesanluis.com\/index.php\/2023\/07\/31\/muerte-de-rocio-pedernera-se-entrego-y-quedo-detenido-el-conductor-de-la-camioneta\/","og_locale":"es_ES","og_type":"article","og_title":"MUERTE DE ROC\u00cdO PEDERNERA: SE ENTREG\u00d3 Y QUED\u00d3 DETENIDO EL CONDUCTOR DE LA CAMIONETA - Apuntes de San Luis","og_description":"La detenci\u00f3n se efectiviz\u00f3 poco despu\u00e9s de las 15:00 h en el \u00e1rea de Accidentolog\u00eda...","og_url":"https:\/\/apuntesdesanluis.com\/index.php\/2023\/07\/31\/muerte-de-rocio-pedernera-se-entrego-y-quedo-detenido-el-conductor-de-la-camioneta\/","og_site_name":"Apuntes de San Luis","article_published_time":"2023-07-31T22:20:57+00:00","article_modified_time":"2023-08-01T13:52:26+00:00","og_image":[{"width":460,"height":314,"url":"https:\/\/apuntesdesanluis.com\/wp-content\/uploads\/2023\/07\/DETENCION-1.png","type":"image\/png"}],"author":"apuntesdesanluis.com","twitter_card":"summary_large_image","twitter_misc":{"Escrito por":"apuntesdesanluis.com","Tiempo de lectura":"3 minutos"},"schema":{"@context":"https:\/\/schema.org","@graph":[{"@type":"Article","@id":"https:\/\/apuntesdesanluis.com\/index.php\/2023\/07\/31\/muerte-de-rocio-pedernera-se-entrego-y-quedo-detenido-el-conductor-de-la-camioneta\/#article","isPartOf":{"@id":"https:\/\/apuntesdesanluis.com\/index.php\/2023\/07\/31\/muerte-de-rocio-pedernera-se-entrego-y-quedo-detenido-el-conductor-de-la-camioneta\/"},"author":{"name":"apuntesdesanluis.com","@id":"https:\/\/apuntesdesanluis.com\/#\/schema\/person\/b55151d52296fcce64d1a72538a70b90"},"headline":"MUERTE DE ROC\u00cdO PEDERNERA: SE ENTREG\u00d3 Y QUED\u00d3 DETENIDO EL CONDUCTOR DE LA CAMIONETA","datePublished":"2023-07-31T22:20:57+00:00","dateModified":"2023-08-01T13:52:26+00:00","mainEntityOfPage":{"@id":"https:\/\/apuntesdesanluis.com\/index.php\/2023\/07\/31\/muerte-de-rocio-pedernera-se-entrego-y-quedo-detenido-el-conductor-de-la-camioneta\/"},"wordCount":577,"publisher":{"@id":"https:\/\/apuntesdesanluis.com\/#\/schema\/person\/b55151d52296fcce64d1a72538a70b90"},"image":{"@id":"https:\/\/apuntesdesanluis.com\/index.php\/2023\/07\/31\/muerte-de-rocio-pedernera-se-entrego-y-quedo-detenido-el-conductor-de-la-camioneta\/#primaryimage"},"thumbnailUrl":"https:\/\/apuntesdesanluis.com\/wp-content\/uploads\/2023\/07\/DETENCION-1.png","articleSection":["Ciudad\/Provincia"],"inLanguage":"es-AR"},{"@type":"WebPage","@id":"https:\/\/apuntesdesanluis.com\/index.php\/2023\/07\/31\/muerte-de-rocio-pedernera-se-entrego-y-quedo-detenido-el-conductor-de-la-camioneta\/","url":"https:\/\/apuntesdesanluis.com\/index.php\/2023\/07\/31\/muerte-de-rocio-pedernera-se-entrego-y-quedo-detenido-el-conductor-de-la-camioneta\/","name":"MUERTE DE ROC\u00cdO PEDERNERA: SE ENTREG\u00d3 Y QUED\u00d3 DETENIDO EL CONDUCTOR DE LA CAMIONETA - Apuntes de San Luis","isPartOf":{"@id":"https:\/\/apuntesdesanluis.com\/#website"},"primaryImageOfPage":{"@id":"https:\/\/apuntesdesanluis.com\/index.php\/2023\/07\/31\/muerte-de-rocio-pedernera-se-entrego-y-quedo-detenido-el-conductor-de-la-camioneta\/#primaryimage"},"image":{"@id":"https:\/\/apuntesdesanluis.com\/index.php\/2023\/07\/31\/muerte-de-rocio-pedernera-se-entrego-y-quedo-detenido-el-conductor-de-la-camioneta\/#primaryimage"},"thumbnailUrl":"https:\/\/apuntesdesanluis.com\/wp-content\/uploads\/2023\/07\/DETENCION-1.png","datePublished":"2023-07-31T22:20:57+00:00","dateModified":"2023-08-01T13:52:26+00:00","breadcrumb":{"@id":"https:\/\/apuntesdesanluis.com\/index.php\/2023\/07\/31\/muerte-de-rocio-pedernera-se-entrego-y-quedo-detenido-el-conductor-de-la-camioneta\/#breadcrumb"},"inLanguage":"es-AR","potentialAction":[{"@type":"ReadAction","target":["https:\/\/apuntesdesanluis.com\/index.php\/2023\/07\/31\/muerte-de-rocio-pedernera-se-entrego-y-quedo-detenido-el-conductor-de-la-camioneta\/"]}]},{"@type":"ImageObject","inLanguage":"es-AR","@id":"https:\/\/apuntesdesanluis.com\/index.php\/2023\/07\/31\/muerte-de-rocio-pedernera-se-entrego-y-quedo-detenido-el-conductor-de-la-camioneta\/#primaryimage","url":"https:\/\/apuntesdesanluis.com\/wp-content\/uploads\/2023\/07\/DETENCION-1.png","contentUrl":"https:\/\/apuntesdesanluis.com\/wp-content\/uploads\/2023\/07\/DETENCION-1.png","width":460,"height":314},{"@type":"BreadcrumbList","@id":"https:\/\/apuntesdesanluis.com\/index.php\/2023\/07\/31\/muerte-de-rocio-pedernera-se-entrego-y-quedo-detenido-el-conductor-de-la-camioneta\/#breadcrumb","itemListElement":[{"@type":"ListItem","position":1,"name":"Inicio","item":"https:\/\/apuntesdesanluis.com\/"},{"@type":"ListItem","position":2,"name":"MUERTE DE ROC\u00cdO PEDERNERA: SE ENTREG\u00d3 Y QUED\u00d3 DETENIDO EL CONDUCTOR DE LA CAMIONETA"}]},{"@type":"WebSite","@id":"https:\/\/apuntesdesanluis.com\/#website","url":"https:\/\/apuntesdesanluis.com\/","name":"Apuntes de San Luis","description":"","publisher":{"@id":"https:\/\/apuntesdesanluis.com\/#\/schema\/person\/b55151d52296fcce64d1a72538a70b90"},"potentialAction":[{"@type":"SearchAction","target":{"@type":"EntryPoint","urlTemplate":"https:\/\/apuntesdesanluis.com\/?s={search_term_string}"},"query-input":{"@type":"PropertyValueSpecification","valueRequired":true,"valueName":"search_term_string"}}],"inLanguage":"es-AR"},{"@type":["Person","Organization"],"@id":"https:\/\/apuntesdesanluis.com\/#\/schema\/person\/b55151d52296fcce64d1a72538a70b90","name":"apuntesdesanluis.com","image":{"@type":"ImageObject","inLanguage":"es-AR","@id":"https:\/\/apuntesdesanluis.com\/#\/schema\/person\/image\/","url":"https:\/\/apuntesdesanluis.com\/wp-content\/uploads\/2023\/07\/cropped-apuntesdesanluis.png","contentUrl":"https:\/\/apuntesdesanluis.com\/wp-content\/uploads\/2023\/07\/cropped-apuntesdesanluis.png","width":450,"height":112,"caption":"apuntesdesanluis.com"},"logo":{"@id":"https:\/\/apuntesdesanluis.com\/#\/schema\/person\/image\/"},"sameAs":["https:\/\/apuntesdesanluis.com"],"url":"https:\/\/apuntesdesanluis.com\/index.php\/author\/apuntesdesanluis-com\/"}]}},"featured_image_urls":{"full":["https:\/\/apuntesdesanluis.com\/wp-content\/uploads\/2023\/07\/DETENCION-1.png",460,314,false],"thumbnail":["https:\/\/apuntesdesanluis.com\/wp-content\/uploads\/2023\/07\/DETENCION-1-150x150.png",150,150,true],"medium":["https:\/\/apuntesdesanluis.com\/wp-content\/uploads\/2023\/07\/DETENCION-1-300x205.png",300,205,true],"medium_large":["https:\/\/apuntesdesanluis.com\/wp-content\/uploads\/2023\/07\/DETENCION-1.png",460,314,false],"large":["https:\/\/apuntesdesanluis.com\/wp-content\/uploads\/2023\/07\/DETENCION-1.png",460,314,false],"1536x1536":["https:\/\/apuntesdesanluis.com\/wp-content\/uploads\/2023\/07\/DETENCION-1.png",460,314,false],"2048x2048":["https:\/\/apuntesdesanluis.com\/wp-content\/uploads\/2023\/07\/DETENCION-1.png",460,314,false],"newsever-slider-full":["https:\/\/apuntesdesanluis.com\/wp-content\/uploads\/2023\/07\/DETENCION-1.png",460,314,false],"newsever-featured":["https:\/\/apuntesdesanluis.com\/wp-content\/uploads\/2023\/07\/DETENCION-1.png",460,314,false],"newsever-medium":["https:\/\/apuntesdesanluis.com\/wp-content\/uploads\/2023\/07\/DETENCION-1.png",460,314,false]},"author_info":{"display_name":"apuntesdesanluis.com","author_link":"https:\/\/apuntesdesanluis.com\/index.php\/author\/apuntesdesanluis-com\/"},"category_info":"<a href=\"https:\/\/apuntesdesanluis.com\/index.php\/category\/ciudad-provincia\/\" rel=\"category tag\">Ciudad\/Provincia<\/a>","tag_info":"Ciudad\/Provincia","comment_count":"0","_links":{"self":[{"href":"https:\/\/apuntesdesanluis.com\/index.php\/wp-json\/wp\/v2\/posts\/757","targetHints":{"allow":["GET"]}}],"collection":[{"href":"https:\/\/apuntesdesanluis.com\/index.php\/wp-json\/wp\/v2\/posts"}],"about":[{"href":"https:\/\/apuntesdesanluis.com\/index.php\/wp-json\/wp\/v2\/types\/post"}],"author":[{"embeddable":true,"href":"https:\/\/apuntesdesanluis.com\/index.php\/wp-json\/wp\/v2\/users\/1"}],"replies":[{"embeddable":true,"href":"https:\/\/apuntesdesanluis.com\/index.php\/wp-json\/wp\/v2\/comments?post=757"}],"version-history":[{"count":3,"href":"https:\/\/apuntesdesanluis.com\/index.php\/wp-json\/wp\/v2\/posts\/757\/revisions"}],"predecessor-version":[{"id":813,"href":"https:\/\/apuntesdesanluis.com\/index.php\/wp-json\/wp\/v2\/posts\/757\/revisions\/813"}],"wp:featuredmedia":[{"embeddable":true,"href":"https:\/\/apuntesdesanluis.com\/index.php\/wp-json\/wp\/v2\/media\/759"}],"wp:attachment":[{"href":"https:\/\/apuntesdesanluis.com\/index.php\/wp-json\/wp\/v2\/media?parent=757"}],"wp:term":[{"taxonomy":"category","embeddable":true,"href":"https:\/\/apuntesdesanluis.com\/index.php\/wp-json\/wp\/v2\/categories?post=757"},{"taxonomy":"post_tag","embeddable":true,"href":"https:\/\/apuntesdesanluis.com\/index.php\/wp-json\/wp\/v2\/tags?post=757"}],"curies":[{"name":"wp","href":"https:\/\/api.w.org\/{rel}","templated":true}]}}