{"id":7570,"date":"2023-11-28T23:43:36","date_gmt":"2023-11-29T02:43:36","guid":{"rendered":"https:\/\/apuntesdesanluis.com\/?p=7570"},"modified":"2023-11-28T23:48:15","modified_gmt":"2023-11-29T02:48:15","slug":"desfachatez-al-palo-torrontegui-y-mones-ruiz-fueron-nombrados-en-cargos-del-senado","status":"publish","type":"post","link":"https:\/\/apuntesdesanluis.com\/index.php\/2023\/11\/28\/desfachatez-al-palo-torrontegui-y-mones-ruiz-fueron-nombrados-en-cargos-del-senado\/","title":{"rendered":"DESFACHATEZ AL PALO: TORRONTEGUI Y MONES RUIZ FUERON NOMBRADOS EN CARGOS DEL SENADO"},"content":{"rendered":"<h3>La desesperaci\u00f3n de algunos funcionarios y legisladores por el fin de su mandato, y la depresi\u00f3n que genera saber que a fin de mes ya no tendr\u00e1n depositados sus generosos sueldos, lleva a que pierdan cualquier atisbo de \u00e9tica o escr\u00fapulos en su accionar.<\/h3>\n<h3>Seg\u00fan da cuenta el sitio <strong>La Gacetal Digital<\/strong>, y que <span style=\"color: #000000;\">Apuntes de San Luis<\/span> confirm\u00f3 con dos fuentes, a dos semanas de votar la designaci\u00f3n de su hijo Juan Pablo Carrizo en uno de los pol\u00e9micos nuevos cargos creados en la Legislatura, la exintendenta ilegal y senadora saliente por el departamento Pueyrred\u00f3n, <strong>Mar\u00eda Ang\u00e9lica Torrontegui<\/strong>, fue designada como prosecretaria legislativa de la C\u00e1mara de Senadores, a partir del pr\u00f3ximo 10 de diciembre.<\/h3>\n<h3>Esto fue gracias a los 6 votos afirmativos de los legisladores oficialistas (incluyendo la propia Torrontegui), contra el de los opositores Sergio Guardia, Adolfo Castro Luna y Marcelo Debandi.<\/h3>\n<h3>La designaci\u00f3n no solo sorprendi\u00f3 por la desfachatez de la exintendenta ilegal que no quiere dejar de trabajar para el Estado, sino tambi\u00e9n porque hoy se renovaron las 4 autoridades de la mesa directiva del Senado. Si bien esto puede realizarse en cualquier sesi\u00f3n del a\u00f1o, es muy llamativo que se haya realizado a d\u00edas de la sesi\u00f3n preparatoria del pr\u00f3ximo 7 de diciembre, en la cual asumir\u00e1n los nuevos legisladores y Ricardo Endeiza, vicegobernador electo, como presidente del Senado.<\/h3>\n<h3>A\u00fan m\u00e1s llamativo fue que en este mismo cargo, a fines de octubre, hab\u00eda sido designada F\u00e1tima Zeballos, luego de la remoci\u00f3n de Jos\u00e9 Maximiliano Gim\u00e9nez, un allegado del ahora opositor senador Marcelo Debandi. Zeballos dur\u00f3 en el cargo tan solo un mes.<\/h3>\n<h3>Con estos cambios se concret\u00f3 la venganza del oficialismo contra los Leyes, ya que fue removida de su cargo como secretaria Legislativa Johanna Ojeda, la hija de la exsenadora Mabel Leyes y sobrina del diputado provincial Alberto Leyes, quien abandon\u00f3 el bloque oficialista y vot\u00f3 en contra de varios proyectos clave.<\/h3>\n<h3>Las peculiaridades de la sesi\u00f3n de hoy no terminan ah\u00ed, sino que Valentina Morel, hermana de la ex diputada y actual defensora adjunta Eva Morel, ambas allegadas al vicegobernador Eduardo Mones Ruiz; renunci\u00f3 al cargo de directora de comisi\u00f3n para el que fue designada tan solo semanas atr\u00e1s y fue nombrada como coordinadora de comisi\u00f3n, un cargo que ya exist\u00eda desde antes y que cuenta con \u201ccar\u00e1cter permanente y con estabilidad\u201d. \u201cEste cargo todav\u00eda no entr\u00f3 en funciones y ya recibe un ascenso. De director pasa a coordinador sin haber ejercido ni siquiera un d\u00eda el cargo\u201d, se quej\u00f3 el senador opositor Adolfo Castro Luna.<\/h3>\n<h3>Previo a estas designaciones, Morel se desempa\u00f1aba como secretaria administrativa de la C\u00e1mara de Senadores, cargo en el que ser\u00e1 reemplazada, a partir del 10 de diciembre, por Daniel Camilli, el senador provincial por el departamento Pringles cuyo mandato vence ese mismo d\u00eda. Al igual que Torrontegui, Camillli vot\u00f3 por s\u00ed mismo en esta designaci\u00f3n.<\/h3>\n<h3>El resto de la mesa directiva del Senado quedar\u00e1 compuesta por la abogada Jessica Roxana Rojo, que reemplazar\u00e1 a Johanna Ojeda; y por Sof\u00eda Aguilera, amiga de la senadora provincial Diamela Freixes, como prosecretaria administrativa.<\/h3>\n<h3>La otra designaci\u00f3n que fue una gran sorpresa este martes fue la del vicegobernador saliente, <strong>Eduardo Mones Ruiz<\/strong>, como Asesor Legal del Senado.<\/h3>\n<p><img fetchpriority=\"high\" decoding=\"async\" class=\"wp-image-7573 aligncenter\" src=\"https:\/\/apuntesdesanluis.com\/wp-content\/uploads\/2023\/11\/designacion-300x141.png\" alt=\"\" width=\"751\" height=\"353\" srcset=\"https:\/\/apuntesdesanluis.com\/wp-content\/uploads\/2023\/11\/designacion-300x141.png 300w, https:\/\/apuntesdesanluis.com\/wp-content\/uploads\/2023\/11\/designacion-768x360.png 768w, https:\/\/apuntesdesanluis.com\/wp-content\/uploads\/2023\/11\/designacion.png 873w\" sizes=\"(max-width: 751px) 100vw, 751px\" \/><\/p>\n<h3>\u201cMe sorprendi\u00f3 y me gust\u00f3\u201d, dijo Mones Ruiz en declaraciones a la prensa luego de la sesi\u00f3n. \u201cHace falta un buen trabajo jur\u00eddico\u201d, agreg\u00f3 el vice, quien, ante la pregunta de este medio, confirm\u00f3 que va a aceptar este cargo, a diferencia de lo que pas\u00f3 cuando fue designado ministro del Superior Tribunal, lo cual despert\u00f3 un aluvi\u00f3n de cr\u00edticas hacia el oficialismo. \u201cCr\u00edticas hay de todo tipo y uno en la vida democr\u00e1tica las acepta o no las acepta\u201d, dijo Mones Ruiz al respecto, se\u00f1alando que esa vez renunci\u00f3 en un intento de \u201ccerrar la grieta\u201d. (La Gaceta Digital)<\/h3>\n<p>&nbsp;<\/p>\n<p>&nbsp;<\/p>\n<p>&nbsp;<\/p>\n<p>&nbsp;<\/p>\n","protected":false},"excerpt":{"rendered":"<p>La desesperaci\u00f3n de algunos funcionarios y legisladores por el fin de su mandato, y la&#8230;<\/p>\n","protected":false},"author":1,"featured_media":7571,"comment_status":"closed","ping_status":"closed","sticky":false,"template":"","format":"standard","meta":{"footnotes":""},"categories":[6],"tags":[],"class_list":["post-7570","post","type-post","status-publish","format-standard","has-post-thumbnail","hentry","category-ciudad-provincia"],"yoast_head":"<!-- This site is optimized with the Yoast SEO plugin v26.1.1 - https:\/\/yoast.com\/wordpress\/plugins\/seo\/ -->\n<title>DESFACHATEZ AL PALO: TORRONTEGUI Y MONES RUIZ FUERON NOMBRADOS EN CARGOS DEL SENADO - Apuntes de San Luis<\/title>\n<meta name=\"robots\" content=\"index, follow, max-snippet:-1, max-image-preview:large, max-video-preview:-1\" \/>\n<link rel=\"canonical\" href=\"https:\/\/apuntesdesanluis.com\/index.php\/2023\/11\/28\/desfachatez-al-palo-torrontegui-y-mones-ruiz-fueron-nombrados-en-cargos-del-senado\/\" \/>\n<meta property=\"og:locale\" content=\"es_ES\" \/>\n<meta property=\"og:type\" content=\"article\" \/>\n<meta property=\"og:title\" content=\"DESFACHATEZ AL PALO: TORRONTEGUI Y MONES RUIZ FUERON NOMBRADOS EN CARGOS DEL SENADO - Apuntes de San Luis\" \/>\n<meta property=\"og:description\" content=\"La desesperaci\u00f3n de algunos funcionarios y legisladores por el fin de su mandato, y la...\" \/>\n<meta property=\"og:url\" content=\"https:\/\/apuntesdesanluis.com\/index.php\/2023\/11\/28\/desfachatez-al-palo-torrontegui-y-mones-ruiz-fueron-nombrados-en-cargos-del-senado\/\" \/>\n<meta property=\"og:site_name\" content=\"Apuntes de San Luis\" \/>\n<meta property=\"article:published_time\" content=\"2023-11-29T02:43:36+00:00\" \/>\n<meta property=\"article:modified_time\" content=\"2023-11-29T02:48:15+00:00\" \/>\n<meta property=\"og:image\" content=\"https:\/\/apuntesdesanluis.com\/wp-content\/uploads\/2023\/11\/torrontegui-y-mones-ruiz.png\" \/>\n\t<meta property=\"og:image:width\" content=\"633\" \/>\n\t<meta property=\"og:image:height\" content=\"343\" \/>\n\t<meta property=\"og:image:type\" content=\"image\/png\" \/>\n<meta name=\"author\" content=\"apuntesdesanluis.com\" \/>\n<meta name=\"twitter:card\" content=\"summary_large_image\" \/>\n<meta name=\"twitter:label1\" content=\"Escrito por\" \/>\n\t<meta name=\"twitter:data1\" content=\"apuntesdesanluis.com\" \/>\n\t<meta name=\"twitter:label2\" content=\"Tiempo de lectura\" \/>\n\t<meta name=\"twitter:data2\" content=\"4 minutos\" \/>\n<script type=\"application\/ld+json\" class=\"yoast-schema-graph\">{\"@context\":\"https:\/\/schema.org\",\"@graph\":[{\"@type\":\"Article\",\"@id\":\"https:\/\/apuntesdesanluis.com\/index.php\/2023\/11\/28\/desfachatez-al-palo-torrontegui-y-mones-ruiz-fueron-nombrados-en-cargos-del-senado\/#article\",\"isPartOf\":{\"@id\":\"https:\/\/apuntesdesanluis.com\/index.php\/2023\/11\/28\/desfachatez-al-palo-torrontegui-y-mones-ruiz-fueron-nombrados-en-cargos-del-senado\/\"},\"author\":{\"name\":\"apuntesdesanluis.com\",\"@id\":\"https:\/\/apuntesdesanluis.com\/#\/schema\/person\/b55151d52296fcce64d1a72538a70b90\"},\"headline\":\"DESFACHATEZ AL PALO: TORRONTEGUI Y MONES RUIZ FUERON NOMBRADOS EN CARGOS DEL SENADO\",\"datePublished\":\"2023-11-29T02:43:36+00:00\",\"dateModified\":\"2023-11-29T02:48:15+00:00\",\"mainEntityOfPage\":{\"@id\":\"https:\/\/apuntesdesanluis.com\/index.php\/2023\/11\/28\/desfachatez-al-palo-torrontegui-y-mones-ruiz-fueron-nombrados-en-cargos-del-senado\/\"},\"wordCount\":696,\"publisher\":{\"@id\":\"https:\/\/apuntesdesanluis.com\/#\/schema\/person\/b55151d52296fcce64d1a72538a70b90\"},\"image\":{\"@id\":\"https:\/\/apuntesdesanluis.com\/index.php\/2023\/11\/28\/desfachatez-al-palo-torrontegui-y-mones-ruiz-fueron-nombrados-en-cargos-del-senado\/#primaryimage\"},\"thumbnailUrl\":\"https:\/\/apuntesdesanluis.com\/wp-content\/uploads\/2023\/11\/torrontegui-y-mones-ruiz.png\",\"articleSection\":[\"Ciudad\/Provincia\"],\"inLanguage\":\"es-AR\"},{\"@type\":\"WebPage\",\"@id\":\"https:\/\/apuntesdesanluis.com\/index.php\/2023\/11\/28\/desfachatez-al-palo-torrontegui-y-mones-ruiz-fueron-nombrados-en-cargos-del-senado\/\",\"url\":\"https:\/\/apuntesdesanluis.com\/index.php\/2023\/11\/28\/desfachatez-al-palo-torrontegui-y-mones-ruiz-fueron-nombrados-en-cargos-del-senado\/\",\"name\":\"DESFACHATEZ AL PALO: TORRONTEGUI Y MONES RUIZ FUERON NOMBRADOS EN CARGOS DEL SENADO - Apuntes de San Luis\",\"isPartOf\":{\"@id\":\"https:\/\/apuntesdesanluis.com\/#website\"},\"primaryImageOfPage\":{\"@id\":\"https:\/\/apuntesdesanluis.com\/index.php\/2023\/11\/28\/desfachatez-al-palo-torrontegui-y-mones-ruiz-fueron-nombrados-en-cargos-del-senado\/#primaryimage\"},\"image\":{\"@id\":\"https:\/\/apuntesdesanluis.com\/index.php\/2023\/11\/28\/desfachatez-al-palo-torrontegui-y-mones-ruiz-fueron-nombrados-en-cargos-del-senado\/#primaryimage\"},\"thumbnailUrl\":\"https:\/\/apuntesdesanluis.com\/wp-content\/uploads\/2023\/11\/torrontegui-y-mones-ruiz.png\",\"datePublished\":\"2023-11-29T02:43:36+00:00\",\"dateModified\":\"2023-11-29T02:48:15+00:00\",\"breadcrumb\":{\"@id\":\"https:\/\/apuntesdesanluis.com\/index.php\/2023\/11\/28\/desfachatez-al-palo-torrontegui-y-mones-ruiz-fueron-nombrados-en-cargos-del-senado\/#breadcrumb\"},\"inLanguage\":\"es-AR\",\"potentialAction\":[{\"@type\":\"ReadAction\",\"target\":[\"https:\/\/apuntesdesanluis.com\/index.php\/2023\/11\/28\/desfachatez-al-palo-torrontegui-y-mones-ruiz-fueron-nombrados-en-cargos-del-senado\/\"]}]},{\"@type\":\"ImageObject\",\"inLanguage\":\"es-AR\",\"@id\":\"https:\/\/apuntesdesanluis.com\/index.php\/2023\/11\/28\/desfachatez-al-palo-torrontegui-y-mones-ruiz-fueron-nombrados-en-cargos-del-senado\/#primaryimage\",\"url\":\"https:\/\/apuntesdesanluis.com\/wp-content\/uploads\/2023\/11\/torrontegui-y-mones-ruiz.png\",\"contentUrl\":\"https:\/\/apuntesdesanluis.com\/wp-content\/uploads\/2023\/11\/torrontegui-y-mones-ruiz.png\",\"width\":633,\"height\":343},{\"@type\":\"BreadcrumbList\",\"@id\":\"https:\/\/apuntesdesanluis.com\/index.php\/2023\/11\/28\/desfachatez-al-palo-torrontegui-y-mones-ruiz-fueron-nombrados-en-cargos-del-senado\/#breadcrumb\",\"itemListElement\":[{\"@type\":\"ListItem\",\"position\":1,\"name\":\"Inicio\",\"item\":\"https:\/\/apuntesdesanluis.com\/\"},{\"@type\":\"ListItem\",\"position\":2,\"name\":\"DESFACHATEZ AL PALO: TORRONTEGUI Y MONES RUIZ FUERON NOMBRADOS EN CARGOS DEL SENADO\"}]},{\"@type\":\"WebSite\",\"@id\":\"https:\/\/apuntesdesanluis.com\/#website\",\"url\":\"https:\/\/apuntesdesanluis.com\/\",\"name\":\"Apuntes de San Luis\",\"description\":\"\",\"publisher\":{\"@id\":\"https:\/\/apuntesdesanluis.com\/#\/schema\/person\/b55151d52296fcce64d1a72538a70b90\"},\"potentialAction\":[{\"@type\":\"SearchAction\",\"target\":{\"@type\":\"EntryPoint\",\"urlTemplate\":\"https:\/\/apuntesdesanluis.com\/?s={search_term_string}\"},\"query-input\":{\"@type\":\"PropertyValueSpecification\",\"valueRequired\":true,\"valueName\":\"search_term_string\"}}],\"inLanguage\":\"es-AR\"},{\"@type\":[\"Person\",\"Organization\"],\"@id\":\"https:\/\/apuntesdesanluis.com\/#\/schema\/person\/b55151d52296fcce64d1a72538a70b90\",\"name\":\"apuntesdesanluis.com\",\"image\":{\"@type\":\"ImageObject\",\"inLanguage\":\"es-AR\",\"@id\":\"https:\/\/apuntesdesanluis.com\/#\/schema\/person\/image\/\",\"url\":\"https:\/\/apuntesdesanluis.com\/wp-content\/uploads\/2023\/07\/cropped-apuntesdesanluis.png\",\"contentUrl\":\"https:\/\/apuntesdesanluis.com\/wp-content\/uploads\/2023\/07\/cropped-apuntesdesanluis.png\",\"width\":450,\"height\":112,\"caption\":\"apuntesdesanluis.com\"},\"logo\":{\"@id\":\"https:\/\/apuntesdesanluis.com\/#\/schema\/person\/image\/\"},\"sameAs\":[\"https:\/\/apuntesdesanluis.com\"],\"url\":\"https:\/\/apuntesdesanluis.com\/index.php\/author\/apuntesdesanluis-com\/\"}]}<\/script>\n<!-- \/ Yoast SEO plugin. -->","yoast_head_json":{"title":"DESFACHATEZ AL PALO: TORRONTEGUI Y MONES RUIZ FUERON NOMBRADOS EN CARGOS DEL SENADO - Apuntes de San Luis","robots":{"index":"index","follow":"follow","max-snippet":"max-snippet:-1","max-image-preview":"max-image-preview:large","max-video-preview":"max-video-preview:-1"},"canonical":"https:\/\/apuntesdesanluis.com\/index.php\/2023\/11\/28\/desfachatez-al-palo-torrontegui-y-mones-ruiz-fueron-nombrados-en-cargos-del-senado\/","og_locale":"es_ES","og_type":"article","og_title":"DESFACHATEZ AL PALO: TORRONTEGUI Y MONES RUIZ FUERON NOMBRADOS EN CARGOS DEL SENADO - Apuntes de San Luis","og_description":"La desesperaci\u00f3n de algunos funcionarios y legisladores por el fin de su mandato, y la...","og_url":"https:\/\/apuntesdesanluis.com\/index.php\/2023\/11\/28\/desfachatez-al-palo-torrontegui-y-mones-ruiz-fueron-nombrados-en-cargos-del-senado\/","og_site_name":"Apuntes de San Luis","article_published_time":"2023-11-29T02:43:36+00:00","article_modified_time":"2023-11-29T02:48:15+00:00","og_image":[{"width":633,"height":343,"url":"https:\/\/apuntesdesanluis.com\/wp-content\/uploads\/2023\/11\/torrontegui-y-mones-ruiz.png","type":"image\/png"}],"author":"apuntesdesanluis.com","twitter_card":"summary_large_image","twitter_misc":{"Escrito por":"apuntesdesanluis.com","Tiempo de lectura":"4 minutos"},"schema":{"@context":"https:\/\/schema.org","@graph":[{"@type":"Article","@id":"https:\/\/apuntesdesanluis.com\/index.php\/2023\/11\/28\/desfachatez-al-palo-torrontegui-y-mones-ruiz-fueron-nombrados-en-cargos-del-senado\/#article","isPartOf":{"@id":"https:\/\/apuntesdesanluis.com\/index.php\/2023\/11\/28\/desfachatez-al-palo-torrontegui-y-mones-ruiz-fueron-nombrados-en-cargos-del-senado\/"},"author":{"name":"apuntesdesanluis.com","@id":"https:\/\/apuntesdesanluis.com\/#\/schema\/person\/b55151d52296fcce64d1a72538a70b90"},"headline":"DESFACHATEZ AL PALO: TORRONTEGUI Y MONES RUIZ FUERON NOMBRADOS EN CARGOS DEL SENADO","datePublished":"2023-11-29T02:43:36+00:00","dateModified":"2023-11-29T02:48:15+00:00","mainEntityOfPage":{"@id":"https:\/\/apuntesdesanluis.com\/index.php\/2023\/11\/28\/desfachatez-al-palo-torrontegui-y-mones-ruiz-fueron-nombrados-en-cargos-del-senado\/"},"wordCount":696,"publisher":{"@id":"https:\/\/apuntesdesanluis.com\/#\/schema\/person\/b55151d52296fcce64d1a72538a70b90"},"image":{"@id":"https:\/\/apuntesdesanluis.com\/index.php\/2023\/11\/28\/desfachatez-al-palo-torrontegui-y-mones-ruiz-fueron-nombrados-en-cargos-del-senado\/#primaryimage"},"thumbnailUrl":"https:\/\/apuntesdesanluis.com\/wp-content\/uploads\/2023\/11\/torrontegui-y-mones-ruiz.png","articleSection":["Ciudad\/Provincia"],"inLanguage":"es-AR"},{"@type":"WebPage","@id":"https:\/\/apuntesdesanluis.com\/index.php\/2023\/11\/28\/desfachatez-al-palo-torrontegui-y-mones-ruiz-fueron-nombrados-en-cargos-del-senado\/","url":"https:\/\/apuntesdesanluis.com\/index.php\/2023\/11\/28\/desfachatez-al-palo-torrontegui-y-mones-ruiz-fueron-nombrados-en-cargos-del-senado\/","name":"DESFACHATEZ AL PALO: TORRONTEGUI Y MONES RUIZ FUERON NOMBRADOS EN CARGOS DEL SENADO - Apuntes de San Luis","isPartOf":{"@id":"https:\/\/apuntesdesanluis.com\/#website"},"primaryImageOfPage":{"@id":"https:\/\/apuntesdesanluis.com\/index.php\/2023\/11\/28\/desfachatez-al-palo-torrontegui-y-mones-ruiz-fueron-nombrados-en-cargos-del-senado\/#primaryimage"},"image":{"@id":"https:\/\/apuntesdesanluis.com\/index.php\/2023\/11\/28\/desfachatez-al-palo-torrontegui-y-mones-ruiz-fueron-nombrados-en-cargos-del-senado\/#primaryimage"},"thumbnailUrl":"https:\/\/apuntesdesanluis.com\/wp-content\/uploads\/2023\/11\/torrontegui-y-mones-ruiz.png","datePublished":"2023-11-29T02:43:36+00:00","dateModified":"2023-11-29T02:48:15+00:00","breadcrumb":{"@id":"https:\/\/apuntesdesanluis.com\/index.php\/2023\/11\/28\/desfachatez-al-palo-torrontegui-y-mones-ruiz-fueron-nombrados-en-cargos-del-senado\/#breadcrumb"},"inLanguage":"es-AR","potentialAction":[{"@type":"ReadAction","target":["https:\/\/apuntesdesanluis.com\/index.php\/2023\/11\/28\/desfachatez-al-palo-torrontegui-y-mones-ruiz-fueron-nombrados-en-cargos-del-senado\/"]}]},{"@type":"ImageObject","inLanguage":"es-AR","@id":"https:\/\/apuntesdesanluis.com\/index.php\/2023\/11\/28\/desfachatez-al-palo-torrontegui-y-mones-ruiz-fueron-nombrados-en-cargos-del-senado\/#primaryimage","url":"https:\/\/apuntesdesanluis.com\/wp-content\/uploads\/2023\/11\/torrontegui-y-mones-ruiz.png","contentUrl":"https:\/\/apuntesdesanluis.com\/wp-content\/uploads\/2023\/11\/torrontegui-y-mones-ruiz.png","width":633,"height":343},{"@type":"BreadcrumbList","@id":"https:\/\/apuntesdesanluis.com\/index.php\/2023\/11\/28\/desfachatez-al-palo-torrontegui-y-mones-ruiz-fueron-nombrados-en-cargos-del-senado\/#breadcrumb","itemListElement":[{"@type":"ListItem","position":1,"name":"Inicio","item":"https:\/\/apuntesdesanluis.com\/"},{"@type":"ListItem","position":2,"name":"DESFACHATEZ AL PALO: TORRONTEGUI Y MONES RUIZ FUERON NOMBRADOS EN CARGOS DEL SENADO"}]},{"@type":"WebSite","@id":"https:\/\/apuntesdesanluis.com\/#website","url":"https:\/\/apuntesdesanluis.com\/","name":"Apuntes de San Luis","description":"","publisher":{"@id":"https:\/\/apuntesdesanluis.com\/#\/schema\/person\/b55151d52296fcce64d1a72538a70b90"},"potentialAction":[{"@type":"SearchAction","target":{"@type":"EntryPoint","urlTemplate":"https:\/\/apuntesdesanluis.com\/?s={search_term_string}"},"query-input":{"@type":"PropertyValueSpecification","valueRequired":true,"valueName":"search_term_string"}}],"inLanguage":"es-AR"},{"@type":["Person","Organization"],"@id":"https:\/\/apuntesdesanluis.com\/#\/schema\/person\/b55151d52296fcce64d1a72538a70b90","name":"apuntesdesanluis.com","image":{"@type":"ImageObject","inLanguage":"es-AR","@id":"https:\/\/apuntesdesanluis.com\/#\/schema\/person\/image\/","url":"https:\/\/apuntesdesanluis.com\/wp-content\/uploads\/2023\/07\/cropped-apuntesdesanluis.png","contentUrl":"https:\/\/apuntesdesanluis.com\/wp-content\/uploads\/2023\/07\/cropped-apuntesdesanluis.png","width":450,"height":112,"caption":"apuntesdesanluis.com"},"logo":{"@id":"https:\/\/apuntesdesanluis.com\/#\/schema\/person\/image\/"},"sameAs":["https:\/\/apuntesdesanluis.com"],"url":"https:\/\/apuntesdesanluis.com\/index.php\/author\/apuntesdesanluis-com\/"}]}},"featured_image_urls":{"full":["https:\/\/apuntesdesanluis.com\/wp-content\/uploads\/2023\/11\/torrontegui-y-mones-ruiz.png",633,343,false],"thumbnail":["https:\/\/apuntesdesanluis.com\/wp-content\/uploads\/2023\/11\/torrontegui-y-mones-ruiz-150x150.png",150,150,true],"medium":["https:\/\/apuntesdesanluis.com\/wp-content\/uploads\/2023\/11\/torrontegui-y-mones-ruiz-300x163.png",300,163,true],"medium_large":["https:\/\/apuntesdesanluis.com\/wp-content\/uploads\/2023\/11\/torrontegui-y-mones-ruiz.png",633,343,false],"large":["https:\/\/apuntesdesanluis.com\/wp-content\/uploads\/2023\/11\/torrontegui-y-mones-ruiz.png",633,343,false],"1536x1536":["https:\/\/apuntesdesanluis.com\/wp-content\/uploads\/2023\/11\/torrontegui-y-mones-ruiz.png",633,343,false],"2048x2048":["https:\/\/apuntesdesanluis.com\/wp-content\/uploads\/2023\/11\/torrontegui-y-mones-ruiz.png",633,343,false],"newsever-slider-full":["https:\/\/apuntesdesanluis.com\/wp-content\/uploads\/2023\/11\/torrontegui-y-mones-ruiz.png",633,343,false],"newsever-featured":["https:\/\/apuntesdesanluis.com\/wp-content\/uploads\/2023\/11\/torrontegui-y-mones-ruiz.png",633,343,false],"newsever-medium":["https:\/\/apuntesdesanluis.com\/wp-content\/uploads\/2023\/11\/torrontegui-y-mones-ruiz.png",633,343,false]},"author_info":{"display_name":"apuntesdesanluis.com","author_link":"https:\/\/apuntesdesanluis.com\/index.php\/author\/apuntesdesanluis-com\/"},"category_info":"<a href=\"https:\/\/apuntesdesanluis.com\/index.php\/category\/ciudad-provincia\/\" rel=\"category tag\">Ciudad\/Provincia<\/a>","tag_info":"Ciudad\/Provincia","comment_count":"0","_links":{"self":[{"href":"https:\/\/apuntesdesanluis.com\/index.php\/wp-json\/wp\/v2\/posts\/7570","targetHints":{"allow":["GET"]}}],"collection":[{"href":"https:\/\/apuntesdesanluis.com\/index.php\/wp-json\/wp\/v2\/posts"}],"about":[{"href":"https:\/\/apuntesdesanluis.com\/index.php\/wp-json\/wp\/v2\/types\/post"}],"author":[{"embeddable":true,"href":"https:\/\/apuntesdesanluis.com\/index.php\/wp-json\/wp\/v2\/users\/1"}],"replies":[{"embeddable":true,"href":"https:\/\/apuntesdesanluis.com\/index.php\/wp-json\/wp\/v2\/comments?post=7570"}],"version-history":[{"count":3,"href":"https:\/\/apuntesdesanluis.com\/index.php\/wp-json\/wp\/v2\/posts\/7570\/revisions"}],"predecessor-version":[{"id":7575,"href":"https:\/\/apuntesdesanluis.com\/index.php\/wp-json\/wp\/v2\/posts\/7570\/revisions\/7575"}],"wp:featuredmedia":[{"embeddable":true,"href":"https:\/\/apuntesdesanluis.com\/index.php\/wp-json\/wp\/v2\/media\/7571"}],"wp:attachment":[{"href":"https:\/\/apuntesdesanluis.com\/index.php\/wp-json\/wp\/v2\/media?parent=7570"}],"wp:term":[{"taxonomy":"category","embeddable":true,"href":"https:\/\/apuntesdesanluis.com\/index.php\/wp-json\/wp\/v2\/categories?post=7570"},{"taxonomy":"post_tag","embeddable":true,"href":"https:\/\/apuntesdesanluis.com\/index.php\/wp-json\/wp\/v2\/tags?post=7570"}],"curies":[{"name":"wp","href":"https:\/\/api.w.org\/{rel}","templated":true}]}}