{"id":7595,"date":"2023-11-29T20:21:48","date_gmt":"2023-11-29T23:21:48","guid":{"rendered":"https:\/\/apuntesdesanluis.com\/?p=7595"},"modified":"2023-11-29T20:27:32","modified_gmt":"2023-11-29T23:27:32","slug":"el-libro-la-radio-es-una-pasion-fue-presentado-en-sociedad","status":"publish","type":"post","link":"https:\/\/apuntesdesanluis.com\/index.php\/2023\/11\/29\/el-libro-la-radio-es-una-pasion-fue-presentado-en-sociedad\/","title":{"rendered":"EL LIBRO \u201cLA RADIO ES UNA PASI\u00d3N\u201d FUE PRESENTADO EN SOCIEDAD"},"content":{"rendered":"<h3>El autor <strong>Daniel Pi\u00f1eda<\/strong> expuso este martes, en el Antiguo Templo de Santo Domingo, el ejemplar editado por el sello editorial provincial, &#8220;La Radio es una Pasi\u00f3n&#8221;.<\/h3>\n<h3>\u201cSe trata de una investigaci\u00f3n que realic\u00e9 hace muchos a\u00f1os y que hoy gracias a San Luis Libro pude editar en versi\u00f3n papel. Recopil\u00e9 an\u00e9cdotas, experiencias y las radios pioneras de San Luis\u201d, cont\u00f3 el locutor puntano.<\/h3>\n<h3>\u201cSiempre trabaj\u00e9 en radio, tengo 55 a\u00f1os de profesi\u00f3n. Y bueno, me parec\u00eda que era la persona indicada porque hab\u00eda vivido los tiempos en que se hab\u00eda hecho radio cuando LV-13 era la \u00fanica de la ciudad. En esta publicaci\u00f3n cuento muchos datos, noticias de lo que pasaba en aquel tiempo en la radio, experiencias propias y de colegas que fueron volcadas en este libro\u201d, expres\u00f3 Pi\u00f1eda.<\/h3>\n<h3><img fetchpriority=\"high\" decoding=\"async\" class=\"wp-image-7597 aligncenter\" src=\"https:\/\/apuntesdesanluis.com\/wp-content\/uploads\/2023\/11\/daniel-pineda-300x196.png\" alt=\"\" width=\"692\" height=\"452\" srcset=\"https:\/\/apuntesdesanluis.com\/wp-content\/uploads\/2023\/11\/daniel-pineda-300x196.png 300w, https:\/\/apuntesdesanluis.com\/wp-content\/uploads\/2023\/11\/daniel-pineda.png 600w\" sizes=\"(max-width: 692px) 100vw, 692px\" \/><\/h3>\n<h3>En este contexto, record\u00f3 que la emisora pionera en San Luis fue\u00a0 LV-13 y unos a\u00f1os despu\u00e9s LV-15 de Villa Mercedes: \u201cEran las \u00fanicas radios que hab\u00eda en toda la provincia, no hab\u00eda m\u00e1s. Todo el mundo escuchaba la radio y nosotros hac\u00edamos honor a eso porque ten\u00edamos una programaci\u00f3n para todos los gustos\u201d.<\/h3>\n<h3>En el ejemplar tambi\u00e9n hay un cap\u00edtulo dedicado al radioteatro. \u201cLa gente lo segu\u00eda de una manera impresionante. Y despu\u00e9s iba al teatro y ve\u00eda la obra. Fue maravilloso\u201d, coment\u00f3.<\/h3>\n<h3>En esta obra, Pi\u00f1eda rememora que Argentina tuvo el privilegio de realizar la primera transmisi\u00f3n de radio con car\u00e1cter art\u00edstico de todo el mundo cuando en el a\u00f1o 1920 los llamados \u201cLocos de la Azotea\u201d transmitieron desde el Teatro Coliseo de Buenos Aires, en vivo, la \u00f3pera Parsifal de Richard Wagner.<\/h3>\n<h3>A partir de all\u00ed, comenzaron transmisiones con continuidad de una programaci\u00f3n que se diferenciaba de las que en ese tiempo se utilizaban para comunicaciones ocasionales entre radioaficionados, sobre todo en tiempos de guerra.<\/h3>\n<h3>El autor asegura que no pretendi\u00f3 escribir una pieza con alto valor literario, \u201cpero s\u00ed resaltar el contenido emocional de sus sentimientos y experiencias en la radio\u201d.<\/h3>\n<h3>En \u201cLa Radio es una Pasi\u00f3n\u201d, el reconocido locutor sanluise\u00f1o cuenta pormenorizadamente c\u00f3mo fue la evoluci\u00f3n de este \u201cinvento\u201d y c\u00f3mo cada ciudad del pa\u00eds logr\u00f3 instalar sus propias emisoras. Hasta que en 1942 naci\u00f3 LV13 Radio San Luis, que fue un medio protagonista y acompa\u00f1\u00f3 los principales hechos de la historia ciudadana. Otro cap\u00edtulo del libro es el referido al \u201cRadioteatro en San Luis\u201d que refleja c\u00f3mo se marc\u00f3 una \u00e9poca en este g\u00e9nero con personajes muy populares que luego eran conocidos en el teatro.<\/h3>\n<p><img decoding=\"async\" class=\"wp-image-7598 aligncenter\" src=\"https:\/\/apuntesdesanluis.com\/wp-content\/uploads\/2023\/11\/presentacion-libro-1-300x176.png\" alt=\"\" width=\"691\" height=\"405\" srcset=\"https:\/\/apuntesdesanluis.com\/wp-content\/uploads\/2023\/11\/presentacion-libro-1-300x176.png 300w, https:\/\/apuntesdesanluis.com\/wp-content\/uploads\/2023\/11\/presentacion-libro-1-768x449.png 768w, https:\/\/apuntesdesanluis.com\/wp-content\/uploads\/2023\/11\/presentacion-libro-1.png 776w\" sizes=\"(max-width: 691px) 100vw, 691px\" \/><\/p>\n<p>&nbsp;<\/p>\n<p>&nbsp;<\/p>\n<p>&nbsp;<\/p>\n<p>&nbsp;<\/p>\n","protected":false},"excerpt":{"rendered":"<p>El autor Daniel Pi\u00f1eda expuso este martes, en el Antiguo Templo de Santo Domingo, el&#8230;<\/p>\n","protected":false},"author":1,"featured_media":7596,"comment_status":"closed","ping_status":"closed","sticky":false,"template":"","format":"standard","meta":{"footnotes":""},"categories":[6],"tags":[],"class_list":["post-7595","post","type-post","status-publish","format-standard","has-post-thumbnail","hentry","category-ciudad-provincia"],"yoast_head":"<!-- This site is optimized with the Yoast SEO plugin v26.1.1 - https:\/\/yoast.com\/wordpress\/plugins\/seo\/ -->\n<title>EL LIBRO \u201cLA RADIO ES UNA PASI\u00d3N\u201d FUE PRESENTADO EN SOCIEDAD - Apuntes de San Luis<\/title>\n<meta name=\"robots\" content=\"index, follow, max-snippet:-1, max-image-preview:large, max-video-preview:-1\" \/>\n<link rel=\"canonical\" href=\"https:\/\/apuntesdesanluis.com\/index.php\/2023\/11\/29\/el-libro-la-radio-es-una-pasion-fue-presentado-en-sociedad\/\" \/>\n<meta property=\"og:locale\" content=\"es_ES\" \/>\n<meta property=\"og:type\" content=\"article\" \/>\n<meta property=\"og:title\" content=\"EL LIBRO \u201cLA RADIO ES UNA PASI\u00d3N\u201d FUE PRESENTADO EN SOCIEDAD - Apuntes de San Luis\" \/>\n<meta property=\"og:description\" content=\"El autor Daniel Pi\u00f1eda expuso este martes, en el Antiguo Templo de Santo Domingo, el...\" \/>\n<meta property=\"og:url\" content=\"https:\/\/apuntesdesanluis.com\/index.php\/2023\/11\/29\/el-libro-la-radio-es-una-pasion-fue-presentado-en-sociedad\/\" \/>\n<meta property=\"og:site_name\" content=\"Apuntes de San Luis\" \/>\n<meta property=\"article:published_time\" content=\"2023-11-29T23:21:48+00:00\" \/>\n<meta property=\"article:modified_time\" content=\"2023-11-29T23:27:32+00:00\" \/>\n<meta property=\"og:image\" content=\"https:\/\/apuntesdesanluis.com\/wp-content\/uploads\/2023\/11\/libro-2.png\" \/>\n\t<meta property=\"og:image:width\" content=\"600\" \/>\n\t<meta property=\"og:image:height\" content=\"337\" \/>\n\t<meta property=\"og:image:type\" content=\"image\/png\" \/>\n<meta name=\"author\" content=\"apuntesdesanluis.com\" \/>\n<meta name=\"twitter:card\" content=\"summary_large_image\" \/>\n<meta name=\"twitter:label1\" content=\"Escrito por\" \/>\n\t<meta name=\"twitter:data1\" content=\"apuntesdesanluis.com\" \/>\n\t<meta name=\"twitter:label2\" content=\"Tiempo de lectura\" \/>\n\t<meta name=\"twitter:data2\" content=\"3 minutos\" \/>\n<script type=\"application\/ld+json\" class=\"yoast-schema-graph\">{\"@context\":\"https:\/\/schema.org\",\"@graph\":[{\"@type\":\"Article\",\"@id\":\"https:\/\/apuntesdesanluis.com\/index.php\/2023\/11\/29\/el-libro-la-radio-es-una-pasion-fue-presentado-en-sociedad\/#article\",\"isPartOf\":{\"@id\":\"https:\/\/apuntesdesanluis.com\/index.php\/2023\/11\/29\/el-libro-la-radio-es-una-pasion-fue-presentado-en-sociedad\/\"},\"author\":{\"name\":\"apuntesdesanluis.com\",\"@id\":\"https:\/\/apuntesdesanluis.com\/#\/schema\/person\/b55151d52296fcce64d1a72538a70b90\"},\"headline\":\"EL LIBRO \u201cLA RADIO ES UNA PASI\u00d3N\u201d FUE PRESENTADO EN SOCIEDAD\",\"datePublished\":\"2023-11-29T23:21:48+00:00\",\"dateModified\":\"2023-11-29T23:27:32+00:00\",\"mainEntityOfPage\":{\"@id\":\"https:\/\/apuntesdesanluis.com\/index.php\/2023\/11\/29\/el-libro-la-radio-es-una-pasion-fue-presentado-en-sociedad\/\"},\"wordCount\":466,\"publisher\":{\"@id\":\"https:\/\/apuntesdesanluis.com\/#\/schema\/person\/b55151d52296fcce64d1a72538a70b90\"},\"image\":{\"@id\":\"https:\/\/apuntesdesanluis.com\/index.php\/2023\/11\/29\/el-libro-la-radio-es-una-pasion-fue-presentado-en-sociedad\/#primaryimage\"},\"thumbnailUrl\":\"https:\/\/apuntesdesanluis.com\/wp-content\/uploads\/2023\/11\/libro-2.png\",\"articleSection\":[\"Ciudad\/Provincia\"],\"inLanguage\":\"es-AR\"},{\"@type\":\"WebPage\",\"@id\":\"https:\/\/apuntesdesanluis.com\/index.php\/2023\/11\/29\/el-libro-la-radio-es-una-pasion-fue-presentado-en-sociedad\/\",\"url\":\"https:\/\/apuntesdesanluis.com\/index.php\/2023\/11\/29\/el-libro-la-radio-es-una-pasion-fue-presentado-en-sociedad\/\",\"name\":\"EL LIBRO \u201cLA RADIO ES UNA PASI\u00d3N\u201d FUE PRESENTADO EN SOCIEDAD - Apuntes de San Luis\",\"isPartOf\":{\"@id\":\"https:\/\/apuntesdesanluis.com\/#website\"},\"primaryImageOfPage\":{\"@id\":\"https:\/\/apuntesdesanluis.com\/index.php\/2023\/11\/29\/el-libro-la-radio-es-una-pasion-fue-presentado-en-sociedad\/#primaryimage\"},\"image\":{\"@id\":\"https:\/\/apuntesdesanluis.com\/index.php\/2023\/11\/29\/el-libro-la-radio-es-una-pasion-fue-presentado-en-sociedad\/#primaryimage\"},\"thumbnailUrl\":\"https:\/\/apuntesdesanluis.com\/wp-content\/uploads\/2023\/11\/libro-2.png\",\"datePublished\":\"2023-11-29T23:21:48+00:00\",\"dateModified\":\"2023-11-29T23:27:32+00:00\",\"breadcrumb\":{\"@id\":\"https:\/\/apuntesdesanluis.com\/index.php\/2023\/11\/29\/el-libro-la-radio-es-una-pasion-fue-presentado-en-sociedad\/#breadcrumb\"},\"inLanguage\":\"es-AR\",\"potentialAction\":[{\"@type\":\"ReadAction\",\"target\":[\"https:\/\/apuntesdesanluis.com\/index.php\/2023\/11\/29\/el-libro-la-radio-es-una-pasion-fue-presentado-en-sociedad\/\"]}]},{\"@type\":\"ImageObject\",\"inLanguage\":\"es-AR\",\"@id\":\"https:\/\/apuntesdesanluis.com\/index.php\/2023\/11\/29\/el-libro-la-radio-es-una-pasion-fue-presentado-en-sociedad\/#primaryimage\",\"url\":\"https:\/\/apuntesdesanluis.com\/wp-content\/uploads\/2023\/11\/libro-2.png\",\"contentUrl\":\"https:\/\/apuntesdesanluis.com\/wp-content\/uploads\/2023\/11\/libro-2.png\",\"width\":600,\"height\":337},{\"@type\":\"BreadcrumbList\",\"@id\":\"https:\/\/apuntesdesanluis.com\/index.php\/2023\/11\/29\/el-libro-la-radio-es-una-pasion-fue-presentado-en-sociedad\/#breadcrumb\",\"itemListElement\":[{\"@type\":\"ListItem\",\"position\":1,\"name\":\"Inicio\",\"item\":\"https:\/\/apuntesdesanluis.com\/\"},{\"@type\":\"ListItem\",\"position\":2,\"name\":\"EL LIBRO \u201cLA RADIO ES UNA PASI\u00d3N\u201d FUE PRESENTADO EN SOCIEDAD\"}]},{\"@type\":\"WebSite\",\"@id\":\"https:\/\/apuntesdesanluis.com\/#website\",\"url\":\"https:\/\/apuntesdesanluis.com\/\",\"name\":\"Apuntes de San Luis\",\"description\":\"\",\"publisher\":{\"@id\":\"https:\/\/apuntesdesanluis.com\/#\/schema\/person\/b55151d52296fcce64d1a72538a70b90\"},\"potentialAction\":[{\"@type\":\"SearchAction\",\"target\":{\"@type\":\"EntryPoint\",\"urlTemplate\":\"https:\/\/apuntesdesanluis.com\/?s={search_term_string}\"},\"query-input\":{\"@type\":\"PropertyValueSpecification\",\"valueRequired\":true,\"valueName\":\"search_term_string\"}}],\"inLanguage\":\"es-AR\"},{\"@type\":[\"Person\",\"Organization\"],\"@id\":\"https:\/\/apuntesdesanluis.com\/#\/schema\/person\/b55151d52296fcce64d1a72538a70b90\",\"name\":\"apuntesdesanluis.com\",\"image\":{\"@type\":\"ImageObject\",\"inLanguage\":\"es-AR\",\"@id\":\"https:\/\/apuntesdesanluis.com\/#\/schema\/person\/image\/\",\"url\":\"https:\/\/apuntesdesanluis.com\/wp-content\/uploads\/2023\/07\/cropped-apuntesdesanluis.png\",\"contentUrl\":\"https:\/\/apuntesdesanluis.com\/wp-content\/uploads\/2023\/07\/cropped-apuntesdesanluis.png\",\"width\":450,\"height\":112,\"caption\":\"apuntesdesanluis.com\"},\"logo\":{\"@id\":\"https:\/\/apuntesdesanluis.com\/#\/schema\/person\/image\/\"},\"sameAs\":[\"https:\/\/apuntesdesanluis.com\"],\"url\":\"https:\/\/apuntesdesanluis.com\/index.php\/author\/apuntesdesanluis-com\/\"}]}<\/script>\n<!-- \/ Yoast SEO plugin. -->","yoast_head_json":{"title":"EL LIBRO \u201cLA RADIO ES UNA PASI\u00d3N\u201d FUE PRESENTADO EN SOCIEDAD - Apuntes de San Luis","robots":{"index":"index","follow":"follow","max-snippet":"max-snippet:-1","max-image-preview":"max-image-preview:large","max-video-preview":"max-video-preview:-1"},"canonical":"https:\/\/apuntesdesanluis.com\/index.php\/2023\/11\/29\/el-libro-la-radio-es-una-pasion-fue-presentado-en-sociedad\/","og_locale":"es_ES","og_type":"article","og_title":"EL LIBRO \u201cLA RADIO ES UNA PASI\u00d3N\u201d FUE PRESENTADO EN SOCIEDAD - Apuntes de San Luis","og_description":"El autor Daniel Pi\u00f1eda expuso este martes, en el Antiguo Templo de Santo Domingo, el...","og_url":"https:\/\/apuntesdesanluis.com\/index.php\/2023\/11\/29\/el-libro-la-radio-es-una-pasion-fue-presentado-en-sociedad\/","og_site_name":"Apuntes de San Luis","article_published_time":"2023-11-29T23:21:48+00:00","article_modified_time":"2023-11-29T23:27:32+00:00","og_image":[{"width":600,"height":337,"url":"https:\/\/apuntesdesanluis.com\/wp-content\/uploads\/2023\/11\/libro-2.png","type":"image\/png"}],"author":"apuntesdesanluis.com","twitter_card":"summary_large_image","twitter_misc":{"Escrito por":"apuntesdesanluis.com","Tiempo de lectura":"3 minutos"},"schema":{"@context":"https:\/\/schema.org","@graph":[{"@type":"Article","@id":"https:\/\/apuntesdesanluis.com\/index.php\/2023\/11\/29\/el-libro-la-radio-es-una-pasion-fue-presentado-en-sociedad\/#article","isPartOf":{"@id":"https:\/\/apuntesdesanluis.com\/index.php\/2023\/11\/29\/el-libro-la-radio-es-una-pasion-fue-presentado-en-sociedad\/"},"author":{"name":"apuntesdesanluis.com","@id":"https:\/\/apuntesdesanluis.com\/#\/schema\/person\/b55151d52296fcce64d1a72538a70b90"},"headline":"EL LIBRO \u201cLA RADIO ES UNA PASI\u00d3N\u201d FUE PRESENTADO EN SOCIEDAD","datePublished":"2023-11-29T23:21:48+00:00","dateModified":"2023-11-29T23:27:32+00:00","mainEntityOfPage":{"@id":"https:\/\/apuntesdesanluis.com\/index.php\/2023\/11\/29\/el-libro-la-radio-es-una-pasion-fue-presentado-en-sociedad\/"},"wordCount":466,"publisher":{"@id":"https:\/\/apuntesdesanluis.com\/#\/schema\/person\/b55151d52296fcce64d1a72538a70b90"},"image":{"@id":"https:\/\/apuntesdesanluis.com\/index.php\/2023\/11\/29\/el-libro-la-radio-es-una-pasion-fue-presentado-en-sociedad\/#primaryimage"},"thumbnailUrl":"https:\/\/apuntesdesanluis.com\/wp-content\/uploads\/2023\/11\/libro-2.png","articleSection":["Ciudad\/Provincia"],"inLanguage":"es-AR"},{"@type":"WebPage","@id":"https:\/\/apuntesdesanluis.com\/index.php\/2023\/11\/29\/el-libro-la-radio-es-una-pasion-fue-presentado-en-sociedad\/","url":"https:\/\/apuntesdesanluis.com\/index.php\/2023\/11\/29\/el-libro-la-radio-es-una-pasion-fue-presentado-en-sociedad\/","name":"EL LIBRO \u201cLA RADIO ES UNA PASI\u00d3N\u201d FUE PRESENTADO EN SOCIEDAD - Apuntes de San Luis","isPartOf":{"@id":"https:\/\/apuntesdesanluis.com\/#website"},"primaryImageOfPage":{"@id":"https:\/\/apuntesdesanluis.com\/index.php\/2023\/11\/29\/el-libro-la-radio-es-una-pasion-fue-presentado-en-sociedad\/#primaryimage"},"image":{"@id":"https:\/\/apuntesdesanluis.com\/index.php\/2023\/11\/29\/el-libro-la-radio-es-una-pasion-fue-presentado-en-sociedad\/#primaryimage"},"thumbnailUrl":"https:\/\/apuntesdesanluis.com\/wp-content\/uploads\/2023\/11\/libro-2.png","datePublished":"2023-11-29T23:21:48+00:00","dateModified":"2023-11-29T23:27:32+00:00","breadcrumb":{"@id":"https:\/\/apuntesdesanluis.com\/index.php\/2023\/11\/29\/el-libro-la-radio-es-una-pasion-fue-presentado-en-sociedad\/#breadcrumb"},"inLanguage":"es-AR","potentialAction":[{"@type":"ReadAction","target":["https:\/\/apuntesdesanluis.com\/index.php\/2023\/11\/29\/el-libro-la-radio-es-una-pasion-fue-presentado-en-sociedad\/"]}]},{"@type":"ImageObject","inLanguage":"es-AR","@id":"https:\/\/apuntesdesanluis.com\/index.php\/2023\/11\/29\/el-libro-la-radio-es-una-pasion-fue-presentado-en-sociedad\/#primaryimage","url":"https:\/\/apuntesdesanluis.com\/wp-content\/uploads\/2023\/11\/libro-2.png","contentUrl":"https:\/\/apuntesdesanluis.com\/wp-content\/uploads\/2023\/11\/libro-2.png","width":600,"height":337},{"@type":"BreadcrumbList","@id":"https:\/\/apuntesdesanluis.com\/index.php\/2023\/11\/29\/el-libro-la-radio-es-una-pasion-fue-presentado-en-sociedad\/#breadcrumb","itemListElement":[{"@type":"ListItem","position":1,"name":"Inicio","item":"https:\/\/apuntesdesanluis.com\/"},{"@type":"ListItem","position":2,"name":"EL LIBRO \u201cLA RADIO ES UNA PASI\u00d3N\u201d FUE PRESENTADO EN SOCIEDAD"}]},{"@type":"WebSite","@id":"https:\/\/apuntesdesanluis.com\/#website","url":"https:\/\/apuntesdesanluis.com\/","name":"Apuntes de San Luis","description":"","publisher":{"@id":"https:\/\/apuntesdesanluis.com\/#\/schema\/person\/b55151d52296fcce64d1a72538a70b90"},"potentialAction":[{"@type":"SearchAction","target":{"@type":"EntryPoint","urlTemplate":"https:\/\/apuntesdesanluis.com\/?s={search_term_string}"},"query-input":{"@type":"PropertyValueSpecification","valueRequired":true,"valueName":"search_term_string"}}],"inLanguage":"es-AR"},{"@type":["Person","Organization"],"@id":"https:\/\/apuntesdesanluis.com\/#\/schema\/person\/b55151d52296fcce64d1a72538a70b90","name":"apuntesdesanluis.com","image":{"@type":"ImageObject","inLanguage":"es-AR","@id":"https:\/\/apuntesdesanluis.com\/#\/schema\/person\/image\/","url":"https:\/\/apuntesdesanluis.com\/wp-content\/uploads\/2023\/07\/cropped-apuntesdesanluis.png","contentUrl":"https:\/\/apuntesdesanluis.com\/wp-content\/uploads\/2023\/07\/cropped-apuntesdesanluis.png","width":450,"height":112,"caption":"apuntesdesanluis.com"},"logo":{"@id":"https:\/\/apuntesdesanluis.com\/#\/schema\/person\/image\/"},"sameAs":["https:\/\/apuntesdesanluis.com"],"url":"https:\/\/apuntesdesanluis.com\/index.php\/author\/apuntesdesanluis-com\/"}]}},"featured_image_urls":{"full":["https:\/\/apuntesdesanluis.com\/wp-content\/uploads\/2023\/11\/libro-2.png",600,337,false],"thumbnail":["https:\/\/apuntesdesanluis.com\/wp-content\/uploads\/2023\/11\/libro-2-150x150.png",150,150,true],"medium":["https:\/\/apuntesdesanluis.com\/wp-content\/uploads\/2023\/11\/libro-2-300x169.png",300,169,true],"medium_large":["https:\/\/apuntesdesanluis.com\/wp-content\/uploads\/2023\/11\/libro-2.png",600,337,false],"large":["https:\/\/apuntesdesanluis.com\/wp-content\/uploads\/2023\/11\/libro-2.png",600,337,false],"1536x1536":["https:\/\/apuntesdesanluis.com\/wp-content\/uploads\/2023\/11\/libro-2.png",600,337,false],"2048x2048":["https:\/\/apuntesdesanluis.com\/wp-content\/uploads\/2023\/11\/libro-2.png",600,337,false],"newsever-slider-full":["https:\/\/apuntesdesanluis.com\/wp-content\/uploads\/2023\/11\/libro-2.png",600,337,false],"newsever-featured":["https:\/\/apuntesdesanluis.com\/wp-content\/uploads\/2023\/11\/libro-2.png",600,337,false],"newsever-medium":["https:\/\/apuntesdesanluis.com\/wp-content\/uploads\/2023\/11\/libro-2.png",600,337,false]},"author_info":{"display_name":"apuntesdesanluis.com","author_link":"https:\/\/apuntesdesanluis.com\/index.php\/author\/apuntesdesanluis-com\/"},"category_info":"<a href=\"https:\/\/apuntesdesanluis.com\/index.php\/category\/ciudad-provincia\/\" rel=\"category tag\">Ciudad\/Provincia<\/a>","tag_info":"Ciudad\/Provincia","comment_count":"0","_links":{"self":[{"href":"https:\/\/apuntesdesanluis.com\/index.php\/wp-json\/wp\/v2\/posts\/7595","targetHints":{"allow":["GET"]}}],"collection":[{"href":"https:\/\/apuntesdesanluis.com\/index.php\/wp-json\/wp\/v2\/posts"}],"about":[{"href":"https:\/\/apuntesdesanluis.com\/index.php\/wp-json\/wp\/v2\/types\/post"}],"author":[{"embeddable":true,"href":"https:\/\/apuntesdesanluis.com\/index.php\/wp-json\/wp\/v2\/users\/1"}],"replies":[{"embeddable":true,"href":"https:\/\/apuntesdesanluis.com\/index.php\/wp-json\/wp\/v2\/comments?post=7595"}],"version-history":[{"count":2,"href":"https:\/\/apuntesdesanluis.com\/index.php\/wp-json\/wp\/v2\/posts\/7595\/revisions"}],"predecessor-version":[{"id":7600,"href":"https:\/\/apuntesdesanluis.com\/index.php\/wp-json\/wp\/v2\/posts\/7595\/revisions\/7600"}],"wp:featuredmedia":[{"embeddable":true,"href":"https:\/\/apuntesdesanluis.com\/index.php\/wp-json\/wp\/v2\/media\/7596"}],"wp:attachment":[{"href":"https:\/\/apuntesdesanluis.com\/index.php\/wp-json\/wp\/v2\/media?parent=7595"}],"wp:term":[{"taxonomy":"category","embeddable":true,"href":"https:\/\/apuntesdesanluis.com\/index.php\/wp-json\/wp\/v2\/categories?post=7595"},{"taxonomy":"post_tag","embeddable":true,"href":"https:\/\/apuntesdesanluis.com\/index.php\/wp-json\/wp\/v2\/tags?post=7595"}],"curies":[{"name":"wp","href":"https:\/\/api.w.org\/{rel}","templated":true}]}}