{"id":7601,"date":"2023-11-29T20:34:14","date_gmt":"2023-11-29T23:34:14","guid":{"rendered":"https:\/\/apuntesdesanluis.com\/?p=7601"},"modified":"2023-11-29T20:34:14","modified_gmt":"2023-11-29T23:34:14","slug":"villa-mercedes-un-detenido-por-robo-calificado-por-efraccion","status":"publish","type":"post","link":"https:\/\/apuntesdesanluis.com\/index.php\/2023\/11\/29\/villa-mercedes-un-detenido-por-robo-calificado-por-efraccion\/","title":{"rendered":"VILLA MERCEDES: UN DETENIDO POR ROBO CALIFICADO POR EFRACCI\u00d3N"},"content":{"rendered":"<h3>El Ministerio P\u00fablico Fiscal recab\u00f3 evidencias que lo vinculan con un hecho ocurrido el pasado 21 de noviembre, en un departamento ubicado en un complejo en la calle 9 de Julio, en Villa Mercedes.<\/h3>\n<h3>El Dr. Maximiliano Bazla Cassina, Fiscal de Instrucci\u00f3n N\u00ba 1, pidi\u00f3 se formulen cargos contra un hombre a quien considera responsable del delito de robo calificado por efracci\u00f3n. Enumer\u00f3 las evidencias recopiladas y detall\u00f3 el hecho investigado.<\/h3>\n<h3>La audiencia de formulaci\u00f3n de cargos se desarroll\u00f3 en el Juzgado de Garant\u00edas N\u00ba 3 de la Segunda Circunscripci\u00f3n Judicial, a cargo de la Dra. Mirta Ucelay de Garciarena. Intervino como secretaria la Dra. Natalia Pereyra Cardini.\u00a0 En representaci\u00f3n del Ministerio P\u00fablico Fiscal estuvo presente el Dr. Maximiliano Bazla Cassina y en representaci\u00f3n del imputado intervinieron las Dras. Cecilia Mithiaux y Noelia P\u00e1ez, Defensora Oficial Penal\u00a0 N\u00ba 3 y Defensora Adjunta.<\/h3>\n<h3>En primer lugar, el Dr. Bazla Cassina explic\u00f3 que investigan al imputado por considerarlo autor del delito de robo calificado por efracci\u00f3n, por un hecho que se produjo el 21 de noviembre aproximadamente a las 17:15 en un domicilio de la calle 9 de Julio, en Villa Mercedes donde existe un complejo de departamentos.<\/h3>\n<h3>All\u00ed, el imputado ingres\u00f3, subi\u00f3 una escalera y tras violentar la puerta de un departamento se apoder\u00f3 de varios elementos, explic\u00f3 el fiscal. Con esos elementos, el imputado sali\u00f3 del inmueble, se subi\u00f3 a una motocicleta y huy\u00f3. El fiscal explic\u00f3 que el imputado fractur\u00f3 la puerta de ingreso del departamento y detall\u00f3 que la puerta ten\u00eda las medidas de seguridad correspondientes.<\/h3>\n<h3>El Dr. Bazla explic\u00f3 que al lugar fue llevado por un c\u00f3mplice\u00a0 \u2013 que a\u00fan no fue identificado \u2013 en una motocicleta y que el complejo de departamentos posee c\u00e1mara de seguridad donde se pudo identificar al imputado al momento de salir. \u201cSe puede ver con precisi\u00f3n que es \u00e9l\u201d, dijo.<\/h3>\n<h3>Finalmente, detall\u00f3 que al momento de ser detenido ten\u00eda en su mano un reloj que hab\u00eda robado de ese domicilio. Cabe mencionar que el imputado fue demorado en marco de otra causa.<\/h3>\n<h3>Por su parte, la Dra. Cecilia Mithiaux pidi\u00f3 una pr\u00f3rroga de detenci\u00f3n por el plazo de 8 d\u00edas y solicit\u00f3 se de atenci\u00f3n m\u00e9dica al imputado en relaci\u00f3n a una lastimadura en un dedo de la mano.<\/h3>\n<h3>Luego de escuchar a las partes, la Dra. Ucelay formul\u00f3 cargos provisorios por el delito de robo calificado por efracci\u00f3n, concedi\u00f3 la pr\u00f3rroga de detenci\u00f3n por el plazo de ocho d\u00edas y fij\u00f3 una nueva audiencia para el pr\u00f3ximo 7 de diciembre. Asimismo, orden\u00f3 que se le d\u00e9 inmediata atenci\u00f3n m\u00e9dica al imputado con respecto a la lesi\u00f3n existente.<\/h3>\n<h3><strong>PRISI\u00d3N PREVENTIVA<\/strong><\/h3>\n<h3>A su vez, en el mismo juzgado se desarroll\u00f3 otra audiencia con el mismo imputado en marco de una causa por robo simple, donde se lo investiga por la sustracci\u00f3n de dos bicicletas.<\/h3>\n<h3>En esta oportunidad, la Dra. Ucelay ratific\u00f3 los cargos formulados por el delito de robo simple. Cabe mencionar que, la audiencia de formulaci\u00f3n por este hecho se desarroll\u00f3 el domingo 26 de noviembre.<\/h3>\n<h3>En esta causa estuvieron presentes en representaci\u00f3n del Ministerio P\u00fablico Fiscal, la Dra. Daniela Torres y el Dr. Gast\u00f3n Yllera. En representaci\u00f3n del imputado intervinieron las Dras. Cecilia Mithiaux y Noelia P\u00e1ez, Defensora Oficial Penal\u00a0 N\u00ba 3 y Defensora Adjunta.<\/h3>\n<h3>La Dra. Torres explic\u00f3 que a trav\u00e9s de vistas fotogr\u00e1ficas lograron identificar al imputado en el lugar del hecho y detall\u00f3 que el hombre tiene cinco causas en tr\u00e1mite. \u201cLa conducta del imputado no ha sido acorde a los procesos judiciales\u201d, dijo.<\/h3>\n<h3>La fiscal detall\u00f3 que el imputado no tiene arraigo en la ciudad y explic\u00f3 que existe riesgo de fuga y de entorpecimiento del proceso judicial, sobre todo teniendo en cuenta la cantidad de expedientes que se encuentran en etapa de investigaci\u00f3n. Solicit\u00f3 como medida de coerci\u00f3n la prisi\u00f3n preventiva por el plazo de cuatro meses.<\/h3>\n<h3>Por su parte, la defensa asegur\u00f3 que al imputado le asiste el derecho de transitar el proceso en libertad y explic\u00f3 que en una de las causas mencionadas el imputado fue sobrese\u00eddo. Asegur\u00f3 que el hombre constituy\u00f3 domicilio en la ciudad.<\/h3>\n<h3>Luego de escuchar a las partes, la Dra. Ucelay orden\u00f3 que el imputado deber\u00e1 cumplir cuatro meses de prisi\u00f3n preventiva en el Servicio Penitenciario Provincial y aclar\u00f3, que atento la pr\u00f3rroga de detenci\u00f3n vigente en la causa que lleva el Fiscal de Instrucci\u00f3n N\u00ba 1, el imputado cumplir\u00e1 la prisi\u00f3n preventiva en una dependencia policial de Villa Mercedes hasta el pr\u00f3ximo 7 de diciembre. Vencido ese plazo, ser\u00e1 trasladado a la penitenciar\u00eda. A la hora de resolver, consider\u00f3 que el imputado podr\u00eda entorpecer la investigaci\u00f3n y mencion\u00f3 que existir\u00eda peligro procesal.<\/h3>\n<h3><\/h3>\n<p>&nbsp;<\/p>\n<p>&nbsp;<\/p>\n<p>&nbsp;<\/p>\n<p>&nbsp;<\/p>\n","protected":false},"excerpt":{"rendered":"<p>El Ministerio P\u00fablico Fiscal recab\u00f3 evidencias que lo vinculan con un hecho ocurrido el pasado&#8230;<\/p>\n","protected":false},"author":1,"featured_media":7602,"comment_status":"closed","ping_status":"closed","sticky":false,"template":"","format":"standard","meta":{"footnotes":""},"categories":[6],"tags":[],"class_list":["post-7601","post","type-post","status-publish","format-standard","has-post-thumbnail","hentry","category-ciudad-provincia"],"yoast_head":"<!-- This site is optimized with the Yoast SEO plugin v26.1.1 - https:\/\/yoast.com\/wordpress\/plugins\/seo\/ -->\n<title>VILLA MERCEDES: UN DETENIDO POR ROBO CALIFICADO POR EFRACCI\u00d3N - Apuntes de San Luis<\/title>\n<meta name=\"robots\" content=\"index, follow, max-snippet:-1, max-image-preview:large, max-video-preview:-1\" \/>\n<link rel=\"canonical\" href=\"https:\/\/apuntesdesanluis.com\/index.php\/2023\/11\/29\/villa-mercedes-un-detenido-por-robo-calificado-por-efraccion\/\" \/>\n<meta property=\"og:locale\" content=\"es_ES\" \/>\n<meta property=\"og:type\" content=\"article\" \/>\n<meta property=\"og:title\" content=\"VILLA MERCEDES: UN DETENIDO POR ROBO CALIFICADO POR EFRACCI\u00d3N - Apuntes de San Luis\" \/>\n<meta property=\"og:description\" content=\"El Ministerio P\u00fablico Fiscal recab\u00f3 evidencias que lo vinculan con un hecho ocurrido el pasado...\" \/>\n<meta property=\"og:url\" content=\"https:\/\/apuntesdesanluis.com\/index.php\/2023\/11\/29\/villa-mercedes-un-detenido-por-robo-calificado-por-efraccion\/\" \/>\n<meta property=\"og:site_name\" content=\"Apuntes de San Luis\" \/>\n<meta property=\"article:published_time\" content=\"2023-11-29T23:34:14+00:00\" \/>\n<meta property=\"og:image\" content=\"https:\/\/apuntesdesanluis.com\/wp-content\/uploads\/2023\/11\/audiencia-8.png\" \/>\n\t<meta property=\"og:image:width\" content=\"600\" \/>\n\t<meta property=\"og:image:height\" content=\"343\" \/>\n\t<meta property=\"og:image:type\" content=\"image\/png\" \/>\n<meta name=\"author\" content=\"apuntesdesanluis.com\" \/>\n<meta name=\"twitter:card\" content=\"summary_large_image\" \/>\n<meta name=\"twitter:label1\" content=\"Escrito por\" \/>\n\t<meta name=\"twitter:data1\" content=\"apuntesdesanluis.com\" \/>\n\t<meta name=\"twitter:label2\" content=\"Tiempo de lectura\" \/>\n\t<meta name=\"twitter:data2\" content=\"4 minutos\" \/>\n<script type=\"application\/ld+json\" class=\"yoast-schema-graph\">{\"@context\":\"https:\/\/schema.org\",\"@graph\":[{\"@type\":\"Article\",\"@id\":\"https:\/\/apuntesdesanluis.com\/index.php\/2023\/11\/29\/villa-mercedes-un-detenido-por-robo-calificado-por-efraccion\/#article\",\"isPartOf\":{\"@id\":\"https:\/\/apuntesdesanluis.com\/index.php\/2023\/11\/29\/villa-mercedes-un-detenido-por-robo-calificado-por-efraccion\/\"},\"author\":{\"name\":\"apuntesdesanluis.com\",\"@id\":\"https:\/\/apuntesdesanluis.com\/#\/schema\/person\/b55151d52296fcce64d1a72538a70b90\"},\"headline\":\"VILLA MERCEDES: UN DETENIDO POR ROBO CALIFICADO POR EFRACCI\u00d3N\",\"datePublished\":\"2023-11-29T23:34:14+00:00\",\"mainEntityOfPage\":{\"@id\":\"https:\/\/apuntesdesanluis.com\/index.php\/2023\/11\/29\/villa-mercedes-un-detenido-por-robo-calificado-por-efraccion\/\"},\"wordCount\":829,\"publisher\":{\"@id\":\"https:\/\/apuntesdesanluis.com\/#\/schema\/person\/b55151d52296fcce64d1a72538a70b90\"},\"image\":{\"@id\":\"https:\/\/apuntesdesanluis.com\/index.php\/2023\/11\/29\/villa-mercedes-un-detenido-por-robo-calificado-por-efraccion\/#primaryimage\"},\"thumbnailUrl\":\"https:\/\/apuntesdesanluis.com\/wp-content\/uploads\/2023\/11\/audiencia-8.png\",\"articleSection\":[\"Ciudad\/Provincia\"],\"inLanguage\":\"es-AR\"},{\"@type\":\"WebPage\",\"@id\":\"https:\/\/apuntesdesanluis.com\/index.php\/2023\/11\/29\/villa-mercedes-un-detenido-por-robo-calificado-por-efraccion\/\",\"url\":\"https:\/\/apuntesdesanluis.com\/index.php\/2023\/11\/29\/villa-mercedes-un-detenido-por-robo-calificado-por-efraccion\/\",\"name\":\"VILLA MERCEDES: UN DETENIDO POR ROBO CALIFICADO POR EFRACCI\u00d3N - Apuntes de San Luis\",\"isPartOf\":{\"@id\":\"https:\/\/apuntesdesanluis.com\/#website\"},\"primaryImageOfPage\":{\"@id\":\"https:\/\/apuntesdesanluis.com\/index.php\/2023\/11\/29\/villa-mercedes-un-detenido-por-robo-calificado-por-efraccion\/#primaryimage\"},\"image\":{\"@id\":\"https:\/\/apuntesdesanluis.com\/index.php\/2023\/11\/29\/villa-mercedes-un-detenido-por-robo-calificado-por-efraccion\/#primaryimage\"},\"thumbnailUrl\":\"https:\/\/apuntesdesanluis.com\/wp-content\/uploads\/2023\/11\/audiencia-8.png\",\"datePublished\":\"2023-11-29T23:34:14+00:00\",\"breadcrumb\":{\"@id\":\"https:\/\/apuntesdesanluis.com\/index.php\/2023\/11\/29\/villa-mercedes-un-detenido-por-robo-calificado-por-efraccion\/#breadcrumb\"},\"inLanguage\":\"es-AR\",\"potentialAction\":[{\"@type\":\"ReadAction\",\"target\":[\"https:\/\/apuntesdesanluis.com\/index.php\/2023\/11\/29\/villa-mercedes-un-detenido-por-robo-calificado-por-efraccion\/\"]}]},{\"@type\":\"ImageObject\",\"inLanguage\":\"es-AR\",\"@id\":\"https:\/\/apuntesdesanluis.com\/index.php\/2023\/11\/29\/villa-mercedes-un-detenido-por-robo-calificado-por-efraccion\/#primaryimage\",\"url\":\"https:\/\/apuntesdesanluis.com\/wp-content\/uploads\/2023\/11\/audiencia-8.png\",\"contentUrl\":\"https:\/\/apuntesdesanluis.com\/wp-content\/uploads\/2023\/11\/audiencia-8.png\",\"width\":600,\"height\":343},{\"@type\":\"BreadcrumbList\",\"@id\":\"https:\/\/apuntesdesanluis.com\/index.php\/2023\/11\/29\/villa-mercedes-un-detenido-por-robo-calificado-por-efraccion\/#breadcrumb\",\"itemListElement\":[{\"@type\":\"ListItem\",\"position\":1,\"name\":\"Inicio\",\"item\":\"https:\/\/apuntesdesanluis.com\/\"},{\"@type\":\"ListItem\",\"position\":2,\"name\":\"VILLA MERCEDES: UN DETENIDO POR ROBO CALIFICADO POR EFRACCI\u00d3N\"}]},{\"@type\":\"WebSite\",\"@id\":\"https:\/\/apuntesdesanluis.com\/#website\",\"url\":\"https:\/\/apuntesdesanluis.com\/\",\"name\":\"Apuntes de San Luis\",\"description\":\"\",\"publisher\":{\"@id\":\"https:\/\/apuntesdesanluis.com\/#\/schema\/person\/b55151d52296fcce64d1a72538a70b90\"},\"potentialAction\":[{\"@type\":\"SearchAction\",\"target\":{\"@type\":\"EntryPoint\",\"urlTemplate\":\"https:\/\/apuntesdesanluis.com\/?s={search_term_string}\"},\"query-input\":{\"@type\":\"PropertyValueSpecification\",\"valueRequired\":true,\"valueName\":\"search_term_string\"}}],\"inLanguage\":\"es-AR\"},{\"@type\":[\"Person\",\"Organization\"],\"@id\":\"https:\/\/apuntesdesanluis.com\/#\/schema\/person\/b55151d52296fcce64d1a72538a70b90\",\"name\":\"apuntesdesanluis.com\",\"image\":{\"@type\":\"ImageObject\",\"inLanguage\":\"es-AR\",\"@id\":\"https:\/\/apuntesdesanluis.com\/#\/schema\/person\/image\/\",\"url\":\"https:\/\/apuntesdesanluis.com\/wp-content\/uploads\/2023\/07\/cropped-apuntesdesanluis.png\",\"contentUrl\":\"https:\/\/apuntesdesanluis.com\/wp-content\/uploads\/2023\/07\/cropped-apuntesdesanluis.png\",\"width\":450,\"height\":112,\"caption\":\"apuntesdesanluis.com\"},\"logo\":{\"@id\":\"https:\/\/apuntesdesanluis.com\/#\/schema\/person\/image\/\"},\"sameAs\":[\"https:\/\/apuntesdesanluis.com\"],\"url\":\"https:\/\/apuntesdesanluis.com\/index.php\/author\/apuntesdesanluis-com\/\"}]}<\/script>\n<!-- \/ Yoast SEO plugin. -->","yoast_head_json":{"title":"VILLA MERCEDES: UN DETENIDO POR ROBO CALIFICADO POR EFRACCI\u00d3N - Apuntes de San Luis","robots":{"index":"index","follow":"follow","max-snippet":"max-snippet:-1","max-image-preview":"max-image-preview:large","max-video-preview":"max-video-preview:-1"},"canonical":"https:\/\/apuntesdesanluis.com\/index.php\/2023\/11\/29\/villa-mercedes-un-detenido-por-robo-calificado-por-efraccion\/","og_locale":"es_ES","og_type":"article","og_title":"VILLA MERCEDES: UN DETENIDO POR ROBO CALIFICADO POR EFRACCI\u00d3N - Apuntes de San Luis","og_description":"El Ministerio P\u00fablico Fiscal recab\u00f3 evidencias que lo vinculan con un hecho ocurrido el pasado...","og_url":"https:\/\/apuntesdesanluis.com\/index.php\/2023\/11\/29\/villa-mercedes-un-detenido-por-robo-calificado-por-efraccion\/","og_site_name":"Apuntes de San Luis","article_published_time":"2023-11-29T23:34:14+00:00","og_image":[{"width":600,"height":343,"url":"https:\/\/apuntesdesanluis.com\/wp-content\/uploads\/2023\/11\/audiencia-8.png","type":"image\/png"}],"author":"apuntesdesanluis.com","twitter_card":"summary_large_image","twitter_misc":{"Escrito por":"apuntesdesanluis.com","Tiempo de lectura":"4 minutos"},"schema":{"@context":"https:\/\/schema.org","@graph":[{"@type":"Article","@id":"https:\/\/apuntesdesanluis.com\/index.php\/2023\/11\/29\/villa-mercedes-un-detenido-por-robo-calificado-por-efraccion\/#article","isPartOf":{"@id":"https:\/\/apuntesdesanluis.com\/index.php\/2023\/11\/29\/villa-mercedes-un-detenido-por-robo-calificado-por-efraccion\/"},"author":{"name":"apuntesdesanluis.com","@id":"https:\/\/apuntesdesanluis.com\/#\/schema\/person\/b55151d52296fcce64d1a72538a70b90"},"headline":"VILLA MERCEDES: UN DETENIDO POR ROBO CALIFICADO POR EFRACCI\u00d3N","datePublished":"2023-11-29T23:34:14+00:00","mainEntityOfPage":{"@id":"https:\/\/apuntesdesanluis.com\/index.php\/2023\/11\/29\/villa-mercedes-un-detenido-por-robo-calificado-por-efraccion\/"},"wordCount":829,"publisher":{"@id":"https:\/\/apuntesdesanluis.com\/#\/schema\/person\/b55151d52296fcce64d1a72538a70b90"},"image":{"@id":"https:\/\/apuntesdesanluis.com\/index.php\/2023\/11\/29\/villa-mercedes-un-detenido-por-robo-calificado-por-efraccion\/#primaryimage"},"thumbnailUrl":"https:\/\/apuntesdesanluis.com\/wp-content\/uploads\/2023\/11\/audiencia-8.png","articleSection":["Ciudad\/Provincia"],"inLanguage":"es-AR"},{"@type":"WebPage","@id":"https:\/\/apuntesdesanluis.com\/index.php\/2023\/11\/29\/villa-mercedes-un-detenido-por-robo-calificado-por-efraccion\/","url":"https:\/\/apuntesdesanluis.com\/index.php\/2023\/11\/29\/villa-mercedes-un-detenido-por-robo-calificado-por-efraccion\/","name":"VILLA MERCEDES: UN DETENIDO POR ROBO CALIFICADO POR EFRACCI\u00d3N - Apuntes de San Luis","isPartOf":{"@id":"https:\/\/apuntesdesanluis.com\/#website"},"primaryImageOfPage":{"@id":"https:\/\/apuntesdesanluis.com\/index.php\/2023\/11\/29\/villa-mercedes-un-detenido-por-robo-calificado-por-efraccion\/#primaryimage"},"image":{"@id":"https:\/\/apuntesdesanluis.com\/index.php\/2023\/11\/29\/villa-mercedes-un-detenido-por-robo-calificado-por-efraccion\/#primaryimage"},"thumbnailUrl":"https:\/\/apuntesdesanluis.com\/wp-content\/uploads\/2023\/11\/audiencia-8.png","datePublished":"2023-11-29T23:34:14+00:00","breadcrumb":{"@id":"https:\/\/apuntesdesanluis.com\/index.php\/2023\/11\/29\/villa-mercedes-un-detenido-por-robo-calificado-por-efraccion\/#breadcrumb"},"inLanguage":"es-AR","potentialAction":[{"@type":"ReadAction","target":["https:\/\/apuntesdesanluis.com\/index.php\/2023\/11\/29\/villa-mercedes-un-detenido-por-robo-calificado-por-efraccion\/"]}]},{"@type":"ImageObject","inLanguage":"es-AR","@id":"https:\/\/apuntesdesanluis.com\/index.php\/2023\/11\/29\/villa-mercedes-un-detenido-por-robo-calificado-por-efraccion\/#primaryimage","url":"https:\/\/apuntesdesanluis.com\/wp-content\/uploads\/2023\/11\/audiencia-8.png","contentUrl":"https:\/\/apuntesdesanluis.com\/wp-content\/uploads\/2023\/11\/audiencia-8.png","width":600,"height":343},{"@type":"BreadcrumbList","@id":"https:\/\/apuntesdesanluis.com\/index.php\/2023\/11\/29\/villa-mercedes-un-detenido-por-robo-calificado-por-efraccion\/#breadcrumb","itemListElement":[{"@type":"ListItem","position":1,"name":"Inicio","item":"https:\/\/apuntesdesanluis.com\/"},{"@type":"ListItem","position":2,"name":"VILLA MERCEDES: UN DETENIDO POR ROBO CALIFICADO POR EFRACCI\u00d3N"}]},{"@type":"WebSite","@id":"https:\/\/apuntesdesanluis.com\/#website","url":"https:\/\/apuntesdesanluis.com\/","name":"Apuntes de San Luis","description":"","publisher":{"@id":"https:\/\/apuntesdesanluis.com\/#\/schema\/person\/b55151d52296fcce64d1a72538a70b90"},"potentialAction":[{"@type":"SearchAction","target":{"@type":"EntryPoint","urlTemplate":"https:\/\/apuntesdesanluis.com\/?s={search_term_string}"},"query-input":{"@type":"PropertyValueSpecification","valueRequired":true,"valueName":"search_term_string"}}],"inLanguage":"es-AR"},{"@type":["Person","Organization"],"@id":"https:\/\/apuntesdesanluis.com\/#\/schema\/person\/b55151d52296fcce64d1a72538a70b90","name":"apuntesdesanluis.com","image":{"@type":"ImageObject","inLanguage":"es-AR","@id":"https:\/\/apuntesdesanluis.com\/#\/schema\/person\/image\/","url":"https:\/\/apuntesdesanluis.com\/wp-content\/uploads\/2023\/07\/cropped-apuntesdesanluis.png","contentUrl":"https:\/\/apuntesdesanluis.com\/wp-content\/uploads\/2023\/07\/cropped-apuntesdesanluis.png","width":450,"height":112,"caption":"apuntesdesanluis.com"},"logo":{"@id":"https:\/\/apuntesdesanluis.com\/#\/schema\/person\/image\/"},"sameAs":["https:\/\/apuntesdesanluis.com"],"url":"https:\/\/apuntesdesanluis.com\/index.php\/author\/apuntesdesanluis-com\/"}]}},"featured_image_urls":{"full":["https:\/\/apuntesdesanluis.com\/wp-content\/uploads\/2023\/11\/audiencia-8.png",600,343,false],"thumbnail":["https:\/\/apuntesdesanluis.com\/wp-content\/uploads\/2023\/11\/audiencia-8-150x150.png",150,150,true],"medium":["https:\/\/apuntesdesanluis.com\/wp-content\/uploads\/2023\/11\/audiencia-8-300x172.png",300,172,true],"medium_large":["https:\/\/apuntesdesanluis.com\/wp-content\/uploads\/2023\/11\/audiencia-8.png",600,343,false],"large":["https:\/\/apuntesdesanluis.com\/wp-content\/uploads\/2023\/11\/audiencia-8.png",600,343,false],"1536x1536":["https:\/\/apuntesdesanluis.com\/wp-content\/uploads\/2023\/11\/audiencia-8.png",600,343,false],"2048x2048":["https:\/\/apuntesdesanluis.com\/wp-content\/uploads\/2023\/11\/audiencia-8.png",600,343,false],"newsever-slider-full":["https:\/\/apuntesdesanluis.com\/wp-content\/uploads\/2023\/11\/audiencia-8.png",600,343,false],"newsever-featured":["https:\/\/apuntesdesanluis.com\/wp-content\/uploads\/2023\/11\/audiencia-8.png",600,343,false],"newsever-medium":["https:\/\/apuntesdesanluis.com\/wp-content\/uploads\/2023\/11\/audiencia-8.png",600,343,false]},"author_info":{"display_name":"apuntesdesanluis.com","author_link":"https:\/\/apuntesdesanluis.com\/index.php\/author\/apuntesdesanluis-com\/"},"category_info":"<a href=\"https:\/\/apuntesdesanluis.com\/index.php\/category\/ciudad-provincia\/\" rel=\"category tag\">Ciudad\/Provincia<\/a>","tag_info":"Ciudad\/Provincia","comment_count":"0","_links":{"self":[{"href":"https:\/\/apuntesdesanluis.com\/index.php\/wp-json\/wp\/v2\/posts\/7601","targetHints":{"allow":["GET"]}}],"collection":[{"href":"https:\/\/apuntesdesanluis.com\/index.php\/wp-json\/wp\/v2\/posts"}],"about":[{"href":"https:\/\/apuntesdesanluis.com\/index.php\/wp-json\/wp\/v2\/types\/post"}],"author":[{"embeddable":true,"href":"https:\/\/apuntesdesanluis.com\/index.php\/wp-json\/wp\/v2\/users\/1"}],"replies":[{"embeddable":true,"href":"https:\/\/apuntesdesanluis.com\/index.php\/wp-json\/wp\/v2\/comments?post=7601"}],"version-history":[{"count":1,"href":"https:\/\/apuntesdesanluis.com\/index.php\/wp-json\/wp\/v2\/posts\/7601\/revisions"}],"predecessor-version":[{"id":7603,"href":"https:\/\/apuntesdesanluis.com\/index.php\/wp-json\/wp\/v2\/posts\/7601\/revisions\/7603"}],"wp:featuredmedia":[{"embeddable":true,"href":"https:\/\/apuntesdesanluis.com\/index.php\/wp-json\/wp\/v2\/media\/7602"}],"wp:attachment":[{"href":"https:\/\/apuntesdesanluis.com\/index.php\/wp-json\/wp\/v2\/media?parent=7601"}],"wp:term":[{"taxonomy":"category","embeddable":true,"href":"https:\/\/apuntesdesanluis.com\/index.php\/wp-json\/wp\/v2\/categories?post=7601"},{"taxonomy":"post_tag","embeddable":true,"href":"https:\/\/apuntesdesanluis.com\/index.php\/wp-json\/wp\/v2\/tags?post=7601"}],"curies":[{"name":"wp","href":"https:\/\/api.w.org\/{rel}","templated":true}]}}