{"id":7604,"date":"2023-11-29T20:54:09","date_gmt":"2023-11-29T23:54:09","guid":{"rendered":"https:\/\/apuntesdesanluis.com\/?p=7604"},"modified":"2023-11-29T20:55:04","modified_gmt":"2023-11-29T23:55:04","slug":"intentan-regular-obligaciones-de-los-frentistas-en-el-cuidado-de-terrenos-baldios","status":"publish","type":"post","link":"https:\/\/apuntesdesanluis.com\/index.php\/2023\/11\/29\/intentan-regular-obligaciones-de-los-frentistas-en-el-cuidado-de-terrenos-baldios\/","title":{"rendered":"PROPONEN MARCO LEGAL PARA REGULAR OBLIGACIONES DE LOS FRENTISTAS EN EL CUIDADO DE TERRENOS BALD\u00cdOS"},"content":{"rendered":"<h3>En la sesi\u00f3n de este martes del Concejo Deliberante de Villa Mercedes se present\u00f3 un proyecto de ordenanza del Bloque Frente Unidad Justicialista, \u00a0a trav\u00e9s del cual se propone una \u201cReglamentaci\u00f3n de obligaciones de frentistas respecto al mantenimiento de terrenos bald\u00edos, forestaci\u00f3n, construcci\u00f3n y mantenimiento de aceras y cercos en general\u201d.<\/h3>\n<h3>El autor de la iniciativa, el concejal <strong>Marcelo Periale<\/strong>, indic\u00f3 que la propuesta es \u201cuna herramienta que intenta colaborar con el mantenimiento de la limpieza y la imagen urbana de la ciudad\u201d.<\/h3>\n<h3>\u201cEn primer lugar, compila en una ordenanza regulaciones dispersas en varias ordenanzas, estableciendo las obligaciones de los titulares de bald\u00edos y espacios verdes a mantenerlos en condiciones apropiadas, y si no lo hicieren establece las sanciones correspondientes. Tambi\u00e9n le brinda una potente herramienta el Ejecutivo municipal para intervenir en auxilio de la comunidad a costo del aquellos propietarios que no cumplan con las regulaciones establecidas\u201d, explic\u00f3.<\/h3>\n<p><img fetchpriority=\"high\" decoding=\"async\" class=\"wp-image-7605 aligncenter\" src=\"https:\/\/apuntesdesanluis.com\/wp-content\/uploads\/2023\/11\/BALDIO-300x152.png\" alt=\"\" width=\"807\" height=\"409\" srcset=\"https:\/\/apuntesdesanluis.com\/wp-content\/uploads\/2023\/11\/BALDIO-300x152.png 300w, https:\/\/apuntesdesanluis.com\/wp-content\/uploads\/2023\/11\/BALDIO.png 600w\" sizes=\"(max-width: 807px) 100vw, 807px\" \/><\/p>\n<h3>Indic\u00f3 adem\u00e1s que \u201ccomo en toda ciudad, se trata de legislar con ecuanimidad y sentido com\u00fan, pensando siempre en el beneficio de todos, como comunidad. Est\u00e1 muy bien que se invierta en la compra de un terreno, que se edifique, eso es parte del progreso y la urbanizaci\u00f3n y el Estado municipal debe colaborar para que esto se desarrolle de la mejor manera. Pero a veces ocurre que los propietarios no cuidan ese terreno, que se termina convirtiendo en un basural, un verdadero foco de contaminaci\u00f3n, que afecta a los vecinos. En esos casos debe existir una norma legal que regule cu\u00e1les son sus reales obligaciones, para no afectar la est\u00e9tica urbana ni poder en riesgo la salud de los vecinos\u201d, fundament\u00f3 Periale.<\/h3>\n<h3>VER: <a href=\"https:\/\/drive.google.com\/file\/d\/16QOwjHQnl1eBw3MXXasrYYI_mtCRvw_3\/view\" target=\"_blank\" rel=\"noopener\"><span style=\"color: #3366ff;\">PROYECTO<\/span><\/a><\/h3>\n<p>&nbsp;<\/p>\n<p>&nbsp;<\/p>\n<p>&nbsp;<\/p>\n<p>&nbsp;<\/p>\n","protected":false},"excerpt":{"rendered":"<p>En la sesi\u00f3n de este martes del Concejo Deliberante de Villa Mercedes se present\u00f3 un&#8230;<\/p>\n","protected":false},"author":1,"featured_media":1646,"comment_status":"closed","ping_status":"closed","sticky":false,"template":"","format":"standard","meta":{"footnotes":""},"categories":[6],"tags":[],"class_list":["post-7604","post","type-post","status-publish","format-standard","has-post-thumbnail","hentry","category-ciudad-provincia"],"yoast_head":"<!-- This site is optimized with the Yoast SEO plugin v26.1.1 - https:\/\/yoast.com\/wordpress\/plugins\/seo\/ -->\n<title>PROPONEN MARCO LEGAL PARA REGULAR OBLIGACIONES DE LOS FRENTISTAS EN EL CUIDADO DE TERRENOS BALD\u00cdOS - Apuntes de San Luis<\/title>\n<meta name=\"robots\" content=\"index, follow, max-snippet:-1, max-image-preview:large, max-video-preview:-1\" \/>\n<link rel=\"canonical\" href=\"https:\/\/apuntesdesanluis.com\/index.php\/2023\/11\/29\/intentan-regular-obligaciones-de-los-frentistas-en-el-cuidado-de-terrenos-baldios\/\" \/>\n<meta property=\"og:locale\" content=\"es_ES\" \/>\n<meta property=\"og:type\" content=\"article\" \/>\n<meta property=\"og:title\" content=\"PROPONEN MARCO LEGAL PARA REGULAR OBLIGACIONES DE LOS FRENTISTAS EN EL CUIDADO DE TERRENOS BALD\u00cdOS - Apuntes de San Luis\" \/>\n<meta property=\"og:description\" content=\"En la sesi\u00f3n de este martes del Concejo Deliberante de Villa Mercedes se present\u00f3 un...\" \/>\n<meta property=\"og:url\" content=\"https:\/\/apuntesdesanluis.com\/index.php\/2023\/11\/29\/intentan-regular-obligaciones-de-los-frentistas-en-el-cuidado-de-terrenos-baldios\/\" \/>\n<meta property=\"og:site_name\" content=\"Apuntes de San Luis\" \/>\n<meta property=\"article:published_time\" content=\"2023-11-29T23:54:09+00:00\" \/>\n<meta property=\"article:modified_time\" content=\"2023-11-29T23:55:04+00:00\" \/>\n<meta property=\"og:image\" content=\"https:\/\/apuntesdesanluis.com\/wp-content\/uploads\/2023\/08\/marcelo-periale.jpg\" \/>\n\t<meta property=\"og:image:width\" content=\"600\" \/>\n\t<meta property=\"og:image:height\" content=\"385\" \/>\n\t<meta property=\"og:image:type\" content=\"image\/jpeg\" \/>\n<meta name=\"author\" content=\"apuntesdesanluis.com\" \/>\n<meta name=\"twitter:card\" content=\"summary_large_image\" \/>\n<meta name=\"twitter:label1\" content=\"Escrito por\" \/>\n\t<meta name=\"twitter:data1\" content=\"apuntesdesanluis.com\" \/>\n\t<meta name=\"twitter:label2\" content=\"Tiempo de lectura\" \/>\n\t<meta name=\"twitter:data2\" content=\"2 minutos\" \/>\n<script type=\"application\/ld+json\" class=\"yoast-schema-graph\">{\"@context\":\"https:\/\/schema.org\",\"@graph\":[{\"@type\":\"Article\",\"@id\":\"https:\/\/apuntesdesanluis.com\/index.php\/2023\/11\/29\/intentan-regular-obligaciones-de-los-frentistas-en-el-cuidado-de-terrenos-baldios\/#article\",\"isPartOf\":{\"@id\":\"https:\/\/apuntesdesanluis.com\/index.php\/2023\/11\/29\/intentan-regular-obligaciones-de-los-frentistas-en-el-cuidado-de-terrenos-baldios\/\"},\"author\":{\"name\":\"apuntesdesanluis.com\",\"@id\":\"https:\/\/apuntesdesanluis.com\/#\/schema\/person\/b55151d52296fcce64d1a72538a70b90\"},\"headline\":\"PROPONEN MARCO LEGAL PARA REGULAR OBLIGACIONES DE LOS FRENTISTAS EN EL CUIDADO DE TERRENOS BALD\u00cdOS\",\"datePublished\":\"2023-11-29T23:54:09+00:00\",\"dateModified\":\"2023-11-29T23:55:04+00:00\",\"mainEntityOfPage\":{\"@id\":\"https:\/\/apuntesdesanluis.com\/index.php\/2023\/11\/29\/intentan-regular-obligaciones-de-los-frentistas-en-el-cuidado-de-terrenos-baldios\/\"},\"wordCount\":308,\"publisher\":{\"@id\":\"https:\/\/apuntesdesanluis.com\/#\/schema\/person\/b55151d52296fcce64d1a72538a70b90\"},\"image\":{\"@id\":\"https:\/\/apuntesdesanluis.com\/index.php\/2023\/11\/29\/intentan-regular-obligaciones-de-los-frentistas-en-el-cuidado-de-terrenos-baldios\/#primaryimage\"},\"thumbnailUrl\":\"https:\/\/apuntesdesanluis.com\/wp-content\/uploads\/2023\/08\/marcelo-periale.jpg\",\"articleSection\":[\"Ciudad\/Provincia\"],\"inLanguage\":\"es-AR\"},{\"@type\":\"WebPage\",\"@id\":\"https:\/\/apuntesdesanluis.com\/index.php\/2023\/11\/29\/intentan-regular-obligaciones-de-los-frentistas-en-el-cuidado-de-terrenos-baldios\/\",\"url\":\"https:\/\/apuntesdesanluis.com\/index.php\/2023\/11\/29\/intentan-regular-obligaciones-de-los-frentistas-en-el-cuidado-de-terrenos-baldios\/\",\"name\":\"PROPONEN MARCO LEGAL PARA REGULAR OBLIGACIONES DE LOS FRENTISTAS EN EL CUIDADO DE TERRENOS BALD\u00cdOS - Apuntes de San Luis\",\"isPartOf\":{\"@id\":\"https:\/\/apuntesdesanluis.com\/#website\"},\"primaryImageOfPage\":{\"@id\":\"https:\/\/apuntesdesanluis.com\/index.php\/2023\/11\/29\/intentan-regular-obligaciones-de-los-frentistas-en-el-cuidado-de-terrenos-baldios\/#primaryimage\"},\"image\":{\"@id\":\"https:\/\/apuntesdesanluis.com\/index.php\/2023\/11\/29\/intentan-regular-obligaciones-de-los-frentistas-en-el-cuidado-de-terrenos-baldios\/#primaryimage\"},\"thumbnailUrl\":\"https:\/\/apuntesdesanluis.com\/wp-content\/uploads\/2023\/08\/marcelo-periale.jpg\",\"datePublished\":\"2023-11-29T23:54:09+00:00\",\"dateModified\":\"2023-11-29T23:55:04+00:00\",\"breadcrumb\":{\"@id\":\"https:\/\/apuntesdesanluis.com\/index.php\/2023\/11\/29\/intentan-regular-obligaciones-de-los-frentistas-en-el-cuidado-de-terrenos-baldios\/#breadcrumb\"},\"inLanguage\":\"es-AR\",\"potentialAction\":[{\"@type\":\"ReadAction\",\"target\":[\"https:\/\/apuntesdesanluis.com\/index.php\/2023\/11\/29\/intentan-regular-obligaciones-de-los-frentistas-en-el-cuidado-de-terrenos-baldios\/\"]}]},{\"@type\":\"ImageObject\",\"inLanguage\":\"es-AR\",\"@id\":\"https:\/\/apuntesdesanluis.com\/index.php\/2023\/11\/29\/intentan-regular-obligaciones-de-los-frentistas-en-el-cuidado-de-terrenos-baldios\/#primaryimage\",\"url\":\"https:\/\/apuntesdesanluis.com\/wp-content\/uploads\/2023\/08\/marcelo-periale.jpg\",\"contentUrl\":\"https:\/\/apuntesdesanluis.com\/wp-content\/uploads\/2023\/08\/marcelo-periale.jpg\",\"width\":600,\"height\":385},{\"@type\":\"BreadcrumbList\",\"@id\":\"https:\/\/apuntesdesanluis.com\/index.php\/2023\/11\/29\/intentan-regular-obligaciones-de-los-frentistas-en-el-cuidado-de-terrenos-baldios\/#breadcrumb\",\"itemListElement\":[{\"@type\":\"ListItem\",\"position\":1,\"name\":\"Inicio\",\"item\":\"https:\/\/apuntesdesanluis.com\/\"},{\"@type\":\"ListItem\",\"position\":2,\"name\":\"PROPONEN MARCO LEGAL PARA REGULAR OBLIGACIONES DE LOS FRENTISTAS EN EL CUIDADO DE TERRENOS BALD\u00cdOS\"}]},{\"@type\":\"WebSite\",\"@id\":\"https:\/\/apuntesdesanluis.com\/#website\",\"url\":\"https:\/\/apuntesdesanluis.com\/\",\"name\":\"Apuntes de San Luis\",\"description\":\"\",\"publisher\":{\"@id\":\"https:\/\/apuntesdesanluis.com\/#\/schema\/person\/b55151d52296fcce64d1a72538a70b90\"},\"potentialAction\":[{\"@type\":\"SearchAction\",\"target\":{\"@type\":\"EntryPoint\",\"urlTemplate\":\"https:\/\/apuntesdesanluis.com\/?s={search_term_string}\"},\"query-input\":{\"@type\":\"PropertyValueSpecification\",\"valueRequired\":true,\"valueName\":\"search_term_string\"}}],\"inLanguage\":\"es-AR\"},{\"@type\":[\"Person\",\"Organization\"],\"@id\":\"https:\/\/apuntesdesanluis.com\/#\/schema\/person\/b55151d52296fcce64d1a72538a70b90\",\"name\":\"apuntesdesanluis.com\",\"image\":{\"@type\":\"ImageObject\",\"inLanguage\":\"es-AR\",\"@id\":\"https:\/\/apuntesdesanluis.com\/#\/schema\/person\/image\/\",\"url\":\"https:\/\/apuntesdesanluis.com\/wp-content\/uploads\/2023\/07\/cropped-apuntesdesanluis.png\",\"contentUrl\":\"https:\/\/apuntesdesanluis.com\/wp-content\/uploads\/2023\/07\/cropped-apuntesdesanluis.png\",\"width\":450,\"height\":112,\"caption\":\"apuntesdesanluis.com\"},\"logo\":{\"@id\":\"https:\/\/apuntesdesanluis.com\/#\/schema\/person\/image\/\"},\"sameAs\":[\"https:\/\/apuntesdesanluis.com\"],\"url\":\"https:\/\/apuntesdesanluis.com\/index.php\/author\/apuntesdesanluis-com\/\"}]}<\/script>\n<!-- \/ Yoast SEO plugin. -->","yoast_head_json":{"title":"PROPONEN MARCO LEGAL PARA REGULAR OBLIGACIONES DE LOS FRENTISTAS EN EL CUIDADO DE TERRENOS BALD\u00cdOS - Apuntes de San Luis","robots":{"index":"index","follow":"follow","max-snippet":"max-snippet:-1","max-image-preview":"max-image-preview:large","max-video-preview":"max-video-preview:-1"},"canonical":"https:\/\/apuntesdesanluis.com\/index.php\/2023\/11\/29\/intentan-regular-obligaciones-de-los-frentistas-en-el-cuidado-de-terrenos-baldios\/","og_locale":"es_ES","og_type":"article","og_title":"PROPONEN MARCO LEGAL PARA REGULAR OBLIGACIONES DE LOS FRENTISTAS EN EL CUIDADO DE TERRENOS BALD\u00cdOS - Apuntes de San Luis","og_description":"En la sesi\u00f3n de este martes del Concejo Deliberante de Villa Mercedes se present\u00f3 un...","og_url":"https:\/\/apuntesdesanluis.com\/index.php\/2023\/11\/29\/intentan-regular-obligaciones-de-los-frentistas-en-el-cuidado-de-terrenos-baldios\/","og_site_name":"Apuntes de San Luis","article_published_time":"2023-11-29T23:54:09+00:00","article_modified_time":"2023-11-29T23:55:04+00:00","og_image":[{"width":600,"height":385,"url":"https:\/\/apuntesdesanluis.com\/wp-content\/uploads\/2023\/08\/marcelo-periale.jpg","type":"image\/jpeg"}],"author":"apuntesdesanluis.com","twitter_card":"summary_large_image","twitter_misc":{"Escrito por":"apuntesdesanluis.com","Tiempo de lectura":"2 minutos"},"schema":{"@context":"https:\/\/schema.org","@graph":[{"@type":"Article","@id":"https:\/\/apuntesdesanluis.com\/index.php\/2023\/11\/29\/intentan-regular-obligaciones-de-los-frentistas-en-el-cuidado-de-terrenos-baldios\/#article","isPartOf":{"@id":"https:\/\/apuntesdesanluis.com\/index.php\/2023\/11\/29\/intentan-regular-obligaciones-de-los-frentistas-en-el-cuidado-de-terrenos-baldios\/"},"author":{"name":"apuntesdesanluis.com","@id":"https:\/\/apuntesdesanluis.com\/#\/schema\/person\/b55151d52296fcce64d1a72538a70b90"},"headline":"PROPONEN MARCO LEGAL PARA REGULAR OBLIGACIONES DE LOS FRENTISTAS EN EL CUIDADO DE TERRENOS BALD\u00cdOS","datePublished":"2023-11-29T23:54:09+00:00","dateModified":"2023-11-29T23:55:04+00:00","mainEntityOfPage":{"@id":"https:\/\/apuntesdesanluis.com\/index.php\/2023\/11\/29\/intentan-regular-obligaciones-de-los-frentistas-en-el-cuidado-de-terrenos-baldios\/"},"wordCount":308,"publisher":{"@id":"https:\/\/apuntesdesanluis.com\/#\/schema\/person\/b55151d52296fcce64d1a72538a70b90"},"image":{"@id":"https:\/\/apuntesdesanluis.com\/index.php\/2023\/11\/29\/intentan-regular-obligaciones-de-los-frentistas-en-el-cuidado-de-terrenos-baldios\/#primaryimage"},"thumbnailUrl":"https:\/\/apuntesdesanluis.com\/wp-content\/uploads\/2023\/08\/marcelo-periale.jpg","articleSection":["Ciudad\/Provincia"],"inLanguage":"es-AR"},{"@type":"WebPage","@id":"https:\/\/apuntesdesanluis.com\/index.php\/2023\/11\/29\/intentan-regular-obligaciones-de-los-frentistas-en-el-cuidado-de-terrenos-baldios\/","url":"https:\/\/apuntesdesanluis.com\/index.php\/2023\/11\/29\/intentan-regular-obligaciones-de-los-frentistas-en-el-cuidado-de-terrenos-baldios\/","name":"PROPONEN MARCO LEGAL PARA REGULAR OBLIGACIONES DE LOS FRENTISTAS EN EL CUIDADO DE TERRENOS BALD\u00cdOS - Apuntes de San Luis","isPartOf":{"@id":"https:\/\/apuntesdesanluis.com\/#website"},"primaryImageOfPage":{"@id":"https:\/\/apuntesdesanluis.com\/index.php\/2023\/11\/29\/intentan-regular-obligaciones-de-los-frentistas-en-el-cuidado-de-terrenos-baldios\/#primaryimage"},"image":{"@id":"https:\/\/apuntesdesanluis.com\/index.php\/2023\/11\/29\/intentan-regular-obligaciones-de-los-frentistas-en-el-cuidado-de-terrenos-baldios\/#primaryimage"},"thumbnailUrl":"https:\/\/apuntesdesanluis.com\/wp-content\/uploads\/2023\/08\/marcelo-periale.jpg","datePublished":"2023-11-29T23:54:09+00:00","dateModified":"2023-11-29T23:55:04+00:00","breadcrumb":{"@id":"https:\/\/apuntesdesanluis.com\/index.php\/2023\/11\/29\/intentan-regular-obligaciones-de-los-frentistas-en-el-cuidado-de-terrenos-baldios\/#breadcrumb"},"inLanguage":"es-AR","potentialAction":[{"@type":"ReadAction","target":["https:\/\/apuntesdesanluis.com\/index.php\/2023\/11\/29\/intentan-regular-obligaciones-de-los-frentistas-en-el-cuidado-de-terrenos-baldios\/"]}]},{"@type":"ImageObject","inLanguage":"es-AR","@id":"https:\/\/apuntesdesanluis.com\/index.php\/2023\/11\/29\/intentan-regular-obligaciones-de-los-frentistas-en-el-cuidado-de-terrenos-baldios\/#primaryimage","url":"https:\/\/apuntesdesanluis.com\/wp-content\/uploads\/2023\/08\/marcelo-periale.jpg","contentUrl":"https:\/\/apuntesdesanluis.com\/wp-content\/uploads\/2023\/08\/marcelo-periale.jpg","width":600,"height":385},{"@type":"BreadcrumbList","@id":"https:\/\/apuntesdesanluis.com\/index.php\/2023\/11\/29\/intentan-regular-obligaciones-de-los-frentistas-en-el-cuidado-de-terrenos-baldios\/#breadcrumb","itemListElement":[{"@type":"ListItem","position":1,"name":"Inicio","item":"https:\/\/apuntesdesanluis.com\/"},{"@type":"ListItem","position":2,"name":"PROPONEN MARCO LEGAL PARA REGULAR OBLIGACIONES DE LOS FRENTISTAS EN EL CUIDADO DE TERRENOS BALD\u00cdOS"}]},{"@type":"WebSite","@id":"https:\/\/apuntesdesanluis.com\/#website","url":"https:\/\/apuntesdesanluis.com\/","name":"Apuntes de San Luis","description":"","publisher":{"@id":"https:\/\/apuntesdesanluis.com\/#\/schema\/person\/b55151d52296fcce64d1a72538a70b90"},"potentialAction":[{"@type":"SearchAction","target":{"@type":"EntryPoint","urlTemplate":"https:\/\/apuntesdesanluis.com\/?s={search_term_string}"},"query-input":{"@type":"PropertyValueSpecification","valueRequired":true,"valueName":"search_term_string"}}],"inLanguage":"es-AR"},{"@type":["Person","Organization"],"@id":"https:\/\/apuntesdesanluis.com\/#\/schema\/person\/b55151d52296fcce64d1a72538a70b90","name":"apuntesdesanluis.com","image":{"@type":"ImageObject","inLanguage":"es-AR","@id":"https:\/\/apuntesdesanluis.com\/#\/schema\/person\/image\/","url":"https:\/\/apuntesdesanluis.com\/wp-content\/uploads\/2023\/07\/cropped-apuntesdesanluis.png","contentUrl":"https:\/\/apuntesdesanluis.com\/wp-content\/uploads\/2023\/07\/cropped-apuntesdesanluis.png","width":450,"height":112,"caption":"apuntesdesanluis.com"},"logo":{"@id":"https:\/\/apuntesdesanluis.com\/#\/schema\/person\/image\/"},"sameAs":["https:\/\/apuntesdesanluis.com"],"url":"https:\/\/apuntesdesanluis.com\/index.php\/author\/apuntesdesanluis-com\/"}]}},"featured_image_urls":{"full":["https:\/\/apuntesdesanluis.com\/wp-content\/uploads\/2023\/08\/marcelo-periale.jpg",600,385,false],"thumbnail":["https:\/\/apuntesdesanluis.com\/wp-content\/uploads\/2023\/08\/marcelo-periale-150x150.jpg",150,150,true],"medium":["https:\/\/apuntesdesanluis.com\/wp-content\/uploads\/2023\/08\/marcelo-periale-300x193.jpg",300,193,true],"medium_large":["https:\/\/apuntesdesanluis.com\/wp-content\/uploads\/2023\/08\/marcelo-periale.jpg",600,385,false],"large":["https:\/\/apuntesdesanluis.com\/wp-content\/uploads\/2023\/08\/marcelo-periale.jpg",600,385,false],"1536x1536":["https:\/\/apuntesdesanluis.com\/wp-content\/uploads\/2023\/08\/marcelo-periale.jpg",600,385,false],"2048x2048":["https:\/\/apuntesdesanluis.com\/wp-content\/uploads\/2023\/08\/marcelo-periale.jpg",600,385,false],"newsever-slider-full":["https:\/\/apuntesdesanluis.com\/wp-content\/uploads\/2023\/08\/marcelo-periale.jpg",600,385,false],"newsever-featured":["https:\/\/apuntesdesanluis.com\/wp-content\/uploads\/2023\/08\/marcelo-periale.jpg",600,385,false],"newsever-medium":["https:\/\/apuntesdesanluis.com\/wp-content\/uploads\/2023\/08\/marcelo-periale.jpg",600,385,false]},"author_info":{"display_name":"apuntesdesanluis.com","author_link":"https:\/\/apuntesdesanluis.com\/index.php\/author\/apuntesdesanluis-com\/"},"category_info":"<a href=\"https:\/\/apuntesdesanluis.com\/index.php\/category\/ciudad-provincia\/\" rel=\"category tag\">Ciudad\/Provincia<\/a>","tag_info":"Ciudad\/Provincia","comment_count":"0","_links":{"self":[{"href":"https:\/\/apuntesdesanluis.com\/index.php\/wp-json\/wp\/v2\/posts\/7604","targetHints":{"allow":["GET"]}}],"collection":[{"href":"https:\/\/apuntesdesanluis.com\/index.php\/wp-json\/wp\/v2\/posts"}],"about":[{"href":"https:\/\/apuntesdesanluis.com\/index.php\/wp-json\/wp\/v2\/types\/post"}],"author":[{"embeddable":true,"href":"https:\/\/apuntesdesanluis.com\/index.php\/wp-json\/wp\/v2\/users\/1"}],"replies":[{"embeddable":true,"href":"https:\/\/apuntesdesanluis.com\/index.php\/wp-json\/wp\/v2\/comments?post=7604"}],"version-history":[{"count":3,"href":"https:\/\/apuntesdesanluis.com\/index.php\/wp-json\/wp\/v2\/posts\/7604\/revisions"}],"predecessor-version":[{"id":7608,"href":"https:\/\/apuntesdesanluis.com\/index.php\/wp-json\/wp\/v2\/posts\/7604\/revisions\/7608"}],"wp:featuredmedia":[{"embeddable":true,"href":"https:\/\/apuntesdesanluis.com\/index.php\/wp-json\/wp\/v2\/media\/1646"}],"wp:attachment":[{"href":"https:\/\/apuntesdesanluis.com\/index.php\/wp-json\/wp\/v2\/media?parent=7604"}],"wp:term":[{"taxonomy":"category","embeddable":true,"href":"https:\/\/apuntesdesanluis.com\/index.php\/wp-json\/wp\/v2\/categories?post=7604"},{"taxonomy":"post_tag","embeddable":true,"href":"https:\/\/apuntesdesanluis.com\/index.php\/wp-json\/wp\/v2\/tags?post=7604"}],"curies":[{"name":"wp","href":"https:\/\/api.w.org\/{rel}","templated":true}]}}