{"id":7609,"date":"2023-11-29T21:07:27","date_gmt":"2023-11-30T00:07:27","guid":{"rendered":"https:\/\/apuntesdesanluis.com\/?p=7609"},"modified":"2023-11-29T21:08:41","modified_gmt":"2023-11-30T00:08:41","slug":"9-encuentro-de-intercambio-e-inclusion-universidad-discapacidad-derechos","status":"publish","type":"post","link":"https:\/\/apuntesdesanluis.com\/index.php\/2023\/11\/29\/9-encuentro-de-intercambio-e-inclusion-universidad-discapacidad-derechos\/","title":{"rendered":"9\u00b0 ENCUENTRO DE INTERCAMBIO E INCLUSI\u00d3N: UNIVERSIDAD, DISCAPACIDAD, DERECHOS"},"content":{"rendered":"<h3>La <strong>Secretar\u00eda de Extensi\u00f3n Universitaria de la Facultad de Ciencias Econ\u00f3micas, Jur\u00eddicas y Sociales<\/strong> invita a toda la comunidad al \u201c<strong>9\u00b0 Encuentro de Intercambio e Inclusi\u00f3n: Universidad, Discapacidad, Derechos<\/strong>\u201d, que se llevar\u00e1 a cabo este jueves 30 de noviembre a las 15:00 h en el Consejo Profesional de Ciencias Econ\u00f3micas (General Paz 329).<\/h3>\n<h3>En defensa y promoci\u00f3n de los Derechos Humanos, la UNSL posee una amplia trayectoria con el prop\u00f3sito \u00faltimo de lograr una universidad m\u00e1s inclusiva. Para ello, promueve vinculaci\u00f3n con distintos sectores de la comunidad donde se halla inserta a partir de acciones de extensi\u00f3n que permitan que las mismas sean efectivamente ejecutadas en beneficio de los ciudadanos.<\/h3>\n<h3>Extensi\u00f3n universitaria, entendida como el v\u00ednculo necesario y enriquecedor con la sociedad, tiene, entre sus misiones fundamentales, el de intercambio de saberes y la democratizaci\u00f3n del conocimiento. Es pensar una Universidad abierta, dispuesta a hablar, pero, tambi\u00e9n, a escuchar.<\/h3>\n<h3>En el caso particular, la Facultad de Ciencias Econ\u00f3micas, Jur\u00eddicas y Sociales reconoce la importancia de la defensa y promoci\u00f3n de los derechos de las personas con discapacidad y a partir de all\u00ed, el generar espacios reales de participaci\u00f3n e inclusi\u00f3n, formas estas de viabilizar esos derechos. En su novena edici\u00f3n, en particular se trabajar\u00e1 con la finalidad de promover un espacio de intercambio e inclusi\u00f3n entre los integrantes de la comunidad universitaria, los referentes y asistentes de las distintas organizaciones que trabajan en tem\u00e1tica de discapacidad a partir de una mesa de trabajo, de reflexi\u00f3n, de dialogo y comunicaci\u00f3n de la situaci\u00f3n de las personas con discapacidad en el \u00e1mbito laboral.<\/h3>\n<h3>Organizado por la Secretar\u00eda de Extensi\u00f3n Universitaria de la FCEJS, participar\u00e1n de la jornada las siguientes instituciones: APAD, Escuela Especial Montesori, AMUYEN, Girasoles, Valduvieco, Fuente de Luz; TRIADA; ICRED, Fundaci\u00f3n todos a la Escuela; EDAM; NEWEN; APSSIDO y la SAEBU.<\/h3>\n<h3><strong>REUNI\u00d3N<\/strong><\/h3>\n<h3>Por otra parte, el pasado lunes 27 la Decana, <strong>Mgtr. Roxanna Camiletti<\/strong>, se reuni\u00f3 con la Concejal <strong>Cecilia Lucero<\/strong>, con el objetivo de coordinar acciones conjuntas entre la FCEJS y la comunidad de Villa Mercedes.<\/h3>\n<p><img fetchpriority=\"high\" decoding=\"async\" class=\"wp-image-7611 aligncenter\" src=\"https:\/\/apuntesdesanluis.com\/wp-content\/uploads\/2023\/11\/cecilia-lucero-300x169.png\" alt=\"\" width=\"728\" height=\"410\" srcset=\"https:\/\/apuntesdesanluis.com\/wp-content\/uploads\/2023\/11\/cecilia-lucero-300x169.png 300w, https:\/\/apuntesdesanluis.com\/wp-content\/uploads\/2023\/11\/cecilia-lucero.png 600w\" sizes=\"(max-width: 728px) 100vw, 728px\" \/><\/p>\n<h3>Al respecto, la decana manifest\u00f3 que \u201cla reuni\u00f3n fue muy productiva, ya que la concejal nos coment\u00f3 sus ideas y proyectos; y desde la FCEJS pudimos comentar nuestras propuestas y actividades, con el objetivo de articularlas\u201d.<\/h3>\n<h3>Adem\u00e1s, puntualiz\u00f3 que estos v\u00ednculos permiten seguir reforzando el trabajo mancomunado de la comunidad villamercedina con la Facultad, as\u00ed como tambi\u00e9n articular las iniciativas, investigaciones, desarrollos cient\u00edficos que la FCEJS realiza, con la comunidad en la que est\u00e1 inserta.<\/h3>\n<p>&nbsp;<\/p>\n<p>&nbsp;<\/p>\n<p>&nbsp;<\/p>\n<p>&nbsp;<\/p>\n","protected":false},"excerpt":{"rendered":"<p>La Secretar\u00eda de Extensi\u00f3n Universitaria de la Facultad de Ciencias Econ\u00f3micas, Jur\u00eddicas y Sociales invita&#8230;<\/p>\n","protected":false},"author":1,"featured_media":7610,"comment_status":"closed","ping_status":"closed","sticky":false,"template":"","format":"standard","meta":{"footnotes":""},"categories":[6],"tags":[],"class_list":["post-7609","post","type-post","status-publish","format-standard","has-post-thumbnail","hentry","category-ciudad-provincia"],"yoast_head":"<!-- This site is optimized with the Yoast SEO plugin v26.1.1 - https:\/\/yoast.com\/wordpress\/plugins\/seo\/ -->\n<title>9\u00b0 ENCUENTRO DE INTERCAMBIO E INCLUSI\u00d3N: UNIVERSIDAD, DISCAPACIDAD, DERECHOS - Apuntes de San Luis<\/title>\n<meta name=\"robots\" content=\"index, follow, max-snippet:-1, max-image-preview:large, max-video-preview:-1\" \/>\n<link rel=\"canonical\" href=\"https:\/\/apuntesdesanluis.com\/index.php\/2023\/11\/29\/9-encuentro-de-intercambio-e-inclusion-universidad-discapacidad-derechos\/\" \/>\n<meta property=\"og:locale\" content=\"es_ES\" \/>\n<meta property=\"og:type\" content=\"article\" \/>\n<meta property=\"og:title\" content=\"9\u00b0 ENCUENTRO DE INTERCAMBIO E INCLUSI\u00d3N: UNIVERSIDAD, DISCAPACIDAD, DERECHOS - Apuntes de San Luis\" \/>\n<meta property=\"og:description\" content=\"La Secretar\u00eda de Extensi\u00f3n Universitaria de la Facultad de Ciencias Econ\u00f3micas, Jur\u00eddicas y Sociales invita...\" \/>\n<meta property=\"og:url\" content=\"https:\/\/apuntesdesanluis.com\/index.php\/2023\/11\/29\/9-encuentro-de-intercambio-e-inclusion-universidad-discapacidad-derechos\/\" \/>\n<meta property=\"og:site_name\" content=\"Apuntes de San Luis\" \/>\n<meta property=\"article:published_time\" content=\"2023-11-30T00:07:27+00:00\" \/>\n<meta property=\"article:modified_time\" content=\"2023-11-30T00:08:41+00:00\" \/>\n<meta property=\"og:image\" content=\"https:\/\/apuntesdesanluis.com\/wp-content\/uploads\/2023\/11\/encuentro-de-inclusion.png\" \/>\n\t<meta property=\"og:image:width\" content=\"706\" \/>\n\t<meta property=\"og:image:height\" content=\"382\" \/>\n\t<meta property=\"og:image:type\" content=\"image\/png\" \/>\n<meta name=\"author\" content=\"apuntesdesanluis.com\" \/>\n<meta name=\"twitter:card\" content=\"summary_large_image\" \/>\n<meta name=\"twitter:label1\" content=\"Escrito por\" \/>\n\t<meta name=\"twitter:data1\" content=\"apuntesdesanluis.com\" \/>\n\t<meta name=\"twitter:label2\" content=\"Tiempo de lectura\" \/>\n\t<meta name=\"twitter:data2\" content=\"3 minutos\" \/>\n<script type=\"application\/ld+json\" class=\"yoast-schema-graph\">{\"@context\":\"https:\/\/schema.org\",\"@graph\":[{\"@type\":\"Article\",\"@id\":\"https:\/\/apuntesdesanluis.com\/index.php\/2023\/11\/29\/9-encuentro-de-intercambio-e-inclusion-universidad-discapacidad-derechos\/#article\",\"isPartOf\":{\"@id\":\"https:\/\/apuntesdesanluis.com\/index.php\/2023\/11\/29\/9-encuentro-de-intercambio-e-inclusion-universidad-discapacidad-derechos\/\"},\"author\":{\"name\":\"apuntesdesanluis.com\",\"@id\":\"https:\/\/apuntesdesanluis.com\/#\/schema\/person\/b55151d52296fcce64d1a72538a70b90\"},\"headline\":\"9\u00b0 ENCUENTRO DE INTERCAMBIO E INCLUSI\u00d3N: UNIVERSIDAD, DISCAPACIDAD, DERECHOS\",\"datePublished\":\"2023-11-30T00:07:27+00:00\",\"dateModified\":\"2023-11-30T00:08:41+00:00\",\"mainEntityOfPage\":{\"@id\":\"https:\/\/apuntesdesanluis.com\/index.php\/2023\/11\/29\/9-encuentro-de-intercambio-e-inclusion-universidad-discapacidad-derechos\/\"},\"wordCount\":456,\"publisher\":{\"@id\":\"https:\/\/apuntesdesanluis.com\/#\/schema\/person\/b55151d52296fcce64d1a72538a70b90\"},\"image\":{\"@id\":\"https:\/\/apuntesdesanluis.com\/index.php\/2023\/11\/29\/9-encuentro-de-intercambio-e-inclusion-universidad-discapacidad-derechos\/#primaryimage\"},\"thumbnailUrl\":\"https:\/\/apuntesdesanluis.com\/wp-content\/uploads\/2023\/11\/encuentro-de-inclusion.png\",\"articleSection\":[\"Ciudad\/Provincia\"],\"inLanguage\":\"es-AR\"},{\"@type\":\"WebPage\",\"@id\":\"https:\/\/apuntesdesanluis.com\/index.php\/2023\/11\/29\/9-encuentro-de-intercambio-e-inclusion-universidad-discapacidad-derechos\/\",\"url\":\"https:\/\/apuntesdesanluis.com\/index.php\/2023\/11\/29\/9-encuentro-de-intercambio-e-inclusion-universidad-discapacidad-derechos\/\",\"name\":\"9\u00b0 ENCUENTRO DE INTERCAMBIO E INCLUSI\u00d3N: UNIVERSIDAD, DISCAPACIDAD, DERECHOS - Apuntes de San Luis\",\"isPartOf\":{\"@id\":\"https:\/\/apuntesdesanluis.com\/#website\"},\"primaryImageOfPage\":{\"@id\":\"https:\/\/apuntesdesanluis.com\/index.php\/2023\/11\/29\/9-encuentro-de-intercambio-e-inclusion-universidad-discapacidad-derechos\/#primaryimage\"},\"image\":{\"@id\":\"https:\/\/apuntesdesanluis.com\/index.php\/2023\/11\/29\/9-encuentro-de-intercambio-e-inclusion-universidad-discapacidad-derechos\/#primaryimage\"},\"thumbnailUrl\":\"https:\/\/apuntesdesanluis.com\/wp-content\/uploads\/2023\/11\/encuentro-de-inclusion.png\",\"datePublished\":\"2023-11-30T00:07:27+00:00\",\"dateModified\":\"2023-11-30T00:08:41+00:00\",\"breadcrumb\":{\"@id\":\"https:\/\/apuntesdesanluis.com\/index.php\/2023\/11\/29\/9-encuentro-de-intercambio-e-inclusion-universidad-discapacidad-derechos\/#breadcrumb\"},\"inLanguage\":\"es-AR\",\"potentialAction\":[{\"@type\":\"ReadAction\",\"target\":[\"https:\/\/apuntesdesanluis.com\/index.php\/2023\/11\/29\/9-encuentro-de-intercambio-e-inclusion-universidad-discapacidad-derechos\/\"]}]},{\"@type\":\"ImageObject\",\"inLanguage\":\"es-AR\",\"@id\":\"https:\/\/apuntesdesanluis.com\/index.php\/2023\/11\/29\/9-encuentro-de-intercambio-e-inclusion-universidad-discapacidad-derechos\/#primaryimage\",\"url\":\"https:\/\/apuntesdesanluis.com\/wp-content\/uploads\/2023\/11\/encuentro-de-inclusion.png\",\"contentUrl\":\"https:\/\/apuntesdesanluis.com\/wp-content\/uploads\/2023\/11\/encuentro-de-inclusion.png\",\"width\":706,\"height\":382},{\"@type\":\"BreadcrumbList\",\"@id\":\"https:\/\/apuntesdesanluis.com\/index.php\/2023\/11\/29\/9-encuentro-de-intercambio-e-inclusion-universidad-discapacidad-derechos\/#breadcrumb\",\"itemListElement\":[{\"@type\":\"ListItem\",\"position\":1,\"name\":\"Inicio\",\"item\":\"https:\/\/apuntesdesanluis.com\/\"},{\"@type\":\"ListItem\",\"position\":2,\"name\":\"9\u00b0 ENCUENTRO DE INTERCAMBIO E INCLUSI\u00d3N: UNIVERSIDAD, DISCAPACIDAD, DERECHOS\"}]},{\"@type\":\"WebSite\",\"@id\":\"https:\/\/apuntesdesanluis.com\/#website\",\"url\":\"https:\/\/apuntesdesanluis.com\/\",\"name\":\"Apuntes de San Luis\",\"description\":\"\",\"publisher\":{\"@id\":\"https:\/\/apuntesdesanluis.com\/#\/schema\/person\/b55151d52296fcce64d1a72538a70b90\"},\"potentialAction\":[{\"@type\":\"SearchAction\",\"target\":{\"@type\":\"EntryPoint\",\"urlTemplate\":\"https:\/\/apuntesdesanluis.com\/?s={search_term_string}\"},\"query-input\":{\"@type\":\"PropertyValueSpecification\",\"valueRequired\":true,\"valueName\":\"search_term_string\"}}],\"inLanguage\":\"es-AR\"},{\"@type\":[\"Person\",\"Organization\"],\"@id\":\"https:\/\/apuntesdesanluis.com\/#\/schema\/person\/b55151d52296fcce64d1a72538a70b90\",\"name\":\"apuntesdesanluis.com\",\"image\":{\"@type\":\"ImageObject\",\"inLanguage\":\"es-AR\",\"@id\":\"https:\/\/apuntesdesanluis.com\/#\/schema\/person\/image\/\",\"url\":\"https:\/\/apuntesdesanluis.com\/wp-content\/uploads\/2023\/07\/cropped-apuntesdesanluis.png\",\"contentUrl\":\"https:\/\/apuntesdesanluis.com\/wp-content\/uploads\/2023\/07\/cropped-apuntesdesanluis.png\",\"width\":450,\"height\":112,\"caption\":\"apuntesdesanluis.com\"},\"logo\":{\"@id\":\"https:\/\/apuntesdesanluis.com\/#\/schema\/person\/image\/\"},\"sameAs\":[\"https:\/\/apuntesdesanluis.com\"],\"url\":\"https:\/\/apuntesdesanluis.com\/index.php\/author\/apuntesdesanluis-com\/\"}]}<\/script>\n<!-- \/ Yoast SEO plugin. -->","yoast_head_json":{"title":"9\u00b0 ENCUENTRO DE INTERCAMBIO E INCLUSI\u00d3N: UNIVERSIDAD, DISCAPACIDAD, DERECHOS - Apuntes de San Luis","robots":{"index":"index","follow":"follow","max-snippet":"max-snippet:-1","max-image-preview":"max-image-preview:large","max-video-preview":"max-video-preview:-1"},"canonical":"https:\/\/apuntesdesanluis.com\/index.php\/2023\/11\/29\/9-encuentro-de-intercambio-e-inclusion-universidad-discapacidad-derechos\/","og_locale":"es_ES","og_type":"article","og_title":"9\u00b0 ENCUENTRO DE INTERCAMBIO E INCLUSI\u00d3N: UNIVERSIDAD, DISCAPACIDAD, DERECHOS - Apuntes de San Luis","og_description":"La Secretar\u00eda de Extensi\u00f3n Universitaria de la Facultad de Ciencias Econ\u00f3micas, Jur\u00eddicas y Sociales invita...","og_url":"https:\/\/apuntesdesanluis.com\/index.php\/2023\/11\/29\/9-encuentro-de-intercambio-e-inclusion-universidad-discapacidad-derechos\/","og_site_name":"Apuntes de San Luis","article_published_time":"2023-11-30T00:07:27+00:00","article_modified_time":"2023-11-30T00:08:41+00:00","og_image":[{"width":706,"height":382,"url":"https:\/\/apuntesdesanluis.com\/wp-content\/uploads\/2023\/11\/encuentro-de-inclusion.png","type":"image\/png"}],"author":"apuntesdesanluis.com","twitter_card":"summary_large_image","twitter_misc":{"Escrito por":"apuntesdesanluis.com","Tiempo de lectura":"3 minutos"},"schema":{"@context":"https:\/\/schema.org","@graph":[{"@type":"Article","@id":"https:\/\/apuntesdesanluis.com\/index.php\/2023\/11\/29\/9-encuentro-de-intercambio-e-inclusion-universidad-discapacidad-derechos\/#article","isPartOf":{"@id":"https:\/\/apuntesdesanluis.com\/index.php\/2023\/11\/29\/9-encuentro-de-intercambio-e-inclusion-universidad-discapacidad-derechos\/"},"author":{"name":"apuntesdesanluis.com","@id":"https:\/\/apuntesdesanluis.com\/#\/schema\/person\/b55151d52296fcce64d1a72538a70b90"},"headline":"9\u00b0 ENCUENTRO DE INTERCAMBIO E INCLUSI\u00d3N: UNIVERSIDAD, DISCAPACIDAD, DERECHOS","datePublished":"2023-11-30T00:07:27+00:00","dateModified":"2023-11-30T00:08:41+00:00","mainEntityOfPage":{"@id":"https:\/\/apuntesdesanluis.com\/index.php\/2023\/11\/29\/9-encuentro-de-intercambio-e-inclusion-universidad-discapacidad-derechos\/"},"wordCount":456,"publisher":{"@id":"https:\/\/apuntesdesanluis.com\/#\/schema\/person\/b55151d52296fcce64d1a72538a70b90"},"image":{"@id":"https:\/\/apuntesdesanluis.com\/index.php\/2023\/11\/29\/9-encuentro-de-intercambio-e-inclusion-universidad-discapacidad-derechos\/#primaryimage"},"thumbnailUrl":"https:\/\/apuntesdesanluis.com\/wp-content\/uploads\/2023\/11\/encuentro-de-inclusion.png","articleSection":["Ciudad\/Provincia"],"inLanguage":"es-AR"},{"@type":"WebPage","@id":"https:\/\/apuntesdesanluis.com\/index.php\/2023\/11\/29\/9-encuentro-de-intercambio-e-inclusion-universidad-discapacidad-derechos\/","url":"https:\/\/apuntesdesanluis.com\/index.php\/2023\/11\/29\/9-encuentro-de-intercambio-e-inclusion-universidad-discapacidad-derechos\/","name":"9\u00b0 ENCUENTRO DE INTERCAMBIO E INCLUSI\u00d3N: UNIVERSIDAD, DISCAPACIDAD, DERECHOS - Apuntes de San Luis","isPartOf":{"@id":"https:\/\/apuntesdesanluis.com\/#website"},"primaryImageOfPage":{"@id":"https:\/\/apuntesdesanluis.com\/index.php\/2023\/11\/29\/9-encuentro-de-intercambio-e-inclusion-universidad-discapacidad-derechos\/#primaryimage"},"image":{"@id":"https:\/\/apuntesdesanluis.com\/index.php\/2023\/11\/29\/9-encuentro-de-intercambio-e-inclusion-universidad-discapacidad-derechos\/#primaryimage"},"thumbnailUrl":"https:\/\/apuntesdesanluis.com\/wp-content\/uploads\/2023\/11\/encuentro-de-inclusion.png","datePublished":"2023-11-30T00:07:27+00:00","dateModified":"2023-11-30T00:08:41+00:00","breadcrumb":{"@id":"https:\/\/apuntesdesanluis.com\/index.php\/2023\/11\/29\/9-encuentro-de-intercambio-e-inclusion-universidad-discapacidad-derechos\/#breadcrumb"},"inLanguage":"es-AR","potentialAction":[{"@type":"ReadAction","target":["https:\/\/apuntesdesanluis.com\/index.php\/2023\/11\/29\/9-encuentro-de-intercambio-e-inclusion-universidad-discapacidad-derechos\/"]}]},{"@type":"ImageObject","inLanguage":"es-AR","@id":"https:\/\/apuntesdesanluis.com\/index.php\/2023\/11\/29\/9-encuentro-de-intercambio-e-inclusion-universidad-discapacidad-derechos\/#primaryimage","url":"https:\/\/apuntesdesanluis.com\/wp-content\/uploads\/2023\/11\/encuentro-de-inclusion.png","contentUrl":"https:\/\/apuntesdesanluis.com\/wp-content\/uploads\/2023\/11\/encuentro-de-inclusion.png","width":706,"height":382},{"@type":"BreadcrumbList","@id":"https:\/\/apuntesdesanluis.com\/index.php\/2023\/11\/29\/9-encuentro-de-intercambio-e-inclusion-universidad-discapacidad-derechos\/#breadcrumb","itemListElement":[{"@type":"ListItem","position":1,"name":"Inicio","item":"https:\/\/apuntesdesanluis.com\/"},{"@type":"ListItem","position":2,"name":"9\u00b0 ENCUENTRO DE INTERCAMBIO E INCLUSI\u00d3N: UNIVERSIDAD, DISCAPACIDAD, DERECHOS"}]},{"@type":"WebSite","@id":"https:\/\/apuntesdesanluis.com\/#website","url":"https:\/\/apuntesdesanluis.com\/","name":"Apuntes de San Luis","description":"","publisher":{"@id":"https:\/\/apuntesdesanluis.com\/#\/schema\/person\/b55151d52296fcce64d1a72538a70b90"},"potentialAction":[{"@type":"SearchAction","target":{"@type":"EntryPoint","urlTemplate":"https:\/\/apuntesdesanluis.com\/?s={search_term_string}"},"query-input":{"@type":"PropertyValueSpecification","valueRequired":true,"valueName":"search_term_string"}}],"inLanguage":"es-AR"},{"@type":["Person","Organization"],"@id":"https:\/\/apuntesdesanluis.com\/#\/schema\/person\/b55151d52296fcce64d1a72538a70b90","name":"apuntesdesanluis.com","image":{"@type":"ImageObject","inLanguage":"es-AR","@id":"https:\/\/apuntesdesanluis.com\/#\/schema\/person\/image\/","url":"https:\/\/apuntesdesanluis.com\/wp-content\/uploads\/2023\/07\/cropped-apuntesdesanluis.png","contentUrl":"https:\/\/apuntesdesanluis.com\/wp-content\/uploads\/2023\/07\/cropped-apuntesdesanluis.png","width":450,"height":112,"caption":"apuntesdesanluis.com"},"logo":{"@id":"https:\/\/apuntesdesanluis.com\/#\/schema\/person\/image\/"},"sameAs":["https:\/\/apuntesdesanluis.com"],"url":"https:\/\/apuntesdesanluis.com\/index.php\/author\/apuntesdesanluis-com\/"}]}},"featured_image_urls":{"full":["https:\/\/apuntesdesanluis.com\/wp-content\/uploads\/2023\/11\/encuentro-de-inclusion.png",706,382,false],"thumbnail":["https:\/\/apuntesdesanluis.com\/wp-content\/uploads\/2023\/11\/encuentro-de-inclusion-150x150.png",150,150,true],"medium":["https:\/\/apuntesdesanluis.com\/wp-content\/uploads\/2023\/11\/encuentro-de-inclusion-300x162.png",300,162,true],"medium_large":["https:\/\/apuntesdesanluis.com\/wp-content\/uploads\/2023\/11\/encuentro-de-inclusion.png",640,346,false],"large":["https:\/\/apuntesdesanluis.com\/wp-content\/uploads\/2023\/11\/encuentro-de-inclusion.png",640,346,false],"1536x1536":["https:\/\/apuntesdesanluis.com\/wp-content\/uploads\/2023\/11\/encuentro-de-inclusion.png",706,382,false],"2048x2048":["https:\/\/apuntesdesanluis.com\/wp-content\/uploads\/2023\/11\/encuentro-de-inclusion.png",706,382,false],"newsever-slider-full":["https:\/\/apuntesdesanluis.com\/wp-content\/uploads\/2023\/11\/encuentro-de-inclusion.png",706,382,false],"newsever-featured":["https:\/\/apuntesdesanluis.com\/wp-content\/uploads\/2023\/11\/encuentro-de-inclusion.png",706,382,false],"newsever-medium":["https:\/\/apuntesdesanluis.com\/wp-content\/uploads\/2023\/11\/encuentro-de-inclusion.png",706,382,false]},"author_info":{"display_name":"apuntesdesanluis.com","author_link":"https:\/\/apuntesdesanluis.com\/index.php\/author\/apuntesdesanluis-com\/"},"category_info":"<a href=\"https:\/\/apuntesdesanluis.com\/index.php\/category\/ciudad-provincia\/\" rel=\"category tag\">Ciudad\/Provincia<\/a>","tag_info":"Ciudad\/Provincia","comment_count":"0","_links":{"self":[{"href":"https:\/\/apuntesdesanluis.com\/index.php\/wp-json\/wp\/v2\/posts\/7609","targetHints":{"allow":["GET"]}}],"collection":[{"href":"https:\/\/apuntesdesanluis.com\/index.php\/wp-json\/wp\/v2\/posts"}],"about":[{"href":"https:\/\/apuntesdesanluis.com\/index.php\/wp-json\/wp\/v2\/types\/post"}],"author":[{"embeddable":true,"href":"https:\/\/apuntesdesanluis.com\/index.php\/wp-json\/wp\/v2\/users\/1"}],"replies":[{"embeddable":true,"href":"https:\/\/apuntesdesanluis.com\/index.php\/wp-json\/wp\/v2\/comments?post=7609"}],"version-history":[{"count":3,"href":"https:\/\/apuntesdesanluis.com\/index.php\/wp-json\/wp\/v2\/posts\/7609\/revisions"}],"predecessor-version":[{"id":7614,"href":"https:\/\/apuntesdesanluis.com\/index.php\/wp-json\/wp\/v2\/posts\/7609\/revisions\/7614"}],"wp:featuredmedia":[{"embeddable":true,"href":"https:\/\/apuntesdesanluis.com\/index.php\/wp-json\/wp\/v2\/media\/7610"}],"wp:attachment":[{"href":"https:\/\/apuntesdesanluis.com\/index.php\/wp-json\/wp\/v2\/media?parent=7609"}],"wp:term":[{"taxonomy":"category","embeddable":true,"href":"https:\/\/apuntesdesanluis.com\/index.php\/wp-json\/wp\/v2\/categories?post=7609"},{"taxonomy":"post_tag","embeddable":true,"href":"https:\/\/apuntesdesanluis.com\/index.php\/wp-json\/wp\/v2\/tags?post=7609"}],"curies":[{"name":"wp","href":"https:\/\/api.w.org\/{rel}","templated":true}]}}