{"id":7632,"date":"2023-11-29T23:23:32","date_gmt":"2023-11-30T02:23:32","guid":{"rendered":"https:\/\/apuntesdesanluis.com\/?p=7632"},"modified":"2023-11-29T23:23:32","modified_gmt":"2023-11-30T02:23:32","slug":"javier-milei-anuncio-el-cierre-de-la-secretaria-de-comercio","status":"publish","type":"post","link":"https:\/\/apuntesdesanluis.com\/index.php\/2023\/11\/29\/javier-milei-anuncio-el-cierre-de-la-secretaria-de-comercio\/","title":{"rendered":"JAVIER MILEI ANUNCI\u00d3 EL CIERRE DE LA SECRETAR\u00cdA DE COMERCIO"},"content":{"rendered":"<h3>&#8220;No tiene por qu\u00e9 estar haciendo eso de regular precios, me parece una aberraci\u00f3n eso&#8221;, sostuvo.<\/h3>\n<h3>El presidente electo <strong>Javier Milei<\/strong> confirm\u00f3 que eliminar\u00e1 la Secretar\u00eda de Comercio Interior, &#8220;en el sentido que le dieron hist\u00f3ricamente los gobiernos&#8221;.<\/h3>\n<h3>El\u00a0 libertario en reiteradas ocasiones se ha expresado en contra de las regulaciones de precios, y sostuvo que buscar\u00e1 una liberaci\u00f3n de la mayor cantidad posible de precios lo m\u00e1s r\u00e1pido posible.<\/h3>\n<h3>&#8220;Obvio, no tiene por qu\u00e9 estar haciendo eso de regular precios, me parece una aberraci\u00f3n eso&#8221;, contest\u00f3 ante la consulta.<\/h3>\n<h3>De esta manera se avecina el final de Precios Justos y una consecuente aceleraci\u00f3n inflacionaria de la mano de m\u00faltiples precios de la econom\u00eda que est\u00e1n reprimidos. &#8220;No va a existir en el sentido que le dieron hist\u00f3ricamente los gobiernos. Todos los precios que pueda de la econom\u00eda, los voy a liberar. Hay algunos que todav\u00eda no puedo hacerlo por las caracter\u00edsticas de las bombas que dej\u00f3 plantadas el Gobierno&#8221;, sostuvo en declaraciones radiales.<\/h3>\n<h3>Noticias Argentinas consult\u00f3 en la secretar\u00eda de Comercio si se hab\u00eda iniciado el traspaso y confirmaron hasta ahora que nadie se hab\u00eda presentado ni contactado con la gente de Mat\u00edas Tombolini.<\/h3>\n<h3>De esta forma el Gobierno entrante se correr\u00eda del control de precios que hoy encorseta muchos rubros de la econom\u00eda: desde almac\u00e9n y bebidas, naftas, medicamentos, indumentaria, carnes, y otros rubros que en la actualidad iban renovando acuerdos de precios.<\/h3>\n<h3>Resta conocerse detalles de que sector se har\u00eda cargo de otras cuestiones operativas que lleva la secretar\u00eda como el control de las SIRAS y el comercio exterior, los fideicomisos de harina de trigo y aceites, el control de abastecimiento, y otras responsabilidades que hoy lleva a cabo la Secretar\u00eda . Seg\u00fan pudo saber Noticias Argentinas, el \u00e1rea quedar\u00eda en manos de Infraestructura.<\/h3>\n<p>&nbsp;<\/p>\n<p>&nbsp;<\/p>\n<p>&nbsp;<\/p>\n<p>&nbsp;<\/p>\n<p>&nbsp;<\/p>\n<p>&nbsp;<\/p>\n","protected":false},"excerpt":{"rendered":"<p>&#8220;No tiene por qu\u00e9 estar haciendo eso de regular precios, me parece una aberraci\u00f3n eso&#8221;,&#8230;<\/p>\n","protected":false},"author":1,"featured_media":7633,"comment_status":"closed","ping_status":"closed","sticky":false,"template":"","format":"standard","meta":{"footnotes":""},"categories":[5],"tags":[],"class_list":["post-7632","post","type-post","status-publish","format-standard","has-post-thumbnail","hentry","category-nacionales-internacionales"],"yoast_head":"<!-- This site is optimized with the Yoast SEO plugin v26.1.1 - https:\/\/yoast.com\/wordpress\/plugins\/seo\/ -->\n<title>JAVIER MILEI ANUNCI\u00d3 EL CIERRE DE LA SECRETAR\u00cdA DE COMERCIO - Apuntes de San Luis<\/title>\n<meta name=\"robots\" content=\"index, follow, max-snippet:-1, max-image-preview:large, max-video-preview:-1\" \/>\n<link rel=\"canonical\" href=\"https:\/\/apuntesdesanluis.com\/index.php\/2023\/11\/29\/javier-milei-anuncio-el-cierre-de-la-secretaria-de-comercio\/\" \/>\n<meta property=\"og:locale\" content=\"es_ES\" \/>\n<meta property=\"og:type\" content=\"article\" \/>\n<meta property=\"og:title\" content=\"JAVIER MILEI ANUNCI\u00d3 EL CIERRE DE LA SECRETAR\u00cdA DE COMERCIO - Apuntes de San Luis\" \/>\n<meta property=\"og:description\" content=\"&#8220;No tiene por qu\u00e9 estar haciendo eso de regular precios, me parece una aberraci\u00f3n eso&#8221;,...\" \/>\n<meta property=\"og:url\" content=\"https:\/\/apuntesdesanluis.com\/index.php\/2023\/11\/29\/javier-milei-anuncio-el-cierre-de-la-secretaria-de-comercio\/\" \/>\n<meta property=\"og:site_name\" content=\"Apuntes de San Luis\" \/>\n<meta property=\"article:published_time\" content=\"2023-11-30T02:23:32+00:00\" \/>\n<meta property=\"og:image\" content=\"https:\/\/apuntesdesanluis.com\/wp-content\/uploads\/2023\/11\/PRECIOS-JUSTOS.png\" \/>\n\t<meta property=\"og:image:width\" content=\"677\" \/>\n\t<meta property=\"og:image:height\" content=\"421\" \/>\n\t<meta property=\"og:image:type\" content=\"image\/png\" \/>\n<meta name=\"author\" content=\"apuntesdesanluis.com\" \/>\n<meta name=\"twitter:card\" content=\"summary_large_image\" \/>\n<meta name=\"twitter:label1\" content=\"Escrito por\" \/>\n\t<meta name=\"twitter:data1\" content=\"apuntesdesanluis.com\" \/>\n\t<meta name=\"twitter:label2\" content=\"Tiempo de lectura\" \/>\n\t<meta name=\"twitter:data2\" content=\"2 minutos\" \/>\n<script type=\"application\/ld+json\" class=\"yoast-schema-graph\">{\"@context\":\"https:\/\/schema.org\",\"@graph\":[{\"@type\":\"Article\",\"@id\":\"https:\/\/apuntesdesanluis.com\/index.php\/2023\/11\/29\/javier-milei-anuncio-el-cierre-de-la-secretaria-de-comercio\/#article\",\"isPartOf\":{\"@id\":\"https:\/\/apuntesdesanluis.com\/index.php\/2023\/11\/29\/javier-milei-anuncio-el-cierre-de-la-secretaria-de-comercio\/\"},\"author\":{\"name\":\"apuntesdesanluis.com\",\"@id\":\"https:\/\/apuntesdesanluis.com\/#\/schema\/person\/b55151d52296fcce64d1a72538a70b90\"},\"headline\":\"JAVIER MILEI ANUNCI\u00d3 EL CIERRE DE LA SECRETAR\u00cdA DE COMERCIO\",\"datePublished\":\"2023-11-30T02:23:32+00:00\",\"mainEntityOfPage\":{\"@id\":\"https:\/\/apuntesdesanluis.com\/index.php\/2023\/11\/29\/javier-milei-anuncio-el-cierre-de-la-secretaria-de-comercio\/\"},\"wordCount\":340,\"publisher\":{\"@id\":\"https:\/\/apuntesdesanluis.com\/#\/schema\/person\/b55151d52296fcce64d1a72538a70b90\"},\"image\":{\"@id\":\"https:\/\/apuntesdesanluis.com\/index.php\/2023\/11\/29\/javier-milei-anuncio-el-cierre-de-la-secretaria-de-comercio\/#primaryimage\"},\"thumbnailUrl\":\"https:\/\/apuntesdesanluis.com\/wp-content\/uploads\/2023\/11\/PRECIOS-JUSTOS.png\",\"articleSection\":[\"Nacionales\/Internacionales\"],\"inLanguage\":\"es-AR\"},{\"@type\":\"WebPage\",\"@id\":\"https:\/\/apuntesdesanluis.com\/index.php\/2023\/11\/29\/javier-milei-anuncio-el-cierre-de-la-secretaria-de-comercio\/\",\"url\":\"https:\/\/apuntesdesanluis.com\/index.php\/2023\/11\/29\/javier-milei-anuncio-el-cierre-de-la-secretaria-de-comercio\/\",\"name\":\"JAVIER MILEI ANUNCI\u00d3 EL CIERRE DE LA SECRETAR\u00cdA DE COMERCIO - Apuntes de San Luis\",\"isPartOf\":{\"@id\":\"https:\/\/apuntesdesanluis.com\/#website\"},\"primaryImageOfPage\":{\"@id\":\"https:\/\/apuntesdesanluis.com\/index.php\/2023\/11\/29\/javier-milei-anuncio-el-cierre-de-la-secretaria-de-comercio\/#primaryimage\"},\"image\":{\"@id\":\"https:\/\/apuntesdesanluis.com\/index.php\/2023\/11\/29\/javier-milei-anuncio-el-cierre-de-la-secretaria-de-comercio\/#primaryimage\"},\"thumbnailUrl\":\"https:\/\/apuntesdesanluis.com\/wp-content\/uploads\/2023\/11\/PRECIOS-JUSTOS.png\",\"datePublished\":\"2023-11-30T02:23:32+00:00\",\"breadcrumb\":{\"@id\":\"https:\/\/apuntesdesanluis.com\/index.php\/2023\/11\/29\/javier-milei-anuncio-el-cierre-de-la-secretaria-de-comercio\/#breadcrumb\"},\"inLanguage\":\"es-AR\",\"potentialAction\":[{\"@type\":\"ReadAction\",\"target\":[\"https:\/\/apuntesdesanluis.com\/index.php\/2023\/11\/29\/javier-milei-anuncio-el-cierre-de-la-secretaria-de-comercio\/\"]}]},{\"@type\":\"ImageObject\",\"inLanguage\":\"es-AR\",\"@id\":\"https:\/\/apuntesdesanluis.com\/index.php\/2023\/11\/29\/javier-milei-anuncio-el-cierre-de-la-secretaria-de-comercio\/#primaryimage\",\"url\":\"https:\/\/apuntesdesanluis.com\/wp-content\/uploads\/2023\/11\/PRECIOS-JUSTOS.png\",\"contentUrl\":\"https:\/\/apuntesdesanluis.com\/wp-content\/uploads\/2023\/11\/PRECIOS-JUSTOS.png\",\"width\":677,\"height\":421},{\"@type\":\"BreadcrumbList\",\"@id\":\"https:\/\/apuntesdesanluis.com\/index.php\/2023\/11\/29\/javier-milei-anuncio-el-cierre-de-la-secretaria-de-comercio\/#breadcrumb\",\"itemListElement\":[{\"@type\":\"ListItem\",\"position\":1,\"name\":\"Inicio\",\"item\":\"https:\/\/apuntesdesanluis.com\/\"},{\"@type\":\"ListItem\",\"position\":2,\"name\":\"JAVIER MILEI ANUNCI\u00d3 EL CIERRE DE LA SECRETAR\u00cdA DE COMERCIO\"}]},{\"@type\":\"WebSite\",\"@id\":\"https:\/\/apuntesdesanluis.com\/#website\",\"url\":\"https:\/\/apuntesdesanluis.com\/\",\"name\":\"Apuntes de San Luis\",\"description\":\"\",\"publisher\":{\"@id\":\"https:\/\/apuntesdesanluis.com\/#\/schema\/person\/b55151d52296fcce64d1a72538a70b90\"},\"potentialAction\":[{\"@type\":\"SearchAction\",\"target\":{\"@type\":\"EntryPoint\",\"urlTemplate\":\"https:\/\/apuntesdesanluis.com\/?s={search_term_string}\"},\"query-input\":{\"@type\":\"PropertyValueSpecification\",\"valueRequired\":true,\"valueName\":\"search_term_string\"}}],\"inLanguage\":\"es-AR\"},{\"@type\":[\"Person\",\"Organization\"],\"@id\":\"https:\/\/apuntesdesanluis.com\/#\/schema\/person\/b55151d52296fcce64d1a72538a70b90\",\"name\":\"apuntesdesanluis.com\",\"image\":{\"@type\":\"ImageObject\",\"inLanguage\":\"es-AR\",\"@id\":\"https:\/\/apuntesdesanluis.com\/#\/schema\/person\/image\/\",\"url\":\"https:\/\/apuntesdesanluis.com\/wp-content\/uploads\/2023\/07\/cropped-apuntesdesanluis.png\",\"contentUrl\":\"https:\/\/apuntesdesanluis.com\/wp-content\/uploads\/2023\/07\/cropped-apuntesdesanluis.png\",\"width\":450,\"height\":112,\"caption\":\"apuntesdesanluis.com\"},\"logo\":{\"@id\":\"https:\/\/apuntesdesanluis.com\/#\/schema\/person\/image\/\"},\"sameAs\":[\"https:\/\/apuntesdesanluis.com\"],\"url\":\"https:\/\/apuntesdesanluis.com\/index.php\/author\/apuntesdesanluis-com\/\"}]}<\/script>\n<!-- \/ Yoast SEO plugin. -->","yoast_head_json":{"title":"JAVIER MILEI ANUNCI\u00d3 EL CIERRE DE LA SECRETAR\u00cdA DE COMERCIO - Apuntes de San Luis","robots":{"index":"index","follow":"follow","max-snippet":"max-snippet:-1","max-image-preview":"max-image-preview:large","max-video-preview":"max-video-preview:-1"},"canonical":"https:\/\/apuntesdesanluis.com\/index.php\/2023\/11\/29\/javier-milei-anuncio-el-cierre-de-la-secretaria-de-comercio\/","og_locale":"es_ES","og_type":"article","og_title":"JAVIER MILEI ANUNCI\u00d3 EL CIERRE DE LA SECRETAR\u00cdA DE COMERCIO - Apuntes de San Luis","og_description":"&#8220;No tiene por qu\u00e9 estar haciendo eso de regular precios, me parece una aberraci\u00f3n eso&#8221;,...","og_url":"https:\/\/apuntesdesanluis.com\/index.php\/2023\/11\/29\/javier-milei-anuncio-el-cierre-de-la-secretaria-de-comercio\/","og_site_name":"Apuntes de San Luis","article_published_time":"2023-11-30T02:23:32+00:00","og_image":[{"width":677,"height":421,"url":"https:\/\/apuntesdesanluis.com\/wp-content\/uploads\/2023\/11\/PRECIOS-JUSTOS.png","type":"image\/png"}],"author":"apuntesdesanluis.com","twitter_card":"summary_large_image","twitter_misc":{"Escrito por":"apuntesdesanluis.com","Tiempo de lectura":"2 minutos"},"schema":{"@context":"https:\/\/schema.org","@graph":[{"@type":"Article","@id":"https:\/\/apuntesdesanluis.com\/index.php\/2023\/11\/29\/javier-milei-anuncio-el-cierre-de-la-secretaria-de-comercio\/#article","isPartOf":{"@id":"https:\/\/apuntesdesanluis.com\/index.php\/2023\/11\/29\/javier-milei-anuncio-el-cierre-de-la-secretaria-de-comercio\/"},"author":{"name":"apuntesdesanluis.com","@id":"https:\/\/apuntesdesanluis.com\/#\/schema\/person\/b55151d52296fcce64d1a72538a70b90"},"headline":"JAVIER MILEI ANUNCI\u00d3 EL CIERRE DE LA SECRETAR\u00cdA DE COMERCIO","datePublished":"2023-11-30T02:23:32+00:00","mainEntityOfPage":{"@id":"https:\/\/apuntesdesanluis.com\/index.php\/2023\/11\/29\/javier-milei-anuncio-el-cierre-de-la-secretaria-de-comercio\/"},"wordCount":340,"publisher":{"@id":"https:\/\/apuntesdesanluis.com\/#\/schema\/person\/b55151d52296fcce64d1a72538a70b90"},"image":{"@id":"https:\/\/apuntesdesanluis.com\/index.php\/2023\/11\/29\/javier-milei-anuncio-el-cierre-de-la-secretaria-de-comercio\/#primaryimage"},"thumbnailUrl":"https:\/\/apuntesdesanluis.com\/wp-content\/uploads\/2023\/11\/PRECIOS-JUSTOS.png","articleSection":["Nacionales\/Internacionales"],"inLanguage":"es-AR"},{"@type":"WebPage","@id":"https:\/\/apuntesdesanluis.com\/index.php\/2023\/11\/29\/javier-milei-anuncio-el-cierre-de-la-secretaria-de-comercio\/","url":"https:\/\/apuntesdesanluis.com\/index.php\/2023\/11\/29\/javier-milei-anuncio-el-cierre-de-la-secretaria-de-comercio\/","name":"JAVIER MILEI ANUNCI\u00d3 EL CIERRE DE LA SECRETAR\u00cdA DE COMERCIO - Apuntes de San Luis","isPartOf":{"@id":"https:\/\/apuntesdesanluis.com\/#website"},"primaryImageOfPage":{"@id":"https:\/\/apuntesdesanluis.com\/index.php\/2023\/11\/29\/javier-milei-anuncio-el-cierre-de-la-secretaria-de-comercio\/#primaryimage"},"image":{"@id":"https:\/\/apuntesdesanluis.com\/index.php\/2023\/11\/29\/javier-milei-anuncio-el-cierre-de-la-secretaria-de-comercio\/#primaryimage"},"thumbnailUrl":"https:\/\/apuntesdesanluis.com\/wp-content\/uploads\/2023\/11\/PRECIOS-JUSTOS.png","datePublished":"2023-11-30T02:23:32+00:00","breadcrumb":{"@id":"https:\/\/apuntesdesanluis.com\/index.php\/2023\/11\/29\/javier-milei-anuncio-el-cierre-de-la-secretaria-de-comercio\/#breadcrumb"},"inLanguage":"es-AR","potentialAction":[{"@type":"ReadAction","target":["https:\/\/apuntesdesanluis.com\/index.php\/2023\/11\/29\/javier-milei-anuncio-el-cierre-de-la-secretaria-de-comercio\/"]}]},{"@type":"ImageObject","inLanguage":"es-AR","@id":"https:\/\/apuntesdesanluis.com\/index.php\/2023\/11\/29\/javier-milei-anuncio-el-cierre-de-la-secretaria-de-comercio\/#primaryimage","url":"https:\/\/apuntesdesanluis.com\/wp-content\/uploads\/2023\/11\/PRECIOS-JUSTOS.png","contentUrl":"https:\/\/apuntesdesanluis.com\/wp-content\/uploads\/2023\/11\/PRECIOS-JUSTOS.png","width":677,"height":421},{"@type":"BreadcrumbList","@id":"https:\/\/apuntesdesanluis.com\/index.php\/2023\/11\/29\/javier-milei-anuncio-el-cierre-de-la-secretaria-de-comercio\/#breadcrumb","itemListElement":[{"@type":"ListItem","position":1,"name":"Inicio","item":"https:\/\/apuntesdesanluis.com\/"},{"@type":"ListItem","position":2,"name":"JAVIER MILEI ANUNCI\u00d3 EL CIERRE DE LA SECRETAR\u00cdA DE COMERCIO"}]},{"@type":"WebSite","@id":"https:\/\/apuntesdesanluis.com\/#website","url":"https:\/\/apuntesdesanluis.com\/","name":"Apuntes de San Luis","description":"","publisher":{"@id":"https:\/\/apuntesdesanluis.com\/#\/schema\/person\/b55151d52296fcce64d1a72538a70b90"},"potentialAction":[{"@type":"SearchAction","target":{"@type":"EntryPoint","urlTemplate":"https:\/\/apuntesdesanluis.com\/?s={search_term_string}"},"query-input":{"@type":"PropertyValueSpecification","valueRequired":true,"valueName":"search_term_string"}}],"inLanguage":"es-AR"},{"@type":["Person","Organization"],"@id":"https:\/\/apuntesdesanluis.com\/#\/schema\/person\/b55151d52296fcce64d1a72538a70b90","name":"apuntesdesanluis.com","image":{"@type":"ImageObject","inLanguage":"es-AR","@id":"https:\/\/apuntesdesanluis.com\/#\/schema\/person\/image\/","url":"https:\/\/apuntesdesanluis.com\/wp-content\/uploads\/2023\/07\/cropped-apuntesdesanluis.png","contentUrl":"https:\/\/apuntesdesanluis.com\/wp-content\/uploads\/2023\/07\/cropped-apuntesdesanluis.png","width":450,"height":112,"caption":"apuntesdesanluis.com"},"logo":{"@id":"https:\/\/apuntesdesanluis.com\/#\/schema\/person\/image\/"},"sameAs":["https:\/\/apuntesdesanluis.com"],"url":"https:\/\/apuntesdesanluis.com\/index.php\/author\/apuntesdesanluis-com\/"}]}},"featured_image_urls":{"full":["https:\/\/apuntesdesanluis.com\/wp-content\/uploads\/2023\/11\/PRECIOS-JUSTOS.png",677,421,false],"thumbnail":["https:\/\/apuntesdesanluis.com\/wp-content\/uploads\/2023\/11\/PRECIOS-JUSTOS-150x150.png",150,150,true],"medium":["https:\/\/apuntesdesanluis.com\/wp-content\/uploads\/2023\/11\/PRECIOS-JUSTOS-300x187.png",300,187,true],"medium_large":["https:\/\/apuntesdesanluis.com\/wp-content\/uploads\/2023\/11\/PRECIOS-JUSTOS.png",640,398,false],"large":["https:\/\/apuntesdesanluis.com\/wp-content\/uploads\/2023\/11\/PRECIOS-JUSTOS.png",640,398,false],"1536x1536":["https:\/\/apuntesdesanluis.com\/wp-content\/uploads\/2023\/11\/PRECIOS-JUSTOS.png",677,421,false],"2048x2048":["https:\/\/apuntesdesanluis.com\/wp-content\/uploads\/2023\/11\/PRECIOS-JUSTOS.png",677,421,false],"newsever-slider-full":["https:\/\/apuntesdesanluis.com\/wp-content\/uploads\/2023\/11\/PRECIOS-JUSTOS.png",677,421,false],"newsever-featured":["https:\/\/apuntesdesanluis.com\/wp-content\/uploads\/2023\/11\/PRECIOS-JUSTOS.png",677,421,false],"newsever-medium":["https:\/\/apuntesdesanluis.com\/wp-content\/uploads\/2023\/11\/PRECIOS-JUSTOS.png",677,421,false]},"author_info":{"display_name":"apuntesdesanluis.com","author_link":"https:\/\/apuntesdesanluis.com\/index.php\/author\/apuntesdesanluis-com\/"},"category_info":"<a href=\"https:\/\/apuntesdesanluis.com\/index.php\/category\/nacionales-internacionales\/\" rel=\"category tag\">Nacionales\/Internacionales<\/a>","tag_info":"Nacionales\/Internacionales","comment_count":"0","_links":{"self":[{"href":"https:\/\/apuntesdesanluis.com\/index.php\/wp-json\/wp\/v2\/posts\/7632","targetHints":{"allow":["GET"]}}],"collection":[{"href":"https:\/\/apuntesdesanluis.com\/index.php\/wp-json\/wp\/v2\/posts"}],"about":[{"href":"https:\/\/apuntesdesanluis.com\/index.php\/wp-json\/wp\/v2\/types\/post"}],"author":[{"embeddable":true,"href":"https:\/\/apuntesdesanluis.com\/index.php\/wp-json\/wp\/v2\/users\/1"}],"replies":[{"embeddable":true,"href":"https:\/\/apuntesdesanluis.com\/index.php\/wp-json\/wp\/v2\/comments?post=7632"}],"version-history":[{"count":1,"href":"https:\/\/apuntesdesanluis.com\/index.php\/wp-json\/wp\/v2\/posts\/7632\/revisions"}],"predecessor-version":[{"id":7634,"href":"https:\/\/apuntesdesanluis.com\/index.php\/wp-json\/wp\/v2\/posts\/7632\/revisions\/7634"}],"wp:featuredmedia":[{"embeddable":true,"href":"https:\/\/apuntesdesanluis.com\/index.php\/wp-json\/wp\/v2\/media\/7633"}],"wp:attachment":[{"href":"https:\/\/apuntesdesanluis.com\/index.php\/wp-json\/wp\/v2\/media?parent=7632"}],"wp:term":[{"taxonomy":"category","embeddable":true,"href":"https:\/\/apuntesdesanluis.com\/index.php\/wp-json\/wp\/v2\/categories?post=7632"},{"taxonomy":"post_tag","embeddable":true,"href":"https:\/\/apuntesdesanluis.com\/index.php\/wp-json\/wp\/v2\/tags?post=7632"}],"curies":[{"name":"wp","href":"https:\/\/api.w.org\/{rel}","templated":true}]}}