{"id":7641,"date":"2023-11-29T23:44:25","date_gmt":"2023-11-30T02:44:25","guid":{"rendered":"https:\/\/apuntesdesanluis.com\/?p=7641"},"modified":"2023-11-29T23:44:25","modified_gmt":"2023-11-30T02:44:25","slug":"se-confirmo-la-fecha-del-veredicto-por-el-segundo-juicio-en-la-muerte-de-debora-perez-volpin","status":"publish","type":"post","link":"https:\/\/apuntesdesanluis.com\/index.php\/2023\/11\/29\/se-confirmo-la-fecha-del-veredicto-por-el-segundo-juicio-en-la-muerte-de-debora-perez-volpin\/","title":{"rendered":"SE CONFIRM\u00d3 LA FECHA DEL VEREDICTO POR EL SEGUNDO JUICIO EN LA MUERTE DE D\u00c9BORA P\u00c9REZ VOLPIN"},"content":{"rendered":"<h3>El 6 de diciembre pr\u00f3ximo se dar\u00e1 a conocer el veredicto en el segundo juicio por la muerte de la periodista <strong>D\u00e9bora P\u00e9rez Volpin,<\/strong> donde el ex director M\u00e9dico del Sanatorio de la Trinidad est\u00e1 acusado de encubrimiento.<\/h3>\n<h3>Se trata del ex director m\u00e9dico del sanatorio La Trinidad, <strong>Roberto Martingano<\/strong>, acusado por encubrimiento y falso testimonio, y para la instrumentada <strong>Miriam Frias<\/strong> por falso testimonio.<\/h3>\n<h3>El mi\u00e9rcoles 6 ser\u00e1 el turno primero de las \u00faltimas palabras de los imputados que podr\u00e1n hablar si as\u00ed lo desean. De hacerlo, luego de ello el Tribunal fijar\u00e1 el horario en que se conocer\u00e1 el veredicto.<\/h3>\n<h3>Ambos son parte del segundo juicio por la muerte de la periodista el 6 de febrero de 2018, y luego de un primer juicio en donde fue condenado el endoscopista Diego Bialolinkier a tres a\u00f1os de prisi\u00f3n en suspenso. En ese primer juicio tambi\u00e9n fue absuelta la anestesista N\u00e9lida Puente.<\/h3>\n<h3>La defensa de Martingano a cargo del abogado Vadim Mischankuk pidi\u00f3 la absoluci\u00f3n porque dijo que no existi\u00f3 delito.<\/h3>\n<h3>Para el abogado Pirota, el primer acto de encubrimiento fue el mismo d\u00eda en que muere P\u00e9rez Volpin, cuando se detall\u00f3 en su historia cl\u00ednica algo distinto a lo que hab\u00eda sucedido en verdad, que fue una mala praxis.<\/h3>\n<p>&nbsp;<\/p>\n<p>&nbsp;<\/p>\n<p>&nbsp;<\/p>\n<p>&nbsp;<\/p>\n<p>&nbsp;<\/p>\n<p>&nbsp;<\/p>\n","protected":false},"excerpt":{"rendered":"<p>El 6 de diciembre pr\u00f3ximo se dar\u00e1 a conocer el veredicto en el segundo juicio&#8230;<\/p>\n","protected":false},"author":1,"featured_media":7642,"comment_status":"closed","ping_status":"closed","sticky":false,"template":"","format":"standard","meta":{"footnotes":""},"categories":[5],"tags":[],"class_list":["post-7641","post","type-post","status-publish","format-standard","has-post-thumbnail","hentry","category-nacionales-internacionales"],"yoast_head":"<!-- This site is optimized with the Yoast SEO plugin v26.1.1 - https:\/\/yoast.com\/wordpress\/plugins\/seo\/ -->\n<title>SE CONFIRM\u00d3 LA FECHA DEL VEREDICTO POR EL SEGUNDO JUICIO EN LA MUERTE DE D\u00c9BORA P\u00c9REZ VOLPIN - Apuntes de San Luis<\/title>\n<meta name=\"robots\" content=\"index, follow, max-snippet:-1, max-image-preview:large, max-video-preview:-1\" \/>\n<link rel=\"canonical\" href=\"https:\/\/apuntesdesanluis.com\/index.php\/2023\/11\/29\/se-confirmo-la-fecha-del-veredicto-por-el-segundo-juicio-en-la-muerte-de-debora-perez-volpin\/\" \/>\n<meta property=\"og:locale\" content=\"es_ES\" \/>\n<meta property=\"og:type\" content=\"article\" \/>\n<meta property=\"og:title\" content=\"SE CONFIRM\u00d3 LA FECHA DEL VEREDICTO POR EL SEGUNDO JUICIO EN LA MUERTE DE D\u00c9BORA P\u00c9REZ VOLPIN - Apuntes de San Luis\" \/>\n<meta property=\"og:description\" content=\"El 6 de diciembre pr\u00f3ximo se dar\u00e1 a conocer el veredicto en el segundo juicio...\" \/>\n<meta property=\"og:url\" content=\"https:\/\/apuntesdesanluis.com\/index.php\/2023\/11\/29\/se-confirmo-la-fecha-del-veredicto-por-el-segundo-juicio-en-la-muerte-de-debora-perez-volpin\/\" \/>\n<meta property=\"og:site_name\" content=\"Apuntes de San Luis\" \/>\n<meta property=\"article:published_time\" content=\"2023-11-30T02:44:25+00:00\" \/>\n<meta property=\"og:image\" content=\"https:\/\/apuntesdesanluis.com\/wp-content\/uploads\/2023\/11\/DEBORA-PEREZ-VOLPIN.png\" \/>\n\t<meta property=\"og:image:width\" content=\"619\" \/>\n\t<meta property=\"og:image:height\" content=\"388\" \/>\n\t<meta property=\"og:image:type\" content=\"image\/png\" \/>\n<meta name=\"author\" content=\"apuntesdesanluis.com\" \/>\n<meta name=\"twitter:card\" content=\"summary_large_image\" \/>\n<meta name=\"twitter:label1\" content=\"Escrito por\" \/>\n\t<meta name=\"twitter:data1\" content=\"apuntesdesanluis.com\" \/>\n\t<meta name=\"twitter:label2\" content=\"Tiempo de lectura\" \/>\n\t<meta name=\"twitter:data2\" content=\"1 minuto\" \/>\n<script type=\"application\/ld+json\" class=\"yoast-schema-graph\">{\"@context\":\"https:\/\/schema.org\",\"@graph\":[{\"@type\":\"Article\",\"@id\":\"https:\/\/apuntesdesanluis.com\/index.php\/2023\/11\/29\/se-confirmo-la-fecha-del-veredicto-por-el-segundo-juicio-en-la-muerte-de-debora-perez-volpin\/#article\",\"isPartOf\":{\"@id\":\"https:\/\/apuntesdesanluis.com\/index.php\/2023\/11\/29\/se-confirmo-la-fecha-del-veredicto-por-el-segundo-juicio-en-la-muerte-de-debora-perez-volpin\/\"},\"author\":{\"name\":\"apuntesdesanluis.com\",\"@id\":\"https:\/\/apuntesdesanluis.com\/#\/schema\/person\/b55151d52296fcce64d1a72538a70b90\"},\"headline\":\"SE CONFIRM\u00d3 LA FECHA DEL VEREDICTO POR EL SEGUNDO JUICIO EN LA MUERTE DE D\u00c9BORA P\u00c9REZ VOLPIN\",\"datePublished\":\"2023-11-30T02:44:25+00:00\",\"mainEntityOfPage\":{\"@id\":\"https:\/\/apuntesdesanluis.com\/index.php\/2023\/11\/29\/se-confirmo-la-fecha-del-veredicto-por-el-segundo-juicio-en-la-muerte-de-debora-perez-volpin\/\"},\"wordCount\":247,\"publisher\":{\"@id\":\"https:\/\/apuntesdesanluis.com\/#\/schema\/person\/b55151d52296fcce64d1a72538a70b90\"},\"image\":{\"@id\":\"https:\/\/apuntesdesanluis.com\/index.php\/2023\/11\/29\/se-confirmo-la-fecha-del-veredicto-por-el-segundo-juicio-en-la-muerte-de-debora-perez-volpin\/#primaryimage\"},\"thumbnailUrl\":\"https:\/\/apuntesdesanluis.com\/wp-content\/uploads\/2023\/11\/DEBORA-PEREZ-VOLPIN.png\",\"articleSection\":[\"Nacionales\/Internacionales\"],\"inLanguage\":\"es-AR\"},{\"@type\":\"WebPage\",\"@id\":\"https:\/\/apuntesdesanluis.com\/index.php\/2023\/11\/29\/se-confirmo-la-fecha-del-veredicto-por-el-segundo-juicio-en-la-muerte-de-debora-perez-volpin\/\",\"url\":\"https:\/\/apuntesdesanluis.com\/index.php\/2023\/11\/29\/se-confirmo-la-fecha-del-veredicto-por-el-segundo-juicio-en-la-muerte-de-debora-perez-volpin\/\",\"name\":\"SE CONFIRM\u00d3 LA FECHA DEL VEREDICTO POR EL SEGUNDO JUICIO EN LA MUERTE DE D\u00c9BORA P\u00c9REZ VOLPIN - Apuntes de San Luis\",\"isPartOf\":{\"@id\":\"https:\/\/apuntesdesanluis.com\/#website\"},\"primaryImageOfPage\":{\"@id\":\"https:\/\/apuntesdesanluis.com\/index.php\/2023\/11\/29\/se-confirmo-la-fecha-del-veredicto-por-el-segundo-juicio-en-la-muerte-de-debora-perez-volpin\/#primaryimage\"},\"image\":{\"@id\":\"https:\/\/apuntesdesanluis.com\/index.php\/2023\/11\/29\/se-confirmo-la-fecha-del-veredicto-por-el-segundo-juicio-en-la-muerte-de-debora-perez-volpin\/#primaryimage\"},\"thumbnailUrl\":\"https:\/\/apuntesdesanluis.com\/wp-content\/uploads\/2023\/11\/DEBORA-PEREZ-VOLPIN.png\",\"datePublished\":\"2023-11-30T02:44:25+00:00\",\"breadcrumb\":{\"@id\":\"https:\/\/apuntesdesanluis.com\/index.php\/2023\/11\/29\/se-confirmo-la-fecha-del-veredicto-por-el-segundo-juicio-en-la-muerte-de-debora-perez-volpin\/#breadcrumb\"},\"inLanguage\":\"es-AR\",\"potentialAction\":[{\"@type\":\"ReadAction\",\"target\":[\"https:\/\/apuntesdesanluis.com\/index.php\/2023\/11\/29\/se-confirmo-la-fecha-del-veredicto-por-el-segundo-juicio-en-la-muerte-de-debora-perez-volpin\/\"]}]},{\"@type\":\"ImageObject\",\"inLanguage\":\"es-AR\",\"@id\":\"https:\/\/apuntesdesanluis.com\/index.php\/2023\/11\/29\/se-confirmo-la-fecha-del-veredicto-por-el-segundo-juicio-en-la-muerte-de-debora-perez-volpin\/#primaryimage\",\"url\":\"https:\/\/apuntesdesanluis.com\/wp-content\/uploads\/2023\/11\/DEBORA-PEREZ-VOLPIN.png\",\"contentUrl\":\"https:\/\/apuntesdesanluis.com\/wp-content\/uploads\/2023\/11\/DEBORA-PEREZ-VOLPIN.png\",\"width\":619,\"height\":388},{\"@type\":\"BreadcrumbList\",\"@id\":\"https:\/\/apuntesdesanluis.com\/index.php\/2023\/11\/29\/se-confirmo-la-fecha-del-veredicto-por-el-segundo-juicio-en-la-muerte-de-debora-perez-volpin\/#breadcrumb\",\"itemListElement\":[{\"@type\":\"ListItem\",\"position\":1,\"name\":\"Inicio\",\"item\":\"https:\/\/apuntesdesanluis.com\/\"},{\"@type\":\"ListItem\",\"position\":2,\"name\":\"SE CONFIRM\u00d3 LA FECHA DEL VEREDICTO POR EL SEGUNDO JUICIO EN LA MUERTE DE D\u00c9BORA P\u00c9REZ VOLPIN\"}]},{\"@type\":\"WebSite\",\"@id\":\"https:\/\/apuntesdesanluis.com\/#website\",\"url\":\"https:\/\/apuntesdesanluis.com\/\",\"name\":\"Apuntes de San Luis\",\"description\":\"\",\"publisher\":{\"@id\":\"https:\/\/apuntesdesanluis.com\/#\/schema\/person\/b55151d52296fcce64d1a72538a70b90\"},\"potentialAction\":[{\"@type\":\"SearchAction\",\"target\":{\"@type\":\"EntryPoint\",\"urlTemplate\":\"https:\/\/apuntesdesanluis.com\/?s={search_term_string}\"},\"query-input\":{\"@type\":\"PropertyValueSpecification\",\"valueRequired\":true,\"valueName\":\"search_term_string\"}}],\"inLanguage\":\"es-AR\"},{\"@type\":[\"Person\",\"Organization\"],\"@id\":\"https:\/\/apuntesdesanluis.com\/#\/schema\/person\/b55151d52296fcce64d1a72538a70b90\",\"name\":\"apuntesdesanluis.com\",\"image\":{\"@type\":\"ImageObject\",\"inLanguage\":\"es-AR\",\"@id\":\"https:\/\/apuntesdesanluis.com\/#\/schema\/person\/image\/\",\"url\":\"https:\/\/apuntesdesanluis.com\/wp-content\/uploads\/2023\/07\/cropped-apuntesdesanluis.png\",\"contentUrl\":\"https:\/\/apuntesdesanluis.com\/wp-content\/uploads\/2023\/07\/cropped-apuntesdesanluis.png\",\"width\":450,\"height\":112,\"caption\":\"apuntesdesanluis.com\"},\"logo\":{\"@id\":\"https:\/\/apuntesdesanluis.com\/#\/schema\/person\/image\/\"},\"sameAs\":[\"https:\/\/apuntesdesanluis.com\"],\"url\":\"https:\/\/apuntesdesanluis.com\/index.php\/author\/apuntesdesanluis-com\/\"}]}<\/script>\n<!-- \/ Yoast SEO plugin. -->","yoast_head_json":{"title":"SE CONFIRM\u00d3 LA FECHA DEL VEREDICTO POR EL SEGUNDO JUICIO EN LA MUERTE DE D\u00c9BORA P\u00c9REZ VOLPIN - Apuntes de San Luis","robots":{"index":"index","follow":"follow","max-snippet":"max-snippet:-1","max-image-preview":"max-image-preview:large","max-video-preview":"max-video-preview:-1"},"canonical":"https:\/\/apuntesdesanluis.com\/index.php\/2023\/11\/29\/se-confirmo-la-fecha-del-veredicto-por-el-segundo-juicio-en-la-muerte-de-debora-perez-volpin\/","og_locale":"es_ES","og_type":"article","og_title":"SE CONFIRM\u00d3 LA FECHA DEL VEREDICTO POR EL SEGUNDO JUICIO EN LA MUERTE DE D\u00c9BORA P\u00c9REZ VOLPIN - Apuntes de San Luis","og_description":"El 6 de diciembre pr\u00f3ximo se dar\u00e1 a conocer el veredicto en el segundo juicio...","og_url":"https:\/\/apuntesdesanluis.com\/index.php\/2023\/11\/29\/se-confirmo-la-fecha-del-veredicto-por-el-segundo-juicio-en-la-muerte-de-debora-perez-volpin\/","og_site_name":"Apuntes de San Luis","article_published_time":"2023-11-30T02:44:25+00:00","og_image":[{"width":619,"height":388,"url":"https:\/\/apuntesdesanluis.com\/wp-content\/uploads\/2023\/11\/DEBORA-PEREZ-VOLPIN.png","type":"image\/png"}],"author":"apuntesdesanluis.com","twitter_card":"summary_large_image","twitter_misc":{"Escrito por":"apuntesdesanluis.com","Tiempo de lectura":"1 minuto"},"schema":{"@context":"https:\/\/schema.org","@graph":[{"@type":"Article","@id":"https:\/\/apuntesdesanluis.com\/index.php\/2023\/11\/29\/se-confirmo-la-fecha-del-veredicto-por-el-segundo-juicio-en-la-muerte-de-debora-perez-volpin\/#article","isPartOf":{"@id":"https:\/\/apuntesdesanluis.com\/index.php\/2023\/11\/29\/se-confirmo-la-fecha-del-veredicto-por-el-segundo-juicio-en-la-muerte-de-debora-perez-volpin\/"},"author":{"name":"apuntesdesanluis.com","@id":"https:\/\/apuntesdesanluis.com\/#\/schema\/person\/b55151d52296fcce64d1a72538a70b90"},"headline":"SE CONFIRM\u00d3 LA FECHA DEL VEREDICTO POR EL SEGUNDO JUICIO EN LA MUERTE DE D\u00c9BORA P\u00c9REZ VOLPIN","datePublished":"2023-11-30T02:44:25+00:00","mainEntityOfPage":{"@id":"https:\/\/apuntesdesanluis.com\/index.php\/2023\/11\/29\/se-confirmo-la-fecha-del-veredicto-por-el-segundo-juicio-en-la-muerte-de-debora-perez-volpin\/"},"wordCount":247,"publisher":{"@id":"https:\/\/apuntesdesanluis.com\/#\/schema\/person\/b55151d52296fcce64d1a72538a70b90"},"image":{"@id":"https:\/\/apuntesdesanluis.com\/index.php\/2023\/11\/29\/se-confirmo-la-fecha-del-veredicto-por-el-segundo-juicio-en-la-muerte-de-debora-perez-volpin\/#primaryimage"},"thumbnailUrl":"https:\/\/apuntesdesanluis.com\/wp-content\/uploads\/2023\/11\/DEBORA-PEREZ-VOLPIN.png","articleSection":["Nacionales\/Internacionales"],"inLanguage":"es-AR"},{"@type":"WebPage","@id":"https:\/\/apuntesdesanluis.com\/index.php\/2023\/11\/29\/se-confirmo-la-fecha-del-veredicto-por-el-segundo-juicio-en-la-muerte-de-debora-perez-volpin\/","url":"https:\/\/apuntesdesanluis.com\/index.php\/2023\/11\/29\/se-confirmo-la-fecha-del-veredicto-por-el-segundo-juicio-en-la-muerte-de-debora-perez-volpin\/","name":"SE CONFIRM\u00d3 LA FECHA DEL VEREDICTO POR EL SEGUNDO JUICIO EN LA MUERTE DE D\u00c9BORA P\u00c9REZ VOLPIN - Apuntes de San Luis","isPartOf":{"@id":"https:\/\/apuntesdesanluis.com\/#website"},"primaryImageOfPage":{"@id":"https:\/\/apuntesdesanluis.com\/index.php\/2023\/11\/29\/se-confirmo-la-fecha-del-veredicto-por-el-segundo-juicio-en-la-muerte-de-debora-perez-volpin\/#primaryimage"},"image":{"@id":"https:\/\/apuntesdesanluis.com\/index.php\/2023\/11\/29\/se-confirmo-la-fecha-del-veredicto-por-el-segundo-juicio-en-la-muerte-de-debora-perez-volpin\/#primaryimage"},"thumbnailUrl":"https:\/\/apuntesdesanluis.com\/wp-content\/uploads\/2023\/11\/DEBORA-PEREZ-VOLPIN.png","datePublished":"2023-11-30T02:44:25+00:00","breadcrumb":{"@id":"https:\/\/apuntesdesanluis.com\/index.php\/2023\/11\/29\/se-confirmo-la-fecha-del-veredicto-por-el-segundo-juicio-en-la-muerte-de-debora-perez-volpin\/#breadcrumb"},"inLanguage":"es-AR","potentialAction":[{"@type":"ReadAction","target":["https:\/\/apuntesdesanluis.com\/index.php\/2023\/11\/29\/se-confirmo-la-fecha-del-veredicto-por-el-segundo-juicio-en-la-muerte-de-debora-perez-volpin\/"]}]},{"@type":"ImageObject","inLanguage":"es-AR","@id":"https:\/\/apuntesdesanluis.com\/index.php\/2023\/11\/29\/se-confirmo-la-fecha-del-veredicto-por-el-segundo-juicio-en-la-muerte-de-debora-perez-volpin\/#primaryimage","url":"https:\/\/apuntesdesanluis.com\/wp-content\/uploads\/2023\/11\/DEBORA-PEREZ-VOLPIN.png","contentUrl":"https:\/\/apuntesdesanluis.com\/wp-content\/uploads\/2023\/11\/DEBORA-PEREZ-VOLPIN.png","width":619,"height":388},{"@type":"BreadcrumbList","@id":"https:\/\/apuntesdesanluis.com\/index.php\/2023\/11\/29\/se-confirmo-la-fecha-del-veredicto-por-el-segundo-juicio-en-la-muerte-de-debora-perez-volpin\/#breadcrumb","itemListElement":[{"@type":"ListItem","position":1,"name":"Inicio","item":"https:\/\/apuntesdesanluis.com\/"},{"@type":"ListItem","position":2,"name":"SE CONFIRM\u00d3 LA FECHA DEL VEREDICTO POR EL SEGUNDO JUICIO EN LA MUERTE DE D\u00c9BORA P\u00c9REZ VOLPIN"}]},{"@type":"WebSite","@id":"https:\/\/apuntesdesanluis.com\/#website","url":"https:\/\/apuntesdesanluis.com\/","name":"Apuntes de San Luis","description":"","publisher":{"@id":"https:\/\/apuntesdesanluis.com\/#\/schema\/person\/b55151d52296fcce64d1a72538a70b90"},"potentialAction":[{"@type":"SearchAction","target":{"@type":"EntryPoint","urlTemplate":"https:\/\/apuntesdesanluis.com\/?s={search_term_string}"},"query-input":{"@type":"PropertyValueSpecification","valueRequired":true,"valueName":"search_term_string"}}],"inLanguage":"es-AR"},{"@type":["Person","Organization"],"@id":"https:\/\/apuntesdesanluis.com\/#\/schema\/person\/b55151d52296fcce64d1a72538a70b90","name":"apuntesdesanluis.com","image":{"@type":"ImageObject","inLanguage":"es-AR","@id":"https:\/\/apuntesdesanluis.com\/#\/schema\/person\/image\/","url":"https:\/\/apuntesdesanluis.com\/wp-content\/uploads\/2023\/07\/cropped-apuntesdesanluis.png","contentUrl":"https:\/\/apuntesdesanluis.com\/wp-content\/uploads\/2023\/07\/cropped-apuntesdesanluis.png","width":450,"height":112,"caption":"apuntesdesanluis.com"},"logo":{"@id":"https:\/\/apuntesdesanluis.com\/#\/schema\/person\/image\/"},"sameAs":["https:\/\/apuntesdesanluis.com"],"url":"https:\/\/apuntesdesanluis.com\/index.php\/author\/apuntesdesanluis-com\/"}]}},"featured_image_urls":{"full":["https:\/\/apuntesdesanluis.com\/wp-content\/uploads\/2023\/11\/DEBORA-PEREZ-VOLPIN.png",619,388,false],"thumbnail":["https:\/\/apuntesdesanluis.com\/wp-content\/uploads\/2023\/11\/DEBORA-PEREZ-VOLPIN-150x150.png",150,150,true],"medium":["https:\/\/apuntesdesanluis.com\/wp-content\/uploads\/2023\/11\/DEBORA-PEREZ-VOLPIN-300x188.png",300,188,true],"medium_large":["https:\/\/apuntesdesanluis.com\/wp-content\/uploads\/2023\/11\/DEBORA-PEREZ-VOLPIN.png",619,388,false],"large":["https:\/\/apuntesdesanluis.com\/wp-content\/uploads\/2023\/11\/DEBORA-PEREZ-VOLPIN.png",619,388,false],"1536x1536":["https:\/\/apuntesdesanluis.com\/wp-content\/uploads\/2023\/11\/DEBORA-PEREZ-VOLPIN.png",619,388,false],"2048x2048":["https:\/\/apuntesdesanluis.com\/wp-content\/uploads\/2023\/11\/DEBORA-PEREZ-VOLPIN.png",619,388,false],"newsever-slider-full":["https:\/\/apuntesdesanluis.com\/wp-content\/uploads\/2023\/11\/DEBORA-PEREZ-VOLPIN.png",619,388,false],"newsever-featured":["https:\/\/apuntesdesanluis.com\/wp-content\/uploads\/2023\/11\/DEBORA-PEREZ-VOLPIN.png",619,388,false],"newsever-medium":["https:\/\/apuntesdesanluis.com\/wp-content\/uploads\/2023\/11\/DEBORA-PEREZ-VOLPIN.png",619,388,false]},"author_info":{"display_name":"apuntesdesanluis.com","author_link":"https:\/\/apuntesdesanluis.com\/index.php\/author\/apuntesdesanluis-com\/"},"category_info":"<a href=\"https:\/\/apuntesdesanluis.com\/index.php\/category\/nacionales-internacionales\/\" rel=\"category tag\">Nacionales\/Internacionales<\/a>","tag_info":"Nacionales\/Internacionales","comment_count":"0","_links":{"self":[{"href":"https:\/\/apuntesdesanluis.com\/index.php\/wp-json\/wp\/v2\/posts\/7641","targetHints":{"allow":["GET"]}}],"collection":[{"href":"https:\/\/apuntesdesanluis.com\/index.php\/wp-json\/wp\/v2\/posts"}],"about":[{"href":"https:\/\/apuntesdesanluis.com\/index.php\/wp-json\/wp\/v2\/types\/post"}],"author":[{"embeddable":true,"href":"https:\/\/apuntesdesanluis.com\/index.php\/wp-json\/wp\/v2\/users\/1"}],"replies":[{"embeddable":true,"href":"https:\/\/apuntesdesanluis.com\/index.php\/wp-json\/wp\/v2\/comments?post=7641"}],"version-history":[{"count":1,"href":"https:\/\/apuntesdesanluis.com\/index.php\/wp-json\/wp\/v2\/posts\/7641\/revisions"}],"predecessor-version":[{"id":7643,"href":"https:\/\/apuntesdesanluis.com\/index.php\/wp-json\/wp\/v2\/posts\/7641\/revisions\/7643"}],"wp:featuredmedia":[{"embeddable":true,"href":"https:\/\/apuntesdesanluis.com\/index.php\/wp-json\/wp\/v2\/media\/7642"}],"wp:attachment":[{"href":"https:\/\/apuntesdesanluis.com\/index.php\/wp-json\/wp\/v2\/media?parent=7641"}],"wp:term":[{"taxonomy":"category","embeddable":true,"href":"https:\/\/apuntesdesanluis.com\/index.php\/wp-json\/wp\/v2\/categories?post=7641"},{"taxonomy":"post_tag","embeddable":true,"href":"https:\/\/apuntesdesanluis.com\/index.php\/wp-json\/wp\/v2\/tags?post=7641"}],"curies":[{"name":"wp","href":"https:\/\/api.w.org\/{rel}","templated":true}]}}