{"id":7649,"date":"2023-11-30T00:04:29","date_gmt":"2023-11-30T03:04:29","guid":{"rendered":"https:\/\/apuntesdesanluis.com\/?p=7649"},"modified":"2023-11-30T00:04:29","modified_gmt":"2023-11-30T03:04:29","slug":"javier-milei-les-respondio-a-los-gobernadores-corten-otros-gastos-y-paguen-los-salarios-no-hay-mas-plata","status":"publish","type":"post","link":"https:\/\/apuntesdesanluis.com\/index.php\/2023\/11\/30\/javier-milei-les-respondio-a-los-gobernadores-corten-otros-gastos-y-paguen-los-salarios-no-hay-mas-plata\/","title":{"rendered":"JAVIER MILEI LES RESPONDI\u00d3 A LOS GOBERNADORES: &#8220;CORTEN OTROS GASTOS Y PAGUEN LOS SALARIOS, NO HAY M\u00c1S PLATA&#8221;"},"content":{"rendered":"<h3>El presidente electo, <strong>Javier Milei<\/strong>, les respondi\u00f3 este mi\u00e9rcoles 29 de noviembre a los gobernadores que manifestaron dificultades para pagar sueldos y aguinaldos. Les dijo que &#8220;corten otros gastos y paguen los salarios&#8221;. En l\u00ednea con lo que hab\u00eda afirmado antes de su viaje a Estados Unidos, Milei sostuvo que &#8220;hay que poner los n\u00fameros en orden&#8221; porque, de otra forma se producir\u00eda &#8220;un desastre hiperinflacionario que ser\u00eda el peor de la historia&#8221;.<\/h3>\n<h3>Reci\u00e9n llegado de su gira por Estados Unidos, Javier Milei afirm\u00f3 que \u201cnos fue mejor de lo que esper\u00e1bamos, estamos muy satisfechos con las reuniones que hemos tenido\u201d. El presidente electo confirm\u00f3 que Nicol\u00e1s Posee y Luis Caputo siguen en Washington cerrando reuniones.<\/h3>\n<h3><strong>&#8220;VAMOS A SACAR A LOS INTERMEDIARIOS&#8221;<\/strong><\/h3>\n<h3>\u201cLuis Caputo es el ministro de Econom\u00eda\u201d, asegur\u00f3. Milei agreg\u00f3 que ya lo ten\u00edan definido: \u201cCuando uno mira la naturaleza de los problemas argentinos. Cuando uno nota que, de los 15 puntos del d\u00e9ficit fiscal, 10 los genera el Banco Central est\u00e1 claro que EL primer problema que debemos resolver es las Leliqs que ahora se est\u00e1n transformando en pases. Es el problema de los pasivos remunerados del central y que resulta fundamental resolver dicho problema con mucha expertise porque si nos equivocamos ah\u00ed terminamos en una hiperinflaci\u00f3n\u201d, coment\u00f3.<\/h3>\n<h3>En di\u00e1logo con Vilouta 910 por Radio la Red, el l\u00edder libertario destac\u00f3 que \u201cel equilibrio fiscal no es negociable\u201d. Y adelant\u00f3 que los pobres y los necesitados \u201cvan a recibir contenci\u00f3n\u201d, aunque destac\u00f3 que \u201cvamos a sacar los intermediarios\u201d. \u201cLa asistencia la recibir\u00e1n las personas vulnerables\u201d, explic\u00f3 y agreg\u00f3: \u201cno solo es una perversi\u00f3n que les quiten dinero, sino que los obliguen a participar de marchas para mantener el negocio de cinco vivos\u201d.<\/h3>\n<h3>LA RELACI\u00d3N CON MACRI<\/h3>\n<h3>Con respecto a la alianza con Mauricio Macri, Javier Milei aclar\u00f3 que tiene una \u201cexcelente relaci\u00f3n\u201d y agreg\u00f3: \u201cParte de nuestros equipos est\u00e1n fusionados\u201d.<\/h3>\n<h3>\u201cMuchos de los profesionales que consideramos valiosos tambi\u00e9n trabajaron con Juntos por el Cambio. Le est\u00e1n dando una lectura que no es correcta\u201d, reproch\u00f3. El l\u00edder libertario descart\u00f3 que Macri defina cuestiones de su gobierno, aunque reconoci\u00f3 que \u201ces una persona que escucho con mucha atenci\u00f3n\u201d.<\/h3>\n<h3>Milei reconoci\u00f3 que la titular del PRO, Patricia Bullrich, \u201ctuvo una destacable actuaci\u00f3n en esa cartera\u201d, refiri\u00e9ndose a su paso como ministra de Seguridad y agreg\u00f3 que de terminar de incorporarla a su equipo de trabajo \u201cBullrich ser\u00eda un gran fichaje\u201d.<\/h3>\n<h3>&#8220;CORTEN OTROS GASTOS&#8221;<\/h3>\n<h3>El objetivo que plante\u00f3 Javier Milei para comenzar su mandato es \u201cexterminar la inflaci\u00f3n y la inseguridad para volver a crecer\u201d. En ese sentido reiter\u00f3 que \u201cno existe de un consenso tan grande de la sociedad que avale que tiene que haber un ajuste. Todas las reuniones que tenemos sorprenden haber dicho que ganemos diciendo crudamente que vamos a ajustar\u201d.<\/h3>\n<h3>El presidente electo se refiri\u00f3 al problema de los aguinaldos en el sector estatal y cuestion\u00f3 \u201c\u00bfque no haya plata para los aguinaldos es culpa m\u00eda o del gobierno actual?\u201d. En ese sentido les dej\u00f3 un mensaje claro: &#8220;Corten otros gastos y paguen los salarios, no hay m\u00e1s plata&#8221;.<\/h3>\n<h3>Y concluy\u00f3: &#8220;Va a haber una estanflaci\u00f3n porque cuando hagas el reordenamiento fiscal te va a impactar negativamente en la actividad econ\u00f3mica. La \u00fanica billetera que estar\u00e1 abierta es la del capital humano que es para dar contenci\u00f3n a los ca\u00eddos&#8221;. Y responsabiliz\u00f3 a lo que se hizo los \u00faltimos 24 meses.<\/h3>\n<p>&nbsp;<\/p>\n<p>&nbsp;<\/p>\n<p>&nbsp;<\/p>\n","protected":false},"excerpt":{"rendered":"<p>El presidente electo, Javier Milei, les respondi\u00f3 este mi\u00e9rcoles 29 de noviembre a los gobernadores&#8230;<\/p>\n","protected":false},"author":1,"featured_media":4544,"comment_status":"closed","ping_status":"closed","sticky":false,"template":"","format":"standard","meta":{"footnotes":""},"categories":[5],"tags":[],"class_list":["post-7649","post","type-post","status-publish","format-standard","has-post-thumbnail","hentry","category-nacionales-internacionales"],"yoast_head":"<!-- This site is optimized with the Yoast SEO plugin v26.1.1 - https:\/\/yoast.com\/wordpress\/plugins\/seo\/ -->\n<title>JAVIER MILEI LES RESPONDI\u00d3 A LOS GOBERNADORES: &quot;CORTEN OTROS GASTOS Y PAGUEN LOS SALARIOS, NO HAY M\u00c1S PLATA&quot; - Apuntes de San Luis<\/title>\n<meta name=\"robots\" content=\"index, follow, max-snippet:-1, max-image-preview:large, max-video-preview:-1\" \/>\n<link rel=\"canonical\" href=\"https:\/\/apuntesdesanluis.com\/index.php\/2023\/11\/30\/javier-milei-les-respondio-a-los-gobernadores-corten-otros-gastos-y-paguen-los-salarios-no-hay-mas-plata\/\" \/>\n<meta property=\"og:locale\" content=\"es_ES\" \/>\n<meta property=\"og:type\" content=\"article\" \/>\n<meta property=\"og:title\" content=\"JAVIER MILEI LES RESPONDI\u00d3 A LOS GOBERNADORES: &quot;CORTEN OTROS GASTOS Y PAGUEN LOS SALARIOS, NO HAY M\u00c1S PLATA&quot; - Apuntes de San Luis\" \/>\n<meta property=\"og:description\" content=\"El presidente electo, Javier Milei, les respondi\u00f3 este mi\u00e9rcoles 29 de noviembre a los gobernadores...\" \/>\n<meta property=\"og:url\" content=\"https:\/\/apuntesdesanluis.com\/index.php\/2023\/11\/30\/javier-milei-les-respondio-a-los-gobernadores-corten-otros-gastos-y-paguen-los-salarios-no-hay-mas-plata\/\" \/>\n<meta property=\"og:site_name\" content=\"Apuntes de San Luis\" \/>\n<meta property=\"article:published_time\" content=\"2023-11-30T03:04:29+00:00\" \/>\n<meta property=\"og:image\" content=\"https:\/\/apuntesdesanluis.com\/wp-content\/uploads\/2023\/10\/javier-milei.png\" \/>\n\t<meta property=\"og:image:width\" content=\"855\" \/>\n\t<meta property=\"og:image:height\" content=\"528\" \/>\n\t<meta property=\"og:image:type\" content=\"image\/png\" \/>\n<meta name=\"author\" content=\"apuntesdesanluis.com\" \/>\n<meta name=\"twitter:card\" content=\"summary_large_image\" \/>\n<meta name=\"twitter:label1\" content=\"Escrito por\" \/>\n\t<meta name=\"twitter:data1\" content=\"apuntesdesanluis.com\" \/>\n\t<meta name=\"twitter:label2\" content=\"Tiempo de lectura\" \/>\n\t<meta name=\"twitter:data2\" content=\"3 minutos\" \/>\n<script type=\"application\/ld+json\" class=\"yoast-schema-graph\">{\"@context\":\"https:\/\/schema.org\",\"@graph\":[{\"@type\":\"Article\",\"@id\":\"https:\/\/apuntesdesanluis.com\/index.php\/2023\/11\/30\/javier-milei-les-respondio-a-los-gobernadores-corten-otros-gastos-y-paguen-los-salarios-no-hay-mas-plata\/#article\",\"isPartOf\":{\"@id\":\"https:\/\/apuntesdesanluis.com\/index.php\/2023\/11\/30\/javier-milei-les-respondio-a-los-gobernadores-corten-otros-gastos-y-paguen-los-salarios-no-hay-mas-plata\/\"},\"author\":{\"name\":\"apuntesdesanluis.com\",\"@id\":\"https:\/\/apuntesdesanluis.com\/#\/schema\/person\/b55151d52296fcce64d1a72538a70b90\"},\"headline\":\"JAVIER MILEI LES RESPONDI\u00d3 A LOS GOBERNADORES: &#8220;CORTEN OTROS GASTOS Y PAGUEN LOS SALARIOS, NO HAY M\u00c1S PLATA&#8221;\",\"datePublished\":\"2023-11-30T03:04:29+00:00\",\"mainEntityOfPage\":{\"@id\":\"https:\/\/apuntesdesanluis.com\/index.php\/2023\/11\/30\/javier-milei-les-respondio-a-los-gobernadores-corten-otros-gastos-y-paguen-los-salarios-no-hay-mas-plata\/\"},\"wordCount\":617,\"publisher\":{\"@id\":\"https:\/\/apuntesdesanluis.com\/#\/schema\/person\/b55151d52296fcce64d1a72538a70b90\"},\"image\":{\"@id\":\"https:\/\/apuntesdesanluis.com\/index.php\/2023\/11\/30\/javier-milei-les-respondio-a-los-gobernadores-corten-otros-gastos-y-paguen-los-salarios-no-hay-mas-plata\/#primaryimage\"},\"thumbnailUrl\":\"https:\/\/apuntesdesanluis.com\/wp-content\/uploads\/2023\/10\/javier-milei.png\",\"articleSection\":[\"Nacionales\/Internacionales\"],\"inLanguage\":\"es-AR\"},{\"@type\":\"WebPage\",\"@id\":\"https:\/\/apuntesdesanluis.com\/index.php\/2023\/11\/30\/javier-milei-les-respondio-a-los-gobernadores-corten-otros-gastos-y-paguen-los-salarios-no-hay-mas-plata\/\",\"url\":\"https:\/\/apuntesdesanluis.com\/index.php\/2023\/11\/30\/javier-milei-les-respondio-a-los-gobernadores-corten-otros-gastos-y-paguen-los-salarios-no-hay-mas-plata\/\",\"name\":\"JAVIER MILEI LES RESPONDI\u00d3 A LOS GOBERNADORES: \\\"CORTEN OTROS GASTOS Y PAGUEN LOS SALARIOS, NO HAY M\u00c1S PLATA\\\" - Apuntes de San Luis\",\"isPartOf\":{\"@id\":\"https:\/\/apuntesdesanluis.com\/#website\"},\"primaryImageOfPage\":{\"@id\":\"https:\/\/apuntesdesanluis.com\/index.php\/2023\/11\/30\/javier-milei-les-respondio-a-los-gobernadores-corten-otros-gastos-y-paguen-los-salarios-no-hay-mas-plata\/#primaryimage\"},\"image\":{\"@id\":\"https:\/\/apuntesdesanluis.com\/index.php\/2023\/11\/30\/javier-milei-les-respondio-a-los-gobernadores-corten-otros-gastos-y-paguen-los-salarios-no-hay-mas-plata\/#primaryimage\"},\"thumbnailUrl\":\"https:\/\/apuntesdesanluis.com\/wp-content\/uploads\/2023\/10\/javier-milei.png\",\"datePublished\":\"2023-11-30T03:04:29+00:00\",\"breadcrumb\":{\"@id\":\"https:\/\/apuntesdesanluis.com\/index.php\/2023\/11\/30\/javier-milei-les-respondio-a-los-gobernadores-corten-otros-gastos-y-paguen-los-salarios-no-hay-mas-plata\/#breadcrumb\"},\"inLanguage\":\"es-AR\",\"potentialAction\":[{\"@type\":\"ReadAction\",\"target\":[\"https:\/\/apuntesdesanluis.com\/index.php\/2023\/11\/30\/javier-milei-les-respondio-a-los-gobernadores-corten-otros-gastos-y-paguen-los-salarios-no-hay-mas-plata\/\"]}]},{\"@type\":\"ImageObject\",\"inLanguage\":\"es-AR\",\"@id\":\"https:\/\/apuntesdesanluis.com\/index.php\/2023\/11\/30\/javier-milei-les-respondio-a-los-gobernadores-corten-otros-gastos-y-paguen-los-salarios-no-hay-mas-plata\/#primaryimage\",\"url\":\"https:\/\/apuntesdesanluis.com\/wp-content\/uploads\/2023\/10\/javier-milei.png\",\"contentUrl\":\"https:\/\/apuntesdesanluis.com\/wp-content\/uploads\/2023\/10\/javier-milei.png\",\"width\":855,\"height\":528},{\"@type\":\"BreadcrumbList\",\"@id\":\"https:\/\/apuntesdesanluis.com\/index.php\/2023\/11\/30\/javier-milei-les-respondio-a-los-gobernadores-corten-otros-gastos-y-paguen-los-salarios-no-hay-mas-plata\/#breadcrumb\",\"itemListElement\":[{\"@type\":\"ListItem\",\"position\":1,\"name\":\"Inicio\",\"item\":\"https:\/\/apuntesdesanluis.com\/\"},{\"@type\":\"ListItem\",\"position\":2,\"name\":\"JAVIER MILEI LES RESPONDI\u00d3 A LOS GOBERNADORES: &#8220;CORTEN OTROS GASTOS Y PAGUEN LOS SALARIOS, NO HAY M\u00c1S PLATA&#8221;\"}]},{\"@type\":\"WebSite\",\"@id\":\"https:\/\/apuntesdesanluis.com\/#website\",\"url\":\"https:\/\/apuntesdesanluis.com\/\",\"name\":\"Apuntes de San Luis\",\"description\":\"\",\"publisher\":{\"@id\":\"https:\/\/apuntesdesanluis.com\/#\/schema\/person\/b55151d52296fcce64d1a72538a70b90\"},\"potentialAction\":[{\"@type\":\"SearchAction\",\"target\":{\"@type\":\"EntryPoint\",\"urlTemplate\":\"https:\/\/apuntesdesanluis.com\/?s={search_term_string}\"},\"query-input\":{\"@type\":\"PropertyValueSpecification\",\"valueRequired\":true,\"valueName\":\"search_term_string\"}}],\"inLanguage\":\"es-AR\"},{\"@type\":[\"Person\",\"Organization\"],\"@id\":\"https:\/\/apuntesdesanluis.com\/#\/schema\/person\/b55151d52296fcce64d1a72538a70b90\",\"name\":\"apuntesdesanluis.com\",\"image\":{\"@type\":\"ImageObject\",\"inLanguage\":\"es-AR\",\"@id\":\"https:\/\/apuntesdesanluis.com\/#\/schema\/person\/image\/\",\"url\":\"https:\/\/apuntesdesanluis.com\/wp-content\/uploads\/2023\/07\/cropped-apuntesdesanluis.png\",\"contentUrl\":\"https:\/\/apuntesdesanluis.com\/wp-content\/uploads\/2023\/07\/cropped-apuntesdesanluis.png\",\"width\":450,\"height\":112,\"caption\":\"apuntesdesanluis.com\"},\"logo\":{\"@id\":\"https:\/\/apuntesdesanluis.com\/#\/schema\/person\/image\/\"},\"sameAs\":[\"https:\/\/apuntesdesanluis.com\"],\"url\":\"https:\/\/apuntesdesanluis.com\/index.php\/author\/apuntesdesanluis-com\/\"}]}<\/script>\n<!-- \/ Yoast SEO plugin. -->","yoast_head_json":{"title":"JAVIER MILEI LES RESPONDI\u00d3 A LOS GOBERNADORES: \"CORTEN OTROS GASTOS Y PAGUEN LOS SALARIOS, NO HAY M\u00c1S PLATA\" - Apuntes de San Luis","robots":{"index":"index","follow":"follow","max-snippet":"max-snippet:-1","max-image-preview":"max-image-preview:large","max-video-preview":"max-video-preview:-1"},"canonical":"https:\/\/apuntesdesanluis.com\/index.php\/2023\/11\/30\/javier-milei-les-respondio-a-los-gobernadores-corten-otros-gastos-y-paguen-los-salarios-no-hay-mas-plata\/","og_locale":"es_ES","og_type":"article","og_title":"JAVIER MILEI LES RESPONDI\u00d3 A LOS GOBERNADORES: \"CORTEN OTROS GASTOS Y PAGUEN LOS SALARIOS, NO HAY M\u00c1S PLATA\" - Apuntes de San Luis","og_description":"El presidente electo, Javier Milei, les respondi\u00f3 este mi\u00e9rcoles 29 de noviembre a los gobernadores...","og_url":"https:\/\/apuntesdesanluis.com\/index.php\/2023\/11\/30\/javier-milei-les-respondio-a-los-gobernadores-corten-otros-gastos-y-paguen-los-salarios-no-hay-mas-plata\/","og_site_name":"Apuntes de San Luis","article_published_time":"2023-11-30T03:04:29+00:00","og_image":[{"width":855,"height":528,"url":"https:\/\/apuntesdesanluis.com\/wp-content\/uploads\/2023\/10\/javier-milei.png","type":"image\/png"}],"author":"apuntesdesanluis.com","twitter_card":"summary_large_image","twitter_misc":{"Escrito por":"apuntesdesanluis.com","Tiempo de lectura":"3 minutos"},"schema":{"@context":"https:\/\/schema.org","@graph":[{"@type":"Article","@id":"https:\/\/apuntesdesanluis.com\/index.php\/2023\/11\/30\/javier-milei-les-respondio-a-los-gobernadores-corten-otros-gastos-y-paguen-los-salarios-no-hay-mas-plata\/#article","isPartOf":{"@id":"https:\/\/apuntesdesanluis.com\/index.php\/2023\/11\/30\/javier-milei-les-respondio-a-los-gobernadores-corten-otros-gastos-y-paguen-los-salarios-no-hay-mas-plata\/"},"author":{"name":"apuntesdesanluis.com","@id":"https:\/\/apuntesdesanluis.com\/#\/schema\/person\/b55151d52296fcce64d1a72538a70b90"},"headline":"JAVIER MILEI LES RESPONDI\u00d3 A LOS GOBERNADORES: &#8220;CORTEN OTROS GASTOS Y PAGUEN LOS SALARIOS, NO HAY M\u00c1S PLATA&#8221;","datePublished":"2023-11-30T03:04:29+00:00","mainEntityOfPage":{"@id":"https:\/\/apuntesdesanluis.com\/index.php\/2023\/11\/30\/javier-milei-les-respondio-a-los-gobernadores-corten-otros-gastos-y-paguen-los-salarios-no-hay-mas-plata\/"},"wordCount":617,"publisher":{"@id":"https:\/\/apuntesdesanluis.com\/#\/schema\/person\/b55151d52296fcce64d1a72538a70b90"},"image":{"@id":"https:\/\/apuntesdesanluis.com\/index.php\/2023\/11\/30\/javier-milei-les-respondio-a-los-gobernadores-corten-otros-gastos-y-paguen-los-salarios-no-hay-mas-plata\/#primaryimage"},"thumbnailUrl":"https:\/\/apuntesdesanluis.com\/wp-content\/uploads\/2023\/10\/javier-milei.png","articleSection":["Nacionales\/Internacionales"],"inLanguage":"es-AR"},{"@type":"WebPage","@id":"https:\/\/apuntesdesanluis.com\/index.php\/2023\/11\/30\/javier-milei-les-respondio-a-los-gobernadores-corten-otros-gastos-y-paguen-los-salarios-no-hay-mas-plata\/","url":"https:\/\/apuntesdesanluis.com\/index.php\/2023\/11\/30\/javier-milei-les-respondio-a-los-gobernadores-corten-otros-gastos-y-paguen-los-salarios-no-hay-mas-plata\/","name":"JAVIER MILEI LES RESPONDI\u00d3 A LOS GOBERNADORES: \"CORTEN OTROS GASTOS Y PAGUEN LOS SALARIOS, NO HAY M\u00c1S PLATA\" - Apuntes de San Luis","isPartOf":{"@id":"https:\/\/apuntesdesanluis.com\/#website"},"primaryImageOfPage":{"@id":"https:\/\/apuntesdesanluis.com\/index.php\/2023\/11\/30\/javier-milei-les-respondio-a-los-gobernadores-corten-otros-gastos-y-paguen-los-salarios-no-hay-mas-plata\/#primaryimage"},"image":{"@id":"https:\/\/apuntesdesanluis.com\/index.php\/2023\/11\/30\/javier-milei-les-respondio-a-los-gobernadores-corten-otros-gastos-y-paguen-los-salarios-no-hay-mas-plata\/#primaryimage"},"thumbnailUrl":"https:\/\/apuntesdesanluis.com\/wp-content\/uploads\/2023\/10\/javier-milei.png","datePublished":"2023-11-30T03:04:29+00:00","breadcrumb":{"@id":"https:\/\/apuntesdesanluis.com\/index.php\/2023\/11\/30\/javier-milei-les-respondio-a-los-gobernadores-corten-otros-gastos-y-paguen-los-salarios-no-hay-mas-plata\/#breadcrumb"},"inLanguage":"es-AR","potentialAction":[{"@type":"ReadAction","target":["https:\/\/apuntesdesanluis.com\/index.php\/2023\/11\/30\/javier-milei-les-respondio-a-los-gobernadores-corten-otros-gastos-y-paguen-los-salarios-no-hay-mas-plata\/"]}]},{"@type":"ImageObject","inLanguage":"es-AR","@id":"https:\/\/apuntesdesanluis.com\/index.php\/2023\/11\/30\/javier-milei-les-respondio-a-los-gobernadores-corten-otros-gastos-y-paguen-los-salarios-no-hay-mas-plata\/#primaryimage","url":"https:\/\/apuntesdesanluis.com\/wp-content\/uploads\/2023\/10\/javier-milei.png","contentUrl":"https:\/\/apuntesdesanluis.com\/wp-content\/uploads\/2023\/10\/javier-milei.png","width":855,"height":528},{"@type":"BreadcrumbList","@id":"https:\/\/apuntesdesanluis.com\/index.php\/2023\/11\/30\/javier-milei-les-respondio-a-los-gobernadores-corten-otros-gastos-y-paguen-los-salarios-no-hay-mas-plata\/#breadcrumb","itemListElement":[{"@type":"ListItem","position":1,"name":"Inicio","item":"https:\/\/apuntesdesanluis.com\/"},{"@type":"ListItem","position":2,"name":"JAVIER MILEI LES RESPONDI\u00d3 A LOS GOBERNADORES: &#8220;CORTEN OTROS GASTOS Y PAGUEN LOS SALARIOS, NO HAY M\u00c1S PLATA&#8221;"}]},{"@type":"WebSite","@id":"https:\/\/apuntesdesanluis.com\/#website","url":"https:\/\/apuntesdesanluis.com\/","name":"Apuntes de San Luis","description":"","publisher":{"@id":"https:\/\/apuntesdesanluis.com\/#\/schema\/person\/b55151d52296fcce64d1a72538a70b90"},"potentialAction":[{"@type":"SearchAction","target":{"@type":"EntryPoint","urlTemplate":"https:\/\/apuntesdesanluis.com\/?s={search_term_string}"},"query-input":{"@type":"PropertyValueSpecification","valueRequired":true,"valueName":"search_term_string"}}],"inLanguage":"es-AR"},{"@type":["Person","Organization"],"@id":"https:\/\/apuntesdesanluis.com\/#\/schema\/person\/b55151d52296fcce64d1a72538a70b90","name":"apuntesdesanluis.com","image":{"@type":"ImageObject","inLanguage":"es-AR","@id":"https:\/\/apuntesdesanluis.com\/#\/schema\/person\/image\/","url":"https:\/\/apuntesdesanluis.com\/wp-content\/uploads\/2023\/07\/cropped-apuntesdesanluis.png","contentUrl":"https:\/\/apuntesdesanluis.com\/wp-content\/uploads\/2023\/07\/cropped-apuntesdesanluis.png","width":450,"height":112,"caption":"apuntesdesanluis.com"},"logo":{"@id":"https:\/\/apuntesdesanluis.com\/#\/schema\/person\/image\/"},"sameAs":["https:\/\/apuntesdesanluis.com"],"url":"https:\/\/apuntesdesanluis.com\/index.php\/author\/apuntesdesanluis-com\/"}]}},"featured_image_urls":{"full":["https:\/\/apuntesdesanluis.com\/wp-content\/uploads\/2023\/10\/javier-milei.png",855,528,false],"thumbnail":["https:\/\/apuntesdesanluis.com\/wp-content\/uploads\/2023\/10\/javier-milei-150x150.png",150,150,true],"medium":["https:\/\/apuntesdesanluis.com\/wp-content\/uploads\/2023\/10\/javier-milei-300x185.png",300,185,true],"medium_large":["https:\/\/apuntesdesanluis.com\/wp-content\/uploads\/2023\/10\/javier-milei-768x474.png",640,395,true],"large":["https:\/\/apuntesdesanluis.com\/wp-content\/uploads\/2023\/10\/javier-milei.png",640,395,false],"1536x1536":["https:\/\/apuntesdesanluis.com\/wp-content\/uploads\/2023\/10\/javier-milei.png",855,528,false],"2048x2048":["https:\/\/apuntesdesanluis.com\/wp-content\/uploads\/2023\/10\/javier-milei.png",855,528,false],"newsever-slider-full":["https:\/\/apuntesdesanluis.com\/wp-content\/uploads\/2023\/10\/javier-milei.png",855,528,false],"newsever-featured":["https:\/\/apuntesdesanluis.com\/wp-content\/uploads\/2023\/10\/javier-milei.png",855,528,false],"newsever-medium":["https:\/\/apuntesdesanluis.com\/wp-content\/uploads\/2023\/10\/javier-milei-720x475.png",720,475,true]},"author_info":{"display_name":"apuntesdesanluis.com","author_link":"https:\/\/apuntesdesanluis.com\/index.php\/author\/apuntesdesanluis-com\/"},"category_info":"<a href=\"https:\/\/apuntesdesanluis.com\/index.php\/category\/nacionales-internacionales\/\" rel=\"category tag\">Nacionales\/Internacionales<\/a>","tag_info":"Nacionales\/Internacionales","comment_count":"0","_links":{"self":[{"href":"https:\/\/apuntesdesanluis.com\/index.php\/wp-json\/wp\/v2\/posts\/7649","targetHints":{"allow":["GET"]}}],"collection":[{"href":"https:\/\/apuntesdesanluis.com\/index.php\/wp-json\/wp\/v2\/posts"}],"about":[{"href":"https:\/\/apuntesdesanluis.com\/index.php\/wp-json\/wp\/v2\/types\/post"}],"author":[{"embeddable":true,"href":"https:\/\/apuntesdesanluis.com\/index.php\/wp-json\/wp\/v2\/users\/1"}],"replies":[{"embeddable":true,"href":"https:\/\/apuntesdesanluis.com\/index.php\/wp-json\/wp\/v2\/comments?post=7649"}],"version-history":[{"count":1,"href":"https:\/\/apuntesdesanluis.com\/index.php\/wp-json\/wp\/v2\/posts\/7649\/revisions"}],"predecessor-version":[{"id":7650,"href":"https:\/\/apuntesdesanluis.com\/index.php\/wp-json\/wp\/v2\/posts\/7649\/revisions\/7650"}],"wp:featuredmedia":[{"embeddable":true,"href":"https:\/\/apuntesdesanluis.com\/index.php\/wp-json\/wp\/v2\/media\/4544"}],"wp:attachment":[{"href":"https:\/\/apuntesdesanluis.com\/index.php\/wp-json\/wp\/v2\/media?parent=7649"}],"wp:term":[{"taxonomy":"category","embeddable":true,"href":"https:\/\/apuntesdesanluis.com\/index.php\/wp-json\/wp\/v2\/categories?post=7649"},{"taxonomy":"post_tag","embeddable":true,"href":"https:\/\/apuntesdesanluis.com\/index.php\/wp-json\/wp\/v2\/tags?post=7649"}],"curies":[{"name":"wp","href":"https:\/\/api.w.org\/{rel}","templated":true}]}}