{"id":7659,"date":"2023-11-30T15:44:15","date_gmt":"2023-11-30T18:44:15","guid":{"rendered":"https:\/\/apuntesdesanluis.com\/?p=7659"},"modified":"2023-11-30T15:44:15","modified_gmt":"2023-11-30T18:44:15","slug":"el-gobernador-presento-el-diccionario-enciclopedico-de-san-luis","status":"publish","type":"post","link":"https:\/\/apuntesdesanluis.com\/index.php\/2023\/11\/30\/el-gobernador-presento-el-diccionario-enciclopedico-de-san-luis\/","title":{"rendered":"EL GOBERNADOR PRESENT\u00d3 EL DICCIONARIO ENCICLOP\u00c9DICO DE SAN LUIS"},"content":{"rendered":"<h3>La obra cuenta con distintos contenidos que abarcan la historia provincial, geograf\u00eda, literatura, arte, ciencia, biograf\u00eda, religi\u00f3n, regionalismo, m\u00fasica, antropolog\u00eda, arqueolog\u00eda, entre otros. Est\u00e1 disponible en formato digital y papel.<\/h3>\n<h3>El gobernador, <strong>Alberto Rodr\u00edguez Sa\u00e1<\/strong>, present\u00f3 en sociedad el <strong>Diccionario Enciclop\u00e9dico de San Luis<\/strong>, este mi\u00e9rcoles en el Sal\u00f3n de la Puntanidad y cont\u00f3 con la presencia de destacadas figuras de la cultura puntana.<\/h3>\n<h3>Se trata de una obra de creaci\u00f3n colectiva (m\u00e1s de 130 personas trabajaron en el proyecto), registro y testimonio de las voces, vivencias, hechos y costumbres de nuestra provincia. Es un modo de sistematizar el conocimiento, una compilaci\u00f3n de los saberes que est\u00e1n en la memoria colectiva\u00a0 y una recopilaci\u00f3n de los trabajos ya publicados.<\/h3>\n<h3>El diccionario enciclop\u00e9dico estar\u00e1 disponible en versi\u00f3n papel y digital, este \u00faltimo a trav\u00e9s de la p\u00e1gina <a href=\"https:\/\/diccionarioenciclopedicodesanluis.com\">https:\/\/diccionarioenciclopedicodesanluis.com<\/a><\/h3>\n<h3>\u201cEs un sue\u00f1o para m\u00ed\u201d. As\u00ed lo catalog\u00f3 el jefe de Estado al material que integra los trabajos ya publicados de investigadores m\u00e1s destacados de San Luis, como Delia Gatica de Montiveros, Berta Vidal de Battini, Germ\u00e1n Av\u00e9 Lallemant, Jes\u00fas Liberato Tobares, Juan W. Gez y Dora Ochoa de Masrram\u00f3n, entre otros.<\/h3>\n<p><iframe title=\"Presentaron el Diccionario Enciclop\u00e9dico de San Luis\" width=\"640\" height=\"360\" src=\"https:\/\/www.youtube.com\/embed\/8QNcTybFOdE?feature=oembed\" frameborder=\"0\" allow=\"accelerometer; autoplay; clipboard-write; encrypted-media; gyroscope; picture-in-picture; web-share\" referrerpolicy=\"strict-origin-when-cross-origin\" allowfullscreen><\/iframe><\/p>\n<h3>Rodr\u00edguez Sa\u00e1 explic\u00f3 que esta enciclopedia es la \u201cedici\u00f3n cero\u201d. Ahora, en la primera semana de marzo, invit\u00f3 a presentar correcciones, errores u omisiones para que \u201cjuntos, entre todos, realizar la primera edici\u00f3n\u201d.<\/h3>\n<h3>Durante su alocuci\u00f3n, el gobernador recorri\u00f3 distintos \u00edtems que aparecen en el compendio, como la antigua estaci\u00f3n de trenes, \u201caguaitar\u201d, el atajacaminos, la Gesta Sanmartiniana, Joahan Alfonzo, Juan Jos\u00e9 Ar\u00e9valo, las batallas, la fundaci\u00f3n de la ciudad de San Luis y el nacimiento de Juan Pascual Pringles.<\/h3>\n<h3>En la jornada, tambi\u00e9n se entregaron reconocimientos a todos aquellos que participaron en la elaboraci\u00f3n de la enciclopedia.<\/h3>\n<h3>En el libro f\u00edsico se encuentran 5680 entradas, todas con sus referencias, indicando los textos y las fuentes de consulta y tambi\u00e9n herramientas digitales como c\u00f3digos QR que nos remiten a videos e ilustraciones gr\u00e1ficas.<\/h3>\n<h3>Por el lado de la p\u00e1gina web, se encontrar\u00e1 el diccionario para descargar, cancionero popular puntano interpretado por sue\u00f1os del arte, recetas de comidas tradicionales puntanas y algunas personalidades puntanas.<\/h3>\n<h3>La finalidad es que perdure en el tiempo y trascienda, que el conocimiento est\u00e9 al alcance de todos y que sirva para consulta, estudio, informaci\u00f3n o mera curiosidad para acudir a ella cada vez que se necesite. Es una fuente de informaci\u00f3n para sacarse dudas sobre una costumbre, una expresi\u00f3n coloquial que desconocemos, un suceso hist\u00f3rico, lugares, todo aquello que se desee conocer en el \u00e1mbito escolar o en los hogares.<\/h3>\n<p>&nbsp;<\/p>\n<p>&nbsp;<\/p>\n<p>&nbsp;<\/p>\n<p>&nbsp;<\/p>\n<p>&nbsp;<\/p>\n","protected":false},"excerpt":{"rendered":"<p>La obra cuenta con distintos contenidos que abarcan la historia provincial, geograf\u00eda, literatura, arte, ciencia,&#8230;<\/p>\n","protected":false},"author":1,"featured_media":7660,"comment_status":"closed","ping_status":"closed","sticky":false,"template":"","format":"standard","meta":{"footnotes":""},"categories":[6],"tags":[],"class_list":["post-7659","post","type-post","status-publish","format-standard","has-post-thumbnail","hentry","category-ciudad-provincia"],"yoast_head":"<!-- This site is optimized with the Yoast SEO plugin v26.1.1 - https:\/\/yoast.com\/wordpress\/plugins\/seo\/ -->\n<title>EL GOBERNADOR PRESENT\u00d3 EL DICCIONARIO ENCICLOP\u00c9DICO DE SAN LUIS - Apuntes de San Luis<\/title>\n<meta name=\"robots\" content=\"index, follow, max-snippet:-1, max-image-preview:large, max-video-preview:-1\" \/>\n<link rel=\"canonical\" href=\"https:\/\/apuntesdesanluis.com\/index.php\/2023\/11\/30\/el-gobernador-presento-el-diccionario-enciclopedico-de-san-luis\/\" \/>\n<meta property=\"og:locale\" content=\"es_ES\" \/>\n<meta property=\"og:type\" content=\"article\" \/>\n<meta property=\"og:title\" content=\"EL GOBERNADOR PRESENT\u00d3 EL DICCIONARIO ENCICLOP\u00c9DICO DE SAN LUIS - Apuntes de San Luis\" \/>\n<meta property=\"og:description\" content=\"La obra cuenta con distintos contenidos que abarcan la historia provincial, geograf\u00eda, literatura, arte, ciencia,...\" \/>\n<meta property=\"og:url\" content=\"https:\/\/apuntesdesanluis.com\/index.php\/2023\/11\/30\/el-gobernador-presento-el-diccionario-enciclopedico-de-san-luis\/\" \/>\n<meta property=\"og:site_name\" content=\"Apuntes de San Luis\" \/>\n<meta property=\"article:published_time\" content=\"2023-11-30T18:44:15+00:00\" \/>\n<meta property=\"og:image\" content=\"https:\/\/apuntesdesanluis.com\/wp-content\/uploads\/2023\/11\/diccionario.jpg\" \/>\n\t<meta property=\"og:image:width\" content=\"590\" \/>\n\t<meta property=\"og:image:height\" content=\"331\" \/>\n\t<meta property=\"og:image:type\" content=\"image\/jpeg\" \/>\n<meta name=\"author\" content=\"apuntesdesanluis.com\" \/>\n<meta name=\"twitter:card\" content=\"summary_large_image\" \/>\n<meta name=\"twitter:label1\" content=\"Escrito por\" \/>\n\t<meta name=\"twitter:data1\" content=\"apuntesdesanluis.com\" \/>\n\t<meta name=\"twitter:label2\" content=\"Tiempo de lectura\" \/>\n\t<meta name=\"twitter:data2\" content=\"2 minutos\" \/>\n<script type=\"application\/ld+json\" class=\"yoast-schema-graph\">{\"@context\":\"https:\/\/schema.org\",\"@graph\":[{\"@type\":\"Article\",\"@id\":\"https:\/\/apuntesdesanluis.com\/index.php\/2023\/11\/30\/el-gobernador-presento-el-diccionario-enciclopedico-de-san-luis\/#article\",\"isPartOf\":{\"@id\":\"https:\/\/apuntesdesanluis.com\/index.php\/2023\/11\/30\/el-gobernador-presento-el-diccionario-enciclopedico-de-san-luis\/\"},\"author\":{\"name\":\"apuntesdesanluis.com\",\"@id\":\"https:\/\/apuntesdesanluis.com\/#\/schema\/person\/b55151d52296fcce64d1a72538a70b90\"},\"headline\":\"EL GOBERNADOR PRESENT\u00d3 EL DICCIONARIO ENCICLOP\u00c9DICO DE SAN LUIS\",\"datePublished\":\"2023-11-30T18:44:15+00:00\",\"mainEntityOfPage\":{\"@id\":\"https:\/\/apuntesdesanluis.com\/index.php\/2023\/11\/30\/el-gobernador-presento-el-diccionario-enciclopedico-de-san-luis\/\"},\"wordCount\":487,\"publisher\":{\"@id\":\"https:\/\/apuntesdesanluis.com\/#\/schema\/person\/b55151d52296fcce64d1a72538a70b90\"},\"image\":{\"@id\":\"https:\/\/apuntesdesanluis.com\/index.php\/2023\/11\/30\/el-gobernador-presento-el-diccionario-enciclopedico-de-san-luis\/#primaryimage\"},\"thumbnailUrl\":\"https:\/\/apuntesdesanluis.com\/wp-content\/uploads\/2023\/11\/diccionario.jpg\",\"articleSection\":[\"Ciudad\/Provincia\"],\"inLanguage\":\"es-AR\"},{\"@type\":\"WebPage\",\"@id\":\"https:\/\/apuntesdesanluis.com\/index.php\/2023\/11\/30\/el-gobernador-presento-el-diccionario-enciclopedico-de-san-luis\/\",\"url\":\"https:\/\/apuntesdesanluis.com\/index.php\/2023\/11\/30\/el-gobernador-presento-el-diccionario-enciclopedico-de-san-luis\/\",\"name\":\"EL GOBERNADOR PRESENT\u00d3 EL DICCIONARIO ENCICLOP\u00c9DICO DE SAN LUIS - Apuntes de San Luis\",\"isPartOf\":{\"@id\":\"https:\/\/apuntesdesanluis.com\/#website\"},\"primaryImageOfPage\":{\"@id\":\"https:\/\/apuntesdesanluis.com\/index.php\/2023\/11\/30\/el-gobernador-presento-el-diccionario-enciclopedico-de-san-luis\/#primaryimage\"},\"image\":{\"@id\":\"https:\/\/apuntesdesanluis.com\/index.php\/2023\/11\/30\/el-gobernador-presento-el-diccionario-enciclopedico-de-san-luis\/#primaryimage\"},\"thumbnailUrl\":\"https:\/\/apuntesdesanluis.com\/wp-content\/uploads\/2023\/11\/diccionario.jpg\",\"datePublished\":\"2023-11-30T18:44:15+00:00\",\"breadcrumb\":{\"@id\":\"https:\/\/apuntesdesanluis.com\/index.php\/2023\/11\/30\/el-gobernador-presento-el-diccionario-enciclopedico-de-san-luis\/#breadcrumb\"},\"inLanguage\":\"es-AR\",\"potentialAction\":[{\"@type\":\"ReadAction\",\"target\":[\"https:\/\/apuntesdesanluis.com\/index.php\/2023\/11\/30\/el-gobernador-presento-el-diccionario-enciclopedico-de-san-luis\/\"]}]},{\"@type\":\"ImageObject\",\"inLanguage\":\"es-AR\",\"@id\":\"https:\/\/apuntesdesanluis.com\/index.php\/2023\/11\/30\/el-gobernador-presento-el-diccionario-enciclopedico-de-san-luis\/#primaryimage\",\"url\":\"https:\/\/apuntesdesanluis.com\/wp-content\/uploads\/2023\/11\/diccionario.jpg\",\"contentUrl\":\"https:\/\/apuntesdesanluis.com\/wp-content\/uploads\/2023\/11\/diccionario.jpg\",\"width\":590,\"height\":331},{\"@type\":\"BreadcrumbList\",\"@id\":\"https:\/\/apuntesdesanluis.com\/index.php\/2023\/11\/30\/el-gobernador-presento-el-diccionario-enciclopedico-de-san-luis\/#breadcrumb\",\"itemListElement\":[{\"@type\":\"ListItem\",\"position\":1,\"name\":\"Inicio\",\"item\":\"https:\/\/apuntesdesanluis.com\/\"},{\"@type\":\"ListItem\",\"position\":2,\"name\":\"EL GOBERNADOR PRESENT\u00d3 EL DICCIONARIO ENCICLOP\u00c9DICO DE SAN LUIS\"}]},{\"@type\":\"WebSite\",\"@id\":\"https:\/\/apuntesdesanluis.com\/#website\",\"url\":\"https:\/\/apuntesdesanluis.com\/\",\"name\":\"Apuntes de San Luis\",\"description\":\"\",\"publisher\":{\"@id\":\"https:\/\/apuntesdesanluis.com\/#\/schema\/person\/b55151d52296fcce64d1a72538a70b90\"},\"potentialAction\":[{\"@type\":\"SearchAction\",\"target\":{\"@type\":\"EntryPoint\",\"urlTemplate\":\"https:\/\/apuntesdesanluis.com\/?s={search_term_string}\"},\"query-input\":{\"@type\":\"PropertyValueSpecification\",\"valueRequired\":true,\"valueName\":\"search_term_string\"}}],\"inLanguage\":\"es-AR\"},{\"@type\":[\"Person\",\"Organization\"],\"@id\":\"https:\/\/apuntesdesanluis.com\/#\/schema\/person\/b55151d52296fcce64d1a72538a70b90\",\"name\":\"apuntesdesanluis.com\",\"image\":{\"@type\":\"ImageObject\",\"inLanguage\":\"es-AR\",\"@id\":\"https:\/\/apuntesdesanluis.com\/#\/schema\/person\/image\/\",\"url\":\"https:\/\/apuntesdesanluis.com\/wp-content\/uploads\/2023\/07\/cropped-apuntesdesanluis.png\",\"contentUrl\":\"https:\/\/apuntesdesanluis.com\/wp-content\/uploads\/2023\/07\/cropped-apuntesdesanluis.png\",\"width\":450,\"height\":112,\"caption\":\"apuntesdesanluis.com\"},\"logo\":{\"@id\":\"https:\/\/apuntesdesanluis.com\/#\/schema\/person\/image\/\"},\"sameAs\":[\"https:\/\/apuntesdesanluis.com\"],\"url\":\"https:\/\/apuntesdesanluis.com\/index.php\/author\/apuntesdesanluis-com\/\"}]}<\/script>\n<!-- \/ Yoast SEO plugin. -->","yoast_head_json":{"title":"EL GOBERNADOR PRESENT\u00d3 EL DICCIONARIO ENCICLOP\u00c9DICO DE SAN LUIS - Apuntes de San Luis","robots":{"index":"index","follow":"follow","max-snippet":"max-snippet:-1","max-image-preview":"max-image-preview:large","max-video-preview":"max-video-preview:-1"},"canonical":"https:\/\/apuntesdesanluis.com\/index.php\/2023\/11\/30\/el-gobernador-presento-el-diccionario-enciclopedico-de-san-luis\/","og_locale":"es_ES","og_type":"article","og_title":"EL GOBERNADOR PRESENT\u00d3 EL DICCIONARIO ENCICLOP\u00c9DICO DE SAN LUIS - Apuntes de San Luis","og_description":"La obra cuenta con distintos contenidos que abarcan la historia provincial, geograf\u00eda, literatura, arte, ciencia,...","og_url":"https:\/\/apuntesdesanluis.com\/index.php\/2023\/11\/30\/el-gobernador-presento-el-diccionario-enciclopedico-de-san-luis\/","og_site_name":"Apuntes de San Luis","article_published_time":"2023-11-30T18:44:15+00:00","og_image":[{"width":590,"height":331,"url":"https:\/\/apuntesdesanluis.com\/wp-content\/uploads\/2023\/11\/diccionario.jpg","type":"image\/jpeg"}],"author":"apuntesdesanluis.com","twitter_card":"summary_large_image","twitter_misc":{"Escrito por":"apuntesdesanluis.com","Tiempo de lectura":"2 minutos"},"schema":{"@context":"https:\/\/schema.org","@graph":[{"@type":"Article","@id":"https:\/\/apuntesdesanluis.com\/index.php\/2023\/11\/30\/el-gobernador-presento-el-diccionario-enciclopedico-de-san-luis\/#article","isPartOf":{"@id":"https:\/\/apuntesdesanluis.com\/index.php\/2023\/11\/30\/el-gobernador-presento-el-diccionario-enciclopedico-de-san-luis\/"},"author":{"name":"apuntesdesanluis.com","@id":"https:\/\/apuntesdesanluis.com\/#\/schema\/person\/b55151d52296fcce64d1a72538a70b90"},"headline":"EL GOBERNADOR PRESENT\u00d3 EL DICCIONARIO ENCICLOP\u00c9DICO DE SAN LUIS","datePublished":"2023-11-30T18:44:15+00:00","mainEntityOfPage":{"@id":"https:\/\/apuntesdesanluis.com\/index.php\/2023\/11\/30\/el-gobernador-presento-el-diccionario-enciclopedico-de-san-luis\/"},"wordCount":487,"publisher":{"@id":"https:\/\/apuntesdesanluis.com\/#\/schema\/person\/b55151d52296fcce64d1a72538a70b90"},"image":{"@id":"https:\/\/apuntesdesanluis.com\/index.php\/2023\/11\/30\/el-gobernador-presento-el-diccionario-enciclopedico-de-san-luis\/#primaryimage"},"thumbnailUrl":"https:\/\/apuntesdesanluis.com\/wp-content\/uploads\/2023\/11\/diccionario.jpg","articleSection":["Ciudad\/Provincia"],"inLanguage":"es-AR"},{"@type":"WebPage","@id":"https:\/\/apuntesdesanluis.com\/index.php\/2023\/11\/30\/el-gobernador-presento-el-diccionario-enciclopedico-de-san-luis\/","url":"https:\/\/apuntesdesanluis.com\/index.php\/2023\/11\/30\/el-gobernador-presento-el-diccionario-enciclopedico-de-san-luis\/","name":"EL GOBERNADOR PRESENT\u00d3 EL DICCIONARIO ENCICLOP\u00c9DICO DE SAN LUIS - Apuntes de San Luis","isPartOf":{"@id":"https:\/\/apuntesdesanluis.com\/#website"},"primaryImageOfPage":{"@id":"https:\/\/apuntesdesanluis.com\/index.php\/2023\/11\/30\/el-gobernador-presento-el-diccionario-enciclopedico-de-san-luis\/#primaryimage"},"image":{"@id":"https:\/\/apuntesdesanluis.com\/index.php\/2023\/11\/30\/el-gobernador-presento-el-diccionario-enciclopedico-de-san-luis\/#primaryimage"},"thumbnailUrl":"https:\/\/apuntesdesanluis.com\/wp-content\/uploads\/2023\/11\/diccionario.jpg","datePublished":"2023-11-30T18:44:15+00:00","breadcrumb":{"@id":"https:\/\/apuntesdesanluis.com\/index.php\/2023\/11\/30\/el-gobernador-presento-el-diccionario-enciclopedico-de-san-luis\/#breadcrumb"},"inLanguage":"es-AR","potentialAction":[{"@type":"ReadAction","target":["https:\/\/apuntesdesanluis.com\/index.php\/2023\/11\/30\/el-gobernador-presento-el-diccionario-enciclopedico-de-san-luis\/"]}]},{"@type":"ImageObject","inLanguage":"es-AR","@id":"https:\/\/apuntesdesanluis.com\/index.php\/2023\/11\/30\/el-gobernador-presento-el-diccionario-enciclopedico-de-san-luis\/#primaryimage","url":"https:\/\/apuntesdesanluis.com\/wp-content\/uploads\/2023\/11\/diccionario.jpg","contentUrl":"https:\/\/apuntesdesanluis.com\/wp-content\/uploads\/2023\/11\/diccionario.jpg","width":590,"height":331},{"@type":"BreadcrumbList","@id":"https:\/\/apuntesdesanluis.com\/index.php\/2023\/11\/30\/el-gobernador-presento-el-diccionario-enciclopedico-de-san-luis\/#breadcrumb","itemListElement":[{"@type":"ListItem","position":1,"name":"Inicio","item":"https:\/\/apuntesdesanluis.com\/"},{"@type":"ListItem","position":2,"name":"EL GOBERNADOR PRESENT\u00d3 EL DICCIONARIO ENCICLOP\u00c9DICO DE SAN LUIS"}]},{"@type":"WebSite","@id":"https:\/\/apuntesdesanluis.com\/#website","url":"https:\/\/apuntesdesanluis.com\/","name":"Apuntes de San Luis","description":"","publisher":{"@id":"https:\/\/apuntesdesanluis.com\/#\/schema\/person\/b55151d52296fcce64d1a72538a70b90"},"potentialAction":[{"@type":"SearchAction","target":{"@type":"EntryPoint","urlTemplate":"https:\/\/apuntesdesanluis.com\/?s={search_term_string}"},"query-input":{"@type":"PropertyValueSpecification","valueRequired":true,"valueName":"search_term_string"}}],"inLanguage":"es-AR"},{"@type":["Person","Organization"],"@id":"https:\/\/apuntesdesanluis.com\/#\/schema\/person\/b55151d52296fcce64d1a72538a70b90","name":"apuntesdesanluis.com","image":{"@type":"ImageObject","inLanguage":"es-AR","@id":"https:\/\/apuntesdesanluis.com\/#\/schema\/person\/image\/","url":"https:\/\/apuntesdesanluis.com\/wp-content\/uploads\/2023\/07\/cropped-apuntesdesanluis.png","contentUrl":"https:\/\/apuntesdesanluis.com\/wp-content\/uploads\/2023\/07\/cropped-apuntesdesanluis.png","width":450,"height":112,"caption":"apuntesdesanluis.com"},"logo":{"@id":"https:\/\/apuntesdesanluis.com\/#\/schema\/person\/image\/"},"sameAs":["https:\/\/apuntesdesanluis.com"],"url":"https:\/\/apuntesdesanluis.com\/index.php\/author\/apuntesdesanluis-com\/"}]}},"featured_image_urls":{"full":["https:\/\/apuntesdesanluis.com\/wp-content\/uploads\/2023\/11\/diccionario.jpg",590,331,false],"thumbnail":["https:\/\/apuntesdesanluis.com\/wp-content\/uploads\/2023\/11\/diccionario-150x150.jpg",150,150,true],"medium":["https:\/\/apuntesdesanluis.com\/wp-content\/uploads\/2023\/11\/diccionario-300x168.jpg",300,168,true],"medium_large":["https:\/\/apuntesdesanluis.com\/wp-content\/uploads\/2023\/11\/diccionario.jpg",590,331,false],"large":["https:\/\/apuntesdesanluis.com\/wp-content\/uploads\/2023\/11\/diccionario.jpg",590,331,false],"1536x1536":["https:\/\/apuntesdesanluis.com\/wp-content\/uploads\/2023\/11\/diccionario.jpg",590,331,false],"2048x2048":["https:\/\/apuntesdesanluis.com\/wp-content\/uploads\/2023\/11\/diccionario.jpg",590,331,false],"newsever-slider-full":["https:\/\/apuntesdesanluis.com\/wp-content\/uploads\/2023\/11\/diccionario.jpg",590,331,false],"newsever-featured":["https:\/\/apuntesdesanluis.com\/wp-content\/uploads\/2023\/11\/diccionario.jpg",590,331,false],"newsever-medium":["https:\/\/apuntesdesanluis.com\/wp-content\/uploads\/2023\/11\/diccionario.jpg",590,331,false]},"author_info":{"display_name":"apuntesdesanluis.com","author_link":"https:\/\/apuntesdesanluis.com\/index.php\/author\/apuntesdesanluis-com\/"},"category_info":"<a href=\"https:\/\/apuntesdesanluis.com\/index.php\/category\/ciudad-provincia\/\" rel=\"category tag\">Ciudad\/Provincia<\/a>","tag_info":"Ciudad\/Provincia","comment_count":"0","_links":{"self":[{"href":"https:\/\/apuntesdesanluis.com\/index.php\/wp-json\/wp\/v2\/posts\/7659","targetHints":{"allow":["GET"]}}],"collection":[{"href":"https:\/\/apuntesdesanluis.com\/index.php\/wp-json\/wp\/v2\/posts"}],"about":[{"href":"https:\/\/apuntesdesanluis.com\/index.php\/wp-json\/wp\/v2\/types\/post"}],"author":[{"embeddable":true,"href":"https:\/\/apuntesdesanluis.com\/index.php\/wp-json\/wp\/v2\/users\/1"}],"replies":[{"embeddable":true,"href":"https:\/\/apuntesdesanluis.com\/index.php\/wp-json\/wp\/v2\/comments?post=7659"}],"version-history":[{"count":1,"href":"https:\/\/apuntesdesanluis.com\/index.php\/wp-json\/wp\/v2\/posts\/7659\/revisions"}],"predecessor-version":[{"id":7661,"href":"https:\/\/apuntesdesanluis.com\/index.php\/wp-json\/wp\/v2\/posts\/7659\/revisions\/7661"}],"wp:featuredmedia":[{"embeddable":true,"href":"https:\/\/apuntesdesanluis.com\/index.php\/wp-json\/wp\/v2\/media\/7660"}],"wp:attachment":[{"href":"https:\/\/apuntesdesanluis.com\/index.php\/wp-json\/wp\/v2\/media?parent=7659"}],"wp:term":[{"taxonomy":"category","embeddable":true,"href":"https:\/\/apuntesdesanluis.com\/index.php\/wp-json\/wp\/v2\/categories?post=7659"},{"taxonomy":"post_tag","embeddable":true,"href":"https:\/\/apuntesdesanluis.com\/index.php\/wp-json\/wp\/v2\/tags?post=7659"}],"curies":[{"name":"wp","href":"https:\/\/api.w.org\/{rel}","templated":true}]}}