{"id":7662,"date":"2023-11-30T16:03:25","date_gmt":"2023-11-30T19:03:25","guid":{"rendered":"https:\/\/apuntesdesanluis.com\/?p=7662"},"modified":"2023-11-30T21:57:20","modified_gmt":"2023-12-01T00:57:20","slug":"lo-condenaron-7-anos-y-6-meses-por-robarle-al-abogado-sergio-alvarez","status":"publish","type":"post","link":"https:\/\/apuntesdesanluis.com\/index.php\/2023\/11\/30\/lo-condenaron-7-anos-y-6-meses-por-robarle-al-abogado-sergio-alvarez\/","title":{"rendered":"LO CONDENARON A 7 A\u00d1OS Y 6 MESES POR ROBARLE AL ABOGADO SERGIO \u00c1LVAREZ"},"content":{"rendered":"<h3>El Colegio de Jueces de la ciudad de San Luis declar\u00f3 culpable a <strong>Cristian Vel\u00e1zquez Zapata<\/strong> por el delito de robo calificado por el uso de arma de fuego y lo conden\u00f3 a siete a\u00f1os y seis meses de prisi\u00f3n.<\/h3>\n<h3>El debate oral y p\u00fablico culmin\u00f3 este mi\u00e9rcoles a la tarde. El hombre de 26 a\u00f1os lleg\u00f3 al proceso acusado de robo calificado por el uso de arma de fuego en grado de tentativa por un hecho ocurrido el 18 de mayo de 2021 en perjuicio del abogado <strong>Sergio \u00c1lvarez<\/strong>.<\/h3>\n<h3>En la ronda de alegatos, la Fiscal de Juicio, Virginia Palacios, dijo que aunque el arma no se pudo secuestrar si qued\u00f3 acreditado que el disparo se efectu\u00f3 ya que todos los testigos hablaron de la existencia de un estruendo. En ese mismo sentido, detall\u00f3 que la pericia desarrollada por la Divisi\u00f3n Criminal\u00edstica concluy\u00f3 que la vaina que se rescat\u00f3 del lugar correspond\u00eda a un proyectil percutado. \u201cEsa vaina dio cuenta de un escenario de robo\u201d, expres\u00f3 Palacios y agreg\u00f3 que \u201cexisti\u00f3 un claro designio de despojar a \u00c1lvarez de bienes objeto de su propiedad\u201d. Adem\u00e1s la Fiscal sostuvo que en la escena del hecho se encontr\u00f3 un manojo de llaves que no correspond\u00eda a ninguna puerta del estudio jur\u00eddico. A\u00f1adi\u00f3 que con motivo del allanamiento en la vivienda de Zapata se orden\u00f3 la constataci\u00f3n para determinar si las llaves secuestradas se correspond\u00edan con alguna cerradura y el resultado fue positivo. \u201cEsas llaves que se levantaron en ese lugar, en el lugar del crimen, eran las llaves de Zapata\u201d. Finalmente pidi\u00f3 11 a\u00f1os y 6 meses de prisi\u00f3n por el delito de robo calificado por el uso de arma de fuego en calidad de autor.<\/h3>\n<h3>Seguidamente la representante de la v\u00edctima, Bel\u00e9n Pereyra, adhiri\u00f3 a la calificaci\u00f3n legal y al monto de la pena solicitado por Fiscal\u00eda.<\/h3>\n<h3>De acuerdo a la denuncia, el 18 de mayo de 2021 Sergio \u00c1lvarez recibi\u00f3 en su estudio jur\u00eddico, ubicado en Juan W. Gez y San Juan de la ciudad capital, a dos supuestos clientes que iban a realizar una consulta por un juicio laboral quienes al poco tiempo de entablar un di\u00e1logo con el profesional le exigieron, a punta de arma de fuego, que les entregara dinero. En ese momento inici\u00f3 un forcejeo y los asaltantes intentaron asfixiarlo y le dieron un culatazo en la cabeza. Seguidamente le quitaron la llave del veh\u00edculo y trataron de llevarle su auto Volkswagen Vento. Al no lograr cometer el hecho, efectuaron un disparo antes de darse a la fuga y escaparon con las llaves del automotor, del domicilio particular y del estudio de la v\u00edctima.<\/h3>\n<h3>Inicialmente el Fiscal N\u00ba 2 de la Primera Circunscripci\u00f3n Judicial, Ricardo Barbeito, solicit\u00f3, en su requisitoria la elevaci\u00f3n a juicio y que el imputado sea condenado a 5 a\u00f1os de prisi\u00f3n.<\/h3>\n<h3>Por su parte, la Defensa manifest\u00f3 que \u201cac\u00e1 deber\u00edan haber dos personas que participaron en el supuesto hecho, no podemos hablar ni hacer las acusaciones tan graves que se han hecho cuando hay un ausente, no existe. Estamos ac\u00e1 con un solo imputado\u201d.\u00a0 Adem\u00e1s asegur\u00f3 que su defendido solo acompa\u00f1\u00f3 al autor del hecho al estudio jur\u00eddico, por lo tanto no es responsable ni del golpe ni del robo.<\/h3>\n<h3>\u201cMe opongo a la conducta que establece la fiscal que acusa por el art. 162 inc. 2\u00ba, robo, y 3\u00ba y solicita la pena de 11 a\u00f1os, porque ac\u00e1 no se ha configurado el robo porque estamos ante una situaci\u00f3n de tentativa de mi defendido\u201d, dijo en un tramo de su alegato Olga Allende, defensora de Vel\u00e1zquez Zapata.<\/h3>\n<h3>El tribunal estuvo integrado por su presidente, Mar\u00eda Eugenia Zabala Chacur y las vocal\u00edas de Jos\u00e9 Luis Flores y Fernando De Viana. Como fiscal de Juicio actu\u00f3 Virginia Palacios y la abogada Olga Allende ejerci\u00f3 la defensa t\u00e9cnica de Vel\u00e1zquez Zapata. La v\u00edctima fue representada por la abogada Bel\u00e9n Pereyra.<\/h3>\n<p>&nbsp;<\/p>\n<p>&nbsp;<\/p>\n<p>&nbsp;<\/p>\n","protected":false},"excerpt":{"rendered":"<p>El Colegio de Jueces de la ciudad de San Luis declar\u00f3 culpable a Cristian Vel\u00e1zquez&#8230;<\/p>\n","protected":false},"author":1,"featured_media":7663,"comment_status":"closed","ping_status":"closed","sticky":false,"template":"","format":"standard","meta":{"footnotes":""},"categories":[6],"tags":[],"class_list":["post-7662","post","type-post","status-publish","format-standard","has-post-thumbnail","hentry","category-ciudad-provincia"],"yoast_head":"<!-- This site is optimized with the Yoast SEO plugin v26.1.1 - https:\/\/yoast.com\/wordpress\/plugins\/seo\/ -->\n<title>LO CONDENARON A 7 A\u00d1OS Y 6 MESES POR ROBARLE AL ABOGADO SERGIO \u00c1LVAREZ - Apuntes de San Luis<\/title>\n<meta name=\"robots\" content=\"index, follow, max-snippet:-1, max-image-preview:large, max-video-preview:-1\" \/>\n<link rel=\"canonical\" href=\"https:\/\/apuntesdesanluis.com\/index.php\/2023\/11\/30\/lo-condenaron-7-anos-y-6-meses-por-robarle-al-abogado-sergio-alvarez\/\" \/>\n<meta property=\"og:locale\" content=\"es_ES\" \/>\n<meta property=\"og:type\" content=\"article\" \/>\n<meta property=\"og:title\" content=\"LO CONDENARON A 7 A\u00d1OS Y 6 MESES POR ROBARLE AL ABOGADO SERGIO \u00c1LVAREZ - Apuntes de San Luis\" \/>\n<meta property=\"og:description\" content=\"El Colegio de Jueces de la ciudad de San Luis declar\u00f3 culpable a Cristian Vel\u00e1zquez...\" \/>\n<meta property=\"og:url\" content=\"https:\/\/apuntesdesanluis.com\/index.php\/2023\/11\/30\/lo-condenaron-7-anos-y-6-meses-por-robarle-al-abogado-sergio-alvarez\/\" \/>\n<meta property=\"og:site_name\" content=\"Apuntes de San Luis\" \/>\n<meta property=\"article:published_time\" content=\"2023-11-30T19:03:25+00:00\" \/>\n<meta property=\"article:modified_time\" content=\"2023-12-01T00:57:20+00:00\" \/>\n<meta property=\"og:image\" content=\"https:\/\/apuntesdesanluis.com\/wp-content\/uploads\/2023\/11\/AUDIENCIA-e1701370970159.webp\" \/>\n\t<meta property=\"og:image:width\" content=\"839\" \/>\n\t<meta property=\"og:image:height\" content=\"459\" \/>\n\t<meta property=\"og:image:type\" content=\"image\/webp\" \/>\n<meta name=\"author\" content=\"apuntesdesanluis.com\" \/>\n<meta name=\"twitter:card\" content=\"summary_large_image\" \/>\n<meta name=\"twitter:label1\" content=\"Escrito por\" \/>\n\t<meta name=\"twitter:data1\" content=\"apuntesdesanluis.com\" \/>\n\t<meta name=\"twitter:label2\" content=\"Tiempo de lectura\" \/>\n\t<meta name=\"twitter:data2\" content=\"3 minutos\" \/>\n<script type=\"application\/ld+json\" class=\"yoast-schema-graph\">{\"@context\":\"https:\/\/schema.org\",\"@graph\":[{\"@type\":\"Article\",\"@id\":\"https:\/\/apuntesdesanluis.com\/index.php\/2023\/11\/30\/lo-condenaron-7-anos-y-6-meses-por-robarle-al-abogado-sergio-alvarez\/#article\",\"isPartOf\":{\"@id\":\"https:\/\/apuntesdesanluis.com\/index.php\/2023\/11\/30\/lo-condenaron-7-anos-y-6-meses-por-robarle-al-abogado-sergio-alvarez\/\"},\"author\":{\"name\":\"apuntesdesanluis.com\",\"@id\":\"https:\/\/apuntesdesanluis.com\/#\/schema\/person\/b55151d52296fcce64d1a72538a70b90\"},\"headline\":\"LO CONDENARON A 7 A\u00d1OS Y 6 MESES POR ROBARLE AL ABOGADO SERGIO \u00c1LVAREZ\",\"datePublished\":\"2023-11-30T19:03:25+00:00\",\"dateModified\":\"2023-12-01T00:57:20+00:00\",\"mainEntityOfPage\":{\"@id\":\"https:\/\/apuntesdesanluis.com\/index.php\/2023\/11\/30\/lo-condenaron-7-anos-y-6-meses-por-robarle-al-abogado-sergio-alvarez\/\"},\"wordCount\":691,\"publisher\":{\"@id\":\"https:\/\/apuntesdesanluis.com\/#\/schema\/person\/b55151d52296fcce64d1a72538a70b90\"},\"image\":{\"@id\":\"https:\/\/apuntesdesanluis.com\/index.php\/2023\/11\/30\/lo-condenaron-7-anos-y-6-meses-por-robarle-al-abogado-sergio-alvarez\/#primaryimage\"},\"thumbnailUrl\":\"https:\/\/apuntesdesanluis.com\/wp-content\/uploads\/2023\/11\/AUDIENCIA-e1701370970159.webp\",\"articleSection\":[\"Ciudad\/Provincia\"],\"inLanguage\":\"es-AR\"},{\"@type\":\"WebPage\",\"@id\":\"https:\/\/apuntesdesanluis.com\/index.php\/2023\/11\/30\/lo-condenaron-7-anos-y-6-meses-por-robarle-al-abogado-sergio-alvarez\/\",\"url\":\"https:\/\/apuntesdesanluis.com\/index.php\/2023\/11\/30\/lo-condenaron-7-anos-y-6-meses-por-robarle-al-abogado-sergio-alvarez\/\",\"name\":\"LO CONDENARON A 7 A\u00d1OS Y 6 MESES POR ROBARLE AL ABOGADO SERGIO \u00c1LVAREZ - Apuntes de San Luis\",\"isPartOf\":{\"@id\":\"https:\/\/apuntesdesanluis.com\/#website\"},\"primaryImageOfPage\":{\"@id\":\"https:\/\/apuntesdesanluis.com\/index.php\/2023\/11\/30\/lo-condenaron-7-anos-y-6-meses-por-robarle-al-abogado-sergio-alvarez\/#primaryimage\"},\"image\":{\"@id\":\"https:\/\/apuntesdesanluis.com\/index.php\/2023\/11\/30\/lo-condenaron-7-anos-y-6-meses-por-robarle-al-abogado-sergio-alvarez\/#primaryimage\"},\"thumbnailUrl\":\"https:\/\/apuntesdesanluis.com\/wp-content\/uploads\/2023\/11\/AUDIENCIA-e1701370970159.webp\",\"datePublished\":\"2023-11-30T19:03:25+00:00\",\"dateModified\":\"2023-12-01T00:57:20+00:00\",\"breadcrumb\":{\"@id\":\"https:\/\/apuntesdesanluis.com\/index.php\/2023\/11\/30\/lo-condenaron-7-anos-y-6-meses-por-robarle-al-abogado-sergio-alvarez\/#breadcrumb\"},\"inLanguage\":\"es-AR\",\"potentialAction\":[{\"@type\":\"ReadAction\",\"target\":[\"https:\/\/apuntesdesanluis.com\/index.php\/2023\/11\/30\/lo-condenaron-7-anos-y-6-meses-por-robarle-al-abogado-sergio-alvarez\/\"]}]},{\"@type\":\"ImageObject\",\"inLanguage\":\"es-AR\",\"@id\":\"https:\/\/apuntesdesanluis.com\/index.php\/2023\/11\/30\/lo-condenaron-7-anos-y-6-meses-por-robarle-al-abogado-sergio-alvarez\/#primaryimage\",\"url\":\"https:\/\/apuntesdesanluis.com\/wp-content\/uploads\/2023\/11\/AUDIENCIA-e1701370970159.webp\",\"contentUrl\":\"https:\/\/apuntesdesanluis.com\/wp-content\/uploads\/2023\/11\/AUDIENCIA-e1701370970159.webp\",\"width\":839,\"height\":459},{\"@type\":\"BreadcrumbList\",\"@id\":\"https:\/\/apuntesdesanluis.com\/index.php\/2023\/11\/30\/lo-condenaron-7-anos-y-6-meses-por-robarle-al-abogado-sergio-alvarez\/#breadcrumb\",\"itemListElement\":[{\"@type\":\"ListItem\",\"position\":1,\"name\":\"Inicio\",\"item\":\"https:\/\/apuntesdesanluis.com\/\"},{\"@type\":\"ListItem\",\"position\":2,\"name\":\"LO CONDENARON A 7 A\u00d1OS Y 6 MESES POR ROBARLE AL ABOGADO SERGIO \u00c1LVAREZ\"}]},{\"@type\":\"WebSite\",\"@id\":\"https:\/\/apuntesdesanluis.com\/#website\",\"url\":\"https:\/\/apuntesdesanluis.com\/\",\"name\":\"Apuntes de San Luis\",\"description\":\"\",\"publisher\":{\"@id\":\"https:\/\/apuntesdesanluis.com\/#\/schema\/person\/b55151d52296fcce64d1a72538a70b90\"},\"potentialAction\":[{\"@type\":\"SearchAction\",\"target\":{\"@type\":\"EntryPoint\",\"urlTemplate\":\"https:\/\/apuntesdesanluis.com\/?s={search_term_string}\"},\"query-input\":{\"@type\":\"PropertyValueSpecification\",\"valueRequired\":true,\"valueName\":\"search_term_string\"}}],\"inLanguage\":\"es-AR\"},{\"@type\":[\"Person\",\"Organization\"],\"@id\":\"https:\/\/apuntesdesanluis.com\/#\/schema\/person\/b55151d52296fcce64d1a72538a70b90\",\"name\":\"apuntesdesanluis.com\",\"image\":{\"@type\":\"ImageObject\",\"inLanguage\":\"es-AR\",\"@id\":\"https:\/\/apuntesdesanluis.com\/#\/schema\/person\/image\/\",\"url\":\"https:\/\/apuntesdesanluis.com\/wp-content\/uploads\/2023\/07\/cropped-apuntesdesanluis.png\",\"contentUrl\":\"https:\/\/apuntesdesanluis.com\/wp-content\/uploads\/2023\/07\/cropped-apuntesdesanluis.png\",\"width\":450,\"height\":112,\"caption\":\"apuntesdesanluis.com\"},\"logo\":{\"@id\":\"https:\/\/apuntesdesanluis.com\/#\/schema\/person\/image\/\"},\"sameAs\":[\"https:\/\/apuntesdesanluis.com\"],\"url\":\"https:\/\/apuntesdesanluis.com\/index.php\/author\/apuntesdesanluis-com\/\"}]}<\/script>\n<!-- \/ Yoast SEO plugin. -->","yoast_head_json":{"title":"LO CONDENARON A 7 A\u00d1OS Y 6 MESES POR ROBARLE AL ABOGADO SERGIO \u00c1LVAREZ - Apuntes de San Luis","robots":{"index":"index","follow":"follow","max-snippet":"max-snippet:-1","max-image-preview":"max-image-preview:large","max-video-preview":"max-video-preview:-1"},"canonical":"https:\/\/apuntesdesanluis.com\/index.php\/2023\/11\/30\/lo-condenaron-7-anos-y-6-meses-por-robarle-al-abogado-sergio-alvarez\/","og_locale":"es_ES","og_type":"article","og_title":"LO CONDENARON A 7 A\u00d1OS Y 6 MESES POR ROBARLE AL ABOGADO SERGIO \u00c1LVAREZ - Apuntes de San Luis","og_description":"El Colegio de Jueces de la ciudad de San Luis declar\u00f3 culpable a Cristian Vel\u00e1zquez...","og_url":"https:\/\/apuntesdesanluis.com\/index.php\/2023\/11\/30\/lo-condenaron-7-anos-y-6-meses-por-robarle-al-abogado-sergio-alvarez\/","og_site_name":"Apuntes de San Luis","article_published_time":"2023-11-30T19:03:25+00:00","article_modified_time":"2023-12-01T00:57:20+00:00","og_image":[{"width":839,"height":459,"url":"https:\/\/apuntesdesanluis.com\/wp-content\/uploads\/2023\/11\/AUDIENCIA-e1701370970159.webp","type":"image\/webp"}],"author":"apuntesdesanluis.com","twitter_card":"summary_large_image","twitter_misc":{"Escrito por":"apuntesdesanluis.com","Tiempo de lectura":"3 minutos"},"schema":{"@context":"https:\/\/schema.org","@graph":[{"@type":"Article","@id":"https:\/\/apuntesdesanluis.com\/index.php\/2023\/11\/30\/lo-condenaron-7-anos-y-6-meses-por-robarle-al-abogado-sergio-alvarez\/#article","isPartOf":{"@id":"https:\/\/apuntesdesanluis.com\/index.php\/2023\/11\/30\/lo-condenaron-7-anos-y-6-meses-por-robarle-al-abogado-sergio-alvarez\/"},"author":{"name":"apuntesdesanluis.com","@id":"https:\/\/apuntesdesanluis.com\/#\/schema\/person\/b55151d52296fcce64d1a72538a70b90"},"headline":"LO CONDENARON A 7 A\u00d1OS Y 6 MESES POR ROBARLE AL ABOGADO SERGIO \u00c1LVAREZ","datePublished":"2023-11-30T19:03:25+00:00","dateModified":"2023-12-01T00:57:20+00:00","mainEntityOfPage":{"@id":"https:\/\/apuntesdesanluis.com\/index.php\/2023\/11\/30\/lo-condenaron-7-anos-y-6-meses-por-robarle-al-abogado-sergio-alvarez\/"},"wordCount":691,"publisher":{"@id":"https:\/\/apuntesdesanluis.com\/#\/schema\/person\/b55151d52296fcce64d1a72538a70b90"},"image":{"@id":"https:\/\/apuntesdesanluis.com\/index.php\/2023\/11\/30\/lo-condenaron-7-anos-y-6-meses-por-robarle-al-abogado-sergio-alvarez\/#primaryimage"},"thumbnailUrl":"https:\/\/apuntesdesanluis.com\/wp-content\/uploads\/2023\/11\/AUDIENCIA-e1701370970159.webp","articleSection":["Ciudad\/Provincia"],"inLanguage":"es-AR"},{"@type":"WebPage","@id":"https:\/\/apuntesdesanluis.com\/index.php\/2023\/11\/30\/lo-condenaron-7-anos-y-6-meses-por-robarle-al-abogado-sergio-alvarez\/","url":"https:\/\/apuntesdesanluis.com\/index.php\/2023\/11\/30\/lo-condenaron-7-anos-y-6-meses-por-robarle-al-abogado-sergio-alvarez\/","name":"LO CONDENARON A 7 A\u00d1OS Y 6 MESES POR ROBARLE AL ABOGADO SERGIO \u00c1LVAREZ - Apuntes de San Luis","isPartOf":{"@id":"https:\/\/apuntesdesanluis.com\/#website"},"primaryImageOfPage":{"@id":"https:\/\/apuntesdesanluis.com\/index.php\/2023\/11\/30\/lo-condenaron-7-anos-y-6-meses-por-robarle-al-abogado-sergio-alvarez\/#primaryimage"},"image":{"@id":"https:\/\/apuntesdesanluis.com\/index.php\/2023\/11\/30\/lo-condenaron-7-anos-y-6-meses-por-robarle-al-abogado-sergio-alvarez\/#primaryimage"},"thumbnailUrl":"https:\/\/apuntesdesanluis.com\/wp-content\/uploads\/2023\/11\/AUDIENCIA-e1701370970159.webp","datePublished":"2023-11-30T19:03:25+00:00","dateModified":"2023-12-01T00:57:20+00:00","breadcrumb":{"@id":"https:\/\/apuntesdesanluis.com\/index.php\/2023\/11\/30\/lo-condenaron-7-anos-y-6-meses-por-robarle-al-abogado-sergio-alvarez\/#breadcrumb"},"inLanguage":"es-AR","potentialAction":[{"@type":"ReadAction","target":["https:\/\/apuntesdesanluis.com\/index.php\/2023\/11\/30\/lo-condenaron-7-anos-y-6-meses-por-robarle-al-abogado-sergio-alvarez\/"]}]},{"@type":"ImageObject","inLanguage":"es-AR","@id":"https:\/\/apuntesdesanluis.com\/index.php\/2023\/11\/30\/lo-condenaron-7-anos-y-6-meses-por-robarle-al-abogado-sergio-alvarez\/#primaryimage","url":"https:\/\/apuntesdesanluis.com\/wp-content\/uploads\/2023\/11\/AUDIENCIA-e1701370970159.webp","contentUrl":"https:\/\/apuntesdesanluis.com\/wp-content\/uploads\/2023\/11\/AUDIENCIA-e1701370970159.webp","width":839,"height":459},{"@type":"BreadcrumbList","@id":"https:\/\/apuntesdesanluis.com\/index.php\/2023\/11\/30\/lo-condenaron-7-anos-y-6-meses-por-robarle-al-abogado-sergio-alvarez\/#breadcrumb","itemListElement":[{"@type":"ListItem","position":1,"name":"Inicio","item":"https:\/\/apuntesdesanluis.com\/"},{"@type":"ListItem","position":2,"name":"LO CONDENARON A 7 A\u00d1OS Y 6 MESES POR ROBARLE AL ABOGADO SERGIO \u00c1LVAREZ"}]},{"@type":"WebSite","@id":"https:\/\/apuntesdesanluis.com\/#website","url":"https:\/\/apuntesdesanluis.com\/","name":"Apuntes de San Luis","description":"","publisher":{"@id":"https:\/\/apuntesdesanluis.com\/#\/schema\/person\/b55151d52296fcce64d1a72538a70b90"},"potentialAction":[{"@type":"SearchAction","target":{"@type":"EntryPoint","urlTemplate":"https:\/\/apuntesdesanluis.com\/?s={search_term_string}"},"query-input":{"@type":"PropertyValueSpecification","valueRequired":true,"valueName":"search_term_string"}}],"inLanguage":"es-AR"},{"@type":["Person","Organization"],"@id":"https:\/\/apuntesdesanluis.com\/#\/schema\/person\/b55151d52296fcce64d1a72538a70b90","name":"apuntesdesanluis.com","image":{"@type":"ImageObject","inLanguage":"es-AR","@id":"https:\/\/apuntesdesanluis.com\/#\/schema\/person\/image\/","url":"https:\/\/apuntesdesanluis.com\/wp-content\/uploads\/2023\/07\/cropped-apuntesdesanluis.png","contentUrl":"https:\/\/apuntesdesanluis.com\/wp-content\/uploads\/2023\/07\/cropped-apuntesdesanluis.png","width":450,"height":112,"caption":"apuntesdesanluis.com"},"logo":{"@id":"https:\/\/apuntesdesanluis.com\/#\/schema\/person\/image\/"},"sameAs":["https:\/\/apuntesdesanluis.com"],"url":"https:\/\/apuntesdesanluis.com\/index.php\/author\/apuntesdesanluis-com\/"}]}},"featured_image_urls":{"full":["https:\/\/apuntesdesanluis.com\/wp-content\/uploads\/2023\/11\/AUDIENCIA-e1701370970159.webp",839,459,false],"thumbnail":["https:\/\/apuntesdesanluis.com\/wp-content\/uploads\/2023\/11\/AUDIENCIA-e1701370970159-150x150.webp",150,150,true],"medium":["https:\/\/apuntesdesanluis.com\/wp-content\/uploads\/2023\/11\/AUDIENCIA-e1701370970159-300x164.webp",300,164,true],"medium_large":["https:\/\/apuntesdesanluis.com\/wp-content\/uploads\/2023\/11\/AUDIENCIA-e1701370970159-768x420.webp",640,350,true],"large":["https:\/\/apuntesdesanluis.com\/wp-content\/uploads\/2023\/11\/AUDIENCIA-e1701370970159.webp",640,350,false],"1536x1536":["https:\/\/apuntesdesanluis.com\/wp-content\/uploads\/2023\/11\/AUDIENCIA-e1701370970159.webp",839,459,false],"2048x2048":["https:\/\/apuntesdesanluis.com\/wp-content\/uploads\/2023\/11\/AUDIENCIA-e1701370970159.webp",839,459,false],"newsever-slider-full":["https:\/\/apuntesdesanluis.com\/wp-content\/uploads\/2023\/11\/AUDIENCIA-e1701370970159.webp",839,459,false],"newsever-featured":["https:\/\/apuntesdesanluis.com\/wp-content\/uploads\/2023\/11\/AUDIENCIA-e1701370970159.webp",839,459,false],"newsever-medium":["https:\/\/apuntesdesanluis.com\/wp-content\/uploads\/2023\/11\/AUDIENCIA-e1701370970159-720x459.webp",720,459,true]},"author_info":{"display_name":"apuntesdesanluis.com","author_link":"https:\/\/apuntesdesanluis.com\/index.php\/author\/apuntesdesanluis-com\/"},"category_info":"<a href=\"https:\/\/apuntesdesanluis.com\/index.php\/category\/ciudad-provincia\/\" rel=\"category tag\">Ciudad\/Provincia<\/a>","tag_info":"Ciudad\/Provincia","comment_count":"0","_links":{"self":[{"href":"https:\/\/apuntesdesanluis.com\/index.php\/wp-json\/wp\/v2\/posts\/7662","targetHints":{"allow":["GET"]}}],"collection":[{"href":"https:\/\/apuntesdesanluis.com\/index.php\/wp-json\/wp\/v2\/posts"}],"about":[{"href":"https:\/\/apuntesdesanluis.com\/index.php\/wp-json\/wp\/v2\/types\/post"}],"author":[{"embeddable":true,"href":"https:\/\/apuntesdesanluis.com\/index.php\/wp-json\/wp\/v2\/users\/1"}],"replies":[{"embeddable":true,"href":"https:\/\/apuntesdesanluis.com\/index.php\/wp-json\/wp\/v2\/comments?post=7662"}],"version-history":[{"count":2,"href":"https:\/\/apuntesdesanluis.com\/index.php\/wp-json\/wp\/v2\/posts\/7662\/revisions"}],"predecessor-version":[{"id":7710,"href":"https:\/\/apuntesdesanluis.com\/index.php\/wp-json\/wp\/v2\/posts\/7662\/revisions\/7710"}],"wp:featuredmedia":[{"embeddable":true,"href":"https:\/\/apuntesdesanluis.com\/index.php\/wp-json\/wp\/v2\/media\/7663"}],"wp:attachment":[{"href":"https:\/\/apuntesdesanluis.com\/index.php\/wp-json\/wp\/v2\/media?parent=7662"}],"wp:term":[{"taxonomy":"category","embeddable":true,"href":"https:\/\/apuntesdesanluis.com\/index.php\/wp-json\/wp\/v2\/categories?post=7662"},{"taxonomy":"post_tag","embeddable":true,"href":"https:\/\/apuntesdesanluis.com\/index.php\/wp-json\/wp\/v2\/tags?post=7662"}],"curies":[{"name":"wp","href":"https:\/\/api.w.org\/{rel}","templated":true}]}}