{"id":7699,"date":"2023-11-30T21:40:14","date_gmt":"2023-12-01T00:40:14","guid":{"rendered":"https:\/\/apuntesdesanluis.com\/?p=7699"},"modified":"2023-11-30T21:40:14","modified_gmt":"2023-12-01T00:40:14","slug":"patricia-bullrich-dejara-la-presidencia-del-pro-y-convoco-a-elecciones-para-principios-del-2024","status":"publish","type":"post","link":"https:\/\/apuntesdesanluis.com\/index.php\/2023\/11\/30\/patricia-bullrich-dejara-la-presidencia-del-pro-y-convoco-a-elecciones-para-principios-del-2024\/","title":{"rendered":"PATRICIA BULLRICH DEJAR\u00c1 LA PRESIDENCIA DEL PRO Y CONVOC\u00d3 A ELECCIONES PARA PRINCIPIOS DEL 2024"},"content":{"rendered":"<h3><strong>Patricia Bullrich<\/strong> anunci\u00f3 que dejar\u00e1 la presidencia del PRO y llamar\u00e1 a elecciones internas para \u201cprincipios del 2024\u2033. \u201cConvocar\u00e9 a elecciones internas para principios de 2024 con el fin de renovar las autoridades nacionales de PRO Argentina. Mi decisi\u00f3n es no presentarme para un nuevo mandato. Dedicar\u00e9 todo mi esfuerzo, energ\u00eda y tiempo en trabajar por una Argentina pr\u00f3spera y segura\u201d, expres\u00f3 la actual titular del partido.<\/h3>\n<h3>De esta manera, su vuelta a esa funci\u00f3n fue corta. En abril hab\u00eda decidido tomarse licencia para encarar su campa\u00f1a presidencial y hab\u00eda vuelto tras el resultado negativo de octubre. Mientras no estuvo, la reemplaz\u00f3 Federico Angelini.<\/h3>\n<h3>La decisi\u00f3n se da en medio de fuertes versiones de que la ex ministra de Seguridad se sumar\u00e1 al gobierno de Javier Milei. Los cargos para los que suena son nuevamente la cartera que ocup\u00f3 durante la gesti\u00f3n de Macri o la Secretar\u00eda de Trabajo.<\/h3>\n<h3>Est\u00e1 decidido, tanto desde la pata libertaria como por la propia Bullrich, que tendr\u00e1 un lugar en el gobierno libertario. Fue en ese marco que en la ma\u00f1ana de este jueves la ex candidata presidencial se reuni\u00f3 en el Hotel Libertador con el presidente electo, quien tiene all\u00ed su base de operaciones.<\/h3>\n<h3>Si bien desde un principio se daba por hecho su vuelta a Seguridad, la decisi\u00f3n de Milei de invitar al c\u00f3nclave a Sandra Pettovello, la futura ministra de Capital Humano, que tendr\u00e1 bajo su mando las secretar\u00edas de Trabajo, Desarrollo Social, Educaci\u00f3n y Salud, aliment\u00f3 los rumores que ubican a la presidenta del PRO en la funci\u00f3n que supo ocupar durante el gobierno de Fernando de la R\u00faa.<\/h3>\n<h3>De todos modos, Trabajo ser\u00e1 conducido por el bullrichismo a como d\u00e9 lugar, ya que de no ser la propia Bullrich quien ocupe el puesto, ser\u00e1 Omar Yas\u00edn, abogado laboralista del ri\u00f1\u00f3n del PRO, acompa\u00f1ado por Horacio Pitrau, otro miembro de ese equipo (ambos, cercanos a Jorge Triaca).<\/h3>\n<h3>Otro actor que intentar\u00e1 jugar sus cartas hasta la \u00faltima mano es Mauricio Macri. Se esperaba que el ex jefe de Estado tambi\u00e9n se presentara esta ma\u00f1ana en el hotel c\u00e9ntrico para reunirse con Milei, pero finalmente no lo hizo, en medio de algunas tensiones que mantuvo con el l\u00edder de La Libertad Avanza por el armado del futuro gabinete y designaciones en puestos clave, como la presidencia de la C\u00e1mara de Diputados.<\/h3>\n<h3>Tampoco est\u00e1 en su mejor momento la relaci\u00f3n de Macri con Bullrich, ya que pretend\u00eda ser \u00e9l quien definiera con el mandatario electo todos los nombres y el funcionamiento de un gobierno que aspira a que sea con el PRO como parte y no solo como aliado.<\/h3>\n<h3>\u201cYo no me someto a Mauricio Macri\u201d, fue el mensaje que le mand\u00f3 la ex ministra de Seguridad a Viviana Canosa en la noche del mi\u00e9rcoles con la intenci\u00f3n de dejarle un mensaje p\u00fablico al fundador del PRO. Esa disputa entre los m\u00e1ximos halcones del partido pone a muchos actores en un brete, como por ejemplo a Hern\u00e1n Lombardi, quien suena para ir al Sistema Federal de Medios y Contenidos P\u00fablicos pero no tiene en claro con qui\u00e9n debe abordar el tema dentro de su espacio.<\/h3>\n<p>&nbsp;<\/p>\n<p>&nbsp;<\/p>\n<p>&nbsp;<\/p>\n<p>&nbsp;<\/p>\n","protected":false},"excerpt":{"rendered":"<p>Patricia Bullrich anunci\u00f3 que dejar\u00e1 la presidencia del PRO y llamar\u00e1 a elecciones internas para&#8230;<\/p>\n","protected":false},"author":1,"featured_media":37,"comment_status":"closed","ping_status":"closed","sticky":false,"template":"","format":"standard","meta":{"footnotes":""},"categories":[5],"tags":[],"class_list":["post-7699","post","type-post","status-publish","format-standard","has-post-thumbnail","hentry","category-nacionales-internacionales"],"yoast_head":"<!-- This site is optimized with the Yoast SEO plugin v26.1.1 - https:\/\/yoast.com\/wordpress\/plugins\/seo\/ -->\n<title>PATRICIA BULLRICH DEJAR\u00c1 LA PRESIDENCIA DEL PRO Y CONVOC\u00d3 A ELECCIONES PARA PRINCIPIOS DEL 2024 - Apuntes de San Luis<\/title>\n<meta name=\"robots\" content=\"index, follow, max-snippet:-1, max-image-preview:large, max-video-preview:-1\" \/>\n<link rel=\"canonical\" href=\"https:\/\/apuntesdesanluis.com\/index.php\/2023\/11\/30\/patricia-bullrich-dejara-la-presidencia-del-pro-y-convoco-a-elecciones-para-principios-del-2024\/\" \/>\n<meta property=\"og:locale\" content=\"es_ES\" \/>\n<meta property=\"og:type\" content=\"article\" \/>\n<meta property=\"og:title\" content=\"PATRICIA BULLRICH DEJAR\u00c1 LA PRESIDENCIA DEL PRO Y CONVOC\u00d3 A ELECCIONES PARA PRINCIPIOS DEL 2024 - Apuntes de San Luis\" \/>\n<meta property=\"og:description\" content=\"Patricia Bullrich anunci\u00f3 que dejar\u00e1 la presidencia del PRO y llamar\u00e1 a elecciones internas para...\" \/>\n<meta property=\"og:url\" content=\"https:\/\/apuntesdesanluis.com\/index.php\/2023\/11\/30\/patricia-bullrich-dejara-la-presidencia-del-pro-y-convoco-a-elecciones-para-principios-del-2024\/\" \/>\n<meta property=\"og:site_name\" content=\"Apuntes de San Luis\" \/>\n<meta property=\"article:published_time\" content=\"2023-12-01T00:40:14+00:00\" \/>\n<meta property=\"og:image\" content=\"https:\/\/apuntesdesanluis.com\/wp-content\/uploads\/2023\/07\/Bullrich.jpg\" \/>\n\t<meta property=\"og:image:width\" content=\"680\" \/>\n\t<meta property=\"og:image:height\" content=\"486\" \/>\n\t<meta property=\"og:image:type\" content=\"image\/jpeg\" \/>\n<meta name=\"author\" content=\"apuntesdesanluis.com\" \/>\n<meta name=\"twitter:card\" content=\"summary_large_image\" \/>\n<meta name=\"twitter:label1\" content=\"Escrito por\" \/>\n\t<meta name=\"twitter:data1\" content=\"apuntesdesanluis.com\" \/>\n\t<meta name=\"twitter:label2\" content=\"Tiempo de lectura\" \/>\n\t<meta name=\"twitter:data2\" content=\"3 minutos\" \/>\n<script type=\"application\/ld+json\" class=\"yoast-schema-graph\">{\"@context\":\"https:\/\/schema.org\",\"@graph\":[{\"@type\":\"Article\",\"@id\":\"https:\/\/apuntesdesanluis.com\/index.php\/2023\/11\/30\/patricia-bullrich-dejara-la-presidencia-del-pro-y-convoco-a-elecciones-para-principios-del-2024\/#article\",\"isPartOf\":{\"@id\":\"https:\/\/apuntesdesanluis.com\/index.php\/2023\/11\/30\/patricia-bullrich-dejara-la-presidencia-del-pro-y-convoco-a-elecciones-para-principios-del-2024\/\"},\"author\":{\"name\":\"apuntesdesanluis.com\",\"@id\":\"https:\/\/apuntesdesanluis.com\/#\/schema\/person\/b55151d52296fcce64d1a72538a70b90\"},\"headline\":\"PATRICIA BULLRICH DEJAR\u00c1 LA PRESIDENCIA DEL PRO Y CONVOC\u00d3 A ELECCIONES PARA PRINCIPIOS DEL 2024\",\"datePublished\":\"2023-12-01T00:40:14+00:00\",\"mainEntityOfPage\":{\"@id\":\"https:\/\/apuntesdesanluis.com\/index.php\/2023\/11\/30\/patricia-bullrich-dejara-la-presidencia-del-pro-y-convoco-a-elecciones-para-principios-del-2024\/\"},\"wordCount\":573,\"publisher\":{\"@id\":\"https:\/\/apuntesdesanluis.com\/#\/schema\/person\/b55151d52296fcce64d1a72538a70b90\"},\"image\":{\"@id\":\"https:\/\/apuntesdesanluis.com\/index.php\/2023\/11\/30\/patricia-bullrich-dejara-la-presidencia-del-pro-y-convoco-a-elecciones-para-principios-del-2024\/#primaryimage\"},\"thumbnailUrl\":\"https:\/\/apuntesdesanluis.com\/wp-content\/uploads\/2023\/07\/Bullrich.jpg\",\"articleSection\":[\"Nacionales\/Internacionales\"],\"inLanguage\":\"es-AR\"},{\"@type\":\"WebPage\",\"@id\":\"https:\/\/apuntesdesanluis.com\/index.php\/2023\/11\/30\/patricia-bullrich-dejara-la-presidencia-del-pro-y-convoco-a-elecciones-para-principios-del-2024\/\",\"url\":\"https:\/\/apuntesdesanluis.com\/index.php\/2023\/11\/30\/patricia-bullrich-dejara-la-presidencia-del-pro-y-convoco-a-elecciones-para-principios-del-2024\/\",\"name\":\"PATRICIA BULLRICH DEJAR\u00c1 LA PRESIDENCIA DEL PRO Y CONVOC\u00d3 A ELECCIONES PARA PRINCIPIOS DEL 2024 - Apuntes de San Luis\",\"isPartOf\":{\"@id\":\"https:\/\/apuntesdesanluis.com\/#website\"},\"primaryImageOfPage\":{\"@id\":\"https:\/\/apuntesdesanluis.com\/index.php\/2023\/11\/30\/patricia-bullrich-dejara-la-presidencia-del-pro-y-convoco-a-elecciones-para-principios-del-2024\/#primaryimage\"},\"image\":{\"@id\":\"https:\/\/apuntesdesanluis.com\/index.php\/2023\/11\/30\/patricia-bullrich-dejara-la-presidencia-del-pro-y-convoco-a-elecciones-para-principios-del-2024\/#primaryimage\"},\"thumbnailUrl\":\"https:\/\/apuntesdesanluis.com\/wp-content\/uploads\/2023\/07\/Bullrich.jpg\",\"datePublished\":\"2023-12-01T00:40:14+00:00\",\"breadcrumb\":{\"@id\":\"https:\/\/apuntesdesanluis.com\/index.php\/2023\/11\/30\/patricia-bullrich-dejara-la-presidencia-del-pro-y-convoco-a-elecciones-para-principios-del-2024\/#breadcrumb\"},\"inLanguage\":\"es-AR\",\"potentialAction\":[{\"@type\":\"ReadAction\",\"target\":[\"https:\/\/apuntesdesanluis.com\/index.php\/2023\/11\/30\/patricia-bullrich-dejara-la-presidencia-del-pro-y-convoco-a-elecciones-para-principios-del-2024\/\"]}]},{\"@type\":\"ImageObject\",\"inLanguage\":\"es-AR\",\"@id\":\"https:\/\/apuntesdesanluis.com\/index.php\/2023\/11\/30\/patricia-bullrich-dejara-la-presidencia-del-pro-y-convoco-a-elecciones-para-principios-del-2024\/#primaryimage\",\"url\":\"https:\/\/apuntesdesanluis.com\/wp-content\/uploads\/2023\/07\/Bullrich.jpg\",\"contentUrl\":\"https:\/\/apuntesdesanluis.com\/wp-content\/uploads\/2023\/07\/Bullrich.jpg\",\"width\":680,\"height\":486},{\"@type\":\"BreadcrumbList\",\"@id\":\"https:\/\/apuntesdesanluis.com\/index.php\/2023\/11\/30\/patricia-bullrich-dejara-la-presidencia-del-pro-y-convoco-a-elecciones-para-principios-del-2024\/#breadcrumb\",\"itemListElement\":[{\"@type\":\"ListItem\",\"position\":1,\"name\":\"Inicio\",\"item\":\"https:\/\/apuntesdesanluis.com\/\"},{\"@type\":\"ListItem\",\"position\":2,\"name\":\"PATRICIA BULLRICH DEJAR\u00c1 LA PRESIDENCIA DEL PRO Y CONVOC\u00d3 A ELECCIONES PARA PRINCIPIOS DEL 2024\"}]},{\"@type\":\"WebSite\",\"@id\":\"https:\/\/apuntesdesanluis.com\/#website\",\"url\":\"https:\/\/apuntesdesanluis.com\/\",\"name\":\"Apuntes de San Luis\",\"description\":\"\",\"publisher\":{\"@id\":\"https:\/\/apuntesdesanluis.com\/#\/schema\/person\/b55151d52296fcce64d1a72538a70b90\"},\"potentialAction\":[{\"@type\":\"SearchAction\",\"target\":{\"@type\":\"EntryPoint\",\"urlTemplate\":\"https:\/\/apuntesdesanluis.com\/?s={search_term_string}\"},\"query-input\":{\"@type\":\"PropertyValueSpecification\",\"valueRequired\":true,\"valueName\":\"search_term_string\"}}],\"inLanguage\":\"es-AR\"},{\"@type\":[\"Person\",\"Organization\"],\"@id\":\"https:\/\/apuntesdesanluis.com\/#\/schema\/person\/b55151d52296fcce64d1a72538a70b90\",\"name\":\"apuntesdesanluis.com\",\"image\":{\"@type\":\"ImageObject\",\"inLanguage\":\"es-AR\",\"@id\":\"https:\/\/apuntesdesanluis.com\/#\/schema\/person\/image\/\",\"url\":\"https:\/\/apuntesdesanluis.com\/wp-content\/uploads\/2023\/07\/cropped-apuntesdesanluis.png\",\"contentUrl\":\"https:\/\/apuntesdesanluis.com\/wp-content\/uploads\/2023\/07\/cropped-apuntesdesanluis.png\",\"width\":450,\"height\":112,\"caption\":\"apuntesdesanluis.com\"},\"logo\":{\"@id\":\"https:\/\/apuntesdesanluis.com\/#\/schema\/person\/image\/\"},\"sameAs\":[\"https:\/\/apuntesdesanluis.com\"],\"url\":\"https:\/\/apuntesdesanluis.com\/index.php\/author\/apuntesdesanluis-com\/\"}]}<\/script>\n<!-- \/ Yoast SEO plugin. -->","yoast_head_json":{"title":"PATRICIA BULLRICH DEJAR\u00c1 LA PRESIDENCIA DEL PRO Y CONVOC\u00d3 A ELECCIONES PARA PRINCIPIOS DEL 2024 - Apuntes de San Luis","robots":{"index":"index","follow":"follow","max-snippet":"max-snippet:-1","max-image-preview":"max-image-preview:large","max-video-preview":"max-video-preview:-1"},"canonical":"https:\/\/apuntesdesanluis.com\/index.php\/2023\/11\/30\/patricia-bullrich-dejara-la-presidencia-del-pro-y-convoco-a-elecciones-para-principios-del-2024\/","og_locale":"es_ES","og_type":"article","og_title":"PATRICIA BULLRICH DEJAR\u00c1 LA PRESIDENCIA DEL PRO Y CONVOC\u00d3 A ELECCIONES PARA PRINCIPIOS DEL 2024 - Apuntes de San Luis","og_description":"Patricia Bullrich anunci\u00f3 que dejar\u00e1 la presidencia del PRO y llamar\u00e1 a elecciones internas para...","og_url":"https:\/\/apuntesdesanluis.com\/index.php\/2023\/11\/30\/patricia-bullrich-dejara-la-presidencia-del-pro-y-convoco-a-elecciones-para-principios-del-2024\/","og_site_name":"Apuntes de San Luis","article_published_time":"2023-12-01T00:40:14+00:00","og_image":[{"width":680,"height":486,"url":"https:\/\/apuntesdesanluis.com\/wp-content\/uploads\/2023\/07\/Bullrich.jpg","type":"image\/jpeg"}],"author":"apuntesdesanluis.com","twitter_card":"summary_large_image","twitter_misc":{"Escrito por":"apuntesdesanluis.com","Tiempo de lectura":"3 minutos"},"schema":{"@context":"https:\/\/schema.org","@graph":[{"@type":"Article","@id":"https:\/\/apuntesdesanluis.com\/index.php\/2023\/11\/30\/patricia-bullrich-dejara-la-presidencia-del-pro-y-convoco-a-elecciones-para-principios-del-2024\/#article","isPartOf":{"@id":"https:\/\/apuntesdesanluis.com\/index.php\/2023\/11\/30\/patricia-bullrich-dejara-la-presidencia-del-pro-y-convoco-a-elecciones-para-principios-del-2024\/"},"author":{"name":"apuntesdesanluis.com","@id":"https:\/\/apuntesdesanluis.com\/#\/schema\/person\/b55151d52296fcce64d1a72538a70b90"},"headline":"PATRICIA BULLRICH DEJAR\u00c1 LA PRESIDENCIA DEL PRO Y CONVOC\u00d3 A ELECCIONES PARA PRINCIPIOS DEL 2024","datePublished":"2023-12-01T00:40:14+00:00","mainEntityOfPage":{"@id":"https:\/\/apuntesdesanluis.com\/index.php\/2023\/11\/30\/patricia-bullrich-dejara-la-presidencia-del-pro-y-convoco-a-elecciones-para-principios-del-2024\/"},"wordCount":573,"publisher":{"@id":"https:\/\/apuntesdesanluis.com\/#\/schema\/person\/b55151d52296fcce64d1a72538a70b90"},"image":{"@id":"https:\/\/apuntesdesanluis.com\/index.php\/2023\/11\/30\/patricia-bullrich-dejara-la-presidencia-del-pro-y-convoco-a-elecciones-para-principios-del-2024\/#primaryimage"},"thumbnailUrl":"https:\/\/apuntesdesanluis.com\/wp-content\/uploads\/2023\/07\/Bullrich.jpg","articleSection":["Nacionales\/Internacionales"],"inLanguage":"es-AR"},{"@type":"WebPage","@id":"https:\/\/apuntesdesanluis.com\/index.php\/2023\/11\/30\/patricia-bullrich-dejara-la-presidencia-del-pro-y-convoco-a-elecciones-para-principios-del-2024\/","url":"https:\/\/apuntesdesanluis.com\/index.php\/2023\/11\/30\/patricia-bullrich-dejara-la-presidencia-del-pro-y-convoco-a-elecciones-para-principios-del-2024\/","name":"PATRICIA BULLRICH DEJAR\u00c1 LA PRESIDENCIA DEL PRO Y CONVOC\u00d3 A ELECCIONES PARA PRINCIPIOS DEL 2024 - Apuntes de San Luis","isPartOf":{"@id":"https:\/\/apuntesdesanluis.com\/#website"},"primaryImageOfPage":{"@id":"https:\/\/apuntesdesanluis.com\/index.php\/2023\/11\/30\/patricia-bullrich-dejara-la-presidencia-del-pro-y-convoco-a-elecciones-para-principios-del-2024\/#primaryimage"},"image":{"@id":"https:\/\/apuntesdesanluis.com\/index.php\/2023\/11\/30\/patricia-bullrich-dejara-la-presidencia-del-pro-y-convoco-a-elecciones-para-principios-del-2024\/#primaryimage"},"thumbnailUrl":"https:\/\/apuntesdesanluis.com\/wp-content\/uploads\/2023\/07\/Bullrich.jpg","datePublished":"2023-12-01T00:40:14+00:00","breadcrumb":{"@id":"https:\/\/apuntesdesanluis.com\/index.php\/2023\/11\/30\/patricia-bullrich-dejara-la-presidencia-del-pro-y-convoco-a-elecciones-para-principios-del-2024\/#breadcrumb"},"inLanguage":"es-AR","potentialAction":[{"@type":"ReadAction","target":["https:\/\/apuntesdesanluis.com\/index.php\/2023\/11\/30\/patricia-bullrich-dejara-la-presidencia-del-pro-y-convoco-a-elecciones-para-principios-del-2024\/"]}]},{"@type":"ImageObject","inLanguage":"es-AR","@id":"https:\/\/apuntesdesanluis.com\/index.php\/2023\/11\/30\/patricia-bullrich-dejara-la-presidencia-del-pro-y-convoco-a-elecciones-para-principios-del-2024\/#primaryimage","url":"https:\/\/apuntesdesanluis.com\/wp-content\/uploads\/2023\/07\/Bullrich.jpg","contentUrl":"https:\/\/apuntesdesanluis.com\/wp-content\/uploads\/2023\/07\/Bullrich.jpg","width":680,"height":486},{"@type":"BreadcrumbList","@id":"https:\/\/apuntesdesanluis.com\/index.php\/2023\/11\/30\/patricia-bullrich-dejara-la-presidencia-del-pro-y-convoco-a-elecciones-para-principios-del-2024\/#breadcrumb","itemListElement":[{"@type":"ListItem","position":1,"name":"Inicio","item":"https:\/\/apuntesdesanluis.com\/"},{"@type":"ListItem","position":2,"name":"PATRICIA BULLRICH DEJAR\u00c1 LA PRESIDENCIA DEL PRO Y CONVOC\u00d3 A ELECCIONES PARA PRINCIPIOS DEL 2024"}]},{"@type":"WebSite","@id":"https:\/\/apuntesdesanluis.com\/#website","url":"https:\/\/apuntesdesanluis.com\/","name":"Apuntes de San Luis","description":"","publisher":{"@id":"https:\/\/apuntesdesanluis.com\/#\/schema\/person\/b55151d52296fcce64d1a72538a70b90"},"potentialAction":[{"@type":"SearchAction","target":{"@type":"EntryPoint","urlTemplate":"https:\/\/apuntesdesanluis.com\/?s={search_term_string}"},"query-input":{"@type":"PropertyValueSpecification","valueRequired":true,"valueName":"search_term_string"}}],"inLanguage":"es-AR"},{"@type":["Person","Organization"],"@id":"https:\/\/apuntesdesanluis.com\/#\/schema\/person\/b55151d52296fcce64d1a72538a70b90","name":"apuntesdesanluis.com","image":{"@type":"ImageObject","inLanguage":"es-AR","@id":"https:\/\/apuntesdesanluis.com\/#\/schema\/person\/image\/","url":"https:\/\/apuntesdesanluis.com\/wp-content\/uploads\/2023\/07\/cropped-apuntesdesanluis.png","contentUrl":"https:\/\/apuntesdesanluis.com\/wp-content\/uploads\/2023\/07\/cropped-apuntesdesanluis.png","width":450,"height":112,"caption":"apuntesdesanluis.com"},"logo":{"@id":"https:\/\/apuntesdesanluis.com\/#\/schema\/person\/image\/"},"sameAs":["https:\/\/apuntesdesanluis.com"],"url":"https:\/\/apuntesdesanluis.com\/index.php\/author\/apuntesdesanluis-com\/"}]}},"featured_image_urls":{"full":["https:\/\/apuntesdesanluis.com\/wp-content\/uploads\/2023\/07\/Bullrich.jpg",680,486,false],"thumbnail":["https:\/\/apuntesdesanluis.com\/wp-content\/uploads\/2023\/07\/Bullrich-150x150.jpg",150,150,true],"medium":["https:\/\/apuntesdesanluis.com\/wp-content\/uploads\/2023\/07\/Bullrich-300x214.jpg",300,214,true],"medium_large":["https:\/\/apuntesdesanluis.com\/wp-content\/uploads\/2023\/07\/Bullrich.jpg",640,457,false],"large":["https:\/\/apuntesdesanluis.com\/wp-content\/uploads\/2023\/07\/Bullrich.jpg",640,457,false],"1536x1536":["https:\/\/apuntesdesanluis.com\/wp-content\/uploads\/2023\/07\/Bullrich.jpg",680,486,false],"2048x2048":["https:\/\/apuntesdesanluis.com\/wp-content\/uploads\/2023\/07\/Bullrich.jpg",680,486,false],"newsever-slider-full":["https:\/\/apuntesdesanluis.com\/wp-content\/uploads\/2023\/07\/Bullrich.jpg",680,486,false],"newsever-featured":["https:\/\/apuntesdesanluis.com\/wp-content\/uploads\/2023\/07\/Bullrich.jpg",680,486,false],"newsever-medium":["https:\/\/apuntesdesanluis.com\/wp-content\/uploads\/2023\/07\/Bullrich-680x475.jpg",680,475,true]},"author_info":{"display_name":"apuntesdesanluis.com","author_link":"https:\/\/apuntesdesanluis.com\/index.php\/author\/apuntesdesanluis-com\/"},"category_info":"<a href=\"https:\/\/apuntesdesanluis.com\/index.php\/category\/nacionales-internacionales\/\" rel=\"category tag\">Nacionales\/Internacionales<\/a>","tag_info":"Nacionales\/Internacionales","comment_count":"0","_links":{"self":[{"href":"https:\/\/apuntesdesanluis.com\/index.php\/wp-json\/wp\/v2\/posts\/7699","targetHints":{"allow":["GET"]}}],"collection":[{"href":"https:\/\/apuntesdesanluis.com\/index.php\/wp-json\/wp\/v2\/posts"}],"about":[{"href":"https:\/\/apuntesdesanluis.com\/index.php\/wp-json\/wp\/v2\/types\/post"}],"author":[{"embeddable":true,"href":"https:\/\/apuntesdesanluis.com\/index.php\/wp-json\/wp\/v2\/users\/1"}],"replies":[{"embeddable":true,"href":"https:\/\/apuntesdesanluis.com\/index.php\/wp-json\/wp\/v2\/comments?post=7699"}],"version-history":[{"count":1,"href":"https:\/\/apuntesdesanluis.com\/index.php\/wp-json\/wp\/v2\/posts\/7699\/revisions"}],"predecessor-version":[{"id":7700,"href":"https:\/\/apuntesdesanluis.com\/index.php\/wp-json\/wp\/v2\/posts\/7699\/revisions\/7700"}],"wp:featuredmedia":[{"embeddable":true,"href":"https:\/\/apuntesdesanluis.com\/index.php\/wp-json\/wp\/v2\/media\/37"}],"wp:attachment":[{"href":"https:\/\/apuntesdesanluis.com\/index.php\/wp-json\/wp\/v2\/media?parent=7699"}],"wp:term":[{"taxonomy":"category","embeddable":true,"href":"https:\/\/apuntesdesanluis.com\/index.php\/wp-json\/wp\/v2\/categories?post=7699"},{"taxonomy":"post_tag","embeddable":true,"href":"https:\/\/apuntesdesanluis.com\/index.php\/wp-json\/wp\/v2\/tags?post=7699"}],"curies":[{"name":"wp","href":"https:\/\/api.w.org\/{rel}","templated":true}]}}