{"id":7701,"date":"2023-11-30T21:46:03","date_gmt":"2023-12-01T00:46:03","guid":{"rendered":"https:\/\/apuntesdesanluis.com\/?p=7701"},"modified":"2023-11-30T21:46:27","modified_gmt":"2023-12-01T00:46:27","slug":"mondino-a-industriales-por-la-crisis-energetica-vayan-comprando-un-generador","status":"publish","type":"post","link":"https:\/\/apuntesdesanluis.com\/index.php\/2023\/11\/30\/mondino-a-industriales-por-la-crisis-energetica-vayan-comprando-un-generador\/","title":{"rendered":"MONDINO A INDUSTRIALES POR LA CRISIS ENERG\u00c9TICA: &#8220;VAYAN COMPRANDO UN GENERADOR&#8221;"},"content":{"rendered":"<h3>&#8220;Si se llega a reactivar un poquito la industria, no hay para todo&#8221;, dijo la futura ministra del gobierno de Javier Milei.<\/h3>\n<h3>&#8220;En enero y febrero, el que no tenga un generador vaya compr\u00e1ndolo. Si se llega a reactivar un poquito la industria, no hay para todos&#8221;, advirti\u00f3 este jueves la futura canciller <strong>Diana Mondino<\/strong>, en un encuentro con industriales.<\/h3>\n<h3>Mondino se mostr\u00f3 esperanzada en que el Gobierno saliente sea el que suscriba en los pr\u00f3ximos d\u00edas el nuevo acuerdo entre el Mercosur y la Uni\u00f3n Europea, dijo que hay que eliminar regulaciones en el comercio exterior y afirm\u00f3 que desde La Libertad Avanza (LLA) se espera lograr que &#8220;los d\u00f3lares sean de los exportadores y no del Banco Central&#8221;.<\/h3>\n<h3>&#8220;Hay una cantidad de regulaciones enorme. Dentro de esas regulaciones, est\u00e1 una que establece que Argentina, por alg\u00fan misterioso motivo, considera que los d\u00f3lares no son del que exporta, que los d\u00f3lares son del Banco Central. Lo primero que hay que hacer, no el 11 de diciembre, pero lo m\u00e1s pronto que se pueda, es llegar a una situaci\u00f3n en la cual los d\u00f3lares sean del exportador, que paguen impuestos&#8221;, indic\u00f3.<\/h3>\n<h3>Dijo que es &#8220;indispensable para que la gente tenga un incentivo&#8221;, al exponer en la 29\u00ba Conferencia organizada por la Uni\u00f3n Industrial Argentina (UIA).<\/h3>\n<h3>La futura titular del Palacio San Mart\u00edn disert\u00f3 en ese espacio y traz\u00f3 las directrices que seguir\u00e1 el Gobierno del presidente electo, Javier Milei, en materia de relaciones internacionales y comercio.<\/h3>\n<p>&nbsp;<\/p>\n<p>&nbsp;<\/p>\n<p>&nbsp;<\/p>\n<p>&nbsp;<\/p>\n","protected":false},"excerpt":{"rendered":"<p>&#8220;Si se llega a reactivar un poquito la industria, no hay para todo&#8221;, dijo la&#8230;<\/p>\n","protected":false},"author":1,"featured_media":7702,"comment_status":"closed","ping_status":"closed","sticky":false,"template":"","format":"standard","meta":{"footnotes":""},"categories":[5],"tags":[],"class_list":["post-7701","post","type-post","status-publish","format-standard","has-post-thumbnail","hentry","category-nacionales-internacionales"],"yoast_head":"<!-- This site is optimized with the Yoast SEO plugin v26.1.1 - https:\/\/yoast.com\/wordpress\/plugins\/seo\/ -->\n<title>MONDINO A INDUSTRIALES POR LA CRISIS ENERG\u00c9TICA: &quot;VAYAN COMPRANDO UN GENERADOR&quot; - Apuntes de San Luis<\/title>\n<meta name=\"robots\" content=\"index, follow, max-snippet:-1, max-image-preview:large, max-video-preview:-1\" \/>\n<link rel=\"canonical\" href=\"https:\/\/apuntesdesanluis.com\/index.php\/2023\/11\/30\/mondino-a-industriales-por-la-crisis-energetica-vayan-comprando-un-generador\/\" \/>\n<meta property=\"og:locale\" content=\"es_ES\" \/>\n<meta property=\"og:type\" content=\"article\" \/>\n<meta property=\"og:title\" content=\"MONDINO A INDUSTRIALES POR LA CRISIS ENERG\u00c9TICA: &quot;VAYAN COMPRANDO UN GENERADOR&quot; - Apuntes de San Luis\" \/>\n<meta property=\"og:description\" content=\"&#8220;Si se llega a reactivar un poquito la industria, no hay para todo&#8221;, dijo la...\" \/>\n<meta property=\"og:url\" content=\"https:\/\/apuntesdesanluis.com\/index.php\/2023\/11\/30\/mondino-a-industriales-por-la-crisis-energetica-vayan-comprando-un-generador\/\" \/>\n<meta property=\"og:site_name\" content=\"Apuntes de San Luis\" \/>\n<meta property=\"article:published_time\" content=\"2023-12-01T00:46:03+00:00\" \/>\n<meta property=\"article:modified_time\" content=\"2023-12-01T00:46:27+00:00\" \/>\n<meta property=\"og:image\" content=\"https:\/\/apuntesdesanluis.com\/wp-content\/uploads\/2023\/11\/MONDINO-1.png\" \/>\n\t<meta property=\"og:image:width\" content=\"694\" \/>\n\t<meta property=\"og:image:height\" content=\"387\" \/>\n\t<meta property=\"og:image:type\" content=\"image\/png\" \/>\n<meta name=\"author\" content=\"apuntesdesanluis.com\" \/>\n<meta name=\"twitter:card\" content=\"summary_large_image\" \/>\n<meta name=\"twitter:label1\" content=\"Escrito por\" \/>\n\t<meta name=\"twitter:data1\" content=\"apuntesdesanluis.com\" \/>\n\t<meta name=\"twitter:label2\" content=\"Tiempo de lectura\" \/>\n\t<meta name=\"twitter:data2\" content=\"2 minutos\" \/>\n<script type=\"application\/ld+json\" class=\"yoast-schema-graph\">{\"@context\":\"https:\/\/schema.org\",\"@graph\":[{\"@type\":\"Article\",\"@id\":\"https:\/\/apuntesdesanluis.com\/index.php\/2023\/11\/30\/mondino-a-industriales-por-la-crisis-energetica-vayan-comprando-un-generador\/#article\",\"isPartOf\":{\"@id\":\"https:\/\/apuntesdesanluis.com\/index.php\/2023\/11\/30\/mondino-a-industriales-por-la-crisis-energetica-vayan-comprando-un-generador\/\"},\"author\":{\"name\":\"apuntesdesanluis.com\",\"@id\":\"https:\/\/apuntesdesanluis.com\/#\/schema\/person\/b55151d52296fcce64d1a72538a70b90\"},\"headline\":\"MONDINO A INDUSTRIALES POR LA CRISIS ENERG\u00c9TICA: &#8220;VAYAN COMPRANDO UN GENERADOR&#8221;\",\"datePublished\":\"2023-12-01T00:46:03+00:00\",\"dateModified\":\"2023-12-01T00:46:27+00:00\",\"mainEntityOfPage\":{\"@id\":\"https:\/\/apuntesdesanluis.com\/index.php\/2023\/11\/30\/mondino-a-industriales-por-la-crisis-energetica-vayan-comprando-un-generador\/\"},\"wordCount\":273,\"publisher\":{\"@id\":\"https:\/\/apuntesdesanluis.com\/#\/schema\/person\/b55151d52296fcce64d1a72538a70b90\"},\"image\":{\"@id\":\"https:\/\/apuntesdesanluis.com\/index.php\/2023\/11\/30\/mondino-a-industriales-por-la-crisis-energetica-vayan-comprando-un-generador\/#primaryimage\"},\"thumbnailUrl\":\"https:\/\/apuntesdesanluis.com\/wp-content\/uploads\/2023\/11\/MONDINO-1.png\",\"articleSection\":[\"Nacionales\/Internacionales\"],\"inLanguage\":\"es-AR\"},{\"@type\":\"WebPage\",\"@id\":\"https:\/\/apuntesdesanluis.com\/index.php\/2023\/11\/30\/mondino-a-industriales-por-la-crisis-energetica-vayan-comprando-un-generador\/\",\"url\":\"https:\/\/apuntesdesanluis.com\/index.php\/2023\/11\/30\/mondino-a-industriales-por-la-crisis-energetica-vayan-comprando-un-generador\/\",\"name\":\"MONDINO A INDUSTRIALES POR LA CRISIS ENERG\u00c9TICA: \\\"VAYAN COMPRANDO UN GENERADOR\\\" - Apuntes de San Luis\",\"isPartOf\":{\"@id\":\"https:\/\/apuntesdesanluis.com\/#website\"},\"primaryImageOfPage\":{\"@id\":\"https:\/\/apuntesdesanluis.com\/index.php\/2023\/11\/30\/mondino-a-industriales-por-la-crisis-energetica-vayan-comprando-un-generador\/#primaryimage\"},\"image\":{\"@id\":\"https:\/\/apuntesdesanluis.com\/index.php\/2023\/11\/30\/mondino-a-industriales-por-la-crisis-energetica-vayan-comprando-un-generador\/#primaryimage\"},\"thumbnailUrl\":\"https:\/\/apuntesdesanluis.com\/wp-content\/uploads\/2023\/11\/MONDINO-1.png\",\"datePublished\":\"2023-12-01T00:46:03+00:00\",\"dateModified\":\"2023-12-01T00:46:27+00:00\",\"breadcrumb\":{\"@id\":\"https:\/\/apuntesdesanluis.com\/index.php\/2023\/11\/30\/mondino-a-industriales-por-la-crisis-energetica-vayan-comprando-un-generador\/#breadcrumb\"},\"inLanguage\":\"es-AR\",\"potentialAction\":[{\"@type\":\"ReadAction\",\"target\":[\"https:\/\/apuntesdesanluis.com\/index.php\/2023\/11\/30\/mondino-a-industriales-por-la-crisis-energetica-vayan-comprando-un-generador\/\"]}]},{\"@type\":\"ImageObject\",\"inLanguage\":\"es-AR\",\"@id\":\"https:\/\/apuntesdesanluis.com\/index.php\/2023\/11\/30\/mondino-a-industriales-por-la-crisis-energetica-vayan-comprando-un-generador\/#primaryimage\",\"url\":\"https:\/\/apuntesdesanluis.com\/wp-content\/uploads\/2023\/11\/MONDINO-1.png\",\"contentUrl\":\"https:\/\/apuntesdesanluis.com\/wp-content\/uploads\/2023\/11\/MONDINO-1.png\",\"width\":694,\"height\":387},{\"@type\":\"BreadcrumbList\",\"@id\":\"https:\/\/apuntesdesanluis.com\/index.php\/2023\/11\/30\/mondino-a-industriales-por-la-crisis-energetica-vayan-comprando-un-generador\/#breadcrumb\",\"itemListElement\":[{\"@type\":\"ListItem\",\"position\":1,\"name\":\"Inicio\",\"item\":\"https:\/\/apuntesdesanluis.com\/\"},{\"@type\":\"ListItem\",\"position\":2,\"name\":\"MONDINO A INDUSTRIALES POR LA CRISIS ENERG\u00c9TICA: &#8220;VAYAN COMPRANDO UN GENERADOR&#8221;\"}]},{\"@type\":\"WebSite\",\"@id\":\"https:\/\/apuntesdesanluis.com\/#website\",\"url\":\"https:\/\/apuntesdesanluis.com\/\",\"name\":\"Apuntes de San Luis\",\"description\":\"\",\"publisher\":{\"@id\":\"https:\/\/apuntesdesanluis.com\/#\/schema\/person\/b55151d52296fcce64d1a72538a70b90\"},\"potentialAction\":[{\"@type\":\"SearchAction\",\"target\":{\"@type\":\"EntryPoint\",\"urlTemplate\":\"https:\/\/apuntesdesanluis.com\/?s={search_term_string}\"},\"query-input\":{\"@type\":\"PropertyValueSpecification\",\"valueRequired\":true,\"valueName\":\"search_term_string\"}}],\"inLanguage\":\"es-AR\"},{\"@type\":[\"Person\",\"Organization\"],\"@id\":\"https:\/\/apuntesdesanluis.com\/#\/schema\/person\/b55151d52296fcce64d1a72538a70b90\",\"name\":\"apuntesdesanluis.com\",\"image\":{\"@type\":\"ImageObject\",\"inLanguage\":\"es-AR\",\"@id\":\"https:\/\/apuntesdesanluis.com\/#\/schema\/person\/image\/\",\"url\":\"https:\/\/apuntesdesanluis.com\/wp-content\/uploads\/2023\/07\/cropped-apuntesdesanluis.png\",\"contentUrl\":\"https:\/\/apuntesdesanluis.com\/wp-content\/uploads\/2023\/07\/cropped-apuntesdesanluis.png\",\"width\":450,\"height\":112,\"caption\":\"apuntesdesanluis.com\"},\"logo\":{\"@id\":\"https:\/\/apuntesdesanluis.com\/#\/schema\/person\/image\/\"},\"sameAs\":[\"https:\/\/apuntesdesanluis.com\"],\"url\":\"https:\/\/apuntesdesanluis.com\/index.php\/author\/apuntesdesanluis-com\/\"}]}<\/script>\n<!-- \/ Yoast SEO plugin. -->","yoast_head_json":{"title":"MONDINO A INDUSTRIALES POR LA CRISIS ENERG\u00c9TICA: \"VAYAN COMPRANDO UN GENERADOR\" - Apuntes de San Luis","robots":{"index":"index","follow":"follow","max-snippet":"max-snippet:-1","max-image-preview":"max-image-preview:large","max-video-preview":"max-video-preview:-1"},"canonical":"https:\/\/apuntesdesanluis.com\/index.php\/2023\/11\/30\/mondino-a-industriales-por-la-crisis-energetica-vayan-comprando-un-generador\/","og_locale":"es_ES","og_type":"article","og_title":"MONDINO A INDUSTRIALES POR LA CRISIS ENERG\u00c9TICA: \"VAYAN COMPRANDO UN GENERADOR\" - Apuntes de San Luis","og_description":"&#8220;Si se llega a reactivar un poquito la industria, no hay para todo&#8221;, dijo la...","og_url":"https:\/\/apuntesdesanluis.com\/index.php\/2023\/11\/30\/mondino-a-industriales-por-la-crisis-energetica-vayan-comprando-un-generador\/","og_site_name":"Apuntes de San Luis","article_published_time":"2023-12-01T00:46:03+00:00","article_modified_time":"2023-12-01T00:46:27+00:00","og_image":[{"width":694,"height":387,"url":"https:\/\/apuntesdesanluis.com\/wp-content\/uploads\/2023\/11\/MONDINO-1.png","type":"image\/png"}],"author":"apuntesdesanluis.com","twitter_card":"summary_large_image","twitter_misc":{"Escrito por":"apuntesdesanluis.com","Tiempo de lectura":"2 minutos"},"schema":{"@context":"https:\/\/schema.org","@graph":[{"@type":"Article","@id":"https:\/\/apuntesdesanluis.com\/index.php\/2023\/11\/30\/mondino-a-industriales-por-la-crisis-energetica-vayan-comprando-un-generador\/#article","isPartOf":{"@id":"https:\/\/apuntesdesanluis.com\/index.php\/2023\/11\/30\/mondino-a-industriales-por-la-crisis-energetica-vayan-comprando-un-generador\/"},"author":{"name":"apuntesdesanluis.com","@id":"https:\/\/apuntesdesanluis.com\/#\/schema\/person\/b55151d52296fcce64d1a72538a70b90"},"headline":"MONDINO A INDUSTRIALES POR LA CRISIS ENERG\u00c9TICA: &#8220;VAYAN COMPRANDO UN GENERADOR&#8221;","datePublished":"2023-12-01T00:46:03+00:00","dateModified":"2023-12-01T00:46:27+00:00","mainEntityOfPage":{"@id":"https:\/\/apuntesdesanluis.com\/index.php\/2023\/11\/30\/mondino-a-industriales-por-la-crisis-energetica-vayan-comprando-un-generador\/"},"wordCount":273,"publisher":{"@id":"https:\/\/apuntesdesanluis.com\/#\/schema\/person\/b55151d52296fcce64d1a72538a70b90"},"image":{"@id":"https:\/\/apuntesdesanluis.com\/index.php\/2023\/11\/30\/mondino-a-industriales-por-la-crisis-energetica-vayan-comprando-un-generador\/#primaryimage"},"thumbnailUrl":"https:\/\/apuntesdesanluis.com\/wp-content\/uploads\/2023\/11\/MONDINO-1.png","articleSection":["Nacionales\/Internacionales"],"inLanguage":"es-AR"},{"@type":"WebPage","@id":"https:\/\/apuntesdesanluis.com\/index.php\/2023\/11\/30\/mondino-a-industriales-por-la-crisis-energetica-vayan-comprando-un-generador\/","url":"https:\/\/apuntesdesanluis.com\/index.php\/2023\/11\/30\/mondino-a-industriales-por-la-crisis-energetica-vayan-comprando-un-generador\/","name":"MONDINO A INDUSTRIALES POR LA CRISIS ENERG\u00c9TICA: \"VAYAN COMPRANDO UN GENERADOR\" - Apuntes de San Luis","isPartOf":{"@id":"https:\/\/apuntesdesanluis.com\/#website"},"primaryImageOfPage":{"@id":"https:\/\/apuntesdesanluis.com\/index.php\/2023\/11\/30\/mondino-a-industriales-por-la-crisis-energetica-vayan-comprando-un-generador\/#primaryimage"},"image":{"@id":"https:\/\/apuntesdesanluis.com\/index.php\/2023\/11\/30\/mondino-a-industriales-por-la-crisis-energetica-vayan-comprando-un-generador\/#primaryimage"},"thumbnailUrl":"https:\/\/apuntesdesanluis.com\/wp-content\/uploads\/2023\/11\/MONDINO-1.png","datePublished":"2023-12-01T00:46:03+00:00","dateModified":"2023-12-01T00:46:27+00:00","breadcrumb":{"@id":"https:\/\/apuntesdesanluis.com\/index.php\/2023\/11\/30\/mondino-a-industriales-por-la-crisis-energetica-vayan-comprando-un-generador\/#breadcrumb"},"inLanguage":"es-AR","potentialAction":[{"@type":"ReadAction","target":["https:\/\/apuntesdesanluis.com\/index.php\/2023\/11\/30\/mondino-a-industriales-por-la-crisis-energetica-vayan-comprando-un-generador\/"]}]},{"@type":"ImageObject","inLanguage":"es-AR","@id":"https:\/\/apuntesdesanluis.com\/index.php\/2023\/11\/30\/mondino-a-industriales-por-la-crisis-energetica-vayan-comprando-un-generador\/#primaryimage","url":"https:\/\/apuntesdesanluis.com\/wp-content\/uploads\/2023\/11\/MONDINO-1.png","contentUrl":"https:\/\/apuntesdesanluis.com\/wp-content\/uploads\/2023\/11\/MONDINO-1.png","width":694,"height":387},{"@type":"BreadcrumbList","@id":"https:\/\/apuntesdesanluis.com\/index.php\/2023\/11\/30\/mondino-a-industriales-por-la-crisis-energetica-vayan-comprando-un-generador\/#breadcrumb","itemListElement":[{"@type":"ListItem","position":1,"name":"Inicio","item":"https:\/\/apuntesdesanluis.com\/"},{"@type":"ListItem","position":2,"name":"MONDINO A INDUSTRIALES POR LA CRISIS ENERG\u00c9TICA: &#8220;VAYAN COMPRANDO UN GENERADOR&#8221;"}]},{"@type":"WebSite","@id":"https:\/\/apuntesdesanluis.com\/#website","url":"https:\/\/apuntesdesanluis.com\/","name":"Apuntes de San Luis","description":"","publisher":{"@id":"https:\/\/apuntesdesanluis.com\/#\/schema\/person\/b55151d52296fcce64d1a72538a70b90"},"potentialAction":[{"@type":"SearchAction","target":{"@type":"EntryPoint","urlTemplate":"https:\/\/apuntesdesanluis.com\/?s={search_term_string}"},"query-input":{"@type":"PropertyValueSpecification","valueRequired":true,"valueName":"search_term_string"}}],"inLanguage":"es-AR"},{"@type":["Person","Organization"],"@id":"https:\/\/apuntesdesanluis.com\/#\/schema\/person\/b55151d52296fcce64d1a72538a70b90","name":"apuntesdesanluis.com","image":{"@type":"ImageObject","inLanguage":"es-AR","@id":"https:\/\/apuntesdesanluis.com\/#\/schema\/person\/image\/","url":"https:\/\/apuntesdesanluis.com\/wp-content\/uploads\/2023\/07\/cropped-apuntesdesanluis.png","contentUrl":"https:\/\/apuntesdesanluis.com\/wp-content\/uploads\/2023\/07\/cropped-apuntesdesanluis.png","width":450,"height":112,"caption":"apuntesdesanluis.com"},"logo":{"@id":"https:\/\/apuntesdesanluis.com\/#\/schema\/person\/image\/"},"sameAs":["https:\/\/apuntesdesanluis.com"],"url":"https:\/\/apuntesdesanluis.com\/index.php\/author\/apuntesdesanluis-com\/"}]}},"featured_image_urls":{"full":["https:\/\/apuntesdesanluis.com\/wp-content\/uploads\/2023\/11\/MONDINO-1.png",694,387,false],"thumbnail":["https:\/\/apuntesdesanluis.com\/wp-content\/uploads\/2023\/11\/MONDINO-1-150x150.png",150,150,true],"medium":["https:\/\/apuntesdesanluis.com\/wp-content\/uploads\/2023\/11\/MONDINO-1-300x167.png",300,167,true],"medium_large":["https:\/\/apuntesdesanluis.com\/wp-content\/uploads\/2023\/11\/MONDINO-1.png",640,357,false],"large":["https:\/\/apuntesdesanluis.com\/wp-content\/uploads\/2023\/11\/MONDINO-1.png",640,357,false],"1536x1536":["https:\/\/apuntesdesanluis.com\/wp-content\/uploads\/2023\/11\/MONDINO-1.png",694,387,false],"2048x2048":["https:\/\/apuntesdesanluis.com\/wp-content\/uploads\/2023\/11\/MONDINO-1.png",694,387,false],"newsever-slider-full":["https:\/\/apuntesdesanluis.com\/wp-content\/uploads\/2023\/11\/MONDINO-1.png",694,387,false],"newsever-featured":["https:\/\/apuntesdesanluis.com\/wp-content\/uploads\/2023\/11\/MONDINO-1.png",694,387,false],"newsever-medium":["https:\/\/apuntesdesanluis.com\/wp-content\/uploads\/2023\/11\/MONDINO-1.png",694,387,false]},"author_info":{"display_name":"apuntesdesanluis.com","author_link":"https:\/\/apuntesdesanluis.com\/index.php\/author\/apuntesdesanluis-com\/"},"category_info":"<a href=\"https:\/\/apuntesdesanluis.com\/index.php\/category\/nacionales-internacionales\/\" rel=\"category tag\">Nacionales\/Internacionales<\/a>","tag_info":"Nacionales\/Internacionales","comment_count":"0","_links":{"self":[{"href":"https:\/\/apuntesdesanluis.com\/index.php\/wp-json\/wp\/v2\/posts\/7701","targetHints":{"allow":["GET"]}}],"collection":[{"href":"https:\/\/apuntesdesanluis.com\/index.php\/wp-json\/wp\/v2\/posts"}],"about":[{"href":"https:\/\/apuntesdesanluis.com\/index.php\/wp-json\/wp\/v2\/types\/post"}],"author":[{"embeddable":true,"href":"https:\/\/apuntesdesanluis.com\/index.php\/wp-json\/wp\/v2\/users\/1"}],"replies":[{"embeddable":true,"href":"https:\/\/apuntesdesanluis.com\/index.php\/wp-json\/wp\/v2\/comments?post=7701"}],"version-history":[{"count":2,"href":"https:\/\/apuntesdesanluis.com\/index.php\/wp-json\/wp\/v2\/posts\/7701\/revisions"}],"predecessor-version":[{"id":7704,"href":"https:\/\/apuntesdesanluis.com\/index.php\/wp-json\/wp\/v2\/posts\/7701\/revisions\/7704"}],"wp:featuredmedia":[{"embeddable":true,"href":"https:\/\/apuntesdesanluis.com\/index.php\/wp-json\/wp\/v2\/media\/7702"}],"wp:attachment":[{"href":"https:\/\/apuntesdesanluis.com\/index.php\/wp-json\/wp\/v2\/media?parent=7701"}],"wp:term":[{"taxonomy":"category","embeddable":true,"href":"https:\/\/apuntesdesanluis.com\/index.php\/wp-json\/wp\/v2\/categories?post=7701"},{"taxonomy":"post_tag","embeddable":true,"href":"https:\/\/apuntesdesanluis.com\/index.php\/wp-json\/wp\/v2\/tags?post=7701"}],"curies":[{"name":"wp","href":"https:\/\/api.w.org\/{rel}","templated":true}]}}