{"id":771,"date":"2023-07-31T20:05:07","date_gmt":"2023-07-31T23:05:07","guid":{"rendered":"https:\/\/apuntesdesanluis.com\/?p=771"},"modified":"2023-08-01T12:36:40","modified_gmt":"2023-08-01T15:36:40","slug":"comienza-la-etapa-final-de-la-obra-de-avenida-25-de-mayo","status":"publish","type":"post","link":"https:\/\/apuntesdesanluis.com\/index.php\/2023\/07\/31\/comienza-la-etapa-final-de-la-obra-de-avenida-25-de-mayo\/","title":{"rendered":"COMIENZA LA ETAPA FINAL DE LA OBRA DE AVENIDA 25 DE MAYO"},"content":{"rendered":"<h3>El pr\u00f3ximo domingo 8 de agosto comenzar\u00e1n los trabajos para habilitar el nuevo <strong>Acueducto de Avenida 25 de Mayo<\/strong>, con lo que la gran obra de renovaci\u00f3n de la neur\u00e1lgica arteria de Villa Mercedes entrar\u00e1 en su fase final.<\/h3>\n<h3>Asi lo asegur\u00f3 a <strong>Apuntes de San Luis<\/strong> el Coordinador T\u00e9cnico de la empresa Obras Sanitarias, <strong>Guillermo Girardi<\/strong>.<\/h3>\n<h3>El nuevo acueducto beneficiar\u00e1 a miles de familias de Villa Mercedes. El ducto tiene una extensi\u00f3n de m\u00e1s de 1.900 metros de largo y 315 mm de di\u00e1metro, por lo que mejorar\u00e1 el servicio de la zona oeste y centro\/oeste de la ciudad.<\/h3>\n<h3>Una vez concluidas estas tareas, la obra de repavimentaci\u00f3n de la Avda. 25 de Mayo podr\u00e1 continuar, en lo que respecta al carril oeste de la misma.<\/h3>\n","protected":false},"excerpt":{"rendered":"<p>El pr\u00f3ximo domingo 8 de agosto comenzar\u00e1n los trabajos para habilitar el nuevo Acueducto de&#8230;<\/p>\n","protected":false},"author":1,"featured_media":772,"comment_status":"closed","ping_status":"closed","sticky":false,"template":"","format":"standard","meta":{"footnotes":""},"categories":[6],"tags":[],"class_list":["post-771","post","type-post","status-publish","format-standard","has-post-thumbnail","hentry","category-ciudad-provincia"],"yoast_head":"<!-- This site is optimized with the Yoast SEO plugin v26.1.1 - https:\/\/yoast.com\/wordpress\/plugins\/seo\/ -->\n<title>COMIENZA LA ETAPA FINAL DE LA OBRA DE AVENIDA 25 DE MAYO - Apuntes de San Luis<\/title>\n<meta name=\"robots\" content=\"index, follow, max-snippet:-1, max-image-preview:large, max-video-preview:-1\" \/>\n<link rel=\"canonical\" href=\"https:\/\/apuntesdesanluis.com\/index.php\/2023\/07\/31\/comienza-la-etapa-final-de-la-obra-de-avenida-25-de-mayo\/\" \/>\n<meta property=\"og:locale\" content=\"es_ES\" \/>\n<meta property=\"og:type\" content=\"article\" \/>\n<meta property=\"og:title\" content=\"COMIENZA LA ETAPA FINAL DE LA OBRA DE AVENIDA 25 DE MAYO - Apuntes de San Luis\" \/>\n<meta property=\"og:description\" content=\"El pr\u00f3ximo domingo 8 de agosto comenzar\u00e1n los trabajos para habilitar el nuevo Acueducto de...\" \/>\n<meta property=\"og:url\" content=\"https:\/\/apuntesdesanluis.com\/index.php\/2023\/07\/31\/comienza-la-etapa-final-de-la-obra-de-avenida-25-de-mayo\/\" \/>\n<meta property=\"og:site_name\" content=\"Apuntes de San Luis\" \/>\n<meta property=\"article:published_time\" content=\"2023-07-31T23:05:07+00:00\" \/>\n<meta property=\"article:modified_time\" content=\"2023-08-01T15:36:40+00:00\" \/>\n<meta property=\"og:image\" content=\"https:\/\/apuntesdesanluis.com\/wp-content\/uploads\/2023\/07\/ACUEDUCTO-25-DE-MAYO.jpg\" \/>\n\t<meta property=\"og:image:width\" content=\"600\" \/>\n\t<meta property=\"og:image:height\" content=\"359\" \/>\n\t<meta property=\"og:image:type\" content=\"image\/jpeg\" \/>\n<meta name=\"author\" content=\"apuntesdesanluis.com\" \/>\n<meta name=\"twitter:card\" content=\"summary_large_image\" \/>\n<meta name=\"twitter:label1\" content=\"Escrito por\" \/>\n\t<meta name=\"twitter:data1\" content=\"apuntesdesanluis.com\" \/>\n\t<meta name=\"twitter:label2\" content=\"Tiempo de lectura\" \/>\n\t<meta name=\"twitter:data2\" content=\"1 minuto\" \/>\n<script type=\"application\/ld+json\" class=\"yoast-schema-graph\">{\"@context\":\"https:\/\/schema.org\",\"@graph\":[{\"@type\":\"Article\",\"@id\":\"https:\/\/apuntesdesanluis.com\/index.php\/2023\/07\/31\/comienza-la-etapa-final-de-la-obra-de-avenida-25-de-mayo\/#article\",\"isPartOf\":{\"@id\":\"https:\/\/apuntesdesanluis.com\/index.php\/2023\/07\/31\/comienza-la-etapa-final-de-la-obra-de-avenida-25-de-mayo\/\"},\"author\":{\"name\":\"apuntesdesanluis.com\",\"@id\":\"https:\/\/apuntesdesanluis.com\/#\/schema\/person\/b55151d52296fcce64d1a72538a70b90\"},\"headline\":\"COMIENZA LA ETAPA FINAL DE LA OBRA DE AVENIDA 25 DE MAYO\",\"datePublished\":\"2023-07-31T23:05:07+00:00\",\"dateModified\":\"2023-08-01T15:36:40+00:00\",\"mainEntityOfPage\":{\"@id\":\"https:\/\/apuntesdesanluis.com\/index.php\/2023\/07\/31\/comienza-la-etapa-final-de-la-obra-de-avenida-25-de-mayo\/\"},\"wordCount\":143,\"publisher\":{\"@id\":\"https:\/\/apuntesdesanluis.com\/#\/schema\/person\/b55151d52296fcce64d1a72538a70b90\"},\"image\":{\"@id\":\"https:\/\/apuntesdesanluis.com\/index.php\/2023\/07\/31\/comienza-la-etapa-final-de-la-obra-de-avenida-25-de-mayo\/#primaryimage\"},\"thumbnailUrl\":\"https:\/\/apuntesdesanluis.com\/wp-content\/uploads\/2023\/07\/ACUEDUCTO-25-DE-MAYO.jpg\",\"articleSection\":[\"Ciudad\/Provincia\"],\"inLanguage\":\"es-AR\"},{\"@type\":\"WebPage\",\"@id\":\"https:\/\/apuntesdesanluis.com\/index.php\/2023\/07\/31\/comienza-la-etapa-final-de-la-obra-de-avenida-25-de-mayo\/\",\"url\":\"https:\/\/apuntesdesanluis.com\/index.php\/2023\/07\/31\/comienza-la-etapa-final-de-la-obra-de-avenida-25-de-mayo\/\",\"name\":\"COMIENZA LA ETAPA FINAL DE LA OBRA DE AVENIDA 25 DE MAYO - Apuntes de San Luis\",\"isPartOf\":{\"@id\":\"https:\/\/apuntesdesanluis.com\/#website\"},\"primaryImageOfPage\":{\"@id\":\"https:\/\/apuntesdesanluis.com\/index.php\/2023\/07\/31\/comienza-la-etapa-final-de-la-obra-de-avenida-25-de-mayo\/#primaryimage\"},\"image\":{\"@id\":\"https:\/\/apuntesdesanluis.com\/index.php\/2023\/07\/31\/comienza-la-etapa-final-de-la-obra-de-avenida-25-de-mayo\/#primaryimage\"},\"thumbnailUrl\":\"https:\/\/apuntesdesanluis.com\/wp-content\/uploads\/2023\/07\/ACUEDUCTO-25-DE-MAYO.jpg\",\"datePublished\":\"2023-07-31T23:05:07+00:00\",\"dateModified\":\"2023-08-01T15:36:40+00:00\",\"breadcrumb\":{\"@id\":\"https:\/\/apuntesdesanluis.com\/index.php\/2023\/07\/31\/comienza-la-etapa-final-de-la-obra-de-avenida-25-de-mayo\/#breadcrumb\"},\"inLanguage\":\"es-AR\",\"potentialAction\":[{\"@type\":\"ReadAction\",\"target\":[\"https:\/\/apuntesdesanluis.com\/index.php\/2023\/07\/31\/comienza-la-etapa-final-de-la-obra-de-avenida-25-de-mayo\/\"]}]},{\"@type\":\"ImageObject\",\"inLanguage\":\"es-AR\",\"@id\":\"https:\/\/apuntesdesanluis.com\/index.php\/2023\/07\/31\/comienza-la-etapa-final-de-la-obra-de-avenida-25-de-mayo\/#primaryimage\",\"url\":\"https:\/\/apuntesdesanluis.com\/wp-content\/uploads\/2023\/07\/ACUEDUCTO-25-DE-MAYO.jpg\",\"contentUrl\":\"https:\/\/apuntesdesanluis.com\/wp-content\/uploads\/2023\/07\/ACUEDUCTO-25-DE-MAYO.jpg\",\"width\":600,\"height\":359},{\"@type\":\"BreadcrumbList\",\"@id\":\"https:\/\/apuntesdesanluis.com\/index.php\/2023\/07\/31\/comienza-la-etapa-final-de-la-obra-de-avenida-25-de-mayo\/#breadcrumb\",\"itemListElement\":[{\"@type\":\"ListItem\",\"position\":1,\"name\":\"Inicio\",\"item\":\"https:\/\/apuntesdesanluis.com\/\"},{\"@type\":\"ListItem\",\"position\":2,\"name\":\"COMIENZA LA ETAPA FINAL DE LA OBRA DE AVENIDA 25 DE MAYO\"}]},{\"@type\":\"WebSite\",\"@id\":\"https:\/\/apuntesdesanluis.com\/#website\",\"url\":\"https:\/\/apuntesdesanluis.com\/\",\"name\":\"Apuntes de San Luis\",\"description\":\"\",\"publisher\":{\"@id\":\"https:\/\/apuntesdesanluis.com\/#\/schema\/person\/b55151d52296fcce64d1a72538a70b90\"},\"potentialAction\":[{\"@type\":\"SearchAction\",\"target\":{\"@type\":\"EntryPoint\",\"urlTemplate\":\"https:\/\/apuntesdesanluis.com\/?s={search_term_string}\"},\"query-input\":{\"@type\":\"PropertyValueSpecification\",\"valueRequired\":true,\"valueName\":\"search_term_string\"}}],\"inLanguage\":\"es-AR\"},{\"@type\":[\"Person\",\"Organization\"],\"@id\":\"https:\/\/apuntesdesanluis.com\/#\/schema\/person\/b55151d52296fcce64d1a72538a70b90\",\"name\":\"apuntesdesanluis.com\",\"image\":{\"@type\":\"ImageObject\",\"inLanguage\":\"es-AR\",\"@id\":\"https:\/\/apuntesdesanluis.com\/#\/schema\/person\/image\/\",\"url\":\"https:\/\/apuntesdesanluis.com\/wp-content\/uploads\/2023\/07\/cropped-apuntesdesanluis.png\",\"contentUrl\":\"https:\/\/apuntesdesanluis.com\/wp-content\/uploads\/2023\/07\/cropped-apuntesdesanluis.png\",\"width\":450,\"height\":112,\"caption\":\"apuntesdesanluis.com\"},\"logo\":{\"@id\":\"https:\/\/apuntesdesanluis.com\/#\/schema\/person\/image\/\"},\"sameAs\":[\"https:\/\/apuntesdesanluis.com\"],\"url\":\"https:\/\/apuntesdesanluis.com\/index.php\/author\/apuntesdesanluis-com\/\"}]}<\/script>\n<!-- \/ Yoast SEO plugin. -->","yoast_head_json":{"title":"COMIENZA LA ETAPA FINAL DE LA OBRA DE AVENIDA 25 DE MAYO - Apuntes de San Luis","robots":{"index":"index","follow":"follow","max-snippet":"max-snippet:-1","max-image-preview":"max-image-preview:large","max-video-preview":"max-video-preview:-1"},"canonical":"https:\/\/apuntesdesanluis.com\/index.php\/2023\/07\/31\/comienza-la-etapa-final-de-la-obra-de-avenida-25-de-mayo\/","og_locale":"es_ES","og_type":"article","og_title":"COMIENZA LA ETAPA FINAL DE LA OBRA DE AVENIDA 25 DE MAYO - Apuntes de San Luis","og_description":"El pr\u00f3ximo domingo 8 de agosto comenzar\u00e1n los trabajos para habilitar el nuevo Acueducto de...","og_url":"https:\/\/apuntesdesanluis.com\/index.php\/2023\/07\/31\/comienza-la-etapa-final-de-la-obra-de-avenida-25-de-mayo\/","og_site_name":"Apuntes de San Luis","article_published_time":"2023-07-31T23:05:07+00:00","article_modified_time":"2023-08-01T15:36:40+00:00","og_image":[{"width":600,"height":359,"url":"https:\/\/apuntesdesanluis.com\/wp-content\/uploads\/2023\/07\/ACUEDUCTO-25-DE-MAYO.jpg","type":"image\/jpeg"}],"author":"apuntesdesanluis.com","twitter_card":"summary_large_image","twitter_misc":{"Escrito por":"apuntesdesanluis.com","Tiempo de lectura":"1 minuto"},"schema":{"@context":"https:\/\/schema.org","@graph":[{"@type":"Article","@id":"https:\/\/apuntesdesanluis.com\/index.php\/2023\/07\/31\/comienza-la-etapa-final-de-la-obra-de-avenida-25-de-mayo\/#article","isPartOf":{"@id":"https:\/\/apuntesdesanluis.com\/index.php\/2023\/07\/31\/comienza-la-etapa-final-de-la-obra-de-avenida-25-de-mayo\/"},"author":{"name":"apuntesdesanluis.com","@id":"https:\/\/apuntesdesanluis.com\/#\/schema\/person\/b55151d52296fcce64d1a72538a70b90"},"headline":"COMIENZA LA ETAPA FINAL DE LA OBRA DE AVENIDA 25 DE MAYO","datePublished":"2023-07-31T23:05:07+00:00","dateModified":"2023-08-01T15:36:40+00:00","mainEntityOfPage":{"@id":"https:\/\/apuntesdesanluis.com\/index.php\/2023\/07\/31\/comienza-la-etapa-final-de-la-obra-de-avenida-25-de-mayo\/"},"wordCount":143,"publisher":{"@id":"https:\/\/apuntesdesanluis.com\/#\/schema\/person\/b55151d52296fcce64d1a72538a70b90"},"image":{"@id":"https:\/\/apuntesdesanluis.com\/index.php\/2023\/07\/31\/comienza-la-etapa-final-de-la-obra-de-avenida-25-de-mayo\/#primaryimage"},"thumbnailUrl":"https:\/\/apuntesdesanluis.com\/wp-content\/uploads\/2023\/07\/ACUEDUCTO-25-DE-MAYO.jpg","articleSection":["Ciudad\/Provincia"],"inLanguage":"es-AR"},{"@type":"WebPage","@id":"https:\/\/apuntesdesanluis.com\/index.php\/2023\/07\/31\/comienza-la-etapa-final-de-la-obra-de-avenida-25-de-mayo\/","url":"https:\/\/apuntesdesanluis.com\/index.php\/2023\/07\/31\/comienza-la-etapa-final-de-la-obra-de-avenida-25-de-mayo\/","name":"COMIENZA LA ETAPA FINAL DE LA OBRA DE AVENIDA 25 DE MAYO - Apuntes de San Luis","isPartOf":{"@id":"https:\/\/apuntesdesanluis.com\/#website"},"primaryImageOfPage":{"@id":"https:\/\/apuntesdesanluis.com\/index.php\/2023\/07\/31\/comienza-la-etapa-final-de-la-obra-de-avenida-25-de-mayo\/#primaryimage"},"image":{"@id":"https:\/\/apuntesdesanluis.com\/index.php\/2023\/07\/31\/comienza-la-etapa-final-de-la-obra-de-avenida-25-de-mayo\/#primaryimage"},"thumbnailUrl":"https:\/\/apuntesdesanluis.com\/wp-content\/uploads\/2023\/07\/ACUEDUCTO-25-DE-MAYO.jpg","datePublished":"2023-07-31T23:05:07+00:00","dateModified":"2023-08-01T15:36:40+00:00","breadcrumb":{"@id":"https:\/\/apuntesdesanluis.com\/index.php\/2023\/07\/31\/comienza-la-etapa-final-de-la-obra-de-avenida-25-de-mayo\/#breadcrumb"},"inLanguage":"es-AR","potentialAction":[{"@type":"ReadAction","target":["https:\/\/apuntesdesanluis.com\/index.php\/2023\/07\/31\/comienza-la-etapa-final-de-la-obra-de-avenida-25-de-mayo\/"]}]},{"@type":"ImageObject","inLanguage":"es-AR","@id":"https:\/\/apuntesdesanluis.com\/index.php\/2023\/07\/31\/comienza-la-etapa-final-de-la-obra-de-avenida-25-de-mayo\/#primaryimage","url":"https:\/\/apuntesdesanluis.com\/wp-content\/uploads\/2023\/07\/ACUEDUCTO-25-DE-MAYO.jpg","contentUrl":"https:\/\/apuntesdesanluis.com\/wp-content\/uploads\/2023\/07\/ACUEDUCTO-25-DE-MAYO.jpg","width":600,"height":359},{"@type":"BreadcrumbList","@id":"https:\/\/apuntesdesanluis.com\/index.php\/2023\/07\/31\/comienza-la-etapa-final-de-la-obra-de-avenida-25-de-mayo\/#breadcrumb","itemListElement":[{"@type":"ListItem","position":1,"name":"Inicio","item":"https:\/\/apuntesdesanluis.com\/"},{"@type":"ListItem","position":2,"name":"COMIENZA LA ETAPA FINAL DE LA OBRA DE AVENIDA 25 DE MAYO"}]},{"@type":"WebSite","@id":"https:\/\/apuntesdesanluis.com\/#website","url":"https:\/\/apuntesdesanluis.com\/","name":"Apuntes de San Luis","description":"","publisher":{"@id":"https:\/\/apuntesdesanluis.com\/#\/schema\/person\/b55151d52296fcce64d1a72538a70b90"},"potentialAction":[{"@type":"SearchAction","target":{"@type":"EntryPoint","urlTemplate":"https:\/\/apuntesdesanluis.com\/?s={search_term_string}"},"query-input":{"@type":"PropertyValueSpecification","valueRequired":true,"valueName":"search_term_string"}}],"inLanguage":"es-AR"},{"@type":["Person","Organization"],"@id":"https:\/\/apuntesdesanluis.com\/#\/schema\/person\/b55151d52296fcce64d1a72538a70b90","name":"apuntesdesanluis.com","image":{"@type":"ImageObject","inLanguage":"es-AR","@id":"https:\/\/apuntesdesanluis.com\/#\/schema\/person\/image\/","url":"https:\/\/apuntesdesanluis.com\/wp-content\/uploads\/2023\/07\/cropped-apuntesdesanluis.png","contentUrl":"https:\/\/apuntesdesanluis.com\/wp-content\/uploads\/2023\/07\/cropped-apuntesdesanluis.png","width":450,"height":112,"caption":"apuntesdesanluis.com"},"logo":{"@id":"https:\/\/apuntesdesanluis.com\/#\/schema\/person\/image\/"},"sameAs":["https:\/\/apuntesdesanluis.com"],"url":"https:\/\/apuntesdesanluis.com\/index.php\/author\/apuntesdesanluis-com\/"}]}},"featured_image_urls":{"full":["https:\/\/apuntesdesanluis.com\/wp-content\/uploads\/2023\/07\/ACUEDUCTO-25-DE-MAYO.jpg",600,359,false],"thumbnail":["https:\/\/apuntesdesanluis.com\/wp-content\/uploads\/2023\/07\/ACUEDUCTO-25-DE-MAYO-150x150.jpg",150,150,true],"medium":["https:\/\/apuntesdesanluis.com\/wp-content\/uploads\/2023\/07\/ACUEDUCTO-25-DE-MAYO-300x180.jpg",300,180,true],"medium_large":["https:\/\/apuntesdesanluis.com\/wp-content\/uploads\/2023\/07\/ACUEDUCTO-25-DE-MAYO.jpg",600,359,false],"large":["https:\/\/apuntesdesanluis.com\/wp-content\/uploads\/2023\/07\/ACUEDUCTO-25-DE-MAYO.jpg",600,359,false],"1536x1536":["https:\/\/apuntesdesanluis.com\/wp-content\/uploads\/2023\/07\/ACUEDUCTO-25-DE-MAYO.jpg",600,359,false],"2048x2048":["https:\/\/apuntesdesanluis.com\/wp-content\/uploads\/2023\/07\/ACUEDUCTO-25-DE-MAYO.jpg",600,359,false],"newsever-slider-full":["https:\/\/apuntesdesanluis.com\/wp-content\/uploads\/2023\/07\/ACUEDUCTO-25-DE-MAYO.jpg",600,359,false],"newsever-featured":["https:\/\/apuntesdesanluis.com\/wp-content\/uploads\/2023\/07\/ACUEDUCTO-25-DE-MAYO.jpg",600,359,false],"newsever-medium":["https:\/\/apuntesdesanluis.com\/wp-content\/uploads\/2023\/07\/ACUEDUCTO-25-DE-MAYO.jpg",600,359,false]},"author_info":{"display_name":"apuntesdesanluis.com","author_link":"https:\/\/apuntesdesanluis.com\/index.php\/author\/apuntesdesanluis-com\/"},"category_info":"<a href=\"https:\/\/apuntesdesanluis.com\/index.php\/category\/ciudad-provincia\/\" rel=\"category tag\">Ciudad\/Provincia<\/a>","tag_info":"Ciudad\/Provincia","comment_count":"0","_links":{"self":[{"href":"https:\/\/apuntesdesanluis.com\/index.php\/wp-json\/wp\/v2\/posts\/771","targetHints":{"allow":["GET"]}}],"collection":[{"href":"https:\/\/apuntesdesanluis.com\/index.php\/wp-json\/wp\/v2\/posts"}],"about":[{"href":"https:\/\/apuntesdesanluis.com\/index.php\/wp-json\/wp\/v2\/types\/post"}],"author":[{"embeddable":true,"href":"https:\/\/apuntesdesanluis.com\/index.php\/wp-json\/wp\/v2\/users\/1"}],"replies":[{"embeddable":true,"href":"https:\/\/apuntesdesanluis.com\/index.php\/wp-json\/wp\/v2\/comments?post=771"}],"version-history":[{"count":4,"href":"https:\/\/apuntesdesanluis.com\/index.php\/wp-json\/wp\/v2\/posts\/771\/revisions"}],"predecessor-version":[{"id":817,"href":"https:\/\/apuntesdesanluis.com\/index.php\/wp-json\/wp\/v2\/posts\/771\/revisions\/817"}],"wp:featuredmedia":[{"embeddable":true,"href":"https:\/\/apuntesdesanluis.com\/index.php\/wp-json\/wp\/v2\/media\/772"}],"wp:attachment":[{"href":"https:\/\/apuntesdesanluis.com\/index.php\/wp-json\/wp\/v2\/media?parent=771"}],"wp:term":[{"taxonomy":"category","embeddable":true,"href":"https:\/\/apuntesdesanluis.com\/index.php\/wp-json\/wp\/v2\/categories?post=771"},{"taxonomy":"post_tag","embeddable":true,"href":"https:\/\/apuntesdesanluis.com\/index.php\/wp-json\/wp\/v2\/tags?post=771"}],"curies":[{"name":"wp","href":"https:\/\/api.w.org\/{rel}","templated":true}]}}