{"id":7717,"date":"2023-12-01T13:57:24","date_gmt":"2023-12-01T16:57:24","guid":{"rendered":"https:\/\/apuntesdesanluis.com\/?p=7717"},"modified":"2023-12-01T19:32:32","modified_gmt":"2023-12-01T22:32:32","slug":"se-realizo-el-tedeum-por-el-167-aniversario-de-villa-mercedes","status":"publish","type":"post","link":"https:\/\/apuntesdesanluis.com\/index.php\/2023\/12\/01\/se-realizo-el-tedeum-por-el-167-aniversario-de-villa-mercedes\/","title":{"rendered":"SE REALIZ\u00d3 EL TEDEUM POR EL 167\u00b0 ANIVERSARIO DE VILLA MERCEDES"},"content":{"rendered":"<h3>Este viernes por la ma\u00f1ana el Obispo Diocesano de nuestra provincia, Monse\u00f1or <strong>Gabriel Barba<\/strong>, ofici\u00f3 la tradicional ceremonia que se realiz\u00f3 en la Iglesia Matriz Nuestra Se\u00f1ora de La Merced.<\/h3>\n<p><img fetchpriority=\"high\" decoding=\"async\" class=\"wp-image-7719 aligncenter\" src=\"https:\/\/apuntesdesanluis.com\/wp-content\/uploads\/2023\/12\/saludo-300x196.png\" alt=\"\" width=\"660\" height=\"431\" srcset=\"https:\/\/apuntesdesanluis.com\/wp-content\/uploads\/2023\/12\/saludo-300x196.png 300w, https:\/\/apuntesdesanluis.com\/wp-content\/uploads\/2023\/12\/saludo.png 600w\" sizes=\"(max-width: 660px) 100vw, 660px\" \/><\/p>\n<p><img decoding=\"async\" class=\"wp-image-7720 aligncenter\" src=\"https:\/\/apuntesdesanluis.com\/wp-content\/uploads\/2023\/12\/iglesia-general-300x164.png\" alt=\"\" width=\"662\" height=\"362\" srcset=\"https:\/\/apuntesdesanluis.com\/wp-content\/uploads\/2023\/12\/iglesia-general-300x164.png 300w, https:\/\/apuntesdesanluis.com\/wp-content\/uploads\/2023\/12\/iglesia-general.png 600w\" sizes=\"(max-width: 662px) 100vw, 662px\" \/><\/p>\n<h3>Asistieron el intendente municipal <strong>Maxiliano Frontera<\/strong>, el gobernador electo<strong> Claudio Poggi<\/strong>, los rectores de la UNViMe <strong>Marcelo Sosa<\/strong> y la UPrO, <strong>Joaqu\u00edn Surroca<\/strong>, adem\u00e1s de funcionarios y legisladores provinciales y municipales.<\/h3>\n<p><img decoding=\"async\" class=\"wp-image-7721 aligncenter\" src=\"https:\/\/apuntesdesanluis.com\/wp-content\/uploads\/2023\/12\/rector-300x214.png\" alt=\"\" width=\"664\" height=\"474\" srcset=\"https:\/\/apuntesdesanluis.com\/wp-content\/uploads\/2023\/12\/rector-300x214.png 300w, https:\/\/apuntesdesanluis.com\/wp-content\/uploads\/2023\/12\/rector.png 600w\" sizes=\"(max-width: 664px) 100vw, 664px\" \/><\/p>\n<p><img loading=\"lazy\" decoding=\"async\" class=\"wp-image-7722 aligncenter\" src=\"https:\/\/apuntesdesanluis.com\/wp-content\/uploads\/2023\/12\/maxi-300x199.png\" alt=\"\" width=\"666\" height=\"442\" srcset=\"https:\/\/apuntesdesanluis.com\/wp-content\/uploads\/2023\/12\/maxi-300x199.png 300w, https:\/\/apuntesdesanluis.com\/wp-content\/uploads\/2023\/12\/maxi.png 600w\" sizes=\"(max-width: 666px) 100vw, 666px\" \/><\/p>\n<h3>Los festejos continuaron en el Colegio Benito Ju\u00e1rez, como actividades centrales de la celebraci\u00f3n del cumplea\u00f1os 167 de Villa Mercedes.<\/h3>\n<p><img loading=\"lazy\" decoding=\"async\" class=\"wp-image-7723 aligncenter\" src=\"https:\/\/apuntesdesanluis.com\/wp-content\/uploads\/2023\/12\/grupal-300x190.png\" alt=\"\" width=\"669\" height=\"424\" srcset=\"https:\/\/apuntesdesanluis.com\/wp-content\/uploads\/2023\/12\/grupal-300x190.png 300w, https:\/\/apuntesdesanluis.com\/wp-content\/uploads\/2023\/12\/grupal.png 521w\" sizes=\"(max-width: 669px) 100vw, 669px\" \/><\/p>\n<h3>El acto central por el 167\u00b0 aniversario de Villa Mercedes se llev\u00f3 a cabo en el sum del Colegio Benito Ju\u00e1rez. La celebraci\u00f3n, que tradicionalmente se realiza en la Plaza Lafinur, se traslad\u00f3 al establecimiento debido a las condiciones clim\u00e1ticas.<\/h3>\n<h3>Participaron abanderados y escoltas de distintas escuelas y organismos como Defensa Civil, Fuerzas de Seguridad, integrantes de la Quinta Brigada A\u00e9rea, Veteranos de Malvinas y Excombatientes.<\/h3>\n<h3>La m\u00fasica estuvo presente de la mano de Viviana Avila y Carlos Garc\u00eda, la Banda de la V Brigada A\u00e9rea y el taller de adultos y danzas folkl\u00f3ricas del profesor Pablo Castro.<\/h3>\n<h3>La celebraci\u00f3n se cerr\u00f3 con el tradicional corte de una inmensa torta, que fue degustada por las autoridades y el p\u00fablico presente.<\/h3>\n<p><img loading=\"lazy\" decoding=\"async\" class=\"wp-image-7732 aligncenter\" src=\"https:\/\/apuntesdesanluis.com\/wp-content\/uploads\/2023\/12\/Tortas-300x195.png\" alt=\"\" width=\"678\" height=\"440\" srcset=\"https:\/\/apuntesdesanluis.com\/wp-content\/uploads\/2023\/12\/Tortas-300x195.png 300w, https:\/\/apuntesdesanluis.com\/wp-content\/uploads\/2023\/12\/Tortas.png 600w\" sizes=\"(max-width: 678px) 100vw, 678px\" \/><\/p>\n<p><img loading=\"lazy\" decoding=\"async\" class=\"wp-image-7724 aligncenter\" src=\"https:\/\/apuntesdesanluis.com\/wp-content\/uploads\/2023\/12\/desfile-300x169.png\" alt=\"\" width=\"671\" height=\"378\" srcset=\"https:\/\/apuntesdesanluis.com\/wp-content\/uploads\/2023\/12\/desfile-300x169.png 300w, https:\/\/apuntesdesanluis.com\/wp-content\/uploads\/2023\/12\/desfile.png 600w\" sizes=\"(max-width: 671px) 100vw, 671px\" \/><\/p>\n<p><img loading=\"lazy\" decoding=\"async\" class=\"wp-image-7725 aligncenter\" src=\"https:\/\/apuntesdesanluis.com\/wp-content\/uploads\/2023\/12\/todos-300x155.png\" alt=\"\" width=\"674\" height=\"348\" srcset=\"https:\/\/apuntesdesanluis.com\/wp-content\/uploads\/2023\/12\/todos-300x155.png 300w, https:\/\/apuntesdesanluis.com\/wp-content\/uploads\/2023\/12\/todos.png 600w\" sizes=\"(max-width: 674px) 100vw, 674px\" \/><\/p>\n<h3>FUNDACI\u00d3N<\/h3>\n<h3>Nuestra ciudad, antiguamente Fuerte Constitucional, fue fundada a mediados del siglo XIX por habitantes de El Morro como un plan estrat\u00e9gico por la ubicaci\u00f3n para extender el territorio del pa\u00eds hacia el sur, m\u00e1s precisamente hasta las orillas del R\u00edo Quinto.<\/h3>\n<h3>Hacia 1706, en torno a un fuerte a orillas del R\u00edo Quinto, se formar\u00eda tambi\u00e9n una posta llamada risue\u00f1amente \u00abLas Pulgas\u00bb.<\/h3>\n<h3>Mediante auto del 20 de febrero de 1752, se inici\u00f3 el acto de surgimiento del pueblo que originar\u00eda a la actual ciudad. El poblado ubicado al amparo del fuerte sufrir\u00eda diversos malones abor\u00edgenes, provocando su abandono y repoblaci\u00f3n en varias ocasiones.<\/h3>\n<h3>En el a\u00f1o 1824 dicha posta dio albergue al cardenal Giovanni Mar\u00eda Mastai Ferretti \u2014luego nombrado papa P\u00edo IX\u2014 y en 1833 a Charles Darwin en sus viajes por el Cono Sur.<\/h3>\n<h3>Tal posta dio origen en 1856 al \u00abFort\u00edn Constitucional\u00bb (durante el gobierno de Justo Daract), cuyo objetivo fue ser uno de los n\u00facleos de la l\u00ednea de fortines en toda la pampa h\u00fameda para frenar el avance de los ind\u00edgenas ranqueles. La futura ciudad recibir\u00eda tambi\u00e9n el nombre de \u00abR\u00edo Quinto\u00bb por fundarse a orillas del r\u00edo de ese nombre. En 1861 el nombre se cambi\u00f3 al actual de Villa Mercedes.<\/h3>\n<p>&nbsp;<\/p>\n<p>&nbsp;<\/p>\n<p>&nbsp;<\/p>\n<p>&nbsp;<\/p>\n<p>&nbsp;<\/p>\n<p>&nbsp;<\/p>\n<p>&nbsp;<\/p>\n<p>&nbsp;<\/p>\n","protected":false},"excerpt":{"rendered":"<p>Este viernes por la ma\u00f1ana el Obispo Diocesano de nuestra provincia, Monse\u00f1or Gabriel Barba, ofici\u00f3&#8230;<\/p>\n","protected":false},"author":1,"featured_media":7718,"comment_status":"closed","ping_status":"closed","sticky":false,"template":"","format":"standard","meta":{"footnotes":""},"categories":[6],"tags":[],"class_list":["post-7717","post","type-post","status-publish","format-standard","has-post-thumbnail","hentry","category-ciudad-provincia"],"yoast_head":"<!-- This site is optimized with the Yoast SEO plugin v26.1.1 - https:\/\/yoast.com\/wordpress\/plugins\/seo\/ -->\n<title>SE REALIZ\u00d3 EL TEDEUM POR EL 167\u00b0 ANIVERSARIO DE VILLA MERCEDES - Apuntes de San Luis<\/title>\n<meta name=\"robots\" content=\"index, follow, max-snippet:-1, max-image-preview:large, max-video-preview:-1\" \/>\n<link rel=\"canonical\" href=\"https:\/\/apuntesdesanluis.com\/index.php\/2023\/12\/01\/se-realizo-el-tedeum-por-el-167-aniversario-de-villa-mercedes\/\" \/>\n<meta property=\"og:locale\" content=\"es_ES\" \/>\n<meta property=\"og:type\" content=\"article\" \/>\n<meta property=\"og:title\" content=\"SE REALIZ\u00d3 EL TEDEUM POR EL 167\u00b0 ANIVERSARIO DE VILLA MERCEDES - Apuntes de San Luis\" \/>\n<meta property=\"og:description\" content=\"Este viernes por la ma\u00f1ana el Obispo Diocesano de nuestra provincia, Monse\u00f1or Gabriel Barba, ofici\u00f3...\" \/>\n<meta property=\"og:url\" content=\"https:\/\/apuntesdesanluis.com\/index.php\/2023\/12\/01\/se-realizo-el-tedeum-por-el-167-aniversario-de-villa-mercedes\/\" \/>\n<meta property=\"og:site_name\" content=\"Apuntes de San Luis\" \/>\n<meta property=\"article:published_time\" content=\"2023-12-01T16:57:24+00:00\" \/>\n<meta property=\"article:modified_time\" content=\"2023-12-01T22:32:32+00:00\" \/>\n<meta property=\"og:image\" content=\"https:\/\/apuntesdesanluis.com\/wp-content\/uploads\/2023\/12\/obispo-gabriel-barba.png\" \/>\n\t<meta property=\"og:image:width\" content=\"600\" \/>\n\t<meta property=\"og:image:height\" content=\"398\" \/>\n\t<meta property=\"og:image:type\" content=\"image\/png\" \/>\n<meta name=\"author\" content=\"apuntesdesanluis.com\" \/>\n<meta name=\"twitter:card\" content=\"summary_large_image\" \/>\n<meta name=\"twitter:label1\" content=\"Escrito por\" \/>\n\t<meta name=\"twitter:data1\" content=\"apuntesdesanluis.com\" \/>\n\t<meta name=\"twitter:label2\" content=\"Tiempo de lectura\" \/>\n\t<meta name=\"twitter:data2\" content=\"4 minutos\" \/>\n<script type=\"application\/ld+json\" class=\"yoast-schema-graph\">{\"@context\":\"https:\/\/schema.org\",\"@graph\":[{\"@type\":\"Article\",\"@id\":\"https:\/\/apuntesdesanluis.com\/index.php\/2023\/12\/01\/se-realizo-el-tedeum-por-el-167-aniversario-de-villa-mercedes\/#article\",\"isPartOf\":{\"@id\":\"https:\/\/apuntesdesanluis.com\/index.php\/2023\/12\/01\/se-realizo-el-tedeum-por-el-167-aniversario-de-villa-mercedes\/\"},\"author\":{\"name\":\"apuntesdesanluis.com\",\"@id\":\"https:\/\/apuntesdesanluis.com\/#\/schema\/person\/b55151d52296fcce64d1a72538a70b90\"},\"headline\":\"SE REALIZ\u00d3 EL TEDEUM POR EL 167\u00b0 ANIVERSARIO DE VILLA MERCEDES\",\"datePublished\":\"2023-12-01T16:57:24+00:00\",\"dateModified\":\"2023-12-01T22:32:32+00:00\",\"mainEntityOfPage\":{\"@id\":\"https:\/\/apuntesdesanluis.com\/index.php\/2023\/12\/01\/se-realizo-el-tedeum-por-el-167-aniversario-de-villa-mercedes\/\"},\"wordCount\":461,\"publisher\":{\"@id\":\"https:\/\/apuntesdesanluis.com\/#\/schema\/person\/b55151d52296fcce64d1a72538a70b90\"},\"image\":{\"@id\":\"https:\/\/apuntesdesanluis.com\/index.php\/2023\/12\/01\/se-realizo-el-tedeum-por-el-167-aniversario-de-villa-mercedes\/#primaryimage\"},\"thumbnailUrl\":\"https:\/\/apuntesdesanluis.com\/wp-content\/uploads\/2023\/12\/obispo-gabriel-barba.png\",\"articleSection\":[\"Ciudad\/Provincia\"],\"inLanguage\":\"es-AR\"},{\"@type\":\"WebPage\",\"@id\":\"https:\/\/apuntesdesanluis.com\/index.php\/2023\/12\/01\/se-realizo-el-tedeum-por-el-167-aniversario-de-villa-mercedes\/\",\"url\":\"https:\/\/apuntesdesanluis.com\/index.php\/2023\/12\/01\/se-realizo-el-tedeum-por-el-167-aniversario-de-villa-mercedes\/\",\"name\":\"SE REALIZ\u00d3 EL TEDEUM POR EL 167\u00b0 ANIVERSARIO DE VILLA MERCEDES - Apuntes de San Luis\",\"isPartOf\":{\"@id\":\"https:\/\/apuntesdesanluis.com\/#website\"},\"primaryImageOfPage\":{\"@id\":\"https:\/\/apuntesdesanluis.com\/index.php\/2023\/12\/01\/se-realizo-el-tedeum-por-el-167-aniversario-de-villa-mercedes\/#primaryimage\"},\"image\":{\"@id\":\"https:\/\/apuntesdesanluis.com\/index.php\/2023\/12\/01\/se-realizo-el-tedeum-por-el-167-aniversario-de-villa-mercedes\/#primaryimage\"},\"thumbnailUrl\":\"https:\/\/apuntesdesanluis.com\/wp-content\/uploads\/2023\/12\/obispo-gabriel-barba.png\",\"datePublished\":\"2023-12-01T16:57:24+00:00\",\"dateModified\":\"2023-12-01T22:32:32+00:00\",\"breadcrumb\":{\"@id\":\"https:\/\/apuntesdesanluis.com\/index.php\/2023\/12\/01\/se-realizo-el-tedeum-por-el-167-aniversario-de-villa-mercedes\/#breadcrumb\"},\"inLanguage\":\"es-AR\",\"potentialAction\":[{\"@type\":\"ReadAction\",\"target\":[\"https:\/\/apuntesdesanluis.com\/index.php\/2023\/12\/01\/se-realizo-el-tedeum-por-el-167-aniversario-de-villa-mercedes\/\"]}]},{\"@type\":\"ImageObject\",\"inLanguage\":\"es-AR\",\"@id\":\"https:\/\/apuntesdesanluis.com\/index.php\/2023\/12\/01\/se-realizo-el-tedeum-por-el-167-aniversario-de-villa-mercedes\/#primaryimage\",\"url\":\"https:\/\/apuntesdesanluis.com\/wp-content\/uploads\/2023\/12\/obispo-gabriel-barba.png\",\"contentUrl\":\"https:\/\/apuntesdesanluis.com\/wp-content\/uploads\/2023\/12\/obispo-gabriel-barba.png\",\"width\":600,\"height\":398},{\"@type\":\"BreadcrumbList\",\"@id\":\"https:\/\/apuntesdesanluis.com\/index.php\/2023\/12\/01\/se-realizo-el-tedeum-por-el-167-aniversario-de-villa-mercedes\/#breadcrumb\",\"itemListElement\":[{\"@type\":\"ListItem\",\"position\":1,\"name\":\"Inicio\",\"item\":\"https:\/\/apuntesdesanluis.com\/\"},{\"@type\":\"ListItem\",\"position\":2,\"name\":\"SE REALIZ\u00d3 EL TEDEUM POR EL 167\u00b0 ANIVERSARIO DE VILLA MERCEDES\"}]},{\"@type\":\"WebSite\",\"@id\":\"https:\/\/apuntesdesanluis.com\/#website\",\"url\":\"https:\/\/apuntesdesanluis.com\/\",\"name\":\"Apuntes de San Luis\",\"description\":\"\",\"publisher\":{\"@id\":\"https:\/\/apuntesdesanluis.com\/#\/schema\/person\/b55151d52296fcce64d1a72538a70b90\"},\"potentialAction\":[{\"@type\":\"SearchAction\",\"target\":{\"@type\":\"EntryPoint\",\"urlTemplate\":\"https:\/\/apuntesdesanluis.com\/?s={search_term_string}\"},\"query-input\":{\"@type\":\"PropertyValueSpecification\",\"valueRequired\":true,\"valueName\":\"search_term_string\"}}],\"inLanguage\":\"es-AR\"},{\"@type\":[\"Person\",\"Organization\"],\"@id\":\"https:\/\/apuntesdesanluis.com\/#\/schema\/person\/b55151d52296fcce64d1a72538a70b90\",\"name\":\"apuntesdesanluis.com\",\"image\":{\"@type\":\"ImageObject\",\"inLanguage\":\"es-AR\",\"@id\":\"https:\/\/apuntesdesanluis.com\/#\/schema\/person\/image\/\",\"url\":\"https:\/\/apuntesdesanluis.com\/wp-content\/uploads\/2023\/07\/cropped-apuntesdesanluis.png\",\"contentUrl\":\"https:\/\/apuntesdesanluis.com\/wp-content\/uploads\/2023\/07\/cropped-apuntesdesanluis.png\",\"width\":450,\"height\":112,\"caption\":\"apuntesdesanluis.com\"},\"logo\":{\"@id\":\"https:\/\/apuntesdesanluis.com\/#\/schema\/person\/image\/\"},\"sameAs\":[\"https:\/\/apuntesdesanluis.com\"],\"url\":\"https:\/\/apuntesdesanluis.com\/index.php\/author\/apuntesdesanluis-com\/\"}]}<\/script>\n<!-- \/ Yoast SEO plugin. -->","yoast_head_json":{"title":"SE REALIZ\u00d3 EL TEDEUM POR EL 167\u00b0 ANIVERSARIO DE VILLA MERCEDES - Apuntes de San Luis","robots":{"index":"index","follow":"follow","max-snippet":"max-snippet:-1","max-image-preview":"max-image-preview:large","max-video-preview":"max-video-preview:-1"},"canonical":"https:\/\/apuntesdesanluis.com\/index.php\/2023\/12\/01\/se-realizo-el-tedeum-por-el-167-aniversario-de-villa-mercedes\/","og_locale":"es_ES","og_type":"article","og_title":"SE REALIZ\u00d3 EL TEDEUM POR EL 167\u00b0 ANIVERSARIO DE VILLA MERCEDES - Apuntes de San Luis","og_description":"Este viernes por la ma\u00f1ana el Obispo Diocesano de nuestra provincia, Monse\u00f1or Gabriel Barba, ofici\u00f3...","og_url":"https:\/\/apuntesdesanluis.com\/index.php\/2023\/12\/01\/se-realizo-el-tedeum-por-el-167-aniversario-de-villa-mercedes\/","og_site_name":"Apuntes de San Luis","article_published_time":"2023-12-01T16:57:24+00:00","article_modified_time":"2023-12-01T22:32:32+00:00","og_image":[{"width":600,"height":398,"url":"https:\/\/apuntesdesanluis.com\/wp-content\/uploads\/2023\/12\/obispo-gabriel-barba.png","type":"image\/png"}],"author":"apuntesdesanluis.com","twitter_card":"summary_large_image","twitter_misc":{"Escrito por":"apuntesdesanluis.com","Tiempo de lectura":"4 minutos"},"schema":{"@context":"https:\/\/schema.org","@graph":[{"@type":"Article","@id":"https:\/\/apuntesdesanluis.com\/index.php\/2023\/12\/01\/se-realizo-el-tedeum-por-el-167-aniversario-de-villa-mercedes\/#article","isPartOf":{"@id":"https:\/\/apuntesdesanluis.com\/index.php\/2023\/12\/01\/se-realizo-el-tedeum-por-el-167-aniversario-de-villa-mercedes\/"},"author":{"name":"apuntesdesanluis.com","@id":"https:\/\/apuntesdesanluis.com\/#\/schema\/person\/b55151d52296fcce64d1a72538a70b90"},"headline":"SE REALIZ\u00d3 EL TEDEUM POR EL 167\u00b0 ANIVERSARIO DE VILLA MERCEDES","datePublished":"2023-12-01T16:57:24+00:00","dateModified":"2023-12-01T22:32:32+00:00","mainEntityOfPage":{"@id":"https:\/\/apuntesdesanluis.com\/index.php\/2023\/12\/01\/se-realizo-el-tedeum-por-el-167-aniversario-de-villa-mercedes\/"},"wordCount":461,"publisher":{"@id":"https:\/\/apuntesdesanluis.com\/#\/schema\/person\/b55151d52296fcce64d1a72538a70b90"},"image":{"@id":"https:\/\/apuntesdesanluis.com\/index.php\/2023\/12\/01\/se-realizo-el-tedeum-por-el-167-aniversario-de-villa-mercedes\/#primaryimage"},"thumbnailUrl":"https:\/\/apuntesdesanluis.com\/wp-content\/uploads\/2023\/12\/obispo-gabriel-barba.png","articleSection":["Ciudad\/Provincia"],"inLanguage":"es-AR"},{"@type":"WebPage","@id":"https:\/\/apuntesdesanluis.com\/index.php\/2023\/12\/01\/se-realizo-el-tedeum-por-el-167-aniversario-de-villa-mercedes\/","url":"https:\/\/apuntesdesanluis.com\/index.php\/2023\/12\/01\/se-realizo-el-tedeum-por-el-167-aniversario-de-villa-mercedes\/","name":"SE REALIZ\u00d3 EL TEDEUM POR EL 167\u00b0 ANIVERSARIO DE VILLA MERCEDES - Apuntes de San Luis","isPartOf":{"@id":"https:\/\/apuntesdesanluis.com\/#website"},"primaryImageOfPage":{"@id":"https:\/\/apuntesdesanluis.com\/index.php\/2023\/12\/01\/se-realizo-el-tedeum-por-el-167-aniversario-de-villa-mercedes\/#primaryimage"},"image":{"@id":"https:\/\/apuntesdesanluis.com\/index.php\/2023\/12\/01\/se-realizo-el-tedeum-por-el-167-aniversario-de-villa-mercedes\/#primaryimage"},"thumbnailUrl":"https:\/\/apuntesdesanluis.com\/wp-content\/uploads\/2023\/12\/obispo-gabriel-barba.png","datePublished":"2023-12-01T16:57:24+00:00","dateModified":"2023-12-01T22:32:32+00:00","breadcrumb":{"@id":"https:\/\/apuntesdesanluis.com\/index.php\/2023\/12\/01\/se-realizo-el-tedeum-por-el-167-aniversario-de-villa-mercedes\/#breadcrumb"},"inLanguage":"es-AR","potentialAction":[{"@type":"ReadAction","target":["https:\/\/apuntesdesanluis.com\/index.php\/2023\/12\/01\/se-realizo-el-tedeum-por-el-167-aniversario-de-villa-mercedes\/"]}]},{"@type":"ImageObject","inLanguage":"es-AR","@id":"https:\/\/apuntesdesanluis.com\/index.php\/2023\/12\/01\/se-realizo-el-tedeum-por-el-167-aniversario-de-villa-mercedes\/#primaryimage","url":"https:\/\/apuntesdesanluis.com\/wp-content\/uploads\/2023\/12\/obispo-gabriel-barba.png","contentUrl":"https:\/\/apuntesdesanluis.com\/wp-content\/uploads\/2023\/12\/obispo-gabriel-barba.png","width":600,"height":398},{"@type":"BreadcrumbList","@id":"https:\/\/apuntesdesanluis.com\/index.php\/2023\/12\/01\/se-realizo-el-tedeum-por-el-167-aniversario-de-villa-mercedes\/#breadcrumb","itemListElement":[{"@type":"ListItem","position":1,"name":"Inicio","item":"https:\/\/apuntesdesanluis.com\/"},{"@type":"ListItem","position":2,"name":"SE REALIZ\u00d3 EL TEDEUM POR EL 167\u00b0 ANIVERSARIO DE VILLA MERCEDES"}]},{"@type":"WebSite","@id":"https:\/\/apuntesdesanluis.com\/#website","url":"https:\/\/apuntesdesanluis.com\/","name":"Apuntes de San Luis","description":"","publisher":{"@id":"https:\/\/apuntesdesanluis.com\/#\/schema\/person\/b55151d52296fcce64d1a72538a70b90"},"potentialAction":[{"@type":"SearchAction","target":{"@type":"EntryPoint","urlTemplate":"https:\/\/apuntesdesanluis.com\/?s={search_term_string}"},"query-input":{"@type":"PropertyValueSpecification","valueRequired":true,"valueName":"search_term_string"}}],"inLanguage":"es-AR"},{"@type":["Person","Organization"],"@id":"https:\/\/apuntesdesanluis.com\/#\/schema\/person\/b55151d52296fcce64d1a72538a70b90","name":"apuntesdesanluis.com","image":{"@type":"ImageObject","inLanguage":"es-AR","@id":"https:\/\/apuntesdesanluis.com\/#\/schema\/person\/image\/","url":"https:\/\/apuntesdesanluis.com\/wp-content\/uploads\/2023\/07\/cropped-apuntesdesanluis.png","contentUrl":"https:\/\/apuntesdesanluis.com\/wp-content\/uploads\/2023\/07\/cropped-apuntesdesanluis.png","width":450,"height":112,"caption":"apuntesdesanluis.com"},"logo":{"@id":"https:\/\/apuntesdesanluis.com\/#\/schema\/person\/image\/"},"sameAs":["https:\/\/apuntesdesanluis.com"],"url":"https:\/\/apuntesdesanluis.com\/index.php\/author\/apuntesdesanluis-com\/"}]}},"featured_image_urls":{"full":["https:\/\/apuntesdesanluis.com\/wp-content\/uploads\/2023\/12\/obispo-gabriel-barba.png",600,398,false],"thumbnail":["https:\/\/apuntesdesanluis.com\/wp-content\/uploads\/2023\/12\/obispo-gabriel-barba-150x150.png",150,150,true],"medium":["https:\/\/apuntesdesanluis.com\/wp-content\/uploads\/2023\/12\/obispo-gabriel-barba-300x199.png",300,199,true],"medium_large":["https:\/\/apuntesdesanluis.com\/wp-content\/uploads\/2023\/12\/obispo-gabriel-barba.png",600,398,false],"large":["https:\/\/apuntesdesanluis.com\/wp-content\/uploads\/2023\/12\/obispo-gabriel-barba.png",600,398,false],"1536x1536":["https:\/\/apuntesdesanluis.com\/wp-content\/uploads\/2023\/12\/obispo-gabriel-barba.png",600,398,false],"2048x2048":["https:\/\/apuntesdesanluis.com\/wp-content\/uploads\/2023\/12\/obispo-gabriel-barba.png",600,398,false],"newsever-slider-full":["https:\/\/apuntesdesanluis.com\/wp-content\/uploads\/2023\/12\/obispo-gabriel-barba.png",600,398,false],"newsever-featured":["https:\/\/apuntesdesanluis.com\/wp-content\/uploads\/2023\/12\/obispo-gabriel-barba.png",600,398,false],"newsever-medium":["https:\/\/apuntesdesanluis.com\/wp-content\/uploads\/2023\/12\/obispo-gabriel-barba.png",600,398,false]},"author_info":{"display_name":"apuntesdesanluis.com","author_link":"https:\/\/apuntesdesanluis.com\/index.php\/author\/apuntesdesanluis-com\/"},"category_info":"<a href=\"https:\/\/apuntesdesanluis.com\/index.php\/category\/ciudad-provincia\/\" rel=\"category tag\">Ciudad\/Provincia<\/a>","tag_info":"Ciudad\/Provincia","comment_count":"0","_links":{"self":[{"href":"https:\/\/apuntesdesanluis.com\/index.php\/wp-json\/wp\/v2\/posts\/7717","targetHints":{"allow":["GET"]}}],"collection":[{"href":"https:\/\/apuntesdesanluis.com\/index.php\/wp-json\/wp\/v2\/posts"}],"about":[{"href":"https:\/\/apuntesdesanluis.com\/index.php\/wp-json\/wp\/v2\/types\/post"}],"author":[{"embeddable":true,"href":"https:\/\/apuntesdesanluis.com\/index.php\/wp-json\/wp\/v2\/users\/1"}],"replies":[{"embeddable":true,"href":"https:\/\/apuntesdesanluis.com\/index.php\/wp-json\/wp\/v2\/comments?post=7717"}],"version-history":[{"count":5,"href":"https:\/\/apuntesdesanluis.com\/index.php\/wp-json\/wp\/v2\/posts\/7717\/revisions"}],"predecessor-version":[{"id":7734,"href":"https:\/\/apuntesdesanluis.com\/index.php\/wp-json\/wp\/v2\/posts\/7717\/revisions\/7734"}],"wp:featuredmedia":[{"embeddable":true,"href":"https:\/\/apuntesdesanluis.com\/index.php\/wp-json\/wp\/v2\/media\/7718"}],"wp:attachment":[{"href":"https:\/\/apuntesdesanluis.com\/index.php\/wp-json\/wp\/v2\/media?parent=7717"}],"wp:term":[{"taxonomy":"category","embeddable":true,"href":"https:\/\/apuntesdesanluis.com\/index.php\/wp-json\/wp\/v2\/categories?post=7717"},{"taxonomy":"post_tag","embeddable":true,"href":"https:\/\/apuntesdesanluis.com\/index.php\/wp-json\/wp\/v2\/tags?post=7717"}],"curies":[{"name":"wp","href":"https:\/\/api.w.org\/{rel}","templated":true}]}}