{"id":7742,"date":"2023-12-03T13:35:45","date_gmt":"2023-12-03T16:35:45","guid":{"rendered":"https:\/\/apuntesdesanluis.com\/?p=7742"},"modified":"2023-12-03T13:35:45","modified_gmt":"2023-12-03T16:35:45","slug":"continua-abierta-la-muestra-por-los-40-anos-de-democracia-en-el-centro-universitario-de-la-unsl","status":"publish","type":"post","link":"https:\/\/apuntesdesanluis.com\/index.php\/2023\/12\/03\/continua-abierta-la-muestra-por-los-40-anos-de-democracia-en-el-centro-universitario-de-la-unsl\/","title":{"rendered":"CONTIN\u00daA ABIERTA LA MUESTRA POR LOS 40 A\u00d1OS DE DEMOCRACIA EN EL CENTRO UNIVERSITARIO DE LA UNSL"},"content":{"rendered":"<h3>M\u00e1s de 40 im\u00e1genes que ilustran los principales hechos hist\u00f3ricos de las d\u00e9cadas que transcurrieron desde 1983, forman parte de la excelente muestra \u201c40 a\u00f1os de Democracia en Im\u00e1genes\u201d, que se expone desde la semana pasada en el campus del <strong>Centro Universitario Villa Mercedes de la UNSL<\/strong>.<\/h3>\n<h3>Los cuadros, acompa\u00f1ados por ep\u00edgrafes con informaci\u00f3n sobre cada uno de los momentos retratados, forman parte del material de la<strong> Asociaci\u00f3n de Reporteros Gr\u00e1ficos de la Rep\u00fablica Argentina<\/strong> (ARGRA).<\/h3>\n<h3>La muestra es organizada por la <strong>Secretar\u00eda de Extensi\u00f3n de la Facultad de Ciencias Econ\u00f3micas, Jur\u00eddicas y Sociales<\/strong>, con la colaboraci\u00f3n de docentes de Artes Visuales del Instituto de Formaci\u00f3n Docente Continua (ARGRA). \u201cGenerosamente, ARGRA comparte con instituciones estas im\u00e1genes que hoy podemos ver como hist\u00f3ricas, porque hacen un breve recorrido desde el momento de recuperaci\u00f3n de la democracia, en 1983. Se pueden ver fotos del Juicio a las Juntas, el Pacto de Olivos; las luchas de distintos sectores como la Carpa Blanca Docente, el movimiento de Periodistas Gr\u00e1ficos despu\u00e9s del asesinato de Cabezas; tambi\u00e9n las asunciones de los presidentes; momentos trascendentes como los que atravesamos durante pandemia o durante el mundial que ganamos el a\u00f1o pasado\u2026\u201d, coment\u00f3 la Lic. Pamela Bianco.<\/h3>\n<h3><img fetchpriority=\"high\" decoding=\"async\" class=\"wp-image-7744 aligncenter\" src=\"https:\/\/apuntesdesanluis.com\/wp-content\/uploads\/2023\/12\/muestra-1-300x218.png\" alt=\"\" width=\"695\" height=\"505\" srcset=\"https:\/\/apuntesdesanluis.com\/wp-content\/uploads\/2023\/12\/muestra-1-300x218.png 300w, https:\/\/apuntesdesanluis.com\/wp-content\/uploads\/2023\/12\/muestra-1.png 600w\" sizes=\"(max-width: 695px) 100vw, 695px\" \/><\/h3>\n<h3>La Secretaria de Extensi\u00f3n Universitaria de la FCEJS agradeci\u00f3 la colaboraci\u00f3n de docentes del IFDC, Enrique D\u00edaz y Pablo Muract, en el armado y dise\u00f1o de esta muestra, cuyo objetivo es \u201crecuperar estos hechos hist\u00f3ricos y seguir construyendo memoria\u201d porque \u201csi consideramos importante celebrar los 40 a\u00f1os de democracia no podemos hacerlo ignorando lo que pas\u00f3 antes. Y cuando digo lo que pas\u00f3 antes me refiero a la \u00faltima dictadura militar, que fue el per\u00edodo m\u00e1s terrible de nuestra historia y que marc\u00f3 el comienzo de esta joven democracia que tenemos y que como instituci\u00f3n educativa apostamos a seguir construyendo\u201d.<\/h3>\n<h3>Destac\u00f3 que este tipo de muestras, por sus caracter\u00edsticas, ayudan -a partir de las im\u00e1genes que ponen en escena los hechos hist\u00f3ricos- a \u201cconstruir memoria de manera colectiva\u201d y, como integrantes de instituciones educativas \u201cesta reivindicaci\u00f3n y construcci\u00f3n de la democracia es una tarea que no podemos dejar de lado\u201d.<\/h3>\n<h3>Pamela Bianco destac\u00f3 de manera especial el impacto que puede generar la muestra en los j\u00f3venes: \u201cCada imagen tiene un peque\u00f1o ep\u00edgrafe que contextualiza el hecho que retrata. Conversando con estudiantes mientras recorr\u00edan la muestra, en algunos casos, hab\u00eda sucesos que no recuerdan porque no los vivieron. Por eso, la muestra no solamente activa la memoria de los que vivimos esos momentos, sino que genera la curiosidad de las y los estudiantes\u201d.<\/h3>\n<h3><img decoding=\"async\" class=\"wp-image-7745 aligncenter\" src=\"https:\/\/apuntesdesanluis.com\/wp-content\/uploads\/2023\/12\/muestra-2-300x241.png\" alt=\"\" width=\"698\" height=\"561\" srcset=\"https:\/\/apuntesdesanluis.com\/wp-content\/uploads\/2023\/12\/muestra-2-300x241.png 300w, https:\/\/apuntesdesanluis.com\/wp-content\/uploads\/2023\/12\/muestra-2.png 600w\" sizes=\"(max-width: 698px) 100vw, 698px\" \/><\/h3>\n<h3>LA MUESTRA Y EL CONTEXTO<\/h3>\n<h3>La Secretaria de Extensi\u00f3n Universitaria se refiri\u00f3 a la importancia de la muestra \u201c40 a\u00f1os de democracia en im\u00e1genes\u201d en el contexto especial que vive la Argentina, a d\u00edas de iniciar una nueva etapa en su historia democr\u00e1tica: \u201cEn este momento creo que m\u00e1s que nunca tenemos que construir memoria. Hay cosas que se est\u00e1n diciendo en este nuevo proyecto de pa\u00eds (que en realidad no es nuevo porque ya vivimos \u00e9pocas en las que se cre\u00eda que el Estado era malo, que lo p\u00fablico era malo y que los derechos para todos y todas eran innecesarios. Estas etapas ya lo pasamos y en la muestra se ve) y que la muestra expone porque recupera lo que fue la d\u00e9cada de los \u201890, con los atentados a la AMIA y la embajada de Israel; la lucha de Norma Pl\u00e1 y los derechos de los jubilados; la Carpa Blanca Docente, el surgimiento del Movimiento Piquetero\u2026\u201d.<\/h3>\n<h3>\u201cLa muestra nos permite recuperar memoria y esto ojal\u00e1 nos ayude a pensar qu\u00e9 pa\u00eds queremos realmente\u2026 Quienes nos hemos formado en la educaci\u00f3n p\u00fablica, en la UNSL, lo hicimos porque resisti\u00f3 todos los embates de privatizaciones, arancelamientos. Y esta universidad nos dio la posibilidad de formarnos y hoy poder trabajar de lo que nos gusta. Entonces, el m\u00ednimo compromiso que uno tiene con esta instituci\u00f3n y con la sociedad es que este derecho sea para todos y todas. De la misma manera que hablamos del derecho a la educaci\u00f3n, hablamos del derecho a la salud, a la seguridad social, a una vida digna. Y eso no se logra con menos democracia y reduciendo las instituciones del Estado. Entonces, en momentos en que algunos discursos vuelven a poner como centro el mercado, propuesta para los pr\u00f3ximos 4 a\u00f1os en nuestro pa\u00eds, m\u00e1s que nunca tenemos que buscar espacios de encuentro\u201d, a\u00f1adi\u00f3.<\/h3>\n<p><img decoding=\"async\" class=\"wp-image-7746 aligncenter\" src=\"https:\/\/apuntesdesanluis.com\/wp-content\/uploads\/2023\/12\/muestra-3-300x190.png\" alt=\"\" width=\"701\" height=\"444\" srcset=\"https:\/\/apuntesdesanluis.com\/wp-content\/uploads\/2023\/12\/muestra-3-300x190.png 300w, https:\/\/apuntesdesanluis.com\/wp-content\/uploads\/2023\/12\/muestra-3.png 600w\" sizes=\"(max-width: 701px) 100vw, 701px\" \/><\/p>\n<p>&nbsp;<\/p>\n<p>&nbsp;<\/p>\n<p>&nbsp;<\/p>\n<p>&nbsp;<\/p>\n","protected":false},"excerpt":{"rendered":"<p>M\u00e1s de 40 im\u00e1genes que ilustran los principales hechos hist\u00f3ricos de las d\u00e9cadas que transcurrieron&#8230;<\/p>\n","protected":false},"author":1,"featured_media":7743,"comment_status":"closed","ping_status":"closed","sticky":false,"template":"","format":"standard","meta":{"footnotes":""},"categories":[6],"tags":[],"class_list":["post-7742","post","type-post","status-publish","format-standard","has-post-thumbnail","hentry","category-ciudad-provincia"],"yoast_head":"<!-- This site is optimized with the Yoast SEO plugin v26.1.1 - https:\/\/yoast.com\/wordpress\/plugins\/seo\/ -->\n<title>CONTIN\u00daA ABIERTA LA MUESTRA POR LOS 40 A\u00d1OS DE DEMOCRACIA EN EL CENTRO UNIVERSITARIO DE LA UNSL - Apuntes de San Luis<\/title>\n<meta name=\"robots\" content=\"index, follow, max-snippet:-1, max-image-preview:large, max-video-preview:-1\" \/>\n<link rel=\"canonical\" href=\"https:\/\/apuntesdesanluis.com\/index.php\/2023\/12\/03\/continua-abierta-la-muestra-por-los-40-anos-de-democracia-en-el-centro-universitario-de-la-unsl\/\" \/>\n<meta property=\"og:locale\" content=\"es_ES\" \/>\n<meta property=\"og:type\" content=\"article\" \/>\n<meta property=\"og:title\" content=\"CONTIN\u00daA ABIERTA LA MUESTRA POR LOS 40 A\u00d1OS DE DEMOCRACIA EN EL CENTRO UNIVERSITARIO DE LA UNSL - Apuntes de San Luis\" \/>\n<meta property=\"og:description\" content=\"M\u00e1s de 40 im\u00e1genes que ilustran los principales hechos hist\u00f3ricos de las d\u00e9cadas que transcurrieron...\" \/>\n<meta property=\"og:url\" content=\"https:\/\/apuntesdesanluis.com\/index.php\/2023\/12\/03\/continua-abierta-la-muestra-por-los-40-anos-de-democracia-en-el-centro-universitario-de-la-unsl\/\" \/>\n<meta property=\"og:site_name\" content=\"Apuntes de San Luis\" \/>\n<meta property=\"article:published_time\" content=\"2023-12-03T16:35:45+00:00\" \/>\n<meta property=\"og:image\" content=\"https:\/\/apuntesdesanluis.com\/wp-content\/uploads\/2023\/12\/muestra-tapa.png\" \/>\n\t<meta property=\"og:image:width\" content=\"600\" \/>\n\t<meta property=\"og:image:height\" content=\"412\" \/>\n\t<meta property=\"og:image:type\" content=\"image\/png\" \/>\n<meta name=\"author\" content=\"apuntesdesanluis.com\" \/>\n<meta name=\"twitter:card\" content=\"summary_large_image\" \/>\n<meta name=\"twitter:label1\" content=\"Escrito por\" \/>\n\t<meta name=\"twitter:data1\" content=\"apuntesdesanluis.com\" \/>\n\t<meta name=\"twitter:label2\" content=\"Tiempo de lectura\" \/>\n\t<meta name=\"twitter:data2\" content=\"4 minutos\" \/>\n<script type=\"application\/ld+json\" class=\"yoast-schema-graph\">{\"@context\":\"https:\/\/schema.org\",\"@graph\":[{\"@type\":\"Article\",\"@id\":\"https:\/\/apuntesdesanluis.com\/index.php\/2023\/12\/03\/continua-abierta-la-muestra-por-los-40-anos-de-democracia-en-el-centro-universitario-de-la-unsl\/#article\",\"isPartOf\":{\"@id\":\"https:\/\/apuntesdesanluis.com\/index.php\/2023\/12\/03\/continua-abierta-la-muestra-por-los-40-anos-de-democracia-en-el-centro-universitario-de-la-unsl\/\"},\"author\":{\"name\":\"apuntesdesanluis.com\",\"@id\":\"https:\/\/apuntesdesanluis.com\/#\/schema\/person\/b55151d52296fcce64d1a72538a70b90\"},\"headline\":\"CONTIN\u00daA ABIERTA LA MUESTRA POR LOS 40 A\u00d1OS DE DEMOCRACIA EN EL CENTRO UNIVERSITARIO DE LA UNSL\",\"datePublished\":\"2023-12-03T16:35:45+00:00\",\"mainEntityOfPage\":{\"@id\":\"https:\/\/apuntesdesanluis.com\/index.php\/2023\/12\/03\/continua-abierta-la-muestra-por-los-40-anos-de-democracia-en-el-centro-universitario-de-la-unsl\/\"},\"wordCount\":810,\"publisher\":{\"@id\":\"https:\/\/apuntesdesanluis.com\/#\/schema\/person\/b55151d52296fcce64d1a72538a70b90\"},\"image\":{\"@id\":\"https:\/\/apuntesdesanluis.com\/index.php\/2023\/12\/03\/continua-abierta-la-muestra-por-los-40-anos-de-democracia-en-el-centro-universitario-de-la-unsl\/#primaryimage\"},\"thumbnailUrl\":\"https:\/\/apuntesdesanluis.com\/wp-content\/uploads\/2023\/12\/muestra-tapa.png\",\"articleSection\":[\"Ciudad\/Provincia\"],\"inLanguage\":\"es-AR\"},{\"@type\":\"WebPage\",\"@id\":\"https:\/\/apuntesdesanluis.com\/index.php\/2023\/12\/03\/continua-abierta-la-muestra-por-los-40-anos-de-democracia-en-el-centro-universitario-de-la-unsl\/\",\"url\":\"https:\/\/apuntesdesanluis.com\/index.php\/2023\/12\/03\/continua-abierta-la-muestra-por-los-40-anos-de-democracia-en-el-centro-universitario-de-la-unsl\/\",\"name\":\"CONTIN\u00daA ABIERTA LA MUESTRA POR LOS 40 A\u00d1OS DE DEMOCRACIA EN EL CENTRO UNIVERSITARIO DE LA UNSL - Apuntes de San Luis\",\"isPartOf\":{\"@id\":\"https:\/\/apuntesdesanluis.com\/#website\"},\"primaryImageOfPage\":{\"@id\":\"https:\/\/apuntesdesanluis.com\/index.php\/2023\/12\/03\/continua-abierta-la-muestra-por-los-40-anos-de-democracia-en-el-centro-universitario-de-la-unsl\/#primaryimage\"},\"image\":{\"@id\":\"https:\/\/apuntesdesanluis.com\/index.php\/2023\/12\/03\/continua-abierta-la-muestra-por-los-40-anos-de-democracia-en-el-centro-universitario-de-la-unsl\/#primaryimage\"},\"thumbnailUrl\":\"https:\/\/apuntesdesanluis.com\/wp-content\/uploads\/2023\/12\/muestra-tapa.png\",\"datePublished\":\"2023-12-03T16:35:45+00:00\",\"breadcrumb\":{\"@id\":\"https:\/\/apuntesdesanluis.com\/index.php\/2023\/12\/03\/continua-abierta-la-muestra-por-los-40-anos-de-democracia-en-el-centro-universitario-de-la-unsl\/#breadcrumb\"},\"inLanguage\":\"es-AR\",\"potentialAction\":[{\"@type\":\"ReadAction\",\"target\":[\"https:\/\/apuntesdesanluis.com\/index.php\/2023\/12\/03\/continua-abierta-la-muestra-por-los-40-anos-de-democracia-en-el-centro-universitario-de-la-unsl\/\"]}]},{\"@type\":\"ImageObject\",\"inLanguage\":\"es-AR\",\"@id\":\"https:\/\/apuntesdesanluis.com\/index.php\/2023\/12\/03\/continua-abierta-la-muestra-por-los-40-anos-de-democracia-en-el-centro-universitario-de-la-unsl\/#primaryimage\",\"url\":\"https:\/\/apuntesdesanluis.com\/wp-content\/uploads\/2023\/12\/muestra-tapa.png\",\"contentUrl\":\"https:\/\/apuntesdesanluis.com\/wp-content\/uploads\/2023\/12\/muestra-tapa.png\",\"width\":600,\"height\":412},{\"@type\":\"BreadcrumbList\",\"@id\":\"https:\/\/apuntesdesanluis.com\/index.php\/2023\/12\/03\/continua-abierta-la-muestra-por-los-40-anos-de-democracia-en-el-centro-universitario-de-la-unsl\/#breadcrumb\",\"itemListElement\":[{\"@type\":\"ListItem\",\"position\":1,\"name\":\"Inicio\",\"item\":\"https:\/\/apuntesdesanluis.com\/\"},{\"@type\":\"ListItem\",\"position\":2,\"name\":\"CONTIN\u00daA ABIERTA LA MUESTRA POR LOS 40 A\u00d1OS DE DEMOCRACIA EN EL CENTRO UNIVERSITARIO DE LA UNSL\"}]},{\"@type\":\"WebSite\",\"@id\":\"https:\/\/apuntesdesanluis.com\/#website\",\"url\":\"https:\/\/apuntesdesanluis.com\/\",\"name\":\"Apuntes de San Luis\",\"description\":\"\",\"publisher\":{\"@id\":\"https:\/\/apuntesdesanluis.com\/#\/schema\/person\/b55151d52296fcce64d1a72538a70b90\"},\"potentialAction\":[{\"@type\":\"SearchAction\",\"target\":{\"@type\":\"EntryPoint\",\"urlTemplate\":\"https:\/\/apuntesdesanluis.com\/?s={search_term_string}\"},\"query-input\":{\"@type\":\"PropertyValueSpecification\",\"valueRequired\":true,\"valueName\":\"search_term_string\"}}],\"inLanguage\":\"es-AR\"},{\"@type\":[\"Person\",\"Organization\"],\"@id\":\"https:\/\/apuntesdesanluis.com\/#\/schema\/person\/b55151d52296fcce64d1a72538a70b90\",\"name\":\"apuntesdesanluis.com\",\"image\":{\"@type\":\"ImageObject\",\"inLanguage\":\"es-AR\",\"@id\":\"https:\/\/apuntesdesanluis.com\/#\/schema\/person\/image\/\",\"url\":\"https:\/\/apuntesdesanluis.com\/wp-content\/uploads\/2023\/07\/cropped-apuntesdesanluis.png\",\"contentUrl\":\"https:\/\/apuntesdesanluis.com\/wp-content\/uploads\/2023\/07\/cropped-apuntesdesanluis.png\",\"width\":450,\"height\":112,\"caption\":\"apuntesdesanluis.com\"},\"logo\":{\"@id\":\"https:\/\/apuntesdesanluis.com\/#\/schema\/person\/image\/\"},\"sameAs\":[\"https:\/\/apuntesdesanluis.com\"],\"url\":\"https:\/\/apuntesdesanluis.com\/index.php\/author\/apuntesdesanluis-com\/\"}]}<\/script>\n<!-- \/ Yoast SEO plugin. -->","yoast_head_json":{"title":"CONTIN\u00daA ABIERTA LA MUESTRA POR LOS 40 A\u00d1OS DE DEMOCRACIA EN EL CENTRO UNIVERSITARIO DE LA UNSL - Apuntes de San Luis","robots":{"index":"index","follow":"follow","max-snippet":"max-snippet:-1","max-image-preview":"max-image-preview:large","max-video-preview":"max-video-preview:-1"},"canonical":"https:\/\/apuntesdesanluis.com\/index.php\/2023\/12\/03\/continua-abierta-la-muestra-por-los-40-anos-de-democracia-en-el-centro-universitario-de-la-unsl\/","og_locale":"es_ES","og_type":"article","og_title":"CONTIN\u00daA ABIERTA LA MUESTRA POR LOS 40 A\u00d1OS DE DEMOCRACIA EN EL CENTRO UNIVERSITARIO DE LA UNSL - Apuntes de San Luis","og_description":"M\u00e1s de 40 im\u00e1genes que ilustran los principales hechos hist\u00f3ricos de las d\u00e9cadas que transcurrieron...","og_url":"https:\/\/apuntesdesanluis.com\/index.php\/2023\/12\/03\/continua-abierta-la-muestra-por-los-40-anos-de-democracia-en-el-centro-universitario-de-la-unsl\/","og_site_name":"Apuntes de San Luis","article_published_time":"2023-12-03T16:35:45+00:00","og_image":[{"width":600,"height":412,"url":"https:\/\/apuntesdesanluis.com\/wp-content\/uploads\/2023\/12\/muestra-tapa.png","type":"image\/png"}],"author":"apuntesdesanluis.com","twitter_card":"summary_large_image","twitter_misc":{"Escrito por":"apuntesdesanluis.com","Tiempo de lectura":"4 minutos"},"schema":{"@context":"https:\/\/schema.org","@graph":[{"@type":"Article","@id":"https:\/\/apuntesdesanluis.com\/index.php\/2023\/12\/03\/continua-abierta-la-muestra-por-los-40-anos-de-democracia-en-el-centro-universitario-de-la-unsl\/#article","isPartOf":{"@id":"https:\/\/apuntesdesanluis.com\/index.php\/2023\/12\/03\/continua-abierta-la-muestra-por-los-40-anos-de-democracia-en-el-centro-universitario-de-la-unsl\/"},"author":{"name":"apuntesdesanluis.com","@id":"https:\/\/apuntesdesanluis.com\/#\/schema\/person\/b55151d52296fcce64d1a72538a70b90"},"headline":"CONTIN\u00daA ABIERTA LA MUESTRA POR LOS 40 A\u00d1OS DE DEMOCRACIA EN EL CENTRO UNIVERSITARIO DE LA UNSL","datePublished":"2023-12-03T16:35:45+00:00","mainEntityOfPage":{"@id":"https:\/\/apuntesdesanluis.com\/index.php\/2023\/12\/03\/continua-abierta-la-muestra-por-los-40-anos-de-democracia-en-el-centro-universitario-de-la-unsl\/"},"wordCount":810,"publisher":{"@id":"https:\/\/apuntesdesanluis.com\/#\/schema\/person\/b55151d52296fcce64d1a72538a70b90"},"image":{"@id":"https:\/\/apuntesdesanluis.com\/index.php\/2023\/12\/03\/continua-abierta-la-muestra-por-los-40-anos-de-democracia-en-el-centro-universitario-de-la-unsl\/#primaryimage"},"thumbnailUrl":"https:\/\/apuntesdesanluis.com\/wp-content\/uploads\/2023\/12\/muestra-tapa.png","articleSection":["Ciudad\/Provincia"],"inLanguage":"es-AR"},{"@type":"WebPage","@id":"https:\/\/apuntesdesanluis.com\/index.php\/2023\/12\/03\/continua-abierta-la-muestra-por-los-40-anos-de-democracia-en-el-centro-universitario-de-la-unsl\/","url":"https:\/\/apuntesdesanluis.com\/index.php\/2023\/12\/03\/continua-abierta-la-muestra-por-los-40-anos-de-democracia-en-el-centro-universitario-de-la-unsl\/","name":"CONTIN\u00daA ABIERTA LA MUESTRA POR LOS 40 A\u00d1OS DE DEMOCRACIA EN EL CENTRO UNIVERSITARIO DE LA UNSL - Apuntes de San Luis","isPartOf":{"@id":"https:\/\/apuntesdesanluis.com\/#website"},"primaryImageOfPage":{"@id":"https:\/\/apuntesdesanluis.com\/index.php\/2023\/12\/03\/continua-abierta-la-muestra-por-los-40-anos-de-democracia-en-el-centro-universitario-de-la-unsl\/#primaryimage"},"image":{"@id":"https:\/\/apuntesdesanluis.com\/index.php\/2023\/12\/03\/continua-abierta-la-muestra-por-los-40-anos-de-democracia-en-el-centro-universitario-de-la-unsl\/#primaryimage"},"thumbnailUrl":"https:\/\/apuntesdesanluis.com\/wp-content\/uploads\/2023\/12\/muestra-tapa.png","datePublished":"2023-12-03T16:35:45+00:00","breadcrumb":{"@id":"https:\/\/apuntesdesanluis.com\/index.php\/2023\/12\/03\/continua-abierta-la-muestra-por-los-40-anos-de-democracia-en-el-centro-universitario-de-la-unsl\/#breadcrumb"},"inLanguage":"es-AR","potentialAction":[{"@type":"ReadAction","target":["https:\/\/apuntesdesanluis.com\/index.php\/2023\/12\/03\/continua-abierta-la-muestra-por-los-40-anos-de-democracia-en-el-centro-universitario-de-la-unsl\/"]}]},{"@type":"ImageObject","inLanguage":"es-AR","@id":"https:\/\/apuntesdesanluis.com\/index.php\/2023\/12\/03\/continua-abierta-la-muestra-por-los-40-anos-de-democracia-en-el-centro-universitario-de-la-unsl\/#primaryimage","url":"https:\/\/apuntesdesanluis.com\/wp-content\/uploads\/2023\/12\/muestra-tapa.png","contentUrl":"https:\/\/apuntesdesanluis.com\/wp-content\/uploads\/2023\/12\/muestra-tapa.png","width":600,"height":412},{"@type":"BreadcrumbList","@id":"https:\/\/apuntesdesanluis.com\/index.php\/2023\/12\/03\/continua-abierta-la-muestra-por-los-40-anos-de-democracia-en-el-centro-universitario-de-la-unsl\/#breadcrumb","itemListElement":[{"@type":"ListItem","position":1,"name":"Inicio","item":"https:\/\/apuntesdesanluis.com\/"},{"@type":"ListItem","position":2,"name":"CONTIN\u00daA ABIERTA LA MUESTRA POR LOS 40 A\u00d1OS DE DEMOCRACIA EN EL CENTRO UNIVERSITARIO DE LA UNSL"}]},{"@type":"WebSite","@id":"https:\/\/apuntesdesanluis.com\/#website","url":"https:\/\/apuntesdesanluis.com\/","name":"Apuntes de San Luis","description":"","publisher":{"@id":"https:\/\/apuntesdesanluis.com\/#\/schema\/person\/b55151d52296fcce64d1a72538a70b90"},"potentialAction":[{"@type":"SearchAction","target":{"@type":"EntryPoint","urlTemplate":"https:\/\/apuntesdesanluis.com\/?s={search_term_string}"},"query-input":{"@type":"PropertyValueSpecification","valueRequired":true,"valueName":"search_term_string"}}],"inLanguage":"es-AR"},{"@type":["Person","Organization"],"@id":"https:\/\/apuntesdesanluis.com\/#\/schema\/person\/b55151d52296fcce64d1a72538a70b90","name":"apuntesdesanluis.com","image":{"@type":"ImageObject","inLanguage":"es-AR","@id":"https:\/\/apuntesdesanluis.com\/#\/schema\/person\/image\/","url":"https:\/\/apuntesdesanluis.com\/wp-content\/uploads\/2023\/07\/cropped-apuntesdesanluis.png","contentUrl":"https:\/\/apuntesdesanluis.com\/wp-content\/uploads\/2023\/07\/cropped-apuntesdesanluis.png","width":450,"height":112,"caption":"apuntesdesanluis.com"},"logo":{"@id":"https:\/\/apuntesdesanluis.com\/#\/schema\/person\/image\/"},"sameAs":["https:\/\/apuntesdesanluis.com"],"url":"https:\/\/apuntesdesanluis.com\/index.php\/author\/apuntesdesanluis-com\/"}]}},"featured_image_urls":{"full":["https:\/\/apuntesdesanluis.com\/wp-content\/uploads\/2023\/12\/muestra-tapa.png",600,412,false],"thumbnail":["https:\/\/apuntesdesanluis.com\/wp-content\/uploads\/2023\/12\/muestra-tapa-150x150.png",150,150,true],"medium":["https:\/\/apuntesdesanluis.com\/wp-content\/uploads\/2023\/12\/muestra-tapa-300x206.png",300,206,true],"medium_large":["https:\/\/apuntesdesanluis.com\/wp-content\/uploads\/2023\/12\/muestra-tapa.png",600,412,false],"large":["https:\/\/apuntesdesanluis.com\/wp-content\/uploads\/2023\/12\/muestra-tapa.png",600,412,false],"1536x1536":["https:\/\/apuntesdesanluis.com\/wp-content\/uploads\/2023\/12\/muestra-tapa.png",600,412,false],"2048x2048":["https:\/\/apuntesdesanluis.com\/wp-content\/uploads\/2023\/12\/muestra-tapa.png",600,412,false],"newsever-slider-full":["https:\/\/apuntesdesanluis.com\/wp-content\/uploads\/2023\/12\/muestra-tapa.png",600,412,false],"newsever-featured":["https:\/\/apuntesdesanluis.com\/wp-content\/uploads\/2023\/12\/muestra-tapa.png",600,412,false],"newsever-medium":["https:\/\/apuntesdesanluis.com\/wp-content\/uploads\/2023\/12\/muestra-tapa.png",600,412,false]},"author_info":{"display_name":"apuntesdesanluis.com","author_link":"https:\/\/apuntesdesanluis.com\/index.php\/author\/apuntesdesanluis-com\/"},"category_info":"<a href=\"https:\/\/apuntesdesanluis.com\/index.php\/category\/ciudad-provincia\/\" rel=\"category tag\">Ciudad\/Provincia<\/a>","tag_info":"Ciudad\/Provincia","comment_count":"0","_links":{"self":[{"href":"https:\/\/apuntesdesanluis.com\/index.php\/wp-json\/wp\/v2\/posts\/7742","targetHints":{"allow":["GET"]}}],"collection":[{"href":"https:\/\/apuntesdesanluis.com\/index.php\/wp-json\/wp\/v2\/posts"}],"about":[{"href":"https:\/\/apuntesdesanluis.com\/index.php\/wp-json\/wp\/v2\/types\/post"}],"author":[{"embeddable":true,"href":"https:\/\/apuntesdesanluis.com\/index.php\/wp-json\/wp\/v2\/users\/1"}],"replies":[{"embeddable":true,"href":"https:\/\/apuntesdesanluis.com\/index.php\/wp-json\/wp\/v2\/comments?post=7742"}],"version-history":[{"count":1,"href":"https:\/\/apuntesdesanluis.com\/index.php\/wp-json\/wp\/v2\/posts\/7742\/revisions"}],"predecessor-version":[{"id":7747,"href":"https:\/\/apuntesdesanluis.com\/index.php\/wp-json\/wp\/v2\/posts\/7742\/revisions\/7747"}],"wp:featuredmedia":[{"embeddable":true,"href":"https:\/\/apuntesdesanluis.com\/index.php\/wp-json\/wp\/v2\/media\/7743"}],"wp:attachment":[{"href":"https:\/\/apuntesdesanluis.com\/index.php\/wp-json\/wp\/v2\/media?parent=7742"}],"wp:term":[{"taxonomy":"category","embeddable":true,"href":"https:\/\/apuntesdesanluis.com\/index.php\/wp-json\/wp\/v2\/categories?post=7742"},{"taxonomy":"post_tag","embeddable":true,"href":"https:\/\/apuntesdesanluis.com\/index.php\/wp-json\/wp\/v2\/tags?post=7742"}],"curies":[{"name":"wp","href":"https:\/\/api.w.org\/{rel}","templated":true}]}}