{"id":7751,"date":"2023-12-01T11:45:26","date_gmt":"2023-12-01T14:45:26","guid":{"rendered":"https:\/\/apuntesdesanluis.com\/?p=7751"},"modified":"2023-12-03T13:48:50","modified_gmt":"2023-12-03T16:48:50","slug":"estudiante-de-la-unsl-premiado-por-la-academia-nacional-de-ingenieria","status":"publish","type":"post","link":"https:\/\/apuntesdesanluis.com\/index.php\/2023\/12\/01\/estudiante-de-la-unsl-premiado-por-la-academia-nacional-de-ingenieria\/","title":{"rendered":"ESTUDIANTE DE LA UNSL PREMIADO POR LA ACADEMIA NACIONAL DE INGENIER\u00cdA"},"content":{"rendered":"<h3><strong>Juan Pablo Pe\u00f1aloza<\/strong>, diplomado de honor por la<strong> Facultad de Ingenier\u00eda y Ciencias Agropecuarias<\/strong> (FICA), ser\u00e1 distinguido por la <strong>Academia Nacional de Ingenier\u00eda<\/strong> como uno de los\/as egresados\/as sobresalientes de las carreras de ingenier\u00eda de las universidades argentinas.<\/h3>\n<h3>\u00abLa perseverancia es la clave, m\u00e1s importante que la inteligencia\u00bb. La frase adquiere un significado especial porque la dice un joven estudiante reci\u00e9n recibido de la carrera de <strong>Ingenier\u00eda Electr\u00f3nica con un promedio de 9.43<\/strong>, el m\u00e1s alto de la FICA. \u00abCreo que es un reconocimiento al esfuerzo. Me parece que es algo muy interesante\u00bb, coment\u00f3 escuetamente el joven de 26 a\u00f1os.<\/h3>\n<h3>El premio que le otorgar\u00e1 la Academia Nacional, llamado Ing. Isidoro Mar\u00edn. se entregar\u00e1 en una ceremonia preparada para el 1 de diciembre pr\u00f3ximo en la sede de la instituci\u00f3n, en la Ciudad Aut\u00f3noma de Buenos Aires. Con algunos nervios y expectativas, est\u00e1 preparado para la distinci\u00f3n y el viaje, al que ir\u00e1 acompa\u00f1ado por Maricel, su mam\u00e1.<\/h3>\n<h3>A Juan Pablo desde ni\u00f1o siempre le llamaron la atenci\u00f3n los dispositivos electr\u00f3nicos. Esa orientaci\u00f3n temprana lo llev\u00f3 a estudiar el secundario en el <strong>Colegio N\u00b0 15 Agust\u00edn Mercau<\/strong> y, al momento de decidir una carrera universitaria, eligi\u00f3 la FICA, espec\u00edficamente la carrera de Ingenier\u00eda Electr\u00f3nica \u00abya que era la que m\u00e1s se adaptaba a lo que buscaba y lo m\u00e1s cercano, lo m\u00e1s c\u00f3modo\u00bb, coment\u00f3.<\/h3>\n<h3>Ya cursando la carrera comenz\u00f3 a interesarse por cuestiones m\u00e1s espec\u00edficas \u00abcomo la programaci\u00f3n, los controles o la electr\u00f3nica de potencia\u00bb, cont\u00f3 al recordar parte de los inicios de sus estudios en las aulas y los laboratorios en el campus. Pero tambi\u00e9n los contratiempos: \u00abdurante la carrera, en gran parte, tuve que pasar la pandemia que me ha marcado y dificult\u00f3 el tema de las pr\u00e1cticas. Hubo oportunidades que perdimos por razones l\u00f3gicas. La pandemia influy\u00f3 en la p\u00e9rdida de motivaci\u00f3n, algo que le pas\u00f3 a mucha gente, pero al fin y al cabo pude lograr el objetivo\u00bb.<\/h3>\n<h3>El objetivo lo cumpli\u00f3 este 2023 cuando en el acto de colaci\u00f3n que se realiz\u00f3 en junio, le entregaron el t\u00edtulo de ingeniero electr\u00f3nico, pero con un agregado especial: el Diploma de Honor como mejor promedio, una distinci\u00f3n a la que ahora le va a adicionar otra que le otorgar\u00e1 la Academia Nacional de Ingenier\u00eda.<\/h3>\n<h3>DOCTORADO<\/h3>\n<h3>Apenas se recibi\u00f3, Juan Pablo comenz\u00f3 un doctorado en Ciencias de la Ingenier\u00eda en la Universidad Nacional de R\u00edo Cuarto. \u00abNo he parado, ah\u00ed nom\u00e1s empec\u00e9 otra carrera\u00bb, cont\u00f3. Para ese posgrado, \u00abque se basa en una de las tem\u00e1ticas que m\u00e1s me interesan, como control de convertidores de potencia\u00bb, cuenta con el asesoramiento de docentes de la misma FICA. Incluso, las pr\u00e1cticas las puede realizar en el Laboratorio de Control Autom\u00e1tico de la Facultad donde curs\u00f3 la ingenier\u00eda.<\/h3>\n<h3>\u00abSoy becario doctoral del Conicet. Estoy inscripto en la UNRC, pero los cursos los puedo hacer en diferentes universidades. Incluso, algunos cursos, por la pandemia, han quedado virtuales. De la misma manera, puedo hacer capacitaciones en la Universidad de la Plata\u00ab, aclar\u00f3.<\/h3>\n<h3>\u00bfPara un futuro?. \u00abEn un principio, la investigaci\u00f3n. Aunque siempre me llam\u00f3 la atenci\u00f3n la programaci\u00f3n que es tambi\u00e9n una rama a la cual podr\u00eda dedicarme\u00bb, se\u00f1al\u00f3.<\/h3>\n<h3>AGRADECIMIENTOS<\/h3>\n<h3>Al momento de hacer un balance sobre su paso por la carrera de Ingenier\u00eda Electr\u00f3nica, elogi\u00f3 a los docentes: \u00abson de muy buen nivel. Se nota que saben mucho y lo intentan transmitir de la mejor forma, preocup\u00e1ndose para que entiendas, que no pierdas la motivaci\u00f3n. Porque muchas veces nos enfrentamos a temas dif\u00edciles, abstractos, pero siempre buscan que no pierdas la motivaci\u00f3n por el hecho de no entender algo, siempre te tratan de animarte a seguir\u00bb.<\/h3>\n<h3>En ese sentido, les dej\u00f3 un mensaje a los\/as chicos\/as que ingresan a las carreras de ingenier\u00eda en general: \u00absiempre habr\u00e1 trabas, fallas. Uno puede pasar horas renegando con un c\u00e1lculo, pero la perseverancia es la clave. Es m\u00e1s importante que la inteligencia. No hay que decir \u2018no sirvo\u2019, hay que seguir d\u00e1ndole para adelante porque en alg\u00fan momento todo sale\u00ab.<\/h3>\n<p>&nbsp;<\/p>\n<p>&nbsp;<\/p>\n<p>&nbsp;<\/p>\n<p>&nbsp;<\/p>\n<p>&nbsp;<\/p>\n","protected":false},"excerpt":{"rendered":"<p>Juan Pablo Pe\u00f1aloza, diplomado de honor por la Facultad de Ingenier\u00eda y Ciencias Agropecuarias (FICA),&#8230;<\/p>\n","protected":false},"author":1,"featured_media":7752,"comment_status":"closed","ping_status":"closed","sticky":false,"template":"","format":"standard","meta":{"footnotes":""},"categories":[6],"tags":[],"class_list":["post-7751","post","type-post","status-publish","format-standard","has-post-thumbnail","hentry","category-ciudad-provincia"],"yoast_head":"<!-- This site is optimized with the Yoast SEO plugin v26.1.1 - https:\/\/yoast.com\/wordpress\/plugins\/seo\/ -->\n<title>ESTUDIANTE DE LA UNSL PREMIADO POR LA ACADEMIA NACIONAL DE INGENIER\u00cdA - Apuntes de San Luis<\/title>\n<meta name=\"robots\" content=\"index, follow, max-snippet:-1, max-image-preview:large, max-video-preview:-1\" \/>\n<link rel=\"canonical\" href=\"https:\/\/apuntesdesanluis.com\/index.php\/2023\/12\/01\/estudiante-de-la-unsl-premiado-por-la-academia-nacional-de-ingenieria\/\" \/>\n<meta property=\"og:locale\" content=\"es_ES\" \/>\n<meta property=\"og:type\" content=\"article\" \/>\n<meta property=\"og:title\" content=\"ESTUDIANTE DE LA UNSL PREMIADO POR LA ACADEMIA NACIONAL DE INGENIER\u00cdA - Apuntes de San Luis\" \/>\n<meta property=\"og:description\" content=\"Juan Pablo Pe\u00f1aloza, diplomado de honor por la Facultad de Ingenier\u00eda y Ciencias Agropecuarias (FICA),...\" \/>\n<meta property=\"og:url\" content=\"https:\/\/apuntesdesanluis.com\/index.php\/2023\/12\/01\/estudiante-de-la-unsl-premiado-por-la-academia-nacional-de-ingenieria\/\" \/>\n<meta property=\"og:site_name\" content=\"Apuntes de San Luis\" \/>\n<meta property=\"article:published_time\" content=\"2023-12-01T14:45:26+00:00\" \/>\n<meta property=\"article:modified_time\" content=\"2023-12-03T16:48:50+00:00\" \/>\n<meta property=\"og:image\" content=\"https:\/\/apuntesdesanluis.com\/wp-content\/uploads\/2023\/12\/penaloza.png\" \/>\n\t<meta property=\"og:image:width\" content=\"600\" \/>\n\t<meta property=\"og:image:height\" content=\"368\" \/>\n\t<meta property=\"og:image:type\" content=\"image\/png\" \/>\n<meta name=\"author\" content=\"apuntesdesanluis.com\" \/>\n<meta name=\"twitter:card\" content=\"summary_large_image\" \/>\n<meta name=\"twitter:label1\" content=\"Escrito por\" \/>\n\t<meta name=\"twitter:data1\" content=\"apuntesdesanluis.com\" \/>\n\t<meta name=\"twitter:label2\" content=\"Tiempo de lectura\" \/>\n\t<meta name=\"twitter:data2\" content=\"4 minutos\" \/>\n<script type=\"application\/ld+json\" class=\"yoast-schema-graph\">{\"@context\":\"https:\/\/schema.org\",\"@graph\":[{\"@type\":\"Article\",\"@id\":\"https:\/\/apuntesdesanluis.com\/index.php\/2023\/12\/01\/estudiante-de-la-unsl-premiado-por-la-academia-nacional-de-ingenieria\/#article\",\"isPartOf\":{\"@id\":\"https:\/\/apuntesdesanluis.com\/index.php\/2023\/12\/01\/estudiante-de-la-unsl-premiado-por-la-academia-nacional-de-ingenieria\/\"},\"author\":{\"name\":\"apuntesdesanluis.com\",\"@id\":\"https:\/\/apuntesdesanluis.com\/#\/schema\/person\/b55151d52296fcce64d1a72538a70b90\"},\"headline\":\"ESTUDIANTE DE LA UNSL PREMIADO POR LA ACADEMIA NACIONAL DE INGENIER\u00cdA\",\"datePublished\":\"2023-12-01T14:45:26+00:00\",\"dateModified\":\"2023-12-03T16:48:50+00:00\",\"mainEntityOfPage\":{\"@id\":\"https:\/\/apuntesdesanluis.com\/index.php\/2023\/12\/01\/estudiante-de-la-unsl-premiado-por-la-academia-nacional-de-ingenieria\/\"},\"wordCount\":748,\"publisher\":{\"@id\":\"https:\/\/apuntesdesanluis.com\/#\/schema\/person\/b55151d52296fcce64d1a72538a70b90\"},\"image\":{\"@id\":\"https:\/\/apuntesdesanluis.com\/index.php\/2023\/12\/01\/estudiante-de-la-unsl-premiado-por-la-academia-nacional-de-ingenieria\/#primaryimage\"},\"thumbnailUrl\":\"https:\/\/apuntesdesanluis.com\/wp-content\/uploads\/2023\/12\/penaloza.png\",\"articleSection\":[\"Ciudad\/Provincia\"],\"inLanguage\":\"es-AR\"},{\"@type\":\"WebPage\",\"@id\":\"https:\/\/apuntesdesanluis.com\/index.php\/2023\/12\/01\/estudiante-de-la-unsl-premiado-por-la-academia-nacional-de-ingenieria\/\",\"url\":\"https:\/\/apuntesdesanluis.com\/index.php\/2023\/12\/01\/estudiante-de-la-unsl-premiado-por-la-academia-nacional-de-ingenieria\/\",\"name\":\"ESTUDIANTE DE LA UNSL PREMIADO POR LA ACADEMIA NACIONAL DE INGENIER\u00cdA - Apuntes de San Luis\",\"isPartOf\":{\"@id\":\"https:\/\/apuntesdesanluis.com\/#website\"},\"primaryImageOfPage\":{\"@id\":\"https:\/\/apuntesdesanluis.com\/index.php\/2023\/12\/01\/estudiante-de-la-unsl-premiado-por-la-academia-nacional-de-ingenieria\/#primaryimage\"},\"image\":{\"@id\":\"https:\/\/apuntesdesanluis.com\/index.php\/2023\/12\/01\/estudiante-de-la-unsl-premiado-por-la-academia-nacional-de-ingenieria\/#primaryimage\"},\"thumbnailUrl\":\"https:\/\/apuntesdesanluis.com\/wp-content\/uploads\/2023\/12\/penaloza.png\",\"datePublished\":\"2023-12-01T14:45:26+00:00\",\"dateModified\":\"2023-12-03T16:48:50+00:00\",\"breadcrumb\":{\"@id\":\"https:\/\/apuntesdesanluis.com\/index.php\/2023\/12\/01\/estudiante-de-la-unsl-premiado-por-la-academia-nacional-de-ingenieria\/#breadcrumb\"},\"inLanguage\":\"es-AR\",\"potentialAction\":[{\"@type\":\"ReadAction\",\"target\":[\"https:\/\/apuntesdesanluis.com\/index.php\/2023\/12\/01\/estudiante-de-la-unsl-premiado-por-la-academia-nacional-de-ingenieria\/\"]}]},{\"@type\":\"ImageObject\",\"inLanguage\":\"es-AR\",\"@id\":\"https:\/\/apuntesdesanluis.com\/index.php\/2023\/12\/01\/estudiante-de-la-unsl-premiado-por-la-academia-nacional-de-ingenieria\/#primaryimage\",\"url\":\"https:\/\/apuntesdesanluis.com\/wp-content\/uploads\/2023\/12\/penaloza.png\",\"contentUrl\":\"https:\/\/apuntesdesanluis.com\/wp-content\/uploads\/2023\/12\/penaloza.png\",\"width\":600,\"height\":368},{\"@type\":\"BreadcrumbList\",\"@id\":\"https:\/\/apuntesdesanluis.com\/index.php\/2023\/12\/01\/estudiante-de-la-unsl-premiado-por-la-academia-nacional-de-ingenieria\/#breadcrumb\",\"itemListElement\":[{\"@type\":\"ListItem\",\"position\":1,\"name\":\"Inicio\",\"item\":\"https:\/\/apuntesdesanluis.com\/\"},{\"@type\":\"ListItem\",\"position\":2,\"name\":\"ESTUDIANTE DE LA UNSL PREMIADO POR LA ACADEMIA NACIONAL DE INGENIER\u00cdA\"}]},{\"@type\":\"WebSite\",\"@id\":\"https:\/\/apuntesdesanluis.com\/#website\",\"url\":\"https:\/\/apuntesdesanluis.com\/\",\"name\":\"Apuntes de San Luis\",\"description\":\"\",\"publisher\":{\"@id\":\"https:\/\/apuntesdesanluis.com\/#\/schema\/person\/b55151d52296fcce64d1a72538a70b90\"},\"potentialAction\":[{\"@type\":\"SearchAction\",\"target\":{\"@type\":\"EntryPoint\",\"urlTemplate\":\"https:\/\/apuntesdesanluis.com\/?s={search_term_string}\"},\"query-input\":{\"@type\":\"PropertyValueSpecification\",\"valueRequired\":true,\"valueName\":\"search_term_string\"}}],\"inLanguage\":\"es-AR\"},{\"@type\":[\"Person\",\"Organization\"],\"@id\":\"https:\/\/apuntesdesanluis.com\/#\/schema\/person\/b55151d52296fcce64d1a72538a70b90\",\"name\":\"apuntesdesanluis.com\",\"image\":{\"@type\":\"ImageObject\",\"inLanguage\":\"es-AR\",\"@id\":\"https:\/\/apuntesdesanluis.com\/#\/schema\/person\/image\/\",\"url\":\"https:\/\/apuntesdesanluis.com\/wp-content\/uploads\/2023\/07\/cropped-apuntesdesanluis.png\",\"contentUrl\":\"https:\/\/apuntesdesanluis.com\/wp-content\/uploads\/2023\/07\/cropped-apuntesdesanluis.png\",\"width\":450,\"height\":112,\"caption\":\"apuntesdesanluis.com\"},\"logo\":{\"@id\":\"https:\/\/apuntesdesanluis.com\/#\/schema\/person\/image\/\"},\"sameAs\":[\"https:\/\/apuntesdesanluis.com\"],\"url\":\"https:\/\/apuntesdesanluis.com\/index.php\/author\/apuntesdesanluis-com\/\"}]}<\/script>\n<!-- \/ Yoast SEO plugin. -->","yoast_head_json":{"title":"ESTUDIANTE DE LA UNSL PREMIADO POR LA ACADEMIA NACIONAL DE INGENIER\u00cdA - Apuntes de San Luis","robots":{"index":"index","follow":"follow","max-snippet":"max-snippet:-1","max-image-preview":"max-image-preview:large","max-video-preview":"max-video-preview:-1"},"canonical":"https:\/\/apuntesdesanluis.com\/index.php\/2023\/12\/01\/estudiante-de-la-unsl-premiado-por-la-academia-nacional-de-ingenieria\/","og_locale":"es_ES","og_type":"article","og_title":"ESTUDIANTE DE LA UNSL PREMIADO POR LA ACADEMIA NACIONAL DE INGENIER\u00cdA - Apuntes de San Luis","og_description":"Juan Pablo Pe\u00f1aloza, diplomado de honor por la Facultad de Ingenier\u00eda y Ciencias Agropecuarias (FICA),...","og_url":"https:\/\/apuntesdesanluis.com\/index.php\/2023\/12\/01\/estudiante-de-la-unsl-premiado-por-la-academia-nacional-de-ingenieria\/","og_site_name":"Apuntes de San Luis","article_published_time":"2023-12-01T14:45:26+00:00","article_modified_time":"2023-12-03T16:48:50+00:00","og_image":[{"width":600,"height":368,"url":"https:\/\/apuntesdesanluis.com\/wp-content\/uploads\/2023\/12\/penaloza.png","type":"image\/png"}],"author":"apuntesdesanluis.com","twitter_card":"summary_large_image","twitter_misc":{"Escrito por":"apuntesdesanluis.com","Tiempo de lectura":"4 minutos"},"schema":{"@context":"https:\/\/schema.org","@graph":[{"@type":"Article","@id":"https:\/\/apuntesdesanluis.com\/index.php\/2023\/12\/01\/estudiante-de-la-unsl-premiado-por-la-academia-nacional-de-ingenieria\/#article","isPartOf":{"@id":"https:\/\/apuntesdesanluis.com\/index.php\/2023\/12\/01\/estudiante-de-la-unsl-premiado-por-la-academia-nacional-de-ingenieria\/"},"author":{"name":"apuntesdesanluis.com","@id":"https:\/\/apuntesdesanluis.com\/#\/schema\/person\/b55151d52296fcce64d1a72538a70b90"},"headline":"ESTUDIANTE DE LA UNSL PREMIADO POR LA ACADEMIA NACIONAL DE INGENIER\u00cdA","datePublished":"2023-12-01T14:45:26+00:00","dateModified":"2023-12-03T16:48:50+00:00","mainEntityOfPage":{"@id":"https:\/\/apuntesdesanluis.com\/index.php\/2023\/12\/01\/estudiante-de-la-unsl-premiado-por-la-academia-nacional-de-ingenieria\/"},"wordCount":748,"publisher":{"@id":"https:\/\/apuntesdesanluis.com\/#\/schema\/person\/b55151d52296fcce64d1a72538a70b90"},"image":{"@id":"https:\/\/apuntesdesanluis.com\/index.php\/2023\/12\/01\/estudiante-de-la-unsl-premiado-por-la-academia-nacional-de-ingenieria\/#primaryimage"},"thumbnailUrl":"https:\/\/apuntesdesanluis.com\/wp-content\/uploads\/2023\/12\/penaloza.png","articleSection":["Ciudad\/Provincia"],"inLanguage":"es-AR"},{"@type":"WebPage","@id":"https:\/\/apuntesdesanluis.com\/index.php\/2023\/12\/01\/estudiante-de-la-unsl-premiado-por-la-academia-nacional-de-ingenieria\/","url":"https:\/\/apuntesdesanluis.com\/index.php\/2023\/12\/01\/estudiante-de-la-unsl-premiado-por-la-academia-nacional-de-ingenieria\/","name":"ESTUDIANTE DE LA UNSL PREMIADO POR LA ACADEMIA NACIONAL DE INGENIER\u00cdA - Apuntes de San Luis","isPartOf":{"@id":"https:\/\/apuntesdesanluis.com\/#website"},"primaryImageOfPage":{"@id":"https:\/\/apuntesdesanluis.com\/index.php\/2023\/12\/01\/estudiante-de-la-unsl-premiado-por-la-academia-nacional-de-ingenieria\/#primaryimage"},"image":{"@id":"https:\/\/apuntesdesanluis.com\/index.php\/2023\/12\/01\/estudiante-de-la-unsl-premiado-por-la-academia-nacional-de-ingenieria\/#primaryimage"},"thumbnailUrl":"https:\/\/apuntesdesanluis.com\/wp-content\/uploads\/2023\/12\/penaloza.png","datePublished":"2023-12-01T14:45:26+00:00","dateModified":"2023-12-03T16:48:50+00:00","breadcrumb":{"@id":"https:\/\/apuntesdesanluis.com\/index.php\/2023\/12\/01\/estudiante-de-la-unsl-premiado-por-la-academia-nacional-de-ingenieria\/#breadcrumb"},"inLanguage":"es-AR","potentialAction":[{"@type":"ReadAction","target":["https:\/\/apuntesdesanluis.com\/index.php\/2023\/12\/01\/estudiante-de-la-unsl-premiado-por-la-academia-nacional-de-ingenieria\/"]}]},{"@type":"ImageObject","inLanguage":"es-AR","@id":"https:\/\/apuntesdesanluis.com\/index.php\/2023\/12\/01\/estudiante-de-la-unsl-premiado-por-la-academia-nacional-de-ingenieria\/#primaryimage","url":"https:\/\/apuntesdesanluis.com\/wp-content\/uploads\/2023\/12\/penaloza.png","contentUrl":"https:\/\/apuntesdesanluis.com\/wp-content\/uploads\/2023\/12\/penaloza.png","width":600,"height":368},{"@type":"BreadcrumbList","@id":"https:\/\/apuntesdesanluis.com\/index.php\/2023\/12\/01\/estudiante-de-la-unsl-premiado-por-la-academia-nacional-de-ingenieria\/#breadcrumb","itemListElement":[{"@type":"ListItem","position":1,"name":"Inicio","item":"https:\/\/apuntesdesanluis.com\/"},{"@type":"ListItem","position":2,"name":"ESTUDIANTE DE LA UNSL PREMIADO POR LA ACADEMIA NACIONAL DE INGENIER\u00cdA"}]},{"@type":"WebSite","@id":"https:\/\/apuntesdesanluis.com\/#website","url":"https:\/\/apuntesdesanluis.com\/","name":"Apuntes de San Luis","description":"","publisher":{"@id":"https:\/\/apuntesdesanluis.com\/#\/schema\/person\/b55151d52296fcce64d1a72538a70b90"},"potentialAction":[{"@type":"SearchAction","target":{"@type":"EntryPoint","urlTemplate":"https:\/\/apuntesdesanluis.com\/?s={search_term_string}"},"query-input":{"@type":"PropertyValueSpecification","valueRequired":true,"valueName":"search_term_string"}}],"inLanguage":"es-AR"},{"@type":["Person","Organization"],"@id":"https:\/\/apuntesdesanluis.com\/#\/schema\/person\/b55151d52296fcce64d1a72538a70b90","name":"apuntesdesanluis.com","image":{"@type":"ImageObject","inLanguage":"es-AR","@id":"https:\/\/apuntesdesanluis.com\/#\/schema\/person\/image\/","url":"https:\/\/apuntesdesanluis.com\/wp-content\/uploads\/2023\/07\/cropped-apuntesdesanluis.png","contentUrl":"https:\/\/apuntesdesanluis.com\/wp-content\/uploads\/2023\/07\/cropped-apuntesdesanluis.png","width":450,"height":112,"caption":"apuntesdesanluis.com"},"logo":{"@id":"https:\/\/apuntesdesanluis.com\/#\/schema\/person\/image\/"},"sameAs":["https:\/\/apuntesdesanluis.com"],"url":"https:\/\/apuntesdesanluis.com\/index.php\/author\/apuntesdesanluis-com\/"}]}},"featured_image_urls":{"full":["https:\/\/apuntesdesanluis.com\/wp-content\/uploads\/2023\/12\/penaloza.png",600,368,false],"thumbnail":["https:\/\/apuntesdesanluis.com\/wp-content\/uploads\/2023\/12\/penaloza-150x150.png",150,150,true],"medium":["https:\/\/apuntesdesanluis.com\/wp-content\/uploads\/2023\/12\/penaloza-300x184.png",300,184,true],"medium_large":["https:\/\/apuntesdesanluis.com\/wp-content\/uploads\/2023\/12\/penaloza.png",600,368,false],"large":["https:\/\/apuntesdesanluis.com\/wp-content\/uploads\/2023\/12\/penaloza.png",600,368,false],"1536x1536":["https:\/\/apuntesdesanluis.com\/wp-content\/uploads\/2023\/12\/penaloza.png",600,368,false],"2048x2048":["https:\/\/apuntesdesanluis.com\/wp-content\/uploads\/2023\/12\/penaloza.png",600,368,false],"newsever-slider-full":["https:\/\/apuntesdesanluis.com\/wp-content\/uploads\/2023\/12\/penaloza.png",600,368,false],"newsever-featured":["https:\/\/apuntesdesanluis.com\/wp-content\/uploads\/2023\/12\/penaloza.png",600,368,false],"newsever-medium":["https:\/\/apuntesdesanluis.com\/wp-content\/uploads\/2023\/12\/penaloza.png",600,368,false]},"author_info":{"display_name":"apuntesdesanluis.com","author_link":"https:\/\/apuntesdesanluis.com\/index.php\/author\/apuntesdesanluis-com\/"},"category_info":"<a href=\"https:\/\/apuntesdesanluis.com\/index.php\/category\/ciudad-provincia\/\" rel=\"category tag\">Ciudad\/Provincia<\/a>","tag_info":"Ciudad\/Provincia","comment_count":"0","_links":{"self":[{"href":"https:\/\/apuntesdesanluis.com\/index.php\/wp-json\/wp\/v2\/posts\/7751","targetHints":{"allow":["GET"]}}],"collection":[{"href":"https:\/\/apuntesdesanluis.com\/index.php\/wp-json\/wp\/v2\/posts"}],"about":[{"href":"https:\/\/apuntesdesanluis.com\/index.php\/wp-json\/wp\/v2\/types\/post"}],"author":[{"embeddable":true,"href":"https:\/\/apuntesdesanluis.com\/index.php\/wp-json\/wp\/v2\/users\/1"}],"replies":[{"embeddable":true,"href":"https:\/\/apuntesdesanluis.com\/index.php\/wp-json\/wp\/v2\/comments?post=7751"}],"version-history":[{"count":2,"href":"https:\/\/apuntesdesanluis.com\/index.php\/wp-json\/wp\/v2\/posts\/7751\/revisions"}],"predecessor-version":[{"id":7754,"href":"https:\/\/apuntesdesanluis.com\/index.php\/wp-json\/wp\/v2\/posts\/7751\/revisions\/7754"}],"wp:featuredmedia":[{"embeddable":true,"href":"https:\/\/apuntesdesanluis.com\/index.php\/wp-json\/wp\/v2\/media\/7752"}],"wp:attachment":[{"href":"https:\/\/apuntesdesanluis.com\/index.php\/wp-json\/wp\/v2\/media?parent=7751"}],"wp:term":[{"taxonomy":"category","embeddable":true,"href":"https:\/\/apuntesdesanluis.com\/index.php\/wp-json\/wp\/v2\/categories?post=7751"},{"taxonomy":"post_tag","embeddable":true,"href":"https:\/\/apuntesdesanluis.com\/index.php\/wp-json\/wp\/v2\/tags?post=7751"}],"curies":[{"name":"wp","href":"https:\/\/api.w.org\/{rel}","templated":true}]}}