{"id":7767,"date":"2023-12-03T11:48:47","date_gmt":"2023-12-03T14:48:47","guid":{"rendered":"https:\/\/apuntesdesanluis.com\/?p=7767"},"modified":"2023-12-03T16:50:34","modified_gmt":"2023-12-03T19:50:34","slug":"compromiso-de-claudio-poggi-y-luis-giraudo-con-las-personas-con-discapacidad","status":"publish","type":"post","link":"https:\/\/apuntesdesanluis.com\/index.php\/2023\/12\/03\/compromiso-de-claudio-poggi-y-luis-giraudo-con-las-personas-con-discapacidad\/","title":{"rendered":"COMPROMISO DE CLAUDIO POGGI Y LUIS GIRAUDO CON LAS PERSONAS CON DISCAPACIDAD"},"content":{"rendered":"<h3>El gobernador electo difundi\u00f3 este domingo un spot espont\u00e1neo grabado en su casa, mientras se serv\u00eda un caf\u00e9, para saludar a las personas que padecen alg\u00fan tipo de discapacidad.<\/h3>\n<h3>En el <strong>D\u00eda Internacional de las Personas con Discapacidad<\/strong>, y a una semana de jurar como gobernador, <strong>Claudio Poggi<\/strong> reiter\u00f3 que en sus pol\u00edticas p\u00fablicas esta tem\u00e1tica tendr\u00e1 un lugar preferencial en su agenda diaria.<\/h3>\n<div style=\"width: 480px;\" class=\"wp-video\"><!--[if lt IE 9]><script>document.createElement('video');<\/script><![endif]-->\n<video class=\"wp-video-shortcode\" id=\"video-7767-1\" width=\"480\" height=\"640\" preload=\"metadata\" controls=\"controls\"><source type=\"video\/mp4\" src=\"https:\/\/apuntesdesanluis.com\/wp-content\/uploads\/2023\/12\/407014372_1577592735980275_5332954831857251304_n.mp4?_=1\" \/><a href=\"https:\/\/apuntesdesanluis.com\/wp-content\/uploads\/2023\/12\/407014372_1577592735980275_5332954831857251304_n.mp4\">https:\/\/apuntesdesanluis.com\/wp-content\/uploads\/2023\/12\/407014372_1577592735980275_5332954831857251304_n.mp4<\/a><\/video><\/div>\n<h3><\/h3>\n<h3>Tambi\u00e9n el kinesi\u00f3logo <strong>Luis Giraudo<\/strong>, quien podr\u00eda asumir como Secretario de Discapacidad en la pr\u00f3xima gesti\u00f3n, difundi\u00f3 un spot en el que reafirm\u00f3 \u201csu compromiso de seguir trabajando para mejorar la calidad de vida\u201d de estas personas \u201ce incluirlos integralmente en todos los \u00e1mbitos de la sociedad\u201d.<\/h3>\n<p>&nbsp;<\/p>\n<div style=\"width: 640px;\" class=\"wp-video\"><video class=\"wp-video-shortcode\" id=\"video-7767-2\" width=\"640\" height=\"640\" preload=\"metadata\" controls=\"controls\"><source type=\"video\/mp4\" src=\"https:\/\/apuntesdesanluis.com\/wp-content\/uploads\/2023\/12\/WhatsApp-Video-2023-12-03-at-11.01.16.mp4?_=2\" \/><a href=\"https:\/\/apuntesdesanluis.com\/wp-content\/uploads\/2023\/12\/WhatsApp-Video-2023-12-03-at-11.01.16.mp4\">https:\/\/apuntesdesanluis.com\/wp-content\/uploads\/2023\/12\/WhatsApp-Video-2023-12-03-at-11.01.16.mp4<\/a><\/video><\/div>\n<p>&nbsp;<\/p>\n<p>&nbsp;<\/p>\n<p>&nbsp;<\/p>\n","protected":false},"excerpt":{"rendered":"<p>El gobernador electo difundi\u00f3 este domingo un spot espont\u00e1neo grabado en su casa, mientras se&#8230;<\/p>\n","protected":false},"author":1,"featured_media":7770,"comment_status":"closed","ping_status":"closed","sticky":false,"template":"","format":"standard","meta":{"footnotes":""},"categories":[6],"tags":[],"class_list":["post-7767","post","type-post","status-publish","format-standard","has-post-thumbnail","hentry","category-ciudad-provincia"],"yoast_head":"<!-- This site is optimized with the Yoast SEO plugin v26.1.1 - https:\/\/yoast.com\/wordpress\/plugins\/seo\/ -->\n<title>COMPROMISO DE CLAUDIO POGGI Y LUIS GIRAUDO CON LAS PERSONAS CON DISCAPACIDAD - Apuntes de San Luis<\/title>\n<meta name=\"robots\" content=\"index, follow, max-snippet:-1, max-image-preview:large, max-video-preview:-1\" \/>\n<link rel=\"canonical\" href=\"https:\/\/apuntesdesanluis.com\/index.php\/2023\/12\/03\/compromiso-de-claudio-poggi-y-luis-giraudo-con-las-personas-con-discapacidad\/\" \/>\n<meta property=\"og:locale\" content=\"es_ES\" \/>\n<meta property=\"og:type\" content=\"article\" \/>\n<meta property=\"og:title\" content=\"COMPROMISO DE CLAUDIO POGGI Y LUIS GIRAUDO CON LAS PERSONAS CON DISCAPACIDAD - Apuntes de San Luis\" \/>\n<meta property=\"og:description\" content=\"El gobernador electo difundi\u00f3 este domingo un spot espont\u00e1neo grabado en su casa, mientras se...\" \/>\n<meta property=\"og:url\" content=\"https:\/\/apuntesdesanluis.com\/index.php\/2023\/12\/03\/compromiso-de-claudio-poggi-y-luis-giraudo-con-las-personas-con-discapacidad\/\" \/>\n<meta property=\"og:site_name\" content=\"Apuntes de San Luis\" \/>\n<meta property=\"article:published_time\" content=\"2023-12-03T14:48:47+00:00\" \/>\n<meta property=\"article:modified_time\" content=\"2023-12-03T19:50:34+00:00\" \/>\n<meta property=\"og:image\" content=\"https:\/\/apuntesdesanluis.com\/wp-content\/uploads\/2023\/12\/poggi-y-giraudo-e1701632967387.png\" \/>\n\t<meta property=\"og:image:width\" content=\"619\" \/>\n\t<meta property=\"og:image:height\" content=\"346\" \/>\n\t<meta property=\"og:image:type\" content=\"image\/png\" \/>\n<meta name=\"author\" content=\"apuntesdesanluis.com\" \/>\n<meta name=\"twitter:card\" content=\"summary_large_image\" \/>\n<meta name=\"twitter:label1\" content=\"Escrito por\" \/>\n\t<meta name=\"twitter:data1\" content=\"apuntesdesanluis.com\" \/>\n\t<meta name=\"twitter:label2\" content=\"Tiempo de lectura\" \/>\n\t<meta name=\"twitter:data2\" content=\"1 minuto\" \/>\n<script type=\"application\/ld+json\" class=\"yoast-schema-graph\">{\"@context\":\"https:\/\/schema.org\",\"@graph\":[{\"@type\":\"Article\",\"@id\":\"https:\/\/apuntesdesanluis.com\/index.php\/2023\/12\/03\/compromiso-de-claudio-poggi-y-luis-giraudo-con-las-personas-con-discapacidad\/#article\",\"isPartOf\":{\"@id\":\"https:\/\/apuntesdesanluis.com\/index.php\/2023\/12\/03\/compromiso-de-claudio-poggi-y-luis-giraudo-con-las-personas-con-discapacidad\/\"},\"author\":{\"name\":\"apuntesdesanluis.com\",\"@id\":\"https:\/\/apuntesdesanluis.com\/#\/schema\/person\/b55151d52296fcce64d1a72538a70b90\"},\"headline\":\"COMPROMISO DE CLAUDIO POGGI Y LUIS GIRAUDO CON LAS PERSONAS CON DISCAPACIDAD\",\"datePublished\":\"2023-12-03T14:48:47+00:00\",\"dateModified\":\"2023-12-03T19:50:34+00:00\",\"mainEntityOfPage\":{\"@id\":\"https:\/\/apuntesdesanluis.com\/index.php\/2023\/12\/03\/compromiso-de-claudio-poggi-y-luis-giraudo-con-las-personas-con-discapacidad\/\"},\"wordCount\":166,\"publisher\":{\"@id\":\"https:\/\/apuntesdesanluis.com\/#\/schema\/person\/b55151d52296fcce64d1a72538a70b90\"},\"image\":{\"@id\":\"https:\/\/apuntesdesanluis.com\/index.php\/2023\/12\/03\/compromiso-de-claudio-poggi-y-luis-giraudo-con-las-personas-con-discapacidad\/#primaryimage\"},\"thumbnailUrl\":\"https:\/\/apuntesdesanluis.com\/wp-content\/uploads\/2023\/12\/poggi-y-giraudo-e1701632967387.png\",\"articleSection\":[\"Ciudad\/Provincia\"],\"inLanguage\":\"es-AR\"},{\"@type\":\"WebPage\",\"@id\":\"https:\/\/apuntesdesanluis.com\/index.php\/2023\/12\/03\/compromiso-de-claudio-poggi-y-luis-giraudo-con-las-personas-con-discapacidad\/\",\"url\":\"https:\/\/apuntesdesanluis.com\/index.php\/2023\/12\/03\/compromiso-de-claudio-poggi-y-luis-giraudo-con-las-personas-con-discapacidad\/\",\"name\":\"COMPROMISO DE CLAUDIO POGGI Y LUIS GIRAUDO CON LAS PERSONAS CON DISCAPACIDAD - Apuntes de San Luis\",\"isPartOf\":{\"@id\":\"https:\/\/apuntesdesanluis.com\/#website\"},\"primaryImageOfPage\":{\"@id\":\"https:\/\/apuntesdesanluis.com\/index.php\/2023\/12\/03\/compromiso-de-claudio-poggi-y-luis-giraudo-con-las-personas-con-discapacidad\/#primaryimage\"},\"image\":{\"@id\":\"https:\/\/apuntesdesanluis.com\/index.php\/2023\/12\/03\/compromiso-de-claudio-poggi-y-luis-giraudo-con-las-personas-con-discapacidad\/#primaryimage\"},\"thumbnailUrl\":\"https:\/\/apuntesdesanluis.com\/wp-content\/uploads\/2023\/12\/poggi-y-giraudo-e1701632967387.png\",\"datePublished\":\"2023-12-03T14:48:47+00:00\",\"dateModified\":\"2023-12-03T19:50:34+00:00\",\"breadcrumb\":{\"@id\":\"https:\/\/apuntesdesanluis.com\/index.php\/2023\/12\/03\/compromiso-de-claudio-poggi-y-luis-giraudo-con-las-personas-con-discapacidad\/#breadcrumb\"},\"inLanguage\":\"es-AR\",\"potentialAction\":[{\"@type\":\"ReadAction\",\"target\":[\"https:\/\/apuntesdesanluis.com\/index.php\/2023\/12\/03\/compromiso-de-claudio-poggi-y-luis-giraudo-con-las-personas-con-discapacidad\/\"]}]},{\"@type\":\"ImageObject\",\"inLanguage\":\"es-AR\",\"@id\":\"https:\/\/apuntesdesanluis.com\/index.php\/2023\/12\/03\/compromiso-de-claudio-poggi-y-luis-giraudo-con-las-personas-con-discapacidad\/#primaryimage\",\"url\":\"https:\/\/apuntesdesanluis.com\/wp-content\/uploads\/2023\/12\/poggi-y-giraudo-e1701632967387.png\",\"contentUrl\":\"https:\/\/apuntesdesanluis.com\/wp-content\/uploads\/2023\/12\/poggi-y-giraudo-e1701632967387.png\",\"width\":619,\"height\":346},{\"@type\":\"BreadcrumbList\",\"@id\":\"https:\/\/apuntesdesanluis.com\/index.php\/2023\/12\/03\/compromiso-de-claudio-poggi-y-luis-giraudo-con-las-personas-con-discapacidad\/#breadcrumb\",\"itemListElement\":[{\"@type\":\"ListItem\",\"position\":1,\"name\":\"Inicio\",\"item\":\"https:\/\/apuntesdesanluis.com\/\"},{\"@type\":\"ListItem\",\"position\":2,\"name\":\"COMPROMISO DE CLAUDIO POGGI Y LUIS GIRAUDO CON LAS PERSONAS CON DISCAPACIDAD\"}]},{\"@type\":\"WebSite\",\"@id\":\"https:\/\/apuntesdesanluis.com\/#website\",\"url\":\"https:\/\/apuntesdesanluis.com\/\",\"name\":\"Apuntes de San Luis\",\"description\":\"\",\"publisher\":{\"@id\":\"https:\/\/apuntesdesanluis.com\/#\/schema\/person\/b55151d52296fcce64d1a72538a70b90\"},\"potentialAction\":[{\"@type\":\"SearchAction\",\"target\":{\"@type\":\"EntryPoint\",\"urlTemplate\":\"https:\/\/apuntesdesanluis.com\/?s={search_term_string}\"},\"query-input\":{\"@type\":\"PropertyValueSpecification\",\"valueRequired\":true,\"valueName\":\"search_term_string\"}}],\"inLanguage\":\"es-AR\"},{\"@type\":[\"Person\",\"Organization\"],\"@id\":\"https:\/\/apuntesdesanluis.com\/#\/schema\/person\/b55151d52296fcce64d1a72538a70b90\",\"name\":\"apuntesdesanluis.com\",\"image\":{\"@type\":\"ImageObject\",\"inLanguage\":\"es-AR\",\"@id\":\"https:\/\/apuntesdesanluis.com\/#\/schema\/person\/image\/\",\"url\":\"https:\/\/apuntesdesanluis.com\/wp-content\/uploads\/2023\/07\/cropped-apuntesdesanluis.png\",\"contentUrl\":\"https:\/\/apuntesdesanluis.com\/wp-content\/uploads\/2023\/07\/cropped-apuntesdesanluis.png\",\"width\":450,\"height\":112,\"caption\":\"apuntesdesanluis.com\"},\"logo\":{\"@id\":\"https:\/\/apuntesdesanluis.com\/#\/schema\/person\/image\/\"},\"sameAs\":[\"https:\/\/apuntesdesanluis.com\"],\"url\":\"https:\/\/apuntesdesanluis.com\/index.php\/author\/apuntesdesanluis-com\/\"}]}<\/script>\n<!-- \/ Yoast SEO plugin. -->","yoast_head_json":{"title":"COMPROMISO DE CLAUDIO POGGI Y LUIS GIRAUDO CON LAS PERSONAS CON DISCAPACIDAD - Apuntes de San Luis","robots":{"index":"index","follow":"follow","max-snippet":"max-snippet:-1","max-image-preview":"max-image-preview:large","max-video-preview":"max-video-preview:-1"},"canonical":"https:\/\/apuntesdesanluis.com\/index.php\/2023\/12\/03\/compromiso-de-claudio-poggi-y-luis-giraudo-con-las-personas-con-discapacidad\/","og_locale":"es_ES","og_type":"article","og_title":"COMPROMISO DE CLAUDIO POGGI Y LUIS GIRAUDO CON LAS PERSONAS CON DISCAPACIDAD - Apuntes de San Luis","og_description":"El gobernador electo difundi\u00f3 este domingo un spot espont\u00e1neo grabado en su casa, mientras se...","og_url":"https:\/\/apuntesdesanluis.com\/index.php\/2023\/12\/03\/compromiso-de-claudio-poggi-y-luis-giraudo-con-las-personas-con-discapacidad\/","og_site_name":"Apuntes de San Luis","article_published_time":"2023-12-03T14:48:47+00:00","article_modified_time":"2023-12-03T19:50:34+00:00","og_image":[{"width":619,"height":346,"url":"https:\/\/apuntesdesanluis.com\/wp-content\/uploads\/2023\/12\/poggi-y-giraudo-e1701632967387.png","type":"image\/png"}],"author":"apuntesdesanluis.com","twitter_card":"summary_large_image","twitter_misc":{"Escrito por":"apuntesdesanluis.com","Tiempo de lectura":"1 minuto"},"schema":{"@context":"https:\/\/schema.org","@graph":[{"@type":"Article","@id":"https:\/\/apuntesdesanluis.com\/index.php\/2023\/12\/03\/compromiso-de-claudio-poggi-y-luis-giraudo-con-las-personas-con-discapacidad\/#article","isPartOf":{"@id":"https:\/\/apuntesdesanluis.com\/index.php\/2023\/12\/03\/compromiso-de-claudio-poggi-y-luis-giraudo-con-las-personas-con-discapacidad\/"},"author":{"name":"apuntesdesanluis.com","@id":"https:\/\/apuntesdesanluis.com\/#\/schema\/person\/b55151d52296fcce64d1a72538a70b90"},"headline":"COMPROMISO DE CLAUDIO POGGI Y LUIS GIRAUDO CON LAS PERSONAS CON DISCAPACIDAD","datePublished":"2023-12-03T14:48:47+00:00","dateModified":"2023-12-03T19:50:34+00:00","mainEntityOfPage":{"@id":"https:\/\/apuntesdesanluis.com\/index.php\/2023\/12\/03\/compromiso-de-claudio-poggi-y-luis-giraudo-con-las-personas-con-discapacidad\/"},"wordCount":166,"publisher":{"@id":"https:\/\/apuntesdesanluis.com\/#\/schema\/person\/b55151d52296fcce64d1a72538a70b90"},"image":{"@id":"https:\/\/apuntesdesanluis.com\/index.php\/2023\/12\/03\/compromiso-de-claudio-poggi-y-luis-giraudo-con-las-personas-con-discapacidad\/#primaryimage"},"thumbnailUrl":"https:\/\/apuntesdesanluis.com\/wp-content\/uploads\/2023\/12\/poggi-y-giraudo-e1701632967387.png","articleSection":["Ciudad\/Provincia"],"inLanguage":"es-AR"},{"@type":"WebPage","@id":"https:\/\/apuntesdesanluis.com\/index.php\/2023\/12\/03\/compromiso-de-claudio-poggi-y-luis-giraudo-con-las-personas-con-discapacidad\/","url":"https:\/\/apuntesdesanluis.com\/index.php\/2023\/12\/03\/compromiso-de-claudio-poggi-y-luis-giraudo-con-las-personas-con-discapacidad\/","name":"COMPROMISO DE CLAUDIO POGGI Y LUIS GIRAUDO CON LAS PERSONAS CON DISCAPACIDAD - Apuntes de San Luis","isPartOf":{"@id":"https:\/\/apuntesdesanluis.com\/#website"},"primaryImageOfPage":{"@id":"https:\/\/apuntesdesanluis.com\/index.php\/2023\/12\/03\/compromiso-de-claudio-poggi-y-luis-giraudo-con-las-personas-con-discapacidad\/#primaryimage"},"image":{"@id":"https:\/\/apuntesdesanluis.com\/index.php\/2023\/12\/03\/compromiso-de-claudio-poggi-y-luis-giraudo-con-las-personas-con-discapacidad\/#primaryimage"},"thumbnailUrl":"https:\/\/apuntesdesanluis.com\/wp-content\/uploads\/2023\/12\/poggi-y-giraudo-e1701632967387.png","datePublished":"2023-12-03T14:48:47+00:00","dateModified":"2023-12-03T19:50:34+00:00","breadcrumb":{"@id":"https:\/\/apuntesdesanluis.com\/index.php\/2023\/12\/03\/compromiso-de-claudio-poggi-y-luis-giraudo-con-las-personas-con-discapacidad\/#breadcrumb"},"inLanguage":"es-AR","potentialAction":[{"@type":"ReadAction","target":["https:\/\/apuntesdesanluis.com\/index.php\/2023\/12\/03\/compromiso-de-claudio-poggi-y-luis-giraudo-con-las-personas-con-discapacidad\/"]}]},{"@type":"ImageObject","inLanguage":"es-AR","@id":"https:\/\/apuntesdesanluis.com\/index.php\/2023\/12\/03\/compromiso-de-claudio-poggi-y-luis-giraudo-con-las-personas-con-discapacidad\/#primaryimage","url":"https:\/\/apuntesdesanluis.com\/wp-content\/uploads\/2023\/12\/poggi-y-giraudo-e1701632967387.png","contentUrl":"https:\/\/apuntesdesanluis.com\/wp-content\/uploads\/2023\/12\/poggi-y-giraudo-e1701632967387.png","width":619,"height":346},{"@type":"BreadcrumbList","@id":"https:\/\/apuntesdesanluis.com\/index.php\/2023\/12\/03\/compromiso-de-claudio-poggi-y-luis-giraudo-con-las-personas-con-discapacidad\/#breadcrumb","itemListElement":[{"@type":"ListItem","position":1,"name":"Inicio","item":"https:\/\/apuntesdesanluis.com\/"},{"@type":"ListItem","position":2,"name":"COMPROMISO DE CLAUDIO POGGI Y LUIS GIRAUDO CON LAS PERSONAS CON DISCAPACIDAD"}]},{"@type":"WebSite","@id":"https:\/\/apuntesdesanluis.com\/#website","url":"https:\/\/apuntesdesanluis.com\/","name":"Apuntes de San Luis","description":"","publisher":{"@id":"https:\/\/apuntesdesanluis.com\/#\/schema\/person\/b55151d52296fcce64d1a72538a70b90"},"potentialAction":[{"@type":"SearchAction","target":{"@type":"EntryPoint","urlTemplate":"https:\/\/apuntesdesanluis.com\/?s={search_term_string}"},"query-input":{"@type":"PropertyValueSpecification","valueRequired":true,"valueName":"search_term_string"}}],"inLanguage":"es-AR"},{"@type":["Person","Organization"],"@id":"https:\/\/apuntesdesanluis.com\/#\/schema\/person\/b55151d52296fcce64d1a72538a70b90","name":"apuntesdesanluis.com","image":{"@type":"ImageObject","inLanguage":"es-AR","@id":"https:\/\/apuntesdesanluis.com\/#\/schema\/person\/image\/","url":"https:\/\/apuntesdesanluis.com\/wp-content\/uploads\/2023\/07\/cropped-apuntesdesanluis.png","contentUrl":"https:\/\/apuntesdesanluis.com\/wp-content\/uploads\/2023\/07\/cropped-apuntesdesanluis.png","width":450,"height":112,"caption":"apuntesdesanluis.com"},"logo":{"@id":"https:\/\/apuntesdesanluis.com\/#\/schema\/person\/image\/"},"sameAs":["https:\/\/apuntesdesanluis.com"],"url":"https:\/\/apuntesdesanluis.com\/index.php\/author\/apuntesdesanluis-com\/"}]}},"featured_image_urls":{"full":["https:\/\/apuntesdesanluis.com\/wp-content\/uploads\/2023\/12\/poggi-y-giraudo-e1701632967387.png",619,346,false],"thumbnail":["https:\/\/apuntesdesanluis.com\/wp-content\/uploads\/2023\/12\/poggi-y-giraudo-e1701632967387-150x150.png",150,150,true],"medium":["https:\/\/apuntesdesanluis.com\/wp-content\/uploads\/2023\/12\/poggi-y-giraudo-e1701632967387-300x168.png",300,168,true],"medium_large":["https:\/\/apuntesdesanluis.com\/wp-content\/uploads\/2023\/12\/poggi-y-giraudo-e1701632967387.png",619,346,false],"large":["https:\/\/apuntesdesanluis.com\/wp-content\/uploads\/2023\/12\/poggi-y-giraudo-e1701632967387.png",619,346,false],"1536x1536":["https:\/\/apuntesdesanluis.com\/wp-content\/uploads\/2023\/12\/poggi-y-giraudo-e1701632967387.png",619,346,false],"2048x2048":["https:\/\/apuntesdesanluis.com\/wp-content\/uploads\/2023\/12\/poggi-y-giraudo-e1701632967387.png",619,346,false],"newsever-slider-full":["https:\/\/apuntesdesanluis.com\/wp-content\/uploads\/2023\/12\/poggi-y-giraudo-e1701632967387.png",619,346,false],"newsever-featured":["https:\/\/apuntesdesanluis.com\/wp-content\/uploads\/2023\/12\/poggi-y-giraudo-e1701632967387.png",619,346,false],"newsever-medium":["https:\/\/apuntesdesanluis.com\/wp-content\/uploads\/2023\/12\/poggi-y-giraudo-e1701632967387.png",619,346,false]},"author_info":{"display_name":"apuntesdesanluis.com","author_link":"https:\/\/apuntesdesanluis.com\/index.php\/author\/apuntesdesanluis-com\/"},"category_info":"<a href=\"https:\/\/apuntesdesanluis.com\/index.php\/category\/ciudad-provincia\/\" rel=\"category tag\">Ciudad\/Provincia<\/a>","tag_info":"Ciudad\/Provincia","comment_count":"0","_links":{"self":[{"href":"https:\/\/apuntesdesanluis.com\/index.php\/wp-json\/wp\/v2\/posts\/7767","targetHints":{"allow":["GET"]}}],"collection":[{"href":"https:\/\/apuntesdesanluis.com\/index.php\/wp-json\/wp\/v2\/posts"}],"about":[{"href":"https:\/\/apuntesdesanluis.com\/index.php\/wp-json\/wp\/v2\/types\/post"}],"author":[{"embeddable":true,"href":"https:\/\/apuntesdesanluis.com\/index.php\/wp-json\/wp\/v2\/users\/1"}],"replies":[{"embeddable":true,"href":"https:\/\/apuntesdesanluis.com\/index.php\/wp-json\/wp\/v2\/comments?post=7767"}],"version-history":[{"count":2,"href":"https:\/\/apuntesdesanluis.com\/index.php\/wp-json\/wp\/v2\/posts\/7767\/revisions"}],"predecessor-version":[{"id":7772,"href":"https:\/\/apuntesdesanluis.com\/index.php\/wp-json\/wp\/v2\/posts\/7767\/revisions\/7772"}],"wp:featuredmedia":[{"embeddable":true,"href":"https:\/\/apuntesdesanluis.com\/index.php\/wp-json\/wp\/v2\/media\/7770"}],"wp:attachment":[{"href":"https:\/\/apuntesdesanluis.com\/index.php\/wp-json\/wp\/v2\/media?parent=7767"}],"wp:term":[{"taxonomy":"category","embeddable":true,"href":"https:\/\/apuntesdesanluis.com\/index.php\/wp-json\/wp\/v2\/categories?post=7767"},{"taxonomy":"post_tag","embeddable":true,"href":"https:\/\/apuntesdesanluis.com\/index.php\/wp-json\/wp\/v2\/tags?post=7767"}],"curies":[{"name":"wp","href":"https:\/\/api.w.org\/{rel}","templated":true}]}}