{"id":7773,"date":"2023-12-03T17:00:36","date_gmt":"2023-12-03T20:00:36","guid":{"rendered":"https:\/\/apuntesdesanluis.com\/?p=7773"},"modified":"2023-12-03T17:00:36","modified_gmt":"2023-12-03T20:00:36","slug":"fernandez-el-acuerdo-mercosur-union-europea-aun-no-se-firmo-por-resistencia-de-europa","status":"publish","type":"post","link":"https:\/\/apuntesdesanluis.com\/index.php\/2023\/12\/03\/fernandez-el-acuerdo-mercosur-union-europea-aun-no-se-firmo-por-resistencia-de-europa\/","title":{"rendered":"FERN\u00c1NDEZ: &#8220;EL ACUERDO MERCOSUR-UNI\u00d3N EUROPEA A\u00daN NO SE FIRM\u00d3 POR RESISTENCIA DE EUROPA&#8221;"},"content":{"rendered":"<h3>El presidente <strong>Alberto Fern\u00e1ndez<\/strong> remarc\u00f3 este domingo que el acuerdo entre el Mercosur y la Uni\u00f3n Europa a\u00fan no se firm\u00f3 porque &#8220;encontr\u00f3 resistencia dentro de Europa&#8221; y, si bien manifest\u00f3 su intenci\u00f3n de suscribir ese convenio, llam\u00f3 a debatir primero &#8220;determinadas condiciones que permitan sostener y hacer crecer nuestras industrias&#8221;.<\/h3>\n<h3>&#8220;El acuerdo Mercosur-Uni\u00f3n Europea no se ha firmado no porque Argentina no quiera sino porque encontr\u00f3 resistencia dentro de Europa&#8221;, se\u00f1al\u00f3 el Presidente en di\u00e1logo con Radio Futurock.<\/h3>\n<h3>Fern\u00e1ndez aclar\u00f3 que su intenci\u00f3n es &#8220;firmarlo&#8221; porque cree que &#8220;geopol\u00edticamente es correcto un acuerdo&#8221; entre ambos bloques, pero advirti\u00f3 que para hacerlo quiere discutir antes &#8220;determinadas condiciones que nos permitan sostener y hacer crecer nuestras industrias&#8221;.<\/h3>\n<h3>&#8220;Quiero discutir algo que le sirva a los argentinos, es un acuerdo entre dos regiones, hay intereses que tener en cuenta&#8221;, agreg\u00f3.<\/h3>\n<h3>Fern\u00e1ndez asistir\u00e1 el mi\u00e9rcoles y jueves pr\u00f3ximos a la Cumbre del Mercado Com\u00fan del Sur (Mercosur) en R\u00edo de Janeiro, en su \u00faltima actividad antes de la finalizaci\u00f3n de su mandato, el 10 de diciembre, cuando entregue el poder al mandatario electo Javier Milei.<\/h3>\n<h3>La mayor expectativa de ese encuentro est\u00e1 puesta en la posibilidad de cerrar el acuerdo comercial entre la Uni\u00f3n Europea y el Mercosur, para el que todav\u00eda las negociaciones est\u00e1n en curso.<\/h3>\n<h3>Por otro lado, consultado sobre el \u00edndice de pobreza en el plano dom\u00e9stico, afirm\u00f3 que tiene &#8220;en claro que ha crecido&#8221; durante su gesti\u00f3n pero manifest\u00f3 que su &#8220;duda&#8221; es si &#8220;esos son los n\u00fameros exactos&#8221;.<\/h3>\n<h3>&#8220;Tengo dudas del m\u00e9todo de la cuenta&#8221;, dijo y manifest\u00f3 que le traslad\u00f3 esa inquietud &#8220;hace mucho tiempo&#8221; al director del Indec, Marco Lavagna, aunque aclar\u00f3 que como presidente &#8220;nunca&#8221; corrigi\u00f3 el sistema de medici\u00f3n &#8220;para que nadie piense que lo estoy haciendo en mi beneficio&#8221;.<\/h3>\n<h3>Adem\u00e1s, desminti\u00f3 que se vaya a &#8220;vivir a Espa\u00f1a&#8221; tras finalizar su mandato y afirm\u00f3 que va a &#8220;dar clases&#8221; y quedarse &#8220;unos meses&#8221; en el pa\u00eds ib\u00e9rico durante &#8220;el verano argentino&#8221;.<\/h3>\n<h3>Pero s\u00ed admiti\u00f3 que busca &#8220;preservar&#8221; a su hijo menor Francisco, de un a\u00f1o y medio, para &#8220;sacarlo&#8221; del &#8220;ambiente tan nocivo&#8221; en Argentina &#8220;de confrontaci\u00f3n permanente&#8221;.<\/h3>\n<h3>&#8220;Termin\u00f3 mi vocaci\u00f3n de postularme a cargos p\u00fablicos porque ya alcanc\u00e9 la presidente&#8221;, revel\u00f3 al ser consultado sobre su futuro en la pol\u00edtica, y asegur\u00f3 que, pese a esa decisi\u00f3n, estar\u00e1 &#8220;dando pelea para que no destruyan lo que hemos hecho&#8221;.<\/h3>\n<p>&nbsp;<\/p>\n<p>&nbsp;<\/p>\n<p>&nbsp;<\/p>\n<p>&nbsp;<\/p>\n","protected":false},"excerpt":{"rendered":"<p>El presidente Alberto Fern\u00e1ndez remarc\u00f3 este domingo que el acuerdo entre el Mercosur y la&#8230;<\/p>\n","protected":false},"author":1,"featured_media":56,"comment_status":"closed","ping_status":"closed","sticky":false,"template":"","format":"standard","meta":{"footnotes":""},"categories":[5],"tags":[],"class_list":["post-7773","post","type-post","status-publish","format-standard","has-post-thumbnail","hentry","category-nacionales-internacionales"],"yoast_head":"<!-- This site is optimized with the Yoast SEO plugin v26.1.1 - https:\/\/yoast.com\/wordpress\/plugins\/seo\/ -->\n<title>FERN\u00c1NDEZ: &quot;EL ACUERDO MERCOSUR-UNI\u00d3N EUROPEA A\u00daN NO SE FIRM\u00d3 POR RESISTENCIA DE EUROPA&quot; - Apuntes de San Luis<\/title>\n<meta name=\"robots\" content=\"index, follow, max-snippet:-1, max-image-preview:large, max-video-preview:-1\" \/>\n<link rel=\"canonical\" href=\"https:\/\/apuntesdesanluis.com\/index.php\/2023\/12\/03\/fernandez-el-acuerdo-mercosur-union-europea-aun-no-se-firmo-por-resistencia-de-europa\/\" \/>\n<meta property=\"og:locale\" content=\"es_ES\" \/>\n<meta property=\"og:type\" content=\"article\" \/>\n<meta property=\"og:title\" content=\"FERN\u00c1NDEZ: &quot;EL ACUERDO MERCOSUR-UNI\u00d3N EUROPEA A\u00daN NO SE FIRM\u00d3 POR RESISTENCIA DE EUROPA&quot; - Apuntes de San Luis\" \/>\n<meta property=\"og:description\" content=\"El presidente Alberto Fern\u00e1ndez remarc\u00f3 este domingo que el acuerdo entre el Mercosur y la...\" \/>\n<meta property=\"og:url\" content=\"https:\/\/apuntesdesanluis.com\/index.php\/2023\/12\/03\/fernandez-el-acuerdo-mercosur-union-europea-aun-no-se-firmo-por-resistencia-de-europa\/\" \/>\n<meta property=\"og:site_name\" content=\"Apuntes de San Luis\" \/>\n<meta property=\"article:published_time\" content=\"2023-12-03T20:00:36+00:00\" \/>\n<meta property=\"og:image\" content=\"https:\/\/apuntesdesanluis.com\/wp-content\/uploads\/2023\/07\/alberto-fernandez.jpg\" \/>\n\t<meta property=\"og:image:width\" content=\"716\" \/>\n\t<meta property=\"og:image:height\" content=\"420\" \/>\n\t<meta property=\"og:image:type\" content=\"image\/jpeg\" \/>\n<meta name=\"author\" content=\"apuntesdesanluis.com\" \/>\n<meta name=\"twitter:card\" content=\"summary_large_image\" \/>\n<meta name=\"twitter:label1\" content=\"Escrito por\" \/>\n\t<meta name=\"twitter:data1\" content=\"apuntesdesanluis.com\" \/>\n\t<meta name=\"twitter:label2\" content=\"Tiempo de lectura\" \/>\n\t<meta name=\"twitter:data2\" content=\"2 minutos\" \/>\n<script type=\"application\/ld+json\" class=\"yoast-schema-graph\">{\"@context\":\"https:\/\/schema.org\",\"@graph\":[{\"@type\":\"Article\",\"@id\":\"https:\/\/apuntesdesanluis.com\/index.php\/2023\/12\/03\/fernandez-el-acuerdo-mercosur-union-europea-aun-no-se-firmo-por-resistencia-de-europa\/#article\",\"isPartOf\":{\"@id\":\"https:\/\/apuntesdesanluis.com\/index.php\/2023\/12\/03\/fernandez-el-acuerdo-mercosur-union-europea-aun-no-se-firmo-por-resistencia-de-europa\/\"},\"author\":{\"name\":\"apuntesdesanluis.com\",\"@id\":\"https:\/\/apuntesdesanluis.com\/#\/schema\/person\/b55151d52296fcce64d1a72538a70b90\"},\"headline\":\"FERN\u00c1NDEZ: &#8220;EL ACUERDO MERCOSUR-UNI\u00d3N EUROPEA A\u00daN NO SE FIRM\u00d3 POR RESISTENCIA DE EUROPA&#8221;\",\"datePublished\":\"2023-12-03T20:00:36+00:00\",\"mainEntityOfPage\":{\"@id\":\"https:\/\/apuntesdesanluis.com\/index.php\/2023\/12\/03\/fernandez-el-acuerdo-mercosur-union-europea-aun-no-se-firmo-por-resistencia-de-europa\/\"},\"wordCount\":449,\"publisher\":{\"@id\":\"https:\/\/apuntesdesanluis.com\/#\/schema\/person\/b55151d52296fcce64d1a72538a70b90\"},\"image\":{\"@id\":\"https:\/\/apuntesdesanluis.com\/index.php\/2023\/12\/03\/fernandez-el-acuerdo-mercosur-union-europea-aun-no-se-firmo-por-resistencia-de-europa\/#primaryimage\"},\"thumbnailUrl\":\"https:\/\/apuntesdesanluis.com\/wp-content\/uploads\/2023\/07\/alberto-fernandez.jpg\",\"articleSection\":[\"Nacionales\/Internacionales\"],\"inLanguage\":\"es-AR\"},{\"@type\":\"WebPage\",\"@id\":\"https:\/\/apuntesdesanluis.com\/index.php\/2023\/12\/03\/fernandez-el-acuerdo-mercosur-union-europea-aun-no-se-firmo-por-resistencia-de-europa\/\",\"url\":\"https:\/\/apuntesdesanluis.com\/index.php\/2023\/12\/03\/fernandez-el-acuerdo-mercosur-union-europea-aun-no-se-firmo-por-resistencia-de-europa\/\",\"name\":\"FERN\u00c1NDEZ: \\\"EL ACUERDO MERCOSUR-UNI\u00d3N EUROPEA A\u00daN NO SE FIRM\u00d3 POR RESISTENCIA DE EUROPA\\\" - Apuntes de San Luis\",\"isPartOf\":{\"@id\":\"https:\/\/apuntesdesanluis.com\/#website\"},\"primaryImageOfPage\":{\"@id\":\"https:\/\/apuntesdesanluis.com\/index.php\/2023\/12\/03\/fernandez-el-acuerdo-mercosur-union-europea-aun-no-se-firmo-por-resistencia-de-europa\/#primaryimage\"},\"image\":{\"@id\":\"https:\/\/apuntesdesanluis.com\/index.php\/2023\/12\/03\/fernandez-el-acuerdo-mercosur-union-europea-aun-no-se-firmo-por-resistencia-de-europa\/#primaryimage\"},\"thumbnailUrl\":\"https:\/\/apuntesdesanluis.com\/wp-content\/uploads\/2023\/07\/alberto-fernandez.jpg\",\"datePublished\":\"2023-12-03T20:00:36+00:00\",\"breadcrumb\":{\"@id\":\"https:\/\/apuntesdesanluis.com\/index.php\/2023\/12\/03\/fernandez-el-acuerdo-mercosur-union-europea-aun-no-se-firmo-por-resistencia-de-europa\/#breadcrumb\"},\"inLanguage\":\"es-AR\",\"potentialAction\":[{\"@type\":\"ReadAction\",\"target\":[\"https:\/\/apuntesdesanluis.com\/index.php\/2023\/12\/03\/fernandez-el-acuerdo-mercosur-union-europea-aun-no-se-firmo-por-resistencia-de-europa\/\"]}]},{\"@type\":\"ImageObject\",\"inLanguage\":\"es-AR\",\"@id\":\"https:\/\/apuntesdesanluis.com\/index.php\/2023\/12\/03\/fernandez-el-acuerdo-mercosur-union-europea-aun-no-se-firmo-por-resistencia-de-europa\/#primaryimage\",\"url\":\"https:\/\/apuntesdesanluis.com\/wp-content\/uploads\/2023\/07\/alberto-fernandez.jpg\",\"contentUrl\":\"https:\/\/apuntesdesanluis.com\/wp-content\/uploads\/2023\/07\/alberto-fernandez.jpg\",\"width\":716,\"height\":420},{\"@type\":\"BreadcrumbList\",\"@id\":\"https:\/\/apuntesdesanluis.com\/index.php\/2023\/12\/03\/fernandez-el-acuerdo-mercosur-union-europea-aun-no-se-firmo-por-resistencia-de-europa\/#breadcrumb\",\"itemListElement\":[{\"@type\":\"ListItem\",\"position\":1,\"name\":\"Inicio\",\"item\":\"https:\/\/apuntesdesanluis.com\/\"},{\"@type\":\"ListItem\",\"position\":2,\"name\":\"FERN\u00c1NDEZ: &#8220;EL ACUERDO MERCOSUR-UNI\u00d3N EUROPEA A\u00daN NO SE FIRM\u00d3 POR RESISTENCIA DE EUROPA&#8221;\"}]},{\"@type\":\"WebSite\",\"@id\":\"https:\/\/apuntesdesanluis.com\/#website\",\"url\":\"https:\/\/apuntesdesanluis.com\/\",\"name\":\"Apuntes de San Luis\",\"description\":\"\",\"publisher\":{\"@id\":\"https:\/\/apuntesdesanluis.com\/#\/schema\/person\/b55151d52296fcce64d1a72538a70b90\"},\"potentialAction\":[{\"@type\":\"SearchAction\",\"target\":{\"@type\":\"EntryPoint\",\"urlTemplate\":\"https:\/\/apuntesdesanluis.com\/?s={search_term_string}\"},\"query-input\":{\"@type\":\"PropertyValueSpecification\",\"valueRequired\":true,\"valueName\":\"search_term_string\"}}],\"inLanguage\":\"es-AR\"},{\"@type\":[\"Person\",\"Organization\"],\"@id\":\"https:\/\/apuntesdesanluis.com\/#\/schema\/person\/b55151d52296fcce64d1a72538a70b90\",\"name\":\"apuntesdesanluis.com\",\"image\":{\"@type\":\"ImageObject\",\"inLanguage\":\"es-AR\",\"@id\":\"https:\/\/apuntesdesanluis.com\/#\/schema\/person\/image\/\",\"url\":\"https:\/\/apuntesdesanluis.com\/wp-content\/uploads\/2023\/07\/cropped-apuntesdesanluis.png\",\"contentUrl\":\"https:\/\/apuntesdesanluis.com\/wp-content\/uploads\/2023\/07\/cropped-apuntesdesanluis.png\",\"width\":450,\"height\":112,\"caption\":\"apuntesdesanluis.com\"},\"logo\":{\"@id\":\"https:\/\/apuntesdesanluis.com\/#\/schema\/person\/image\/\"},\"sameAs\":[\"https:\/\/apuntesdesanluis.com\"],\"url\":\"https:\/\/apuntesdesanluis.com\/index.php\/author\/apuntesdesanluis-com\/\"}]}<\/script>\n<!-- \/ Yoast SEO plugin. -->","yoast_head_json":{"title":"FERN\u00c1NDEZ: \"EL ACUERDO MERCOSUR-UNI\u00d3N EUROPEA A\u00daN NO SE FIRM\u00d3 POR RESISTENCIA DE EUROPA\" - Apuntes de San Luis","robots":{"index":"index","follow":"follow","max-snippet":"max-snippet:-1","max-image-preview":"max-image-preview:large","max-video-preview":"max-video-preview:-1"},"canonical":"https:\/\/apuntesdesanluis.com\/index.php\/2023\/12\/03\/fernandez-el-acuerdo-mercosur-union-europea-aun-no-se-firmo-por-resistencia-de-europa\/","og_locale":"es_ES","og_type":"article","og_title":"FERN\u00c1NDEZ: \"EL ACUERDO MERCOSUR-UNI\u00d3N EUROPEA A\u00daN NO SE FIRM\u00d3 POR RESISTENCIA DE EUROPA\" - Apuntes de San Luis","og_description":"El presidente Alberto Fern\u00e1ndez remarc\u00f3 este domingo que el acuerdo entre el Mercosur y la...","og_url":"https:\/\/apuntesdesanluis.com\/index.php\/2023\/12\/03\/fernandez-el-acuerdo-mercosur-union-europea-aun-no-se-firmo-por-resistencia-de-europa\/","og_site_name":"Apuntes de San Luis","article_published_time":"2023-12-03T20:00:36+00:00","og_image":[{"width":716,"height":420,"url":"https:\/\/apuntesdesanluis.com\/wp-content\/uploads\/2023\/07\/alberto-fernandez.jpg","type":"image\/jpeg"}],"author":"apuntesdesanluis.com","twitter_card":"summary_large_image","twitter_misc":{"Escrito por":"apuntesdesanluis.com","Tiempo de lectura":"2 minutos"},"schema":{"@context":"https:\/\/schema.org","@graph":[{"@type":"Article","@id":"https:\/\/apuntesdesanluis.com\/index.php\/2023\/12\/03\/fernandez-el-acuerdo-mercosur-union-europea-aun-no-se-firmo-por-resistencia-de-europa\/#article","isPartOf":{"@id":"https:\/\/apuntesdesanluis.com\/index.php\/2023\/12\/03\/fernandez-el-acuerdo-mercosur-union-europea-aun-no-se-firmo-por-resistencia-de-europa\/"},"author":{"name":"apuntesdesanluis.com","@id":"https:\/\/apuntesdesanluis.com\/#\/schema\/person\/b55151d52296fcce64d1a72538a70b90"},"headline":"FERN\u00c1NDEZ: &#8220;EL ACUERDO MERCOSUR-UNI\u00d3N EUROPEA A\u00daN NO SE FIRM\u00d3 POR RESISTENCIA DE EUROPA&#8221;","datePublished":"2023-12-03T20:00:36+00:00","mainEntityOfPage":{"@id":"https:\/\/apuntesdesanluis.com\/index.php\/2023\/12\/03\/fernandez-el-acuerdo-mercosur-union-europea-aun-no-se-firmo-por-resistencia-de-europa\/"},"wordCount":449,"publisher":{"@id":"https:\/\/apuntesdesanluis.com\/#\/schema\/person\/b55151d52296fcce64d1a72538a70b90"},"image":{"@id":"https:\/\/apuntesdesanluis.com\/index.php\/2023\/12\/03\/fernandez-el-acuerdo-mercosur-union-europea-aun-no-se-firmo-por-resistencia-de-europa\/#primaryimage"},"thumbnailUrl":"https:\/\/apuntesdesanluis.com\/wp-content\/uploads\/2023\/07\/alberto-fernandez.jpg","articleSection":["Nacionales\/Internacionales"],"inLanguage":"es-AR"},{"@type":"WebPage","@id":"https:\/\/apuntesdesanluis.com\/index.php\/2023\/12\/03\/fernandez-el-acuerdo-mercosur-union-europea-aun-no-se-firmo-por-resistencia-de-europa\/","url":"https:\/\/apuntesdesanluis.com\/index.php\/2023\/12\/03\/fernandez-el-acuerdo-mercosur-union-europea-aun-no-se-firmo-por-resistencia-de-europa\/","name":"FERN\u00c1NDEZ: \"EL ACUERDO MERCOSUR-UNI\u00d3N EUROPEA A\u00daN NO SE FIRM\u00d3 POR RESISTENCIA DE EUROPA\" - Apuntes de San Luis","isPartOf":{"@id":"https:\/\/apuntesdesanluis.com\/#website"},"primaryImageOfPage":{"@id":"https:\/\/apuntesdesanluis.com\/index.php\/2023\/12\/03\/fernandez-el-acuerdo-mercosur-union-europea-aun-no-se-firmo-por-resistencia-de-europa\/#primaryimage"},"image":{"@id":"https:\/\/apuntesdesanluis.com\/index.php\/2023\/12\/03\/fernandez-el-acuerdo-mercosur-union-europea-aun-no-se-firmo-por-resistencia-de-europa\/#primaryimage"},"thumbnailUrl":"https:\/\/apuntesdesanluis.com\/wp-content\/uploads\/2023\/07\/alberto-fernandez.jpg","datePublished":"2023-12-03T20:00:36+00:00","breadcrumb":{"@id":"https:\/\/apuntesdesanluis.com\/index.php\/2023\/12\/03\/fernandez-el-acuerdo-mercosur-union-europea-aun-no-se-firmo-por-resistencia-de-europa\/#breadcrumb"},"inLanguage":"es-AR","potentialAction":[{"@type":"ReadAction","target":["https:\/\/apuntesdesanluis.com\/index.php\/2023\/12\/03\/fernandez-el-acuerdo-mercosur-union-europea-aun-no-se-firmo-por-resistencia-de-europa\/"]}]},{"@type":"ImageObject","inLanguage":"es-AR","@id":"https:\/\/apuntesdesanluis.com\/index.php\/2023\/12\/03\/fernandez-el-acuerdo-mercosur-union-europea-aun-no-se-firmo-por-resistencia-de-europa\/#primaryimage","url":"https:\/\/apuntesdesanluis.com\/wp-content\/uploads\/2023\/07\/alberto-fernandez.jpg","contentUrl":"https:\/\/apuntesdesanluis.com\/wp-content\/uploads\/2023\/07\/alberto-fernandez.jpg","width":716,"height":420},{"@type":"BreadcrumbList","@id":"https:\/\/apuntesdesanluis.com\/index.php\/2023\/12\/03\/fernandez-el-acuerdo-mercosur-union-europea-aun-no-se-firmo-por-resistencia-de-europa\/#breadcrumb","itemListElement":[{"@type":"ListItem","position":1,"name":"Inicio","item":"https:\/\/apuntesdesanluis.com\/"},{"@type":"ListItem","position":2,"name":"FERN\u00c1NDEZ: &#8220;EL ACUERDO MERCOSUR-UNI\u00d3N EUROPEA A\u00daN NO SE FIRM\u00d3 POR RESISTENCIA DE EUROPA&#8221;"}]},{"@type":"WebSite","@id":"https:\/\/apuntesdesanluis.com\/#website","url":"https:\/\/apuntesdesanluis.com\/","name":"Apuntes de San Luis","description":"","publisher":{"@id":"https:\/\/apuntesdesanluis.com\/#\/schema\/person\/b55151d52296fcce64d1a72538a70b90"},"potentialAction":[{"@type":"SearchAction","target":{"@type":"EntryPoint","urlTemplate":"https:\/\/apuntesdesanluis.com\/?s={search_term_string}"},"query-input":{"@type":"PropertyValueSpecification","valueRequired":true,"valueName":"search_term_string"}}],"inLanguage":"es-AR"},{"@type":["Person","Organization"],"@id":"https:\/\/apuntesdesanluis.com\/#\/schema\/person\/b55151d52296fcce64d1a72538a70b90","name":"apuntesdesanluis.com","image":{"@type":"ImageObject","inLanguage":"es-AR","@id":"https:\/\/apuntesdesanluis.com\/#\/schema\/person\/image\/","url":"https:\/\/apuntesdesanluis.com\/wp-content\/uploads\/2023\/07\/cropped-apuntesdesanluis.png","contentUrl":"https:\/\/apuntesdesanluis.com\/wp-content\/uploads\/2023\/07\/cropped-apuntesdesanluis.png","width":450,"height":112,"caption":"apuntesdesanluis.com"},"logo":{"@id":"https:\/\/apuntesdesanluis.com\/#\/schema\/person\/image\/"},"sameAs":["https:\/\/apuntesdesanluis.com"],"url":"https:\/\/apuntesdesanluis.com\/index.php\/author\/apuntesdesanluis-com\/"}]}},"featured_image_urls":{"full":["https:\/\/apuntesdesanluis.com\/wp-content\/uploads\/2023\/07\/alberto-fernandez.jpg",716,420,false],"thumbnail":["https:\/\/apuntesdesanluis.com\/wp-content\/uploads\/2023\/07\/alberto-fernandez-150x150.jpg",150,150,true],"medium":["https:\/\/apuntesdesanluis.com\/wp-content\/uploads\/2023\/07\/alberto-fernandez-300x176.jpg",300,176,true],"medium_large":["https:\/\/apuntesdesanluis.com\/wp-content\/uploads\/2023\/07\/alberto-fernandez.jpg",640,375,false],"large":["https:\/\/apuntesdesanluis.com\/wp-content\/uploads\/2023\/07\/alberto-fernandez.jpg",640,375,false],"1536x1536":["https:\/\/apuntesdesanluis.com\/wp-content\/uploads\/2023\/07\/alberto-fernandez.jpg",716,420,false],"2048x2048":["https:\/\/apuntesdesanluis.com\/wp-content\/uploads\/2023\/07\/alberto-fernandez.jpg",716,420,false],"newsever-slider-full":["https:\/\/apuntesdesanluis.com\/wp-content\/uploads\/2023\/07\/alberto-fernandez.jpg",716,420,false],"newsever-featured":["https:\/\/apuntesdesanluis.com\/wp-content\/uploads\/2023\/07\/alberto-fernandez.jpg",716,420,false],"newsever-medium":["https:\/\/apuntesdesanluis.com\/wp-content\/uploads\/2023\/07\/alberto-fernandez.jpg",716,420,false]},"author_info":{"display_name":"apuntesdesanluis.com","author_link":"https:\/\/apuntesdesanluis.com\/index.php\/author\/apuntesdesanluis-com\/"},"category_info":"<a href=\"https:\/\/apuntesdesanluis.com\/index.php\/category\/nacionales-internacionales\/\" rel=\"category tag\">Nacionales\/Internacionales<\/a>","tag_info":"Nacionales\/Internacionales","comment_count":"0","_links":{"self":[{"href":"https:\/\/apuntesdesanluis.com\/index.php\/wp-json\/wp\/v2\/posts\/7773","targetHints":{"allow":["GET"]}}],"collection":[{"href":"https:\/\/apuntesdesanluis.com\/index.php\/wp-json\/wp\/v2\/posts"}],"about":[{"href":"https:\/\/apuntesdesanluis.com\/index.php\/wp-json\/wp\/v2\/types\/post"}],"author":[{"embeddable":true,"href":"https:\/\/apuntesdesanluis.com\/index.php\/wp-json\/wp\/v2\/users\/1"}],"replies":[{"embeddable":true,"href":"https:\/\/apuntesdesanluis.com\/index.php\/wp-json\/wp\/v2\/comments?post=7773"}],"version-history":[{"count":1,"href":"https:\/\/apuntesdesanluis.com\/index.php\/wp-json\/wp\/v2\/posts\/7773\/revisions"}],"predecessor-version":[{"id":7774,"href":"https:\/\/apuntesdesanluis.com\/index.php\/wp-json\/wp\/v2\/posts\/7773\/revisions\/7774"}],"wp:featuredmedia":[{"embeddable":true,"href":"https:\/\/apuntesdesanluis.com\/index.php\/wp-json\/wp\/v2\/media\/56"}],"wp:attachment":[{"href":"https:\/\/apuntesdesanluis.com\/index.php\/wp-json\/wp\/v2\/media?parent=7773"}],"wp:term":[{"taxonomy":"category","embeddable":true,"href":"https:\/\/apuntesdesanluis.com\/index.php\/wp-json\/wp\/v2\/categories?post=7773"},{"taxonomy":"post_tag","embeddable":true,"href":"https:\/\/apuntesdesanluis.com\/index.php\/wp-json\/wp\/v2\/tags?post=7773"}],"curies":[{"name":"wp","href":"https:\/\/api.w.org\/{rel}","templated":true}]}}