{"id":7783,"date":"2023-12-03T22:14:43","date_gmt":"2023-12-04T01:14:43","guid":{"rendered":"https:\/\/apuntesdesanluis.com\/?p=7783"},"modified":"2023-12-03T22:15:28","modified_gmt":"2023-12-04T01:15:28","slug":"que-milei-gobernara","status":"publish","type":"post","link":"https:\/\/apuntesdesanluis.com\/index.php\/2023\/12\/03\/que-milei-gobernara\/","title":{"rendered":"QU\u00c9 MILEI GOBERNAR\u00c1"},"content":{"rendered":"<h3>Por <span style=\"color: #000000;\"><strong><em>Gustavo Gonz\u00e1lez (*)<\/em><\/strong><\/span><\/h3>\n<h3>Javier Milei se hizo conocido y triunf\u00f3 electoralmente no solo por ser un outsider de la pol\u00edtica, sino por romper con todos los moldes de normalidad aceptados hasta ahora, por dejar de lado cualquier indicio de correcci\u00f3n pol\u00edtica y por el uso de la violencia discursiva y gestual.<\/h3>\n<h3>Todo lo que hasta \u00e9l parec\u00eda \u201cpiantavotos\u201d, en su caso generaba lo contrario. Es que, antes que \u00e9l, hubo un sector de la sociedad que ven\u00eda alimentando un cambio de cuajo. Y hab\u00eda aceptado los riesgos que eso implicaba.<\/h3>\n<h3>\u00bfExiste un Milei moderado? A una semana de que se le tome juramento, la duda es si su mandato se caracterizar\u00e1 por esa particular forma de hacer pol\u00edtica o si, dentro de lo at\u00edpico de ser el primer presidente anarco-capitalista de la historia de la humanidad, estar\u00e1 contenido por cierta racionalidad ejecutiva.<\/h3>\n<h3>Lo que encierra esa duda es si Milei hizo lo que hizo y se mostr\u00f3 como se mostr\u00f3 durante estos a\u00f1os, guiado por una estrategia fr\u00edamente calculada para llegar al poder.<\/h3>\n<h3>O si lo que hizo y mostr\u00f3 es exactamente lo que es y fue su transparente sinceridad la que le permiti\u00f3 empatizar con ese sector de la sociedad que lo estaba esperando y se siente c\u00f3moda con lo que su espejo le devuelve.<\/h3>\n<h3>Si fuera esto \u00faltimo, el Milei que se conoci\u00f3 tras entrar al balotaje y el que se vio ya como presidente electo, es un Milei contenido, circunstancialmente encorsetado. Quiz\u00e1 como un pragm\u00e1tico reconocimiento de su necesidad de negociar gobernabilidad. En este caso, la pregunta es cu\u00e1nto tardar\u00e1 en volver a aparecer el iracundo rockstar del prime time.<\/h3>\n<h3>Pero lo cierto es que cualquiera haya sido el motivo que gener\u00f3 a este Milei \u201cmoderado\u201d, lo que demuestra es que (por estricto marketing o por medicado pragmatismo) parecen haber algunos atisbos de autocontrol.<\/h3>\n<h3>Sea como fuere, lo que va a definir a su gobierno es cu\u00e1l ser\u00e1 la dosis de racionalidad que ir\u00e1 a aplicar.<\/h3>\n<h3>Porque el mayor interrogante no es si su gesti\u00f3n ser\u00e1 buena, no tan buena o mala, sino si estar\u00e1 dentro de los c\u00e1nones de relacionamiento democr\u00e1tico que los gobiernos de distinto signo respetaron desde 1983.<\/h3>\n<h3>El hecho de que hiciera campa\u00f1a para el balotaje junto a Patricia Bullrich (futura ministra de Seguridad), la misma a la que hab\u00eda acusado de terrorista, \u00bfsignifica un pedido de disculpas o es un simple reconocimiento pasajero de sus debilidades?<\/h3>\n<h3>La misma duda que despierta su reciente di\u00e1logo con el Papa, a quien hab\u00eda calificado de \u201cenviado del Maligno en la Tierra\u201d, antes de pedirle perd\u00f3n en p\u00fablico.<\/h3>\n<h3>Un interrogante similar abre la designaci\u00f3n de Luis Caputo como ministro de Econom\u00eda, a quien hab\u00eda acusado de \u201cfumarse 15 mil millones de d\u00f3lares\u201d.<\/h3>\n<h3>El fantasma Yabr\u00e1n. \u00bfCu\u00e1l es el verdadero Milei? \u00bfEl que el viernes anunci\u00f3 que Rodolfo Barra ser\u00e1 el nuevo procurador del Tesoro, habiendo debido renunciar al Ministerio de Justicia durante el menemismo, despu\u00e9s de que la revista Noticias diera a conocer su pasado nazi?<\/h3>\n<h3>\u00bfO el que eligi\u00f3 a un hombre moderado y honesto como Guillermo Francos para ocupar el cargo de ministro del Interior?<\/h3>\n<h3>Un detalle sobre Francos. Cuando en 1991 comenc\u00e9 a investigar para la revista Noticias los negocios de Alfredo Yabr\u00e1n, no hab\u00eda muchos pol\u00edticos que se animaran a aportar informaci\u00f3n sobre \u00e9l.<\/h3>\n<h3>Yabr\u00e1n pod\u00eda ser un mafioso, pero sab\u00eda aceitar adecuadamente sus v\u00ednculos pol\u00edticos. Desde los que arm\u00f3 con la dictadura militar y la jerarqu\u00eda eclesi\u00e1stica, hasta sus excelentes contactos con las c\u00fapulas del radicalismo y el peronismo.<\/h3>\n<h3>Uno de ellos fue Barra, hu\u00e9sped de lujo en el hotel del empresario en Pinamar.<\/h3>\n<h3>Y como Yabr\u00e1n conoc\u00eda la importancia de los medios (m\u00e1s para callar que para informar) tambi\u00e9n hab\u00eda montado una red de aportes econ\u00f3micos informales a medios y periodistas. Lo que Milei llamar\u00eda \u201censobrados\u201d.<\/h3>\n<h3>De all\u00ed que su nombre, sus negociados y los aprietes a sus competidores, durante a\u00f1os no aparecieran en ninguna publicaci\u00f3n.<\/h3>\n<h3>Las vueltas de la vida hacen que algunos de los periodistas que hoy m\u00e1s fervorosamente apoyan al libertario, formaban parte de esa \u201ccadena de la felicidad\u201d pagada por quien fue el responsable intelectual del asesinato de Jos\u00e9 Luis Cabezas.<\/h3>\n<h3>Guillermo Francos fue una de las excepciones de ese silenciamiento pol\u00edtico y medi\u00e1tico. Primero aportando informaci\u00f3n off the record para nuestras investigaciones y despu\u00e9s anim\u00e1ndose a hacer p\u00fablicas sus denuncias, junto al exministro Domingo Cavallo, otro de los actuales soportes pol\u00edticos del mandatario electo.<\/h3>\n<h3>\u00bfM\u00e1s liberal o m\u00e1s libertario? Si el gobierno de Milei se pareciera al menemismo o al macrismo, se podr\u00eda discutir qu\u00e9 chances, mayores o menores, podr\u00eda tener de ser una administraci\u00f3n exitosa.<\/h3>\n<h3>Si en cambio cumpliera con sus promesas libertarias m\u00e1s exc\u00e9ntricas (mechadas con su dosis de violencia discursiva y la reivindicaci\u00f3n hist\u00f3rica de la dictadura), entonces el futuro se volver\u00e1 impredecible.<\/h3>\n<h3>El menemismo y el macrismo (Macri se dec\u00eda menemista) compart\u00edan la idea de que el Estado deb\u00eda ser m\u00ednimo. Pero tuvieron dos grandes diferencias: 1) Menem gobern\u00f3 durante m\u00e1s de diez a\u00f1os con la t\u00edpica alianza socio-econ\u00f3mica que le garantiza gobernabilidad al peronismo y que le permiti\u00f3 realizar cambios tan profundos como las privatizaciones y la Convertibilidad; y 2) Con Menem desapareci\u00f3 la inflaci\u00f3n y (al igual que durante los primeros a\u00f1os de los Kirchner) el PBI creci\u00f3 a tasas chinas.<\/h3>\n<h3>La opci\u00f3n de un Milei que se vea heredero de esa corriente m\u00e1s liberal puede ser debatible desde el punto de vista pol\u00edtico y econ\u00f3mico, pero estar\u00eda dentro del abanico de opciones racionales que existen en el continente y en el mundo.<\/h3>\n<h3>Lo que no tendr\u00eda antecedentes, ni aqu\u00ed ni en el exterior, ser\u00eda el intento de aplicar las teor\u00edas de una escuela econ\u00f3mica minoritaria como la Austr\u00edaca.<\/h3>\n<h3>Ya se cont\u00f3 en PERFIL c\u00f3mo termin\u00f3 el \u00fanico experimento registrado que hace dos d\u00e9cadas se llev\u00f3 adelante en el peque\u00f1o pueblo de Grafton, New Hampshire: aparecieron los asesinatos y los osos del lugar terminaron expulsando a los vecinos libertarios.<\/h3>\n<h3>Presidentes. La hip\u00f3tesis de un Milei m\u00e1s racional tendr\u00eda este 10 de diciembre, cuando asuma, una oportunidad \u00fanica para ser demostrada.<\/h3>\n<h3>Ese d\u00eda en que se cumple un nuevo aniversario del fin de los golpes de Estado, el nuevo presidente podr\u00eda convocar a todos los mandatarios vivos de la era democr\u00e1tica: Eduardo Duhalde, Cristina Fern\u00e1ndez, Mauricio Macri y Alberto Fern\u00e1ndez.<\/h3>\n<h3>La imagen de \u00e9l junto a ellos demostrar\u00eda, mejor que cualquier palabra, el deseo de reivindicar la democracia.<\/h3>\n<h3>Cu\u00e1l es el verdadero, \u00bfel de Barra o el de Francos? \u00bfEl que insulta a la casta o el que la integra?<\/h3>\n<h3>No reivindicar puntualmente a alguno de los expresidentes por lo que hicieron o dejaron de hacer, sino reivindicar el derecho de las sociedades a elegir, a acertar y a equivocarse. No es por ellos, sino por lo que ellos representan. El \u201cellos\u201d lo incluye a Milei.<\/h3>\n<h3>Es la misma idea que infructuosamente reiter\u00e9 durante las gestiones de Macri y de Alberto Fern\u00e1ndez. Yo fracas\u00e9 con mi pedido y, creo, ellos dejaron pasar la chance de mostrarse por encima de la politiquer\u00eda de coyuntura y de sus antecesores.<\/h3>\n<h3>Como outsider que es, quiz\u00e1 a Milei le cueste menos entender que, aunque sea para desmarcarse de lo que se hizo hasta ahora, le servir\u00eda hacer esa magn\u00e1nima convocatoria p\u00fablica.<\/h3>\n<h3>Magn\u00e1nimo no es el que quiere sino el que puede: la magnanimidad tambi\u00e9n es un gesto de poder.<\/h3>\n<h3>Ser\u00eda una sorpresa que lo hiciera, una buena sorpresa.<\/h3>\n<h3><\/h3>\n<h3><span style=\"color: #000000;\"><strong><em>* Presidente y CEO de Editorial Perfil.<\/em><\/strong><\/span><\/h3>\n<p>&nbsp;<\/p>\n<p>&nbsp;<\/p>\n<p>&nbsp;<\/p>\n","protected":false},"excerpt":{"rendered":"<p>Por Gustavo Gonz\u00e1lez (*) Javier Milei se hizo conocido y triunf\u00f3 electoralmente no solo por&#8230;<\/p>\n","protected":false},"author":1,"featured_media":7784,"comment_status":"closed","ping_status":"closed","sticky":false,"template":"","format":"standard","meta":{"footnotes":""},"categories":[9],"tags":[],"class_list":["post-7783","post","type-post","status-publish","format-standard","has-post-thumbnail","hentry","category-opinion"],"yoast_head":"<!-- This site is optimized with the Yoast SEO plugin v26.1.1 - https:\/\/yoast.com\/wordpress\/plugins\/seo\/ -->\n<title>QU\u00c9 MILEI GOBERNAR\u00c1 - Apuntes de San Luis<\/title>\n<meta name=\"robots\" content=\"index, follow, max-snippet:-1, max-image-preview:large, max-video-preview:-1\" \/>\n<link rel=\"canonical\" href=\"https:\/\/apuntesdesanluis.com\/index.php\/2023\/12\/03\/que-milei-gobernara\/\" \/>\n<meta property=\"og:locale\" content=\"es_ES\" \/>\n<meta property=\"og:type\" content=\"article\" \/>\n<meta property=\"og:title\" content=\"QU\u00c9 MILEI GOBERNAR\u00c1 - Apuntes de San Luis\" \/>\n<meta property=\"og:description\" content=\"Por Gustavo Gonz\u00e1lez (*) Javier Milei se hizo conocido y triunf\u00f3 electoralmente no solo por...\" \/>\n<meta property=\"og:url\" content=\"https:\/\/apuntesdesanluis.com\/index.php\/2023\/12\/03\/que-milei-gobernara\/\" \/>\n<meta property=\"og:site_name\" content=\"Apuntes de San Luis\" \/>\n<meta property=\"article:published_time\" content=\"2023-12-04T01:14:43+00:00\" \/>\n<meta property=\"article:modified_time\" content=\"2023-12-04T01:15:28+00:00\" \/>\n<meta property=\"og:image\" content=\"https:\/\/apuntesdesanluis.com\/wp-content\/uploads\/2023\/12\/PRESIDENTES.png\" \/>\n\t<meta property=\"og:image:width\" content=\"600\" \/>\n\t<meta property=\"og:image:height\" content=\"336\" \/>\n\t<meta property=\"og:image:type\" content=\"image\/png\" \/>\n<meta name=\"author\" content=\"apuntesdesanluis.com\" \/>\n<meta name=\"twitter:card\" content=\"summary_large_image\" \/>\n<meta name=\"twitter:label1\" content=\"Escrito por\" \/>\n\t<meta name=\"twitter:data1\" content=\"apuntesdesanluis.com\" \/>\n\t<meta name=\"twitter:label2\" content=\"Tiempo de lectura\" \/>\n\t<meta name=\"twitter:data2\" content=\"6 minutos\" \/>\n<script type=\"application\/ld+json\" class=\"yoast-schema-graph\">{\"@context\":\"https:\/\/schema.org\",\"@graph\":[{\"@type\":\"Article\",\"@id\":\"https:\/\/apuntesdesanluis.com\/index.php\/2023\/12\/03\/que-milei-gobernara\/#article\",\"isPartOf\":{\"@id\":\"https:\/\/apuntesdesanluis.com\/index.php\/2023\/12\/03\/que-milei-gobernara\/\"},\"author\":{\"name\":\"apuntesdesanluis.com\",\"@id\":\"https:\/\/apuntesdesanluis.com\/#\/schema\/person\/b55151d52296fcce64d1a72538a70b90\"},\"headline\":\"QU\u00c9 MILEI GOBERNAR\u00c1\",\"datePublished\":\"2023-12-04T01:14:43+00:00\",\"dateModified\":\"2023-12-04T01:15:28+00:00\",\"mainEntityOfPage\":{\"@id\":\"https:\/\/apuntesdesanluis.com\/index.php\/2023\/12\/03\/que-milei-gobernara\/\"},\"wordCount\":1351,\"publisher\":{\"@id\":\"https:\/\/apuntesdesanluis.com\/#\/schema\/person\/b55151d52296fcce64d1a72538a70b90\"},\"image\":{\"@id\":\"https:\/\/apuntesdesanluis.com\/index.php\/2023\/12\/03\/que-milei-gobernara\/#primaryimage\"},\"thumbnailUrl\":\"https:\/\/apuntesdesanluis.com\/wp-content\/uploads\/2023\/12\/PRESIDENTES.png\",\"articleSection\":[\"Opini\u00f3n\"],\"inLanguage\":\"es-AR\"},{\"@type\":\"WebPage\",\"@id\":\"https:\/\/apuntesdesanluis.com\/index.php\/2023\/12\/03\/que-milei-gobernara\/\",\"url\":\"https:\/\/apuntesdesanluis.com\/index.php\/2023\/12\/03\/que-milei-gobernara\/\",\"name\":\"QU\u00c9 MILEI GOBERNAR\u00c1 - Apuntes de San Luis\",\"isPartOf\":{\"@id\":\"https:\/\/apuntesdesanluis.com\/#website\"},\"primaryImageOfPage\":{\"@id\":\"https:\/\/apuntesdesanluis.com\/index.php\/2023\/12\/03\/que-milei-gobernara\/#primaryimage\"},\"image\":{\"@id\":\"https:\/\/apuntesdesanluis.com\/index.php\/2023\/12\/03\/que-milei-gobernara\/#primaryimage\"},\"thumbnailUrl\":\"https:\/\/apuntesdesanluis.com\/wp-content\/uploads\/2023\/12\/PRESIDENTES.png\",\"datePublished\":\"2023-12-04T01:14:43+00:00\",\"dateModified\":\"2023-12-04T01:15:28+00:00\",\"breadcrumb\":{\"@id\":\"https:\/\/apuntesdesanluis.com\/index.php\/2023\/12\/03\/que-milei-gobernara\/#breadcrumb\"},\"inLanguage\":\"es-AR\",\"potentialAction\":[{\"@type\":\"ReadAction\",\"target\":[\"https:\/\/apuntesdesanluis.com\/index.php\/2023\/12\/03\/que-milei-gobernara\/\"]}]},{\"@type\":\"ImageObject\",\"inLanguage\":\"es-AR\",\"@id\":\"https:\/\/apuntesdesanluis.com\/index.php\/2023\/12\/03\/que-milei-gobernara\/#primaryimage\",\"url\":\"https:\/\/apuntesdesanluis.com\/wp-content\/uploads\/2023\/12\/PRESIDENTES.png\",\"contentUrl\":\"https:\/\/apuntesdesanluis.com\/wp-content\/uploads\/2023\/12\/PRESIDENTES.png\",\"width\":600,\"height\":336},{\"@type\":\"BreadcrumbList\",\"@id\":\"https:\/\/apuntesdesanluis.com\/index.php\/2023\/12\/03\/que-milei-gobernara\/#breadcrumb\",\"itemListElement\":[{\"@type\":\"ListItem\",\"position\":1,\"name\":\"Inicio\",\"item\":\"https:\/\/apuntesdesanluis.com\/\"},{\"@type\":\"ListItem\",\"position\":2,\"name\":\"QU\u00c9 MILEI GOBERNAR\u00c1\"}]},{\"@type\":\"WebSite\",\"@id\":\"https:\/\/apuntesdesanluis.com\/#website\",\"url\":\"https:\/\/apuntesdesanluis.com\/\",\"name\":\"Apuntes de San Luis\",\"description\":\"\",\"publisher\":{\"@id\":\"https:\/\/apuntesdesanluis.com\/#\/schema\/person\/b55151d52296fcce64d1a72538a70b90\"},\"potentialAction\":[{\"@type\":\"SearchAction\",\"target\":{\"@type\":\"EntryPoint\",\"urlTemplate\":\"https:\/\/apuntesdesanluis.com\/?s={search_term_string}\"},\"query-input\":{\"@type\":\"PropertyValueSpecification\",\"valueRequired\":true,\"valueName\":\"search_term_string\"}}],\"inLanguage\":\"es-AR\"},{\"@type\":[\"Person\",\"Organization\"],\"@id\":\"https:\/\/apuntesdesanluis.com\/#\/schema\/person\/b55151d52296fcce64d1a72538a70b90\",\"name\":\"apuntesdesanluis.com\",\"image\":{\"@type\":\"ImageObject\",\"inLanguage\":\"es-AR\",\"@id\":\"https:\/\/apuntesdesanluis.com\/#\/schema\/person\/image\/\",\"url\":\"https:\/\/apuntesdesanluis.com\/wp-content\/uploads\/2023\/07\/cropped-apuntesdesanluis.png\",\"contentUrl\":\"https:\/\/apuntesdesanluis.com\/wp-content\/uploads\/2023\/07\/cropped-apuntesdesanluis.png\",\"width\":450,\"height\":112,\"caption\":\"apuntesdesanluis.com\"},\"logo\":{\"@id\":\"https:\/\/apuntesdesanluis.com\/#\/schema\/person\/image\/\"},\"sameAs\":[\"https:\/\/apuntesdesanluis.com\"],\"url\":\"https:\/\/apuntesdesanluis.com\/index.php\/author\/apuntesdesanluis-com\/\"}]}<\/script>\n<!-- \/ Yoast SEO plugin. -->","yoast_head_json":{"title":"QU\u00c9 MILEI GOBERNAR\u00c1 - Apuntes de San Luis","robots":{"index":"index","follow":"follow","max-snippet":"max-snippet:-1","max-image-preview":"max-image-preview:large","max-video-preview":"max-video-preview:-1"},"canonical":"https:\/\/apuntesdesanluis.com\/index.php\/2023\/12\/03\/que-milei-gobernara\/","og_locale":"es_ES","og_type":"article","og_title":"QU\u00c9 MILEI GOBERNAR\u00c1 - Apuntes de San Luis","og_description":"Por Gustavo Gonz\u00e1lez (*) Javier Milei se hizo conocido y triunf\u00f3 electoralmente no solo por...","og_url":"https:\/\/apuntesdesanluis.com\/index.php\/2023\/12\/03\/que-milei-gobernara\/","og_site_name":"Apuntes de San Luis","article_published_time":"2023-12-04T01:14:43+00:00","article_modified_time":"2023-12-04T01:15:28+00:00","og_image":[{"width":600,"height":336,"url":"https:\/\/apuntesdesanluis.com\/wp-content\/uploads\/2023\/12\/PRESIDENTES.png","type":"image\/png"}],"author":"apuntesdesanluis.com","twitter_card":"summary_large_image","twitter_misc":{"Escrito por":"apuntesdesanluis.com","Tiempo de lectura":"6 minutos"},"schema":{"@context":"https:\/\/schema.org","@graph":[{"@type":"Article","@id":"https:\/\/apuntesdesanluis.com\/index.php\/2023\/12\/03\/que-milei-gobernara\/#article","isPartOf":{"@id":"https:\/\/apuntesdesanluis.com\/index.php\/2023\/12\/03\/que-milei-gobernara\/"},"author":{"name":"apuntesdesanluis.com","@id":"https:\/\/apuntesdesanluis.com\/#\/schema\/person\/b55151d52296fcce64d1a72538a70b90"},"headline":"QU\u00c9 MILEI GOBERNAR\u00c1","datePublished":"2023-12-04T01:14:43+00:00","dateModified":"2023-12-04T01:15:28+00:00","mainEntityOfPage":{"@id":"https:\/\/apuntesdesanluis.com\/index.php\/2023\/12\/03\/que-milei-gobernara\/"},"wordCount":1351,"publisher":{"@id":"https:\/\/apuntesdesanluis.com\/#\/schema\/person\/b55151d52296fcce64d1a72538a70b90"},"image":{"@id":"https:\/\/apuntesdesanluis.com\/index.php\/2023\/12\/03\/que-milei-gobernara\/#primaryimage"},"thumbnailUrl":"https:\/\/apuntesdesanluis.com\/wp-content\/uploads\/2023\/12\/PRESIDENTES.png","articleSection":["Opini\u00f3n"],"inLanguage":"es-AR"},{"@type":"WebPage","@id":"https:\/\/apuntesdesanluis.com\/index.php\/2023\/12\/03\/que-milei-gobernara\/","url":"https:\/\/apuntesdesanluis.com\/index.php\/2023\/12\/03\/que-milei-gobernara\/","name":"QU\u00c9 MILEI GOBERNAR\u00c1 - Apuntes de San Luis","isPartOf":{"@id":"https:\/\/apuntesdesanluis.com\/#website"},"primaryImageOfPage":{"@id":"https:\/\/apuntesdesanluis.com\/index.php\/2023\/12\/03\/que-milei-gobernara\/#primaryimage"},"image":{"@id":"https:\/\/apuntesdesanluis.com\/index.php\/2023\/12\/03\/que-milei-gobernara\/#primaryimage"},"thumbnailUrl":"https:\/\/apuntesdesanluis.com\/wp-content\/uploads\/2023\/12\/PRESIDENTES.png","datePublished":"2023-12-04T01:14:43+00:00","dateModified":"2023-12-04T01:15:28+00:00","breadcrumb":{"@id":"https:\/\/apuntesdesanluis.com\/index.php\/2023\/12\/03\/que-milei-gobernara\/#breadcrumb"},"inLanguage":"es-AR","potentialAction":[{"@type":"ReadAction","target":["https:\/\/apuntesdesanluis.com\/index.php\/2023\/12\/03\/que-milei-gobernara\/"]}]},{"@type":"ImageObject","inLanguage":"es-AR","@id":"https:\/\/apuntesdesanluis.com\/index.php\/2023\/12\/03\/que-milei-gobernara\/#primaryimage","url":"https:\/\/apuntesdesanluis.com\/wp-content\/uploads\/2023\/12\/PRESIDENTES.png","contentUrl":"https:\/\/apuntesdesanluis.com\/wp-content\/uploads\/2023\/12\/PRESIDENTES.png","width":600,"height":336},{"@type":"BreadcrumbList","@id":"https:\/\/apuntesdesanluis.com\/index.php\/2023\/12\/03\/que-milei-gobernara\/#breadcrumb","itemListElement":[{"@type":"ListItem","position":1,"name":"Inicio","item":"https:\/\/apuntesdesanluis.com\/"},{"@type":"ListItem","position":2,"name":"QU\u00c9 MILEI GOBERNAR\u00c1"}]},{"@type":"WebSite","@id":"https:\/\/apuntesdesanluis.com\/#website","url":"https:\/\/apuntesdesanluis.com\/","name":"Apuntes de San Luis","description":"","publisher":{"@id":"https:\/\/apuntesdesanluis.com\/#\/schema\/person\/b55151d52296fcce64d1a72538a70b90"},"potentialAction":[{"@type":"SearchAction","target":{"@type":"EntryPoint","urlTemplate":"https:\/\/apuntesdesanluis.com\/?s={search_term_string}"},"query-input":{"@type":"PropertyValueSpecification","valueRequired":true,"valueName":"search_term_string"}}],"inLanguage":"es-AR"},{"@type":["Person","Organization"],"@id":"https:\/\/apuntesdesanluis.com\/#\/schema\/person\/b55151d52296fcce64d1a72538a70b90","name":"apuntesdesanluis.com","image":{"@type":"ImageObject","inLanguage":"es-AR","@id":"https:\/\/apuntesdesanluis.com\/#\/schema\/person\/image\/","url":"https:\/\/apuntesdesanluis.com\/wp-content\/uploads\/2023\/07\/cropped-apuntesdesanluis.png","contentUrl":"https:\/\/apuntesdesanluis.com\/wp-content\/uploads\/2023\/07\/cropped-apuntesdesanluis.png","width":450,"height":112,"caption":"apuntesdesanluis.com"},"logo":{"@id":"https:\/\/apuntesdesanluis.com\/#\/schema\/person\/image\/"},"sameAs":["https:\/\/apuntesdesanluis.com"],"url":"https:\/\/apuntesdesanluis.com\/index.php\/author\/apuntesdesanluis-com\/"}]}},"featured_image_urls":{"full":["https:\/\/apuntesdesanluis.com\/wp-content\/uploads\/2023\/12\/PRESIDENTES.png",600,336,false],"thumbnail":["https:\/\/apuntesdesanluis.com\/wp-content\/uploads\/2023\/12\/PRESIDENTES-150x150.png",150,150,true],"medium":["https:\/\/apuntesdesanluis.com\/wp-content\/uploads\/2023\/12\/PRESIDENTES-300x168.png",300,168,true],"medium_large":["https:\/\/apuntesdesanluis.com\/wp-content\/uploads\/2023\/12\/PRESIDENTES.png",600,336,false],"large":["https:\/\/apuntesdesanluis.com\/wp-content\/uploads\/2023\/12\/PRESIDENTES.png",600,336,false],"1536x1536":["https:\/\/apuntesdesanluis.com\/wp-content\/uploads\/2023\/12\/PRESIDENTES.png",600,336,false],"2048x2048":["https:\/\/apuntesdesanluis.com\/wp-content\/uploads\/2023\/12\/PRESIDENTES.png",600,336,false],"newsever-slider-full":["https:\/\/apuntesdesanluis.com\/wp-content\/uploads\/2023\/12\/PRESIDENTES.png",600,336,false],"newsever-featured":["https:\/\/apuntesdesanluis.com\/wp-content\/uploads\/2023\/12\/PRESIDENTES.png",600,336,false],"newsever-medium":["https:\/\/apuntesdesanluis.com\/wp-content\/uploads\/2023\/12\/PRESIDENTES.png",600,336,false]},"author_info":{"display_name":"apuntesdesanluis.com","author_link":"https:\/\/apuntesdesanluis.com\/index.php\/author\/apuntesdesanluis-com\/"},"category_info":"<a href=\"https:\/\/apuntesdesanluis.com\/index.php\/category\/opinion\/\" rel=\"category tag\">Opini\u00f3n<\/a>","tag_info":"Opini\u00f3n","comment_count":"0","_links":{"self":[{"href":"https:\/\/apuntesdesanluis.com\/index.php\/wp-json\/wp\/v2\/posts\/7783","targetHints":{"allow":["GET"]}}],"collection":[{"href":"https:\/\/apuntesdesanluis.com\/index.php\/wp-json\/wp\/v2\/posts"}],"about":[{"href":"https:\/\/apuntesdesanluis.com\/index.php\/wp-json\/wp\/v2\/types\/post"}],"author":[{"embeddable":true,"href":"https:\/\/apuntesdesanluis.com\/index.php\/wp-json\/wp\/v2\/users\/1"}],"replies":[{"embeddable":true,"href":"https:\/\/apuntesdesanluis.com\/index.php\/wp-json\/wp\/v2\/comments?post=7783"}],"version-history":[{"count":2,"href":"https:\/\/apuntesdesanluis.com\/index.php\/wp-json\/wp\/v2\/posts\/7783\/revisions"}],"predecessor-version":[{"id":7786,"href":"https:\/\/apuntesdesanluis.com\/index.php\/wp-json\/wp\/v2\/posts\/7783\/revisions\/7786"}],"wp:featuredmedia":[{"embeddable":true,"href":"https:\/\/apuntesdesanluis.com\/index.php\/wp-json\/wp\/v2\/media\/7784"}],"wp:attachment":[{"href":"https:\/\/apuntesdesanluis.com\/index.php\/wp-json\/wp\/v2\/media?parent=7783"}],"wp:term":[{"taxonomy":"category","embeddable":true,"href":"https:\/\/apuntesdesanluis.com\/index.php\/wp-json\/wp\/v2\/categories?post=7783"},{"taxonomy":"post_tag","embeddable":true,"href":"https:\/\/apuntesdesanluis.com\/index.php\/wp-json\/wp\/v2\/tags?post=7783"}],"curies":[{"name":"wp","href":"https:\/\/api.w.org\/{rel}","templated":true}]}}