{"id":7801,"date":"2023-12-04T17:04:46","date_gmt":"2023-12-04T20:04:46","guid":{"rendered":"https:\/\/apuntesdesanluis.com\/?p=7801"},"modified":"2023-12-04T17:08:11","modified_gmt":"2023-12-04T20:08:11","slug":"upro-san-luis-mas-de-800-egresados-recibieron-su-diploma","status":"publish","type":"post","link":"https:\/\/apuntesdesanluis.com\/index.php\/2023\/12\/04\/upro-san-luis-mas-de-800-egresados-recibieron-su-diploma\/","title":{"rendered":"UPRO SAN LUIS: M\u00c1S DE 800 EGRESADOS RECIBIERON SU DIPLOMA"},"content":{"rendered":"<h3>Ante un Ave F\u00e9nix colmado de estudiantes y familiares, las autoridades de la <strong>Universidad Provincial de Oficios \u201cEva Per\u00f3n\u201d<\/strong> hicieron entrega de los diplomas correspondientes a 12 tecnicaturas y cursos que se dictan en las 3 extensiones capitalinas, ubicadas en la Ex Scac, en el Serran\u00edas Puntanas y en la Tercera Rotonda.<\/h3>\n<h3>Aunque los egresados fueron poco m\u00e1s de 800, en realidad se entregaron 1016 t\u00edtulos, porque algunos estudiantes cursaron m\u00e1s de una oferta acad\u00e9mica.<\/h3>\n<h3>Se trata de los recibidos de:<\/h3>\n<h3>T\u00e9cnico Electricista Avanzado: 197<\/h3>\n<h3>T\u00e9cnico Soldador Avanzado: 164<\/h3>\n<h3>T\u00e9cnico Mec\u00e1nico Avanzado: 223<\/h3>\n<h3>Instalador y Reparador de Equipos de Refrigeraci\u00f3n: 67<\/h3>\n<h3>Carpinter\u00eda Met\u00e1lica en Aluminio: 21<\/h3>\n<h3>Instalador Gasista Matriculado: 29<\/h3>\n<h3>Mec\u00e1nica de Motos: 31<\/h3>\n<h3>Instalador Sanitarista Matriculado: 15<\/h3>\n<h3>Durclock: 12<\/h3>\n<h3>Dise\u00f1o Asistido por Computadora (AutoCAD): 45<\/h3>\n<h3>Estilista: 162<\/h3>\n<h3>Programador de PLC: 50<\/h3>\n<h3>Adem\u00e1s, cada uno se llev\u00f3 un kit completo de herramientas, lo cual permitir\u00e1 contar con todo lo necesario para una r\u00e1pida inserci\u00f3n laboral.<\/h3>\n<p><img fetchpriority=\"high\" decoding=\"async\" class=\"wp-image-7803 aligncenter\" src=\"https:\/\/apuntesdesanluis.com\/wp-content\/uploads\/2023\/12\/Joaquin-Surroca-300x170.png\" alt=\"\" width=\"685\" height=\"388\" srcset=\"https:\/\/apuntesdesanluis.com\/wp-content\/uploads\/2023\/12\/Joaquin-Surroca-300x170.png 300w, https:\/\/apuntesdesanluis.com\/wp-content\/uploads\/2023\/12\/Joaquin-Surroca.png 600w\" sizes=\"(max-width: 685px) 100vw, 685px\" \/><\/p>\n<h3>El rector de la Universidad, <strong>Joaqu\u00edn Surroca<\/strong>, se dirigi\u00f3 a los presentes y explico lo detalles del funcionamiento de UPrOFY, la nueva app de la universidad: \u201cEn esa b\u00fasqueda permanente de acercar al egresado al trabajo, la creaci\u00f3n de la aplicaci\u00f3n de los oficios con tecnolog\u00eda de punta deber\u00e1 llegar tambi\u00e9n a San Luis en un futuro cercano. Estamos sorprendidos por la enorme aceptaci\u00f3n que ha tenido en Villa Mercedes\u201d.<\/h3>\n<h3>Luego, felicit\u00f3 a la gran cantidad de egresados, inst\u00e1ndolos a continuar capacit\u00e1ndose ante un mundo laboral cada vez m\u00e1s exigente.<\/h3>\n<p>&nbsp;<\/p>\n","protected":false},"excerpt":{"rendered":"<p>Ante un Ave F\u00e9nix colmado de estudiantes y familiares, las autoridades de la Universidad Provincial&#8230;<\/p>\n","protected":false},"author":1,"featured_media":7802,"comment_status":"closed","ping_status":"closed","sticky":false,"template":"","format":"standard","meta":{"footnotes":""},"categories":[6],"tags":[],"class_list":["post-7801","post","type-post","status-publish","format-standard","has-post-thumbnail","hentry","category-ciudad-provincia"],"yoast_head":"<!-- This site is optimized with the Yoast SEO plugin v26.1.1 - https:\/\/yoast.com\/wordpress\/plugins\/seo\/ -->\n<title>UPRO SAN LUIS: M\u00c1S DE 800 EGRESADOS RECIBIERON SU DIPLOMA - Apuntes de San Luis<\/title>\n<meta name=\"robots\" content=\"index, follow, max-snippet:-1, max-image-preview:large, max-video-preview:-1\" \/>\n<link rel=\"canonical\" href=\"https:\/\/apuntesdesanluis.com\/index.php\/2023\/12\/04\/upro-san-luis-mas-de-800-egresados-recibieron-su-diploma\/\" \/>\n<meta property=\"og:locale\" content=\"es_ES\" \/>\n<meta property=\"og:type\" content=\"article\" \/>\n<meta property=\"og:title\" content=\"UPRO SAN LUIS: M\u00c1S DE 800 EGRESADOS RECIBIERON SU DIPLOMA - Apuntes de San Luis\" \/>\n<meta property=\"og:description\" content=\"Ante un Ave F\u00e9nix colmado de estudiantes y familiares, las autoridades de la Universidad Provincial...\" \/>\n<meta property=\"og:url\" content=\"https:\/\/apuntesdesanluis.com\/index.php\/2023\/12\/04\/upro-san-luis-mas-de-800-egresados-recibieron-su-diploma\/\" \/>\n<meta property=\"og:site_name\" content=\"Apuntes de San Luis\" \/>\n<meta property=\"article:published_time\" content=\"2023-12-04T20:04:46+00:00\" \/>\n<meta property=\"article:modified_time\" content=\"2023-12-04T20:08:11+00:00\" \/>\n<meta property=\"og:image\" content=\"https:\/\/apuntesdesanluis.com\/wp-content\/uploads\/2023\/12\/colacion-upro.png\" \/>\n\t<meta property=\"og:image:width\" content=\"600\" \/>\n\t<meta property=\"og:image:height\" content=\"334\" \/>\n\t<meta property=\"og:image:type\" content=\"image\/png\" \/>\n<meta name=\"author\" content=\"apuntesdesanluis.com\" \/>\n<meta name=\"twitter:card\" content=\"summary_large_image\" \/>\n<meta name=\"twitter:label1\" content=\"Escrito por\" \/>\n\t<meta name=\"twitter:data1\" content=\"apuntesdesanluis.com\" \/>\n\t<meta name=\"twitter:label2\" content=\"Tiempo de lectura\" \/>\n\t<meta name=\"twitter:data2\" content=\"2 minutos\" \/>\n<script type=\"application\/ld+json\" class=\"yoast-schema-graph\">{\"@context\":\"https:\/\/schema.org\",\"@graph\":[{\"@type\":\"Article\",\"@id\":\"https:\/\/apuntesdesanluis.com\/index.php\/2023\/12\/04\/upro-san-luis-mas-de-800-egresados-recibieron-su-diploma\/#article\",\"isPartOf\":{\"@id\":\"https:\/\/apuntesdesanluis.com\/index.php\/2023\/12\/04\/upro-san-luis-mas-de-800-egresados-recibieron-su-diploma\/\"},\"author\":{\"name\":\"apuntesdesanluis.com\",\"@id\":\"https:\/\/apuntesdesanluis.com\/#\/schema\/person\/b55151d52296fcce64d1a72538a70b90\"},\"headline\":\"UPRO SAN LUIS: M\u00c1S DE 800 EGRESADOS RECIBIERON SU DIPLOMA\",\"datePublished\":\"2023-12-04T20:04:46+00:00\",\"dateModified\":\"2023-12-04T20:08:11+00:00\",\"mainEntityOfPage\":{\"@id\":\"https:\/\/apuntesdesanluis.com\/index.php\/2023\/12\/04\/upro-san-luis-mas-de-800-egresados-recibieron-su-diploma\/\"},\"wordCount\":269,\"publisher\":{\"@id\":\"https:\/\/apuntesdesanluis.com\/#\/schema\/person\/b55151d52296fcce64d1a72538a70b90\"},\"image\":{\"@id\":\"https:\/\/apuntesdesanluis.com\/index.php\/2023\/12\/04\/upro-san-luis-mas-de-800-egresados-recibieron-su-diploma\/#primaryimage\"},\"thumbnailUrl\":\"https:\/\/apuntesdesanluis.com\/wp-content\/uploads\/2023\/12\/colacion-upro.png\",\"articleSection\":[\"Ciudad\/Provincia\"],\"inLanguage\":\"es-AR\"},{\"@type\":\"WebPage\",\"@id\":\"https:\/\/apuntesdesanluis.com\/index.php\/2023\/12\/04\/upro-san-luis-mas-de-800-egresados-recibieron-su-diploma\/\",\"url\":\"https:\/\/apuntesdesanluis.com\/index.php\/2023\/12\/04\/upro-san-luis-mas-de-800-egresados-recibieron-su-diploma\/\",\"name\":\"UPRO SAN LUIS: M\u00c1S DE 800 EGRESADOS RECIBIERON SU DIPLOMA - Apuntes de San Luis\",\"isPartOf\":{\"@id\":\"https:\/\/apuntesdesanluis.com\/#website\"},\"primaryImageOfPage\":{\"@id\":\"https:\/\/apuntesdesanluis.com\/index.php\/2023\/12\/04\/upro-san-luis-mas-de-800-egresados-recibieron-su-diploma\/#primaryimage\"},\"image\":{\"@id\":\"https:\/\/apuntesdesanluis.com\/index.php\/2023\/12\/04\/upro-san-luis-mas-de-800-egresados-recibieron-su-diploma\/#primaryimage\"},\"thumbnailUrl\":\"https:\/\/apuntesdesanluis.com\/wp-content\/uploads\/2023\/12\/colacion-upro.png\",\"datePublished\":\"2023-12-04T20:04:46+00:00\",\"dateModified\":\"2023-12-04T20:08:11+00:00\",\"breadcrumb\":{\"@id\":\"https:\/\/apuntesdesanluis.com\/index.php\/2023\/12\/04\/upro-san-luis-mas-de-800-egresados-recibieron-su-diploma\/#breadcrumb\"},\"inLanguage\":\"es-AR\",\"potentialAction\":[{\"@type\":\"ReadAction\",\"target\":[\"https:\/\/apuntesdesanluis.com\/index.php\/2023\/12\/04\/upro-san-luis-mas-de-800-egresados-recibieron-su-diploma\/\"]}]},{\"@type\":\"ImageObject\",\"inLanguage\":\"es-AR\",\"@id\":\"https:\/\/apuntesdesanluis.com\/index.php\/2023\/12\/04\/upro-san-luis-mas-de-800-egresados-recibieron-su-diploma\/#primaryimage\",\"url\":\"https:\/\/apuntesdesanluis.com\/wp-content\/uploads\/2023\/12\/colacion-upro.png\",\"contentUrl\":\"https:\/\/apuntesdesanluis.com\/wp-content\/uploads\/2023\/12\/colacion-upro.png\",\"width\":600,\"height\":334},{\"@type\":\"BreadcrumbList\",\"@id\":\"https:\/\/apuntesdesanluis.com\/index.php\/2023\/12\/04\/upro-san-luis-mas-de-800-egresados-recibieron-su-diploma\/#breadcrumb\",\"itemListElement\":[{\"@type\":\"ListItem\",\"position\":1,\"name\":\"Inicio\",\"item\":\"https:\/\/apuntesdesanluis.com\/\"},{\"@type\":\"ListItem\",\"position\":2,\"name\":\"UPRO SAN LUIS: M\u00c1S DE 800 EGRESADOS RECIBIERON SU DIPLOMA\"}]},{\"@type\":\"WebSite\",\"@id\":\"https:\/\/apuntesdesanluis.com\/#website\",\"url\":\"https:\/\/apuntesdesanluis.com\/\",\"name\":\"Apuntes de San Luis\",\"description\":\"\",\"publisher\":{\"@id\":\"https:\/\/apuntesdesanluis.com\/#\/schema\/person\/b55151d52296fcce64d1a72538a70b90\"},\"potentialAction\":[{\"@type\":\"SearchAction\",\"target\":{\"@type\":\"EntryPoint\",\"urlTemplate\":\"https:\/\/apuntesdesanluis.com\/?s={search_term_string}\"},\"query-input\":{\"@type\":\"PropertyValueSpecification\",\"valueRequired\":true,\"valueName\":\"search_term_string\"}}],\"inLanguage\":\"es-AR\"},{\"@type\":[\"Person\",\"Organization\"],\"@id\":\"https:\/\/apuntesdesanluis.com\/#\/schema\/person\/b55151d52296fcce64d1a72538a70b90\",\"name\":\"apuntesdesanluis.com\",\"image\":{\"@type\":\"ImageObject\",\"inLanguage\":\"es-AR\",\"@id\":\"https:\/\/apuntesdesanluis.com\/#\/schema\/person\/image\/\",\"url\":\"https:\/\/apuntesdesanluis.com\/wp-content\/uploads\/2023\/07\/cropped-apuntesdesanluis.png\",\"contentUrl\":\"https:\/\/apuntesdesanluis.com\/wp-content\/uploads\/2023\/07\/cropped-apuntesdesanluis.png\",\"width\":450,\"height\":112,\"caption\":\"apuntesdesanluis.com\"},\"logo\":{\"@id\":\"https:\/\/apuntesdesanluis.com\/#\/schema\/person\/image\/\"},\"sameAs\":[\"https:\/\/apuntesdesanluis.com\"],\"url\":\"https:\/\/apuntesdesanluis.com\/index.php\/author\/apuntesdesanluis-com\/\"}]}<\/script>\n<!-- \/ Yoast SEO plugin. -->","yoast_head_json":{"title":"UPRO SAN LUIS: M\u00c1S DE 800 EGRESADOS RECIBIERON SU DIPLOMA - Apuntes de San Luis","robots":{"index":"index","follow":"follow","max-snippet":"max-snippet:-1","max-image-preview":"max-image-preview:large","max-video-preview":"max-video-preview:-1"},"canonical":"https:\/\/apuntesdesanluis.com\/index.php\/2023\/12\/04\/upro-san-luis-mas-de-800-egresados-recibieron-su-diploma\/","og_locale":"es_ES","og_type":"article","og_title":"UPRO SAN LUIS: M\u00c1S DE 800 EGRESADOS RECIBIERON SU DIPLOMA - Apuntes de San Luis","og_description":"Ante un Ave F\u00e9nix colmado de estudiantes y familiares, las autoridades de la Universidad Provincial...","og_url":"https:\/\/apuntesdesanluis.com\/index.php\/2023\/12\/04\/upro-san-luis-mas-de-800-egresados-recibieron-su-diploma\/","og_site_name":"Apuntes de San Luis","article_published_time":"2023-12-04T20:04:46+00:00","article_modified_time":"2023-12-04T20:08:11+00:00","og_image":[{"width":600,"height":334,"url":"https:\/\/apuntesdesanluis.com\/wp-content\/uploads\/2023\/12\/colacion-upro.png","type":"image\/png"}],"author":"apuntesdesanluis.com","twitter_card":"summary_large_image","twitter_misc":{"Escrito por":"apuntesdesanluis.com","Tiempo de lectura":"2 minutos"},"schema":{"@context":"https:\/\/schema.org","@graph":[{"@type":"Article","@id":"https:\/\/apuntesdesanluis.com\/index.php\/2023\/12\/04\/upro-san-luis-mas-de-800-egresados-recibieron-su-diploma\/#article","isPartOf":{"@id":"https:\/\/apuntesdesanluis.com\/index.php\/2023\/12\/04\/upro-san-luis-mas-de-800-egresados-recibieron-su-diploma\/"},"author":{"name":"apuntesdesanluis.com","@id":"https:\/\/apuntesdesanluis.com\/#\/schema\/person\/b55151d52296fcce64d1a72538a70b90"},"headline":"UPRO SAN LUIS: M\u00c1S DE 800 EGRESADOS RECIBIERON SU DIPLOMA","datePublished":"2023-12-04T20:04:46+00:00","dateModified":"2023-12-04T20:08:11+00:00","mainEntityOfPage":{"@id":"https:\/\/apuntesdesanluis.com\/index.php\/2023\/12\/04\/upro-san-luis-mas-de-800-egresados-recibieron-su-diploma\/"},"wordCount":269,"publisher":{"@id":"https:\/\/apuntesdesanluis.com\/#\/schema\/person\/b55151d52296fcce64d1a72538a70b90"},"image":{"@id":"https:\/\/apuntesdesanluis.com\/index.php\/2023\/12\/04\/upro-san-luis-mas-de-800-egresados-recibieron-su-diploma\/#primaryimage"},"thumbnailUrl":"https:\/\/apuntesdesanluis.com\/wp-content\/uploads\/2023\/12\/colacion-upro.png","articleSection":["Ciudad\/Provincia"],"inLanguage":"es-AR"},{"@type":"WebPage","@id":"https:\/\/apuntesdesanluis.com\/index.php\/2023\/12\/04\/upro-san-luis-mas-de-800-egresados-recibieron-su-diploma\/","url":"https:\/\/apuntesdesanluis.com\/index.php\/2023\/12\/04\/upro-san-luis-mas-de-800-egresados-recibieron-su-diploma\/","name":"UPRO SAN LUIS: M\u00c1S DE 800 EGRESADOS RECIBIERON SU DIPLOMA - Apuntes de San Luis","isPartOf":{"@id":"https:\/\/apuntesdesanluis.com\/#website"},"primaryImageOfPage":{"@id":"https:\/\/apuntesdesanluis.com\/index.php\/2023\/12\/04\/upro-san-luis-mas-de-800-egresados-recibieron-su-diploma\/#primaryimage"},"image":{"@id":"https:\/\/apuntesdesanluis.com\/index.php\/2023\/12\/04\/upro-san-luis-mas-de-800-egresados-recibieron-su-diploma\/#primaryimage"},"thumbnailUrl":"https:\/\/apuntesdesanluis.com\/wp-content\/uploads\/2023\/12\/colacion-upro.png","datePublished":"2023-12-04T20:04:46+00:00","dateModified":"2023-12-04T20:08:11+00:00","breadcrumb":{"@id":"https:\/\/apuntesdesanluis.com\/index.php\/2023\/12\/04\/upro-san-luis-mas-de-800-egresados-recibieron-su-diploma\/#breadcrumb"},"inLanguage":"es-AR","potentialAction":[{"@type":"ReadAction","target":["https:\/\/apuntesdesanluis.com\/index.php\/2023\/12\/04\/upro-san-luis-mas-de-800-egresados-recibieron-su-diploma\/"]}]},{"@type":"ImageObject","inLanguage":"es-AR","@id":"https:\/\/apuntesdesanluis.com\/index.php\/2023\/12\/04\/upro-san-luis-mas-de-800-egresados-recibieron-su-diploma\/#primaryimage","url":"https:\/\/apuntesdesanluis.com\/wp-content\/uploads\/2023\/12\/colacion-upro.png","contentUrl":"https:\/\/apuntesdesanluis.com\/wp-content\/uploads\/2023\/12\/colacion-upro.png","width":600,"height":334},{"@type":"BreadcrumbList","@id":"https:\/\/apuntesdesanluis.com\/index.php\/2023\/12\/04\/upro-san-luis-mas-de-800-egresados-recibieron-su-diploma\/#breadcrumb","itemListElement":[{"@type":"ListItem","position":1,"name":"Inicio","item":"https:\/\/apuntesdesanluis.com\/"},{"@type":"ListItem","position":2,"name":"UPRO SAN LUIS: M\u00c1S DE 800 EGRESADOS RECIBIERON SU DIPLOMA"}]},{"@type":"WebSite","@id":"https:\/\/apuntesdesanluis.com\/#website","url":"https:\/\/apuntesdesanluis.com\/","name":"Apuntes de San Luis","description":"","publisher":{"@id":"https:\/\/apuntesdesanluis.com\/#\/schema\/person\/b55151d52296fcce64d1a72538a70b90"},"potentialAction":[{"@type":"SearchAction","target":{"@type":"EntryPoint","urlTemplate":"https:\/\/apuntesdesanluis.com\/?s={search_term_string}"},"query-input":{"@type":"PropertyValueSpecification","valueRequired":true,"valueName":"search_term_string"}}],"inLanguage":"es-AR"},{"@type":["Person","Organization"],"@id":"https:\/\/apuntesdesanluis.com\/#\/schema\/person\/b55151d52296fcce64d1a72538a70b90","name":"apuntesdesanluis.com","image":{"@type":"ImageObject","inLanguage":"es-AR","@id":"https:\/\/apuntesdesanluis.com\/#\/schema\/person\/image\/","url":"https:\/\/apuntesdesanluis.com\/wp-content\/uploads\/2023\/07\/cropped-apuntesdesanluis.png","contentUrl":"https:\/\/apuntesdesanluis.com\/wp-content\/uploads\/2023\/07\/cropped-apuntesdesanluis.png","width":450,"height":112,"caption":"apuntesdesanluis.com"},"logo":{"@id":"https:\/\/apuntesdesanluis.com\/#\/schema\/person\/image\/"},"sameAs":["https:\/\/apuntesdesanluis.com"],"url":"https:\/\/apuntesdesanluis.com\/index.php\/author\/apuntesdesanluis-com\/"}]}},"featured_image_urls":{"full":["https:\/\/apuntesdesanluis.com\/wp-content\/uploads\/2023\/12\/colacion-upro.png",600,334,false],"thumbnail":["https:\/\/apuntesdesanluis.com\/wp-content\/uploads\/2023\/12\/colacion-upro-150x150.png",150,150,true],"medium":["https:\/\/apuntesdesanluis.com\/wp-content\/uploads\/2023\/12\/colacion-upro-300x167.png",300,167,true],"medium_large":["https:\/\/apuntesdesanluis.com\/wp-content\/uploads\/2023\/12\/colacion-upro.png",600,334,false],"large":["https:\/\/apuntesdesanluis.com\/wp-content\/uploads\/2023\/12\/colacion-upro.png",600,334,false],"1536x1536":["https:\/\/apuntesdesanluis.com\/wp-content\/uploads\/2023\/12\/colacion-upro.png",600,334,false],"2048x2048":["https:\/\/apuntesdesanluis.com\/wp-content\/uploads\/2023\/12\/colacion-upro.png",600,334,false],"newsever-slider-full":["https:\/\/apuntesdesanluis.com\/wp-content\/uploads\/2023\/12\/colacion-upro.png",600,334,false],"newsever-featured":["https:\/\/apuntesdesanluis.com\/wp-content\/uploads\/2023\/12\/colacion-upro.png",600,334,false],"newsever-medium":["https:\/\/apuntesdesanluis.com\/wp-content\/uploads\/2023\/12\/colacion-upro.png",600,334,false]},"author_info":{"display_name":"apuntesdesanluis.com","author_link":"https:\/\/apuntesdesanluis.com\/index.php\/author\/apuntesdesanluis-com\/"},"category_info":"<a href=\"https:\/\/apuntesdesanluis.com\/index.php\/category\/ciudad-provincia\/\" rel=\"category tag\">Ciudad\/Provincia<\/a>","tag_info":"Ciudad\/Provincia","comment_count":"0","_links":{"self":[{"href":"https:\/\/apuntesdesanluis.com\/index.php\/wp-json\/wp\/v2\/posts\/7801","targetHints":{"allow":["GET"]}}],"collection":[{"href":"https:\/\/apuntesdesanluis.com\/index.php\/wp-json\/wp\/v2\/posts"}],"about":[{"href":"https:\/\/apuntesdesanluis.com\/index.php\/wp-json\/wp\/v2\/types\/post"}],"author":[{"embeddable":true,"href":"https:\/\/apuntesdesanluis.com\/index.php\/wp-json\/wp\/v2\/users\/1"}],"replies":[{"embeddable":true,"href":"https:\/\/apuntesdesanluis.com\/index.php\/wp-json\/wp\/v2\/comments?post=7801"}],"version-history":[{"count":2,"href":"https:\/\/apuntesdesanluis.com\/index.php\/wp-json\/wp\/v2\/posts\/7801\/revisions"}],"predecessor-version":[{"id":7805,"href":"https:\/\/apuntesdesanluis.com\/index.php\/wp-json\/wp\/v2\/posts\/7801\/revisions\/7805"}],"wp:featuredmedia":[{"embeddable":true,"href":"https:\/\/apuntesdesanluis.com\/index.php\/wp-json\/wp\/v2\/media\/7802"}],"wp:attachment":[{"href":"https:\/\/apuntesdesanluis.com\/index.php\/wp-json\/wp\/v2\/media?parent=7801"}],"wp:term":[{"taxonomy":"category","embeddable":true,"href":"https:\/\/apuntesdesanluis.com\/index.php\/wp-json\/wp\/v2\/categories?post=7801"},{"taxonomy":"post_tag","embeddable":true,"href":"https:\/\/apuntesdesanluis.com\/index.php\/wp-json\/wp\/v2\/tags?post=7801"}],"curies":[{"name":"wp","href":"https:\/\/api.w.org\/{rel}","templated":true}]}}