{"id":7806,"date":"2023-12-04T17:22:07","date_gmt":"2023-12-04T20:22:07","guid":{"rendered":"https:\/\/apuntesdesanluis.com\/?p=7806"},"modified":"2023-12-04T17:22:07","modified_gmt":"2023-12-04T20:22:07","slug":"preventiva-por-robar-a-un-remisero-y-tras-ser-detenido-escapar-de-la-comisaria","status":"publish","type":"post","link":"https:\/\/apuntesdesanluis.com\/index.php\/2023\/12\/04\/preventiva-por-robar-a-un-remisero-y-tras-ser-detenido-escapar-de-la-comisaria\/","title":{"rendered":"PREVENTIVA POR ROBAR A UN REMISERO Y TRAS SER DETENIDO ESCAPAR DE LA COMISAR\u00cdA"},"content":{"rendered":"<h3>Este lunes se venci\u00f3 la pr\u00f3rroga de detenci\u00f3n para un imputado por robo calificado por el uso de arma blanca o impropia. El Juez de Garant\u00eda hizo lugar a la medida de coerci\u00f3n solicitada por la fiscal y orden\u00f3 la prisi\u00f3n preventiva por el t\u00e9rmino de 60 d\u00edas, que deber\u00e1 cumplir en el Servicio Penitenciario Provincial.<\/h3>\n<h3>El hecho por el que viene imputado el joven, ocurri\u00f3 el pasado 28 de noviembre, oportunidad en la que el damnificado se encontraba cargando combustible en la estaci\u00f3n de servicio de Presidente Per\u00f3n y Madre Cabrini.\u00a0 En ese entonces, el imputado subi\u00f3 al remisse y le pidi\u00f3 al conductor que lo trasladara hasta un domicilio y en el trayecto lo amenaz\u00f3 con un arma blanca y le pidi\u00f3 la billetera y un tel\u00e9fono para luego bajarse del autom\u00f3vil. La fiscal mencion\u00f3 los elementos que vinculan al imputado con el hecho.<\/h3>\n<h3>La defensa, ejercida por las Dras. Cecilia Mithiaux y Noelia Paez \u2013Defensora Oficial y Defensora Adjunta respectivamente- esgrimi\u00f3 que no corresponde aplicar el agravante ya que el elemento no ha sido secuestrado y adelant\u00f3 que tampoco corresponde aplicar una medida gravosa.<\/h3>\n<h3>Por su parte, la fiscal\u00eda \u2013representada por la Dra. Daniela Torres y Gisela Milstein- inform\u00f3 que se ha sumado evidencia que da cuenta de que el elemento sustra\u00eddo fue vendido y adem\u00e1s inform\u00f3 al juez que el imputado se fug\u00f3 de la celda disciplinaria de la comisar\u00eda en donde estaba cumpliendo una pr\u00f3rroga de detenci\u00f3n \u201clo que refleja una actitud contraria a respetar el proceso\u201d, dijo la funcionaria. Solicit\u00f3 la prisi\u00f3n preventiva por el t\u00e9rmino de 60 d\u00edas.<\/h3>\n<h3>La defensa se opuso a la solicitud de medida, pidi\u00f3 que se tenga en cuenta la corta edad de su defendido, la pena en expectativa, la posibilidad de una salida alternativa del conflicto, solicit\u00f3 una prisi\u00f3n domiciliaria.<\/h3>\n<h3>El Dr. Ortiz \u2013Juez de Garant\u00eda N\u00ba 4- ratific\u00f3 los cargos por el delito de robo calificado por el uso de arma y orden\u00f3 como medida de coerci\u00f3n la prisi\u00f3n domiciliaria por 60 d\u00edas.<\/h3>\n<p>&nbsp;<\/p>\n<p>&nbsp;<\/p>\n<p>&nbsp;<\/p>\n<p>&nbsp;<\/p>\n","protected":false},"excerpt":{"rendered":"<p>Este lunes se venci\u00f3 la pr\u00f3rroga de detenci\u00f3n para un imputado por robo calificado por&#8230;<\/p>\n","protected":false},"author":1,"featured_media":7807,"comment_status":"closed","ping_status":"closed","sticky":false,"template":"","format":"standard","meta":{"footnotes":""},"categories":[6],"tags":[],"class_list":["post-7806","post","type-post","status-publish","format-standard","has-post-thumbnail","hentry","category-ciudad-provincia"],"yoast_head":"<!-- This site is optimized with the Yoast SEO plugin v26.1.1 - https:\/\/yoast.com\/wordpress\/plugins\/seo\/ -->\n<title>PREVENTIVA POR ROBAR A UN REMISERO Y TRAS SER DETENIDO ESCAPAR DE LA COMISAR\u00cdA - Apuntes de San Luis<\/title>\n<meta name=\"robots\" content=\"index, follow, max-snippet:-1, max-image-preview:large, max-video-preview:-1\" \/>\n<link rel=\"canonical\" href=\"https:\/\/apuntesdesanluis.com\/index.php\/2023\/12\/04\/preventiva-por-robar-a-un-remisero-y-tras-ser-detenido-escapar-de-la-comisaria\/\" \/>\n<meta property=\"og:locale\" content=\"es_ES\" \/>\n<meta property=\"og:type\" content=\"article\" \/>\n<meta property=\"og:title\" content=\"PREVENTIVA POR ROBAR A UN REMISERO Y TRAS SER DETENIDO ESCAPAR DE LA COMISAR\u00cdA - Apuntes de San Luis\" \/>\n<meta property=\"og:description\" content=\"Este lunes se venci\u00f3 la pr\u00f3rroga de detenci\u00f3n para un imputado por robo calificado por...\" \/>\n<meta property=\"og:url\" content=\"https:\/\/apuntesdesanluis.com\/index.php\/2023\/12\/04\/preventiva-por-robar-a-un-remisero-y-tras-ser-detenido-escapar-de-la-comisaria\/\" \/>\n<meta property=\"og:site_name\" content=\"Apuntes de San Luis\" \/>\n<meta property=\"article:published_time\" content=\"2023-12-04T20:22:07+00:00\" \/>\n<meta property=\"og:image\" content=\"https:\/\/apuntesdesanluis.com\/wp-content\/uploads\/2023\/12\/colacion-upro-1.png\" \/>\n\t<meta property=\"og:image:width\" content=\"600\" \/>\n\t<meta property=\"og:image:height\" content=\"294\" \/>\n\t<meta property=\"og:image:type\" content=\"image\/png\" \/>\n<meta name=\"author\" content=\"apuntesdesanluis.com\" \/>\n<meta name=\"twitter:card\" content=\"summary_large_image\" \/>\n<meta name=\"twitter:label1\" content=\"Escrito por\" \/>\n\t<meta name=\"twitter:data1\" content=\"apuntesdesanluis.com\" \/>\n\t<meta name=\"twitter:label2\" content=\"Tiempo de lectura\" \/>\n\t<meta name=\"twitter:data2\" content=\"2 minutos\" \/>\n<script type=\"application\/ld+json\" class=\"yoast-schema-graph\">{\"@context\":\"https:\/\/schema.org\",\"@graph\":[{\"@type\":\"Article\",\"@id\":\"https:\/\/apuntesdesanluis.com\/index.php\/2023\/12\/04\/preventiva-por-robar-a-un-remisero-y-tras-ser-detenido-escapar-de-la-comisaria\/#article\",\"isPartOf\":{\"@id\":\"https:\/\/apuntesdesanluis.com\/index.php\/2023\/12\/04\/preventiva-por-robar-a-un-remisero-y-tras-ser-detenido-escapar-de-la-comisaria\/\"},\"author\":{\"name\":\"apuntesdesanluis.com\",\"@id\":\"https:\/\/apuntesdesanluis.com\/#\/schema\/person\/b55151d52296fcce64d1a72538a70b90\"},\"headline\":\"PREVENTIVA POR ROBAR A UN REMISERO Y TRAS SER DETENIDO ESCAPAR DE LA COMISAR\u00cdA\",\"datePublished\":\"2023-12-04T20:22:07+00:00\",\"mainEntityOfPage\":{\"@id\":\"https:\/\/apuntesdesanluis.com\/index.php\/2023\/12\/04\/preventiva-por-robar-a-un-remisero-y-tras-ser-detenido-escapar-de-la-comisaria\/\"},\"wordCount\":376,\"publisher\":{\"@id\":\"https:\/\/apuntesdesanluis.com\/#\/schema\/person\/b55151d52296fcce64d1a72538a70b90\"},\"image\":{\"@id\":\"https:\/\/apuntesdesanluis.com\/index.php\/2023\/12\/04\/preventiva-por-robar-a-un-remisero-y-tras-ser-detenido-escapar-de-la-comisaria\/#primaryimage\"},\"thumbnailUrl\":\"https:\/\/apuntesdesanluis.com\/wp-content\/uploads\/2023\/12\/colacion-upro-1.png\",\"articleSection\":[\"Ciudad\/Provincia\"],\"inLanguage\":\"es-AR\"},{\"@type\":\"WebPage\",\"@id\":\"https:\/\/apuntesdesanluis.com\/index.php\/2023\/12\/04\/preventiva-por-robar-a-un-remisero-y-tras-ser-detenido-escapar-de-la-comisaria\/\",\"url\":\"https:\/\/apuntesdesanluis.com\/index.php\/2023\/12\/04\/preventiva-por-robar-a-un-remisero-y-tras-ser-detenido-escapar-de-la-comisaria\/\",\"name\":\"PREVENTIVA POR ROBAR A UN REMISERO Y TRAS SER DETENIDO ESCAPAR DE LA COMISAR\u00cdA - Apuntes de San Luis\",\"isPartOf\":{\"@id\":\"https:\/\/apuntesdesanluis.com\/#website\"},\"primaryImageOfPage\":{\"@id\":\"https:\/\/apuntesdesanluis.com\/index.php\/2023\/12\/04\/preventiva-por-robar-a-un-remisero-y-tras-ser-detenido-escapar-de-la-comisaria\/#primaryimage\"},\"image\":{\"@id\":\"https:\/\/apuntesdesanluis.com\/index.php\/2023\/12\/04\/preventiva-por-robar-a-un-remisero-y-tras-ser-detenido-escapar-de-la-comisaria\/#primaryimage\"},\"thumbnailUrl\":\"https:\/\/apuntesdesanluis.com\/wp-content\/uploads\/2023\/12\/colacion-upro-1.png\",\"datePublished\":\"2023-12-04T20:22:07+00:00\",\"breadcrumb\":{\"@id\":\"https:\/\/apuntesdesanluis.com\/index.php\/2023\/12\/04\/preventiva-por-robar-a-un-remisero-y-tras-ser-detenido-escapar-de-la-comisaria\/#breadcrumb\"},\"inLanguage\":\"es-AR\",\"potentialAction\":[{\"@type\":\"ReadAction\",\"target\":[\"https:\/\/apuntesdesanluis.com\/index.php\/2023\/12\/04\/preventiva-por-robar-a-un-remisero-y-tras-ser-detenido-escapar-de-la-comisaria\/\"]}]},{\"@type\":\"ImageObject\",\"inLanguage\":\"es-AR\",\"@id\":\"https:\/\/apuntesdesanluis.com\/index.php\/2023\/12\/04\/preventiva-por-robar-a-un-remisero-y-tras-ser-detenido-escapar-de-la-comisaria\/#primaryimage\",\"url\":\"https:\/\/apuntesdesanluis.com\/wp-content\/uploads\/2023\/12\/colacion-upro-1.png\",\"contentUrl\":\"https:\/\/apuntesdesanluis.com\/wp-content\/uploads\/2023\/12\/colacion-upro-1.png\",\"width\":600,\"height\":294},{\"@type\":\"BreadcrumbList\",\"@id\":\"https:\/\/apuntesdesanluis.com\/index.php\/2023\/12\/04\/preventiva-por-robar-a-un-remisero-y-tras-ser-detenido-escapar-de-la-comisaria\/#breadcrumb\",\"itemListElement\":[{\"@type\":\"ListItem\",\"position\":1,\"name\":\"Inicio\",\"item\":\"https:\/\/apuntesdesanluis.com\/\"},{\"@type\":\"ListItem\",\"position\":2,\"name\":\"PREVENTIVA POR ROBAR A UN REMISERO Y TRAS SER DETENIDO ESCAPAR DE LA COMISAR\u00cdA\"}]},{\"@type\":\"WebSite\",\"@id\":\"https:\/\/apuntesdesanluis.com\/#website\",\"url\":\"https:\/\/apuntesdesanluis.com\/\",\"name\":\"Apuntes de San Luis\",\"description\":\"\",\"publisher\":{\"@id\":\"https:\/\/apuntesdesanluis.com\/#\/schema\/person\/b55151d52296fcce64d1a72538a70b90\"},\"potentialAction\":[{\"@type\":\"SearchAction\",\"target\":{\"@type\":\"EntryPoint\",\"urlTemplate\":\"https:\/\/apuntesdesanluis.com\/?s={search_term_string}\"},\"query-input\":{\"@type\":\"PropertyValueSpecification\",\"valueRequired\":true,\"valueName\":\"search_term_string\"}}],\"inLanguage\":\"es-AR\"},{\"@type\":[\"Person\",\"Organization\"],\"@id\":\"https:\/\/apuntesdesanluis.com\/#\/schema\/person\/b55151d52296fcce64d1a72538a70b90\",\"name\":\"apuntesdesanluis.com\",\"image\":{\"@type\":\"ImageObject\",\"inLanguage\":\"es-AR\",\"@id\":\"https:\/\/apuntesdesanluis.com\/#\/schema\/person\/image\/\",\"url\":\"https:\/\/apuntesdesanluis.com\/wp-content\/uploads\/2023\/07\/cropped-apuntesdesanluis.png\",\"contentUrl\":\"https:\/\/apuntesdesanluis.com\/wp-content\/uploads\/2023\/07\/cropped-apuntesdesanluis.png\",\"width\":450,\"height\":112,\"caption\":\"apuntesdesanluis.com\"},\"logo\":{\"@id\":\"https:\/\/apuntesdesanluis.com\/#\/schema\/person\/image\/\"},\"sameAs\":[\"https:\/\/apuntesdesanluis.com\"],\"url\":\"https:\/\/apuntesdesanluis.com\/index.php\/author\/apuntesdesanluis-com\/\"}]}<\/script>\n<!-- \/ Yoast SEO plugin. -->","yoast_head_json":{"title":"PREVENTIVA POR ROBAR A UN REMISERO Y TRAS SER DETENIDO ESCAPAR DE LA COMISAR\u00cdA - Apuntes de San Luis","robots":{"index":"index","follow":"follow","max-snippet":"max-snippet:-1","max-image-preview":"max-image-preview:large","max-video-preview":"max-video-preview:-1"},"canonical":"https:\/\/apuntesdesanluis.com\/index.php\/2023\/12\/04\/preventiva-por-robar-a-un-remisero-y-tras-ser-detenido-escapar-de-la-comisaria\/","og_locale":"es_ES","og_type":"article","og_title":"PREVENTIVA POR ROBAR A UN REMISERO Y TRAS SER DETENIDO ESCAPAR DE LA COMISAR\u00cdA - Apuntes de San Luis","og_description":"Este lunes se venci\u00f3 la pr\u00f3rroga de detenci\u00f3n para un imputado por robo calificado por...","og_url":"https:\/\/apuntesdesanluis.com\/index.php\/2023\/12\/04\/preventiva-por-robar-a-un-remisero-y-tras-ser-detenido-escapar-de-la-comisaria\/","og_site_name":"Apuntes de San Luis","article_published_time":"2023-12-04T20:22:07+00:00","og_image":[{"width":600,"height":294,"url":"https:\/\/apuntesdesanluis.com\/wp-content\/uploads\/2023\/12\/colacion-upro-1.png","type":"image\/png"}],"author":"apuntesdesanluis.com","twitter_card":"summary_large_image","twitter_misc":{"Escrito por":"apuntesdesanluis.com","Tiempo de lectura":"2 minutos"},"schema":{"@context":"https:\/\/schema.org","@graph":[{"@type":"Article","@id":"https:\/\/apuntesdesanluis.com\/index.php\/2023\/12\/04\/preventiva-por-robar-a-un-remisero-y-tras-ser-detenido-escapar-de-la-comisaria\/#article","isPartOf":{"@id":"https:\/\/apuntesdesanluis.com\/index.php\/2023\/12\/04\/preventiva-por-robar-a-un-remisero-y-tras-ser-detenido-escapar-de-la-comisaria\/"},"author":{"name":"apuntesdesanluis.com","@id":"https:\/\/apuntesdesanluis.com\/#\/schema\/person\/b55151d52296fcce64d1a72538a70b90"},"headline":"PREVENTIVA POR ROBAR A UN REMISERO Y TRAS SER DETENIDO ESCAPAR DE LA COMISAR\u00cdA","datePublished":"2023-12-04T20:22:07+00:00","mainEntityOfPage":{"@id":"https:\/\/apuntesdesanluis.com\/index.php\/2023\/12\/04\/preventiva-por-robar-a-un-remisero-y-tras-ser-detenido-escapar-de-la-comisaria\/"},"wordCount":376,"publisher":{"@id":"https:\/\/apuntesdesanluis.com\/#\/schema\/person\/b55151d52296fcce64d1a72538a70b90"},"image":{"@id":"https:\/\/apuntesdesanluis.com\/index.php\/2023\/12\/04\/preventiva-por-robar-a-un-remisero-y-tras-ser-detenido-escapar-de-la-comisaria\/#primaryimage"},"thumbnailUrl":"https:\/\/apuntesdesanluis.com\/wp-content\/uploads\/2023\/12\/colacion-upro-1.png","articleSection":["Ciudad\/Provincia"],"inLanguage":"es-AR"},{"@type":"WebPage","@id":"https:\/\/apuntesdesanluis.com\/index.php\/2023\/12\/04\/preventiva-por-robar-a-un-remisero-y-tras-ser-detenido-escapar-de-la-comisaria\/","url":"https:\/\/apuntesdesanluis.com\/index.php\/2023\/12\/04\/preventiva-por-robar-a-un-remisero-y-tras-ser-detenido-escapar-de-la-comisaria\/","name":"PREVENTIVA POR ROBAR A UN REMISERO Y TRAS SER DETENIDO ESCAPAR DE LA COMISAR\u00cdA - Apuntes de San Luis","isPartOf":{"@id":"https:\/\/apuntesdesanluis.com\/#website"},"primaryImageOfPage":{"@id":"https:\/\/apuntesdesanluis.com\/index.php\/2023\/12\/04\/preventiva-por-robar-a-un-remisero-y-tras-ser-detenido-escapar-de-la-comisaria\/#primaryimage"},"image":{"@id":"https:\/\/apuntesdesanluis.com\/index.php\/2023\/12\/04\/preventiva-por-robar-a-un-remisero-y-tras-ser-detenido-escapar-de-la-comisaria\/#primaryimage"},"thumbnailUrl":"https:\/\/apuntesdesanluis.com\/wp-content\/uploads\/2023\/12\/colacion-upro-1.png","datePublished":"2023-12-04T20:22:07+00:00","breadcrumb":{"@id":"https:\/\/apuntesdesanluis.com\/index.php\/2023\/12\/04\/preventiva-por-robar-a-un-remisero-y-tras-ser-detenido-escapar-de-la-comisaria\/#breadcrumb"},"inLanguage":"es-AR","potentialAction":[{"@type":"ReadAction","target":["https:\/\/apuntesdesanluis.com\/index.php\/2023\/12\/04\/preventiva-por-robar-a-un-remisero-y-tras-ser-detenido-escapar-de-la-comisaria\/"]}]},{"@type":"ImageObject","inLanguage":"es-AR","@id":"https:\/\/apuntesdesanluis.com\/index.php\/2023\/12\/04\/preventiva-por-robar-a-un-remisero-y-tras-ser-detenido-escapar-de-la-comisaria\/#primaryimage","url":"https:\/\/apuntesdesanluis.com\/wp-content\/uploads\/2023\/12\/colacion-upro-1.png","contentUrl":"https:\/\/apuntesdesanluis.com\/wp-content\/uploads\/2023\/12\/colacion-upro-1.png","width":600,"height":294},{"@type":"BreadcrumbList","@id":"https:\/\/apuntesdesanluis.com\/index.php\/2023\/12\/04\/preventiva-por-robar-a-un-remisero-y-tras-ser-detenido-escapar-de-la-comisaria\/#breadcrumb","itemListElement":[{"@type":"ListItem","position":1,"name":"Inicio","item":"https:\/\/apuntesdesanluis.com\/"},{"@type":"ListItem","position":2,"name":"PREVENTIVA POR ROBAR A UN REMISERO Y TRAS SER DETENIDO ESCAPAR DE LA COMISAR\u00cdA"}]},{"@type":"WebSite","@id":"https:\/\/apuntesdesanluis.com\/#website","url":"https:\/\/apuntesdesanluis.com\/","name":"Apuntes de San Luis","description":"","publisher":{"@id":"https:\/\/apuntesdesanluis.com\/#\/schema\/person\/b55151d52296fcce64d1a72538a70b90"},"potentialAction":[{"@type":"SearchAction","target":{"@type":"EntryPoint","urlTemplate":"https:\/\/apuntesdesanluis.com\/?s={search_term_string}"},"query-input":{"@type":"PropertyValueSpecification","valueRequired":true,"valueName":"search_term_string"}}],"inLanguage":"es-AR"},{"@type":["Person","Organization"],"@id":"https:\/\/apuntesdesanluis.com\/#\/schema\/person\/b55151d52296fcce64d1a72538a70b90","name":"apuntesdesanluis.com","image":{"@type":"ImageObject","inLanguage":"es-AR","@id":"https:\/\/apuntesdesanluis.com\/#\/schema\/person\/image\/","url":"https:\/\/apuntesdesanluis.com\/wp-content\/uploads\/2023\/07\/cropped-apuntesdesanluis.png","contentUrl":"https:\/\/apuntesdesanluis.com\/wp-content\/uploads\/2023\/07\/cropped-apuntesdesanluis.png","width":450,"height":112,"caption":"apuntesdesanluis.com"},"logo":{"@id":"https:\/\/apuntesdesanluis.com\/#\/schema\/person\/image\/"},"sameAs":["https:\/\/apuntesdesanluis.com"],"url":"https:\/\/apuntesdesanluis.com\/index.php\/author\/apuntesdesanluis-com\/"}]}},"featured_image_urls":{"full":["https:\/\/apuntesdesanluis.com\/wp-content\/uploads\/2023\/12\/colacion-upro-1.png",600,294,false],"thumbnail":["https:\/\/apuntesdesanluis.com\/wp-content\/uploads\/2023\/12\/colacion-upro-1-150x150.png",150,150,true],"medium":["https:\/\/apuntesdesanluis.com\/wp-content\/uploads\/2023\/12\/colacion-upro-1-300x147.png",300,147,true],"medium_large":["https:\/\/apuntesdesanluis.com\/wp-content\/uploads\/2023\/12\/colacion-upro-1.png",600,294,false],"large":["https:\/\/apuntesdesanluis.com\/wp-content\/uploads\/2023\/12\/colacion-upro-1.png",600,294,false],"1536x1536":["https:\/\/apuntesdesanluis.com\/wp-content\/uploads\/2023\/12\/colacion-upro-1.png",600,294,false],"2048x2048":["https:\/\/apuntesdesanluis.com\/wp-content\/uploads\/2023\/12\/colacion-upro-1.png",600,294,false],"newsever-slider-full":["https:\/\/apuntesdesanluis.com\/wp-content\/uploads\/2023\/12\/colacion-upro-1.png",600,294,false],"newsever-featured":["https:\/\/apuntesdesanluis.com\/wp-content\/uploads\/2023\/12\/colacion-upro-1.png",600,294,false],"newsever-medium":["https:\/\/apuntesdesanluis.com\/wp-content\/uploads\/2023\/12\/colacion-upro-1.png",600,294,false]},"author_info":{"display_name":"apuntesdesanluis.com","author_link":"https:\/\/apuntesdesanluis.com\/index.php\/author\/apuntesdesanluis-com\/"},"category_info":"<a href=\"https:\/\/apuntesdesanluis.com\/index.php\/category\/ciudad-provincia\/\" rel=\"category tag\">Ciudad\/Provincia<\/a>","tag_info":"Ciudad\/Provincia","comment_count":"0","_links":{"self":[{"href":"https:\/\/apuntesdesanluis.com\/index.php\/wp-json\/wp\/v2\/posts\/7806","targetHints":{"allow":["GET"]}}],"collection":[{"href":"https:\/\/apuntesdesanluis.com\/index.php\/wp-json\/wp\/v2\/posts"}],"about":[{"href":"https:\/\/apuntesdesanluis.com\/index.php\/wp-json\/wp\/v2\/types\/post"}],"author":[{"embeddable":true,"href":"https:\/\/apuntesdesanluis.com\/index.php\/wp-json\/wp\/v2\/users\/1"}],"replies":[{"embeddable":true,"href":"https:\/\/apuntesdesanluis.com\/index.php\/wp-json\/wp\/v2\/comments?post=7806"}],"version-history":[{"count":1,"href":"https:\/\/apuntesdesanluis.com\/index.php\/wp-json\/wp\/v2\/posts\/7806\/revisions"}],"predecessor-version":[{"id":7808,"href":"https:\/\/apuntesdesanluis.com\/index.php\/wp-json\/wp\/v2\/posts\/7806\/revisions\/7808"}],"wp:featuredmedia":[{"embeddable":true,"href":"https:\/\/apuntesdesanluis.com\/index.php\/wp-json\/wp\/v2\/media\/7807"}],"wp:attachment":[{"href":"https:\/\/apuntesdesanluis.com\/index.php\/wp-json\/wp\/v2\/media?parent=7806"}],"wp:term":[{"taxonomy":"category","embeddable":true,"href":"https:\/\/apuntesdesanluis.com\/index.php\/wp-json\/wp\/v2\/categories?post=7806"},{"taxonomy":"post_tag","embeddable":true,"href":"https:\/\/apuntesdesanluis.com\/index.php\/wp-json\/wp\/v2\/tags?post=7806"}],"curies":[{"name":"wp","href":"https:\/\/api.w.org\/{rel}","templated":true}]}}