{"id":7813,"date":"2023-12-04T17:50:25","date_gmt":"2023-12-04T20:50:25","guid":{"rendered":"https:\/\/apuntesdesanluis.com\/?p=7813"},"modified":"2023-12-04T17:50:25","modified_gmt":"2023-12-04T20:50:25","slug":"incendio-bo-la-ribera-piden-prision-perpetua-para-la-madre-de-la-nina-que-murio","status":"publish","type":"post","link":"https:\/\/apuntesdesanluis.com\/index.php\/2023\/12\/04\/incendio-bo-la-ribera-piden-prision-perpetua-para-la-madre-de-la-nina-que-murio\/","title":{"rendered":"INCENDIO B\u00ba LA RIBERA: PIDEN PRISI\u00d3N PERPETUA PARA LA MADRE DE LA NI\u00d1A QUE MURI\u00d3"},"content":{"rendered":"<h3>Este lunes se desarroll\u00f3 la audiencia de control de acusaci\u00f3n. Fiscal\u00eda pidi\u00f3 la m\u00e1xima pena. La mujer seguir\u00e1 cumpliendo la medida de coerci\u00f3n.<\/h3>\n<h3>El Juez de Garant\u00eda N\u00ba 4 de la Segunda Circunscripci\u00f3n Judicial dispuso la apertura a juicio para una mujer imputada por el delito de homicidio calificado por el v\u00ednculo y por alevos\u00eda.<\/h3>\n<h3>El hecho sucedi\u00f3 el pasado 12 de marzo en el Barrio La Ribera de Villa Mercedes donde, producto de un incendio, falleci\u00f3 <strong>Abril Fern\u00e1ndez<\/strong> de 11 a\u00f1os, quien conviv\u00eda con su mam\u00e1 y seg\u00fan el informe forense, falleci\u00f3 a causa de una broncoaspiraci\u00f3n.<\/h3>\n<p><img fetchpriority=\"high\" decoding=\"async\" class=\"wp-image-7815 aligncenter\" src=\"https:\/\/apuntesdesanluis.com\/wp-content\/uploads\/2023\/12\/incendio-barrio-la-ribera-300x150.png\" alt=\"\" width=\"658\" height=\"329\" srcset=\"https:\/\/apuntesdesanluis.com\/wp-content\/uploads\/2023\/12\/incendio-barrio-la-ribera-300x150.png 300w, https:\/\/apuntesdesanluis.com\/wp-content\/uploads\/2023\/12\/incendio-barrio-la-ribera.png 564w\" sizes=\"(max-width: 658px) 100vw, 658px\" \/><\/p>\n<h3>En abril, la madre de la ni\u00f1a fue imputada provisoriamente por el delito de homicidio doblemente calificado por el v\u00ednculo y por ser cometido con alevos\u00eda y le ordenaron como medida la prisi\u00f3n domiciliaria por el t\u00e9rmino de cuatro meses.<\/h3>\n<h3>En representaci\u00f3n del Ministerio P\u00fablico Fiscal intervinieron, el Dr. Maximiliano Bazla \u2013Fiscal de Instrucci\u00f3n- y el Dr. Marcelo Salda\u00f1o \u2013Fiscal Adjunto-. En representaci\u00f3n del particular damnificado (padre de la nena) intervino la Dra. Laura Rodriguez y como defensores de la imputada, a Dra. Leticia Latini y el Dr. Daniel Fernandez.<\/h3>\n<h3>En la audiencia de este lunes, la fiscal\u00eda relat\u00f3 y describi\u00f3 los hechos. Solicit\u00f3 que la causa sea elevada a juicio oral y que la mujer sea condenada a la pena de prisi\u00f3n perpetua por el delito de homicidio calificado por el v\u00ednculo y por alevos\u00eda en perjuicio de su hija. La representante del particular damnificado adhiri\u00f3 a lo solicitado.<\/h3>\n<h3>En tanto que la defensa solicit\u00f3 el sobreseimiento de su defendida y consider\u00f3 entre varias cuestiones; \u201chay contradicciones en la acusaci\u00f3n fiscal\u201d y \u201cno hay relaci\u00f3n entre el hecho riesgoso (incendio) y la causa del fallecimiento de la ni\u00f1a\u201d. Adem\u00e1s expresaron que, la pena es excesiva y que la mujer presenta una situaci\u00f3n ps\u00edquica grave.<\/h3>\n<h3>Tambi\u00e9n en la audiencia se analiz\u00f3 sobre nulidades planteadas por la defensa. Estas fueron rechazadas por fiscal\u00eda y el particular damnificado y fueron consideradas extempor\u00e1neas por el juez. Por otra parte, las partes ofrecieron pruebas tanto testimoniales como documentales.<\/h3>\n<h3>Finalmente, el Dr. Santiago Ortiz resolvi\u00f3 disponer la apertura a juicio oral, elevar la causa al Colegio de Jueces y prorrogar la medida de coerci\u00f3n por el t\u00e9rmino de 60 d\u00edas.<\/h3>\n","protected":false},"excerpt":{"rendered":"<p>Este lunes se desarroll\u00f3 la audiencia de control de acusaci\u00f3n. Fiscal\u00eda pidi\u00f3 la m\u00e1xima pena&#8230;.<\/p>\n","protected":false},"author":1,"featured_media":7814,"comment_status":"closed","ping_status":"closed","sticky":false,"template":"","format":"standard","meta":{"footnotes":""},"categories":[6],"tags":[],"class_list":["post-7813","post","type-post","status-publish","format-standard","has-post-thumbnail","hentry","category-ciudad-provincia"],"yoast_head":"<!-- This site is optimized with the Yoast SEO plugin v26.1.1 - https:\/\/yoast.com\/wordpress\/plugins\/seo\/ -->\n<title>INCENDIO B\u00ba LA RIBERA: PIDEN PRISI\u00d3N PERPETUA PARA LA MADRE DE LA NI\u00d1A QUE MURI\u00d3 - Apuntes de San Luis<\/title>\n<meta name=\"robots\" content=\"index, follow, max-snippet:-1, max-image-preview:large, max-video-preview:-1\" \/>\n<link rel=\"canonical\" href=\"https:\/\/apuntesdesanluis.com\/index.php\/2023\/12\/04\/incendio-bo-la-ribera-piden-prision-perpetua-para-la-madre-de-la-nina-que-murio\/\" \/>\n<meta property=\"og:locale\" content=\"es_ES\" \/>\n<meta property=\"og:type\" content=\"article\" \/>\n<meta property=\"og:title\" content=\"INCENDIO B\u00ba LA RIBERA: PIDEN PRISI\u00d3N PERPETUA PARA LA MADRE DE LA NI\u00d1A QUE MURI\u00d3 - Apuntes de San Luis\" \/>\n<meta property=\"og:description\" content=\"Este lunes se desarroll\u00f3 la audiencia de control de acusaci\u00f3n. Fiscal\u00eda pidi\u00f3 la m\u00e1xima pena....\" \/>\n<meta property=\"og:url\" content=\"https:\/\/apuntesdesanluis.com\/index.php\/2023\/12\/04\/incendio-bo-la-ribera-piden-prision-perpetua-para-la-madre-de-la-nina-que-murio\/\" \/>\n<meta property=\"og:site_name\" content=\"Apuntes de San Luis\" \/>\n<meta property=\"article:published_time\" content=\"2023-12-04T20:50:25+00:00\" \/>\n<meta property=\"og:image\" content=\"https:\/\/apuntesdesanluis.com\/wp-content\/uploads\/2023\/12\/audiencia-por-incendio.png\" \/>\n\t<meta property=\"og:image:width\" content=\"600\" \/>\n\t<meta property=\"og:image:height\" content=\"316\" \/>\n\t<meta property=\"og:image:type\" content=\"image\/png\" \/>\n<meta name=\"author\" content=\"apuntesdesanluis.com\" \/>\n<meta name=\"twitter:card\" content=\"summary_large_image\" \/>\n<meta name=\"twitter:label1\" content=\"Escrito por\" \/>\n\t<meta name=\"twitter:data1\" content=\"apuntesdesanluis.com\" \/>\n\t<meta name=\"twitter:label2\" content=\"Tiempo de lectura\" \/>\n\t<meta name=\"twitter:data2\" content=\"2 minutos\" \/>\n<script type=\"application\/ld+json\" class=\"yoast-schema-graph\">{\"@context\":\"https:\/\/schema.org\",\"@graph\":[{\"@type\":\"Article\",\"@id\":\"https:\/\/apuntesdesanluis.com\/index.php\/2023\/12\/04\/incendio-bo-la-ribera-piden-prision-perpetua-para-la-madre-de-la-nina-que-murio\/#article\",\"isPartOf\":{\"@id\":\"https:\/\/apuntesdesanluis.com\/index.php\/2023\/12\/04\/incendio-bo-la-ribera-piden-prision-perpetua-para-la-madre-de-la-nina-que-murio\/\"},\"author\":{\"name\":\"apuntesdesanluis.com\",\"@id\":\"https:\/\/apuntesdesanluis.com\/#\/schema\/person\/b55151d52296fcce64d1a72538a70b90\"},\"headline\":\"INCENDIO B\u00ba LA RIBERA: PIDEN PRISI\u00d3N PERPETUA PARA LA MADRE DE LA NI\u00d1A QUE MURI\u00d3\",\"datePublished\":\"2023-12-04T20:50:25+00:00\",\"mainEntityOfPage\":{\"@id\":\"https:\/\/apuntesdesanluis.com\/index.php\/2023\/12\/04\/incendio-bo-la-ribera-piden-prision-perpetua-para-la-madre-de-la-nina-que-murio\/\"},\"wordCount\":425,\"publisher\":{\"@id\":\"https:\/\/apuntesdesanluis.com\/#\/schema\/person\/b55151d52296fcce64d1a72538a70b90\"},\"image\":{\"@id\":\"https:\/\/apuntesdesanluis.com\/index.php\/2023\/12\/04\/incendio-bo-la-ribera-piden-prision-perpetua-para-la-madre-de-la-nina-que-murio\/#primaryimage\"},\"thumbnailUrl\":\"https:\/\/apuntesdesanluis.com\/wp-content\/uploads\/2023\/12\/audiencia-por-incendio.png\",\"articleSection\":[\"Ciudad\/Provincia\"],\"inLanguage\":\"es-AR\"},{\"@type\":\"WebPage\",\"@id\":\"https:\/\/apuntesdesanluis.com\/index.php\/2023\/12\/04\/incendio-bo-la-ribera-piden-prision-perpetua-para-la-madre-de-la-nina-que-murio\/\",\"url\":\"https:\/\/apuntesdesanluis.com\/index.php\/2023\/12\/04\/incendio-bo-la-ribera-piden-prision-perpetua-para-la-madre-de-la-nina-que-murio\/\",\"name\":\"INCENDIO B\u00ba LA RIBERA: PIDEN PRISI\u00d3N PERPETUA PARA LA MADRE DE LA NI\u00d1A QUE MURI\u00d3 - Apuntes de San Luis\",\"isPartOf\":{\"@id\":\"https:\/\/apuntesdesanluis.com\/#website\"},\"primaryImageOfPage\":{\"@id\":\"https:\/\/apuntesdesanluis.com\/index.php\/2023\/12\/04\/incendio-bo-la-ribera-piden-prision-perpetua-para-la-madre-de-la-nina-que-murio\/#primaryimage\"},\"image\":{\"@id\":\"https:\/\/apuntesdesanluis.com\/index.php\/2023\/12\/04\/incendio-bo-la-ribera-piden-prision-perpetua-para-la-madre-de-la-nina-que-murio\/#primaryimage\"},\"thumbnailUrl\":\"https:\/\/apuntesdesanluis.com\/wp-content\/uploads\/2023\/12\/audiencia-por-incendio.png\",\"datePublished\":\"2023-12-04T20:50:25+00:00\",\"breadcrumb\":{\"@id\":\"https:\/\/apuntesdesanluis.com\/index.php\/2023\/12\/04\/incendio-bo-la-ribera-piden-prision-perpetua-para-la-madre-de-la-nina-que-murio\/#breadcrumb\"},\"inLanguage\":\"es-AR\",\"potentialAction\":[{\"@type\":\"ReadAction\",\"target\":[\"https:\/\/apuntesdesanluis.com\/index.php\/2023\/12\/04\/incendio-bo-la-ribera-piden-prision-perpetua-para-la-madre-de-la-nina-que-murio\/\"]}]},{\"@type\":\"ImageObject\",\"inLanguage\":\"es-AR\",\"@id\":\"https:\/\/apuntesdesanluis.com\/index.php\/2023\/12\/04\/incendio-bo-la-ribera-piden-prision-perpetua-para-la-madre-de-la-nina-que-murio\/#primaryimage\",\"url\":\"https:\/\/apuntesdesanluis.com\/wp-content\/uploads\/2023\/12\/audiencia-por-incendio.png\",\"contentUrl\":\"https:\/\/apuntesdesanluis.com\/wp-content\/uploads\/2023\/12\/audiencia-por-incendio.png\",\"width\":600,\"height\":316},{\"@type\":\"BreadcrumbList\",\"@id\":\"https:\/\/apuntesdesanluis.com\/index.php\/2023\/12\/04\/incendio-bo-la-ribera-piden-prision-perpetua-para-la-madre-de-la-nina-que-murio\/#breadcrumb\",\"itemListElement\":[{\"@type\":\"ListItem\",\"position\":1,\"name\":\"Inicio\",\"item\":\"https:\/\/apuntesdesanluis.com\/\"},{\"@type\":\"ListItem\",\"position\":2,\"name\":\"INCENDIO B\u00ba LA RIBERA: PIDEN PRISI\u00d3N PERPETUA PARA LA MADRE DE LA NI\u00d1A QUE MURI\u00d3\"}]},{\"@type\":\"WebSite\",\"@id\":\"https:\/\/apuntesdesanluis.com\/#website\",\"url\":\"https:\/\/apuntesdesanluis.com\/\",\"name\":\"Apuntes de San Luis\",\"description\":\"\",\"publisher\":{\"@id\":\"https:\/\/apuntesdesanluis.com\/#\/schema\/person\/b55151d52296fcce64d1a72538a70b90\"},\"potentialAction\":[{\"@type\":\"SearchAction\",\"target\":{\"@type\":\"EntryPoint\",\"urlTemplate\":\"https:\/\/apuntesdesanluis.com\/?s={search_term_string}\"},\"query-input\":{\"@type\":\"PropertyValueSpecification\",\"valueRequired\":true,\"valueName\":\"search_term_string\"}}],\"inLanguage\":\"es-AR\"},{\"@type\":[\"Person\",\"Organization\"],\"@id\":\"https:\/\/apuntesdesanluis.com\/#\/schema\/person\/b55151d52296fcce64d1a72538a70b90\",\"name\":\"apuntesdesanluis.com\",\"image\":{\"@type\":\"ImageObject\",\"inLanguage\":\"es-AR\",\"@id\":\"https:\/\/apuntesdesanluis.com\/#\/schema\/person\/image\/\",\"url\":\"https:\/\/apuntesdesanluis.com\/wp-content\/uploads\/2023\/07\/cropped-apuntesdesanluis.png\",\"contentUrl\":\"https:\/\/apuntesdesanluis.com\/wp-content\/uploads\/2023\/07\/cropped-apuntesdesanluis.png\",\"width\":450,\"height\":112,\"caption\":\"apuntesdesanluis.com\"},\"logo\":{\"@id\":\"https:\/\/apuntesdesanluis.com\/#\/schema\/person\/image\/\"},\"sameAs\":[\"https:\/\/apuntesdesanluis.com\"],\"url\":\"https:\/\/apuntesdesanluis.com\/index.php\/author\/apuntesdesanluis-com\/\"}]}<\/script>\n<!-- \/ Yoast SEO plugin. -->","yoast_head_json":{"title":"INCENDIO B\u00ba LA RIBERA: PIDEN PRISI\u00d3N PERPETUA PARA LA MADRE DE LA NI\u00d1A QUE MURI\u00d3 - Apuntes de San Luis","robots":{"index":"index","follow":"follow","max-snippet":"max-snippet:-1","max-image-preview":"max-image-preview:large","max-video-preview":"max-video-preview:-1"},"canonical":"https:\/\/apuntesdesanluis.com\/index.php\/2023\/12\/04\/incendio-bo-la-ribera-piden-prision-perpetua-para-la-madre-de-la-nina-que-murio\/","og_locale":"es_ES","og_type":"article","og_title":"INCENDIO B\u00ba LA RIBERA: PIDEN PRISI\u00d3N PERPETUA PARA LA MADRE DE LA NI\u00d1A QUE MURI\u00d3 - Apuntes de San Luis","og_description":"Este lunes se desarroll\u00f3 la audiencia de control de acusaci\u00f3n. Fiscal\u00eda pidi\u00f3 la m\u00e1xima pena....","og_url":"https:\/\/apuntesdesanluis.com\/index.php\/2023\/12\/04\/incendio-bo-la-ribera-piden-prision-perpetua-para-la-madre-de-la-nina-que-murio\/","og_site_name":"Apuntes de San Luis","article_published_time":"2023-12-04T20:50:25+00:00","og_image":[{"width":600,"height":316,"url":"https:\/\/apuntesdesanluis.com\/wp-content\/uploads\/2023\/12\/audiencia-por-incendio.png","type":"image\/png"}],"author":"apuntesdesanluis.com","twitter_card":"summary_large_image","twitter_misc":{"Escrito por":"apuntesdesanluis.com","Tiempo de lectura":"2 minutos"},"schema":{"@context":"https:\/\/schema.org","@graph":[{"@type":"Article","@id":"https:\/\/apuntesdesanluis.com\/index.php\/2023\/12\/04\/incendio-bo-la-ribera-piden-prision-perpetua-para-la-madre-de-la-nina-que-murio\/#article","isPartOf":{"@id":"https:\/\/apuntesdesanluis.com\/index.php\/2023\/12\/04\/incendio-bo-la-ribera-piden-prision-perpetua-para-la-madre-de-la-nina-que-murio\/"},"author":{"name":"apuntesdesanluis.com","@id":"https:\/\/apuntesdesanluis.com\/#\/schema\/person\/b55151d52296fcce64d1a72538a70b90"},"headline":"INCENDIO B\u00ba LA RIBERA: PIDEN PRISI\u00d3N PERPETUA PARA LA MADRE DE LA NI\u00d1A QUE MURI\u00d3","datePublished":"2023-12-04T20:50:25+00:00","mainEntityOfPage":{"@id":"https:\/\/apuntesdesanluis.com\/index.php\/2023\/12\/04\/incendio-bo-la-ribera-piden-prision-perpetua-para-la-madre-de-la-nina-que-murio\/"},"wordCount":425,"publisher":{"@id":"https:\/\/apuntesdesanluis.com\/#\/schema\/person\/b55151d52296fcce64d1a72538a70b90"},"image":{"@id":"https:\/\/apuntesdesanluis.com\/index.php\/2023\/12\/04\/incendio-bo-la-ribera-piden-prision-perpetua-para-la-madre-de-la-nina-que-murio\/#primaryimage"},"thumbnailUrl":"https:\/\/apuntesdesanluis.com\/wp-content\/uploads\/2023\/12\/audiencia-por-incendio.png","articleSection":["Ciudad\/Provincia"],"inLanguage":"es-AR"},{"@type":"WebPage","@id":"https:\/\/apuntesdesanluis.com\/index.php\/2023\/12\/04\/incendio-bo-la-ribera-piden-prision-perpetua-para-la-madre-de-la-nina-que-murio\/","url":"https:\/\/apuntesdesanluis.com\/index.php\/2023\/12\/04\/incendio-bo-la-ribera-piden-prision-perpetua-para-la-madre-de-la-nina-que-murio\/","name":"INCENDIO B\u00ba LA RIBERA: PIDEN PRISI\u00d3N PERPETUA PARA LA MADRE DE LA NI\u00d1A QUE MURI\u00d3 - Apuntes de San Luis","isPartOf":{"@id":"https:\/\/apuntesdesanluis.com\/#website"},"primaryImageOfPage":{"@id":"https:\/\/apuntesdesanluis.com\/index.php\/2023\/12\/04\/incendio-bo-la-ribera-piden-prision-perpetua-para-la-madre-de-la-nina-que-murio\/#primaryimage"},"image":{"@id":"https:\/\/apuntesdesanluis.com\/index.php\/2023\/12\/04\/incendio-bo-la-ribera-piden-prision-perpetua-para-la-madre-de-la-nina-que-murio\/#primaryimage"},"thumbnailUrl":"https:\/\/apuntesdesanluis.com\/wp-content\/uploads\/2023\/12\/audiencia-por-incendio.png","datePublished":"2023-12-04T20:50:25+00:00","breadcrumb":{"@id":"https:\/\/apuntesdesanluis.com\/index.php\/2023\/12\/04\/incendio-bo-la-ribera-piden-prision-perpetua-para-la-madre-de-la-nina-que-murio\/#breadcrumb"},"inLanguage":"es-AR","potentialAction":[{"@type":"ReadAction","target":["https:\/\/apuntesdesanluis.com\/index.php\/2023\/12\/04\/incendio-bo-la-ribera-piden-prision-perpetua-para-la-madre-de-la-nina-que-murio\/"]}]},{"@type":"ImageObject","inLanguage":"es-AR","@id":"https:\/\/apuntesdesanluis.com\/index.php\/2023\/12\/04\/incendio-bo-la-ribera-piden-prision-perpetua-para-la-madre-de-la-nina-que-murio\/#primaryimage","url":"https:\/\/apuntesdesanluis.com\/wp-content\/uploads\/2023\/12\/audiencia-por-incendio.png","contentUrl":"https:\/\/apuntesdesanluis.com\/wp-content\/uploads\/2023\/12\/audiencia-por-incendio.png","width":600,"height":316},{"@type":"BreadcrumbList","@id":"https:\/\/apuntesdesanluis.com\/index.php\/2023\/12\/04\/incendio-bo-la-ribera-piden-prision-perpetua-para-la-madre-de-la-nina-que-murio\/#breadcrumb","itemListElement":[{"@type":"ListItem","position":1,"name":"Inicio","item":"https:\/\/apuntesdesanluis.com\/"},{"@type":"ListItem","position":2,"name":"INCENDIO B\u00ba LA RIBERA: PIDEN PRISI\u00d3N PERPETUA PARA LA MADRE DE LA NI\u00d1A QUE MURI\u00d3"}]},{"@type":"WebSite","@id":"https:\/\/apuntesdesanluis.com\/#website","url":"https:\/\/apuntesdesanluis.com\/","name":"Apuntes de San Luis","description":"","publisher":{"@id":"https:\/\/apuntesdesanluis.com\/#\/schema\/person\/b55151d52296fcce64d1a72538a70b90"},"potentialAction":[{"@type":"SearchAction","target":{"@type":"EntryPoint","urlTemplate":"https:\/\/apuntesdesanluis.com\/?s={search_term_string}"},"query-input":{"@type":"PropertyValueSpecification","valueRequired":true,"valueName":"search_term_string"}}],"inLanguage":"es-AR"},{"@type":["Person","Organization"],"@id":"https:\/\/apuntesdesanluis.com\/#\/schema\/person\/b55151d52296fcce64d1a72538a70b90","name":"apuntesdesanluis.com","image":{"@type":"ImageObject","inLanguage":"es-AR","@id":"https:\/\/apuntesdesanluis.com\/#\/schema\/person\/image\/","url":"https:\/\/apuntesdesanluis.com\/wp-content\/uploads\/2023\/07\/cropped-apuntesdesanluis.png","contentUrl":"https:\/\/apuntesdesanluis.com\/wp-content\/uploads\/2023\/07\/cropped-apuntesdesanluis.png","width":450,"height":112,"caption":"apuntesdesanluis.com"},"logo":{"@id":"https:\/\/apuntesdesanluis.com\/#\/schema\/person\/image\/"},"sameAs":["https:\/\/apuntesdesanluis.com"],"url":"https:\/\/apuntesdesanluis.com\/index.php\/author\/apuntesdesanluis-com\/"}]}},"featured_image_urls":{"full":["https:\/\/apuntesdesanluis.com\/wp-content\/uploads\/2023\/12\/audiencia-por-incendio.png",600,316,false],"thumbnail":["https:\/\/apuntesdesanluis.com\/wp-content\/uploads\/2023\/12\/audiencia-por-incendio-150x150.png",150,150,true],"medium":["https:\/\/apuntesdesanluis.com\/wp-content\/uploads\/2023\/12\/audiencia-por-incendio-300x158.png",300,158,true],"medium_large":["https:\/\/apuntesdesanluis.com\/wp-content\/uploads\/2023\/12\/audiencia-por-incendio.png",600,316,false],"large":["https:\/\/apuntesdesanluis.com\/wp-content\/uploads\/2023\/12\/audiencia-por-incendio.png",600,316,false],"1536x1536":["https:\/\/apuntesdesanluis.com\/wp-content\/uploads\/2023\/12\/audiencia-por-incendio.png",600,316,false],"2048x2048":["https:\/\/apuntesdesanluis.com\/wp-content\/uploads\/2023\/12\/audiencia-por-incendio.png",600,316,false],"newsever-slider-full":["https:\/\/apuntesdesanluis.com\/wp-content\/uploads\/2023\/12\/audiencia-por-incendio.png",600,316,false],"newsever-featured":["https:\/\/apuntesdesanluis.com\/wp-content\/uploads\/2023\/12\/audiencia-por-incendio.png",600,316,false],"newsever-medium":["https:\/\/apuntesdesanluis.com\/wp-content\/uploads\/2023\/12\/audiencia-por-incendio.png",600,316,false]},"author_info":{"display_name":"apuntesdesanluis.com","author_link":"https:\/\/apuntesdesanluis.com\/index.php\/author\/apuntesdesanluis-com\/"},"category_info":"<a href=\"https:\/\/apuntesdesanluis.com\/index.php\/category\/ciudad-provincia\/\" rel=\"category tag\">Ciudad\/Provincia<\/a>","tag_info":"Ciudad\/Provincia","comment_count":"0","_links":{"self":[{"href":"https:\/\/apuntesdesanluis.com\/index.php\/wp-json\/wp\/v2\/posts\/7813","targetHints":{"allow":["GET"]}}],"collection":[{"href":"https:\/\/apuntesdesanluis.com\/index.php\/wp-json\/wp\/v2\/posts"}],"about":[{"href":"https:\/\/apuntesdesanluis.com\/index.php\/wp-json\/wp\/v2\/types\/post"}],"author":[{"embeddable":true,"href":"https:\/\/apuntesdesanluis.com\/index.php\/wp-json\/wp\/v2\/users\/1"}],"replies":[{"embeddable":true,"href":"https:\/\/apuntesdesanluis.com\/index.php\/wp-json\/wp\/v2\/comments?post=7813"}],"version-history":[{"count":1,"href":"https:\/\/apuntesdesanluis.com\/index.php\/wp-json\/wp\/v2\/posts\/7813\/revisions"}],"predecessor-version":[{"id":7816,"href":"https:\/\/apuntesdesanluis.com\/index.php\/wp-json\/wp\/v2\/posts\/7813\/revisions\/7816"}],"wp:featuredmedia":[{"embeddable":true,"href":"https:\/\/apuntesdesanluis.com\/index.php\/wp-json\/wp\/v2\/media\/7814"}],"wp:attachment":[{"href":"https:\/\/apuntesdesanluis.com\/index.php\/wp-json\/wp\/v2\/media?parent=7813"}],"wp:term":[{"taxonomy":"category","embeddable":true,"href":"https:\/\/apuntesdesanluis.com\/index.php\/wp-json\/wp\/v2\/categories?post=7813"},{"taxonomy":"post_tag","embeddable":true,"href":"https:\/\/apuntesdesanluis.com\/index.php\/wp-json\/wp\/v2\/tags?post=7813"}],"curies":[{"name":"wp","href":"https:\/\/api.w.org\/{rel}","templated":true}]}}