{"id":7822,"date":"2023-12-04T19:29:21","date_gmt":"2023-12-04T22:29:21","guid":{"rendered":"https:\/\/apuntesdesanluis.com\/?p=7822"},"modified":"2023-12-04T19:29:21","modified_gmt":"2023-12-04T22:29:21","slug":"confirman-que-murieron-los-tres-andinistas-argentinos-que-buscaban-en-el-cerro-marmolejo-en-chile","status":"publish","type":"post","link":"https:\/\/apuntesdesanluis.com\/index.php\/2023\/12\/04\/confirman-que-murieron-los-tres-andinistas-argentinos-que-buscaban-en-el-cerro-marmolejo-en-chile\/","title":{"rendered":"CONFIRMAN QUE MURIERON LOS TRES ANDINISTAS ARGENTINOS QUE BUSCABAN EN EL CERRO MARMOLEJO EN CHILE"},"content":{"rendered":"<h3>Carabineros inform\u00f3 que los cuerpos encontrados esta ma\u00f1ana corresponden a los dos pampeanos y el mendocino.<\/h3>\n<h3>Carabineros de Chile confirm\u00f3 que los tres cuerpos hallados esta ma\u00f1ana en el cerro Marmolejo pertenecen a los tres andinistas argentinos que eran buscados desde hace cinco d\u00edas.<\/h3>\n<h3>Tras realizarse una operaci\u00f3n de descenso en el lugar en el que hab\u00edan sido divisados los cuerpos, se pudo comprobar que correspond\u00edan al gu\u00eda mendocino <strong>Ignacio Lucero<\/strong>, el intendente de JxCde la localidad pampeana de General San Mart\u00edn, <strong>Ra\u00fal Espir<\/strong>, y el escribano <strong>Sergio Berardo<\/strong>, ambos oriundos de La Pampa.<\/h3>\n<h3>Los cuerpos fueron encontrados en una zona cercana al \u00faltimo punto registrado por el rastreador GPS de los andinistas.<\/h3>\n<h3>El hallazgo de los cad\u00e1veres estuvo a cargo del Grupo de Operaciones Policiales Especiales (GOPE) de Carabineros, que hab\u00eda iniciado las tareas para rescatarlos del cerro.<\/h3>\n<h3>Por cuestiones de jurisprudencia, desde este fin de semana el Ej\u00e9rcito de Chile se hizo cargo del caso y tres helic\u00f3pteros y rescatistas por tierra comenzaron con la b\u00fasqueda.<\/h3>\n<h3>El \u00faltimo contacto que se tuvo con los tres andinistas fue el pasado mi\u00e9rcoles, cuando el GPS inform\u00f3 que se encontraban a 5.800 metros sobre el nivel del mar: desde aquel momento nadie supo m\u00e1s nada de ellos.<\/h3>\n<h3>Espir, intendente de una ciudad pampeana, y Lucero, andinista profesional, ten\u00edan conocimiento sobre expediciones de esta \u00edndole ya que hab\u00edan realizado diversas aventuras con anterioridad. Por su parte, Berardo es escribano y quien menor experiencia ten\u00eda, al contar con s\u00f3lo seis excursiones en su haber.<\/h3>\n<h3>Tras conocerse la desaparici\u00f3n de los andinistas en medio de un clima desfavorable, la vicepresidenta electa, Victoria Villarruel, le hab\u00eda pedido por redes sociales al presidente de Chile, Gabriel Boric, que arbitre las medidas necesarias en la b\u00fasqueda.<\/h3>\n<h3>\u201cEl mi\u00e9rcoles se perdi\u00f3 contacto con 3 andinistas argentinos que escalaban en la cordillera del lado chileno. Le pido al presidente Gabriel Boric y a la ministra de Defensa Maya Fern\u00e1ndez que arbitren los medios para rescatar a nuestros compatriotas\u201d, expres\u00f3 Villarruel en su cuenta de la plataforma X.<\/h3>\n<p>&nbsp;<\/p>\n<p>&nbsp;<\/p>\n<p>&nbsp;<\/p>\n<p>&nbsp;<\/p>\n","protected":false},"excerpt":{"rendered":"<p>Carabineros inform\u00f3 que los cuerpos encontrados esta ma\u00f1ana corresponden a los dos pampeanos y el&#8230;<\/p>\n","protected":false},"author":1,"featured_media":7823,"comment_status":"closed","ping_status":"closed","sticky":false,"template":"","format":"standard","meta":{"footnotes":""},"categories":[5],"tags":[],"class_list":["post-7822","post","type-post","status-publish","format-standard","has-post-thumbnail","hentry","category-nacionales-internacionales"],"yoast_head":"<!-- This site is optimized with the Yoast SEO plugin v26.1.1 - https:\/\/yoast.com\/wordpress\/plugins\/seo\/ -->\n<title>CONFIRMAN QUE MURIERON LOS TRES ANDINISTAS ARGENTINOS QUE BUSCABAN EN EL CERRO MARMOLEJO EN CHILE - Apuntes de San Luis<\/title>\n<meta name=\"robots\" content=\"index, follow, max-snippet:-1, max-image-preview:large, max-video-preview:-1\" \/>\n<link rel=\"canonical\" href=\"https:\/\/apuntesdesanluis.com\/index.php\/2023\/12\/04\/confirman-que-murieron-los-tres-andinistas-argentinos-que-buscaban-en-el-cerro-marmolejo-en-chile\/\" \/>\n<meta property=\"og:locale\" content=\"es_ES\" \/>\n<meta property=\"og:type\" content=\"article\" \/>\n<meta property=\"og:title\" content=\"CONFIRMAN QUE MURIERON LOS TRES ANDINISTAS ARGENTINOS QUE BUSCABAN EN EL CERRO MARMOLEJO EN CHILE - Apuntes de San Luis\" \/>\n<meta property=\"og:description\" content=\"Carabineros inform\u00f3 que los cuerpos encontrados esta ma\u00f1ana corresponden a los dos pampeanos y el...\" \/>\n<meta property=\"og:url\" content=\"https:\/\/apuntesdesanluis.com\/index.php\/2023\/12\/04\/confirman-que-murieron-los-tres-andinistas-argentinos-que-buscaban-en-el-cerro-marmolejo-en-chile\/\" \/>\n<meta property=\"og:site_name\" content=\"Apuntes de San Luis\" \/>\n<meta property=\"article:published_time\" content=\"2023-12-04T22:29:21+00:00\" \/>\n<meta property=\"og:image\" content=\"https:\/\/apuntesdesanluis.com\/wp-content\/uploads\/2023\/12\/ANDINISTAS-MUERTOS.png\" \/>\n\t<meta property=\"og:image:width\" content=\"600\" \/>\n\t<meta property=\"og:image:height\" content=\"378\" \/>\n\t<meta property=\"og:image:type\" content=\"image\/png\" \/>\n<meta name=\"author\" content=\"apuntesdesanluis.com\" \/>\n<meta name=\"twitter:card\" content=\"summary_large_image\" \/>\n<meta name=\"twitter:label1\" content=\"Escrito por\" \/>\n\t<meta name=\"twitter:data1\" content=\"apuntesdesanluis.com\" \/>\n\t<meta name=\"twitter:label2\" content=\"Tiempo de lectura\" \/>\n\t<meta name=\"twitter:data2\" content=\"2 minutos\" \/>\n<script type=\"application\/ld+json\" class=\"yoast-schema-graph\">{\"@context\":\"https:\/\/schema.org\",\"@graph\":[{\"@type\":\"Article\",\"@id\":\"https:\/\/apuntesdesanluis.com\/index.php\/2023\/12\/04\/confirman-que-murieron-los-tres-andinistas-argentinos-que-buscaban-en-el-cerro-marmolejo-en-chile\/#article\",\"isPartOf\":{\"@id\":\"https:\/\/apuntesdesanluis.com\/index.php\/2023\/12\/04\/confirman-que-murieron-los-tres-andinistas-argentinos-que-buscaban-en-el-cerro-marmolejo-en-chile\/\"},\"author\":{\"name\":\"apuntesdesanluis.com\",\"@id\":\"https:\/\/apuntesdesanluis.com\/#\/schema\/person\/b55151d52296fcce64d1a72538a70b90\"},\"headline\":\"CONFIRMAN QUE MURIERON LOS TRES ANDINISTAS ARGENTINOS QUE BUSCABAN EN EL CERRO MARMOLEJO EN CHILE\",\"datePublished\":\"2023-12-04T22:29:21+00:00\",\"mainEntityOfPage\":{\"@id\":\"https:\/\/apuntesdesanluis.com\/index.php\/2023\/12\/04\/confirman-que-murieron-los-tres-andinistas-argentinos-que-buscaban-en-el-cerro-marmolejo-en-chile\/\"},\"wordCount\":380,\"publisher\":{\"@id\":\"https:\/\/apuntesdesanluis.com\/#\/schema\/person\/b55151d52296fcce64d1a72538a70b90\"},\"image\":{\"@id\":\"https:\/\/apuntesdesanluis.com\/index.php\/2023\/12\/04\/confirman-que-murieron-los-tres-andinistas-argentinos-que-buscaban-en-el-cerro-marmolejo-en-chile\/#primaryimage\"},\"thumbnailUrl\":\"https:\/\/apuntesdesanluis.com\/wp-content\/uploads\/2023\/12\/ANDINISTAS-MUERTOS.png\",\"articleSection\":[\"Nacionales\/Internacionales\"],\"inLanguage\":\"es-AR\"},{\"@type\":\"WebPage\",\"@id\":\"https:\/\/apuntesdesanluis.com\/index.php\/2023\/12\/04\/confirman-que-murieron-los-tres-andinistas-argentinos-que-buscaban-en-el-cerro-marmolejo-en-chile\/\",\"url\":\"https:\/\/apuntesdesanluis.com\/index.php\/2023\/12\/04\/confirman-que-murieron-los-tres-andinistas-argentinos-que-buscaban-en-el-cerro-marmolejo-en-chile\/\",\"name\":\"CONFIRMAN QUE MURIERON LOS TRES ANDINISTAS ARGENTINOS QUE BUSCABAN EN EL CERRO MARMOLEJO EN CHILE - Apuntes de San Luis\",\"isPartOf\":{\"@id\":\"https:\/\/apuntesdesanluis.com\/#website\"},\"primaryImageOfPage\":{\"@id\":\"https:\/\/apuntesdesanluis.com\/index.php\/2023\/12\/04\/confirman-que-murieron-los-tres-andinistas-argentinos-que-buscaban-en-el-cerro-marmolejo-en-chile\/#primaryimage\"},\"image\":{\"@id\":\"https:\/\/apuntesdesanluis.com\/index.php\/2023\/12\/04\/confirman-que-murieron-los-tres-andinistas-argentinos-que-buscaban-en-el-cerro-marmolejo-en-chile\/#primaryimage\"},\"thumbnailUrl\":\"https:\/\/apuntesdesanluis.com\/wp-content\/uploads\/2023\/12\/ANDINISTAS-MUERTOS.png\",\"datePublished\":\"2023-12-04T22:29:21+00:00\",\"breadcrumb\":{\"@id\":\"https:\/\/apuntesdesanluis.com\/index.php\/2023\/12\/04\/confirman-que-murieron-los-tres-andinistas-argentinos-que-buscaban-en-el-cerro-marmolejo-en-chile\/#breadcrumb\"},\"inLanguage\":\"es-AR\",\"potentialAction\":[{\"@type\":\"ReadAction\",\"target\":[\"https:\/\/apuntesdesanluis.com\/index.php\/2023\/12\/04\/confirman-que-murieron-los-tres-andinistas-argentinos-que-buscaban-en-el-cerro-marmolejo-en-chile\/\"]}]},{\"@type\":\"ImageObject\",\"inLanguage\":\"es-AR\",\"@id\":\"https:\/\/apuntesdesanluis.com\/index.php\/2023\/12\/04\/confirman-que-murieron-los-tres-andinistas-argentinos-que-buscaban-en-el-cerro-marmolejo-en-chile\/#primaryimage\",\"url\":\"https:\/\/apuntesdesanluis.com\/wp-content\/uploads\/2023\/12\/ANDINISTAS-MUERTOS.png\",\"contentUrl\":\"https:\/\/apuntesdesanluis.com\/wp-content\/uploads\/2023\/12\/ANDINISTAS-MUERTOS.png\",\"width\":600,\"height\":378},{\"@type\":\"BreadcrumbList\",\"@id\":\"https:\/\/apuntesdesanluis.com\/index.php\/2023\/12\/04\/confirman-que-murieron-los-tres-andinistas-argentinos-que-buscaban-en-el-cerro-marmolejo-en-chile\/#breadcrumb\",\"itemListElement\":[{\"@type\":\"ListItem\",\"position\":1,\"name\":\"Inicio\",\"item\":\"https:\/\/apuntesdesanluis.com\/\"},{\"@type\":\"ListItem\",\"position\":2,\"name\":\"CONFIRMAN QUE MURIERON LOS TRES ANDINISTAS ARGENTINOS QUE BUSCABAN EN EL CERRO MARMOLEJO EN CHILE\"}]},{\"@type\":\"WebSite\",\"@id\":\"https:\/\/apuntesdesanluis.com\/#website\",\"url\":\"https:\/\/apuntesdesanluis.com\/\",\"name\":\"Apuntes de San Luis\",\"description\":\"\",\"publisher\":{\"@id\":\"https:\/\/apuntesdesanluis.com\/#\/schema\/person\/b55151d52296fcce64d1a72538a70b90\"},\"potentialAction\":[{\"@type\":\"SearchAction\",\"target\":{\"@type\":\"EntryPoint\",\"urlTemplate\":\"https:\/\/apuntesdesanluis.com\/?s={search_term_string}\"},\"query-input\":{\"@type\":\"PropertyValueSpecification\",\"valueRequired\":true,\"valueName\":\"search_term_string\"}}],\"inLanguage\":\"es-AR\"},{\"@type\":[\"Person\",\"Organization\"],\"@id\":\"https:\/\/apuntesdesanluis.com\/#\/schema\/person\/b55151d52296fcce64d1a72538a70b90\",\"name\":\"apuntesdesanluis.com\",\"image\":{\"@type\":\"ImageObject\",\"inLanguage\":\"es-AR\",\"@id\":\"https:\/\/apuntesdesanluis.com\/#\/schema\/person\/image\/\",\"url\":\"https:\/\/apuntesdesanluis.com\/wp-content\/uploads\/2023\/07\/cropped-apuntesdesanluis.png\",\"contentUrl\":\"https:\/\/apuntesdesanluis.com\/wp-content\/uploads\/2023\/07\/cropped-apuntesdesanluis.png\",\"width\":450,\"height\":112,\"caption\":\"apuntesdesanluis.com\"},\"logo\":{\"@id\":\"https:\/\/apuntesdesanluis.com\/#\/schema\/person\/image\/\"},\"sameAs\":[\"https:\/\/apuntesdesanluis.com\"],\"url\":\"https:\/\/apuntesdesanluis.com\/index.php\/author\/apuntesdesanluis-com\/\"}]}<\/script>\n<!-- \/ Yoast SEO plugin. -->","yoast_head_json":{"title":"CONFIRMAN QUE MURIERON LOS TRES ANDINISTAS ARGENTINOS QUE BUSCABAN EN EL CERRO MARMOLEJO EN CHILE - Apuntes de San Luis","robots":{"index":"index","follow":"follow","max-snippet":"max-snippet:-1","max-image-preview":"max-image-preview:large","max-video-preview":"max-video-preview:-1"},"canonical":"https:\/\/apuntesdesanluis.com\/index.php\/2023\/12\/04\/confirman-que-murieron-los-tres-andinistas-argentinos-que-buscaban-en-el-cerro-marmolejo-en-chile\/","og_locale":"es_ES","og_type":"article","og_title":"CONFIRMAN QUE MURIERON LOS TRES ANDINISTAS ARGENTINOS QUE BUSCABAN EN EL CERRO MARMOLEJO EN CHILE - Apuntes de San Luis","og_description":"Carabineros inform\u00f3 que los cuerpos encontrados esta ma\u00f1ana corresponden a los dos pampeanos y el...","og_url":"https:\/\/apuntesdesanluis.com\/index.php\/2023\/12\/04\/confirman-que-murieron-los-tres-andinistas-argentinos-que-buscaban-en-el-cerro-marmolejo-en-chile\/","og_site_name":"Apuntes de San Luis","article_published_time":"2023-12-04T22:29:21+00:00","og_image":[{"width":600,"height":378,"url":"https:\/\/apuntesdesanluis.com\/wp-content\/uploads\/2023\/12\/ANDINISTAS-MUERTOS.png","type":"image\/png"}],"author":"apuntesdesanluis.com","twitter_card":"summary_large_image","twitter_misc":{"Escrito por":"apuntesdesanluis.com","Tiempo de lectura":"2 minutos"},"schema":{"@context":"https:\/\/schema.org","@graph":[{"@type":"Article","@id":"https:\/\/apuntesdesanluis.com\/index.php\/2023\/12\/04\/confirman-que-murieron-los-tres-andinistas-argentinos-que-buscaban-en-el-cerro-marmolejo-en-chile\/#article","isPartOf":{"@id":"https:\/\/apuntesdesanluis.com\/index.php\/2023\/12\/04\/confirman-que-murieron-los-tres-andinistas-argentinos-que-buscaban-en-el-cerro-marmolejo-en-chile\/"},"author":{"name":"apuntesdesanluis.com","@id":"https:\/\/apuntesdesanluis.com\/#\/schema\/person\/b55151d52296fcce64d1a72538a70b90"},"headline":"CONFIRMAN QUE MURIERON LOS TRES ANDINISTAS ARGENTINOS QUE BUSCABAN EN EL CERRO MARMOLEJO EN CHILE","datePublished":"2023-12-04T22:29:21+00:00","mainEntityOfPage":{"@id":"https:\/\/apuntesdesanluis.com\/index.php\/2023\/12\/04\/confirman-que-murieron-los-tres-andinistas-argentinos-que-buscaban-en-el-cerro-marmolejo-en-chile\/"},"wordCount":380,"publisher":{"@id":"https:\/\/apuntesdesanluis.com\/#\/schema\/person\/b55151d52296fcce64d1a72538a70b90"},"image":{"@id":"https:\/\/apuntesdesanluis.com\/index.php\/2023\/12\/04\/confirman-que-murieron-los-tres-andinistas-argentinos-que-buscaban-en-el-cerro-marmolejo-en-chile\/#primaryimage"},"thumbnailUrl":"https:\/\/apuntesdesanluis.com\/wp-content\/uploads\/2023\/12\/ANDINISTAS-MUERTOS.png","articleSection":["Nacionales\/Internacionales"],"inLanguage":"es-AR"},{"@type":"WebPage","@id":"https:\/\/apuntesdesanluis.com\/index.php\/2023\/12\/04\/confirman-que-murieron-los-tres-andinistas-argentinos-que-buscaban-en-el-cerro-marmolejo-en-chile\/","url":"https:\/\/apuntesdesanluis.com\/index.php\/2023\/12\/04\/confirman-que-murieron-los-tres-andinistas-argentinos-que-buscaban-en-el-cerro-marmolejo-en-chile\/","name":"CONFIRMAN QUE MURIERON LOS TRES ANDINISTAS ARGENTINOS QUE BUSCABAN EN EL CERRO MARMOLEJO EN CHILE - Apuntes de San Luis","isPartOf":{"@id":"https:\/\/apuntesdesanluis.com\/#website"},"primaryImageOfPage":{"@id":"https:\/\/apuntesdesanluis.com\/index.php\/2023\/12\/04\/confirman-que-murieron-los-tres-andinistas-argentinos-que-buscaban-en-el-cerro-marmolejo-en-chile\/#primaryimage"},"image":{"@id":"https:\/\/apuntesdesanluis.com\/index.php\/2023\/12\/04\/confirman-que-murieron-los-tres-andinistas-argentinos-que-buscaban-en-el-cerro-marmolejo-en-chile\/#primaryimage"},"thumbnailUrl":"https:\/\/apuntesdesanluis.com\/wp-content\/uploads\/2023\/12\/ANDINISTAS-MUERTOS.png","datePublished":"2023-12-04T22:29:21+00:00","breadcrumb":{"@id":"https:\/\/apuntesdesanluis.com\/index.php\/2023\/12\/04\/confirman-que-murieron-los-tres-andinistas-argentinos-que-buscaban-en-el-cerro-marmolejo-en-chile\/#breadcrumb"},"inLanguage":"es-AR","potentialAction":[{"@type":"ReadAction","target":["https:\/\/apuntesdesanluis.com\/index.php\/2023\/12\/04\/confirman-que-murieron-los-tres-andinistas-argentinos-que-buscaban-en-el-cerro-marmolejo-en-chile\/"]}]},{"@type":"ImageObject","inLanguage":"es-AR","@id":"https:\/\/apuntesdesanluis.com\/index.php\/2023\/12\/04\/confirman-que-murieron-los-tres-andinistas-argentinos-que-buscaban-en-el-cerro-marmolejo-en-chile\/#primaryimage","url":"https:\/\/apuntesdesanluis.com\/wp-content\/uploads\/2023\/12\/ANDINISTAS-MUERTOS.png","contentUrl":"https:\/\/apuntesdesanluis.com\/wp-content\/uploads\/2023\/12\/ANDINISTAS-MUERTOS.png","width":600,"height":378},{"@type":"BreadcrumbList","@id":"https:\/\/apuntesdesanluis.com\/index.php\/2023\/12\/04\/confirman-que-murieron-los-tres-andinistas-argentinos-que-buscaban-en-el-cerro-marmolejo-en-chile\/#breadcrumb","itemListElement":[{"@type":"ListItem","position":1,"name":"Inicio","item":"https:\/\/apuntesdesanluis.com\/"},{"@type":"ListItem","position":2,"name":"CONFIRMAN QUE MURIERON LOS TRES ANDINISTAS ARGENTINOS QUE BUSCABAN EN EL CERRO MARMOLEJO EN CHILE"}]},{"@type":"WebSite","@id":"https:\/\/apuntesdesanluis.com\/#website","url":"https:\/\/apuntesdesanluis.com\/","name":"Apuntes de San Luis","description":"","publisher":{"@id":"https:\/\/apuntesdesanluis.com\/#\/schema\/person\/b55151d52296fcce64d1a72538a70b90"},"potentialAction":[{"@type":"SearchAction","target":{"@type":"EntryPoint","urlTemplate":"https:\/\/apuntesdesanluis.com\/?s={search_term_string}"},"query-input":{"@type":"PropertyValueSpecification","valueRequired":true,"valueName":"search_term_string"}}],"inLanguage":"es-AR"},{"@type":["Person","Organization"],"@id":"https:\/\/apuntesdesanluis.com\/#\/schema\/person\/b55151d52296fcce64d1a72538a70b90","name":"apuntesdesanluis.com","image":{"@type":"ImageObject","inLanguage":"es-AR","@id":"https:\/\/apuntesdesanluis.com\/#\/schema\/person\/image\/","url":"https:\/\/apuntesdesanluis.com\/wp-content\/uploads\/2023\/07\/cropped-apuntesdesanluis.png","contentUrl":"https:\/\/apuntesdesanluis.com\/wp-content\/uploads\/2023\/07\/cropped-apuntesdesanluis.png","width":450,"height":112,"caption":"apuntesdesanluis.com"},"logo":{"@id":"https:\/\/apuntesdesanluis.com\/#\/schema\/person\/image\/"},"sameAs":["https:\/\/apuntesdesanluis.com"],"url":"https:\/\/apuntesdesanluis.com\/index.php\/author\/apuntesdesanluis-com\/"}]}},"featured_image_urls":{"full":["https:\/\/apuntesdesanluis.com\/wp-content\/uploads\/2023\/12\/ANDINISTAS-MUERTOS.png",600,378,false],"thumbnail":["https:\/\/apuntesdesanluis.com\/wp-content\/uploads\/2023\/12\/ANDINISTAS-MUERTOS-150x150.png",150,150,true],"medium":["https:\/\/apuntesdesanluis.com\/wp-content\/uploads\/2023\/12\/ANDINISTAS-MUERTOS-300x189.png",300,189,true],"medium_large":["https:\/\/apuntesdesanluis.com\/wp-content\/uploads\/2023\/12\/ANDINISTAS-MUERTOS.png",600,378,false],"large":["https:\/\/apuntesdesanluis.com\/wp-content\/uploads\/2023\/12\/ANDINISTAS-MUERTOS.png",600,378,false],"1536x1536":["https:\/\/apuntesdesanluis.com\/wp-content\/uploads\/2023\/12\/ANDINISTAS-MUERTOS.png",600,378,false],"2048x2048":["https:\/\/apuntesdesanluis.com\/wp-content\/uploads\/2023\/12\/ANDINISTAS-MUERTOS.png",600,378,false],"newsever-slider-full":["https:\/\/apuntesdesanluis.com\/wp-content\/uploads\/2023\/12\/ANDINISTAS-MUERTOS.png",600,378,false],"newsever-featured":["https:\/\/apuntesdesanluis.com\/wp-content\/uploads\/2023\/12\/ANDINISTAS-MUERTOS.png",600,378,false],"newsever-medium":["https:\/\/apuntesdesanluis.com\/wp-content\/uploads\/2023\/12\/ANDINISTAS-MUERTOS.png",600,378,false]},"author_info":{"display_name":"apuntesdesanluis.com","author_link":"https:\/\/apuntesdesanluis.com\/index.php\/author\/apuntesdesanluis-com\/"},"category_info":"<a href=\"https:\/\/apuntesdesanluis.com\/index.php\/category\/nacionales-internacionales\/\" rel=\"category tag\">Nacionales\/Internacionales<\/a>","tag_info":"Nacionales\/Internacionales","comment_count":"0","_links":{"self":[{"href":"https:\/\/apuntesdesanluis.com\/index.php\/wp-json\/wp\/v2\/posts\/7822","targetHints":{"allow":["GET"]}}],"collection":[{"href":"https:\/\/apuntesdesanluis.com\/index.php\/wp-json\/wp\/v2\/posts"}],"about":[{"href":"https:\/\/apuntesdesanluis.com\/index.php\/wp-json\/wp\/v2\/types\/post"}],"author":[{"embeddable":true,"href":"https:\/\/apuntesdesanluis.com\/index.php\/wp-json\/wp\/v2\/users\/1"}],"replies":[{"embeddable":true,"href":"https:\/\/apuntesdesanluis.com\/index.php\/wp-json\/wp\/v2\/comments?post=7822"}],"version-history":[{"count":1,"href":"https:\/\/apuntesdesanluis.com\/index.php\/wp-json\/wp\/v2\/posts\/7822\/revisions"}],"predecessor-version":[{"id":7824,"href":"https:\/\/apuntesdesanluis.com\/index.php\/wp-json\/wp\/v2\/posts\/7822\/revisions\/7824"}],"wp:featuredmedia":[{"embeddable":true,"href":"https:\/\/apuntesdesanluis.com\/index.php\/wp-json\/wp\/v2\/media\/7823"}],"wp:attachment":[{"href":"https:\/\/apuntesdesanluis.com\/index.php\/wp-json\/wp\/v2\/media?parent=7822"}],"wp:term":[{"taxonomy":"category","embeddable":true,"href":"https:\/\/apuntesdesanluis.com\/index.php\/wp-json\/wp\/v2\/categories?post=7822"},{"taxonomy":"post_tag","embeddable":true,"href":"https:\/\/apuntesdesanluis.com\/index.php\/wp-json\/wp\/v2\/tags?post=7822"}],"curies":[{"name":"wp","href":"https:\/\/api.w.org\/{rel}","templated":true}]}}