{"id":7825,"date":"2023-12-04T19:38:54","date_gmt":"2023-12-04T22:38:54","guid":{"rendered":"https:\/\/apuntesdesanluis.com\/?p=7825"},"modified":"2023-12-04T19:38:54","modified_gmt":"2023-12-04T22:38:54","slug":"como-sera-la-asamblea-legislativa-y-la-ceremonia-de-asuncion-de-javier-milei","status":"publish","type":"post","link":"https:\/\/apuntesdesanluis.com\/index.php\/2023\/12\/04\/como-sera-la-asamblea-legislativa-y-la-ceremonia-de-asuncion-de-javier-milei\/","title":{"rendered":"COMO SER\u00c1 LA ASAMBLEA LEGISLATIVA Y LA CEREMONIA DE ASUNCI\u00d3N DE JAVIER MILEI"},"content":{"rendered":"<h3><strong>Javier Milei<\/strong> asumir\u00e1 el 10 de diciembre como nuevo Presidente en una ceremonia en el Congreso nacional, donde ante la Asamblea Legislativa la vicepresidenta entrante, <strong>Victoria Villarruel<\/strong>, le tomar\u00e1 juramento y luego el mandatario saliente, <strong>Alberto Fern\u00e1ndez<\/strong>, le entregar\u00e1 la banda y el bast\u00f3n.<\/h3>\n<h3>La Asamblea Legislativa ser\u00e1 al comienzo presidida por la vicepresidenta saliente, <strong>Cristina Kirchner<\/strong>.<\/h3>\n<h3>Antes de la llegada del presidente electo, la Asamblea inicia y realiza la designaci\u00f3n de los legisladores que integrar\u00e1n las comisiones de interior y exterior, respectivamente, quienes ser\u00e1n los encargados de recibir en la explanada a Milei y a Villarruel.<\/h3>\n<p><img fetchpriority=\"high\" decoding=\"async\" class=\"wp-image-7827 aligncenter\" src=\"https:\/\/apuntesdesanluis.com\/wp-content\/uploads\/2023\/12\/MILEI-300x186.png\" alt=\"\" width=\"754\" height=\"468\" srcset=\"https:\/\/apuntesdesanluis.com\/wp-content\/uploads\/2023\/12\/MILEI-300x186.png 300w, https:\/\/apuntesdesanluis.com\/wp-content\/uploads\/2023\/12\/MILEI.png 600w\" sizes=\"(max-width: 754px) 100vw, 754px\" \/><\/p>\n<h3>Luego la ceremonia pasa a un cuarto intermedio a la espera de la llegada del presidente y la vice electos.<\/h3>\n<h3>Por la ma\u00f1ana, la escolta presidencial del Regimiento de Granaderos a Caballo &#8220;General San Mart\u00edn&#8221; recoger\u00e1 a Milei en su residencia del Hotel Libertador en el centro porte\u00f1o para acompa\u00f1arlo hasta el Honorable Congreso de la Naci\u00f3n, junto a tres representantes de las Fuerzas Armadas: de la marina, del ej\u00e9rcito y de la aeron\u00e1utica, respectivamente.<\/h3>\n<h3>Cerca de las 11 hs, horario al que ser\u00eda convocada la Asamblea Legislativa, se producir\u00e1 la llegada del presidente electo al Palacio Legislativo, donde ser\u00e1 recibido por la Comisi\u00f3n del Exterior del Honorable Congreso de la Naci\u00f3n en la explanada de la avenida Entre R\u00edos.<\/h3>\n<h3>Desde all\u00ed ser\u00e1 escoltado al Sal\u00f3n Azul, donde se encontrar\u00e1 con Villarruel, firmar\u00e1 los Libros de Honor del Honorable Senado de la Naci\u00f3n y de la C\u00e1mara de Diputados de la Naci\u00f3n.<\/h3>\n<h3>Inmediatamente despu\u00e9s, junto con Villarruel, ser\u00e1 conducido al recinto por la comisi\u00f3n del interior previamente designada para proceder a la jura.<\/h3>\n<h3>Primero la vicepresidenta saliente Cristina Kirchner le tomar\u00e1 juramento a su par entrante, Villarruel, quien luego quedar\u00e1 a cargo de la Asamblea Legislativa.<\/h3>\n<h3>Desde ese momento, Villarruel tomar\u00e1 juramento a Milei como nuevo Presidente y acto seguido el Escribano Mayor de Gobierno leer\u00e1 el Acta correspondiente y se proceder\u00e1 a la transmisi\u00f3n de insignias, en la que Alberto Fern\u00e1ndez le entregar\u00e1 a su sucesor la banda y el bast\u00f3n de mando presidencial.<\/h3>\n<h3>Simb\u00f3licamente es el acto de investidura formal aunque, a diferencia de la jura, la entrega de los atributos presidenciales no est\u00e1n previstos de manera legal.<\/h3>\n<h3>La tradici\u00f3n de entrega de atributos qued\u00f3 fijada en 1960 bajo el Reglamento de Ceremonial de la Presidencia.<\/h3>\n<h3>El protocolo de la jura s\u00ed est\u00e1 dispuesto en el art\u00edculo 93 de la Constituci\u00f3n Nacional: &#8220;Al tomar posesi\u00f3n de su cargo, el presidente y vicepresidente prestar\u00e1n juramento, en manos del presidente del Senado y ante el Congreso reunido en Asamblea, respetando sus creencias religiosas, de: \u2018desempe\u00f1ar con lealtad y patriotismo el cargo de presidente (o vicepresidente) de la Naci\u00f3n y observar y hacer observar fielmente la Constituci\u00f3n de la Naci\u00f3n Argentina&#8221;.<\/h3>\n<h3>Posteriormente, Milei y Villarruel firmar\u00e1n el Acta Notarial ante el Escribano General de la Naci\u00f3n y una vez finalizada esta ceremonia, el Presidente proceder\u00e1 a dar un discurso con motivo del inicio de su mandato presidencial ante la Asamblea Legislativa.<\/h3>\n<h3>Tambi\u00e9n podr\u00eda brindar un discurso desde las escalinatas del Palacio Legislativo hacia la Plaza del Congreso, imitando las ceremonias de los mandatarios de los Estados Unidos, que lo hacen desde las puertas del Capitolio.<\/h3>\n<h3>Tras el discurso se dar\u00e1 por finalizada la Asamblea Legislativa y el nuevo presidente se subir\u00e1 a un auto oficial, mientras que Villarruel abordar\u00e1 otro veh\u00edculo y la caravana oficial bajar\u00e1 por la Avenida de Mayo hasta la Casa de Gobierno.<\/h3>\n<h3>En el p\u00f3rtico de la Casa Rosada (explanada de la calle Rivadavia), el presidente electo debe ser recibido por el jefe de la Casa Militar, el director de Ceremonial y un edec\u00e1n del jefe de Estado saliente, quienes lo acompa\u00f1an hasta el Sal\u00f3n Blanco.<\/h3>\n<h3>All\u00ed, Milei en primer t\u00e9rmino cumplir\u00e1 el protocolo de recibir el saludo de las delegaciones extranjeras que desembarcar\u00e1n en Buenos Aires a saludarlo.<\/h3>\n<h3>En el Sal\u00f3n Blanco, Alberto Fern\u00e1ndez le entregar\u00e1 a su sucesor, frente a la mesa colocada sobre el estrado, las insignias presidenciales, que se encuentran posadas sobre ella.<\/h3>\n<h3>Acto seguido, el presidente saliente debe despedirse de quien lo reemplaza y retirarse del Sal\u00f3n Blanco conjuntamente con sus exministros, acompa\u00f1ado hasta el p\u00f3rtico de la Casa de Gobierno por el jefe de la Casa Militar entrante, el director de Ceremonial y un edec\u00e1n del nuevo presidente.<\/h3>\n<h3>Tambi\u00e9n se prev\u00e9 que por la tarde se desarrolle la ceremonia de jura de los ministros y principales secretarios de Estado en la Casa Rosada (o en su defecto en el Parlamento), y una ceremonia religiosa en la Catedral Metropolitana de la Plaza de Mayo.<\/h3>\n<h3>La actividad oficial va a terminar con una funci\u00f3n especial en el Teatro Col\u00f3n, en la noche del domingo, a la que est\u00e1n invitados figuras internacionales que asistir\u00e1n al traspaso de mando.<\/h3>\n<h3>Entre los mandatarios confirmados se encuentran el presidente de Chile, Gabriel Boric, el de Uruguay, Luis Lacalle Pou, de Paraguay, Santiago Pe\u00f1a, el rey Felipe VI de Espa\u00f1a,\u00a0 y el primer ministro de Hungr\u00eda, Viktor Orb\u00e1n.<\/h3>\n<p>&nbsp;<\/p>\n<p>&nbsp;<\/p>\n<p>&nbsp;<\/p>\n<p>&nbsp;<\/p>\n<p>&nbsp;<\/p>\n","protected":false},"excerpt":{"rendered":"<p>Javier Milei asumir\u00e1 el 10 de diciembre como nuevo Presidente en una ceremonia en el&#8230;<\/p>\n","protected":false},"author":1,"featured_media":7826,"comment_status":"closed","ping_status":"closed","sticky":false,"template":"","format":"standard","meta":{"footnotes":""},"categories":[5],"tags":[],"class_list":["post-7825","post","type-post","status-publish","format-standard","has-post-thumbnail","hentry","category-nacionales-internacionales"],"yoast_head":"<!-- This site is optimized with the Yoast SEO plugin v26.1.1 - https:\/\/yoast.com\/wordpress\/plugins\/seo\/ -->\n<title>COMO SER\u00c1 LA ASAMBLEA LEGISLATIVA Y LA CEREMONIA DE ASUNCI\u00d3N DE JAVIER MILEI - Apuntes de San Luis<\/title>\n<meta name=\"robots\" content=\"index, follow, max-snippet:-1, max-image-preview:large, max-video-preview:-1\" \/>\n<link rel=\"canonical\" href=\"https:\/\/apuntesdesanluis.com\/index.php\/2023\/12\/04\/como-sera-la-asamblea-legislativa-y-la-ceremonia-de-asuncion-de-javier-milei\/\" \/>\n<meta property=\"og:locale\" content=\"es_ES\" \/>\n<meta property=\"og:type\" content=\"article\" \/>\n<meta property=\"og:title\" content=\"COMO SER\u00c1 LA ASAMBLEA LEGISLATIVA Y LA CEREMONIA DE ASUNCI\u00d3N DE JAVIER MILEI - Apuntes de San Luis\" \/>\n<meta property=\"og:description\" content=\"Javier Milei asumir\u00e1 el 10 de diciembre como nuevo Presidente en una ceremonia en el...\" \/>\n<meta property=\"og:url\" content=\"https:\/\/apuntesdesanluis.com\/index.php\/2023\/12\/04\/como-sera-la-asamblea-legislativa-y-la-ceremonia-de-asuncion-de-javier-milei\/\" \/>\n<meta property=\"og:site_name\" content=\"Apuntes de San Luis\" \/>\n<meta property=\"article:published_time\" content=\"2023-12-04T22:38:54+00:00\" \/>\n<meta property=\"og:image\" content=\"https:\/\/apuntesdesanluis.com\/wp-content\/uploads\/2023\/12\/CRISTINA.png\" \/>\n\t<meta property=\"og:image:width\" content=\"681\" \/>\n\t<meta property=\"og:image:height\" content=\"387\" \/>\n\t<meta property=\"og:image:type\" content=\"image\/png\" \/>\n<meta name=\"author\" content=\"apuntesdesanluis.com\" \/>\n<meta name=\"twitter:card\" content=\"summary_large_image\" \/>\n<meta name=\"twitter:label1\" content=\"Escrito por\" \/>\n\t<meta name=\"twitter:data1\" content=\"apuntesdesanluis.com\" \/>\n\t<meta name=\"twitter:label2\" content=\"Tiempo de lectura\" \/>\n\t<meta name=\"twitter:data2\" content=\"4 minutos\" \/>\n<script type=\"application\/ld+json\" class=\"yoast-schema-graph\">{\"@context\":\"https:\/\/schema.org\",\"@graph\":[{\"@type\":\"Article\",\"@id\":\"https:\/\/apuntesdesanluis.com\/index.php\/2023\/12\/04\/como-sera-la-asamblea-legislativa-y-la-ceremonia-de-asuncion-de-javier-milei\/#article\",\"isPartOf\":{\"@id\":\"https:\/\/apuntesdesanluis.com\/index.php\/2023\/12\/04\/como-sera-la-asamblea-legislativa-y-la-ceremonia-de-asuncion-de-javier-milei\/\"},\"author\":{\"name\":\"apuntesdesanluis.com\",\"@id\":\"https:\/\/apuntesdesanluis.com\/#\/schema\/person\/b55151d52296fcce64d1a72538a70b90\"},\"headline\":\"COMO SER\u00c1 LA ASAMBLEA LEGISLATIVA Y LA CEREMONIA DE ASUNCI\u00d3N DE JAVIER MILEI\",\"datePublished\":\"2023-12-04T22:38:54+00:00\",\"mainEntityOfPage\":{\"@id\":\"https:\/\/apuntesdesanluis.com\/index.php\/2023\/12\/04\/como-sera-la-asamblea-legislativa-y-la-ceremonia-de-asuncion-de-javier-milei\/\"},\"wordCount\":904,\"publisher\":{\"@id\":\"https:\/\/apuntesdesanluis.com\/#\/schema\/person\/b55151d52296fcce64d1a72538a70b90\"},\"image\":{\"@id\":\"https:\/\/apuntesdesanluis.com\/index.php\/2023\/12\/04\/como-sera-la-asamblea-legislativa-y-la-ceremonia-de-asuncion-de-javier-milei\/#primaryimage\"},\"thumbnailUrl\":\"https:\/\/apuntesdesanluis.com\/wp-content\/uploads\/2023\/12\/CRISTINA.png\",\"articleSection\":[\"Nacionales\/Internacionales\"],\"inLanguage\":\"es-AR\"},{\"@type\":\"WebPage\",\"@id\":\"https:\/\/apuntesdesanluis.com\/index.php\/2023\/12\/04\/como-sera-la-asamblea-legislativa-y-la-ceremonia-de-asuncion-de-javier-milei\/\",\"url\":\"https:\/\/apuntesdesanluis.com\/index.php\/2023\/12\/04\/como-sera-la-asamblea-legislativa-y-la-ceremonia-de-asuncion-de-javier-milei\/\",\"name\":\"COMO SER\u00c1 LA ASAMBLEA LEGISLATIVA Y LA CEREMONIA DE ASUNCI\u00d3N DE JAVIER MILEI - Apuntes de San Luis\",\"isPartOf\":{\"@id\":\"https:\/\/apuntesdesanluis.com\/#website\"},\"primaryImageOfPage\":{\"@id\":\"https:\/\/apuntesdesanluis.com\/index.php\/2023\/12\/04\/como-sera-la-asamblea-legislativa-y-la-ceremonia-de-asuncion-de-javier-milei\/#primaryimage\"},\"image\":{\"@id\":\"https:\/\/apuntesdesanluis.com\/index.php\/2023\/12\/04\/como-sera-la-asamblea-legislativa-y-la-ceremonia-de-asuncion-de-javier-milei\/#primaryimage\"},\"thumbnailUrl\":\"https:\/\/apuntesdesanluis.com\/wp-content\/uploads\/2023\/12\/CRISTINA.png\",\"datePublished\":\"2023-12-04T22:38:54+00:00\",\"breadcrumb\":{\"@id\":\"https:\/\/apuntesdesanluis.com\/index.php\/2023\/12\/04\/como-sera-la-asamblea-legislativa-y-la-ceremonia-de-asuncion-de-javier-milei\/#breadcrumb\"},\"inLanguage\":\"es-AR\",\"potentialAction\":[{\"@type\":\"ReadAction\",\"target\":[\"https:\/\/apuntesdesanluis.com\/index.php\/2023\/12\/04\/como-sera-la-asamblea-legislativa-y-la-ceremonia-de-asuncion-de-javier-milei\/\"]}]},{\"@type\":\"ImageObject\",\"inLanguage\":\"es-AR\",\"@id\":\"https:\/\/apuntesdesanluis.com\/index.php\/2023\/12\/04\/como-sera-la-asamblea-legislativa-y-la-ceremonia-de-asuncion-de-javier-milei\/#primaryimage\",\"url\":\"https:\/\/apuntesdesanluis.com\/wp-content\/uploads\/2023\/12\/CRISTINA.png\",\"contentUrl\":\"https:\/\/apuntesdesanluis.com\/wp-content\/uploads\/2023\/12\/CRISTINA.png\",\"width\":681,\"height\":387},{\"@type\":\"BreadcrumbList\",\"@id\":\"https:\/\/apuntesdesanluis.com\/index.php\/2023\/12\/04\/como-sera-la-asamblea-legislativa-y-la-ceremonia-de-asuncion-de-javier-milei\/#breadcrumb\",\"itemListElement\":[{\"@type\":\"ListItem\",\"position\":1,\"name\":\"Inicio\",\"item\":\"https:\/\/apuntesdesanluis.com\/\"},{\"@type\":\"ListItem\",\"position\":2,\"name\":\"COMO SER\u00c1 LA ASAMBLEA LEGISLATIVA Y LA CEREMONIA DE ASUNCI\u00d3N DE JAVIER MILEI\"}]},{\"@type\":\"WebSite\",\"@id\":\"https:\/\/apuntesdesanluis.com\/#website\",\"url\":\"https:\/\/apuntesdesanluis.com\/\",\"name\":\"Apuntes de San Luis\",\"description\":\"\",\"publisher\":{\"@id\":\"https:\/\/apuntesdesanluis.com\/#\/schema\/person\/b55151d52296fcce64d1a72538a70b90\"},\"potentialAction\":[{\"@type\":\"SearchAction\",\"target\":{\"@type\":\"EntryPoint\",\"urlTemplate\":\"https:\/\/apuntesdesanluis.com\/?s={search_term_string}\"},\"query-input\":{\"@type\":\"PropertyValueSpecification\",\"valueRequired\":true,\"valueName\":\"search_term_string\"}}],\"inLanguage\":\"es-AR\"},{\"@type\":[\"Person\",\"Organization\"],\"@id\":\"https:\/\/apuntesdesanluis.com\/#\/schema\/person\/b55151d52296fcce64d1a72538a70b90\",\"name\":\"apuntesdesanluis.com\",\"image\":{\"@type\":\"ImageObject\",\"inLanguage\":\"es-AR\",\"@id\":\"https:\/\/apuntesdesanluis.com\/#\/schema\/person\/image\/\",\"url\":\"https:\/\/apuntesdesanluis.com\/wp-content\/uploads\/2023\/07\/cropped-apuntesdesanluis.png\",\"contentUrl\":\"https:\/\/apuntesdesanluis.com\/wp-content\/uploads\/2023\/07\/cropped-apuntesdesanluis.png\",\"width\":450,\"height\":112,\"caption\":\"apuntesdesanluis.com\"},\"logo\":{\"@id\":\"https:\/\/apuntesdesanluis.com\/#\/schema\/person\/image\/\"},\"sameAs\":[\"https:\/\/apuntesdesanluis.com\"],\"url\":\"https:\/\/apuntesdesanluis.com\/index.php\/author\/apuntesdesanluis-com\/\"}]}<\/script>\n<!-- \/ Yoast SEO plugin. -->","yoast_head_json":{"title":"COMO SER\u00c1 LA ASAMBLEA LEGISLATIVA Y LA CEREMONIA DE ASUNCI\u00d3N DE JAVIER MILEI - Apuntes de San Luis","robots":{"index":"index","follow":"follow","max-snippet":"max-snippet:-1","max-image-preview":"max-image-preview:large","max-video-preview":"max-video-preview:-1"},"canonical":"https:\/\/apuntesdesanluis.com\/index.php\/2023\/12\/04\/como-sera-la-asamblea-legislativa-y-la-ceremonia-de-asuncion-de-javier-milei\/","og_locale":"es_ES","og_type":"article","og_title":"COMO SER\u00c1 LA ASAMBLEA LEGISLATIVA Y LA CEREMONIA DE ASUNCI\u00d3N DE JAVIER MILEI - Apuntes de San Luis","og_description":"Javier Milei asumir\u00e1 el 10 de diciembre como nuevo Presidente en una ceremonia en el...","og_url":"https:\/\/apuntesdesanluis.com\/index.php\/2023\/12\/04\/como-sera-la-asamblea-legislativa-y-la-ceremonia-de-asuncion-de-javier-milei\/","og_site_name":"Apuntes de San Luis","article_published_time":"2023-12-04T22:38:54+00:00","og_image":[{"width":681,"height":387,"url":"https:\/\/apuntesdesanluis.com\/wp-content\/uploads\/2023\/12\/CRISTINA.png","type":"image\/png"}],"author":"apuntesdesanluis.com","twitter_card":"summary_large_image","twitter_misc":{"Escrito por":"apuntesdesanluis.com","Tiempo de lectura":"4 minutos"},"schema":{"@context":"https:\/\/schema.org","@graph":[{"@type":"Article","@id":"https:\/\/apuntesdesanluis.com\/index.php\/2023\/12\/04\/como-sera-la-asamblea-legislativa-y-la-ceremonia-de-asuncion-de-javier-milei\/#article","isPartOf":{"@id":"https:\/\/apuntesdesanluis.com\/index.php\/2023\/12\/04\/como-sera-la-asamblea-legislativa-y-la-ceremonia-de-asuncion-de-javier-milei\/"},"author":{"name":"apuntesdesanluis.com","@id":"https:\/\/apuntesdesanluis.com\/#\/schema\/person\/b55151d52296fcce64d1a72538a70b90"},"headline":"COMO SER\u00c1 LA ASAMBLEA LEGISLATIVA Y LA CEREMONIA DE ASUNCI\u00d3N DE JAVIER MILEI","datePublished":"2023-12-04T22:38:54+00:00","mainEntityOfPage":{"@id":"https:\/\/apuntesdesanluis.com\/index.php\/2023\/12\/04\/como-sera-la-asamblea-legislativa-y-la-ceremonia-de-asuncion-de-javier-milei\/"},"wordCount":904,"publisher":{"@id":"https:\/\/apuntesdesanluis.com\/#\/schema\/person\/b55151d52296fcce64d1a72538a70b90"},"image":{"@id":"https:\/\/apuntesdesanluis.com\/index.php\/2023\/12\/04\/como-sera-la-asamblea-legislativa-y-la-ceremonia-de-asuncion-de-javier-milei\/#primaryimage"},"thumbnailUrl":"https:\/\/apuntesdesanluis.com\/wp-content\/uploads\/2023\/12\/CRISTINA.png","articleSection":["Nacionales\/Internacionales"],"inLanguage":"es-AR"},{"@type":"WebPage","@id":"https:\/\/apuntesdesanluis.com\/index.php\/2023\/12\/04\/como-sera-la-asamblea-legislativa-y-la-ceremonia-de-asuncion-de-javier-milei\/","url":"https:\/\/apuntesdesanluis.com\/index.php\/2023\/12\/04\/como-sera-la-asamblea-legislativa-y-la-ceremonia-de-asuncion-de-javier-milei\/","name":"COMO SER\u00c1 LA ASAMBLEA LEGISLATIVA Y LA CEREMONIA DE ASUNCI\u00d3N DE JAVIER MILEI - Apuntes de San Luis","isPartOf":{"@id":"https:\/\/apuntesdesanluis.com\/#website"},"primaryImageOfPage":{"@id":"https:\/\/apuntesdesanluis.com\/index.php\/2023\/12\/04\/como-sera-la-asamblea-legislativa-y-la-ceremonia-de-asuncion-de-javier-milei\/#primaryimage"},"image":{"@id":"https:\/\/apuntesdesanluis.com\/index.php\/2023\/12\/04\/como-sera-la-asamblea-legislativa-y-la-ceremonia-de-asuncion-de-javier-milei\/#primaryimage"},"thumbnailUrl":"https:\/\/apuntesdesanluis.com\/wp-content\/uploads\/2023\/12\/CRISTINA.png","datePublished":"2023-12-04T22:38:54+00:00","breadcrumb":{"@id":"https:\/\/apuntesdesanluis.com\/index.php\/2023\/12\/04\/como-sera-la-asamblea-legislativa-y-la-ceremonia-de-asuncion-de-javier-milei\/#breadcrumb"},"inLanguage":"es-AR","potentialAction":[{"@type":"ReadAction","target":["https:\/\/apuntesdesanluis.com\/index.php\/2023\/12\/04\/como-sera-la-asamblea-legislativa-y-la-ceremonia-de-asuncion-de-javier-milei\/"]}]},{"@type":"ImageObject","inLanguage":"es-AR","@id":"https:\/\/apuntesdesanluis.com\/index.php\/2023\/12\/04\/como-sera-la-asamblea-legislativa-y-la-ceremonia-de-asuncion-de-javier-milei\/#primaryimage","url":"https:\/\/apuntesdesanluis.com\/wp-content\/uploads\/2023\/12\/CRISTINA.png","contentUrl":"https:\/\/apuntesdesanluis.com\/wp-content\/uploads\/2023\/12\/CRISTINA.png","width":681,"height":387},{"@type":"BreadcrumbList","@id":"https:\/\/apuntesdesanluis.com\/index.php\/2023\/12\/04\/como-sera-la-asamblea-legislativa-y-la-ceremonia-de-asuncion-de-javier-milei\/#breadcrumb","itemListElement":[{"@type":"ListItem","position":1,"name":"Inicio","item":"https:\/\/apuntesdesanluis.com\/"},{"@type":"ListItem","position":2,"name":"COMO SER\u00c1 LA ASAMBLEA LEGISLATIVA Y LA CEREMONIA DE ASUNCI\u00d3N DE JAVIER MILEI"}]},{"@type":"WebSite","@id":"https:\/\/apuntesdesanluis.com\/#website","url":"https:\/\/apuntesdesanluis.com\/","name":"Apuntes de San Luis","description":"","publisher":{"@id":"https:\/\/apuntesdesanluis.com\/#\/schema\/person\/b55151d52296fcce64d1a72538a70b90"},"potentialAction":[{"@type":"SearchAction","target":{"@type":"EntryPoint","urlTemplate":"https:\/\/apuntesdesanluis.com\/?s={search_term_string}"},"query-input":{"@type":"PropertyValueSpecification","valueRequired":true,"valueName":"search_term_string"}}],"inLanguage":"es-AR"},{"@type":["Person","Organization"],"@id":"https:\/\/apuntesdesanluis.com\/#\/schema\/person\/b55151d52296fcce64d1a72538a70b90","name":"apuntesdesanluis.com","image":{"@type":"ImageObject","inLanguage":"es-AR","@id":"https:\/\/apuntesdesanluis.com\/#\/schema\/person\/image\/","url":"https:\/\/apuntesdesanluis.com\/wp-content\/uploads\/2023\/07\/cropped-apuntesdesanluis.png","contentUrl":"https:\/\/apuntesdesanluis.com\/wp-content\/uploads\/2023\/07\/cropped-apuntesdesanluis.png","width":450,"height":112,"caption":"apuntesdesanluis.com"},"logo":{"@id":"https:\/\/apuntesdesanluis.com\/#\/schema\/person\/image\/"},"sameAs":["https:\/\/apuntesdesanluis.com"],"url":"https:\/\/apuntesdesanluis.com\/index.php\/author\/apuntesdesanluis-com\/"}]}},"featured_image_urls":{"full":["https:\/\/apuntesdesanluis.com\/wp-content\/uploads\/2023\/12\/CRISTINA.png",681,387,false],"thumbnail":["https:\/\/apuntesdesanluis.com\/wp-content\/uploads\/2023\/12\/CRISTINA-150x150.png",150,150,true],"medium":["https:\/\/apuntesdesanluis.com\/wp-content\/uploads\/2023\/12\/CRISTINA-300x170.png",300,170,true],"medium_large":["https:\/\/apuntesdesanluis.com\/wp-content\/uploads\/2023\/12\/CRISTINA.png",640,364,false],"large":["https:\/\/apuntesdesanluis.com\/wp-content\/uploads\/2023\/12\/CRISTINA.png",640,364,false],"1536x1536":["https:\/\/apuntesdesanluis.com\/wp-content\/uploads\/2023\/12\/CRISTINA.png",681,387,false],"2048x2048":["https:\/\/apuntesdesanluis.com\/wp-content\/uploads\/2023\/12\/CRISTINA.png",681,387,false],"newsever-slider-full":["https:\/\/apuntesdesanluis.com\/wp-content\/uploads\/2023\/12\/CRISTINA.png",681,387,false],"newsever-featured":["https:\/\/apuntesdesanluis.com\/wp-content\/uploads\/2023\/12\/CRISTINA.png",681,387,false],"newsever-medium":["https:\/\/apuntesdesanluis.com\/wp-content\/uploads\/2023\/12\/CRISTINA.png",681,387,false]},"author_info":{"display_name":"apuntesdesanluis.com","author_link":"https:\/\/apuntesdesanluis.com\/index.php\/author\/apuntesdesanluis-com\/"},"category_info":"<a href=\"https:\/\/apuntesdesanluis.com\/index.php\/category\/nacionales-internacionales\/\" rel=\"category tag\">Nacionales\/Internacionales<\/a>","tag_info":"Nacionales\/Internacionales","comment_count":"0","_links":{"self":[{"href":"https:\/\/apuntesdesanluis.com\/index.php\/wp-json\/wp\/v2\/posts\/7825","targetHints":{"allow":["GET"]}}],"collection":[{"href":"https:\/\/apuntesdesanluis.com\/index.php\/wp-json\/wp\/v2\/posts"}],"about":[{"href":"https:\/\/apuntesdesanluis.com\/index.php\/wp-json\/wp\/v2\/types\/post"}],"author":[{"embeddable":true,"href":"https:\/\/apuntesdesanluis.com\/index.php\/wp-json\/wp\/v2\/users\/1"}],"replies":[{"embeddable":true,"href":"https:\/\/apuntesdesanluis.com\/index.php\/wp-json\/wp\/v2\/comments?post=7825"}],"version-history":[{"count":1,"href":"https:\/\/apuntesdesanluis.com\/index.php\/wp-json\/wp\/v2\/posts\/7825\/revisions"}],"predecessor-version":[{"id":7828,"href":"https:\/\/apuntesdesanluis.com\/index.php\/wp-json\/wp\/v2\/posts\/7825\/revisions\/7828"}],"wp:featuredmedia":[{"embeddable":true,"href":"https:\/\/apuntesdesanluis.com\/index.php\/wp-json\/wp\/v2\/media\/7826"}],"wp:attachment":[{"href":"https:\/\/apuntesdesanluis.com\/index.php\/wp-json\/wp\/v2\/media?parent=7825"}],"wp:term":[{"taxonomy":"category","embeddable":true,"href":"https:\/\/apuntesdesanluis.com\/index.php\/wp-json\/wp\/v2\/categories?post=7825"},{"taxonomy":"post_tag","embeddable":true,"href":"https:\/\/apuntesdesanluis.com\/index.php\/wp-json\/wp\/v2\/tags?post=7825"}],"curies":[{"name":"wp","href":"https:\/\/api.w.org\/{rel}","templated":true}]}}