{"id":7852,"date":"2023-12-05T08:17:49","date_gmt":"2023-12-05T11:17:49","guid":{"rendered":"https:\/\/apuntesdesanluis.com\/?p=7852"},"modified":"2023-12-05T08:17:49","modified_gmt":"2023-12-05T11:17:49","slug":"la-pobreza-en-su-peor-nivel-desde-2001-la-uca-advirtio-que-roza-el-45-y-que-crecera-por-la-inflacion","status":"publish","type":"post","link":"https:\/\/apuntesdesanluis.com\/index.php\/2023\/12\/05\/la-pobreza-en-su-peor-nivel-desde-2001-la-uca-advirtio-que-roza-el-45-y-que-crecera-por-la-inflacion\/","title":{"rendered":"LA POBREZA, EN SU PEOR NIVEL DESDE 2001: LA UCA ADVIRTI\u00d3 QUE ROZA EL 45% Y QUE CRECER\u00c1 POR LA INFLACI\u00d3N"},"content":{"rendered":"<h3>Las cifras son demoledoras: casi sin matices entre los sucesivos presidentes \u2013y con la excepci\u00f3n de la crisis por el Covid\u2013 la pobreza, la inseguridad alimentaria y el empleo precario est\u00e1n en el gobierno que deja <strong>Alberto Fern\u00e1ndez<\/strong> en sus niveles m\u00e1s altos desde la explosi\u00f3n del 2001.<\/h3>\n<h3>Un contundente informe del <strong>Observatorio de la Deuda Social Argentina de la UCA<\/strong> present\u00f3 los resultados socioecon\u00f3micos de las \u00faltimas dos d\u00e9cadas y dej\u00f3 un mensaje categ\u00f3rico: sin un ordenamiento macroecon\u00f3mico s\u00f3lido y perdurable no habr\u00e1 manera de rever esta decadencia. Seg\u00fan la \u00faltima medici\u00f3n de la UCA, la pobreza se ubic\u00f3 en el 44,7% en tercer trimestre del a\u00f1o, una cifra similar a la del 2020 y la m\u00e1s alta desde 2006, 41,2 por ciento. Cuando se mira la pobreza desde una \u00f3ptica multidimensional, la universidad concluy\u00f3 que 67% de la poblaci\u00f3n al menos sufre una carencia.<\/h3>\n<h3>\u00bfSe parece este cuadro peligroso al del 2001-2002? \u00bfSe puede agudizar a partir de las premisas de ajuste adelantadas por el presidente electo Javier Milei?<\/h3>\n<h3>La respuesta a estos interrogantes del director del Observatorio, Agust\u00edn Salvia, es que, m\u00e1s all\u00e1 de quien haya resultado ganador en las recientes elecciones presidenciales, el proceso de ajuste de precios relativos \u2013m\u00e1s lento o m\u00e1s r\u00e1pido\u2013 era inevitable, ya que sin una baja brusca de la inflaci\u00f3n no hay chances de que aumente la inversi\u00f3n privada y el empleo estable, para dar paso a una gradual baja de la pobreza y la indigencia.<\/h3>\n<h3>Frente a un grupo de periodistas, Salvia y su equipo de colaboradores presentaron el informe \u201cArgentina Siglo XXI: Deudas sociales cr\u00f3nicas y desigualdades crecientes. Perspectivas y desaf\u00edos\u201d.<\/h3>\n<h3>El t\u00edtulo contiene los t\u00e9rminos adecuados, ya que Salvia anticip\u00f3 que, con una inflaci\u00f3n mayor en 2024, la pobreza aumentar\u00e1 y con ella la precariedad del empleo y los ingresos. Los m\u00e1s afectados, advirti\u00f3, ser\u00e1n aquellos sectores que est\u00e1n a punto de caer en la pobreza, en tanto el nuevo gobierno mantenga entre los m\u00e1s vulnerables la estructura actual de programas sociales. Salvia aclar\u00f3 que este creciente gasto social no ayud\u00f3 a resolver ninguna de las causas de la reciente debacle socioecon\u00f3mica, pero s\u00ed contuvo una explosi\u00f3n social. Del mismo modo, consider\u00f3 que la suba de 2 o 3 puntos en la pobreza que se puede prever para el a\u00f1o pr\u00f3ximo no necesariamente se trasladar\u00e1 a un fen\u00f3meno similar al del 2001 por la estructura institucionalizada de esas prestaciones.<\/h3>\n<h3>\u201cEstamos en un fin de ciclo post convertibilidad organizado en base al consumo con alta inflaci\u00f3n, que se estanc\u00f3 y necesita un cambio como se observa en los \u00faltimos 3 a\u00f1os\u201d (Salvia)<\/h3>\n<h3>Algunas conclusiones r\u00e1pidas que se pueden sacar de este informe que se presentar\u00e1 oficialmente este martes a la tarde en la UCA con Salvia y Claudio Tomasi, representante residente del Programa de las Naciones Unidas para el Desarrollo en Argentina (PNUD): la ca\u00edda del desempleo abierto que tanto destac\u00f3 el saliente gobierno de Alberto Fern\u00e1ndez ni siquiera empard\u00f3 el empeoramiento de la calidad del empleo ni el derrumbe del salario real.<\/h3>\n<h3>El Observatorio, que comenz\u00f3 a realizar sus mediciones en 2004 y cobr\u00f3 un rol clave durante la manipulaci\u00f3n de las estad\u00edsticas del Indec entre 2007 y 2015, consider\u00f3 que el modelo econ\u00f3mico surgido tras la explosi\u00f3n de la convertibilidad \u2013basado en el consumo y no en el desarrollo con inversi\u00f3n\u2013 est\u00e1 \u201cagotado\u201d.<\/h3>\n<h3>COBERTURA DE LOS PROGRAMAS SOCIALES<\/h3>\n<h3>\u201cEstamos en un fin de ciclo post convertibilidad organizado en base al consumo con alta inflaci\u00f3n, que se estanc\u00f3 y necesita un cambio como se observa en los \u00faltimos 3 a\u00f1os\u201d, se\u00f1al\u00f3 Salvia.<\/h3>\n<h3>El experto abund\u00f3 en las causas y las consecuencias de este agotamiento y le rest\u00f3 importancia a las excusas vertidas por los diferentes gobiernos sobre la importancia de los shocks externos en este tobog\u00e1n. \u201cLa pobreza es una consecuencia de pol\u00edticas fallidas y hay una necesidad de cambios estructurales con modificaci\u00f3n de las reglas de juego: en promedio desde el a\u00f1o 2000 el PBI per c\u00e1pita creci\u00f3 0,7, insuficiente frente a los desaf\u00edos que ya hab\u00eda en 2001\u2033, precis\u00f3. Se trata de una ca\u00edda real, ya que se ubica por debajo del crecimiento vegetativo de la poblaci\u00f3n.<\/h3>\n<h3>Para comenzar a torcer esta trayectoria el pa\u00eds deber\u00eda tener niveles de inversi\u00f3n superiores al 23%, frente al 19% actual, que rebot\u00f3 respecto de las tasas previas por Vaca Muerta.<\/h3>\n<h3>Seg\u00fan las cifras de la UCA, la pobreza se ubic\u00f3 en el 44,7% en tercer trimestre del a\u00f1o, una cifra similar a la del 2020 y la m\u00e1s alta desde 2006, 41,2 por ciento<\/h3>\n<h3>Los niveles de pobreza se ubican en un techo alto desde el pico alcanzado en 2003-2004 \u2013con la excepci\u00f3n de la pandemia-, mientras que la indigencia baj\u00f3 levemente por la mencionada cobertura social. Sin embargo, esta aparente mejora entre los bolsones m\u00e1s postergados de la poblaci\u00f3n no esconde ni el aumento de la inseguridad alimentaria severa ni de la pobreza infantil, con cifras insultantes para un pa\u00eds de ingresos medios y con un r\u00e9gimen democr\u00e1tico ininterrumpido desde 1983. El 16% de los ni\u00f1os son indigentes y el 62,9% son pobres.<\/h3>\n<h3>Seg\u00fan las cifras de la UCA, la pobreza se ubic\u00f3 en el 44,7% en tercer trimestre del a\u00f1o, una cifra similar a la del 2020 y la m\u00e1s alta desde 2006, 41,2 por ciento.<\/h3>\n<h3>Uno de los motivos, explic\u00f3 Salvia, es que \u201cel empleo se mantuvo estancado, con niveles raqu\u00edticos y un car\u00e1cter regresivo por la ca\u00edda del salario real. Solo en el primer semestre del 2023 cay\u00f3 8,3% el salario\u201d.<\/h3>\n<h3>Casi la mitad de la poblaci\u00f3n recibe alg\u00fan tipo de asistencia del Estado \u2013por fuera de las jubilaciones y las pensiones- y, sin planes sociales, la indigencia saltar\u00eda del 9,6% al 20,8% y la pobreza del 44% al 49%, se indic\u00f3 en el informe.<\/h3>\n<h3>CAUSAS Y EFECTOS DE LOS PLANES SOCIALES<\/h3>\n<h3>\u201cNo subi\u00f3 m\u00e1s la pobreza por el aumento de las transferencias\u201d, agreg\u00f3 Salvia.<\/h3>\n<h3>\u2013 \u00bfNo coincide con aquellos que se\u00f1alan que la pobreza y el empleo informal crecieron por el aumento del gasto social?<\/h3>\n<h3>\u2013 No, para nada; el costo econ\u00f3mico de los programas sociales sigue siendo muy bajo desde el punto de vista del PBI. No es la forma en que se pueda salir de la pobreza de ninguna manera y de hecho cristaliza una especie de econom\u00eda y una cultura de la informalidad, pero cuando no hay empleos formales ni hay demanda agregada de empleo para que se ocupen puestos de trabajo, estos planes permiten la subsistencia de los sectores excluidos.<\/h3>\n<h3>De inmediato, aclar\u00f3 que \u201cel mundo de la informalidad que ha permitido mantener cierta paz social no dej\u00f3 de provocar que una parte de la poblaci\u00f3n se mantenga cautiva en materia de clientelismo pol\u00edtico y ahora se ve el quiebre de ese v\u00ednculo porque el Estado no puede resolver la subsistencia de esos sectores. Y ah\u00ed tambi\u00e9n hay un quiebre social importante desde el punto de vista de la legitimidad pol\u00edtica de los gobiernos kirchneristas o de corte m\u00e1s populista o distribucionista, que ha tenido como pol\u00edtica el peronismo\u201d.<\/h3>\n<h3>\u201cEl mundo de la informalidad que ha permitido mantener cierta paz social no dej\u00f3 de provocar que una parte de la poblaci\u00f3n se mantenga cautiva en materia de clientelismo pol\u00edtico y ahora se ve el quiebre de ese v\u00ednculo porque el Estado no puede resolver la subsistencia de esos sectores\u201d (Salvia)<\/h3>\n<h3>A su vez, la inseguridad alimentaria severa \u2013esto significa, gente que directamente no come\u2013 es del 27,1%, el nivel m\u00e1s alto desde 2004 salvo el pico del 36% de la pandemia.<\/h3>\n<h3>\u2013 \u00bfTiene raz\u00f3n el presidente Alberto Fern\u00e1ndez al declarar que la pobreza no es del 40% porque la gente \u201cmiente al contestar al Indec para que no le saquen el plan\u201d social?<\/h3>\n<h3>\u2013 No, es al rev\u00e9s: las clases medias-altas declaran menos, los pobres no-respondi\u00f3 Salvia.<\/h3>\n<h3>Evoluci\u00f3n de la pobreza<\/h3>\n<h3>Parad\u00f3jicamente, la percepci\u00f3n de fragilidad era mayor en 2018 que ahora, pese a que la inflaci\u00f3n se multiplic\u00f3 casi por cinco. \u201cPuede ser atribuido a que con m\u00e1s inflaci\u00f3n hay m\u00e1s billetes en los bolsillos, aunque valgan menos, y eso provoca una ilusi\u00f3n transitoria\u201d, indic\u00f3 Salvia.<\/h3>\n<h3>Hay otros datos categ\u00f3ricos: solo 1 de cada 10 personas puede ahorrar, frente a casi 2 de cada 10 que lo pod\u00edan hacer en 2018.<\/h3>\n<h3>M\u00e1s all\u00e1 de los ingresos, el panorama es mixto: se redujo en estas dos d\u00e9cadas el d\u00e9ficit de la vivienda precaria del 20% al 13% desde 2004, \u201cno por construcci\u00f3n de la vivienda p\u00fablica, sino con mayor inversi\u00f3n propia de los hogares\u201d. Tambi\u00e9n mejor\u00f3 \u2013por acci\u00f3n del estado- el acceso a cloacas y agua corriente, pero no el alto hacinamiento en los hogares pobres.<\/h3>\n<h3>En la medici\u00f3n de la pobreza multidimensional, la UCA detect\u00f3 que el 67% de la poblaci\u00f3n al menos sufre una carencia y el 28% con tres o m\u00e1s. En particular, el 35,7% de la poblaci\u00f3n no tiene ning\u00fan acceso a la seguridad social y el 31,7% sufre carencias en la alimentaci\u00f3n.<\/h3>\n<h3>El 22,4% de la poblaci\u00f3n pertenece a la categor\u00eda de pobre estructural, por ingreso y por 3 o m\u00e1s carencias.<\/h3>\n<h3>En la medici\u00f3n de la pobreza multidimensional, la UCA detect\u00f3 que el 67% de la poblaci\u00f3n al menos sufre una carencia y el 28% con tres o m\u00e1s<\/h3>\n<h3>Pese al discurso oficial que resalta que aument\u00f3 la inversi\u00f3n educativa sobre el PBI, este incremento del gasto no se tradujo en una mayor igualdad ni calidad educativa.<\/h3>\n<h3>En el plano m\u00e1s subjetivo, todas estas cifras se reflejan en un aumento de la depresi\u00f3n y la ansiedad, trasversal en t\u00e9rminos sociales, pero con un incremento m\u00e1s reciente en los sectores medios profesionales.<\/h3>\n<h3>La palabra clave del momento es inseguridad, porque el empleo pleno no mejora desde 2007 y tampoco aumenta la cantidad de aportantes al r\u00e9gimen de la seguridad social, explic\u00f3 Salvia: se trata de una torta m\u00e1s chica de la cual come m\u00e1s gente.<\/h3>\n<h3>\u2013 \u00bfQu\u00e9 puede ocurrir a partir del nuevo gobierno?<\/h3>\n<h3>\u2013 Ni el modelo pro Estado ni el pro mercado garantizaron una mejora. Ambos deben ser m\u00e1s eficientes. Si esto sigue as\u00ed habr\u00e1 m\u00e1s pobres, empleo informal, explotaci\u00f3n en el hogar, deterioro de la salud y desigualdad social. Es una crisis sist\u00e9mica-advirti\u00f3.<\/h3>\n<h3>\u201cLa estabilizaci\u00f3n macroecon\u00f3mica es clave. Primero habr\u00e1 un periodo de ajuste de los precios relativos, saneamiento y negociaci\u00f3n de las deudas. Si el gobierno es exitoso en esta etapa puede tener un efecto de reactivaci\u00f3n econ\u00f3mica potencial, pero en este proceso habr\u00e1 puja distributiva y los m\u00e1s pobres deber\u00edan ser los m\u00e1s cuidados para evitar desbordes en el sistema institucional\u201d, concluy\u00f3 Salvia, con gesto adusto.<\/h3>\n","protected":false},"excerpt":{"rendered":"<p>Las cifras son demoledoras: casi sin matices entre los sucesivos presidentes \u2013y con la excepci\u00f3n&#8230;<\/p>\n","protected":false},"author":1,"featured_media":7854,"comment_status":"closed","ping_status":"closed","sticky":false,"template":"","format":"standard","meta":{"footnotes":""},"categories":[5],"tags":[],"class_list":["post-7852","post","type-post","status-publish","format-standard","has-post-thumbnail","hentry","category-nacionales-internacionales"],"yoast_head":"<!-- This site is optimized with the Yoast SEO plugin v26.1.1 - https:\/\/yoast.com\/wordpress\/plugins\/seo\/ -->\n<title>LA POBREZA, EN SU PEOR NIVEL DESDE 2001: LA UCA ADVIRTI\u00d3 QUE ROZA EL 45% Y QUE CRECER\u00c1 POR LA INFLACI\u00d3N - Apuntes de San Luis<\/title>\n<meta name=\"robots\" content=\"index, follow, max-snippet:-1, max-image-preview:large, max-video-preview:-1\" \/>\n<link rel=\"canonical\" href=\"https:\/\/apuntesdesanluis.com\/index.php\/2023\/12\/05\/la-pobreza-en-su-peor-nivel-desde-2001-la-uca-advirtio-que-roza-el-45-y-que-crecera-por-la-inflacion\/\" \/>\n<meta property=\"og:locale\" content=\"es_ES\" \/>\n<meta property=\"og:type\" content=\"article\" \/>\n<meta property=\"og:title\" content=\"LA POBREZA, EN SU PEOR NIVEL DESDE 2001: LA UCA ADVIRTI\u00d3 QUE ROZA EL 45% Y QUE CRECER\u00c1 POR LA INFLACI\u00d3N - Apuntes de San Luis\" \/>\n<meta property=\"og:description\" content=\"Las cifras son demoledoras: casi sin matices entre los sucesivos presidentes \u2013y con la excepci\u00f3n...\" \/>\n<meta property=\"og:url\" content=\"https:\/\/apuntesdesanluis.com\/index.php\/2023\/12\/05\/la-pobreza-en-su-peor-nivel-desde-2001-la-uca-advirtio-que-roza-el-45-y-que-crecera-por-la-inflacion\/\" \/>\n<meta property=\"og:site_name\" content=\"Apuntes de San Luis\" \/>\n<meta property=\"article:published_time\" content=\"2023-12-05T11:17:49+00:00\" \/>\n<meta property=\"og:image\" content=\"https:\/\/apuntesdesanluis.com\/wp-content\/uploads\/2023\/12\/pobreza.png\" \/>\n\t<meta property=\"og:image:width\" content=\"522\" \/>\n\t<meta property=\"og:image:height\" content=\"311\" \/>\n\t<meta property=\"og:image:type\" content=\"image\/png\" \/>\n<meta name=\"author\" content=\"apuntesdesanluis.com\" \/>\n<meta name=\"twitter:card\" content=\"summary_large_image\" \/>\n<meta name=\"twitter:label1\" content=\"Escrito por\" \/>\n\t<meta name=\"twitter:data1\" content=\"apuntesdesanluis.com\" \/>\n\t<meta name=\"twitter:label2\" content=\"Tiempo de lectura\" \/>\n\t<meta name=\"twitter:data2\" content=\"9 minutos\" \/>\n<script type=\"application\/ld+json\" class=\"yoast-schema-graph\">{\"@context\":\"https:\/\/schema.org\",\"@graph\":[{\"@type\":\"Article\",\"@id\":\"https:\/\/apuntesdesanluis.com\/index.php\/2023\/12\/05\/la-pobreza-en-su-peor-nivel-desde-2001-la-uca-advirtio-que-roza-el-45-y-que-crecera-por-la-inflacion\/#article\",\"isPartOf\":{\"@id\":\"https:\/\/apuntesdesanluis.com\/index.php\/2023\/12\/05\/la-pobreza-en-su-peor-nivel-desde-2001-la-uca-advirtio-que-roza-el-45-y-que-crecera-por-la-inflacion\/\"},\"author\":{\"name\":\"apuntesdesanluis.com\",\"@id\":\"https:\/\/apuntesdesanluis.com\/#\/schema\/person\/b55151d52296fcce64d1a72538a70b90\"},\"headline\":\"LA POBREZA, EN SU PEOR NIVEL DESDE 2001: LA UCA ADVIRTI\u00d3 QUE ROZA EL 45% Y QUE CRECER\u00c1 POR LA INFLACI\u00d3N\",\"datePublished\":\"2023-12-05T11:17:49+00:00\",\"mainEntityOfPage\":{\"@id\":\"https:\/\/apuntesdesanluis.com\/index.php\/2023\/12\/05\/la-pobreza-en-su-peor-nivel-desde-2001-la-uca-advirtio-que-roza-el-45-y-que-crecera-por-la-inflacion\/\"},\"wordCount\":1859,\"publisher\":{\"@id\":\"https:\/\/apuntesdesanluis.com\/#\/schema\/person\/b55151d52296fcce64d1a72538a70b90\"},\"image\":{\"@id\":\"https:\/\/apuntesdesanluis.com\/index.php\/2023\/12\/05\/la-pobreza-en-su-peor-nivel-desde-2001-la-uca-advirtio-que-roza-el-45-y-que-crecera-por-la-inflacion\/#primaryimage\"},\"thumbnailUrl\":\"https:\/\/apuntesdesanluis.com\/wp-content\/uploads\/2023\/12\/pobreza.png\",\"articleSection\":[\"Nacionales\/Internacionales\"],\"inLanguage\":\"es-AR\"},{\"@type\":\"WebPage\",\"@id\":\"https:\/\/apuntesdesanluis.com\/index.php\/2023\/12\/05\/la-pobreza-en-su-peor-nivel-desde-2001-la-uca-advirtio-que-roza-el-45-y-que-crecera-por-la-inflacion\/\",\"url\":\"https:\/\/apuntesdesanluis.com\/index.php\/2023\/12\/05\/la-pobreza-en-su-peor-nivel-desde-2001-la-uca-advirtio-que-roza-el-45-y-que-crecera-por-la-inflacion\/\",\"name\":\"LA POBREZA, EN SU PEOR NIVEL DESDE 2001: LA UCA ADVIRTI\u00d3 QUE ROZA EL 45% Y QUE CRECER\u00c1 POR LA INFLACI\u00d3N - Apuntes de San Luis\",\"isPartOf\":{\"@id\":\"https:\/\/apuntesdesanluis.com\/#website\"},\"primaryImageOfPage\":{\"@id\":\"https:\/\/apuntesdesanluis.com\/index.php\/2023\/12\/05\/la-pobreza-en-su-peor-nivel-desde-2001-la-uca-advirtio-que-roza-el-45-y-que-crecera-por-la-inflacion\/#primaryimage\"},\"image\":{\"@id\":\"https:\/\/apuntesdesanluis.com\/index.php\/2023\/12\/05\/la-pobreza-en-su-peor-nivel-desde-2001-la-uca-advirtio-que-roza-el-45-y-que-crecera-por-la-inflacion\/#primaryimage\"},\"thumbnailUrl\":\"https:\/\/apuntesdesanluis.com\/wp-content\/uploads\/2023\/12\/pobreza.png\",\"datePublished\":\"2023-12-05T11:17:49+00:00\",\"breadcrumb\":{\"@id\":\"https:\/\/apuntesdesanluis.com\/index.php\/2023\/12\/05\/la-pobreza-en-su-peor-nivel-desde-2001-la-uca-advirtio-que-roza-el-45-y-que-crecera-por-la-inflacion\/#breadcrumb\"},\"inLanguage\":\"es-AR\",\"potentialAction\":[{\"@type\":\"ReadAction\",\"target\":[\"https:\/\/apuntesdesanluis.com\/index.php\/2023\/12\/05\/la-pobreza-en-su-peor-nivel-desde-2001-la-uca-advirtio-que-roza-el-45-y-que-crecera-por-la-inflacion\/\"]}]},{\"@type\":\"ImageObject\",\"inLanguage\":\"es-AR\",\"@id\":\"https:\/\/apuntesdesanluis.com\/index.php\/2023\/12\/05\/la-pobreza-en-su-peor-nivel-desde-2001-la-uca-advirtio-que-roza-el-45-y-que-crecera-por-la-inflacion\/#primaryimage\",\"url\":\"https:\/\/apuntesdesanluis.com\/wp-content\/uploads\/2023\/12\/pobreza.png\",\"contentUrl\":\"https:\/\/apuntesdesanluis.com\/wp-content\/uploads\/2023\/12\/pobreza.png\",\"width\":522,\"height\":311},{\"@type\":\"BreadcrumbList\",\"@id\":\"https:\/\/apuntesdesanluis.com\/index.php\/2023\/12\/05\/la-pobreza-en-su-peor-nivel-desde-2001-la-uca-advirtio-que-roza-el-45-y-que-crecera-por-la-inflacion\/#breadcrumb\",\"itemListElement\":[{\"@type\":\"ListItem\",\"position\":1,\"name\":\"Inicio\",\"item\":\"https:\/\/apuntesdesanluis.com\/\"},{\"@type\":\"ListItem\",\"position\":2,\"name\":\"LA POBREZA, EN SU PEOR NIVEL DESDE 2001: LA UCA ADVIRTI\u00d3 QUE ROZA EL 45% Y QUE CRECER\u00c1 POR LA INFLACI\u00d3N\"}]},{\"@type\":\"WebSite\",\"@id\":\"https:\/\/apuntesdesanluis.com\/#website\",\"url\":\"https:\/\/apuntesdesanluis.com\/\",\"name\":\"Apuntes de San Luis\",\"description\":\"\",\"publisher\":{\"@id\":\"https:\/\/apuntesdesanluis.com\/#\/schema\/person\/b55151d52296fcce64d1a72538a70b90\"},\"potentialAction\":[{\"@type\":\"SearchAction\",\"target\":{\"@type\":\"EntryPoint\",\"urlTemplate\":\"https:\/\/apuntesdesanluis.com\/?s={search_term_string}\"},\"query-input\":{\"@type\":\"PropertyValueSpecification\",\"valueRequired\":true,\"valueName\":\"search_term_string\"}}],\"inLanguage\":\"es-AR\"},{\"@type\":[\"Person\",\"Organization\"],\"@id\":\"https:\/\/apuntesdesanluis.com\/#\/schema\/person\/b55151d52296fcce64d1a72538a70b90\",\"name\":\"apuntesdesanluis.com\",\"image\":{\"@type\":\"ImageObject\",\"inLanguage\":\"es-AR\",\"@id\":\"https:\/\/apuntesdesanluis.com\/#\/schema\/person\/image\/\",\"url\":\"https:\/\/apuntesdesanluis.com\/wp-content\/uploads\/2023\/07\/cropped-apuntesdesanluis.png\",\"contentUrl\":\"https:\/\/apuntesdesanluis.com\/wp-content\/uploads\/2023\/07\/cropped-apuntesdesanluis.png\",\"width\":450,\"height\":112,\"caption\":\"apuntesdesanluis.com\"},\"logo\":{\"@id\":\"https:\/\/apuntesdesanluis.com\/#\/schema\/person\/image\/\"},\"sameAs\":[\"https:\/\/apuntesdesanluis.com\"],\"url\":\"https:\/\/apuntesdesanluis.com\/index.php\/author\/apuntesdesanluis-com\/\"}]}<\/script>\n<!-- \/ Yoast SEO plugin. -->","yoast_head_json":{"title":"LA POBREZA, EN SU PEOR NIVEL DESDE 2001: LA UCA ADVIRTI\u00d3 QUE ROZA EL 45% Y QUE CRECER\u00c1 POR LA INFLACI\u00d3N - Apuntes de San Luis","robots":{"index":"index","follow":"follow","max-snippet":"max-snippet:-1","max-image-preview":"max-image-preview:large","max-video-preview":"max-video-preview:-1"},"canonical":"https:\/\/apuntesdesanluis.com\/index.php\/2023\/12\/05\/la-pobreza-en-su-peor-nivel-desde-2001-la-uca-advirtio-que-roza-el-45-y-que-crecera-por-la-inflacion\/","og_locale":"es_ES","og_type":"article","og_title":"LA POBREZA, EN SU PEOR NIVEL DESDE 2001: LA UCA ADVIRTI\u00d3 QUE ROZA EL 45% Y QUE CRECER\u00c1 POR LA INFLACI\u00d3N - Apuntes de San Luis","og_description":"Las cifras son demoledoras: casi sin matices entre los sucesivos presidentes \u2013y con la excepci\u00f3n...","og_url":"https:\/\/apuntesdesanluis.com\/index.php\/2023\/12\/05\/la-pobreza-en-su-peor-nivel-desde-2001-la-uca-advirtio-que-roza-el-45-y-que-crecera-por-la-inflacion\/","og_site_name":"Apuntes de San Luis","article_published_time":"2023-12-05T11:17:49+00:00","og_image":[{"width":522,"height":311,"url":"https:\/\/apuntesdesanluis.com\/wp-content\/uploads\/2023\/12\/pobreza.png","type":"image\/png"}],"author":"apuntesdesanluis.com","twitter_card":"summary_large_image","twitter_misc":{"Escrito por":"apuntesdesanluis.com","Tiempo de lectura":"9 minutos"},"schema":{"@context":"https:\/\/schema.org","@graph":[{"@type":"Article","@id":"https:\/\/apuntesdesanluis.com\/index.php\/2023\/12\/05\/la-pobreza-en-su-peor-nivel-desde-2001-la-uca-advirtio-que-roza-el-45-y-que-crecera-por-la-inflacion\/#article","isPartOf":{"@id":"https:\/\/apuntesdesanluis.com\/index.php\/2023\/12\/05\/la-pobreza-en-su-peor-nivel-desde-2001-la-uca-advirtio-que-roza-el-45-y-que-crecera-por-la-inflacion\/"},"author":{"name":"apuntesdesanluis.com","@id":"https:\/\/apuntesdesanluis.com\/#\/schema\/person\/b55151d52296fcce64d1a72538a70b90"},"headline":"LA POBREZA, EN SU PEOR NIVEL DESDE 2001: LA UCA ADVIRTI\u00d3 QUE ROZA EL 45% Y QUE CRECER\u00c1 POR LA INFLACI\u00d3N","datePublished":"2023-12-05T11:17:49+00:00","mainEntityOfPage":{"@id":"https:\/\/apuntesdesanluis.com\/index.php\/2023\/12\/05\/la-pobreza-en-su-peor-nivel-desde-2001-la-uca-advirtio-que-roza-el-45-y-que-crecera-por-la-inflacion\/"},"wordCount":1859,"publisher":{"@id":"https:\/\/apuntesdesanluis.com\/#\/schema\/person\/b55151d52296fcce64d1a72538a70b90"},"image":{"@id":"https:\/\/apuntesdesanluis.com\/index.php\/2023\/12\/05\/la-pobreza-en-su-peor-nivel-desde-2001-la-uca-advirtio-que-roza-el-45-y-que-crecera-por-la-inflacion\/#primaryimage"},"thumbnailUrl":"https:\/\/apuntesdesanluis.com\/wp-content\/uploads\/2023\/12\/pobreza.png","articleSection":["Nacionales\/Internacionales"],"inLanguage":"es-AR"},{"@type":"WebPage","@id":"https:\/\/apuntesdesanluis.com\/index.php\/2023\/12\/05\/la-pobreza-en-su-peor-nivel-desde-2001-la-uca-advirtio-que-roza-el-45-y-que-crecera-por-la-inflacion\/","url":"https:\/\/apuntesdesanluis.com\/index.php\/2023\/12\/05\/la-pobreza-en-su-peor-nivel-desde-2001-la-uca-advirtio-que-roza-el-45-y-que-crecera-por-la-inflacion\/","name":"LA POBREZA, EN SU PEOR NIVEL DESDE 2001: LA UCA ADVIRTI\u00d3 QUE ROZA EL 45% Y QUE CRECER\u00c1 POR LA INFLACI\u00d3N - Apuntes de San Luis","isPartOf":{"@id":"https:\/\/apuntesdesanluis.com\/#website"},"primaryImageOfPage":{"@id":"https:\/\/apuntesdesanluis.com\/index.php\/2023\/12\/05\/la-pobreza-en-su-peor-nivel-desde-2001-la-uca-advirtio-que-roza-el-45-y-que-crecera-por-la-inflacion\/#primaryimage"},"image":{"@id":"https:\/\/apuntesdesanluis.com\/index.php\/2023\/12\/05\/la-pobreza-en-su-peor-nivel-desde-2001-la-uca-advirtio-que-roza-el-45-y-que-crecera-por-la-inflacion\/#primaryimage"},"thumbnailUrl":"https:\/\/apuntesdesanluis.com\/wp-content\/uploads\/2023\/12\/pobreza.png","datePublished":"2023-12-05T11:17:49+00:00","breadcrumb":{"@id":"https:\/\/apuntesdesanluis.com\/index.php\/2023\/12\/05\/la-pobreza-en-su-peor-nivel-desde-2001-la-uca-advirtio-que-roza-el-45-y-que-crecera-por-la-inflacion\/#breadcrumb"},"inLanguage":"es-AR","potentialAction":[{"@type":"ReadAction","target":["https:\/\/apuntesdesanluis.com\/index.php\/2023\/12\/05\/la-pobreza-en-su-peor-nivel-desde-2001-la-uca-advirtio-que-roza-el-45-y-que-crecera-por-la-inflacion\/"]}]},{"@type":"ImageObject","inLanguage":"es-AR","@id":"https:\/\/apuntesdesanluis.com\/index.php\/2023\/12\/05\/la-pobreza-en-su-peor-nivel-desde-2001-la-uca-advirtio-que-roza-el-45-y-que-crecera-por-la-inflacion\/#primaryimage","url":"https:\/\/apuntesdesanluis.com\/wp-content\/uploads\/2023\/12\/pobreza.png","contentUrl":"https:\/\/apuntesdesanluis.com\/wp-content\/uploads\/2023\/12\/pobreza.png","width":522,"height":311},{"@type":"BreadcrumbList","@id":"https:\/\/apuntesdesanluis.com\/index.php\/2023\/12\/05\/la-pobreza-en-su-peor-nivel-desde-2001-la-uca-advirtio-que-roza-el-45-y-que-crecera-por-la-inflacion\/#breadcrumb","itemListElement":[{"@type":"ListItem","position":1,"name":"Inicio","item":"https:\/\/apuntesdesanluis.com\/"},{"@type":"ListItem","position":2,"name":"LA POBREZA, EN SU PEOR NIVEL DESDE 2001: LA UCA ADVIRTI\u00d3 QUE ROZA EL 45% Y QUE CRECER\u00c1 POR LA INFLACI\u00d3N"}]},{"@type":"WebSite","@id":"https:\/\/apuntesdesanluis.com\/#website","url":"https:\/\/apuntesdesanluis.com\/","name":"Apuntes de San Luis","description":"","publisher":{"@id":"https:\/\/apuntesdesanluis.com\/#\/schema\/person\/b55151d52296fcce64d1a72538a70b90"},"potentialAction":[{"@type":"SearchAction","target":{"@type":"EntryPoint","urlTemplate":"https:\/\/apuntesdesanluis.com\/?s={search_term_string}"},"query-input":{"@type":"PropertyValueSpecification","valueRequired":true,"valueName":"search_term_string"}}],"inLanguage":"es-AR"},{"@type":["Person","Organization"],"@id":"https:\/\/apuntesdesanluis.com\/#\/schema\/person\/b55151d52296fcce64d1a72538a70b90","name":"apuntesdesanluis.com","image":{"@type":"ImageObject","inLanguage":"es-AR","@id":"https:\/\/apuntesdesanluis.com\/#\/schema\/person\/image\/","url":"https:\/\/apuntesdesanluis.com\/wp-content\/uploads\/2023\/07\/cropped-apuntesdesanluis.png","contentUrl":"https:\/\/apuntesdesanluis.com\/wp-content\/uploads\/2023\/07\/cropped-apuntesdesanluis.png","width":450,"height":112,"caption":"apuntesdesanluis.com"},"logo":{"@id":"https:\/\/apuntesdesanluis.com\/#\/schema\/person\/image\/"},"sameAs":["https:\/\/apuntesdesanluis.com"],"url":"https:\/\/apuntesdesanluis.com\/index.php\/author\/apuntesdesanluis-com\/"}]}},"featured_image_urls":{"full":["https:\/\/apuntesdesanluis.com\/wp-content\/uploads\/2023\/12\/pobreza.png",522,311,false],"thumbnail":["https:\/\/apuntesdesanluis.com\/wp-content\/uploads\/2023\/12\/pobreza-150x150.png",150,150,true],"medium":["https:\/\/apuntesdesanluis.com\/wp-content\/uploads\/2023\/12\/pobreza-300x179.png",300,179,true],"medium_large":["https:\/\/apuntesdesanluis.com\/wp-content\/uploads\/2023\/12\/pobreza.png",522,311,false],"large":["https:\/\/apuntesdesanluis.com\/wp-content\/uploads\/2023\/12\/pobreza.png",522,311,false],"1536x1536":["https:\/\/apuntesdesanluis.com\/wp-content\/uploads\/2023\/12\/pobreza.png",522,311,false],"2048x2048":["https:\/\/apuntesdesanluis.com\/wp-content\/uploads\/2023\/12\/pobreza.png",522,311,false],"newsever-slider-full":["https:\/\/apuntesdesanluis.com\/wp-content\/uploads\/2023\/12\/pobreza.png",522,311,false],"newsever-featured":["https:\/\/apuntesdesanluis.com\/wp-content\/uploads\/2023\/12\/pobreza.png",522,311,false],"newsever-medium":["https:\/\/apuntesdesanluis.com\/wp-content\/uploads\/2023\/12\/pobreza.png",522,311,false]},"author_info":{"display_name":"apuntesdesanluis.com","author_link":"https:\/\/apuntesdesanluis.com\/index.php\/author\/apuntesdesanluis-com\/"},"category_info":"<a href=\"https:\/\/apuntesdesanluis.com\/index.php\/category\/nacionales-internacionales\/\" rel=\"category tag\">Nacionales\/Internacionales<\/a>","tag_info":"Nacionales\/Internacionales","comment_count":"0","_links":{"self":[{"href":"https:\/\/apuntesdesanluis.com\/index.php\/wp-json\/wp\/v2\/posts\/7852","targetHints":{"allow":["GET"]}}],"collection":[{"href":"https:\/\/apuntesdesanluis.com\/index.php\/wp-json\/wp\/v2\/posts"}],"about":[{"href":"https:\/\/apuntesdesanluis.com\/index.php\/wp-json\/wp\/v2\/types\/post"}],"author":[{"embeddable":true,"href":"https:\/\/apuntesdesanluis.com\/index.php\/wp-json\/wp\/v2\/users\/1"}],"replies":[{"embeddable":true,"href":"https:\/\/apuntesdesanluis.com\/index.php\/wp-json\/wp\/v2\/comments?post=7852"}],"version-history":[{"count":1,"href":"https:\/\/apuntesdesanluis.com\/index.php\/wp-json\/wp\/v2\/posts\/7852\/revisions"}],"predecessor-version":[{"id":7855,"href":"https:\/\/apuntesdesanluis.com\/index.php\/wp-json\/wp\/v2\/posts\/7852\/revisions\/7855"}],"wp:featuredmedia":[{"embeddable":true,"href":"https:\/\/apuntesdesanluis.com\/index.php\/wp-json\/wp\/v2\/media\/7854"}],"wp:attachment":[{"href":"https:\/\/apuntesdesanluis.com\/index.php\/wp-json\/wp\/v2\/media?parent=7852"}],"wp:term":[{"taxonomy":"category","embeddable":true,"href":"https:\/\/apuntesdesanluis.com\/index.php\/wp-json\/wp\/v2\/categories?post=7852"},{"taxonomy":"post_tag","embeddable":true,"href":"https:\/\/apuntesdesanluis.com\/index.php\/wp-json\/wp\/v2\/tags?post=7852"}],"curies":[{"name":"wp","href":"https:\/\/api.w.org\/{rel}","templated":true}]}}