{"id":7856,"date":"2023-12-05T19:45:45","date_gmt":"2023-12-05T22:45:45","guid":{"rendered":"https:\/\/apuntesdesanluis.com\/?p=7856"},"modified":"2023-12-05T19:45:45","modified_gmt":"2023-12-05T22:45:45","slug":"la-upro-sumo-27-nuevos-egresados-en-justo-daract","status":"publish","type":"post","link":"https:\/\/apuntesdesanluis.com\/index.php\/2023\/12\/05\/la-upro-sumo-27-nuevos-egresados-en-justo-daract\/","title":{"rendered":"LA UPRO SUM\u00d3 27 NUEVOS EGRESADOS EN JUSTO DARACT"},"content":{"rendered":"<h3>En la sede de la Fraternidad de la <strong>Universidad Provincial de Oficios<\/strong>, se recibieron 27 alumnos de la carrera Armador y Montador de paneles y cielorrasos de roca de yeso.<\/h3>\n<h3>Este es el primer acto de graduaci\u00f3n de la extensi\u00f3n que comenz\u00f3 a funcionar en junio de este a\u00f1o, y es una de las 12 sedes que tiene la casa de oficios en todo el territorio provincial.<\/h3>\n<p><img fetchpriority=\"high\" decoding=\"async\" class=\"wp-image-7858 aligncenter\" src=\"https:\/\/apuntesdesanluis.com\/wp-content\/uploads\/2023\/12\/egresada-300x184.png\" alt=\"\" width=\"709\" height=\"435\" srcset=\"https:\/\/apuntesdesanluis.com\/wp-content\/uploads\/2023\/12\/egresada-300x184.png 300w, https:\/\/apuntesdesanluis.com\/wp-content\/uploads\/2023\/12\/egresada.png 600w\" sizes=\"(max-width: 709px) 100vw, 709px\" \/><\/p>\n<h3>\u201cEsto nace de un acuerdo con el Sindicato de la Fraternidad y fue una muy buena experiencia. R\u00e1pidamente pusimos en marcha toda la maquinaria institucional que incluye la selecci\u00f3n de instructores y el curso de nivelaci\u00f3n, para desembocar hoy, en casi 30 nuevos profesionales. Ahora comienza el proceso de buscar un camino laboral, para cerrar el c\u00edrculo virtuoso que se propone la instituci\u00f3n\u201d coment\u00f3 el rector, <strong>Joaqu\u00edn Surroca<\/strong>.<\/h3>\n<h3>Cada alumno recibi\u00f3 un kit completo de herramientas.<\/h3>\n<h3>Este mi\u00e9rcoles es el turno de la ciudad de Villa Mercedes, en cuya sede, 833 alumnos se recibir\u00e1n sus diplomas, llegando as\u00ed a m\u00e1s de 2500 alumnos recibidos en toda la provincia.<\/h3>\n","protected":false},"excerpt":{"rendered":"<p>En la sede de la Fraternidad de la Universidad Provincial de Oficios, se recibieron 27&#8230;<\/p>\n","protected":false},"author":1,"featured_media":7857,"comment_status":"closed","ping_status":"closed","sticky":false,"template":"","format":"standard","meta":{"footnotes":""},"categories":[6],"tags":[],"class_list":["post-7856","post","type-post","status-publish","format-standard","has-post-thumbnail","hentry","category-ciudad-provincia"],"yoast_head":"<!-- This site is optimized with the Yoast SEO plugin v26.1.1 - https:\/\/yoast.com\/wordpress\/plugins\/seo\/ -->\n<title>LA UPRO SUM\u00d3 27 NUEVOS EGRESADOS EN JUSTO DARACT - Apuntes de San Luis<\/title>\n<meta name=\"robots\" content=\"index, follow, max-snippet:-1, max-image-preview:large, max-video-preview:-1\" \/>\n<link rel=\"canonical\" href=\"https:\/\/apuntesdesanluis.com\/index.php\/2023\/12\/05\/la-upro-sumo-27-nuevos-egresados-en-justo-daract\/\" \/>\n<meta property=\"og:locale\" content=\"es_ES\" \/>\n<meta property=\"og:type\" content=\"article\" \/>\n<meta property=\"og:title\" content=\"LA UPRO SUM\u00d3 27 NUEVOS EGRESADOS EN JUSTO DARACT - Apuntes de San Luis\" \/>\n<meta property=\"og:description\" content=\"En la sede de la Fraternidad de la Universidad Provincial de Oficios, se recibieron 27...\" \/>\n<meta property=\"og:url\" content=\"https:\/\/apuntesdesanluis.com\/index.php\/2023\/12\/05\/la-upro-sumo-27-nuevos-egresados-en-justo-daract\/\" \/>\n<meta property=\"og:site_name\" content=\"Apuntes de San Luis\" \/>\n<meta property=\"article:published_time\" content=\"2023-12-05T22:45:45+00:00\" \/>\n<meta property=\"og:image\" content=\"https:\/\/apuntesdesanluis.com\/wp-content\/uploads\/2023\/12\/la-upro-en-daract.png\" \/>\n\t<meta property=\"og:image:width\" content=\"600\" \/>\n\t<meta property=\"og:image:height\" content=\"356\" \/>\n\t<meta property=\"og:image:type\" content=\"image\/png\" \/>\n<meta name=\"author\" content=\"apuntesdesanluis.com\" \/>\n<meta name=\"twitter:card\" content=\"summary_large_image\" \/>\n<meta name=\"twitter:label1\" content=\"Escrito por\" \/>\n\t<meta name=\"twitter:data1\" content=\"apuntesdesanluis.com\" \/>\n\t<meta name=\"twitter:label2\" content=\"Tiempo de lectura\" \/>\n\t<meta name=\"twitter:data2\" content=\"2 minutos\" \/>\n<script type=\"application\/ld+json\" class=\"yoast-schema-graph\">{\"@context\":\"https:\/\/schema.org\",\"@graph\":[{\"@type\":\"Article\",\"@id\":\"https:\/\/apuntesdesanluis.com\/index.php\/2023\/12\/05\/la-upro-sumo-27-nuevos-egresados-en-justo-daract\/#article\",\"isPartOf\":{\"@id\":\"https:\/\/apuntesdesanluis.com\/index.php\/2023\/12\/05\/la-upro-sumo-27-nuevos-egresados-en-justo-daract\/\"},\"author\":{\"name\":\"apuntesdesanluis.com\",\"@id\":\"https:\/\/apuntesdesanluis.com\/#\/schema\/person\/b55151d52296fcce64d1a72538a70b90\"},\"headline\":\"LA UPRO SUM\u00d3 27 NUEVOS EGRESADOS EN JUSTO DARACT\",\"datePublished\":\"2023-12-05T22:45:45+00:00\",\"mainEntityOfPage\":{\"@id\":\"https:\/\/apuntesdesanluis.com\/index.php\/2023\/12\/05\/la-upro-sumo-27-nuevos-egresados-en-justo-daract\/\"},\"wordCount\":190,\"publisher\":{\"@id\":\"https:\/\/apuntesdesanluis.com\/#\/schema\/person\/b55151d52296fcce64d1a72538a70b90\"},\"image\":{\"@id\":\"https:\/\/apuntesdesanluis.com\/index.php\/2023\/12\/05\/la-upro-sumo-27-nuevos-egresados-en-justo-daract\/#primaryimage\"},\"thumbnailUrl\":\"https:\/\/apuntesdesanluis.com\/wp-content\/uploads\/2023\/12\/la-upro-en-daract.png\",\"articleSection\":[\"Ciudad\/Provincia\"],\"inLanguage\":\"es-AR\"},{\"@type\":\"WebPage\",\"@id\":\"https:\/\/apuntesdesanluis.com\/index.php\/2023\/12\/05\/la-upro-sumo-27-nuevos-egresados-en-justo-daract\/\",\"url\":\"https:\/\/apuntesdesanluis.com\/index.php\/2023\/12\/05\/la-upro-sumo-27-nuevos-egresados-en-justo-daract\/\",\"name\":\"LA UPRO SUM\u00d3 27 NUEVOS EGRESADOS EN JUSTO DARACT - Apuntes de San Luis\",\"isPartOf\":{\"@id\":\"https:\/\/apuntesdesanluis.com\/#website\"},\"primaryImageOfPage\":{\"@id\":\"https:\/\/apuntesdesanluis.com\/index.php\/2023\/12\/05\/la-upro-sumo-27-nuevos-egresados-en-justo-daract\/#primaryimage\"},\"image\":{\"@id\":\"https:\/\/apuntesdesanluis.com\/index.php\/2023\/12\/05\/la-upro-sumo-27-nuevos-egresados-en-justo-daract\/#primaryimage\"},\"thumbnailUrl\":\"https:\/\/apuntesdesanluis.com\/wp-content\/uploads\/2023\/12\/la-upro-en-daract.png\",\"datePublished\":\"2023-12-05T22:45:45+00:00\",\"breadcrumb\":{\"@id\":\"https:\/\/apuntesdesanluis.com\/index.php\/2023\/12\/05\/la-upro-sumo-27-nuevos-egresados-en-justo-daract\/#breadcrumb\"},\"inLanguage\":\"es-AR\",\"potentialAction\":[{\"@type\":\"ReadAction\",\"target\":[\"https:\/\/apuntesdesanluis.com\/index.php\/2023\/12\/05\/la-upro-sumo-27-nuevos-egresados-en-justo-daract\/\"]}]},{\"@type\":\"ImageObject\",\"inLanguage\":\"es-AR\",\"@id\":\"https:\/\/apuntesdesanluis.com\/index.php\/2023\/12\/05\/la-upro-sumo-27-nuevos-egresados-en-justo-daract\/#primaryimage\",\"url\":\"https:\/\/apuntesdesanluis.com\/wp-content\/uploads\/2023\/12\/la-upro-en-daract.png\",\"contentUrl\":\"https:\/\/apuntesdesanluis.com\/wp-content\/uploads\/2023\/12\/la-upro-en-daract.png\",\"width\":600,\"height\":356},{\"@type\":\"BreadcrumbList\",\"@id\":\"https:\/\/apuntesdesanluis.com\/index.php\/2023\/12\/05\/la-upro-sumo-27-nuevos-egresados-en-justo-daract\/#breadcrumb\",\"itemListElement\":[{\"@type\":\"ListItem\",\"position\":1,\"name\":\"Inicio\",\"item\":\"https:\/\/apuntesdesanluis.com\/\"},{\"@type\":\"ListItem\",\"position\":2,\"name\":\"LA UPRO SUM\u00d3 27 NUEVOS EGRESADOS EN JUSTO DARACT\"}]},{\"@type\":\"WebSite\",\"@id\":\"https:\/\/apuntesdesanluis.com\/#website\",\"url\":\"https:\/\/apuntesdesanluis.com\/\",\"name\":\"Apuntes de San Luis\",\"description\":\"\",\"publisher\":{\"@id\":\"https:\/\/apuntesdesanluis.com\/#\/schema\/person\/b55151d52296fcce64d1a72538a70b90\"},\"potentialAction\":[{\"@type\":\"SearchAction\",\"target\":{\"@type\":\"EntryPoint\",\"urlTemplate\":\"https:\/\/apuntesdesanluis.com\/?s={search_term_string}\"},\"query-input\":{\"@type\":\"PropertyValueSpecification\",\"valueRequired\":true,\"valueName\":\"search_term_string\"}}],\"inLanguage\":\"es-AR\"},{\"@type\":[\"Person\",\"Organization\"],\"@id\":\"https:\/\/apuntesdesanluis.com\/#\/schema\/person\/b55151d52296fcce64d1a72538a70b90\",\"name\":\"apuntesdesanluis.com\",\"image\":{\"@type\":\"ImageObject\",\"inLanguage\":\"es-AR\",\"@id\":\"https:\/\/apuntesdesanluis.com\/#\/schema\/person\/image\/\",\"url\":\"https:\/\/apuntesdesanluis.com\/wp-content\/uploads\/2023\/07\/cropped-apuntesdesanluis.png\",\"contentUrl\":\"https:\/\/apuntesdesanluis.com\/wp-content\/uploads\/2023\/07\/cropped-apuntesdesanluis.png\",\"width\":450,\"height\":112,\"caption\":\"apuntesdesanluis.com\"},\"logo\":{\"@id\":\"https:\/\/apuntesdesanluis.com\/#\/schema\/person\/image\/\"},\"sameAs\":[\"https:\/\/apuntesdesanluis.com\"],\"url\":\"https:\/\/apuntesdesanluis.com\/index.php\/author\/apuntesdesanluis-com\/\"}]}<\/script>\n<!-- \/ Yoast SEO plugin. -->","yoast_head_json":{"title":"LA UPRO SUM\u00d3 27 NUEVOS EGRESADOS EN JUSTO DARACT - Apuntes de San Luis","robots":{"index":"index","follow":"follow","max-snippet":"max-snippet:-1","max-image-preview":"max-image-preview:large","max-video-preview":"max-video-preview:-1"},"canonical":"https:\/\/apuntesdesanluis.com\/index.php\/2023\/12\/05\/la-upro-sumo-27-nuevos-egresados-en-justo-daract\/","og_locale":"es_ES","og_type":"article","og_title":"LA UPRO SUM\u00d3 27 NUEVOS EGRESADOS EN JUSTO DARACT - Apuntes de San Luis","og_description":"En la sede de la Fraternidad de la Universidad Provincial de Oficios, se recibieron 27...","og_url":"https:\/\/apuntesdesanluis.com\/index.php\/2023\/12\/05\/la-upro-sumo-27-nuevos-egresados-en-justo-daract\/","og_site_name":"Apuntes de San Luis","article_published_time":"2023-12-05T22:45:45+00:00","og_image":[{"width":600,"height":356,"url":"https:\/\/apuntesdesanluis.com\/wp-content\/uploads\/2023\/12\/la-upro-en-daract.png","type":"image\/png"}],"author":"apuntesdesanluis.com","twitter_card":"summary_large_image","twitter_misc":{"Escrito por":"apuntesdesanluis.com","Tiempo de lectura":"2 minutos"},"schema":{"@context":"https:\/\/schema.org","@graph":[{"@type":"Article","@id":"https:\/\/apuntesdesanluis.com\/index.php\/2023\/12\/05\/la-upro-sumo-27-nuevos-egresados-en-justo-daract\/#article","isPartOf":{"@id":"https:\/\/apuntesdesanluis.com\/index.php\/2023\/12\/05\/la-upro-sumo-27-nuevos-egresados-en-justo-daract\/"},"author":{"name":"apuntesdesanluis.com","@id":"https:\/\/apuntesdesanluis.com\/#\/schema\/person\/b55151d52296fcce64d1a72538a70b90"},"headline":"LA UPRO SUM\u00d3 27 NUEVOS EGRESADOS EN JUSTO DARACT","datePublished":"2023-12-05T22:45:45+00:00","mainEntityOfPage":{"@id":"https:\/\/apuntesdesanluis.com\/index.php\/2023\/12\/05\/la-upro-sumo-27-nuevos-egresados-en-justo-daract\/"},"wordCount":190,"publisher":{"@id":"https:\/\/apuntesdesanluis.com\/#\/schema\/person\/b55151d52296fcce64d1a72538a70b90"},"image":{"@id":"https:\/\/apuntesdesanluis.com\/index.php\/2023\/12\/05\/la-upro-sumo-27-nuevos-egresados-en-justo-daract\/#primaryimage"},"thumbnailUrl":"https:\/\/apuntesdesanluis.com\/wp-content\/uploads\/2023\/12\/la-upro-en-daract.png","articleSection":["Ciudad\/Provincia"],"inLanguage":"es-AR"},{"@type":"WebPage","@id":"https:\/\/apuntesdesanluis.com\/index.php\/2023\/12\/05\/la-upro-sumo-27-nuevos-egresados-en-justo-daract\/","url":"https:\/\/apuntesdesanluis.com\/index.php\/2023\/12\/05\/la-upro-sumo-27-nuevos-egresados-en-justo-daract\/","name":"LA UPRO SUM\u00d3 27 NUEVOS EGRESADOS EN JUSTO DARACT - Apuntes de San Luis","isPartOf":{"@id":"https:\/\/apuntesdesanluis.com\/#website"},"primaryImageOfPage":{"@id":"https:\/\/apuntesdesanluis.com\/index.php\/2023\/12\/05\/la-upro-sumo-27-nuevos-egresados-en-justo-daract\/#primaryimage"},"image":{"@id":"https:\/\/apuntesdesanluis.com\/index.php\/2023\/12\/05\/la-upro-sumo-27-nuevos-egresados-en-justo-daract\/#primaryimage"},"thumbnailUrl":"https:\/\/apuntesdesanluis.com\/wp-content\/uploads\/2023\/12\/la-upro-en-daract.png","datePublished":"2023-12-05T22:45:45+00:00","breadcrumb":{"@id":"https:\/\/apuntesdesanluis.com\/index.php\/2023\/12\/05\/la-upro-sumo-27-nuevos-egresados-en-justo-daract\/#breadcrumb"},"inLanguage":"es-AR","potentialAction":[{"@type":"ReadAction","target":["https:\/\/apuntesdesanluis.com\/index.php\/2023\/12\/05\/la-upro-sumo-27-nuevos-egresados-en-justo-daract\/"]}]},{"@type":"ImageObject","inLanguage":"es-AR","@id":"https:\/\/apuntesdesanluis.com\/index.php\/2023\/12\/05\/la-upro-sumo-27-nuevos-egresados-en-justo-daract\/#primaryimage","url":"https:\/\/apuntesdesanluis.com\/wp-content\/uploads\/2023\/12\/la-upro-en-daract.png","contentUrl":"https:\/\/apuntesdesanluis.com\/wp-content\/uploads\/2023\/12\/la-upro-en-daract.png","width":600,"height":356},{"@type":"BreadcrumbList","@id":"https:\/\/apuntesdesanluis.com\/index.php\/2023\/12\/05\/la-upro-sumo-27-nuevos-egresados-en-justo-daract\/#breadcrumb","itemListElement":[{"@type":"ListItem","position":1,"name":"Inicio","item":"https:\/\/apuntesdesanluis.com\/"},{"@type":"ListItem","position":2,"name":"LA UPRO SUM\u00d3 27 NUEVOS EGRESADOS EN JUSTO DARACT"}]},{"@type":"WebSite","@id":"https:\/\/apuntesdesanluis.com\/#website","url":"https:\/\/apuntesdesanluis.com\/","name":"Apuntes de San Luis","description":"","publisher":{"@id":"https:\/\/apuntesdesanluis.com\/#\/schema\/person\/b55151d52296fcce64d1a72538a70b90"},"potentialAction":[{"@type":"SearchAction","target":{"@type":"EntryPoint","urlTemplate":"https:\/\/apuntesdesanluis.com\/?s={search_term_string}"},"query-input":{"@type":"PropertyValueSpecification","valueRequired":true,"valueName":"search_term_string"}}],"inLanguage":"es-AR"},{"@type":["Person","Organization"],"@id":"https:\/\/apuntesdesanluis.com\/#\/schema\/person\/b55151d52296fcce64d1a72538a70b90","name":"apuntesdesanluis.com","image":{"@type":"ImageObject","inLanguage":"es-AR","@id":"https:\/\/apuntesdesanluis.com\/#\/schema\/person\/image\/","url":"https:\/\/apuntesdesanluis.com\/wp-content\/uploads\/2023\/07\/cropped-apuntesdesanluis.png","contentUrl":"https:\/\/apuntesdesanluis.com\/wp-content\/uploads\/2023\/07\/cropped-apuntesdesanluis.png","width":450,"height":112,"caption":"apuntesdesanluis.com"},"logo":{"@id":"https:\/\/apuntesdesanluis.com\/#\/schema\/person\/image\/"},"sameAs":["https:\/\/apuntesdesanluis.com"],"url":"https:\/\/apuntesdesanluis.com\/index.php\/author\/apuntesdesanluis-com\/"}]}},"featured_image_urls":{"full":["https:\/\/apuntesdesanluis.com\/wp-content\/uploads\/2023\/12\/la-upro-en-daract.png",600,356,false],"thumbnail":["https:\/\/apuntesdesanluis.com\/wp-content\/uploads\/2023\/12\/la-upro-en-daract-150x150.png",150,150,true],"medium":["https:\/\/apuntesdesanluis.com\/wp-content\/uploads\/2023\/12\/la-upro-en-daract-300x178.png",300,178,true],"medium_large":["https:\/\/apuntesdesanluis.com\/wp-content\/uploads\/2023\/12\/la-upro-en-daract.png",600,356,false],"large":["https:\/\/apuntesdesanluis.com\/wp-content\/uploads\/2023\/12\/la-upro-en-daract.png",600,356,false],"1536x1536":["https:\/\/apuntesdesanluis.com\/wp-content\/uploads\/2023\/12\/la-upro-en-daract.png",600,356,false],"2048x2048":["https:\/\/apuntesdesanluis.com\/wp-content\/uploads\/2023\/12\/la-upro-en-daract.png",600,356,false],"newsever-slider-full":["https:\/\/apuntesdesanluis.com\/wp-content\/uploads\/2023\/12\/la-upro-en-daract.png",600,356,false],"newsever-featured":["https:\/\/apuntesdesanluis.com\/wp-content\/uploads\/2023\/12\/la-upro-en-daract.png",600,356,false],"newsever-medium":["https:\/\/apuntesdesanluis.com\/wp-content\/uploads\/2023\/12\/la-upro-en-daract.png",600,356,false]},"author_info":{"display_name":"apuntesdesanluis.com","author_link":"https:\/\/apuntesdesanluis.com\/index.php\/author\/apuntesdesanluis-com\/"},"category_info":"<a href=\"https:\/\/apuntesdesanluis.com\/index.php\/category\/ciudad-provincia\/\" rel=\"category tag\">Ciudad\/Provincia<\/a>","tag_info":"Ciudad\/Provincia","comment_count":"0","_links":{"self":[{"href":"https:\/\/apuntesdesanluis.com\/index.php\/wp-json\/wp\/v2\/posts\/7856","targetHints":{"allow":["GET"]}}],"collection":[{"href":"https:\/\/apuntesdesanluis.com\/index.php\/wp-json\/wp\/v2\/posts"}],"about":[{"href":"https:\/\/apuntesdesanluis.com\/index.php\/wp-json\/wp\/v2\/types\/post"}],"author":[{"embeddable":true,"href":"https:\/\/apuntesdesanluis.com\/index.php\/wp-json\/wp\/v2\/users\/1"}],"replies":[{"embeddable":true,"href":"https:\/\/apuntesdesanluis.com\/index.php\/wp-json\/wp\/v2\/comments?post=7856"}],"version-history":[{"count":1,"href":"https:\/\/apuntesdesanluis.com\/index.php\/wp-json\/wp\/v2\/posts\/7856\/revisions"}],"predecessor-version":[{"id":7859,"href":"https:\/\/apuntesdesanluis.com\/index.php\/wp-json\/wp\/v2\/posts\/7856\/revisions\/7859"}],"wp:featuredmedia":[{"embeddable":true,"href":"https:\/\/apuntesdesanluis.com\/index.php\/wp-json\/wp\/v2\/media\/7857"}],"wp:attachment":[{"href":"https:\/\/apuntesdesanluis.com\/index.php\/wp-json\/wp\/v2\/media?parent=7856"}],"wp:term":[{"taxonomy":"category","embeddable":true,"href":"https:\/\/apuntesdesanluis.com\/index.php\/wp-json\/wp\/v2\/categories?post=7856"},{"taxonomy":"post_tag","embeddable":true,"href":"https:\/\/apuntesdesanluis.com\/index.php\/wp-json\/wp\/v2\/tags?post=7856"}],"curies":[{"name":"wp","href":"https:\/\/api.w.org\/{rel}","templated":true}]}}