{"id":7865,"date":"2023-12-05T19:00:17","date_gmt":"2023-12-05T22:00:17","guid":{"rendered":"https:\/\/apuntesdesanluis.com\/?p=7865"},"modified":"2023-12-05T20:00:16","modified_gmt":"2023-12-05T23:00:16","slug":"doloroso-juzgan-a-una-joven-que-intento-matar-a-su-hija-recien-nacida","status":"publish","type":"post","link":"https:\/\/apuntesdesanluis.com\/index.php\/2023\/12\/05\/doloroso-juzgan-a-una-joven-que-intento-matar-a-su-hija-recien-nacida\/","title":{"rendered":"DOLOROSO: JUZGAN A UNA JOVEN QUE INTENT\u00d3 MATAR A SU HIJA RECI\u00c9N NACIDA"},"content":{"rendered":"<h3>El pasado lunes, en la C\u00e1mara de Apelaciones de la Tercera Circunscripci\u00f3n Judicial, comenz\u00f3 el juicio oral en contra de D.A.A., una joven de Merlo de 22 a\u00f1os, acusada como presunta autora del delito de homicidio agravado por el v\u00ednculo, en grado de tentativa, en perjuicio de su hija reci\u00e9n nacida.<\/h3>\n<h3>De acuerdo a constancias de la causa, el hecho que se juzga ocurri\u00f3 el 17 de noviembre de 2021 en la Villa de Merlo, cuando D.A.A. se present\u00f3 en el Hospital local para requerir atenci\u00f3n m\u00e9dica, sin informar que hab\u00eda dado a luz hac\u00eda un par de horas.<\/h3>\n<h3>El personal del nosocomio advirti\u00f3 la situaci\u00f3n, y dio aviso a las autoridades.<\/h3>\n<h3>En principio, la joven neg\u00f3 el parto, y pasaron varias horas hasta que indic\u00f3 ad\u00f3nde hab\u00eda dejado a la beb\u00e9.<\/h3>\n<h3>A partir de ese dato, una comisi\u00f3n integrada por personal policial, un M\u00e9dico Forense y un Criminalista del Poder Judicial, se dirigi\u00f3 hasta el domicilio donde D.A.A. alquilaba.<\/h3>\n<h3>Al inspeccionar la vivienda, encontraron a la beb\u00e9 en la ducha con una bolsa de nylon atada en su cuello. Llevaba all\u00ed alrededor de 18 horas.<\/h3>\n<h3>Luego de recibir asistencia inmediata, la ni\u00f1a fue trasladada al Hospital \u201cMadre Catalina Rodr\u00edguez\u201d y, posteriormente, derivada a la Maternidad provincial \u201cTeresita Baigorria\u201d. Tras ser dada de alta, la peque\u00f1a qued\u00f3 al cuidado de una familia solidaria.<\/h3>\n<h3>D.A.A. fue detenida y posteriormente procesada con prisi\u00f3n preventiva.<\/h3>\n<h3>El expediente pas\u00f3 a tramitar bajo el nuevo sistema penal y, en diciembre de 2022 se realiz\u00f3 el control de acusaci\u00f3n, disponi\u00e9ndose la elevaci\u00f3n de la causa a juicio. Desde entonces, la imputada se encuentra con prisi\u00f3n domiciliaria al cuidado de familiares.<\/h3>\n<h3>JUICIO ORAL<\/h3>\n<h3>El tribunal asignado para llevar a cabo el debate, es presidido por el Camarista de la Tercera Circunscripci\u00f3n, Gustavo Daniel Sanchi\u00f1o, e integrado por los vocales Virna Eguinoa y Sebasti\u00e1n Cadelago Filippi, ambos pertenecientes al Colegio de Jueces de la Segunda Circunscripci\u00f3n Judicial quienes, por cuestiones de agenda, participaron de la audiencia de manera virtual.<\/h3>\n<h3>En representaci\u00f3n del Ministerio P\u00fablico Fiscal (MPF), estuvieron presentes el Fiscal de Juicio Mario N\u00e9stor Zudaire; la Fiscal de Instrucci\u00f3n, D\u00e9bora Antonella Roy Gitto; y la Fiscal Adjunta, Adriana Cangelosi.<\/h3>\n<h3>En los alegatos de apertura, el fiscal Zudaire expuso brevemente la teor\u00eda del caso elaborada por la fiscal\u00eda, afirmando que el 17 de noviembre del a\u00f1o 2021, aproximadamente entre las 00:00 y las 01:00 de la madrugada, D.A.A. dio a luz a una beba en el departamento en el que viv\u00eda, ubicado en calle Padre Pablo Tissera de la Villa de Merlo, \u201cy m\u00e1s precisamente, en el ba\u00f1o de ese departamento, quiso quitarle la vida envolviendo un nylon aprisionado fuertemente en su cuello, y la dej\u00f3 abandonada en ese lugar para dirigirse al hospital de Merlo a solicitar auxilio por su salud\u201d, detall\u00f3.<\/h3>\n<h3>En nombre de la menor v\u00edctima, actuaron la Defensora de Ni\u00f1ez y Adolescencia de la Tercera Circunscripci\u00f3n, Gabriela L\u00b4Huillier; y la Defensora Oficial Adjunta, Mar\u00eda Luz V\u00edlchez, quienes adhirieron al relato de la fiscal\u00eda.<\/h3>\n<p><img fetchpriority=\"high\" decoding=\"async\" class=\"wp-image-7867 aligncenter\" src=\"https:\/\/apuntesdesanluis.com\/wp-content\/uploads\/2023\/12\/juicio-oral-300x194.png\" alt=\"\" width=\"738\" height=\"477\" srcset=\"https:\/\/apuntesdesanluis.com\/wp-content\/uploads\/2023\/12\/juicio-oral-300x194.png 300w, https:\/\/apuntesdesanluis.com\/wp-content\/uploads\/2023\/12\/juicio-oral.png 555w\" sizes=\"(max-width: 738px) 100vw, 738px\" \/><\/p>\n<h3>La defensa de la imputada fue ejercida por la abogada In\u00e9s Barraza. En su exposici\u00f3n, la letrada plante\u00f3 la falta de motivaci\u00f3n de la acusaci\u00f3n, puesto que \u201cno describe con pr\u00edstina claridad la acci\u00f3n positiva que constituye el conato de homicidio calificado, que es el \u00fanico delito por el cual llegamos a este debate. (\u2026) La acusaci\u00f3n del MPF llega desprovista de toda otra consideraci\u00f3n, no consta ni se ha explicitado el motivo por el cual, atar una bolsa al cuello con un nudo podr\u00eda atentar contra la vida de la reci\u00e9n nacida. (\u2026) No hay una descripci\u00f3n clara, precisa y circunstanciada, por lo que la acusaci\u00f3n resulta inid\u00f3nea para imputar a mi defendida el delito que se le est\u00e1 reprochando\u201d.<\/h3>\n<h3>Por todo lo dicho, pidi\u00f3 la nulidad de la acusaci\u00f3n y, por tratarse de una nulidad absoluta, \u201cque afecta a la garant\u00eda constitucional del derecho de defensa en juicio\u201d, solicit\u00f3 el sobreseimiento de su defendida.<\/h3>\n<h3>El tribunal rechaz\u00f3 el planteo de nulidad por considerarlo extempor\u00e1neo, en virtud de que el momento oportuno para efectuarlo es en la audiencia de control de acusaci\u00f3n o dentro de los plazos que determina el C\u00f3digo Procesal. Asimismo, sostuvo que el derecho de defensa no fue vulnerado puesto que, por medio del juicio oral, la acusada tiene la posibilidad de defenderse de los cargos atribuidos por la fiscal\u00eda.<\/h3>\n<h3>Resueltas las cuestiones preliminares, la defensa present\u00f3 su teor\u00eda del caso, detallando que su representada ten\u00eda 19 a\u00f1os al momento del hecho y que se enter\u00f3 de que estaba embarazada cuando cursaba el cuarto mes. Que viv\u00eda con su mam\u00e1 y su hermano en la localidad de Santa Rosa del Conlara, y que ten\u00eda mucho miedo del impacto que esa noticia les pod\u00eda causar, sobre todo a su mam\u00e1 que es paciente oncol\u00f3gica. Por esa raz\u00f3n, decidi\u00f3 retomar sus estudios, buscar un trabajo y alquilar un modesto monoambiente en Merlo.<\/h3>\n<h3>\u201cEl parto la sorprendi\u00f3 en su casa el 17 de noviembre, entre las 00:00 y la 01:00 de la madrugada, mientras se estaba duchando. \u2018D\u2019 cerr\u00f3 la ducha, se sent\u00f3, comenz\u00f3 a pujar, y pari\u00f3 a su hija. La ni\u00f1a ten\u00eda el cord\u00f3n umbilical enrollado en el cuello, no se mov\u00eda, no abr\u00eda los ojos, ten\u00eda la boca morada, ten\u00eda un color gris\u00e1ceo. \u2018D\u2019 pens\u00f3 que hab\u00eda nacido muerta\u201d, remarc\u00f3.<\/h3>\n<h3>La abogada continu\u00f3 relatando que \u2018D\u2019 comenz\u00f3 a experimentar una profunda hemorragia, motivo por el cual dej\u00f3 a la beb\u00e9 en la ducha y se dirigi\u00f3 al hospital. \u201cCuando lleg\u00f3 al hospital, aproximadamente a las dos de la ma\u00f1ana, no tiene ya recuerdos n\u00edtidos de esa madrugada. S\u00ed, como flashes, recuerda que estuvo en una camilla, que la pasaron a una silla de ruedas, luego le pusieron un pa\u00f1al. Por la ma\u00f1ana le practicaron un legrado y, horas m\u00e1s tarde, el m\u00e9dico que la atendi\u00f3 le pregunt\u00f3 qu\u00e9 hab\u00eda pasado con el beb\u00e9 y ella le termin\u00f3 diciendo que hab\u00eda nacido muerto y que lo hab\u00eda dejado en la ducha. Entonces el profesional m\u00e9dico da aviso a la trabajadora social del hospital, quien realiza la denuncia en la comisar\u00eda. En horas de la tarde, personal policial se acerca a la habitaci\u00f3n donde estaba \u2018D\u2019, le pide las llaves del departamento. \u201cD\u201d se las da, y un grupo de Criminal\u00edstica, de Homicidios y el m\u00e9dico forense fueron a rescatar a la beb\u00e9\u201d, describi\u00f3 Barraza. Y agreg\u00f3: \u201cEsta defensa va a intentar demostrar en este juicio, que \u2018D\u2019 no estaba en condiciones de advertir si la beba hab\u00eda nacido muerta, y que actu\u00f3 de la \u00fanica forma que pudo actuar de acuerdo a su realidad\u201d, dejando anticipado el pedido de absoluci\u00f3n de su defendida por el delito que se le imputa.<\/h3>\n<h3>Abierta la causa a prueba, declararon seis testigos: la primera fue una compa\u00f1era de trabajo de la acusada. Luego prestaron declaraci\u00f3n tres polic\u00edas, el forense y el criminalista que participaron en el rescate de la beb\u00e9.<\/h3>\n<h3>La segunda jornada del juicio se llevar\u00e1 a cabo el pr\u00f3ximo jueves 7 de diciembre, a partir de las 9:30 horas, oportunidad en la que el tribunal prev\u00e9 la recepci\u00f3n de m\u00e1s de 20 testimonios.<\/h3>\n<h3>Concluida dicha etapa, se determinar\u00e1 la fecha de alegatos y veredicto.<\/h3>\n","protected":false},"excerpt":{"rendered":"<p>El pasado lunes, en la C\u00e1mara de Apelaciones de la Tercera Circunscripci\u00f3n Judicial, comenz\u00f3 el&#8230;<\/p>\n","protected":false},"author":1,"featured_media":7866,"comment_status":"closed","ping_status":"closed","sticky":false,"template":"","format":"standard","meta":{"footnotes":""},"categories":[6],"tags":[],"class_list":["post-7865","post","type-post","status-publish","format-standard","has-post-thumbnail","hentry","category-ciudad-provincia"],"yoast_head":"<!-- This site is optimized with the Yoast SEO plugin v26.1.1 - https:\/\/yoast.com\/wordpress\/plugins\/seo\/ -->\n<title>DOLOROSO: JUZGAN A UNA JOVEN QUE INTENT\u00d3 MATAR A SU HIJA RECI\u00c9N NACIDA - Apuntes de San Luis<\/title>\n<meta name=\"robots\" content=\"index, follow, max-snippet:-1, max-image-preview:large, max-video-preview:-1\" \/>\n<link rel=\"canonical\" href=\"https:\/\/apuntesdesanluis.com\/index.php\/2023\/12\/05\/doloroso-juzgan-a-una-joven-que-intento-matar-a-su-hija-recien-nacida\/\" \/>\n<meta property=\"og:locale\" content=\"es_ES\" \/>\n<meta property=\"og:type\" content=\"article\" \/>\n<meta property=\"og:title\" content=\"DOLOROSO: JUZGAN A UNA JOVEN QUE INTENT\u00d3 MATAR A SU HIJA RECI\u00c9N NACIDA - Apuntes de San Luis\" \/>\n<meta property=\"og:description\" content=\"El pasado lunes, en la C\u00e1mara de Apelaciones de la Tercera Circunscripci\u00f3n Judicial, comenz\u00f3 el...\" \/>\n<meta property=\"og:url\" content=\"https:\/\/apuntesdesanluis.com\/index.php\/2023\/12\/05\/doloroso-juzgan-a-una-joven-que-intento-matar-a-su-hija-recien-nacida\/\" \/>\n<meta property=\"og:site_name\" content=\"Apuntes de San Luis\" \/>\n<meta property=\"article:published_time\" content=\"2023-12-05T22:00:17+00:00\" \/>\n<meta property=\"article:modified_time\" content=\"2023-12-05T23:00:16+00:00\" \/>\n<meta property=\"og:image\" content=\"https:\/\/apuntesdesanluis.com\/wp-content\/uploads\/2023\/12\/audiencia.png\" \/>\n\t<meta property=\"og:image:width\" content=\"600\" \/>\n\t<meta property=\"og:image:height\" content=\"311\" \/>\n\t<meta property=\"og:image:type\" content=\"image\/png\" \/>\n<meta name=\"author\" content=\"apuntesdesanluis.com\" \/>\n<meta name=\"twitter:card\" content=\"summary_large_image\" \/>\n<meta name=\"twitter:label1\" content=\"Escrito por\" \/>\n\t<meta name=\"twitter:data1\" content=\"apuntesdesanluis.com\" \/>\n\t<meta name=\"twitter:label2\" content=\"Tiempo de lectura\" \/>\n\t<meta name=\"twitter:data2\" content=\"6 minutos\" \/>\n<script type=\"application\/ld+json\" class=\"yoast-schema-graph\">{\"@context\":\"https:\/\/schema.org\",\"@graph\":[{\"@type\":\"Article\",\"@id\":\"https:\/\/apuntesdesanluis.com\/index.php\/2023\/12\/05\/doloroso-juzgan-a-una-joven-que-intento-matar-a-su-hija-recien-nacida\/#article\",\"isPartOf\":{\"@id\":\"https:\/\/apuntesdesanluis.com\/index.php\/2023\/12\/05\/doloroso-juzgan-a-una-joven-que-intento-matar-a-su-hija-recien-nacida\/\"},\"author\":{\"name\":\"apuntesdesanluis.com\",\"@id\":\"https:\/\/apuntesdesanluis.com\/#\/schema\/person\/b55151d52296fcce64d1a72538a70b90\"},\"headline\":\"DOLOROSO: JUZGAN A UNA JOVEN QUE INTENT\u00d3 MATAR A SU HIJA RECI\u00c9N NACIDA\",\"datePublished\":\"2023-12-05T22:00:17+00:00\",\"dateModified\":\"2023-12-05T23:00:16+00:00\",\"mainEntityOfPage\":{\"@id\":\"https:\/\/apuntesdesanluis.com\/index.php\/2023\/12\/05\/doloroso-juzgan-a-una-joven-que-intento-matar-a-su-hija-recien-nacida\/\"},\"wordCount\":1301,\"publisher\":{\"@id\":\"https:\/\/apuntesdesanluis.com\/#\/schema\/person\/b55151d52296fcce64d1a72538a70b90\"},\"image\":{\"@id\":\"https:\/\/apuntesdesanluis.com\/index.php\/2023\/12\/05\/doloroso-juzgan-a-una-joven-que-intento-matar-a-su-hija-recien-nacida\/#primaryimage\"},\"thumbnailUrl\":\"https:\/\/apuntesdesanluis.com\/wp-content\/uploads\/2023\/12\/audiencia.png\",\"articleSection\":[\"Ciudad\/Provincia\"],\"inLanguage\":\"es-AR\"},{\"@type\":\"WebPage\",\"@id\":\"https:\/\/apuntesdesanluis.com\/index.php\/2023\/12\/05\/doloroso-juzgan-a-una-joven-que-intento-matar-a-su-hija-recien-nacida\/\",\"url\":\"https:\/\/apuntesdesanluis.com\/index.php\/2023\/12\/05\/doloroso-juzgan-a-una-joven-que-intento-matar-a-su-hija-recien-nacida\/\",\"name\":\"DOLOROSO: JUZGAN A UNA JOVEN QUE INTENT\u00d3 MATAR A SU HIJA RECI\u00c9N NACIDA - Apuntes de San Luis\",\"isPartOf\":{\"@id\":\"https:\/\/apuntesdesanluis.com\/#website\"},\"primaryImageOfPage\":{\"@id\":\"https:\/\/apuntesdesanluis.com\/index.php\/2023\/12\/05\/doloroso-juzgan-a-una-joven-que-intento-matar-a-su-hija-recien-nacida\/#primaryimage\"},\"image\":{\"@id\":\"https:\/\/apuntesdesanluis.com\/index.php\/2023\/12\/05\/doloroso-juzgan-a-una-joven-que-intento-matar-a-su-hija-recien-nacida\/#primaryimage\"},\"thumbnailUrl\":\"https:\/\/apuntesdesanluis.com\/wp-content\/uploads\/2023\/12\/audiencia.png\",\"datePublished\":\"2023-12-05T22:00:17+00:00\",\"dateModified\":\"2023-12-05T23:00:16+00:00\",\"breadcrumb\":{\"@id\":\"https:\/\/apuntesdesanluis.com\/index.php\/2023\/12\/05\/doloroso-juzgan-a-una-joven-que-intento-matar-a-su-hija-recien-nacida\/#breadcrumb\"},\"inLanguage\":\"es-AR\",\"potentialAction\":[{\"@type\":\"ReadAction\",\"target\":[\"https:\/\/apuntesdesanluis.com\/index.php\/2023\/12\/05\/doloroso-juzgan-a-una-joven-que-intento-matar-a-su-hija-recien-nacida\/\"]}]},{\"@type\":\"ImageObject\",\"inLanguage\":\"es-AR\",\"@id\":\"https:\/\/apuntesdesanluis.com\/index.php\/2023\/12\/05\/doloroso-juzgan-a-una-joven-que-intento-matar-a-su-hija-recien-nacida\/#primaryimage\",\"url\":\"https:\/\/apuntesdesanluis.com\/wp-content\/uploads\/2023\/12\/audiencia.png\",\"contentUrl\":\"https:\/\/apuntesdesanluis.com\/wp-content\/uploads\/2023\/12\/audiencia.png\",\"width\":600,\"height\":311},{\"@type\":\"BreadcrumbList\",\"@id\":\"https:\/\/apuntesdesanluis.com\/index.php\/2023\/12\/05\/doloroso-juzgan-a-una-joven-que-intento-matar-a-su-hija-recien-nacida\/#breadcrumb\",\"itemListElement\":[{\"@type\":\"ListItem\",\"position\":1,\"name\":\"Inicio\",\"item\":\"https:\/\/apuntesdesanluis.com\/\"},{\"@type\":\"ListItem\",\"position\":2,\"name\":\"DOLOROSO: JUZGAN A UNA JOVEN QUE INTENT\u00d3 MATAR A SU HIJA RECI\u00c9N NACIDA\"}]},{\"@type\":\"WebSite\",\"@id\":\"https:\/\/apuntesdesanluis.com\/#website\",\"url\":\"https:\/\/apuntesdesanluis.com\/\",\"name\":\"Apuntes de San Luis\",\"description\":\"\",\"publisher\":{\"@id\":\"https:\/\/apuntesdesanluis.com\/#\/schema\/person\/b55151d52296fcce64d1a72538a70b90\"},\"potentialAction\":[{\"@type\":\"SearchAction\",\"target\":{\"@type\":\"EntryPoint\",\"urlTemplate\":\"https:\/\/apuntesdesanluis.com\/?s={search_term_string}\"},\"query-input\":{\"@type\":\"PropertyValueSpecification\",\"valueRequired\":true,\"valueName\":\"search_term_string\"}}],\"inLanguage\":\"es-AR\"},{\"@type\":[\"Person\",\"Organization\"],\"@id\":\"https:\/\/apuntesdesanluis.com\/#\/schema\/person\/b55151d52296fcce64d1a72538a70b90\",\"name\":\"apuntesdesanluis.com\",\"image\":{\"@type\":\"ImageObject\",\"inLanguage\":\"es-AR\",\"@id\":\"https:\/\/apuntesdesanluis.com\/#\/schema\/person\/image\/\",\"url\":\"https:\/\/apuntesdesanluis.com\/wp-content\/uploads\/2023\/07\/cropped-apuntesdesanluis.png\",\"contentUrl\":\"https:\/\/apuntesdesanluis.com\/wp-content\/uploads\/2023\/07\/cropped-apuntesdesanluis.png\",\"width\":450,\"height\":112,\"caption\":\"apuntesdesanluis.com\"},\"logo\":{\"@id\":\"https:\/\/apuntesdesanluis.com\/#\/schema\/person\/image\/\"},\"sameAs\":[\"https:\/\/apuntesdesanluis.com\"],\"url\":\"https:\/\/apuntesdesanluis.com\/index.php\/author\/apuntesdesanluis-com\/\"}]}<\/script>\n<!-- \/ Yoast SEO plugin. -->","yoast_head_json":{"title":"DOLOROSO: JUZGAN A UNA JOVEN QUE INTENT\u00d3 MATAR A SU HIJA RECI\u00c9N NACIDA - Apuntes de San Luis","robots":{"index":"index","follow":"follow","max-snippet":"max-snippet:-1","max-image-preview":"max-image-preview:large","max-video-preview":"max-video-preview:-1"},"canonical":"https:\/\/apuntesdesanluis.com\/index.php\/2023\/12\/05\/doloroso-juzgan-a-una-joven-que-intento-matar-a-su-hija-recien-nacida\/","og_locale":"es_ES","og_type":"article","og_title":"DOLOROSO: JUZGAN A UNA JOVEN QUE INTENT\u00d3 MATAR A SU HIJA RECI\u00c9N NACIDA - Apuntes de San Luis","og_description":"El pasado lunes, en la C\u00e1mara de Apelaciones de la Tercera Circunscripci\u00f3n Judicial, comenz\u00f3 el...","og_url":"https:\/\/apuntesdesanluis.com\/index.php\/2023\/12\/05\/doloroso-juzgan-a-una-joven-que-intento-matar-a-su-hija-recien-nacida\/","og_site_name":"Apuntes de San Luis","article_published_time":"2023-12-05T22:00:17+00:00","article_modified_time":"2023-12-05T23:00:16+00:00","og_image":[{"width":600,"height":311,"url":"https:\/\/apuntesdesanluis.com\/wp-content\/uploads\/2023\/12\/audiencia.png","type":"image\/png"}],"author":"apuntesdesanluis.com","twitter_card":"summary_large_image","twitter_misc":{"Escrito por":"apuntesdesanluis.com","Tiempo de lectura":"6 minutos"},"schema":{"@context":"https:\/\/schema.org","@graph":[{"@type":"Article","@id":"https:\/\/apuntesdesanluis.com\/index.php\/2023\/12\/05\/doloroso-juzgan-a-una-joven-que-intento-matar-a-su-hija-recien-nacida\/#article","isPartOf":{"@id":"https:\/\/apuntesdesanluis.com\/index.php\/2023\/12\/05\/doloroso-juzgan-a-una-joven-que-intento-matar-a-su-hija-recien-nacida\/"},"author":{"name":"apuntesdesanluis.com","@id":"https:\/\/apuntesdesanluis.com\/#\/schema\/person\/b55151d52296fcce64d1a72538a70b90"},"headline":"DOLOROSO: JUZGAN A UNA JOVEN QUE INTENT\u00d3 MATAR A SU HIJA RECI\u00c9N NACIDA","datePublished":"2023-12-05T22:00:17+00:00","dateModified":"2023-12-05T23:00:16+00:00","mainEntityOfPage":{"@id":"https:\/\/apuntesdesanluis.com\/index.php\/2023\/12\/05\/doloroso-juzgan-a-una-joven-que-intento-matar-a-su-hija-recien-nacida\/"},"wordCount":1301,"publisher":{"@id":"https:\/\/apuntesdesanluis.com\/#\/schema\/person\/b55151d52296fcce64d1a72538a70b90"},"image":{"@id":"https:\/\/apuntesdesanluis.com\/index.php\/2023\/12\/05\/doloroso-juzgan-a-una-joven-que-intento-matar-a-su-hija-recien-nacida\/#primaryimage"},"thumbnailUrl":"https:\/\/apuntesdesanluis.com\/wp-content\/uploads\/2023\/12\/audiencia.png","articleSection":["Ciudad\/Provincia"],"inLanguage":"es-AR"},{"@type":"WebPage","@id":"https:\/\/apuntesdesanluis.com\/index.php\/2023\/12\/05\/doloroso-juzgan-a-una-joven-que-intento-matar-a-su-hija-recien-nacida\/","url":"https:\/\/apuntesdesanluis.com\/index.php\/2023\/12\/05\/doloroso-juzgan-a-una-joven-que-intento-matar-a-su-hija-recien-nacida\/","name":"DOLOROSO: JUZGAN A UNA JOVEN QUE INTENT\u00d3 MATAR A SU HIJA RECI\u00c9N NACIDA - Apuntes de San Luis","isPartOf":{"@id":"https:\/\/apuntesdesanluis.com\/#website"},"primaryImageOfPage":{"@id":"https:\/\/apuntesdesanluis.com\/index.php\/2023\/12\/05\/doloroso-juzgan-a-una-joven-que-intento-matar-a-su-hija-recien-nacida\/#primaryimage"},"image":{"@id":"https:\/\/apuntesdesanluis.com\/index.php\/2023\/12\/05\/doloroso-juzgan-a-una-joven-que-intento-matar-a-su-hija-recien-nacida\/#primaryimage"},"thumbnailUrl":"https:\/\/apuntesdesanluis.com\/wp-content\/uploads\/2023\/12\/audiencia.png","datePublished":"2023-12-05T22:00:17+00:00","dateModified":"2023-12-05T23:00:16+00:00","breadcrumb":{"@id":"https:\/\/apuntesdesanluis.com\/index.php\/2023\/12\/05\/doloroso-juzgan-a-una-joven-que-intento-matar-a-su-hija-recien-nacida\/#breadcrumb"},"inLanguage":"es-AR","potentialAction":[{"@type":"ReadAction","target":["https:\/\/apuntesdesanluis.com\/index.php\/2023\/12\/05\/doloroso-juzgan-a-una-joven-que-intento-matar-a-su-hija-recien-nacida\/"]}]},{"@type":"ImageObject","inLanguage":"es-AR","@id":"https:\/\/apuntesdesanluis.com\/index.php\/2023\/12\/05\/doloroso-juzgan-a-una-joven-que-intento-matar-a-su-hija-recien-nacida\/#primaryimage","url":"https:\/\/apuntesdesanluis.com\/wp-content\/uploads\/2023\/12\/audiencia.png","contentUrl":"https:\/\/apuntesdesanluis.com\/wp-content\/uploads\/2023\/12\/audiencia.png","width":600,"height":311},{"@type":"BreadcrumbList","@id":"https:\/\/apuntesdesanluis.com\/index.php\/2023\/12\/05\/doloroso-juzgan-a-una-joven-que-intento-matar-a-su-hija-recien-nacida\/#breadcrumb","itemListElement":[{"@type":"ListItem","position":1,"name":"Inicio","item":"https:\/\/apuntesdesanluis.com\/"},{"@type":"ListItem","position":2,"name":"DOLOROSO: JUZGAN A UNA JOVEN QUE INTENT\u00d3 MATAR A SU HIJA RECI\u00c9N NACIDA"}]},{"@type":"WebSite","@id":"https:\/\/apuntesdesanluis.com\/#website","url":"https:\/\/apuntesdesanluis.com\/","name":"Apuntes de San Luis","description":"","publisher":{"@id":"https:\/\/apuntesdesanluis.com\/#\/schema\/person\/b55151d52296fcce64d1a72538a70b90"},"potentialAction":[{"@type":"SearchAction","target":{"@type":"EntryPoint","urlTemplate":"https:\/\/apuntesdesanluis.com\/?s={search_term_string}"},"query-input":{"@type":"PropertyValueSpecification","valueRequired":true,"valueName":"search_term_string"}}],"inLanguage":"es-AR"},{"@type":["Person","Organization"],"@id":"https:\/\/apuntesdesanluis.com\/#\/schema\/person\/b55151d52296fcce64d1a72538a70b90","name":"apuntesdesanluis.com","image":{"@type":"ImageObject","inLanguage":"es-AR","@id":"https:\/\/apuntesdesanluis.com\/#\/schema\/person\/image\/","url":"https:\/\/apuntesdesanluis.com\/wp-content\/uploads\/2023\/07\/cropped-apuntesdesanluis.png","contentUrl":"https:\/\/apuntesdesanluis.com\/wp-content\/uploads\/2023\/07\/cropped-apuntesdesanluis.png","width":450,"height":112,"caption":"apuntesdesanluis.com"},"logo":{"@id":"https:\/\/apuntesdesanluis.com\/#\/schema\/person\/image\/"},"sameAs":["https:\/\/apuntesdesanluis.com"],"url":"https:\/\/apuntesdesanluis.com\/index.php\/author\/apuntesdesanluis-com\/"}]}},"featured_image_urls":{"full":["https:\/\/apuntesdesanluis.com\/wp-content\/uploads\/2023\/12\/audiencia.png",600,311,false],"thumbnail":["https:\/\/apuntesdesanluis.com\/wp-content\/uploads\/2023\/12\/audiencia-150x150.png",150,150,true],"medium":["https:\/\/apuntesdesanluis.com\/wp-content\/uploads\/2023\/12\/audiencia-300x156.png",300,156,true],"medium_large":["https:\/\/apuntesdesanluis.com\/wp-content\/uploads\/2023\/12\/audiencia.png",600,311,false],"large":["https:\/\/apuntesdesanluis.com\/wp-content\/uploads\/2023\/12\/audiencia.png",600,311,false],"1536x1536":["https:\/\/apuntesdesanluis.com\/wp-content\/uploads\/2023\/12\/audiencia.png",600,311,false],"2048x2048":["https:\/\/apuntesdesanluis.com\/wp-content\/uploads\/2023\/12\/audiencia.png",600,311,false],"newsever-slider-full":["https:\/\/apuntesdesanluis.com\/wp-content\/uploads\/2023\/12\/audiencia.png",600,311,false],"newsever-featured":["https:\/\/apuntesdesanluis.com\/wp-content\/uploads\/2023\/12\/audiencia.png",600,311,false],"newsever-medium":["https:\/\/apuntesdesanluis.com\/wp-content\/uploads\/2023\/12\/audiencia.png",600,311,false]},"author_info":{"display_name":"apuntesdesanluis.com","author_link":"https:\/\/apuntesdesanluis.com\/index.php\/author\/apuntesdesanluis-com\/"},"category_info":"<a href=\"https:\/\/apuntesdesanluis.com\/index.php\/category\/ciudad-provincia\/\" rel=\"category tag\">Ciudad\/Provincia<\/a>","tag_info":"Ciudad\/Provincia","comment_count":"0","_links":{"self":[{"href":"https:\/\/apuntesdesanluis.com\/index.php\/wp-json\/wp\/v2\/posts\/7865","targetHints":{"allow":["GET"]}}],"collection":[{"href":"https:\/\/apuntesdesanluis.com\/index.php\/wp-json\/wp\/v2\/posts"}],"about":[{"href":"https:\/\/apuntesdesanluis.com\/index.php\/wp-json\/wp\/v2\/types\/post"}],"author":[{"embeddable":true,"href":"https:\/\/apuntesdesanluis.com\/index.php\/wp-json\/wp\/v2\/users\/1"}],"replies":[{"embeddable":true,"href":"https:\/\/apuntesdesanluis.com\/index.php\/wp-json\/wp\/v2\/comments?post=7865"}],"version-history":[{"count":1,"href":"https:\/\/apuntesdesanluis.com\/index.php\/wp-json\/wp\/v2\/posts\/7865\/revisions"}],"predecessor-version":[{"id":7868,"href":"https:\/\/apuntesdesanluis.com\/index.php\/wp-json\/wp\/v2\/posts\/7865\/revisions\/7868"}],"wp:featuredmedia":[{"embeddable":true,"href":"https:\/\/apuntesdesanluis.com\/index.php\/wp-json\/wp\/v2\/media\/7866"}],"wp:attachment":[{"href":"https:\/\/apuntesdesanluis.com\/index.php\/wp-json\/wp\/v2\/media?parent=7865"}],"wp:term":[{"taxonomy":"category","embeddable":true,"href":"https:\/\/apuntesdesanluis.com\/index.php\/wp-json\/wp\/v2\/categories?post=7865"},{"taxonomy":"post_tag","embeddable":true,"href":"https:\/\/apuntesdesanluis.com\/index.php\/wp-json\/wp\/v2\/tags?post=7865"}],"curies":[{"name":"wp","href":"https:\/\/api.w.org\/{rel}","templated":true}]}}