{"id":7873,"date":"2023-12-05T20:12:47","date_gmt":"2023-12-05T23:12:47","guid":{"rendered":"https:\/\/apuntesdesanluis.com\/?p=7873"},"modified":"2023-12-05T20:13:22","modified_gmt":"2023-12-05T23:13:22","slug":"inauguraron-moderna-estacion-de-bomberos-en-el-aeropuerto-valle-del-conlara","status":"publish","type":"post","link":"https:\/\/apuntesdesanluis.com\/index.php\/2023\/12\/05\/inauguraron-moderna-estacion-de-bomberos-en-el-aeropuerto-valle-del-conlara\/","title":{"rendered":"INAUGURARON MODERNA ESTACI\u00d3N DE BOMBEROS EN EL AEROPUERTO VALLE DEL CONLARA"},"content":{"rendered":"<h3>El Gobierno de la provincia puso en funciones este martes por la tarde de una nueva base de combate contra incendios en el aeropuerto ubicado en Santa Rosa del Conlara. La apertura de esta estaci\u00f3n no solo fortalecer\u00e1 la capacidad de respuesta ante emergencias, sino que contribuir\u00e1 al bienestar del personal, brind\u00e1ndoles un espacio adecuado para descanso y entrenamiento.<\/h3>\n<h3>El acto cont\u00f3 con la presencia del secretario de Transporte, <strong>Sebasti\u00e1n Anzulovich<\/strong>; el ministro de Ambiente y Desarrollo Sostenible de la Naci\u00f3n, <strong>Juan Cabandi\u00e9<\/strong>; el ministro de Seguridad de la provincia, <strong>Claudio Latini<\/strong> y el Coordinador Regional Centro del Sistema Nacional del Manejo del Fuego, <strong>Andr\u00e9s Bosch<\/strong>.<\/h3>\n<h3>\u201cNos enorgullece poder fortalecer el sistema a nivel nacional. Esta base est\u00e1 en el centro del pa\u00eds y va a servir operativamente para todas las provincias aleda\u00f1as a San Luis. Pero tambi\u00e9n a San Luis Solidario, que es la formaci\u00f3n de combate de incendios forestales de la provincia\u201d, explic\u00f3 Cabandi\u00e9 y destac\u00f3 el trabajo coordinado junto al Gobierno provincial para concretar la nueva base.<\/h3>\n<h3>La iniciativa fue llevada a cabo por el Gobierno de San Luis a trav\u00e9s del Ente de Desarrollo Aeron\u00e1utico, perteneciente a la Secretar\u00eda de Estado de Transporte y marc\u00f3 un hito significativo para la regi\u00f3n al albergar la nueva Brigada Centro del Servicio Nacional de Manejo Contra el Fuego.<\/h3>\n<h3>La nueva estaci\u00f3n, ubicada estrat\u00e9gicamente a la vera de la Ruta Nacional N\u00b0 148, contar\u00e1 con instalaciones de vanguardia, incluyendo dormitorios completamente equipados para los bomberos, comedor, sector de gimnasio y auditorio, entre otras comodidades esenciales para el desempe\u00f1o efectivo de las operaciones.<\/h3>\n<p>&nbsp;<\/p>\n<p>&nbsp;<\/p>\n<p>&nbsp;<\/p>\n<p>&nbsp;<\/p>\n<p>&nbsp;<\/p>\n<p>&nbsp;<\/p>\n","protected":false},"excerpt":{"rendered":"<p>El Gobierno de la provincia puso en funciones este martes por la tarde de una&#8230;<\/p>\n","protected":false},"author":1,"featured_media":7874,"comment_status":"closed","ping_status":"closed","sticky":false,"template":"","format":"standard","meta":{"footnotes":""},"categories":[6],"tags":[],"class_list":["post-7873","post","type-post","status-publish","format-standard","has-post-thumbnail","hentry","category-ciudad-provincia"],"yoast_head":"<!-- This site is optimized with the Yoast SEO plugin v26.1.1 - https:\/\/yoast.com\/wordpress\/plugins\/seo\/ -->\n<title>INAUGURARON MODERNA ESTACI\u00d3N DE BOMBEROS EN EL AEROPUERTO VALLE DEL CONLARA - Apuntes de San Luis<\/title>\n<meta name=\"robots\" content=\"index, follow, max-snippet:-1, max-image-preview:large, max-video-preview:-1\" \/>\n<link rel=\"canonical\" href=\"https:\/\/apuntesdesanluis.com\/index.php\/2023\/12\/05\/inauguraron-moderna-estacion-de-bomberos-en-el-aeropuerto-valle-del-conlara\/\" \/>\n<meta property=\"og:locale\" content=\"es_ES\" \/>\n<meta property=\"og:type\" content=\"article\" \/>\n<meta property=\"og:title\" content=\"INAUGURARON MODERNA ESTACI\u00d3N DE BOMBEROS EN EL AEROPUERTO VALLE DEL CONLARA - Apuntes de San Luis\" \/>\n<meta property=\"og:description\" content=\"El Gobierno de la provincia puso en funciones este martes por la tarde de una...\" \/>\n<meta property=\"og:url\" content=\"https:\/\/apuntesdesanluis.com\/index.php\/2023\/12\/05\/inauguraron-moderna-estacion-de-bomberos-en-el-aeropuerto-valle-del-conlara\/\" \/>\n<meta property=\"og:site_name\" content=\"Apuntes de San Luis\" \/>\n<meta property=\"article:published_time\" content=\"2023-12-05T23:12:47+00:00\" \/>\n<meta property=\"article:modified_time\" content=\"2023-12-05T23:13:22+00:00\" \/>\n<meta property=\"og:image\" content=\"https:\/\/apuntesdesanluis.com\/wp-content\/uploads\/2023\/12\/brigada.png\" \/>\n\t<meta property=\"og:image:width\" content=\"595\" \/>\n\t<meta property=\"og:image:height\" content=\"333\" \/>\n\t<meta property=\"og:image:type\" content=\"image\/png\" \/>\n<meta name=\"author\" content=\"apuntesdesanluis.com\" \/>\n<meta name=\"twitter:card\" content=\"summary_large_image\" \/>\n<meta name=\"twitter:label1\" content=\"Escrito por\" \/>\n\t<meta name=\"twitter:data1\" content=\"apuntesdesanluis.com\" \/>\n\t<meta name=\"twitter:label2\" content=\"Tiempo de lectura\" \/>\n\t<meta name=\"twitter:data2\" content=\"2 minutos\" \/>\n<script type=\"application\/ld+json\" class=\"yoast-schema-graph\">{\"@context\":\"https:\/\/schema.org\",\"@graph\":[{\"@type\":\"Article\",\"@id\":\"https:\/\/apuntesdesanluis.com\/index.php\/2023\/12\/05\/inauguraron-moderna-estacion-de-bomberos-en-el-aeropuerto-valle-del-conlara\/#article\",\"isPartOf\":{\"@id\":\"https:\/\/apuntesdesanluis.com\/index.php\/2023\/12\/05\/inauguraron-moderna-estacion-de-bomberos-en-el-aeropuerto-valle-del-conlara\/\"},\"author\":{\"name\":\"apuntesdesanluis.com\",\"@id\":\"https:\/\/apuntesdesanluis.com\/#\/schema\/person\/b55151d52296fcce64d1a72538a70b90\"},\"headline\":\"INAUGURARON MODERNA ESTACI\u00d3N DE BOMBEROS EN EL AEROPUERTO VALLE DEL CONLARA\",\"datePublished\":\"2023-12-05T23:12:47+00:00\",\"dateModified\":\"2023-12-05T23:13:22+00:00\",\"mainEntityOfPage\":{\"@id\":\"https:\/\/apuntesdesanluis.com\/index.php\/2023\/12\/05\/inauguraron-moderna-estacion-de-bomberos-en-el-aeropuerto-valle-del-conlara\/\"},\"wordCount\":295,\"publisher\":{\"@id\":\"https:\/\/apuntesdesanluis.com\/#\/schema\/person\/b55151d52296fcce64d1a72538a70b90\"},\"image\":{\"@id\":\"https:\/\/apuntesdesanluis.com\/index.php\/2023\/12\/05\/inauguraron-moderna-estacion-de-bomberos-en-el-aeropuerto-valle-del-conlara\/#primaryimage\"},\"thumbnailUrl\":\"https:\/\/apuntesdesanluis.com\/wp-content\/uploads\/2023\/12\/brigada.png\",\"articleSection\":[\"Ciudad\/Provincia\"],\"inLanguage\":\"es-AR\"},{\"@type\":\"WebPage\",\"@id\":\"https:\/\/apuntesdesanluis.com\/index.php\/2023\/12\/05\/inauguraron-moderna-estacion-de-bomberos-en-el-aeropuerto-valle-del-conlara\/\",\"url\":\"https:\/\/apuntesdesanluis.com\/index.php\/2023\/12\/05\/inauguraron-moderna-estacion-de-bomberos-en-el-aeropuerto-valle-del-conlara\/\",\"name\":\"INAUGURARON MODERNA ESTACI\u00d3N DE BOMBEROS EN EL AEROPUERTO VALLE DEL CONLARA - Apuntes de San Luis\",\"isPartOf\":{\"@id\":\"https:\/\/apuntesdesanluis.com\/#website\"},\"primaryImageOfPage\":{\"@id\":\"https:\/\/apuntesdesanluis.com\/index.php\/2023\/12\/05\/inauguraron-moderna-estacion-de-bomberos-en-el-aeropuerto-valle-del-conlara\/#primaryimage\"},\"image\":{\"@id\":\"https:\/\/apuntesdesanluis.com\/index.php\/2023\/12\/05\/inauguraron-moderna-estacion-de-bomberos-en-el-aeropuerto-valle-del-conlara\/#primaryimage\"},\"thumbnailUrl\":\"https:\/\/apuntesdesanluis.com\/wp-content\/uploads\/2023\/12\/brigada.png\",\"datePublished\":\"2023-12-05T23:12:47+00:00\",\"dateModified\":\"2023-12-05T23:13:22+00:00\",\"breadcrumb\":{\"@id\":\"https:\/\/apuntesdesanluis.com\/index.php\/2023\/12\/05\/inauguraron-moderna-estacion-de-bomberos-en-el-aeropuerto-valle-del-conlara\/#breadcrumb\"},\"inLanguage\":\"es-AR\",\"potentialAction\":[{\"@type\":\"ReadAction\",\"target\":[\"https:\/\/apuntesdesanluis.com\/index.php\/2023\/12\/05\/inauguraron-moderna-estacion-de-bomberos-en-el-aeropuerto-valle-del-conlara\/\"]}]},{\"@type\":\"ImageObject\",\"inLanguage\":\"es-AR\",\"@id\":\"https:\/\/apuntesdesanluis.com\/index.php\/2023\/12\/05\/inauguraron-moderna-estacion-de-bomberos-en-el-aeropuerto-valle-del-conlara\/#primaryimage\",\"url\":\"https:\/\/apuntesdesanluis.com\/wp-content\/uploads\/2023\/12\/brigada.png\",\"contentUrl\":\"https:\/\/apuntesdesanluis.com\/wp-content\/uploads\/2023\/12\/brigada.png\",\"width\":595,\"height\":333},{\"@type\":\"BreadcrumbList\",\"@id\":\"https:\/\/apuntesdesanluis.com\/index.php\/2023\/12\/05\/inauguraron-moderna-estacion-de-bomberos-en-el-aeropuerto-valle-del-conlara\/#breadcrumb\",\"itemListElement\":[{\"@type\":\"ListItem\",\"position\":1,\"name\":\"Inicio\",\"item\":\"https:\/\/apuntesdesanluis.com\/\"},{\"@type\":\"ListItem\",\"position\":2,\"name\":\"INAUGURARON MODERNA ESTACI\u00d3N DE BOMBEROS EN EL AEROPUERTO VALLE DEL CONLARA\"}]},{\"@type\":\"WebSite\",\"@id\":\"https:\/\/apuntesdesanluis.com\/#website\",\"url\":\"https:\/\/apuntesdesanluis.com\/\",\"name\":\"Apuntes de San Luis\",\"description\":\"\",\"publisher\":{\"@id\":\"https:\/\/apuntesdesanluis.com\/#\/schema\/person\/b55151d52296fcce64d1a72538a70b90\"},\"potentialAction\":[{\"@type\":\"SearchAction\",\"target\":{\"@type\":\"EntryPoint\",\"urlTemplate\":\"https:\/\/apuntesdesanluis.com\/?s={search_term_string}\"},\"query-input\":{\"@type\":\"PropertyValueSpecification\",\"valueRequired\":true,\"valueName\":\"search_term_string\"}}],\"inLanguage\":\"es-AR\"},{\"@type\":[\"Person\",\"Organization\"],\"@id\":\"https:\/\/apuntesdesanluis.com\/#\/schema\/person\/b55151d52296fcce64d1a72538a70b90\",\"name\":\"apuntesdesanluis.com\",\"image\":{\"@type\":\"ImageObject\",\"inLanguage\":\"es-AR\",\"@id\":\"https:\/\/apuntesdesanluis.com\/#\/schema\/person\/image\/\",\"url\":\"https:\/\/apuntesdesanluis.com\/wp-content\/uploads\/2023\/07\/cropped-apuntesdesanluis.png\",\"contentUrl\":\"https:\/\/apuntesdesanluis.com\/wp-content\/uploads\/2023\/07\/cropped-apuntesdesanluis.png\",\"width\":450,\"height\":112,\"caption\":\"apuntesdesanluis.com\"},\"logo\":{\"@id\":\"https:\/\/apuntesdesanluis.com\/#\/schema\/person\/image\/\"},\"sameAs\":[\"https:\/\/apuntesdesanluis.com\"],\"url\":\"https:\/\/apuntesdesanluis.com\/index.php\/author\/apuntesdesanluis-com\/\"}]}<\/script>\n<!-- \/ Yoast SEO plugin. -->","yoast_head_json":{"title":"INAUGURARON MODERNA ESTACI\u00d3N DE BOMBEROS EN EL AEROPUERTO VALLE DEL CONLARA - Apuntes de San Luis","robots":{"index":"index","follow":"follow","max-snippet":"max-snippet:-1","max-image-preview":"max-image-preview:large","max-video-preview":"max-video-preview:-1"},"canonical":"https:\/\/apuntesdesanluis.com\/index.php\/2023\/12\/05\/inauguraron-moderna-estacion-de-bomberos-en-el-aeropuerto-valle-del-conlara\/","og_locale":"es_ES","og_type":"article","og_title":"INAUGURARON MODERNA ESTACI\u00d3N DE BOMBEROS EN EL AEROPUERTO VALLE DEL CONLARA - Apuntes de San Luis","og_description":"El Gobierno de la provincia puso en funciones este martes por la tarde de una...","og_url":"https:\/\/apuntesdesanluis.com\/index.php\/2023\/12\/05\/inauguraron-moderna-estacion-de-bomberos-en-el-aeropuerto-valle-del-conlara\/","og_site_name":"Apuntes de San Luis","article_published_time":"2023-12-05T23:12:47+00:00","article_modified_time":"2023-12-05T23:13:22+00:00","og_image":[{"width":595,"height":333,"url":"https:\/\/apuntesdesanluis.com\/wp-content\/uploads\/2023\/12\/brigada.png","type":"image\/png"}],"author":"apuntesdesanluis.com","twitter_card":"summary_large_image","twitter_misc":{"Escrito por":"apuntesdesanluis.com","Tiempo de lectura":"2 minutos"},"schema":{"@context":"https:\/\/schema.org","@graph":[{"@type":"Article","@id":"https:\/\/apuntesdesanluis.com\/index.php\/2023\/12\/05\/inauguraron-moderna-estacion-de-bomberos-en-el-aeropuerto-valle-del-conlara\/#article","isPartOf":{"@id":"https:\/\/apuntesdesanluis.com\/index.php\/2023\/12\/05\/inauguraron-moderna-estacion-de-bomberos-en-el-aeropuerto-valle-del-conlara\/"},"author":{"name":"apuntesdesanluis.com","@id":"https:\/\/apuntesdesanluis.com\/#\/schema\/person\/b55151d52296fcce64d1a72538a70b90"},"headline":"INAUGURARON MODERNA ESTACI\u00d3N DE BOMBEROS EN EL AEROPUERTO VALLE DEL CONLARA","datePublished":"2023-12-05T23:12:47+00:00","dateModified":"2023-12-05T23:13:22+00:00","mainEntityOfPage":{"@id":"https:\/\/apuntesdesanluis.com\/index.php\/2023\/12\/05\/inauguraron-moderna-estacion-de-bomberos-en-el-aeropuerto-valle-del-conlara\/"},"wordCount":295,"publisher":{"@id":"https:\/\/apuntesdesanluis.com\/#\/schema\/person\/b55151d52296fcce64d1a72538a70b90"},"image":{"@id":"https:\/\/apuntesdesanluis.com\/index.php\/2023\/12\/05\/inauguraron-moderna-estacion-de-bomberos-en-el-aeropuerto-valle-del-conlara\/#primaryimage"},"thumbnailUrl":"https:\/\/apuntesdesanluis.com\/wp-content\/uploads\/2023\/12\/brigada.png","articleSection":["Ciudad\/Provincia"],"inLanguage":"es-AR"},{"@type":"WebPage","@id":"https:\/\/apuntesdesanluis.com\/index.php\/2023\/12\/05\/inauguraron-moderna-estacion-de-bomberos-en-el-aeropuerto-valle-del-conlara\/","url":"https:\/\/apuntesdesanluis.com\/index.php\/2023\/12\/05\/inauguraron-moderna-estacion-de-bomberos-en-el-aeropuerto-valle-del-conlara\/","name":"INAUGURARON MODERNA ESTACI\u00d3N DE BOMBEROS EN EL AEROPUERTO VALLE DEL CONLARA - Apuntes de San Luis","isPartOf":{"@id":"https:\/\/apuntesdesanluis.com\/#website"},"primaryImageOfPage":{"@id":"https:\/\/apuntesdesanluis.com\/index.php\/2023\/12\/05\/inauguraron-moderna-estacion-de-bomberos-en-el-aeropuerto-valle-del-conlara\/#primaryimage"},"image":{"@id":"https:\/\/apuntesdesanluis.com\/index.php\/2023\/12\/05\/inauguraron-moderna-estacion-de-bomberos-en-el-aeropuerto-valle-del-conlara\/#primaryimage"},"thumbnailUrl":"https:\/\/apuntesdesanluis.com\/wp-content\/uploads\/2023\/12\/brigada.png","datePublished":"2023-12-05T23:12:47+00:00","dateModified":"2023-12-05T23:13:22+00:00","breadcrumb":{"@id":"https:\/\/apuntesdesanluis.com\/index.php\/2023\/12\/05\/inauguraron-moderna-estacion-de-bomberos-en-el-aeropuerto-valle-del-conlara\/#breadcrumb"},"inLanguage":"es-AR","potentialAction":[{"@type":"ReadAction","target":["https:\/\/apuntesdesanluis.com\/index.php\/2023\/12\/05\/inauguraron-moderna-estacion-de-bomberos-en-el-aeropuerto-valle-del-conlara\/"]}]},{"@type":"ImageObject","inLanguage":"es-AR","@id":"https:\/\/apuntesdesanluis.com\/index.php\/2023\/12\/05\/inauguraron-moderna-estacion-de-bomberos-en-el-aeropuerto-valle-del-conlara\/#primaryimage","url":"https:\/\/apuntesdesanluis.com\/wp-content\/uploads\/2023\/12\/brigada.png","contentUrl":"https:\/\/apuntesdesanluis.com\/wp-content\/uploads\/2023\/12\/brigada.png","width":595,"height":333},{"@type":"BreadcrumbList","@id":"https:\/\/apuntesdesanluis.com\/index.php\/2023\/12\/05\/inauguraron-moderna-estacion-de-bomberos-en-el-aeropuerto-valle-del-conlara\/#breadcrumb","itemListElement":[{"@type":"ListItem","position":1,"name":"Inicio","item":"https:\/\/apuntesdesanluis.com\/"},{"@type":"ListItem","position":2,"name":"INAUGURARON MODERNA ESTACI\u00d3N DE BOMBEROS EN EL AEROPUERTO VALLE DEL CONLARA"}]},{"@type":"WebSite","@id":"https:\/\/apuntesdesanluis.com\/#website","url":"https:\/\/apuntesdesanluis.com\/","name":"Apuntes de San Luis","description":"","publisher":{"@id":"https:\/\/apuntesdesanluis.com\/#\/schema\/person\/b55151d52296fcce64d1a72538a70b90"},"potentialAction":[{"@type":"SearchAction","target":{"@type":"EntryPoint","urlTemplate":"https:\/\/apuntesdesanluis.com\/?s={search_term_string}"},"query-input":{"@type":"PropertyValueSpecification","valueRequired":true,"valueName":"search_term_string"}}],"inLanguage":"es-AR"},{"@type":["Person","Organization"],"@id":"https:\/\/apuntesdesanluis.com\/#\/schema\/person\/b55151d52296fcce64d1a72538a70b90","name":"apuntesdesanluis.com","image":{"@type":"ImageObject","inLanguage":"es-AR","@id":"https:\/\/apuntesdesanluis.com\/#\/schema\/person\/image\/","url":"https:\/\/apuntesdesanluis.com\/wp-content\/uploads\/2023\/07\/cropped-apuntesdesanluis.png","contentUrl":"https:\/\/apuntesdesanluis.com\/wp-content\/uploads\/2023\/07\/cropped-apuntesdesanluis.png","width":450,"height":112,"caption":"apuntesdesanluis.com"},"logo":{"@id":"https:\/\/apuntesdesanluis.com\/#\/schema\/person\/image\/"},"sameAs":["https:\/\/apuntesdesanluis.com"],"url":"https:\/\/apuntesdesanluis.com\/index.php\/author\/apuntesdesanluis-com\/"}]}},"featured_image_urls":{"full":["https:\/\/apuntesdesanluis.com\/wp-content\/uploads\/2023\/12\/brigada.png",595,333,false],"thumbnail":["https:\/\/apuntesdesanluis.com\/wp-content\/uploads\/2023\/12\/brigada-150x150.png",150,150,true],"medium":["https:\/\/apuntesdesanluis.com\/wp-content\/uploads\/2023\/12\/brigada-300x168.png",300,168,true],"medium_large":["https:\/\/apuntesdesanluis.com\/wp-content\/uploads\/2023\/12\/brigada.png",595,333,false],"large":["https:\/\/apuntesdesanluis.com\/wp-content\/uploads\/2023\/12\/brigada.png",595,333,false],"1536x1536":["https:\/\/apuntesdesanluis.com\/wp-content\/uploads\/2023\/12\/brigada.png",595,333,false],"2048x2048":["https:\/\/apuntesdesanluis.com\/wp-content\/uploads\/2023\/12\/brigada.png",595,333,false],"newsever-slider-full":["https:\/\/apuntesdesanluis.com\/wp-content\/uploads\/2023\/12\/brigada.png",595,333,false],"newsever-featured":["https:\/\/apuntesdesanluis.com\/wp-content\/uploads\/2023\/12\/brigada.png",595,333,false],"newsever-medium":["https:\/\/apuntesdesanluis.com\/wp-content\/uploads\/2023\/12\/brigada.png",595,333,false]},"author_info":{"display_name":"apuntesdesanluis.com","author_link":"https:\/\/apuntesdesanluis.com\/index.php\/author\/apuntesdesanluis-com\/"},"category_info":"<a href=\"https:\/\/apuntesdesanluis.com\/index.php\/category\/ciudad-provincia\/\" rel=\"category tag\">Ciudad\/Provincia<\/a>","tag_info":"Ciudad\/Provincia","comment_count":"0","_links":{"self":[{"href":"https:\/\/apuntesdesanluis.com\/index.php\/wp-json\/wp\/v2\/posts\/7873","targetHints":{"allow":["GET"]}}],"collection":[{"href":"https:\/\/apuntesdesanluis.com\/index.php\/wp-json\/wp\/v2\/posts"}],"about":[{"href":"https:\/\/apuntesdesanluis.com\/index.php\/wp-json\/wp\/v2\/types\/post"}],"author":[{"embeddable":true,"href":"https:\/\/apuntesdesanluis.com\/index.php\/wp-json\/wp\/v2\/users\/1"}],"replies":[{"embeddable":true,"href":"https:\/\/apuntesdesanluis.com\/index.php\/wp-json\/wp\/v2\/comments?post=7873"}],"version-history":[{"count":2,"href":"https:\/\/apuntesdesanluis.com\/index.php\/wp-json\/wp\/v2\/posts\/7873\/revisions"}],"predecessor-version":[{"id":7876,"href":"https:\/\/apuntesdesanluis.com\/index.php\/wp-json\/wp\/v2\/posts\/7873\/revisions\/7876"}],"wp:featuredmedia":[{"embeddable":true,"href":"https:\/\/apuntesdesanluis.com\/index.php\/wp-json\/wp\/v2\/media\/7874"}],"wp:attachment":[{"href":"https:\/\/apuntesdesanluis.com\/index.php\/wp-json\/wp\/v2\/media?parent=7873"}],"wp:term":[{"taxonomy":"category","embeddable":true,"href":"https:\/\/apuntesdesanluis.com\/index.php\/wp-json\/wp\/v2\/categories?post=7873"},{"taxonomy":"post_tag","embeddable":true,"href":"https:\/\/apuntesdesanluis.com\/index.php\/wp-json\/wp\/v2\/tags?post=7873"}],"curies":[{"name":"wp","href":"https:\/\/api.w.org\/{rel}","templated":true}]}}