{"id":7877,"date":"2023-12-05T21:52:12","date_gmt":"2023-12-06T00:52:12","guid":{"rendered":"https:\/\/apuntesdesanluis.com\/?p=7877"},"modified":"2023-12-06T00:48:59","modified_gmt":"2023-12-06T03:48:59","slug":"fallo-el-manazo-el-oficialismo-no-pudo-quedarse-con-el-tercer-lugar-de-la-sucesion-provincial","status":"publish","type":"post","link":"https:\/\/apuntesdesanluis.com\/index.php\/2023\/12\/05\/fallo-el-manazo-el-oficialismo-no-pudo-quedarse-con-el-tercer-lugar-de-la-sucesion-provincial\/","title":{"rendered":"FALL\u00d3 EL MANAZO: EL OFICIALISMO NO PUDO QUEDARSE CON EL TERCER LUGAR DE LA SUCESI\u00d3N PROVINCIAL"},"content":{"rendered":"<h3>En una caldeada Sesi\u00f3n Preparatoria celebrada este mediod\u00eda, el bloque que responde al gobernador <strong>Alberto Rodr\u00edguez Sa\u00e1<\/strong> no consigui\u00f3 su objetivo de quedarse con la presidencia de la C\u00e1mara de Diputados de la provincia, rompiendo la tradici\u00f3n pol\u00edtica que marcan los usos y costumbres, de que el partido de gobierno nomina a los titulares de los cuerpos legislativos.<\/h3>\n<h3>La oposici\u00f3n y algunos aliados impensados se levantaron de sus bancas y dejaron sin qu\u00f3rum la sesi\u00f3n, frustrando la elecci\u00f3n de autoridades del cuerpo. Aunque seguir\u00e1 provisoriamente en el cargo <strong>Sosa Araujo<\/strong>, lo har\u00e1 durante el receso, hasta el 1\u00b0 de abril, pero al mando de un bloque que ya no posee qu\u00f3rum propio, con lo cual no tiene ning\u00fan margen de acci\u00f3n.<\/h3>\n<h3>Las roscas y la tensi\u00f3n previa generada por la definici\u00f3n de la Mesa Directiva de la C\u00e1mara Baja se extendi\u00f3 hasta esta ma\u00f1ana, por lo que la sesi\u00f3n demor\u00f3 una hora y media su inicio.<\/h3>\n<h3>No obstante la primera parte de la preparatoria se desarroll\u00f3 con normalidad, jurando en total 21 nuevos diputados electos en las elecciones del 11 de junio y una m\u00e1s, la legisladora <strong>Graciela Mu\u00f1oz<\/strong> (Dupuy), quien completar\u00e1 el mandato hasta 2025 de <strong>Sof\u00eda Larroud\u00e9<\/strong>, que renunci\u00f3 a su banca para asumir como intendenta de la localidad de Buena Esperanza.<\/h3>\n<h3>Tambi\u00e9n se acept\u00f3 la renuncia de la electa diputada por Pedernera <strong>M\u00f3nica Becerra<\/strong>, quien probablemente asumir\u00e1 como ministra de Desarrollo Social en el gabinete de <strong>Claudio Poggi<\/strong>. Su lugar ser\u00e1 ocupado por la Diputada <strong>Miriam Serra<\/strong>.<\/h3>\n<p>&nbsp;<\/p>\n<p><img fetchpriority=\"high\" decoding=\"async\" class=\"wp-image-7879 aligncenter\" src=\"https:\/\/apuntesdesanluis.com\/wp-content\/uploads\/2023\/12\/veronica-causi-300x174.png\" alt=\"\" width=\"748\" height=\"434\" srcset=\"https:\/\/apuntesdesanluis.com\/wp-content\/uploads\/2023\/12\/veronica-causi-300x174.png 300w, https:\/\/apuntesdesanluis.com\/wp-content\/uploads\/2023\/12\/veronica-causi.png 600w\" sizes=\"(max-width: 748px) 100vw, 748px\" \/><\/p>\n<h4 style=\"text-align: center;\"><em>Diputada Ver\u00f3nica Causi (reelecta), de Villa Mercedes.<\/em><\/h4>\n<h3>Las diputadas y diputados que asumieron por cuatro a\u00f1os pertenecen a los departamentos Pedernera, San Mart\u00edn, Chacabuco y Ayacucho.<\/h3>\n<p><img decoding=\"async\" class=\"wp-image-7891 aligncenter\" src=\"https:\/\/apuntesdesanluis.com\/wp-content\/uploads\/2023\/12\/nico-gonzalez-ferro-300x206.png\" alt=\"\" width=\"734\" height=\"504\" srcset=\"https:\/\/apuntesdesanluis.com\/wp-content\/uploads\/2023\/12\/nico-gonzalez-ferro-300x206.png 300w, https:\/\/apuntesdesanluis.com\/wp-content\/uploads\/2023\/12\/nico-gonzalez-ferro.png 597w\" sizes=\"(max-width: 734px) 100vw, 734px\" \/><\/p>\n<h4 style=\"text-align: center;\"><em>Diputado Nicol\u00e1s Gonz\u00e1lez Ferro, ex Secretario de Hacienda de Villa Mercedes.\u00a0<\/em><\/h4>\n<h3>Los legisladores a los que se les tom\u00f3 juramento en esta oportunidad fueron Lino Walter Aguilar (Pedernera), Joaqu\u00edn Ra\u00fal Beltr\u00e1n (Pedernera), Rodrigo Emmanuel Caba\u00f1a (Chacabuco), Ver\u00f3nica Teresa Causi (Pedernera), Marta Liliana Coniglio (Chacabuco), Carlos Sergio Dacu\u00f1a (Pedernera), Claudia Daniela D\u00edaz (Pedernera), Regina Zulema Funes (San Martin), Marcos Mat\u00edas Gatica (Chacabuco), Marina Betiana Garro (Chacabuco), Ricardo Javier Gim\u00e9nez (Ayacucho), Ana Dolly Glellel (Ayacucho), Edgardo Nicol\u00e1s Gonz\u00e1lez Ferro (Pedernera) Cristian Ariel Gurruchaga (Pedernera), Aida Beatriz L\u00f3pez (Ayacucho), Maia Macarena Loredo (Pedernera) Oscar Cesar Mac\u00edas (Ayacucho), Enzo Wilfredo Mir\u00e1bile Ochoa (San Martin) Graciela Mu\u00f1oz (Dupuy), Florencia Anabel Palacios (San Martin) Ivana Daniela Ricca (Pedernera) y Miriam Alicia Serra (Pedernera).<\/h3>\n<p><img decoding=\"async\" class=\"wp-image-7880 aligncenter\" src=\"https:\/\/apuntesdesanluis.com\/wp-content\/uploads\/2023\/12\/claudia-diaz-300x234.png\" alt=\"\" width=\"746\" height=\"582\" srcset=\"https:\/\/apuntesdesanluis.com\/wp-content\/uploads\/2023\/12\/claudia-diaz-300x234.png 300w, https:\/\/apuntesdesanluis.com\/wp-content\/uploads\/2023\/12\/claudia-diaz.png 600w\" sizes=\"(max-width: 746px) 100vw, 746px\" \/><\/p>\n<h4 style=\"text-align: center;\"><em>Diputada Claudia D\u00edaz, de Justo Daract.<\/em><\/h4>\n<h3>Las presidencias de bloques las ejercer\u00e1n <strong>Claudia Pinelli<\/strong> (Frente Unidad Justicialista), <strong>Eugenia Gallardo<\/strong> (Cambia San Luis); <strong>Javier Gim\u00e9nez<\/strong> (UCR, en interbloque con Cambia San Luis), <strong>Alberto Leyes<\/strong> (Fuerza Independiente-unipersonal) y <strong>Humberto Far\u00edas <\/strong>(Trabajo por el Pueblo-unipersonal).<\/h3>\n<h3>Tras tomarse juramento a los nuevos diputados se hizo un eterno cuarto intermedio, para facilitar que los mismos fueran saludados por sus pares y familiares.<\/h3>\n<h3><strong>FRUSTRADA ELECCI\u00d3N<\/strong><\/h3>\n<h3>El siguiente punto a tratar era la elecci\u00f3n de los integrantes de la mesa directiva del cuerpo, en el que el PJ y aliados llevaban como candidatos a <strong>Silvia Sosa Araujo<\/strong> (Pueyrred\u00f3n) y <strong>Lino Walter Aguilar<\/strong> (Pedernera), convencidos que contaban con el n\u00famero suficiente para alcanzar su objetivo.<\/h3>\n<h3>Tal como inform\u00f3 ayer <span style=\"color: #000000;\"><strong>Apuntes de San Luis<\/strong><\/span>, el oficialismo obtuvo 13 de las 21 bancas en juego en las \u00faltimas elecciones y en principio parec\u00eda conformar una mayor\u00eda simple para imponer las autoridades del cuerpo. Sin embargo, en pol\u00edtica las matem\u00e1ticas suelen fallar, y eso qued\u00f3 demostrado hoy, para desesperaci\u00f3n del diputado Aguilar, quien exasperado por poco se va a las manos con algunos operadores del poggismo.<\/h3>\n<p><img loading=\"lazy\" decoding=\"async\" class=\"wp-image-7881 aligncenter\" src=\"https:\/\/apuntesdesanluis.com\/wp-content\/uploads\/2023\/12\/aguilar-300x213.png\" alt=\"\" width=\"780\" height=\"554\" srcset=\"https:\/\/apuntesdesanluis.com\/wp-content\/uploads\/2023\/12\/aguilar-300x213.png 300w, https:\/\/apuntesdesanluis.com\/wp-content\/uploads\/2023\/12\/aguilar.png 600w\" sizes=\"(max-width: 780px) 100vw, 780px\" \/><\/p>\n<h4 style=\"text-align: center;\"><em>Diputado Aguilar, el m\u00e1s nervioso del oficialismo, que debi\u00f3 postergar sus ambiciones.<\/em><\/h4>\n<h3>Tras el regreso del cuarto intermedio, la presidenta del cuerpo Silvia Sosa Araujo se dispon\u00eda a reanudar la sesi\u00f3n para que se nominara y votara a los candidatos a ocupar los diferentes cargos, pero la oposici\u00f3n se levant\u00f3 de sus bancas. Primero lo hicieron los 17 diputados de la oposici\u00f3n (12 de Avanzar, 3 de Sanluise\u00f1os por el Cambio y 2 radicales), seguidos por Leyes y Far\u00edas (ex PJ, hoy bloques unipersonales).<\/h3>\n<h3>Hasta all\u00ed no pasaba nada, porque el PJ y aliados sumaban 24. Pero el diablo meti\u00f3 la cola y de pronto tambi\u00e9n lo hicieron los diputados del Departamento Pedernera, <strong>Nicol\u00e1s Gonz\u00e1lez Ferro<\/strong> y <strong>Cristian Ariel Gurruchaga<\/strong>, por lo que al quedar sentados en sus bancas solo 22, la sesi\u00f3n debi\u00f3 levantarse por falta de quorum.<\/h3>\n<h3><strong>FUTURO INCIERTO<\/strong><\/h3>\n<h3>En principio y salvo que se llame a una sesi\u00f3n especial \u2013algo poco probable- la frustrada elecci\u00f3n de autoridades del cuerpo indica que por Reglamento Interno <strong>Silvia Sosa Araujo<\/strong> continuar\u00e1 ejerciendo la presidencia durante el receso, hasta la reanudaci\u00f3n legislativa el pr\u00f3ximo 1\u00ba de abril de 2024.<\/h3>\n<h3>Para el nuevo per\u00edodo legislativo, la circunstancia de que ninguna de las coaliciones tenga qu\u00f3rum propio coloca en una nebulosa lo que pueda acontecer en el futuro. Por de pronto, <strong>Claudio Poggi<\/strong> logr\u00f3 frenar la arremetida oficialista y se asegur\u00f3 poder bloquear cualquier iniciativa que provenga de la futura oposici\u00f3n del PJ y sus aliados. Aunque estos, excepto que pierdan alg\u00fan otro jugador en el camino, tambi\u00e9n demostraron que est\u00e1n en condiciones de &#8220;torpedear&#8221; los proyectos del nuevo gobierno, tanto en Diputados como en Senadores, donde gozan de una holgada mayor\u00eda al contar con 6 de los 9 legisladores.<\/h3>\n<h3><strong>ANTECEDENTES<\/strong><\/h3>\n<h3>Hist\u00f3ricamente, en la tradici\u00f3n pol\u00edtica se reconoce que el partido que gana las elecciones tiene derecho a nombrar la presidencia de los \u00f3rganos legislativos. En el Senado no hay discusiones, porque la presidencia natural la ejerce el vicegobernador, en este caso <strong>Ricardo Endeiza<\/strong>. A nivel nacional sucede lo mismo, en la figura de la vicepresidenta <strong>Victoria Villarruel<\/strong>.<\/h3>\n<h3>En cuanto a la C\u00e1mara de Diputados, el criterio de respeto institucional no cambia. De hecho, a nivel nacional el presidente electo <strong>Javier Milei<\/strong> nomin\u00f3 al diputado <strong>Mart\u00edn Menem<\/strong>, hijo del ex senador Eduardo y sobrino de Carlos, el ex presidente. Nadie discuti\u00f3 su postulaci\u00f3n, a pesar que el bloque de La Libertad Avanza contar\u00e1 con s\u00f3lo 37 legisladores, muchos menos que los 105 de Uni\u00f3n por la Patria y los 94 de Juntos por el Cambio.<\/h3>\n<h3>En San Luis, sin embargo, hace un largo rato que se sepultaron los buenos modales, en la hoguera de las vanidades personales re\u00f1idas con el respeto institucional y la sana convivencia pol\u00edtica.<\/h3>\n<h3>El tema es delicado, porque el titular de la C\u00e1mara Baja es la tercera autoridad en la l\u00ednea de sucesi\u00f3n provincial, en virtud de lo cual sucede a los anteriores ante casos de muerte o acefal\u00eda.<\/h3>\n<h3>Lo ocurrido este martes corona las dificultades que sigue teniendo la nueva administraci\u00f3n que asumir\u00e1 el pr\u00f3ximo domingo 10 de diciembre, puesto que nunca pudo llevar adelante una transici\u00f3n ordenada y arm\u00f3nica con el gobierno saliente que, en cambio, ha concretado cuestionados nombramientos de ex funcionarios y legisladores en diferentes cargos, entre ellos en la justicia, la Defensor\u00eda del Pueblo y distintos organismos.<\/h3>\n<h3>Parafraseando al periodista deportivo <strong>Dante Panzeri<\/strong>, este martes en Diputados se vivi\u00f3 una din\u00e1mica de lo impensado&#8230;<\/h3>\n<p>&nbsp;<\/p>\n<p>&nbsp;<\/p>\n<p>&nbsp;<\/p>\n","protected":false},"excerpt":{"rendered":"<p>En una caldeada Sesi\u00f3n Preparatoria celebrada este mediod\u00eda, el bloque que responde al gobernador Alberto&#8230;<\/p>\n","protected":false},"author":1,"featured_media":7878,"comment_status":"closed","ping_status":"closed","sticky":false,"template":"","format":"standard","meta":{"footnotes":""},"categories":[6],"tags":[],"class_list":["post-7877","post","type-post","status-publish","format-standard","has-post-thumbnail","hentry","category-ciudad-provincia"],"yoast_head":"<!-- This site is optimized with the Yoast SEO plugin v26.1.1 - https:\/\/yoast.com\/wordpress\/plugins\/seo\/ -->\n<title>FALL\u00d3 EL MANAZO: EL OFICIALISMO NO PUDO QUEDARSE CON EL TERCER LUGAR DE LA SUCESI\u00d3N PROVINCIAL - Apuntes de San Luis<\/title>\n<meta name=\"robots\" content=\"index, follow, max-snippet:-1, max-image-preview:large, max-video-preview:-1\" \/>\n<link rel=\"canonical\" href=\"https:\/\/apuntesdesanluis.com\/index.php\/2023\/12\/05\/fallo-el-manazo-el-oficialismo-no-pudo-quedarse-con-el-tercer-lugar-de-la-sucesion-provincial\/\" \/>\n<meta property=\"og:locale\" content=\"es_ES\" \/>\n<meta property=\"og:type\" content=\"article\" \/>\n<meta property=\"og:title\" content=\"FALL\u00d3 EL MANAZO: EL OFICIALISMO NO PUDO QUEDARSE CON EL TERCER LUGAR DE LA SUCESI\u00d3N PROVINCIAL - Apuntes de San Luis\" \/>\n<meta property=\"og:description\" content=\"En una caldeada Sesi\u00f3n Preparatoria celebrada este mediod\u00eda, el bloque que responde al gobernador Alberto...\" \/>\n<meta property=\"og:url\" content=\"https:\/\/apuntesdesanluis.com\/index.php\/2023\/12\/05\/fallo-el-manazo-el-oficialismo-no-pudo-quedarse-con-el-tercer-lugar-de-la-sucesion-provincial\/\" \/>\n<meta property=\"og:site_name\" content=\"Apuntes de San Luis\" \/>\n<meta property=\"article:published_time\" content=\"2023-12-06T00:52:12+00:00\" \/>\n<meta property=\"article:modified_time\" content=\"2023-12-06T03:48:59+00:00\" \/>\n<meta property=\"og:image\" content=\"https:\/\/apuntesdesanluis.com\/wp-content\/uploads\/2023\/12\/camara-vacia.png\" \/>\n\t<meta property=\"og:image:width\" content=\"750\" \/>\n\t<meta property=\"og:image:height\" content=\"386\" \/>\n\t<meta property=\"og:image:type\" content=\"image\/png\" \/>\n<meta name=\"author\" content=\"apuntesdesanluis.com\" \/>\n<meta name=\"twitter:card\" content=\"summary_large_image\" \/>\n<meta name=\"twitter:label1\" content=\"Escrito por\" \/>\n\t<meta name=\"twitter:data1\" content=\"apuntesdesanluis.com\" \/>\n\t<meta name=\"twitter:label2\" content=\"Tiempo de lectura\" \/>\n\t<meta name=\"twitter:data2\" content=\"7 minutos\" \/>\n<script type=\"application\/ld+json\" class=\"yoast-schema-graph\">{\"@context\":\"https:\/\/schema.org\",\"@graph\":[{\"@type\":\"Article\",\"@id\":\"https:\/\/apuntesdesanluis.com\/index.php\/2023\/12\/05\/fallo-el-manazo-el-oficialismo-no-pudo-quedarse-con-el-tercer-lugar-de-la-sucesion-provincial\/#article\",\"isPartOf\":{\"@id\":\"https:\/\/apuntesdesanluis.com\/index.php\/2023\/12\/05\/fallo-el-manazo-el-oficialismo-no-pudo-quedarse-con-el-tercer-lugar-de-la-sucesion-provincial\/\"},\"author\":{\"name\":\"apuntesdesanluis.com\",\"@id\":\"https:\/\/apuntesdesanluis.com\/#\/schema\/person\/b55151d52296fcce64d1a72538a70b90\"},\"headline\":\"FALL\u00d3 EL MANAZO: EL OFICIALISMO NO PUDO QUEDARSE CON EL TERCER LUGAR DE LA SUCESI\u00d3N PROVINCIAL\",\"datePublished\":\"2023-12-06T00:52:12+00:00\",\"dateModified\":\"2023-12-06T03:48:59+00:00\",\"mainEntityOfPage\":{\"@id\":\"https:\/\/apuntesdesanluis.com\/index.php\/2023\/12\/05\/fallo-el-manazo-el-oficialismo-no-pudo-quedarse-con-el-tercer-lugar-de-la-sucesion-provincial\/\"},\"wordCount\":1247,\"publisher\":{\"@id\":\"https:\/\/apuntesdesanluis.com\/#\/schema\/person\/b55151d52296fcce64d1a72538a70b90\"},\"image\":{\"@id\":\"https:\/\/apuntesdesanluis.com\/index.php\/2023\/12\/05\/fallo-el-manazo-el-oficialismo-no-pudo-quedarse-con-el-tercer-lugar-de-la-sucesion-provincial\/#primaryimage\"},\"thumbnailUrl\":\"https:\/\/apuntesdesanluis.com\/wp-content\/uploads\/2023\/12\/camara-vacia.png\",\"articleSection\":[\"Ciudad\/Provincia\"],\"inLanguage\":\"es-AR\"},{\"@type\":\"WebPage\",\"@id\":\"https:\/\/apuntesdesanluis.com\/index.php\/2023\/12\/05\/fallo-el-manazo-el-oficialismo-no-pudo-quedarse-con-el-tercer-lugar-de-la-sucesion-provincial\/\",\"url\":\"https:\/\/apuntesdesanluis.com\/index.php\/2023\/12\/05\/fallo-el-manazo-el-oficialismo-no-pudo-quedarse-con-el-tercer-lugar-de-la-sucesion-provincial\/\",\"name\":\"FALL\u00d3 EL MANAZO: EL OFICIALISMO NO PUDO QUEDARSE CON EL TERCER LUGAR DE LA SUCESI\u00d3N PROVINCIAL - Apuntes de San Luis\",\"isPartOf\":{\"@id\":\"https:\/\/apuntesdesanluis.com\/#website\"},\"primaryImageOfPage\":{\"@id\":\"https:\/\/apuntesdesanluis.com\/index.php\/2023\/12\/05\/fallo-el-manazo-el-oficialismo-no-pudo-quedarse-con-el-tercer-lugar-de-la-sucesion-provincial\/#primaryimage\"},\"image\":{\"@id\":\"https:\/\/apuntesdesanluis.com\/index.php\/2023\/12\/05\/fallo-el-manazo-el-oficialismo-no-pudo-quedarse-con-el-tercer-lugar-de-la-sucesion-provincial\/#primaryimage\"},\"thumbnailUrl\":\"https:\/\/apuntesdesanluis.com\/wp-content\/uploads\/2023\/12\/camara-vacia.png\",\"datePublished\":\"2023-12-06T00:52:12+00:00\",\"dateModified\":\"2023-12-06T03:48:59+00:00\",\"breadcrumb\":{\"@id\":\"https:\/\/apuntesdesanluis.com\/index.php\/2023\/12\/05\/fallo-el-manazo-el-oficialismo-no-pudo-quedarse-con-el-tercer-lugar-de-la-sucesion-provincial\/#breadcrumb\"},\"inLanguage\":\"es-AR\",\"potentialAction\":[{\"@type\":\"ReadAction\",\"target\":[\"https:\/\/apuntesdesanluis.com\/index.php\/2023\/12\/05\/fallo-el-manazo-el-oficialismo-no-pudo-quedarse-con-el-tercer-lugar-de-la-sucesion-provincial\/\"]}]},{\"@type\":\"ImageObject\",\"inLanguage\":\"es-AR\",\"@id\":\"https:\/\/apuntesdesanluis.com\/index.php\/2023\/12\/05\/fallo-el-manazo-el-oficialismo-no-pudo-quedarse-con-el-tercer-lugar-de-la-sucesion-provincial\/#primaryimage\",\"url\":\"https:\/\/apuntesdesanluis.com\/wp-content\/uploads\/2023\/12\/camara-vacia.png\",\"contentUrl\":\"https:\/\/apuntesdesanluis.com\/wp-content\/uploads\/2023\/12\/camara-vacia.png\",\"width\":750,\"height\":386},{\"@type\":\"BreadcrumbList\",\"@id\":\"https:\/\/apuntesdesanluis.com\/index.php\/2023\/12\/05\/fallo-el-manazo-el-oficialismo-no-pudo-quedarse-con-el-tercer-lugar-de-la-sucesion-provincial\/#breadcrumb\",\"itemListElement\":[{\"@type\":\"ListItem\",\"position\":1,\"name\":\"Inicio\",\"item\":\"https:\/\/apuntesdesanluis.com\/\"},{\"@type\":\"ListItem\",\"position\":2,\"name\":\"FALL\u00d3 EL MANAZO: EL OFICIALISMO NO PUDO QUEDARSE CON EL TERCER LUGAR DE LA SUCESI\u00d3N PROVINCIAL\"}]},{\"@type\":\"WebSite\",\"@id\":\"https:\/\/apuntesdesanluis.com\/#website\",\"url\":\"https:\/\/apuntesdesanluis.com\/\",\"name\":\"Apuntes de San Luis\",\"description\":\"\",\"publisher\":{\"@id\":\"https:\/\/apuntesdesanluis.com\/#\/schema\/person\/b55151d52296fcce64d1a72538a70b90\"},\"potentialAction\":[{\"@type\":\"SearchAction\",\"target\":{\"@type\":\"EntryPoint\",\"urlTemplate\":\"https:\/\/apuntesdesanluis.com\/?s={search_term_string}\"},\"query-input\":{\"@type\":\"PropertyValueSpecification\",\"valueRequired\":true,\"valueName\":\"search_term_string\"}}],\"inLanguage\":\"es-AR\"},{\"@type\":[\"Person\",\"Organization\"],\"@id\":\"https:\/\/apuntesdesanluis.com\/#\/schema\/person\/b55151d52296fcce64d1a72538a70b90\",\"name\":\"apuntesdesanluis.com\",\"image\":{\"@type\":\"ImageObject\",\"inLanguage\":\"es-AR\",\"@id\":\"https:\/\/apuntesdesanluis.com\/#\/schema\/person\/image\/\",\"url\":\"https:\/\/apuntesdesanluis.com\/wp-content\/uploads\/2023\/07\/cropped-apuntesdesanluis.png\",\"contentUrl\":\"https:\/\/apuntesdesanluis.com\/wp-content\/uploads\/2023\/07\/cropped-apuntesdesanluis.png\",\"width\":450,\"height\":112,\"caption\":\"apuntesdesanluis.com\"},\"logo\":{\"@id\":\"https:\/\/apuntesdesanluis.com\/#\/schema\/person\/image\/\"},\"sameAs\":[\"https:\/\/apuntesdesanluis.com\"],\"url\":\"https:\/\/apuntesdesanluis.com\/index.php\/author\/apuntesdesanluis-com\/\"}]}<\/script>\n<!-- \/ Yoast SEO plugin. -->","yoast_head_json":{"title":"FALL\u00d3 EL MANAZO: EL OFICIALISMO NO PUDO QUEDARSE CON EL TERCER LUGAR DE LA SUCESI\u00d3N PROVINCIAL - Apuntes de San Luis","robots":{"index":"index","follow":"follow","max-snippet":"max-snippet:-1","max-image-preview":"max-image-preview:large","max-video-preview":"max-video-preview:-1"},"canonical":"https:\/\/apuntesdesanluis.com\/index.php\/2023\/12\/05\/fallo-el-manazo-el-oficialismo-no-pudo-quedarse-con-el-tercer-lugar-de-la-sucesion-provincial\/","og_locale":"es_ES","og_type":"article","og_title":"FALL\u00d3 EL MANAZO: EL OFICIALISMO NO PUDO QUEDARSE CON EL TERCER LUGAR DE LA SUCESI\u00d3N PROVINCIAL - Apuntes de San Luis","og_description":"En una caldeada Sesi\u00f3n Preparatoria celebrada este mediod\u00eda, el bloque que responde al gobernador Alberto...","og_url":"https:\/\/apuntesdesanluis.com\/index.php\/2023\/12\/05\/fallo-el-manazo-el-oficialismo-no-pudo-quedarse-con-el-tercer-lugar-de-la-sucesion-provincial\/","og_site_name":"Apuntes de San Luis","article_published_time":"2023-12-06T00:52:12+00:00","article_modified_time":"2023-12-06T03:48:59+00:00","og_image":[{"width":750,"height":386,"url":"https:\/\/apuntesdesanluis.com\/wp-content\/uploads\/2023\/12\/camara-vacia.png","type":"image\/png"}],"author":"apuntesdesanluis.com","twitter_card":"summary_large_image","twitter_misc":{"Escrito por":"apuntesdesanluis.com","Tiempo de lectura":"7 minutos"},"schema":{"@context":"https:\/\/schema.org","@graph":[{"@type":"Article","@id":"https:\/\/apuntesdesanluis.com\/index.php\/2023\/12\/05\/fallo-el-manazo-el-oficialismo-no-pudo-quedarse-con-el-tercer-lugar-de-la-sucesion-provincial\/#article","isPartOf":{"@id":"https:\/\/apuntesdesanluis.com\/index.php\/2023\/12\/05\/fallo-el-manazo-el-oficialismo-no-pudo-quedarse-con-el-tercer-lugar-de-la-sucesion-provincial\/"},"author":{"name":"apuntesdesanluis.com","@id":"https:\/\/apuntesdesanluis.com\/#\/schema\/person\/b55151d52296fcce64d1a72538a70b90"},"headline":"FALL\u00d3 EL MANAZO: EL OFICIALISMO NO PUDO QUEDARSE CON EL TERCER LUGAR DE LA SUCESI\u00d3N PROVINCIAL","datePublished":"2023-12-06T00:52:12+00:00","dateModified":"2023-12-06T03:48:59+00:00","mainEntityOfPage":{"@id":"https:\/\/apuntesdesanluis.com\/index.php\/2023\/12\/05\/fallo-el-manazo-el-oficialismo-no-pudo-quedarse-con-el-tercer-lugar-de-la-sucesion-provincial\/"},"wordCount":1247,"publisher":{"@id":"https:\/\/apuntesdesanluis.com\/#\/schema\/person\/b55151d52296fcce64d1a72538a70b90"},"image":{"@id":"https:\/\/apuntesdesanluis.com\/index.php\/2023\/12\/05\/fallo-el-manazo-el-oficialismo-no-pudo-quedarse-con-el-tercer-lugar-de-la-sucesion-provincial\/#primaryimage"},"thumbnailUrl":"https:\/\/apuntesdesanluis.com\/wp-content\/uploads\/2023\/12\/camara-vacia.png","articleSection":["Ciudad\/Provincia"],"inLanguage":"es-AR"},{"@type":"WebPage","@id":"https:\/\/apuntesdesanluis.com\/index.php\/2023\/12\/05\/fallo-el-manazo-el-oficialismo-no-pudo-quedarse-con-el-tercer-lugar-de-la-sucesion-provincial\/","url":"https:\/\/apuntesdesanluis.com\/index.php\/2023\/12\/05\/fallo-el-manazo-el-oficialismo-no-pudo-quedarse-con-el-tercer-lugar-de-la-sucesion-provincial\/","name":"FALL\u00d3 EL MANAZO: EL OFICIALISMO NO PUDO QUEDARSE CON EL TERCER LUGAR DE LA SUCESI\u00d3N PROVINCIAL - Apuntes de San Luis","isPartOf":{"@id":"https:\/\/apuntesdesanluis.com\/#website"},"primaryImageOfPage":{"@id":"https:\/\/apuntesdesanluis.com\/index.php\/2023\/12\/05\/fallo-el-manazo-el-oficialismo-no-pudo-quedarse-con-el-tercer-lugar-de-la-sucesion-provincial\/#primaryimage"},"image":{"@id":"https:\/\/apuntesdesanluis.com\/index.php\/2023\/12\/05\/fallo-el-manazo-el-oficialismo-no-pudo-quedarse-con-el-tercer-lugar-de-la-sucesion-provincial\/#primaryimage"},"thumbnailUrl":"https:\/\/apuntesdesanluis.com\/wp-content\/uploads\/2023\/12\/camara-vacia.png","datePublished":"2023-12-06T00:52:12+00:00","dateModified":"2023-12-06T03:48:59+00:00","breadcrumb":{"@id":"https:\/\/apuntesdesanluis.com\/index.php\/2023\/12\/05\/fallo-el-manazo-el-oficialismo-no-pudo-quedarse-con-el-tercer-lugar-de-la-sucesion-provincial\/#breadcrumb"},"inLanguage":"es-AR","potentialAction":[{"@type":"ReadAction","target":["https:\/\/apuntesdesanluis.com\/index.php\/2023\/12\/05\/fallo-el-manazo-el-oficialismo-no-pudo-quedarse-con-el-tercer-lugar-de-la-sucesion-provincial\/"]}]},{"@type":"ImageObject","inLanguage":"es-AR","@id":"https:\/\/apuntesdesanluis.com\/index.php\/2023\/12\/05\/fallo-el-manazo-el-oficialismo-no-pudo-quedarse-con-el-tercer-lugar-de-la-sucesion-provincial\/#primaryimage","url":"https:\/\/apuntesdesanluis.com\/wp-content\/uploads\/2023\/12\/camara-vacia.png","contentUrl":"https:\/\/apuntesdesanluis.com\/wp-content\/uploads\/2023\/12\/camara-vacia.png","width":750,"height":386},{"@type":"BreadcrumbList","@id":"https:\/\/apuntesdesanluis.com\/index.php\/2023\/12\/05\/fallo-el-manazo-el-oficialismo-no-pudo-quedarse-con-el-tercer-lugar-de-la-sucesion-provincial\/#breadcrumb","itemListElement":[{"@type":"ListItem","position":1,"name":"Inicio","item":"https:\/\/apuntesdesanluis.com\/"},{"@type":"ListItem","position":2,"name":"FALL\u00d3 EL MANAZO: EL OFICIALISMO NO PUDO QUEDARSE CON EL TERCER LUGAR DE LA SUCESI\u00d3N PROVINCIAL"}]},{"@type":"WebSite","@id":"https:\/\/apuntesdesanluis.com\/#website","url":"https:\/\/apuntesdesanluis.com\/","name":"Apuntes de San Luis","description":"","publisher":{"@id":"https:\/\/apuntesdesanluis.com\/#\/schema\/person\/b55151d52296fcce64d1a72538a70b90"},"potentialAction":[{"@type":"SearchAction","target":{"@type":"EntryPoint","urlTemplate":"https:\/\/apuntesdesanluis.com\/?s={search_term_string}"},"query-input":{"@type":"PropertyValueSpecification","valueRequired":true,"valueName":"search_term_string"}}],"inLanguage":"es-AR"},{"@type":["Person","Organization"],"@id":"https:\/\/apuntesdesanluis.com\/#\/schema\/person\/b55151d52296fcce64d1a72538a70b90","name":"apuntesdesanluis.com","image":{"@type":"ImageObject","inLanguage":"es-AR","@id":"https:\/\/apuntesdesanluis.com\/#\/schema\/person\/image\/","url":"https:\/\/apuntesdesanluis.com\/wp-content\/uploads\/2023\/07\/cropped-apuntesdesanluis.png","contentUrl":"https:\/\/apuntesdesanluis.com\/wp-content\/uploads\/2023\/07\/cropped-apuntesdesanluis.png","width":450,"height":112,"caption":"apuntesdesanluis.com"},"logo":{"@id":"https:\/\/apuntesdesanluis.com\/#\/schema\/person\/image\/"},"sameAs":["https:\/\/apuntesdesanluis.com"],"url":"https:\/\/apuntesdesanluis.com\/index.php\/author\/apuntesdesanluis-com\/"}]}},"featured_image_urls":{"full":["https:\/\/apuntesdesanluis.com\/wp-content\/uploads\/2023\/12\/camara-vacia.png",750,386,false],"thumbnail":["https:\/\/apuntesdesanluis.com\/wp-content\/uploads\/2023\/12\/camara-vacia-150x150.png",150,150,true],"medium":["https:\/\/apuntesdesanluis.com\/wp-content\/uploads\/2023\/12\/camara-vacia-300x154.png",300,154,true],"medium_large":["https:\/\/apuntesdesanluis.com\/wp-content\/uploads\/2023\/12\/camara-vacia.png",640,329,false],"large":["https:\/\/apuntesdesanluis.com\/wp-content\/uploads\/2023\/12\/camara-vacia.png",640,329,false],"1536x1536":["https:\/\/apuntesdesanluis.com\/wp-content\/uploads\/2023\/12\/camara-vacia.png",750,386,false],"2048x2048":["https:\/\/apuntesdesanluis.com\/wp-content\/uploads\/2023\/12\/camara-vacia.png",750,386,false],"newsever-slider-full":["https:\/\/apuntesdesanluis.com\/wp-content\/uploads\/2023\/12\/camara-vacia.png",750,386,false],"newsever-featured":["https:\/\/apuntesdesanluis.com\/wp-content\/uploads\/2023\/12\/camara-vacia.png",750,386,false],"newsever-medium":["https:\/\/apuntesdesanluis.com\/wp-content\/uploads\/2023\/12\/camara-vacia-720x386.png",720,386,true]},"author_info":{"display_name":"apuntesdesanluis.com","author_link":"https:\/\/apuntesdesanluis.com\/index.php\/author\/apuntesdesanluis-com\/"},"category_info":"<a href=\"https:\/\/apuntesdesanluis.com\/index.php\/category\/ciudad-provincia\/\" rel=\"category tag\">Ciudad\/Provincia<\/a>","tag_info":"Ciudad\/Provincia","comment_count":"0","_links":{"self":[{"href":"https:\/\/apuntesdesanluis.com\/index.php\/wp-json\/wp\/v2\/posts\/7877","targetHints":{"allow":["GET"]}}],"collection":[{"href":"https:\/\/apuntesdesanluis.com\/index.php\/wp-json\/wp\/v2\/posts"}],"about":[{"href":"https:\/\/apuntesdesanluis.com\/index.php\/wp-json\/wp\/v2\/types\/post"}],"author":[{"embeddable":true,"href":"https:\/\/apuntesdesanluis.com\/index.php\/wp-json\/wp\/v2\/users\/1"}],"replies":[{"embeddable":true,"href":"https:\/\/apuntesdesanluis.com\/index.php\/wp-json\/wp\/v2\/comments?post=7877"}],"version-history":[{"count":16,"href":"https:\/\/apuntesdesanluis.com\/index.php\/wp-json\/wp\/v2\/posts\/7877\/revisions"}],"predecessor-version":[{"id":7927,"href":"https:\/\/apuntesdesanluis.com\/index.php\/wp-json\/wp\/v2\/posts\/7877\/revisions\/7927"}],"wp:featuredmedia":[{"embeddable":true,"href":"https:\/\/apuntesdesanluis.com\/index.php\/wp-json\/wp\/v2\/media\/7878"}],"wp:attachment":[{"href":"https:\/\/apuntesdesanluis.com\/index.php\/wp-json\/wp\/v2\/media?parent=7877"}],"wp:term":[{"taxonomy":"category","embeddable":true,"href":"https:\/\/apuntesdesanluis.com\/index.php\/wp-json\/wp\/v2\/categories?post=7877"},{"taxonomy":"post_tag","embeddable":true,"href":"https:\/\/apuntesdesanluis.com\/index.php\/wp-json\/wp\/v2\/tags?post=7877"}],"curies":[{"name":"wp","href":"https:\/\/api.w.org\/{rel}","templated":true}]}}