{"id":789,"date":"2023-07-31T21:16:39","date_gmt":"2023-08-01T00:16:39","guid":{"rendered":"https:\/\/apuntesdesanluis.com\/?p=789"},"modified":"2023-08-01T07:39:17","modified_gmt":"2023-08-01T10:39:17","slug":"una-multitud-se-manifesto-en-san-luis-en-repudio-al-gobierno-paralelo-de-alberto-rodriguez-saa","status":"publish","type":"post","link":"https:\/\/apuntesdesanluis.com\/index.php\/2023\/07\/31\/una-multitud-se-manifesto-en-san-luis-en-repudio-al-gobierno-paralelo-de-alberto-rodriguez-saa\/","title":{"rendered":"UNA MULTITUD SE MANIFEST\u00d3 EN SAN LUIS EN REPUDIO AL \u201cGOBIERNO PARALELO\u201d DE ALBERTO RODR\u00cdGUEZ SA\u00c1"},"content":{"rendered":"<h3>Miles de personas participaron este lunes por la tarde de la manifestaci\u00f3n en Plaza Pringles, convocada por el lema <strong>Cambia San Luis<\/strong>, en contra de las \u00faltimas medidas que viene adoptando el oficialismo provincial, con numerosas designaciones en diferentes \u00e1reas del Estado provincial que, para la oposici\u00f3n, representa una maniobra dirigida a conformar un &#8220;gobierno paralelo a partir del 10 de diciembre&#8221;.<\/h3>\n<h3><em>&#8220;\u00a1Basta, San Luis ya eligi\u00f3 cambiar!&#8221;<\/em>, rez\u00f3 la inmensa pancarta que fue el motivo de la convocatoria opositora, un d\u00eda antes que se re\u00fana la Asamblea Legislativa para nombrar al nuevo Defensor del Pueblo de la provincia, el ex intendente <strong>Enrique Ponce<\/strong>, y designar a los integrantes del Tribunal de Cuentas de la provincia.<\/h3>\n<h3>Pocos minutos antes de las 17:00 h la esquina de avenida Illia y calle San Mart\u00edn, en el centro capitalino, comenz\u00f3 a recibir a cientos de dirigentes, militantes y simpatizantes dispuestos a expresar su rechazo al accionar del gobernador Alberto Rodr\u00edguez Sa\u00e1, respecto a los nombramientos de jueces, fiscales y funcionarios p\u00fablicos en las c\u00e1maras legislativas y en el ejecutivo provincial.<\/h3>\n<h3>La protesta fue encabezada por el gobernador y el vicegobernador electos, Claudio Poggi y Ricardo Endeiza<strong>; los<\/strong> intendentes electos de la ciudad Capital, <strong>Gast\u00f3n Hissa<\/strong>, y de Merlo, <strong>Juan \u00c1lvarez Pinto<\/strong>; legisladores, representantes de los diferentes espacios pol\u00edticos que conforman Cambia San Luis, miembros de instituciones intermedias y p\u00fablico en general.<\/h3>\n<p><img fetchpriority=\"high\" decoding=\"async\" class=\"wp-image-795 aligncenter\" src=\"https:\/\/apuntesdesanluis.com\/wp-content\/uploads\/2023\/07\/Imagen-de-WhatsApp-2023-07-31-a-las-18.28.36-300x190.jpg\" alt=\"\" width=\"651\" height=\"412\" srcset=\"https:\/\/apuntesdesanluis.com\/wp-content\/uploads\/2023\/07\/Imagen-de-WhatsApp-2023-07-31-a-las-18.28.36-300x190.jpg 300w, https:\/\/apuntesdesanluis.com\/wp-content\/uploads\/2023\/07\/Imagen-de-WhatsApp-2023-07-31-a-las-18.28.36.jpg 695w\" sizes=\"(max-width: 651px) 100vw, 651px\" \/><\/p>\n<h3>Portando bombos y pancartas, las principales consignas de la movilizaci\u00f3n fueron \u201cMarchamos para defender el cambio que votamos, el futuro que elegimos\u201d, \u201cNO al gobierno paralelo\u201d y \u201cno permitiremos que nos condenen a la pobreza y la desesperanza\u201d, \u201cFuera los \u00f1oquis\u201d, entre otras.<\/h3>\n<h3>Tras recorrer el microcentro y recibir el respaldo de miles de vecinos, Poggi dirigi\u00f3 un mensaje a los sanluise\u00f1os. Les asegur\u00f3 que gobernar\u00e1 para &#8220;generar trabajo y combatir la pobreza&#8221; y transmiti\u00f3 la tranquilidad de que luchar\u00e1 para \u201cdefender los derechos de la ciudadan\u00eda e impedir el Gobierno paralelo que pretende Alberto Rodr\u00edguez Sa\u00e1\u201d.<\/h3>\n<h3>\u201cEl pueblo de San Luis se ha congregado en esta marcha pac\u00edfica, en esta plaza para decir basta. El pueblo ha salido a la calle para decir basta. El pueblo se manifiesta a trav\u00e9s de las redes sociales para decir basta Alberto Rodr\u00edguez Sa\u00e1\u201d, comenz\u00f3 diciendo en su discurso.<\/h3>\n<p><img decoding=\"async\" class=\"wp-image-791 aligncenter\" src=\"https:\/\/apuntesdesanluis.com\/wp-content\/uploads\/2023\/07\/marcha-publico-300x187.png\" alt=\"\" width=\"642\" height=\"400\" srcset=\"https:\/\/apuntesdesanluis.com\/wp-content\/uploads\/2023\/07\/marcha-publico-300x187.png 300w, https:\/\/apuntesdesanluis.com\/wp-content\/uploads\/2023\/07\/marcha-publico.png 677w\" sizes=\"(max-width: 642px) 100vw, 642px\" \/><\/p>\n<h3>Frente a la Iglesia Catedral, rechaz\u00f3 las acciones de la gesti\u00f3n actual: \u201cBasta de querer dejarnos m\u00e1s pobreza, de alterar la paz social, de alterarnos el futuro queriendo formar un Gobierno paralelo, de no respetar la voluntad popular, de las actitudes antidemocr\u00e1ticas, de tomar medidas destructivas perjudicando a todo San Luis\u201d, enfatiz\u00f3.<\/h3>\n<h3>\u201cGobernador Alberto Rodr\u00edguez Sa\u00e1 usted perdi\u00f3. El pueblo eligi\u00f3 cambiar, le guste o no le guste\u201d, asever\u00f3 el primer mandatario electo.<\/h3>\n<h3>Poggi reflexion\u00f3 en que a 40 a\u00f1os de la recuperaci\u00f3n de la democracia los sanluise\u00f1os est\u00e1n \u201cexigiendo el respeto a la voluntad popular. No queremos cogobernar. No nos corresponde. El gobernador de San Luis va a gobernar hasta el 9 de diciembre a las 24 horas. Un minuto despu\u00e9s se va y con \u00e9l todos los funcionarios\u201d, sostuvo.<\/h3>\n<h3>En otro segmento describio la realidad de San Luis, \u201cdonde los ni\u00f1os tienen hambre, mientras Rodr\u00edguez Sa\u00e1 est\u00e1 al cuidado de privilegios. Tenemos muchos chicos que esta noche no tienen nada para comer. Padres angustiados por no tener trabajo y esa es nuestra prioridad. No son los privilegios que el gobernador quiere mantener despu\u00e9s del 10 de diciembre\u201d, cuestion\u00f3.<\/h3>\n<h3>El mandatario electo adem\u00e1s se dirigi\u00f3 directamente a Rodr\u00edguez Sa\u00e1 y los legisladores oficialistas: \u201cDejese de joder gobernador. Respete al pueblo. Diputados, senadores que representan al gobernador, \u00bfno se les cae la cara de verg\u00fcenza de dictar leyes para estar despu\u00e9s del 10 de diciembre en guaridas y aguantaderos con sueldos millonarios?\u201d.<\/h3>\n<p><img decoding=\"async\" class=\"wp-image-792 aligncenter\" src=\"https:\/\/apuntesdesanluis.com\/wp-content\/uploads\/2023\/07\/marcha-noquis-300x195.png\" alt=\"\" width=\"657\" height=\"427\" srcset=\"https:\/\/apuntesdesanluis.com\/wp-content\/uploads\/2023\/07\/marcha-noquis-300x195.png 300w, https:\/\/apuntesdesanluis.com\/wp-content\/uploads\/2023\/07\/marcha-noquis.png 663w\" sizes=\"(max-width: 657px) 100vw, 657px\" \/><\/p>\n<h3>\u201cNo sean caraduras. Recapaciten. No se inmolen caraduras\u201d, reclam\u00f3 y advirti\u00f3 a los funcionarios de que \u201cvan a tener que responder por su patrimonio personal y por los gastos\u201d.<\/h3>\n<h3>\u201cNo vamos a permitir que nos roben el futuro. Vamos a pelear con u\u00f1as, dientes y la Constituci\u00f3n en la mano. No hay m\u00e1s gobernador para los amigos. Se viene el gobernador para todos. Y aqu\u00ed hay un pueblo de pie, orgulloso y erguido que va a defender la Constituci\u00f3n\u201d, cerr\u00f3.<\/h3>\n<p><iframe title=\"31 de julio de 2023\" width=\"640\" height=\"360\" src=\"https:\/\/www.youtube.com\/embed\/r18nSM6Zyvg?feature=oembed\" frameborder=\"0\" allow=\"accelerometer; autoplay; clipboard-write; encrypted-media; gyroscope; picture-in-picture; web-share\" referrerpolicy=\"strict-origin-when-cross-origin\" allowfullscreen><\/iframe><\/p>\n<h4><em>(Agradecimiento a El Chorrillero y Fabi\u00e1n N\u00fa\u00f1ez por las im\u00e1genes)<\/em><\/h4>\n","protected":false},"excerpt":{"rendered":"<p>Miles de personas participaron este lunes por la tarde de la manifestaci\u00f3n en Plaza Pringles,&#8230;<\/p>\n","protected":false},"author":1,"featured_media":790,"comment_status":"closed","ping_status":"closed","sticky":false,"template":"","format":"standard","meta":{"footnotes":""},"categories":[6],"tags":[],"class_list":["post-789","post","type-post","status-publish","format-standard","has-post-thumbnail","hentry","category-ciudad-provincia"],"yoast_head":"<!-- This site is optimized with the Yoast SEO plugin v26.1.1 - https:\/\/yoast.com\/wordpress\/plugins\/seo\/ -->\n<title>UNA MULTITUD SE MANIFEST\u00d3 EN SAN LUIS EN REPUDIO AL \u201cGOBIERNO PARALELO\u201d DE ALBERTO RODR\u00cdGUEZ SA\u00c1 - Apuntes de San Luis<\/title>\n<meta name=\"robots\" content=\"index, follow, max-snippet:-1, max-image-preview:large, max-video-preview:-1\" \/>\n<link rel=\"canonical\" href=\"https:\/\/apuntesdesanluis.com\/index.php\/2023\/07\/31\/una-multitud-se-manifesto-en-san-luis-en-repudio-al-gobierno-paralelo-de-alberto-rodriguez-saa\/\" \/>\n<meta property=\"og:locale\" content=\"es_ES\" \/>\n<meta property=\"og:type\" content=\"article\" \/>\n<meta property=\"og:title\" content=\"UNA MULTITUD SE MANIFEST\u00d3 EN SAN LUIS EN REPUDIO AL \u201cGOBIERNO PARALELO\u201d DE ALBERTO RODR\u00cdGUEZ SA\u00c1 - Apuntes de San Luis\" \/>\n<meta property=\"og:description\" content=\"Miles de personas participaron este lunes por la tarde de la manifestaci\u00f3n en Plaza Pringles,...\" \/>\n<meta property=\"og:url\" content=\"https:\/\/apuntesdesanluis.com\/index.php\/2023\/07\/31\/una-multitud-se-manifesto-en-san-luis-en-repudio-al-gobierno-paralelo-de-alberto-rodriguez-saa\/\" \/>\n<meta property=\"og:site_name\" content=\"Apuntes de San Luis\" \/>\n<meta property=\"article:published_time\" content=\"2023-08-01T00:16:39+00:00\" \/>\n<meta property=\"article:modified_time\" content=\"2023-08-01T10:39:17+00:00\" \/>\n<meta property=\"og:image\" content=\"https:\/\/apuntesdesanluis.com\/wp-content\/uploads\/2023\/07\/marcha-tapa.png\" \/>\n\t<meta property=\"og:image:width\" content=\"1097\" \/>\n\t<meta property=\"og:image:height\" content=\"648\" \/>\n\t<meta property=\"og:image:type\" content=\"image\/png\" \/>\n<meta name=\"author\" content=\"apuntesdesanluis.com\" \/>\n<meta name=\"twitter:card\" content=\"summary_large_image\" \/>\n<meta name=\"twitter:label1\" content=\"Escrito por\" \/>\n\t<meta name=\"twitter:data1\" content=\"apuntesdesanluis.com\" \/>\n\t<meta name=\"twitter:label2\" content=\"Tiempo de lectura\" \/>\n\t<meta name=\"twitter:data2\" content=\"4 minutos\" \/>\n<script type=\"application\/ld+json\" class=\"yoast-schema-graph\">{\"@context\":\"https:\/\/schema.org\",\"@graph\":[{\"@type\":\"Article\",\"@id\":\"https:\/\/apuntesdesanluis.com\/index.php\/2023\/07\/31\/una-multitud-se-manifesto-en-san-luis-en-repudio-al-gobierno-paralelo-de-alberto-rodriguez-saa\/#article\",\"isPartOf\":{\"@id\":\"https:\/\/apuntesdesanluis.com\/index.php\/2023\/07\/31\/una-multitud-se-manifesto-en-san-luis-en-repudio-al-gobierno-paralelo-de-alberto-rodriguez-saa\/\"},\"author\":{\"name\":\"apuntesdesanluis.com\",\"@id\":\"https:\/\/apuntesdesanluis.com\/#\/schema\/person\/b55151d52296fcce64d1a72538a70b90\"},\"headline\":\"UNA MULTITUD SE MANIFEST\u00d3 EN SAN LUIS EN REPUDIO AL \u201cGOBIERNO PARALELO\u201d DE ALBERTO RODR\u00cdGUEZ SA\u00c1\",\"datePublished\":\"2023-08-01T00:16:39+00:00\",\"dateModified\":\"2023-08-01T10:39:17+00:00\",\"mainEntityOfPage\":{\"@id\":\"https:\/\/apuntesdesanluis.com\/index.php\/2023\/07\/31\/una-multitud-se-manifesto-en-san-luis-en-repudio-al-gobierno-paralelo-de-alberto-rodriguez-saa\/\"},\"wordCount\":765,\"publisher\":{\"@id\":\"https:\/\/apuntesdesanluis.com\/#\/schema\/person\/b55151d52296fcce64d1a72538a70b90\"},\"image\":{\"@id\":\"https:\/\/apuntesdesanluis.com\/index.php\/2023\/07\/31\/una-multitud-se-manifesto-en-san-luis-en-repudio-al-gobierno-paralelo-de-alberto-rodriguez-saa\/#primaryimage\"},\"thumbnailUrl\":\"https:\/\/apuntesdesanluis.com\/wp-content\/uploads\/2023\/07\/marcha-tapa.png\",\"articleSection\":[\"Ciudad\/Provincia\"],\"inLanguage\":\"es-AR\"},{\"@type\":\"WebPage\",\"@id\":\"https:\/\/apuntesdesanluis.com\/index.php\/2023\/07\/31\/una-multitud-se-manifesto-en-san-luis-en-repudio-al-gobierno-paralelo-de-alberto-rodriguez-saa\/\",\"url\":\"https:\/\/apuntesdesanluis.com\/index.php\/2023\/07\/31\/una-multitud-se-manifesto-en-san-luis-en-repudio-al-gobierno-paralelo-de-alberto-rodriguez-saa\/\",\"name\":\"UNA MULTITUD SE MANIFEST\u00d3 EN SAN LUIS EN REPUDIO AL \u201cGOBIERNO PARALELO\u201d DE ALBERTO RODR\u00cdGUEZ SA\u00c1 - Apuntes de San Luis\",\"isPartOf\":{\"@id\":\"https:\/\/apuntesdesanluis.com\/#website\"},\"primaryImageOfPage\":{\"@id\":\"https:\/\/apuntesdesanluis.com\/index.php\/2023\/07\/31\/una-multitud-se-manifesto-en-san-luis-en-repudio-al-gobierno-paralelo-de-alberto-rodriguez-saa\/#primaryimage\"},\"image\":{\"@id\":\"https:\/\/apuntesdesanluis.com\/index.php\/2023\/07\/31\/una-multitud-se-manifesto-en-san-luis-en-repudio-al-gobierno-paralelo-de-alberto-rodriguez-saa\/#primaryimage\"},\"thumbnailUrl\":\"https:\/\/apuntesdesanluis.com\/wp-content\/uploads\/2023\/07\/marcha-tapa.png\",\"datePublished\":\"2023-08-01T00:16:39+00:00\",\"dateModified\":\"2023-08-01T10:39:17+00:00\",\"breadcrumb\":{\"@id\":\"https:\/\/apuntesdesanluis.com\/index.php\/2023\/07\/31\/una-multitud-se-manifesto-en-san-luis-en-repudio-al-gobierno-paralelo-de-alberto-rodriguez-saa\/#breadcrumb\"},\"inLanguage\":\"es-AR\",\"potentialAction\":[{\"@type\":\"ReadAction\",\"target\":[\"https:\/\/apuntesdesanluis.com\/index.php\/2023\/07\/31\/una-multitud-se-manifesto-en-san-luis-en-repudio-al-gobierno-paralelo-de-alberto-rodriguez-saa\/\"]}]},{\"@type\":\"ImageObject\",\"inLanguage\":\"es-AR\",\"@id\":\"https:\/\/apuntesdesanluis.com\/index.php\/2023\/07\/31\/una-multitud-se-manifesto-en-san-luis-en-repudio-al-gobierno-paralelo-de-alberto-rodriguez-saa\/#primaryimage\",\"url\":\"https:\/\/apuntesdesanluis.com\/wp-content\/uploads\/2023\/07\/marcha-tapa.png\",\"contentUrl\":\"https:\/\/apuntesdesanluis.com\/wp-content\/uploads\/2023\/07\/marcha-tapa.png\",\"width\":1097,\"height\":648},{\"@type\":\"BreadcrumbList\",\"@id\":\"https:\/\/apuntesdesanluis.com\/index.php\/2023\/07\/31\/una-multitud-se-manifesto-en-san-luis-en-repudio-al-gobierno-paralelo-de-alberto-rodriguez-saa\/#breadcrumb\",\"itemListElement\":[{\"@type\":\"ListItem\",\"position\":1,\"name\":\"Inicio\",\"item\":\"https:\/\/apuntesdesanluis.com\/\"},{\"@type\":\"ListItem\",\"position\":2,\"name\":\"UNA MULTITUD SE MANIFEST\u00d3 EN SAN LUIS EN REPUDIO AL \u201cGOBIERNO PARALELO\u201d DE ALBERTO RODR\u00cdGUEZ SA\u00c1\"}]},{\"@type\":\"WebSite\",\"@id\":\"https:\/\/apuntesdesanluis.com\/#website\",\"url\":\"https:\/\/apuntesdesanluis.com\/\",\"name\":\"Apuntes de San Luis\",\"description\":\"\",\"publisher\":{\"@id\":\"https:\/\/apuntesdesanluis.com\/#\/schema\/person\/b55151d52296fcce64d1a72538a70b90\"},\"potentialAction\":[{\"@type\":\"SearchAction\",\"target\":{\"@type\":\"EntryPoint\",\"urlTemplate\":\"https:\/\/apuntesdesanluis.com\/?s={search_term_string}\"},\"query-input\":{\"@type\":\"PropertyValueSpecification\",\"valueRequired\":true,\"valueName\":\"search_term_string\"}}],\"inLanguage\":\"es-AR\"},{\"@type\":[\"Person\",\"Organization\"],\"@id\":\"https:\/\/apuntesdesanluis.com\/#\/schema\/person\/b55151d52296fcce64d1a72538a70b90\",\"name\":\"apuntesdesanluis.com\",\"image\":{\"@type\":\"ImageObject\",\"inLanguage\":\"es-AR\",\"@id\":\"https:\/\/apuntesdesanluis.com\/#\/schema\/person\/image\/\",\"url\":\"https:\/\/apuntesdesanluis.com\/wp-content\/uploads\/2023\/07\/cropped-apuntesdesanluis.png\",\"contentUrl\":\"https:\/\/apuntesdesanluis.com\/wp-content\/uploads\/2023\/07\/cropped-apuntesdesanluis.png\",\"width\":450,\"height\":112,\"caption\":\"apuntesdesanluis.com\"},\"logo\":{\"@id\":\"https:\/\/apuntesdesanluis.com\/#\/schema\/person\/image\/\"},\"sameAs\":[\"https:\/\/apuntesdesanluis.com\"],\"url\":\"https:\/\/apuntesdesanluis.com\/index.php\/author\/apuntesdesanluis-com\/\"}]}<\/script>\n<!-- \/ Yoast SEO plugin. -->","yoast_head_json":{"title":"UNA MULTITUD SE MANIFEST\u00d3 EN SAN LUIS EN REPUDIO AL \u201cGOBIERNO PARALELO\u201d DE ALBERTO RODR\u00cdGUEZ SA\u00c1 - Apuntes de San Luis","robots":{"index":"index","follow":"follow","max-snippet":"max-snippet:-1","max-image-preview":"max-image-preview:large","max-video-preview":"max-video-preview:-1"},"canonical":"https:\/\/apuntesdesanluis.com\/index.php\/2023\/07\/31\/una-multitud-se-manifesto-en-san-luis-en-repudio-al-gobierno-paralelo-de-alberto-rodriguez-saa\/","og_locale":"es_ES","og_type":"article","og_title":"UNA MULTITUD SE MANIFEST\u00d3 EN SAN LUIS EN REPUDIO AL \u201cGOBIERNO PARALELO\u201d DE ALBERTO RODR\u00cdGUEZ SA\u00c1 - Apuntes de San Luis","og_description":"Miles de personas participaron este lunes por la tarde de la manifestaci\u00f3n en Plaza Pringles,...","og_url":"https:\/\/apuntesdesanluis.com\/index.php\/2023\/07\/31\/una-multitud-se-manifesto-en-san-luis-en-repudio-al-gobierno-paralelo-de-alberto-rodriguez-saa\/","og_site_name":"Apuntes de San Luis","article_published_time":"2023-08-01T00:16:39+00:00","article_modified_time":"2023-08-01T10:39:17+00:00","og_image":[{"width":1097,"height":648,"url":"https:\/\/apuntesdesanluis.com\/wp-content\/uploads\/2023\/07\/marcha-tapa.png","type":"image\/png"}],"author":"apuntesdesanluis.com","twitter_card":"summary_large_image","twitter_misc":{"Escrito por":"apuntesdesanluis.com","Tiempo de lectura":"4 minutos"},"schema":{"@context":"https:\/\/schema.org","@graph":[{"@type":"Article","@id":"https:\/\/apuntesdesanluis.com\/index.php\/2023\/07\/31\/una-multitud-se-manifesto-en-san-luis-en-repudio-al-gobierno-paralelo-de-alberto-rodriguez-saa\/#article","isPartOf":{"@id":"https:\/\/apuntesdesanluis.com\/index.php\/2023\/07\/31\/una-multitud-se-manifesto-en-san-luis-en-repudio-al-gobierno-paralelo-de-alberto-rodriguez-saa\/"},"author":{"name":"apuntesdesanluis.com","@id":"https:\/\/apuntesdesanluis.com\/#\/schema\/person\/b55151d52296fcce64d1a72538a70b90"},"headline":"UNA MULTITUD SE MANIFEST\u00d3 EN SAN LUIS EN REPUDIO AL \u201cGOBIERNO PARALELO\u201d DE ALBERTO RODR\u00cdGUEZ SA\u00c1","datePublished":"2023-08-01T00:16:39+00:00","dateModified":"2023-08-01T10:39:17+00:00","mainEntityOfPage":{"@id":"https:\/\/apuntesdesanluis.com\/index.php\/2023\/07\/31\/una-multitud-se-manifesto-en-san-luis-en-repudio-al-gobierno-paralelo-de-alberto-rodriguez-saa\/"},"wordCount":765,"publisher":{"@id":"https:\/\/apuntesdesanluis.com\/#\/schema\/person\/b55151d52296fcce64d1a72538a70b90"},"image":{"@id":"https:\/\/apuntesdesanluis.com\/index.php\/2023\/07\/31\/una-multitud-se-manifesto-en-san-luis-en-repudio-al-gobierno-paralelo-de-alberto-rodriguez-saa\/#primaryimage"},"thumbnailUrl":"https:\/\/apuntesdesanluis.com\/wp-content\/uploads\/2023\/07\/marcha-tapa.png","articleSection":["Ciudad\/Provincia"],"inLanguage":"es-AR"},{"@type":"WebPage","@id":"https:\/\/apuntesdesanluis.com\/index.php\/2023\/07\/31\/una-multitud-se-manifesto-en-san-luis-en-repudio-al-gobierno-paralelo-de-alberto-rodriguez-saa\/","url":"https:\/\/apuntesdesanluis.com\/index.php\/2023\/07\/31\/una-multitud-se-manifesto-en-san-luis-en-repudio-al-gobierno-paralelo-de-alberto-rodriguez-saa\/","name":"UNA MULTITUD SE MANIFEST\u00d3 EN SAN LUIS EN REPUDIO AL \u201cGOBIERNO PARALELO\u201d DE ALBERTO RODR\u00cdGUEZ SA\u00c1 - Apuntes de San Luis","isPartOf":{"@id":"https:\/\/apuntesdesanluis.com\/#website"},"primaryImageOfPage":{"@id":"https:\/\/apuntesdesanluis.com\/index.php\/2023\/07\/31\/una-multitud-se-manifesto-en-san-luis-en-repudio-al-gobierno-paralelo-de-alberto-rodriguez-saa\/#primaryimage"},"image":{"@id":"https:\/\/apuntesdesanluis.com\/index.php\/2023\/07\/31\/una-multitud-se-manifesto-en-san-luis-en-repudio-al-gobierno-paralelo-de-alberto-rodriguez-saa\/#primaryimage"},"thumbnailUrl":"https:\/\/apuntesdesanluis.com\/wp-content\/uploads\/2023\/07\/marcha-tapa.png","datePublished":"2023-08-01T00:16:39+00:00","dateModified":"2023-08-01T10:39:17+00:00","breadcrumb":{"@id":"https:\/\/apuntesdesanluis.com\/index.php\/2023\/07\/31\/una-multitud-se-manifesto-en-san-luis-en-repudio-al-gobierno-paralelo-de-alberto-rodriguez-saa\/#breadcrumb"},"inLanguage":"es-AR","potentialAction":[{"@type":"ReadAction","target":["https:\/\/apuntesdesanluis.com\/index.php\/2023\/07\/31\/una-multitud-se-manifesto-en-san-luis-en-repudio-al-gobierno-paralelo-de-alberto-rodriguez-saa\/"]}]},{"@type":"ImageObject","inLanguage":"es-AR","@id":"https:\/\/apuntesdesanluis.com\/index.php\/2023\/07\/31\/una-multitud-se-manifesto-en-san-luis-en-repudio-al-gobierno-paralelo-de-alberto-rodriguez-saa\/#primaryimage","url":"https:\/\/apuntesdesanluis.com\/wp-content\/uploads\/2023\/07\/marcha-tapa.png","contentUrl":"https:\/\/apuntesdesanluis.com\/wp-content\/uploads\/2023\/07\/marcha-tapa.png","width":1097,"height":648},{"@type":"BreadcrumbList","@id":"https:\/\/apuntesdesanluis.com\/index.php\/2023\/07\/31\/una-multitud-se-manifesto-en-san-luis-en-repudio-al-gobierno-paralelo-de-alberto-rodriguez-saa\/#breadcrumb","itemListElement":[{"@type":"ListItem","position":1,"name":"Inicio","item":"https:\/\/apuntesdesanluis.com\/"},{"@type":"ListItem","position":2,"name":"UNA MULTITUD SE MANIFEST\u00d3 EN SAN LUIS EN REPUDIO AL \u201cGOBIERNO PARALELO\u201d DE ALBERTO RODR\u00cdGUEZ SA\u00c1"}]},{"@type":"WebSite","@id":"https:\/\/apuntesdesanluis.com\/#website","url":"https:\/\/apuntesdesanluis.com\/","name":"Apuntes de San Luis","description":"","publisher":{"@id":"https:\/\/apuntesdesanluis.com\/#\/schema\/person\/b55151d52296fcce64d1a72538a70b90"},"potentialAction":[{"@type":"SearchAction","target":{"@type":"EntryPoint","urlTemplate":"https:\/\/apuntesdesanluis.com\/?s={search_term_string}"},"query-input":{"@type":"PropertyValueSpecification","valueRequired":true,"valueName":"search_term_string"}}],"inLanguage":"es-AR"},{"@type":["Person","Organization"],"@id":"https:\/\/apuntesdesanluis.com\/#\/schema\/person\/b55151d52296fcce64d1a72538a70b90","name":"apuntesdesanluis.com","image":{"@type":"ImageObject","inLanguage":"es-AR","@id":"https:\/\/apuntesdesanluis.com\/#\/schema\/person\/image\/","url":"https:\/\/apuntesdesanluis.com\/wp-content\/uploads\/2023\/07\/cropped-apuntesdesanluis.png","contentUrl":"https:\/\/apuntesdesanluis.com\/wp-content\/uploads\/2023\/07\/cropped-apuntesdesanluis.png","width":450,"height":112,"caption":"apuntesdesanluis.com"},"logo":{"@id":"https:\/\/apuntesdesanluis.com\/#\/schema\/person\/image\/"},"sameAs":["https:\/\/apuntesdesanluis.com"],"url":"https:\/\/apuntesdesanluis.com\/index.php\/author\/apuntesdesanluis-com\/"}]}},"featured_image_urls":{"full":["https:\/\/apuntesdesanluis.com\/wp-content\/uploads\/2023\/07\/marcha-tapa.png",1097,648,false],"thumbnail":["https:\/\/apuntesdesanluis.com\/wp-content\/uploads\/2023\/07\/marcha-tapa-150x150.png",150,150,true],"medium":["https:\/\/apuntesdesanluis.com\/wp-content\/uploads\/2023\/07\/marcha-tapa-300x177.png",300,177,true],"medium_large":["https:\/\/apuntesdesanluis.com\/wp-content\/uploads\/2023\/07\/marcha-tapa-768x454.png",640,378,true],"large":["https:\/\/apuntesdesanluis.com\/wp-content\/uploads\/2023\/07\/marcha-tapa-1024x605.png",640,378,true],"1536x1536":["https:\/\/apuntesdesanluis.com\/wp-content\/uploads\/2023\/07\/marcha-tapa.png",1097,648,false],"2048x2048":["https:\/\/apuntesdesanluis.com\/wp-content\/uploads\/2023\/07\/marcha-tapa.png",1097,648,false],"newsever-slider-full":["https:\/\/apuntesdesanluis.com\/wp-content\/uploads\/2023\/07\/marcha-tapa.png",1097,648,false],"newsever-featured":["https:\/\/apuntesdesanluis.com\/wp-content\/uploads\/2023\/07\/marcha-tapa-1024x605.png",1024,605,true],"newsever-medium":["https:\/\/apuntesdesanluis.com\/wp-content\/uploads\/2023\/07\/marcha-tapa-720x475.png",720,475,true]},"author_info":{"display_name":"apuntesdesanluis.com","author_link":"https:\/\/apuntesdesanluis.com\/index.php\/author\/apuntesdesanluis-com\/"},"category_info":"<a href=\"https:\/\/apuntesdesanluis.com\/index.php\/category\/ciudad-provincia\/\" rel=\"category tag\">Ciudad\/Provincia<\/a>","tag_info":"Ciudad\/Provincia","comment_count":"0","_links":{"self":[{"href":"https:\/\/apuntesdesanluis.com\/index.php\/wp-json\/wp\/v2\/posts\/789","targetHints":{"allow":["GET"]}}],"collection":[{"href":"https:\/\/apuntesdesanluis.com\/index.php\/wp-json\/wp\/v2\/posts"}],"about":[{"href":"https:\/\/apuntesdesanluis.com\/index.php\/wp-json\/wp\/v2\/types\/post"}],"author":[{"embeddable":true,"href":"https:\/\/apuntesdesanluis.com\/index.php\/wp-json\/wp\/v2\/users\/1"}],"replies":[{"embeddable":true,"href":"https:\/\/apuntesdesanluis.com\/index.php\/wp-json\/wp\/v2\/comments?post=789"}],"version-history":[{"count":6,"href":"https:\/\/apuntesdesanluis.com\/index.php\/wp-json\/wp\/v2\/posts\/789\/revisions"}],"predecessor-version":[{"id":809,"href":"https:\/\/apuntesdesanluis.com\/index.php\/wp-json\/wp\/v2\/posts\/789\/revisions\/809"}],"wp:featuredmedia":[{"embeddable":true,"href":"https:\/\/apuntesdesanluis.com\/index.php\/wp-json\/wp\/v2\/media\/790"}],"wp:attachment":[{"href":"https:\/\/apuntesdesanluis.com\/index.php\/wp-json\/wp\/v2\/media?parent=789"}],"wp:term":[{"taxonomy":"category","embeddable":true,"href":"https:\/\/apuntesdesanluis.com\/index.php\/wp-json\/wp\/v2\/categories?post=789"},{"taxonomy":"post_tag","embeddable":true,"href":"https:\/\/apuntesdesanluis.com\/index.php\/wp-json\/wp\/v2\/tags?post=789"}],"curies":[{"name":"wp","href":"https:\/\/api.w.org\/{rel}","templated":true}]}}