{"id":7895,"date":"2023-12-05T22:45:19","date_gmt":"2023-12-06T01:45:19","guid":{"rendered":"https:\/\/apuntesdesanluis.com\/?p=7895"},"modified":"2023-12-05T22:45:19","modified_gmt":"2023-12-06T01:45:19","slug":"juzgan-al-cuarto-acusado-en-una-causa-por-robo-en-el-shopping-san-luis","status":"publish","type":"post","link":"https:\/\/apuntesdesanluis.com\/index.php\/2023\/12\/05\/juzgan-al-cuarto-acusado-en-una-causa-por-robo-en-el-shopping-san-luis\/","title":{"rendered":"JUZGAN AL CUARTO ACUSADO EN UNA CAUSA POR ROBO EN EL SHOPPING SAN LUIS"},"content":{"rendered":"<h3>Leonel Alejandro Sosa comenz\u00f3 a ser juzgado este martes por los jueces de la C\u00e1mara Penal N\u00ba 2 Residual de la ciudad de San Luis, en la causa que investiga el robo a un local de hamburguesas que funciona en el Shopping San Luis, ocurrido el 3 de febrero de 2019. El imputado de 26 a\u00f1os enfrenta dos acusaciones m\u00e1s: por abuso de armas y tenencia ilegal de arma de fuego de uso civil.<\/h3>\n<h3>De acuerdo a la denuncia, el hecho sucedi\u00f3 cerca de las 2:45 de la madrugada. Ese d\u00eda, los empleados del Burger King culminaban su jornada laboral cuando cuatro personas armadas ingresaron al local a cara cubierta, redujeron a los empleados y se llevaron $9.000 y elementos personales de los trabajadores. Semanas despu\u00e9s, entre febrero y marzo del 2019, fueron detenidos cinco personas: <strong>Javier G\u00f3mez, Lucas Amaya, Carlos L\u00f3pez, Julio Arce<\/strong> y <strong>Sosa<\/strong>.<\/h3>\n<h3>A Amaya le dictaron la falta de m\u00e9rito y G\u00f3mez, en julio de 2022 y mediante juicio abreviado, fue condenado a cuatro a\u00f1os y seis meses de prisi\u00f3n por los delitos de robo calificado por ser en poblado y en banda, en grado de tentativa, en perjuicio de Tom\u00e1s Peralta, en concurso real con el delito de robo doblemente calificado por el uso de arma de fuego cuya aptitud para el disparo no pudo tenerse por acreditada y por ser en poblado y en banda, en perjuicio de la empresa Burguer King.<\/h3>\n<h3>Arce, por su parte, accedi\u00f3 en noviembre al beneficio de la suspensi\u00f3n de juicio a prueba y se le impuso el pago de una suma de dinero a abonarse en doce pagos y la obligaci\u00f3n de realizar tareas comunitarias en una iglesia de la ciudad capital; mientras que L\u00f3pez, que hab\u00eda solicitado mediante el Defensor Oficial el mismo beneficio, fue declarado en rebeld\u00eda y se orden\u00f3 su inmediata detenci\u00f3n.<\/h3>\n<h3>Sosa llega al debate oral privado de su libertad y enfrenta tres pedidos de condena: 10 a\u00f1os de prisi\u00f3n por la causa de robo calificado en poblado y en banda; 1 a\u00f1o y 6 meses por la causa abuso de arma y 8 meses m\u00e1s el pago de una multa por la \u00faltima acusaci\u00f3n, la de tenencia de armas. Es representado por el abogado defensor H\u00e9ctor Zavala Ag\u00fcero mientras que en la Fiscal\u00eda de Juicio act\u00faa Fernando Rodr\u00edguez.<\/h3>\n<p>&nbsp;<\/p>\n<p>&nbsp;<\/p>\n<p>&nbsp;<\/p>\n<p>&nbsp;<\/p>\n","protected":false},"excerpt":{"rendered":"<p>Leonel Alejandro Sosa comenz\u00f3 a ser juzgado este martes por los jueces de la C\u00e1mara&#8230;<\/p>\n","protected":false},"author":1,"featured_media":7896,"comment_status":"closed","ping_status":"closed","sticky":false,"template":"","format":"standard","meta":{"footnotes":""},"categories":[6],"tags":[],"class_list":["post-7895","post","type-post","status-publish","format-standard","has-post-thumbnail","hentry","category-ciudad-provincia"],"yoast_head":"<!-- This site is optimized with the Yoast SEO plugin v26.1.1 - https:\/\/yoast.com\/wordpress\/plugins\/seo\/ -->\n<title>JUZGAN AL CUARTO ACUSADO EN UNA CAUSA POR ROBO EN EL SHOPPING SAN LUIS - Apuntes de San Luis<\/title>\n<meta name=\"robots\" content=\"index, follow, max-snippet:-1, max-image-preview:large, max-video-preview:-1\" \/>\n<link rel=\"canonical\" href=\"https:\/\/apuntesdesanluis.com\/index.php\/2023\/12\/05\/juzgan-al-cuarto-acusado-en-una-causa-por-robo-en-el-shopping-san-luis\/\" \/>\n<meta property=\"og:locale\" content=\"es_ES\" \/>\n<meta property=\"og:type\" content=\"article\" \/>\n<meta property=\"og:title\" content=\"JUZGAN AL CUARTO ACUSADO EN UNA CAUSA POR ROBO EN EL SHOPPING SAN LUIS - Apuntes de San Luis\" \/>\n<meta property=\"og:description\" content=\"Leonel Alejandro Sosa comenz\u00f3 a ser juzgado este martes por los jueces de la C\u00e1mara...\" \/>\n<meta property=\"og:url\" content=\"https:\/\/apuntesdesanluis.com\/index.php\/2023\/12\/05\/juzgan-al-cuarto-acusado-en-una-causa-por-robo-en-el-shopping-san-luis\/\" \/>\n<meta property=\"og:site_name\" content=\"Apuntes de San Luis\" \/>\n<meta property=\"article:published_time\" content=\"2023-12-06T01:45:19+00:00\" \/>\n<meta property=\"og:image\" content=\"https:\/\/apuntesdesanluis.com\/wp-content\/uploads\/2023\/12\/juicio.png\" \/>\n\t<meta property=\"og:image:width\" content=\"600\" \/>\n\t<meta property=\"og:image:height\" content=\"334\" \/>\n\t<meta property=\"og:image:type\" content=\"image\/png\" \/>\n<meta name=\"author\" content=\"apuntesdesanluis.com\" \/>\n<meta name=\"twitter:card\" content=\"summary_large_image\" \/>\n<meta name=\"twitter:label1\" content=\"Escrito por\" \/>\n\t<meta name=\"twitter:data1\" content=\"apuntesdesanluis.com\" \/>\n\t<meta name=\"twitter:label2\" content=\"Tiempo de lectura\" \/>\n\t<meta name=\"twitter:data2\" content=\"2 minutos\" \/>\n<script type=\"application\/ld+json\" class=\"yoast-schema-graph\">{\"@context\":\"https:\/\/schema.org\",\"@graph\":[{\"@type\":\"Article\",\"@id\":\"https:\/\/apuntesdesanluis.com\/index.php\/2023\/12\/05\/juzgan-al-cuarto-acusado-en-una-causa-por-robo-en-el-shopping-san-luis\/#article\",\"isPartOf\":{\"@id\":\"https:\/\/apuntesdesanluis.com\/index.php\/2023\/12\/05\/juzgan-al-cuarto-acusado-en-una-causa-por-robo-en-el-shopping-san-luis\/\"},\"author\":{\"name\":\"apuntesdesanluis.com\",\"@id\":\"https:\/\/apuntesdesanluis.com\/#\/schema\/person\/b55151d52296fcce64d1a72538a70b90\"},\"headline\":\"JUZGAN AL CUARTO ACUSADO EN UNA CAUSA POR ROBO EN EL SHOPPING SAN LUIS\",\"datePublished\":\"2023-12-06T01:45:19+00:00\",\"mainEntityOfPage\":{\"@id\":\"https:\/\/apuntesdesanluis.com\/index.php\/2023\/12\/05\/juzgan-al-cuarto-acusado-en-una-causa-por-robo-en-el-shopping-san-luis\/\"},\"wordCount\":419,\"publisher\":{\"@id\":\"https:\/\/apuntesdesanluis.com\/#\/schema\/person\/b55151d52296fcce64d1a72538a70b90\"},\"image\":{\"@id\":\"https:\/\/apuntesdesanluis.com\/index.php\/2023\/12\/05\/juzgan-al-cuarto-acusado-en-una-causa-por-robo-en-el-shopping-san-luis\/#primaryimage\"},\"thumbnailUrl\":\"https:\/\/apuntesdesanluis.com\/wp-content\/uploads\/2023\/12\/juicio.png\",\"articleSection\":[\"Ciudad\/Provincia\"],\"inLanguage\":\"es-AR\"},{\"@type\":\"WebPage\",\"@id\":\"https:\/\/apuntesdesanluis.com\/index.php\/2023\/12\/05\/juzgan-al-cuarto-acusado-en-una-causa-por-robo-en-el-shopping-san-luis\/\",\"url\":\"https:\/\/apuntesdesanluis.com\/index.php\/2023\/12\/05\/juzgan-al-cuarto-acusado-en-una-causa-por-robo-en-el-shopping-san-luis\/\",\"name\":\"JUZGAN AL CUARTO ACUSADO EN UNA CAUSA POR ROBO EN EL SHOPPING SAN LUIS - Apuntes de San Luis\",\"isPartOf\":{\"@id\":\"https:\/\/apuntesdesanluis.com\/#website\"},\"primaryImageOfPage\":{\"@id\":\"https:\/\/apuntesdesanluis.com\/index.php\/2023\/12\/05\/juzgan-al-cuarto-acusado-en-una-causa-por-robo-en-el-shopping-san-luis\/#primaryimage\"},\"image\":{\"@id\":\"https:\/\/apuntesdesanluis.com\/index.php\/2023\/12\/05\/juzgan-al-cuarto-acusado-en-una-causa-por-robo-en-el-shopping-san-luis\/#primaryimage\"},\"thumbnailUrl\":\"https:\/\/apuntesdesanluis.com\/wp-content\/uploads\/2023\/12\/juicio.png\",\"datePublished\":\"2023-12-06T01:45:19+00:00\",\"breadcrumb\":{\"@id\":\"https:\/\/apuntesdesanluis.com\/index.php\/2023\/12\/05\/juzgan-al-cuarto-acusado-en-una-causa-por-robo-en-el-shopping-san-luis\/#breadcrumb\"},\"inLanguage\":\"es-AR\",\"potentialAction\":[{\"@type\":\"ReadAction\",\"target\":[\"https:\/\/apuntesdesanluis.com\/index.php\/2023\/12\/05\/juzgan-al-cuarto-acusado-en-una-causa-por-robo-en-el-shopping-san-luis\/\"]}]},{\"@type\":\"ImageObject\",\"inLanguage\":\"es-AR\",\"@id\":\"https:\/\/apuntesdesanluis.com\/index.php\/2023\/12\/05\/juzgan-al-cuarto-acusado-en-una-causa-por-robo-en-el-shopping-san-luis\/#primaryimage\",\"url\":\"https:\/\/apuntesdesanluis.com\/wp-content\/uploads\/2023\/12\/juicio.png\",\"contentUrl\":\"https:\/\/apuntesdesanluis.com\/wp-content\/uploads\/2023\/12\/juicio.png\",\"width\":600,\"height\":334},{\"@type\":\"BreadcrumbList\",\"@id\":\"https:\/\/apuntesdesanluis.com\/index.php\/2023\/12\/05\/juzgan-al-cuarto-acusado-en-una-causa-por-robo-en-el-shopping-san-luis\/#breadcrumb\",\"itemListElement\":[{\"@type\":\"ListItem\",\"position\":1,\"name\":\"Inicio\",\"item\":\"https:\/\/apuntesdesanluis.com\/\"},{\"@type\":\"ListItem\",\"position\":2,\"name\":\"JUZGAN AL CUARTO ACUSADO EN UNA CAUSA POR ROBO EN EL SHOPPING SAN LUIS\"}]},{\"@type\":\"WebSite\",\"@id\":\"https:\/\/apuntesdesanluis.com\/#website\",\"url\":\"https:\/\/apuntesdesanluis.com\/\",\"name\":\"Apuntes de San Luis\",\"description\":\"\",\"publisher\":{\"@id\":\"https:\/\/apuntesdesanluis.com\/#\/schema\/person\/b55151d52296fcce64d1a72538a70b90\"},\"potentialAction\":[{\"@type\":\"SearchAction\",\"target\":{\"@type\":\"EntryPoint\",\"urlTemplate\":\"https:\/\/apuntesdesanluis.com\/?s={search_term_string}\"},\"query-input\":{\"@type\":\"PropertyValueSpecification\",\"valueRequired\":true,\"valueName\":\"search_term_string\"}}],\"inLanguage\":\"es-AR\"},{\"@type\":[\"Person\",\"Organization\"],\"@id\":\"https:\/\/apuntesdesanluis.com\/#\/schema\/person\/b55151d52296fcce64d1a72538a70b90\",\"name\":\"apuntesdesanluis.com\",\"image\":{\"@type\":\"ImageObject\",\"inLanguage\":\"es-AR\",\"@id\":\"https:\/\/apuntesdesanluis.com\/#\/schema\/person\/image\/\",\"url\":\"https:\/\/apuntesdesanluis.com\/wp-content\/uploads\/2023\/07\/cropped-apuntesdesanluis.png\",\"contentUrl\":\"https:\/\/apuntesdesanluis.com\/wp-content\/uploads\/2023\/07\/cropped-apuntesdesanluis.png\",\"width\":450,\"height\":112,\"caption\":\"apuntesdesanluis.com\"},\"logo\":{\"@id\":\"https:\/\/apuntesdesanluis.com\/#\/schema\/person\/image\/\"},\"sameAs\":[\"https:\/\/apuntesdesanluis.com\"],\"url\":\"https:\/\/apuntesdesanluis.com\/index.php\/author\/apuntesdesanluis-com\/\"}]}<\/script>\n<!-- \/ Yoast SEO plugin. -->","yoast_head_json":{"title":"JUZGAN AL CUARTO ACUSADO EN UNA CAUSA POR ROBO EN EL SHOPPING SAN LUIS - Apuntes de San Luis","robots":{"index":"index","follow":"follow","max-snippet":"max-snippet:-1","max-image-preview":"max-image-preview:large","max-video-preview":"max-video-preview:-1"},"canonical":"https:\/\/apuntesdesanluis.com\/index.php\/2023\/12\/05\/juzgan-al-cuarto-acusado-en-una-causa-por-robo-en-el-shopping-san-luis\/","og_locale":"es_ES","og_type":"article","og_title":"JUZGAN AL CUARTO ACUSADO EN UNA CAUSA POR ROBO EN EL SHOPPING SAN LUIS - Apuntes de San Luis","og_description":"Leonel Alejandro Sosa comenz\u00f3 a ser juzgado este martes por los jueces de la C\u00e1mara...","og_url":"https:\/\/apuntesdesanluis.com\/index.php\/2023\/12\/05\/juzgan-al-cuarto-acusado-en-una-causa-por-robo-en-el-shopping-san-luis\/","og_site_name":"Apuntes de San Luis","article_published_time":"2023-12-06T01:45:19+00:00","og_image":[{"width":600,"height":334,"url":"https:\/\/apuntesdesanluis.com\/wp-content\/uploads\/2023\/12\/juicio.png","type":"image\/png"}],"author":"apuntesdesanluis.com","twitter_card":"summary_large_image","twitter_misc":{"Escrito por":"apuntesdesanluis.com","Tiempo de lectura":"2 minutos"},"schema":{"@context":"https:\/\/schema.org","@graph":[{"@type":"Article","@id":"https:\/\/apuntesdesanluis.com\/index.php\/2023\/12\/05\/juzgan-al-cuarto-acusado-en-una-causa-por-robo-en-el-shopping-san-luis\/#article","isPartOf":{"@id":"https:\/\/apuntesdesanluis.com\/index.php\/2023\/12\/05\/juzgan-al-cuarto-acusado-en-una-causa-por-robo-en-el-shopping-san-luis\/"},"author":{"name":"apuntesdesanluis.com","@id":"https:\/\/apuntesdesanluis.com\/#\/schema\/person\/b55151d52296fcce64d1a72538a70b90"},"headline":"JUZGAN AL CUARTO ACUSADO EN UNA CAUSA POR ROBO EN EL SHOPPING SAN LUIS","datePublished":"2023-12-06T01:45:19+00:00","mainEntityOfPage":{"@id":"https:\/\/apuntesdesanluis.com\/index.php\/2023\/12\/05\/juzgan-al-cuarto-acusado-en-una-causa-por-robo-en-el-shopping-san-luis\/"},"wordCount":419,"publisher":{"@id":"https:\/\/apuntesdesanluis.com\/#\/schema\/person\/b55151d52296fcce64d1a72538a70b90"},"image":{"@id":"https:\/\/apuntesdesanluis.com\/index.php\/2023\/12\/05\/juzgan-al-cuarto-acusado-en-una-causa-por-robo-en-el-shopping-san-luis\/#primaryimage"},"thumbnailUrl":"https:\/\/apuntesdesanluis.com\/wp-content\/uploads\/2023\/12\/juicio.png","articleSection":["Ciudad\/Provincia"],"inLanguage":"es-AR"},{"@type":"WebPage","@id":"https:\/\/apuntesdesanluis.com\/index.php\/2023\/12\/05\/juzgan-al-cuarto-acusado-en-una-causa-por-robo-en-el-shopping-san-luis\/","url":"https:\/\/apuntesdesanluis.com\/index.php\/2023\/12\/05\/juzgan-al-cuarto-acusado-en-una-causa-por-robo-en-el-shopping-san-luis\/","name":"JUZGAN AL CUARTO ACUSADO EN UNA CAUSA POR ROBO EN EL SHOPPING SAN LUIS - Apuntes de San Luis","isPartOf":{"@id":"https:\/\/apuntesdesanluis.com\/#website"},"primaryImageOfPage":{"@id":"https:\/\/apuntesdesanluis.com\/index.php\/2023\/12\/05\/juzgan-al-cuarto-acusado-en-una-causa-por-robo-en-el-shopping-san-luis\/#primaryimage"},"image":{"@id":"https:\/\/apuntesdesanluis.com\/index.php\/2023\/12\/05\/juzgan-al-cuarto-acusado-en-una-causa-por-robo-en-el-shopping-san-luis\/#primaryimage"},"thumbnailUrl":"https:\/\/apuntesdesanluis.com\/wp-content\/uploads\/2023\/12\/juicio.png","datePublished":"2023-12-06T01:45:19+00:00","breadcrumb":{"@id":"https:\/\/apuntesdesanluis.com\/index.php\/2023\/12\/05\/juzgan-al-cuarto-acusado-en-una-causa-por-robo-en-el-shopping-san-luis\/#breadcrumb"},"inLanguage":"es-AR","potentialAction":[{"@type":"ReadAction","target":["https:\/\/apuntesdesanluis.com\/index.php\/2023\/12\/05\/juzgan-al-cuarto-acusado-en-una-causa-por-robo-en-el-shopping-san-luis\/"]}]},{"@type":"ImageObject","inLanguage":"es-AR","@id":"https:\/\/apuntesdesanluis.com\/index.php\/2023\/12\/05\/juzgan-al-cuarto-acusado-en-una-causa-por-robo-en-el-shopping-san-luis\/#primaryimage","url":"https:\/\/apuntesdesanluis.com\/wp-content\/uploads\/2023\/12\/juicio.png","contentUrl":"https:\/\/apuntesdesanluis.com\/wp-content\/uploads\/2023\/12\/juicio.png","width":600,"height":334},{"@type":"BreadcrumbList","@id":"https:\/\/apuntesdesanluis.com\/index.php\/2023\/12\/05\/juzgan-al-cuarto-acusado-en-una-causa-por-robo-en-el-shopping-san-luis\/#breadcrumb","itemListElement":[{"@type":"ListItem","position":1,"name":"Inicio","item":"https:\/\/apuntesdesanluis.com\/"},{"@type":"ListItem","position":2,"name":"JUZGAN AL CUARTO ACUSADO EN UNA CAUSA POR ROBO EN EL SHOPPING SAN LUIS"}]},{"@type":"WebSite","@id":"https:\/\/apuntesdesanluis.com\/#website","url":"https:\/\/apuntesdesanluis.com\/","name":"Apuntes de San Luis","description":"","publisher":{"@id":"https:\/\/apuntesdesanluis.com\/#\/schema\/person\/b55151d52296fcce64d1a72538a70b90"},"potentialAction":[{"@type":"SearchAction","target":{"@type":"EntryPoint","urlTemplate":"https:\/\/apuntesdesanluis.com\/?s={search_term_string}"},"query-input":{"@type":"PropertyValueSpecification","valueRequired":true,"valueName":"search_term_string"}}],"inLanguage":"es-AR"},{"@type":["Person","Organization"],"@id":"https:\/\/apuntesdesanluis.com\/#\/schema\/person\/b55151d52296fcce64d1a72538a70b90","name":"apuntesdesanluis.com","image":{"@type":"ImageObject","inLanguage":"es-AR","@id":"https:\/\/apuntesdesanluis.com\/#\/schema\/person\/image\/","url":"https:\/\/apuntesdesanluis.com\/wp-content\/uploads\/2023\/07\/cropped-apuntesdesanluis.png","contentUrl":"https:\/\/apuntesdesanluis.com\/wp-content\/uploads\/2023\/07\/cropped-apuntesdesanluis.png","width":450,"height":112,"caption":"apuntesdesanluis.com"},"logo":{"@id":"https:\/\/apuntesdesanluis.com\/#\/schema\/person\/image\/"},"sameAs":["https:\/\/apuntesdesanluis.com"],"url":"https:\/\/apuntesdesanluis.com\/index.php\/author\/apuntesdesanluis-com\/"}]}},"featured_image_urls":{"full":["https:\/\/apuntesdesanluis.com\/wp-content\/uploads\/2023\/12\/juicio.png",600,334,false],"thumbnail":["https:\/\/apuntesdesanluis.com\/wp-content\/uploads\/2023\/12\/juicio-150x150.png",150,150,true],"medium":["https:\/\/apuntesdesanluis.com\/wp-content\/uploads\/2023\/12\/juicio-300x167.png",300,167,true],"medium_large":["https:\/\/apuntesdesanluis.com\/wp-content\/uploads\/2023\/12\/juicio.png",600,334,false],"large":["https:\/\/apuntesdesanluis.com\/wp-content\/uploads\/2023\/12\/juicio.png",600,334,false],"1536x1536":["https:\/\/apuntesdesanluis.com\/wp-content\/uploads\/2023\/12\/juicio.png",600,334,false],"2048x2048":["https:\/\/apuntesdesanluis.com\/wp-content\/uploads\/2023\/12\/juicio.png",600,334,false],"newsever-slider-full":["https:\/\/apuntesdesanluis.com\/wp-content\/uploads\/2023\/12\/juicio.png",600,334,false],"newsever-featured":["https:\/\/apuntesdesanluis.com\/wp-content\/uploads\/2023\/12\/juicio.png",600,334,false],"newsever-medium":["https:\/\/apuntesdesanluis.com\/wp-content\/uploads\/2023\/12\/juicio.png",600,334,false]},"author_info":{"display_name":"apuntesdesanluis.com","author_link":"https:\/\/apuntesdesanluis.com\/index.php\/author\/apuntesdesanluis-com\/"},"category_info":"<a href=\"https:\/\/apuntesdesanluis.com\/index.php\/category\/ciudad-provincia\/\" rel=\"category tag\">Ciudad\/Provincia<\/a>","tag_info":"Ciudad\/Provincia","comment_count":"0","_links":{"self":[{"href":"https:\/\/apuntesdesanluis.com\/index.php\/wp-json\/wp\/v2\/posts\/7895","targetHints":{"allow":["GET"]}}],"collection":[{"href":"https:\/\/apuntesdesanluis.com\/index.php\/wp-json\/wp\/v2\/posts"}],"about":[{"href":"https:\/\/apuntesdesanluis.com\/index.php\/wp-json\/wp\/v2\/types\/post"}],"author":[{"embeddable":true,"href":"https:\/\/apuntesdesanluis.com\/index.php\/wp-json\/wp\/v2\/users\/1"}],"replies":[{"embeddable":true,"href":"https:\/\/apuntesdesanluis.com\/index.php\/wp-json\/wp\/v2\/comments?post=7895"}],"version-history":[{"count":1,"href":"https:\/\/apuntesdesanluis.com\/index.php\/wp-json\/wp\/v2\/posts\/7895\/revisions"}],"predecessor-version":[{"id":7897,"href":"https:\/\/apuntesdesanluis.com\/index.php\/wp-json\/wp\/v2\/posts\/7895\/revisions\/7897"}],"wp:featuredmedia":[{"embeddable":true,"href":"https:\/\/apuntesdesanluis.com\/index.php\/wp-json\/wp\/v2\/media\/7896"}],"wp:attachment":[{"href":"https:\/\/apuntesdesanluis.com\/index.php\/wp-json\/wp\/v2\/media?parent=7895"}],"wp:term":[{"taxonomy":"category","embeddable":true,"href":"https:\/\/apuntesdesanluis.com\/index.php\/wp-json\/wp\/v2\/categories?post=7895"},{"taxonomy":"post_tag","embeddable":true,"href":"https:\/\/apuntesdesanluis.com\/index.php\/wp-json\/wp\/v2\/tags?post=7895"}],"curies":[{"name":"wp","href":"https:\/\/api.w.org\/{rel}","templated":true}]}}