{"id":7937,"date":"2023-12-06T15:06:37","date_gmt":"2023-12-06T18:06:37","guid":{"rendered":"https:\/\/apuntesdesanluis.com\/?p=7937"},"modified":"2023-12-06T15:06:37","modified_gmt":"2023-12-06T18:06:37","slug":"la-doctora-maria-del-valle-duran-esta-a-cargo-de-la-fiscalia-de-genero","status":"publish","type":"post","link":"https:\/\/apuntesdesanluis.com\/index.php\/2023\/12\/06\/la-doctora-maria-del-valle-duran-esta-a-cargo-de-la-fiscalia-de-genero\/","title":{"rendered":"LA DOCTORA MAR\u00cdA DEL VALLE DUR\u00c1N EST\u00c1 A CARGO DE LA FISCAL\u00cdA DE G\u00c9NERO"},"content":{"rendered":"<h3>El Procurador General de la provincia de San Luis, Luis Marcos Mart\u00ednez, mediante la RESOLUCI\u00d3N N\u00ba 24 MPF \u2013 LEY IV-1052-2021 design\u00f3 a la Dra. <strong>Mar\u00eda del Valle Duran<\/strong> como funcionaria responsable de la Fiscal\u00eda de Instrucci\u00f3n Penal con intervenci\u00f3n en contexto de g\u00e9nero, diversidad sexual, infancias y adultos mayores, marcando un hito en la atenci\u00f3n legal a situaciones de vulnerabilidad en la provincia.<\/h3>\n<h3>A partir del 4 de diciembre de 2023, la Dra. Mar\u00eda del Valle Dur\u00e1n, actual Fiscal de Instrucci\u00f3n N\u00ba 4 de la 1\u00ba Circunscripci\u00f3n Judicial, lleva adelante la atenci\u00f3n de causas correspondientes a la Fiscal\u00eda de Instrucci\u00f3n Penal especializada en contextos de g\u00e9nero, diversidad sexual, infancias y adultos mayores. Esta designaci\u00f3n incluye las causas actualmente tramitadas ante las Fiscal\u00edas de Instrucci\u00f3n 1, 2, 3 y 4 de la misma circunscripci\u00f3n.<\/h3>\n<h3>Los argumentos vertidos mediante la Resoluci\u00f3n de referencia, dan cuenta de la formaci\u00f3n en la materia por parte de la Dra. Dur\u00e1n, habiendo aprobado ex\u00e1menes y participado en capacitaciones sobre intervenci\u00f3n terap\u00e9utica en el \u00e1mbito judicial, t\u00e9cnicas de entrevista e investigaci\u00f3n pericial, as\u00ed como en programas de formaci\u00f3n en g\u00e9nero y diversidad sexual.<\/h3>\n<h3>Asimismo, en la medida se detallan los tipos penales considerados para la asignaci\u00f3n y distribuci\u00f3n de casos. Se incluyen delitos como violencia familiar, delitos contra la vida o libertad de personas vulnerables, delitos con violencia de g\u00e9nero, desobediencia a \u00f3rdenes en contextos de violencia de g\u00e9nero, entre otros.<\/h3>\n<h3>Mediante el art\u00edculo 3 se especifica el proceso de redistribuci\u00f3n de casos entre las fiscal\u00edas existentes y la Fiscal\u00eda especializada. Las causas actualmente en tr\u00e1mite ante la Fiscal\u00eda de Instrucci\u00f3n N\u00ba 4 que no est\u00e9n dentro de la especialidad ser\u00e1n distribuidas equitativamente entre las Fiscal\u00edas 1, 2 y 3 de la misma circunscripci\u00f3n. Del mismo modo, las causas en tr\u00e1mite ante las Fiscal\u00edas mencionadas ser\u00e1n asignadas a la Fiscal\u00eda especializada, siempre y cuando est\u00e9n relacionadas con la especialidad.<\/h3>\n<h3>Finalmente se establece que por disposici\u00f3n interna de la Procuraci\u00f3n General, se proceder\u00e1 a la afectaci\u00f3n y distribuci\u00f3n del personal y funcionarios del Ministerio P\u00fablico Fiscal necesario para el funcionamiento \u00f3ptimo de esta Fiscal\u00eda especializada.<\/h3>\n<h3>Esta medida representa un avance significativo en la protecci\u00f3n legal de personas en situaciones de vulnerabilidad en San Luis, evidenciando el compromiso del Ministerio P\u00fablico Fiscal en brindar una atenci\u00f3n adecuada y especializada a estas problem\u00e1ticas.<\/h3>\n<p>&nbsp;<\/p>\n<p>&nbsp;<\/p>\n<p>&nbsp;<\/p>\n<p>&nbsp;<\/p>\n","protected":false},"excerpt":{"rendered":"<p>El Procurador General de la provincia de San Luis, Luis Marcos Mart\u00ednez, mediante la RESOLUCI\u00d3N&#8230;<\/p>\n","protected":false},"author":1,"featured_media":7938,"comment_status":"closed","ping_status":"closed","sticky":false,"template":"","format":"standard","meta":{"footnotes":""},"categories":[6],"tags":[],"class_list":["post-7937","post","type-post","status-publish","format-standard","has-post-thumbnail","hentry","category-ciudad-provincia"],"yoast_head":"<!-- This site is optimized with the Yoast SEO plugin v26.1.1 - https:\/\/yoast.com\/wordpress\/plugins\/seo\/ -->\n<title>LA DOCTORA MAR\u00cdA DEL VALLE DUR\u00c1N EST\u00c1 A CARGO DE LA FISCAL\u00cdA DE G\u00c9NERO - Apuntes de San Luis<\/title>\n<meta name=\"robots\" content=\"index, follow, max-snippet:-1, max-image-preview:large, max-video-preview:-1\" \/>\n<link rel=\"canonical\" href=\"https:\/\/apuntesdesanluis.com\/index.php\/2023\/12\/06\/la-doctora-maria-del-valle-duran-esta-a-cargo-de-la-fiscalia-de-genero\/\" \/>\n<meta property=\"og:locale\" content=\"es_ES\" \/>\n<meta property=\"og:type\" content=\"article\" \/>\n<meta property=\"og:title\" content=\"LA DOCTORA MAR\u00cdA DEL VALLE DUR\u00c1N EST\u00c1 A CARGO DE LA FISCAL\u00cdA DE G\u00c9NERO - Apuntes de San Luis\" \/>\n<meta property=\"og:description\" content=\"El Procurador General de la provincia de San Luis, Luis Marcos Mart\u00ednez, mediante la RESOLUCI\u00d3N...\" \/>\n<meta property=\"og:url\" content=\"https:\/\/apuntesdesanluis.com\/index.php\/2023\/12\/06\/la-doctora-maria-del-valle-duran-esta-a-cargo-de-la-fiscalia-de-genero\/\" \/>\n<meta property=\"og:site_name\" content=\"Apuntes de San Luis\" \/>\n<meta property=\"article:published_time\" content=\"2023-12-06T18:06:37+00:00\" \/>\n<meta property=\"og:image\" content=\"https:\/\/apuntesdesanluis.com\/wp-content\/uploads\/2023\/12\/duran.png\" \/>\n\t<meta property=\"og:image:width\" content=\"600\" \/>\n\t<meta property=\"og:image:height\" content=\"342\" \/>\n\t<meta property=\"og:image:type\" content=\"image\/png\" \/>\n<meta name=\"author\" content=\"apuntesdesanluis.com\" \/>\n<meta name=\"twitter:card\" content=\"summary_large_image\" \/>\n<meta name=\"twitter:label1\" content=\"Escrito por\" \/>\n\t<meta name=\"twitter:data1\" content=\"apuntesdesanluis.com\" \/>\n\t<meta name=\"twitter:label2\" content=\"Tiempo de lectura\" \/>\n\t<meta name=\"twitter:data2\" content=\"2 minutos\" \/>\n<script type=\"application\/ld+json\" class=\"yoast-schema-graph\">{\"@context\":\"https:\/\/schema.org\",\"@graph\":[{\"@type\":\"Article\",\"@id\":\"https:\/\/apuntesdesanluis.com\/index.php\/2023\/12\/06\/la-doctora-maria-del-valle-duran-esta-a-cargo-de-la-fiscalia-de-genero\/#article\",\"isPartOf\":{\"@id\":\"https:\/\/apuntesdesanluis.com\/index.php\/2023\/12\/06\/la-doctora-maria-del-valle-duran-esta-a-cargo-de-la-fiscalia-de-genero\/\"},\"author\":{\"name\":\"apuntesdesanluis.com\",\"@id\":\"https:\/\/apuntesdesanluis.com\/#\/schema\/person\/b55151d52296fcce64d1a72538a70b90\"},\"headline\":\"LA DOCTORA MAR\u00cdA DEL VALLE DUR\u00c1N EST\u00c1 A CARGO DE LA FISCAL\u00cdA DE G\u00c9NERO\",\"datePublished\":\"2023-12-06T18:06:37+00:00\",\"mainEntityOfPage\":{\"@id\":\"https:\/\/apuntesdesanluis.com\/index.php\/2023\/12\/06\/la-doctora-maria-del-valle-duran-esta-a-cargo-de-la-fiscalia-de-genero\/\"},\"wordCount\":452,\"publisher\":{\"@id\":\"https:\/\/apuntesdesanluis.com\/#\/schema\/person\/b55151d52296fcce64d1a72538a70b90\"},\"image\":{\"@id\":\"https:\/\/apuntesdesanluis.com\/index.php\/2023\/12\/06\/la-doctora-maria-del-valle-duran-esta-a-cargo-de-la-fiscalia-de-genero\/#primaryimage\"},\"thumbnailUrl\":\"https:\/\/apuntesdesanluis.com\/wp-content\/uploads\/2023\/12\/duran.png\",\"articleSection\":[\"Ciudad\/Provincia\"],\"inLanguage\":\"es-AR\"},{\"@type\":\"WebPage\",\"@id\":\"https:\/\/apuntesdesanluis.com\/index.php\/2023\/12\/06\/la-doctora-maria-del-valle-duran-esta-a-cargo-de-la-fiscalia-de-genero\/\",\"url\":\"https:\/\/apuntesdesanluis.com\/index.php\/2023\/12\/06\/la-doctora-maria-del-valle-duran-esta-a-cargo-de-la-fiscalia-de-genero\/\",\"name\":\"LA DOCTORA MAR\u00cdA DEL VALLE DUR\u00c1N EST\u00c1 A CARGO DE LA FISCAL\u00cdA DE G\u00c9NERO - Apuntes de San Luis\",\"isPartOf\":{\"@id\":\"https:\/\/apuntesdesanluis.com\/#website\"},\"primaryImageOfPage\":{\"@id\":\"https:\/\/apuntesdesanluis.com\/index.php\/2023\/12\/06\/la-doctora-maria-del-valle-duran-esta-a-cargo-de-la-fiscalia-de-genero\/#primaryimage\"},\"image\":{\"@id\":\"https:\/\/apuntesdesanluis.com\/index.php\/2023\/12\/06\/la-doctora-maria-del-valle-duran-esta-a-cargo-de-la-fiscalia-de-genero\/#primaryimage\"},\"thumbnailUrl\":\"https:\/\/apuntesdesanluis.com\/wp-content\/uploads\/2023\/12\/duran.png\",\"datePublished\":\"2023-12-06T18:06:37+00:00\",\"breadcrumb\":{\"@id\":\"https:\/\/apuntesdesanluis.com\/index.php\/2023\/12\/06\/la-doctora-maria-del-valle-duran-esta-a-cargo-de-la-fiscalia-de-genero\/#breadcrumb\"},\"inLanguage\":\"es-AR\",\"potentialAction\":[{\"@type\":\"ReadAction\",\"target\":[\"https:\/\/apuntesdesanluis.com\/index.php\/2023\/12\/06\/la-doctora-maria-del-valle-duran-esta-a-cargo-de-la-fiscalia-de-genero\/\"]}]},{\"@type\":\"ImageObject\",\"inLanguage\":\"es-AR\",\"@id\":\"https:\/\/apuntesdesanluis.com\/index.php\/2023\/12\/06\/la-doctora-maria-del-valle-duran-esta-a-cargo-de-la-fiscalia-de-genero\/#primaryimage\",\"url\":\"https:\/\/apuntesdesanluis.com\/wp-content\/uploads\/2023\/12\/duran.png\",\"contentUrl\":\"https:\/\/apuntesdesanluis.com\/wp-content\/uploads\/2023\/12\/duran.png\",\"width\":600,\"height\":342},{\"@type\":\"BreadcrumbList\",\"@id\":\"https:\/\/apuntesdesanluis.com\/index.php\/2023\/12\/06\/la-doctora-maria-del-valle-duran-esta-a-cargo-de-la-fiscalia-de-genero\/#breadcrumb\",\"itemListElement\":[{\"@type\":\"ListItem\",\"position\":1,\"name\":\"Inicio\",\"item\":\"https:\/\/apuntesdesanluis.com\/\"},{\"@type\":\"ListItem\",\"position\":2,\"name\":\"LA DOCTORA MAR\u00cdA DEL VALLE DUR\u00c1N EST\u00c1 A CARGO DE LA FISCAL\u00cdA DE G\u00c9NERO\"}]},{\"@type\":\"WebSite\",\"@id\":\"https:\/\/apuntesdesanluis.com\/#website\",\"url\":\"https:\/\/apuntesdesanluis.com\/\",\"name\":\"Apuntes de San Luis\",\"description\":\"\",\"publisher\":{\"@id\":\"https:\/\/apuntesdesanluis.com\/#\/schema\/person\/b55151d52296fcce64d1a72538a70b90\"},\"potentialAction\":[{\"@type\":\"SearchAction\",\"target\":{\"@type\":\"EntryPoint\",\"urlTemplate\":\"https:\/\/apuntesdesanluis.com\/?s={search_term_string}\"},\"query-input\":{\"@type\":\"PropertyValueSpecification\",\"valueRequired\":true,\"valueName\":\"search_term_string\"}}],\"inLanguage\":\"es-AR\"},{\"@type\":[\"Person\",\"Organization\"],\"@id\":\"https:\/\/apuntesdesanluis.com\/#\/schema\/person\/b55151d52296fcce64d1a72538a70b90\",\"name\":\"apuntesdesanluis.com\",\"image\":{\"@type\":\"ImageObject\",\"inLanguage\":\"es-AR\",\"@id\":\"https:\/\/apuntesdesanluis.com\/#\/schema\/person\/image\/\",\"url\":\"https:\/\/apuntesdesanluis.com\/wp-content\/uploads\/2023\/07\/cropped-apuntesdesanluis.png\",\"contentUrl\":\"https:\/\/apuntesdesanluis.com\/wp-content\/uploads\/2023\/07\/cropped-apuntesdesanluis.png\",\"width\":450,\"height\":112,\"caption\":\"apuntesdesanluis.com\"},\"logo\":{\"@id\":\"https:\/\/apuntesdesanluis.com\/#\/schema\/person\/image\/\"},\"sameAs\":[\"https:\/\/apuntesdesanluis.com\"],\"url\":\"https:\/\/apuntesdesanluis.com\/index.php\/author\/apuntesdesanluis-com\/\"}]}<\/script>\n<!-- \/ Yoast SEO plugin. -->","yoast_head_json":{"title":"LA DOCTORA MAR\u00cdA DEL VALLE DUR\u00c1N EST\u00c1 A CARGO DE LA FISCAL\u00cdA DE G\u00c9NERO - Apuntes de San Luis","robots":{"index":"index","follow":"follow","max-snippet":"max-snippet:-1","max-image-preview":"max-image-preview:large","max-video-preview":"max-video-preview:-1"},"canonical":"https:\/\/apuntesdesanluis.com\/index.php\/2023\/12\/06\/la-doctora-maria-del-valle-duran-esta-a-cargo-de-la-fiscalia-de-genero\/","og_locale":"es_ES","og_type":"article","og_title":"LA DOCTORA MAR\u00cdA DEL VALLE DUR\u00c1N EST\u00c1 A CARGO DE LA FISCAL\u00cdA DE G\u00c9NERO - Apuntes de San Luis","og_description":"El Procurador General de la provincia de San Luis, Luis Marcos Mart\u00ednez, mediante la RESOLUCI\u00d3N...","og_url":"https:\/\/apuntesdesanluis.com\/index.php\/2023\/12\/06\/la-doctora-maria-del-valle-duran-esta-a-cargo-de-la-fiscalia-de-genero\/","og_site_name":"Apuntes de San Luis","article_published_time":"2023-12-06T18:06:37+00:00","og_image":[{"width":600,"height":342,"url":"https:\/\/apuntesdesanluis.com\/wp-content\/uploads\/2023\/12\/duran.png","type":"image\/png"}],"author":"apuntesdesanluis.com","twitter_card":"summary_large_image","twitter_misc":{"Escrito por":"apuntesdesanluis.com","Tiempo de lectura":"2 minutos"},"schema":{"@context":"https:\/\/schema.org","@graph":[{"@type":"Article","@id":"https:\/\/apuntesdesanluis.com\/index.php\/2023\/12\/06\/la-doctora-maria-del-valle-duran-esta-a-cargo-de-la-fiscalia-de-genero\/#article","isPartOf":{"@id":"https:\/\/apuntesdesanluis.com\/index.php\/2023\/12\/06\/la-doctora-maria-del-valle-duran-esta-a-cargo-de-la-fiscalia-de-genero\/"},"author":{"name":"apuntesdesanluis.com","@id":"https:\/\/apuntesdesanluis.com\/#\/schema\/person\/b55151d52296fcce64d1a72538a70b90"},"headline":"LA DOCTORA MAR\u00cdA DEL VALLE DUR\u00c1N EST\u00c1 A CARGO DE LA FISCAL\u00cdA DE G\u00c9NERO","datePublished":"2023-12-06T18:06:37+00:00","mainEntityOfPage":{"@id":"https:\/\/apuntesdesanluis.com\/index.php\/2023\/12\/06\/la-doctora-maria-del-valle-duran-esta-a-cargo-de-la-fiscalia-de-genero\/"},"wordCount":452,"publisher":{"@id":"https:\/\/apuntesdesanluis.com\/#\/schema\/person\/b55151d52296fcce64d1a72538a70b90"},"image":{"@id":"https:\/\/apuntesdesanluis.com\/index.php\/2023\/12\/06\/la-doctora-maria-del-valle-duran-esta-a-cargo-de-la-fiscalia-de-genero\/#primaryimage"},"thumbnailUrl":"https:\/\/apuntesdesanluis.com\/wp-content\/uploads\/2023\/12\/duran.png","articleSection":["Ciudad\/Provincia"],"inLanguage":"es-AR"},{"@type":"WebPage","@id":"https:\/\/apuntesdesanluis.com\/index.php\/2023\/12\/06\/la-doctora-maria-del-valle-duran-esta-a-cargo-de-la-fiscalia-de-genero\/","url":"https:\/\/apuntesdesanluis.com\/index.php\/2023\/12\/06\/la-doctora-maria-del-valle-duran-esta-a-cargo-de-la-fiscalia-de-genero\/","name":"LA DOCTORA MAR\u00cdA DEL VALLE DUR\u00c1N EST\u00c1 A CARGO DE LA FISCAL\u00cdA DE G\u00c9NERO - Apuntes de San Luis","isPartOf":{"@id":"https:\/\/apuntesdesanluis.com\/#website"},"primaryImageOfPage":{"@id":"https:\/\/apuntesdesanluis.com\/index.php\/2023\/12\/06\/la-doctora-maria-del-valle-duran-esta-a-cargo-de-la-fiscalia-de-genero\/#primaryimage"},"image":{"@id":"https:\/\/apuntesdesanluis.com\/index.php\/2023\/12\/06\/la-doctora-maria-del-valle-duran-esta-a-cargo-de-la-fiscalia-de-genero\/#primaryimage"},"thumbnailUrl":"https:\/\/apuntesdesanluis.com\/wp-content\/uploads\/2023\/12\/duran.png","datePublished":"2023-12-06T18:06:37+00:00","breadcrumb":{"@id":"https:\/\/apuntesdesanluis.com\/index.php\/2023\/12\/06\/la-doctora-maria-del-valle-duran-esta-a-cargo-de-la-fiscalia-de-genero\/#breadcrumb"},"inLanguage":"es-AR","potentialAction":[{"@type":"ReadAction","target":["https:\/\/apuntesdesanluis.com\/index.php\/2023\/12\/06\/la-doctora-maria-del-valle-duran-esta-a-cargo-de-la-fiscalia-de-genero\/"]}]},{"@type":"ImageObject","inLanguage":"es-AR","@id":"https:\/\/apuntesdesanluis.com\/index.php\/2023\/12\/06\/la-doctora-maria-del-valle-duran-esta-a-cargo-de-la-fiscalia-de-genero\/#primaryimage","url":"https:\/\/apuntesdesanluis.com\/wp-content\/uploads\/2023\/12\/duran.png","contentUrl":"https:\/\/apuntesdesanluis.com\/wp-content\/uploads\/2023\/12\/duran.png","width":600,"height":342},{"@type":"BreadcrumbList","@id":"https:\/\/apuntesdesanluis.com\/index.php\/2023\/12\/06\/la-doctora-maria-del-valle-duran-esta-a-cargo-de-la-fiscalia-de-genero\/#breadcrumb","itemListElement":[{"@type":"ListItem","position":1,"name":"Inicio","item":"https:\/\/apuntesdesanluis.com\/"},{"@type":"ListItem","position":2,"name":"LA DOCTORA MAR\u00cdA DEL VALLE DUR\u00c1N EST\u00c1 A CARGO DE LA FISCAL\u00cdA DE G\u00c9NERO"}]},{"@type":"WebSite","@id":"https:\/\/apuntesdesanluis.com\/#website","url":"https:\/\/apuntesdesanluis.com\/","name":"Apuntes de San Luis","description":"","publisher":{"@id":"https:\/\/apuntesdesanluis.com\/#\/schema\/person\/b55151d52296fcce64d1a72538a70b90"},"potentialAction":[{"@type":"SearchAction","target":{"@type":"EntryPoint","urlTemplate":"https:\/\/apuntesdesanluis.com\/?s={search_term_string}"},"query-input":{"@type":"PropertyValueSpecification","valueRequired":true,"valueName":"search_term_string"}}],"inLanguage":"es-AR"},{"@type":["Person","Organization"],"@id":"https:\/\/apuntesdesanluis.com\/#\/schema\/person\/b55151d52296fcce64d1a72538a70b90","name":"apuntesdesanluis.com","image":{"@type":"ImageObject","inLanguage":"es-AR","@id":"https:\/\/apuntesdesanluis.com\/#\/schema\/person\/image\/","url":"https:\/\/apuntesdesanluis.com\/wp-content\/uploads\/2023\/07\/cropped-apuntesdesanluis.png","contentUrl":"https:\/\/apuntesdesanluis.com\/wp-content\/uploads\/2023\/07\/cropped-apuntesdesanluis.png","width":450,"height":112,"caption":"apuntesdesanluis.com"},"logo":{"@id":"https:\/\/apuntesdesanluis.com\/#\/schema\/person\/image\/"},"sameAs":["https:\/\/apuntesdesanluis.com"],"url":"https:\/\/apuntesdesanluis.com\/index.php\/author\/apuntesdesanluis-com\/"}]}},"featured_image_urls":{"full":["https:\/\/apuntesdesanluis.com\/wp-content\/uploads\/2023\/12\/duran.png",600,342,false],"thumbnail":["https:\/\/apuntesdesanluis.com\/wp-content\/uploads\/2023\/12\/duran-150x150.png",150,150,true],"medium":["https:\/\/apuntesdesanluis.com\/wp-content\/uploads\/2023\/12\/duran-300x171.png",300,171,true],"medium_large":["https:\/\/apuntesdesanluis.com\/wp-content\/uploads\/2023\/12\/duran.png",600,342,false],"large":["https:\/\/apuntesdesanluis.com\/wp-content\/uploads\/2023\/12\/duran.png",600,342,false],"1536x1536":["https:\/\/apuntesdesanluis.com\/wp-content\/uploads\/2023\/12\/duran.png",600,342,false],"2048x2048":["https:\/\/apuntesdesanluis.com\/wp-content\/uploads\/2023\/12\/duran.png",600,342,false],"newsever-slider-full":["https:\/\/apuntesdesanluis.com\/wp-content\/uploads\/2023\/12\/duran.png",600,342,false],"newsever-featured":["https:\/\/apuntesdesanluis.com\/wp-content\/uploads\/2023\/12\/duran.png",600,342,false],"newsever-medium":["https:\/\/apuntesdesanluis.com\/wp-content\/uploads\/2023\/12\/duran.png",600,342,false]},"author_info":{"display_name":"apuntesdesanluis.com","author_link":"https:\/\/apuntesdesanluis.com\/index.php\/author\/apuntesdesanluis-com\/"},"category_info":"<a href=\"https:\/\/apuntesdesanluis.com\/index.php\/category\/ciudad-provincia\/\" rel=\"category tag\">Ciudad\/Provincia<\/a>","tag_info":"Ciudad\/Provincia","comment_count":"0","_links":{"self":[{"href":"https:\/\/apuntesdesanluis.com\/index.php\/wp-json\/wp\/v2\/posts\/7937","targetHints":{"allow":["GET"]}}],"collection":[{"href":"https:\/\/apuntesdesanluis.com\/index.php\/wp-json\/wp\/v2\/posts"}],"about":[{"href":"https:\/\/apuntesdesanluis.com\/index.php\/wp-json\/wp\/v2\/types\/post"}],"author":[{"embeddable":true,"href":"https:\/\/apuntesdesanluis.com\/index.php\/wp-json\/wp\/v2\/users\/1"}],"replies":[{"embeddable":true,"href":"https:\/\/apuntesdesanluis.com\/index.php\/wp-json\/wp\/v2\/comments?post=7937"}],"version-history":[{"count":1,"href":"https:\/\/apuntesdesanluis.com\/index.php\/wp-json\/wp\/v2\/posts\/7937\/revisions"}],"predecessor-version":[{"id":7939,"href":"https:\/\/apuntesdesanluis.com\/index.php\/wp-json\/wp\/v2\/posts\/7937\/revisions\/7939"}],"wp:featuredmedia":[{"embeddable":true,"href":"https:\/\/apuntesdesanluis.com\/index.php\/wp-json\/wp\/v2\/media\/7938"}],"wp:attachment":[{"href":"https:\/\/apuntesdesanluis.com\/index.php\/wp-json\/wp\/v2\/media?parent=7937"}],"wp:term":[{"taxonomy":"category","embeddable":true,"href":"https:\/\/apuntesdesanluis.com\/index.php\/wp-json\/wp\/v2\/categories?post=7937"},{"taxonomy":"post_tag","embeddable":true,"href":"https:\/\/apuntesdesanluis.com\/index.php\/wp-json\/wp\/v2\/tags?post=7937"}],"curies":[{"name":"wp","href":"https:\/\/api.w.org\/{rel}","templated":true}]}}