{"id":7947,"date":"2023-12-06T19:01:48","date_gmt":"2023-12-06T22:01:48","guid":{"rendered":"https:\/\/apuntesdesanluis.com\/?p=7947"},"modified":"2023-12-06T23:13:20","modified_gmt":"2023-12-07T02:13:20","slug":"asumieron-los-nuevos-concejales-y-tribunales-de-contralor-y-una-descortesia-llamo-la-atencion","status":"publish","type":"post","link":"https:\/\/apuntesdesanluis.com\/index.php\/2023\/12\/06\/asumieron-los-nuevos-concejales-y-tribunales-de-contralor-y-una-descortesia-llamo-la-atencion\/","title":{"rendered":"JURARON LOS NUEVOS CONCEJALES Y CONTRALORES Y UNA \u201cDESCORTES\u00cdA\u201d LLAM\u00d3 LA ATENCI\u00d3N"},"content":{"rendered":"<h3>Este mi\u00e9rcoles 6 se realiz\u00f3 la <strong>Sesi\u00f3n Especial<\/strong> conducida por la Presidente Provisional del Concejo Deliberante, <strong>Lucia Lacerda Traversi<\/strong>, durante la cual se efectu\u00f3 la toma de juramento de los <strong>siete (7) Concejales y tres (3) Miembros del Tribunal de Contralor Municipal<\/strong>, electos en las pasadas elecciones del 11 de junio. Los mismos asumir\u00e1n formalmente el cargo el domingo 10.<\/h3>\n<h3>La ceremonia cont\u00f3 con la presencia del Intendente Municipal <strong>Maximiliano Frontera<\/strong>, la Vice intendente electa Silvina Galetto, legisladores y funcionarios provinciales, autoridades municipales, de diferentes organismos de seguridad, representantes de distintas instituciones de la ciudad y p\u00fablico en general.<\/h3>\n<p><img fetchpriority=\"high\" decoding=\"async\" class=\"wp-image-7954 aligncenter\" src=\"https:\/\/apuntesdesanluis.com\/wp-content\/uploads\/2023\/12\/Intendente-y-vice-300x169.jpg\" alt=\"\" width=\"703\" height=\"396\" srcset=\"https:\/\/apuntesdesanluis.com\/wp-content\/uploads\/2023\/12\/Intendente-y-vice-300x169.jpg 300w, https:\/\/apuntesdesanluis.com\/wp-content\/uploads\/2023\/12\/Intendente-y-vice.jpg 583w\" sizes=\"(max-width: 703px) 100vw, 703px\" \/><\/p>\n<h3>La actividad comenz\u00f3 con un cuarto intermedio a los fines de la revalidar los t\u00edtulos de los ciudadanos electos, por parte de la comisi\u00f3n de poderes conformada por los concejales Cecilia Lucero, Virginia Lucero y Roberto Mones Ruiz.<\/h3>\n<h3>Al regresar del cuarto intermedio la Concejal Virginia Lucero ley\u00f3 el dictamen labrado por la comisi\u00f3n especial de poderes, que fue aprobado por unanimidad.<\/h3>\n<h3>Posteriormente prestaron juramento de ley las Concejalas y Concejales electos: <strong>Griselda Karina Maranguello, Miguel \u00c1ngel Arce, Claudia Rosana Miranda, Luciano Martin Dave, Margarita Aurora Villegas, Lucas Mariano Sapino<\/strong> y <strong>Marianela Glenys Oviedo<\/strong>, los cuales fueron recibiendo a su turno el caluroso aplauso de las barras, sus familiares y las autoridades presentes.<\/h3>\n<p><img decoding=\"async\" class=\"wp-image-7949 aligncenter\" src=\"https:\/\/apuntesdesanluis.com\/wp-content\/uploads\/2023\/12\/MARANGUELLO-ARCE-MIRANDA-300x189.png\" alt=\"\" width=\"706\" height=\"445\" srcset=\"https:\/\/apuntesdesanluis.com\/wp-content\/uploads\/2023\/12\/MARANGUELLO-ARCE-MIRANDA-300x189.png 300w, https:\/\/apuntesdesanluis.com\/wp-content\/uploads\/2023\/12\/MARANGUELLO-ARCE-MIRANDA.png 618w\" sizes=\"(max-width: 706px) 100vw, 706px\" \/><\/p>\n<h4 style=\"text-align: center;\"><em><strong>Karina Maranguello, Miguel \u00c1ngel Arce y Claudia Rosana Miranda.<\/strong><\/em><\/h4>\n<p><img decoding=\"async\" class=\"wp-image-7950 aligncenter\" src=\"https:\/\/apuntesdesanluis.com\/wp-content\/uploads\/2023\/12\/DAVE-VILLEGAS.SAPINO-300x198.png\" alt=\"\" width=\"705\" height=\"465\" srcset=\"https:\/\/apuntesdesanluis.com\/wp-content\/uploads\/2023\/12\/DAVE-VILLEGAS.SAPINO-300x198.png 300w, https:\/\/apuntesdesanluis.com\/wp-content\/uploads\/2023\/12\/DAVE-VILLEGAS.SAPINO.png 528w\" sizes=\"(max-width: 705px) 100vw, 705px\" \/><\/p>\n<h4 style=\"text-align: center;\"><em><strong>Luciano Martin Dave, Margarita Aurora Villegas y Lucas Mariano Sapino.<\/strong><\/em><\/h4>\n<p><img loading=\"lazy\" decoding=\"async\" class=\"wp-image-7951 aligncenter\" src=\"https:\/\/apuntesdesanluis.com\/wp-content\/uploads\/2023\/12\/Marianela-Glenys-Oviedo-300x224.jpg\" alt=\"\" width=\"704\" height=\"526\" srcset=\"https:\/\/apuntesdesanluis.com\/wp-content\/uploads\/2023\/12\/Marianela-Glenys-Oviedo-300x224.jpg 300w, https:\/\/apuntesdesanluis.com\/wp-content\/uploads\/2023\/12\/Marianela-Glenys-Oviedo.jpg 564w\" sizes=\"(max-width: 704px) 100vw, 704px\" \/><\/p>\n<h4 style=\"text-align: center;\"><em><strong>Marianela Glenys Oviedo.<\/strong><\/em><\/h4>\n<h3>Un detalle que marc\u00f3 la tensi\u00f3n que existe en las filas del oficialismo, lo dio el hecho de que la \u00fanica concejal que no salud\u00f3 al intendente fue precisamente esta \u00faltima, que responde a la ex diputada provincial <strong>Anabela Lucero<\/strong>.<\/h3>\n<p>&nbsp;<\/p>\n<p><iframe title=\"Sesi\u00f3n Especial H.C.D. 06\/12\/2023\" width=\"640\" height=\"360\" src=\"https:\/\/www.youtube.com\/embed\/nyYpjx3Dq-w?start=2375&#038;feature=oembed\" frameborder=\"0\" allow=\"accelerometer; autoplay; clipboard-write; encrypted-media; gyroscope; picture-in-picture; web-share\" referrerpolicy=\"strict-origin-when-cross-origin\" allowfullscreen><\/iframe><\/p>\n<h3><\/h3>\n<h3>Posteriormente juraron los nuevos miembros del Tribunal de Contralor Municipal: <strong>Hebe Alejandra Porcel<\/strong> y <strong>Miguel \u00c1ngel Ferrero Dom\u00ednguez<\/strong> (Cambia San Luis) y <strong>Graciela Ivana Barboza<\/strong>, de Uni\u00f3n por San Luis.<\/h3>\n<p><img loading=\"lazy\" decoding=\"async\" class=\"wp-image-7952 aligncenter\" src=\"https:\/\/apuntesdesanluis.com\/wp-content\/uploads\/2023\/12\/CONTRALORES-300x180.png\" alt=\"\" width=\"720\" height=\"432\" srcset=\"https:\/\/apuntesdesanluis.com\/wp-content\/uploads\/2023\/12\/CONTRALORES-300x180.png 300w, https:\/\/apuntesdesanluis.com\/wp-content\/uploads\/2023\/12\/CONTRALORES.png 691w\" sizes=\"(max-width: 720px) 100vw, 720px\" \/><\/p>\n<h4 style=\"text-align: center;\"><em><strong>Hebe Porcel, <\/strong><strong>Miguel Ferrero <\/strong>y <strong>Graciela Ivana Barboza.<\/strong><\/em><\/h4>\n<h3>Los ediles que concluyeron mandato son Hugo \u201cPipo\u201d Rossi, Federico Fonzar, Jorge Rosales, Luis Zapata, Marcelo Periale y Flavia Coria.<\/h3>\n<h3>Para concluir el acto de asunci\u00f3n,\u00a0 se realiz\u00f3 un cuarto intermedio hasta el d\u00eda domingo 10 de diciembre a las 17 h. Ese d\u00eda se realizar\u00e1 la elecci\u00f3n de las autoridades del cuerpo, se elegir\u00e1n las presidencias de las Comisiones Permanentes de Trabajo y se sortear\u00e1 la conformaci\u00f3n de las Salas de juicio pol\u00edtico.<\/h3>\n<h3>Posteriormente a las 21:00 asumir\u00e1n el Intendente Municipal <strong>Maximiliano Frontera<\/strong> y su Vice,<strong> Silvina Galetto<\/strong>.<\/h3>\n<p>&nbsp;<\/p>\n<p>&nbsp;<\/p>\n<p>&nbsp;<\/p>\n<p>&nbsp;<\/p>\n","protected":false},"excerpt":{"rendered":"<p>Este mi\u00e9rcoles 6 se realiz\u00f3 la Sesi\u00f3n Especial conducida por la Presidente Provisional del Concejo&#8230;<\/p>\n","protected":false},"author":1,"featured_media":7953,"comment_status":"closed","ping_status":"closed","sticky":false,"template":"","format":"standard","meta":{"footnotes":""},"categories":[6],"tags":[],"class_list":["post-7947","post","type-post","status-publish","format-standard","has-post-thumbnail","hentry","category-ciudad-provincia"],"yoast_head":"<!-- This site is optimized with the Yoast SEO plugin v26.1.1 - https:\/\/yoast.com\/wordpress\/plugins\/seo\/ -->\n<title>JURARON LOS NUEVOS CONCEJALES Y CONTRALORES Y UNA \u201cDESCORTES\u00cdA\u201d LLAM\u00d3 LA ATENCI\u00d3N - Apuntes de San Luis<\/title>\n<meta name=\"robots\" content=\"index, follow, max-snippet:-1, max-image-preview:large, max-video-preview:-1\" \/>\n<link rel=\"canonical\" href=\"https:\/\/apuntesdesanluis.com\/index.php\/2023\/12\/06\/asumieron-los-nuevos-concejales-y-tribunales-de-contralor-y-una-descortesia-llamo-la-atencion\/\" \/>\n<meta property=\"og:locale\" content=\"es_ES\" \/>\n<meta property=\"og:type\" content=\"article\" \/>\n<meta property=\"og:title\" content=\"JURARON LOS NUEVOS CONCEJALES Y CONTRALORES Y UNA \u201cDESCORTES\u00cdA\u201d LLAM\u00d3 LA ATENCI\u00d3N - Apuntes de San Luis\" \/>\n<meta property=\"og:description\" content=\"Este mi\u00e9rcoles 6 se realiz\u00f3 la Sesi\u00f3n Especial conducida por la Presidente Provisional del Concejo...\" \/>\n<meta property=\"og:url\" content=\"https:\/\/apuntesdesanluis.com\/index.php\/2023\/12\/06\/asumieron-los-nuevos-concejales-y-tribunales-de-contralor-y-una-descortesia-llamo-la-atencion\/\" \/>\n<meta property=\"og:site_name\" content=\"Apuntes de San Luis\" \/>\n<meta property=\"article:published_time\" content=\"2023-12-06T22:01:48+00:00\" \/>\n<meta property=\"article:modified_time\" content=\"2023-12-07T02:13:20+00:00\" \/>\n<meta property=\"og:image\" content=\"https:\/\/apuntesdesanluis.com\/wp-content\/uploads\/2023\/12\/Concejo.jpg\" \/>\n\t<meta property=\"og:image:width\" content=\"595\" \/>\n\t<meta property=\"og:image:height\" content=\"362\" \/>\n\t<meta property=\"og:image:type\" content=\"image\/jpeg\" \/>\n<meta name=\"author\" content=\"apuntesdesanluis.com\" \/>\n<meta name=\"twitter:card\" content=\"summary_large_image\" \/>\n<meta name=\"twitter:label1\" content=\"Escrito por\" \/>\n\t<meta name=\"twitter:data1\" content=\"apuntesdesanluis.com\" \/>\n\t<meta name=\"twitter:label2\" content=\"Tiempo de lectura\" \/>\n\t<meta name=\"twitter:data2\" content=\"3 minutos\" \/>\n<script type=\"application\/ld+json\" class=\"yoast-schema-graph\">{\"@context\":\"https:\/\/schema.org\",\"@graph\":[{\"@type\":\"Article\",\"@id\":\"https:\/\/apuntesdesanluis.com\/index.php\/2023\/12\/06\/asumieron-los-nuevos-concejales-y-tribunales-de-contralor-y-una-descortesia-llamo-la-atencion\/#article\",\"isPartOf\":{\"@id\":\"https:\/\/apuntesdesanluis.com\/index.php\/2023\/12\/06\/asumieron-los-nuevos-concejales-y-tribunales-de-contralor-y-una-descortesia-llamo-la-atencion\/\"},\"author\":{\"name\":\"apuntesdesanluis.com\",\"@id\":\"https:\/\/apuntesdesanluis.com\/#\/schema\/person\/b55151d52296fcce64d1a72538a70b90\"},\"headline\":\"JURARON LOS NUEVOS CONCEJALES Y CONTRALORES Y UNA \u201cDESCORTES\u00cdA\u201d LLAM\u00d3 LA ATENCI\u00d3N\",\"datePublished\":\"2023-12-06T22:01:48+00:00\",\"dateModified\":\"2023-12-07T02:13:20+00:00\",\"mainEntityOfPage\":{\"@id\":\"https:\/\/apuntesdesanluis.com\/index.php\/2023\/12\/06\/asumieron-los-nuevos-concejales-y-tribunales-de-contralor-y-una-descortesia-llamo-la-atencion\/\"},\"wordCount\":438,\"publisher\":{\"@id\":\"https:\/\/apuntesdesanluis.com\/#\/schema\/person\/b55151d52296fcce64d1a72538a70b90\"},\"image\":{\"@id\":\"https:\/\/apuntesdesanluis.com\/index.php\/2023\/12\/06\/asumieron-los-nuevos-concejales-y-tribunales-de-contralor-y-una-descortesia-llamo-la-atencion\/#primaryimage\"},\"thumbnailUrl\":\"https:\/\/apuntesdesanluis.com\/wp-content\/uploads\/2023\/12\/Concejo.jpg\",\"articleSection\":[\"Ciudad\/Provincia\"],\"inLanguage\":\"es-AR\"},{\"@type\":\"WebPage\",\"@id\":\"https:\/\/apuntesdesanluis.com\/index.php\/2023\/12\/06\/asumieron-los-nuevos-concejales-y-tribunales-de-contralor-y-una-descortesia-llamo-la-atencion\/\",\"url\":\"https:\/\/apuntesdesanluis.com\/index.php\/2023\/12\/06\/asumieron-los-nuevos-concejales-y-tribunales-de-contralor-y-una-descortesia-llamo-la-atencion\/\",\"name\":\"JURARON LOS NUEVOS CONCEJALES Y CONTRALORES Y UNA \u201cDESCORTES\u00cdA\u201d LLAM\u00d3 LA ATENCI\u00d3N - Apuntes de San Luis\",\"isPartOf\":{\"@id\":\"https:\/\/apuntesdesanluis.com\/#website\"},\"primaryImageOfPage\":{\"@id\":\"https:\/\/apuntesdesanluis.com\/index.php\/2023\/12\/06\/asumieron-los-nuevos-concejales-y-tribunales-de-contralor-y-una-descortesia-llamo-la-atencion\/#primaryimage\"},\"image\":{\"@id\":\"https:\/\/apuntesdesanluis.com\/index.php\/2023\/12\/06\/asumieron-los-nuevos-concejales-y-tribunales-de-contralor-y-una-descortesia-llamo-la-atencion\/#primaryimage\"},\"thumbnailUrl\":\"https:\/\/apuntesdesanluis.com\/wp-content\/uploads\/2023\/12\/Concejo.jpg\",\"datePublished\":\"2023-12-06T22:01:48+00:00\",\"dateModified\":\"2023-12-07T02:13:20+00:00\",\"breadcrumb\":{\"@id\":\"https:\/\/apuntesdesanluis.com\/index.php\/2023\/12\/06\/asumieron-los-nuevos-concejales-y-tribunales-de-contralor-y-una-descortesia-llamo-la-atencion\/#breadcrumb\"},\"inLanguage\":\"es-AR\",\"potentialAction\":[{\"@type\":\"ReadAction\",\"target\":[\"https:\/\/apuntesdesanluis.com\/index.php\/2023\/12\/06\/asumieron-los-nuevos-concejales-y-tribunales-de-contralor-y-una-descortesia-llamo-la-atencion\/\"]}]},{\"@type\":\"ImageObject\",\"inLanguage\":\"es-AR\",\"@id\":\"https:\/\/apuntesdesanluis.com\/index.php\/2023\/12\/06\/asumieron-los-nuevos-concejales-y-tribunales-de-contralor-y-una-descortesia-llamo-la-atencion\/#primaryimage\",\"url\":\"https:\/\/apuntesdesanluis.com\/wp-content\/uploads\/2023\/12\/Concejo.jpg\",\"contentUrl\":\"https:\/\/apuntesdesanluis.com\/wp-content\/uploads\/2023\/12\/Concejo.jpg\",\"width\":595,\"height\":362},{\"@type\":\"BreadcrumbList\",\"@id\":\"https:\/\/apuntesdesanluis.com\/index.php\/2023\/12\/06\/asumieron-los-nuevos-concejales-y-tribunales-de-contralor-y-una-descortesia-llamo-la-atencion\/#breadcrumb\",\"itemListElement\":[{\"@type\":\"ListItem\",\"position\":1,\"name\":\"Inicio\",\"item\":\"https:\/\/apuntesdesanluis.com\/\"},{\"@type\":\"ListItem\",\"position\":2,\"name\":\"JURARON LOS NUEVOS CONCEJALES Y CONTRALORES Y UNA \u201cDESCORTES\u00cdA\u201d LLAM\u00d3 LA ATENCI\u00d3N\"}]},{\"@type\":\"WebSite\",\"@id\":\"https:\/\/apuntesdesanluis.com\/#website\",\"url\":\"https:\/\/apuntesdesanluis.com\/\",\"name\":\"Apuntes de San Luis\",\"description\":\"\",\"publisher\":{\"@id\":\"https:\/\/apuntesdesanluis.com\/#\/schema\/person\/b55151d52296fcce64d1a72538a70b90\"},\"potentialAction\":[{\"@type\":\"SearchAction\",\"target\":{\"@type\":\"EntryPoint\",\"urlTemplate\":\"https:\/\/apuntesdesanluis.com\/?s={search_term_string}\"},\"query-input\":{\"@type\":\"PropertyValueSpecification\",\"valueRequired\":true,\"valueName\":\"search_term_string\"}}],\"inLanguage\":\"es-AR\"},{\"@type\":[\"Person\",\"Organization\"],\"@id\":\"https:\/\/apuntesdesanluis.com\/#\/schema\/person\/b55151d52296fcce64d1a72538a70b90\",\"name\":\"apuntesdesanluis.com\",\"image\":{\"@type\":\"ImageObject\",\"inLanguage\":\"es-AR\",\"@id\":\"https:\/\/apuntesdesanluis.com\/#\/schema\/person\/image\/\",\"url\":\"https:\/\/apuntesdesanluis.com\/wp-content\/uploads\/2023\/07\/cropped-apuntesdesanluis.png\",\"contentUrl\":\"https:\/\/apuntesdesanluis.com\/wp-content\/uploads\/2023\/07\/cropped-apuntesdesanluis.png\",\"width\":450,\"height\":112,\"caption\":\"apuntesdesanluis.com\"},\"logo\":{\"@id\":\"https:\/\/apuntesdesanluis.com\/#\/schema\/person\/image\/\"},\"sameAs\":[\"https:\/\/apuntesdesanluis.com\"],\"url\":\"https:\/\/apuntesdesanluis.com\/index.php\/author\/apuntesdesanluis-com\/\"}]}<\/script>\n<!-- \/ Yoast SEO plugin. -->","yoast_head_json":{"title":"JURARON LOS NUEVOS CONCEJALES Y CONTRALORES Y UNA \u201cDESCORTES\u00cdA\u201d LLAM\u00d3 LA ATENCI\u00d3N - Apuntes de San Luis","robots":{"index":"index","follow":"follow","max-snippet":"max-snippet:-1","max-image-preview":"max-image-preview:large","max-video-preview":"max-video-preview:-1"},"canonical":"https:\/\/apuntesdesanluis.com\/index.php\/2023\/12\/06\/asumieron-los-nuevos-concejales-y-tribunales-de-contralor-y-una-descortesia-llamo-la-atencion\/","og_locale":"es_ES","og_type":"article","og_title":"JURARON LOS NUEVOS CONCEJALES Y CONTRALORES Y UNA \u201cDESCORTES\u00cdA\u201d LLAM\u00d3 LA ATENCI\u00d3N - Apuntes de San Luis","og_description":"Este mi\u00e9rcoles 6 se realiz\u00f3 la Sesi\u00f3n Especial conducida por la Presidente Provisional del Concejo...","og_url":"https:\/\/apuntesdesanluis.com\/index.php\/2023\/12\/06\/asumieron-los-nuevos-concejales-y-tribunales-de-contralor-y-una-descortesia-llamo-la-atencion\/","og_site_name":"Apuntes de San Luis","article_published_time":"2023-12-06T22:01:48+00:00","article_modified_time":"2023-12-07T02:13:20+00:00","og_image":[{"width":595,"height":362,"url":"https:\/\/apuntesdesanluis.com\/wp-content\/uploads\/2023\/12\/Concejo.jpg","type":"image\/jpeg"}],"author":"apuntesdesanluis.com","twitter_card":"summary_large_image","twitter_misc":{"Escrito por":"apuntesdesanluis.com","Tiempo de lectura":"3 minutos"},"schema":{"@context":"https:\/\/schema.org","@graph":[{"@type":"Article","@id":"https:\/\/apuntesdesanluis.com\/index.php\/2023\/12\/06\/asumieron-los-nuevos-concejales-y-tribunales-de-contralor-y-una-descortesia-llamo-la-atencion\/#article","isPartOf":{"@id":"https:\/\/apuntesdesanluis.com\/index.php\/2023\/12\/06\/asumieron-los-nuevos-concejales-y-tribunales-de-contralor-y-una-descortesia-llamo-la-atencion\/"},"author":{"name":"apuntesdesanluis.com","@id":"https:\/\/apuntesdesanluis.com\/#\/schema\/person\/b55151d52296fcce64d1a72538a70b90"},"headline":"JURARON LOS NUEVOS CONCEJALES Y CONTRALORES Y UNA \u201cDESCORTES\u00cdA\u201d LLAM\u00d3 LA ATENCI\u00d3N","datePublished":"2023-12-06T22:01:48+00:00","dateModified":"2023-12-07T02:13:20+00:00","mainEntityOfPage":{"@id":"https:\/\/apuntesdesanluis.com\/index.php\/2023\/12\/06\/asumieron-los-nuevos-concejales-y-tribunales-de-contralor-y-una-descortesia-llamo-la-atencion\/"},"wordCount":438,"publisher":{"@id":"https:\/\/apuntesdesanluis.com\/#\/schema\/person\/b55151d52296fcce64d1a72538a70b90"},"image":{"@id":"https:\/\/apuntesdesanluis.com\/index.php\/2023\/12\/06\/asumieron-los-nuevos-concejales-y-tribunales-de-contralor-y-una-descortesia-llamo-la-atencion\/#primaryimage"},"thumbnailUrl":"https:\/\/apuntesdesanluis.com\/wp-content\/uploads\/2023\/12\/Concejo.jpg","articleSection":["Ciudad\/Provincia"],"inLanguage":"es-AR"},{"@type":"WebPage","@id":"https:\/\/apuntesdesanluis.com\/index.php\/2023\/12\/06\/asumieron-los-nuevos-concejales-y-tribunales-de-contralor-y-una-descortesia-llamo-la-atencion\/","url":"https:\/\/apuntesdesanluis.com\/index.php\/2023\/12\/06\/asumieron-los-nuevos-concejales-y-tribunales-de-contralor-y-una-descortesia-llamo-la-atencion\/","name":"JURARON LOS NUEVOS CONCEJALES Y CONTRALORES Y UNA \u201cDESCORTES\u00cdA\u201d LLAM\u00d3 LA ATENCI\u00d3N - Apuntes de San Luis","isPartOf":{"@id":"https:\/\/apuntesdesanluis.com\/#website"},"primaryImageOfPage":{"@id":"https:\/\/apuntesdesanluis.com\/index.php\/2023\/12\/06\/asumieron-los-nuevos-concejales-y-tribunales-de-contralor-y-una-descortesia-llamo-la-atencion\/#primaryimage"},"image":{"@id":"https:\/\/apuntesdesanluis.com\/index.php\/2023\/12\/06\/asumieron-los-nuevos-concejales-y-tribunales-de-contralor-y-una-descortesia-llamo-la-atencion\/#primaryimage"},"thumbnailUrl":"https:\/\/apuntesdesanluis.com\/wp-content\/uploads\/2023\/12\/Concejo.jpg","datePublished":"2023-12-06T22:01:48+00:00","dateModified":"2023-12-07T02:13:20+00:00","breadcrumb":{"@id":"https:\/\/apuntesdesanluis.com\/index.php\/2023\/12\/06\/asumieron-los-nuevos-concejales-y-tribunales-de-contralor-y-una-descortesia-llamo-la-atencion\/#breadcrumb"},"inLanguage":"es-AR","potentialAction":[{"@type":"ReadAction","target":["https:\/\/apuntesdesanluis.com\/index.php\/2023\/12\/06\/asumieron-los-nuevos-concejales-y-tribunales-de-contralor-y-una-descortesia-llamo-la-atencion\/"]}]},{"@type":"ImageObject","inLanguage":"es-AR","@id":"https:\/\/apuntesdesanluis.com\/index.php\/2023\/12\/06\/asumieron-los-nuevos-concejales-y-tribunales-de-contralor-y-una-descortesia-llamo-la-atencion\/#primaryimage","url":"https:\/\/apuntesdesanluis.com\/wp-content\/uploads\/2023\/12\/Concejo.jpg","contentUrl":"https:\/\/apuntesdesanluis.com\/wp-content\/uploads\/2023\/12\/Concejo.jpg","width":595,"height":362},{"@type":"BreadcrumbList","@id":"https:\/\/apuntesdesanluis.com\/index.php\/2023\/12\/06\/asumieron-los-nuevos-concejales-y-tribunales-de-contralor-y-una-descortesia-llamo-la-atencion\/#breadcrumb","itemListElement":[{"@type":"ListItem","position":1,"name":"Inicio","item":"https:\/\/apuntesdesanluis.com\/"},{"@type":"ListItem","position":2,"name":"JURARON LOS NUEVOS CONCEJALES Y CONTRALORES Y UNA \u201cDESCORTES\u00cdA\u201d LLAM\u00d3 LA ATENCI\u00d3N"}]},{"@type":"WebSite","@id":"https:\/\/apuntesdesanluis.com\/#website","url":"https:\/\/apuntesdesanluis.com\/","name":"Apuntes de San Luis","description":"","publisher":{"@id":"https:\/\/apuntesdesanluis.com\/#\/schema\/person\/b55151d52296fcce64d1a72538a70b90"},"potentialAction":[{"@type":"SearchAction","target":{"@type":"EntryPoint","urlTemplate":"https:\/\/apuntesdesanluis.com\/?s={search_term_string}"},"query-input":{"@type":"PropertyValueSpecification","valueRequired":true,"valueName":"search_term_string"}}],"inLanguage":"es-AR"},{"@type":["Person","Organization"],"@id":"https:\/\/apuntesdesanluis.com\/#\/schema\/person\/b55151d52296fcce64d1a72538a70b90","name":"apuntesdesanluis.com","image":{"@type":"ImageObject","inLanguage":"es-AR","@id":"https:\/\/apuntesdesanluis.com\/#\/schema\/person\/image\/","url":"https:\/\/apuntesdesanluis.com\/wp-content\/uploads\/2023\/07\/cropped-apuntesdesanluis.png","contentUrl":"https:\/\/apuntesdesanluis.com\/wp-content\/uploads\/2023\/07\/cropped-apuntesdesanluis.png","width":450,"height":112,"caption":"apuntesdesanluis.com"},"logo":{"@id":"https:\/\/apuntesdesanluis.com\/#\/schema\/person\/image\/"},"sameAs":["https:\/\/apuntesdesanluis.com"],"url":"https:\/\/apuntesdesanluis.com\/index.php\/author\/apuntesdesanluis-com\/"}]}},"featured_image_urls":{"full":["https:\/\/apuntesdesanluis.com\/wp-content\/uploads\/2023\/12\/Concejo.jpg",595,362,false],"thumbnail":["https:\/\/apuntesdesanluis.com\/wp-content\/uploads\/2023\/12\/Concejo-150x150.jpg",150,150,true],"medium":["https:\/\/apuntesdesanluis.com\/wp-content\/uploads\/2023\/12\/Concejo-300x183.jpg",300,183,true],"medium_large":["https:\/\/apuntesdesanluis.com\/wp-content\/uploads\/2023\/12\/Concejo.jpg",595,362,false],"large":["https:\/\/apuntesdesanluis.com\/wp-content\/uploads\/2023\/12\/Concejo.jpg",595,362,false],"1536x1536":["https:\/\/apuntesdesanluis.com\/wp-content\/uploads\/2023\/12\/Concejo.jpg",595,362,false],"2048x2048":["https:\/\/apuntesdesanluis.com\/wp-content\/uploads\/2023\/12\/Concejo.jpg",595,362,false],"newsever-slider-full":["https:\/\/apuntesdesanluis.com\/wp-content\/uploads\/2023\/12\/Concejo.jpg",595,362,false],"newsever-featured":["https:\/\/apuntesdesanluis.com\/wp-content\/uploads\/2023\/12\/Concejo.jpg",595,362,false],"newsever-medium":["https:\/\/apuntesdesanluis.com\/wp-content\/uploads\/2023\/12\/Concejo.jpg",595,362,false]},"author_info":{"display_name":"apuntesdesanluis.com","author_link":"https:\/\/apuntesdesanluis.com\/index.php\/author\/apuntesdesanluis-com\/"},"category_info":"<a href=\"https:\/\/apuntesdesanluis.com\/index.php\/category\/ciudad-provincia\/\" rel=\"category tag\">Ciudad\/Provincia<\/a>","tag_info":"Ciudad\/Provincia","comment_count":"0","_links":{"self":[{"href":"https:\/\/apuntesdesanluis.com\/index.php\/wp-json\/wp\/v2\/posts\/7947","targetHints":{"allow":["GET"]}}],"collection":[{"href":"https:\/\/apuntesdesanluis.com\/index.php\/wp-json\/wp\/v2\/posts"}],"about":[{"href":"https:\/\/apuntesdesanluis.com\/index.php\/wp-json\/wp\/v2\/types\/post"}],"author":[{"embeddable":true,"href":"https:\/\/apuntesdesanluis.com\/index.php\/wp-json\/wp\/v2\/users\/1"}],"replies":[{"embeddable":true,"href":"https:\/\/apuntesdesanluis.com\/index.php\/wp-json\/wp\/v2\/comments?post=7947"}],"version-history":[{"count":12,"href":"https:\/\/apuntesdesanluis.com\/index.php\/wp-json\/wp\/v2\/posts\/7947\/revisions"}],"predecessor-version":[{"id":7990,"href":"https:\/\/apuntesdesanluis.com\/index.php\/wp-json\/wp\/v2\/posts\/7947\/revisions\/7990"}],"wp:featuredmedia":[{"embeddable":true,"href":"https:\/\/apuntesdesanluis.com\/index.php\/wp-json\/wp\/v2\/media\/7953"}],"wp:attachment":[{"href":"https:\/\/apuntesdesanluis.com\/index.php\/wp-json\/wp\/v2\/media?parent=7947"}],"wp:term":[{"taxonomy":"category","embeddable":true,"href":"https:\/\/apuntesdesanluis.com\/index.php\/wp-json\/wp\/v2\/categories?post=7947"},{"taxonomy":"post_tag","embeddable":true,"href":"https:\/\/apuntesdesanluis.com\/index.php\/wp-json\/wp\/v2\/tags?post=7947"}],"curies":[{"name":"wp","href":"https:\/\/api.w.org\/{rel}","templated":true}]}}