{"id":7965,"date":"2023-12-06T21:43:24","date_gmt":"2023-12-07T00:43:24","guid":{"rendered":"https:\/\/apuntesdesanluis.com\/?p=7965"},"modified":"2023-12-06T23:11:14","modified_gmt":"2023-12-07T02:11:14","slug":"robaron-dos-comercios-la-misma-noche-se-confiaron-y-fueron-detenidos","status":"publish","type":"post","link":"https:\/\/apuntesdesanluis.com\/index.php\/2023\/12\/06\/robaron-dos-comercios-la-misma-noche-se-confiaron-y-fueron-detenidos\/","title":{"rendered":"ROBARON DOS COMERCIOS LA MISMA NOCHE, SE CONFIARON Y FUERON DETENIDOS"},"content":{"rendered":"<h3>El Dr. Santiago Ortiz, Juez de Garant\u00edas N\u00ba 4, formul\u00f3 cargos provisorios por el delito de robo calificado por el uso de arma cuya aptitud para el disparo no se tiene por acreditada.<\/h3>\n<h3>El Ministerio P\u00fablico Fiscal de la Segunda Circunscripci\u00f3n Judicial, reuni\u00f3 evidencias suficientes para formular cargos a dos hombres como autores del delito de robo calificado\u00a0 por el uso de arma cuya aptitud para el disparo no se tiene por acreditada, en los t\u00e9rminos del Art. 166 Inc. 2 \u00faltimo p\u00e1rrafo del C\u00f3digo Penal Argentino, en concurso real por dos hechos registrados en la ciudad de Villa Mercedes.<\/h3>\n<h3>En la audiencia que se desarroll\u00f3 en la ma\u00f1ana de este mi\u00e9rcoles, la Dra. Daniela Torres \u2013 Fiscal de Instrucci\u00f3n N\u00ba 2\u00a0 \u2013 explic\u00f3 que los hechos investigados ocurrieron el pasado 28 de noviembre.<\/h3>\n<h3>El primero se produjo en un local \u201c24 horas\u201d del barrio La Ribera, cuando dos hombres se acercaron al local a bordo de una motocicleta tipo 110 con pl\u00e1sticos de color rojo. Uno de los sujetos descendi\u00f3, ingres\u00f3 al interior del comercio y exhibiendo un arma de fuego corta de color gris, pidi\u00f3 dinero, cigarrillos y el tel\u00e9fono celular de una empleada. La denunciante dio detalles precisos de la indumentaria utilizada por el asaltante y asimismo,\u00a0 aport\u00f3 videos de c\u00e1maras de seguridad del local comercial.<\/h3>\n<p><img fetchpriority=\"high\" decoding=\"async\" class=\"wp-image-7988 aligncenter\" src=\"https:\/\/apuntesdesanluis.com\/wp-content\/uploads\/2023\/12\/moto-300x205.png\" alt=\"\" width=\"802\" height=\"548\" srcset=\"https:\/\/apuntesdesanluis.com\/wp-content\/uploads\/2023\/12\/moto-300x205.png 300w, https:\/\/apuntesdesanluis.com\/wp-content\/uploads\/2023\/12\/moto.png 600w\" sizes=\"(max-width: 802px) 100vw, 802px\" \/><\/p>\n<h3>El segundo il\u00edcito se produjo unos minutos m\u00e1s tarde, aproximadamente a las 21:59, en un comercio ubicado en calle Los \u00c1lamos y Carlos Pellegrini, cuando los dos sujetos, utilizando la misma modalidad, sustrajeron elementos de ese local.<\/h3>\n<h3>La Dra. Daniela Torres pidi\u00f3 se formulen cargos por el delito de robo calificado\u00a0 por el uso de arma cuya aptitud para el disparo no se tiene por acreditada, dos hechos, en concurso real.<\/h3>\n<h3>Por su parte, la Dra. Ximena Bertoli \u2013 Defensora Oficial Adjunta \u2013 solicit\u00f3 8 d\u00edas de pr\u00f3rroga de la detenci\u00f3n de los imputados.<\/h3>\n<h3>Luego de escuchar a las partes, el Dr. Santiago Ortiz formul\u00f3 cargos provisorios en los mismos t\u00e9rminos que lo solicitado por la fiscal\u00eda, concedi\u00f3 la pr\u00f3rroga de la detenci\u00f3n y fij\u00f3 una nueva audiencia para el pr\u00f3ximo 14 de diciembre a las 11 horas. Intervino como secretaria en esta audiencia la Dra. Nadia Segura.<\/h3>\n<p>&nbsp;<\/p>\n<p>&nbsp;<\/p>\n<p>&nbsp;<\/p>\n<p>&nbsp;<\/p>\n","protected":false},"excerpt":{"rendered":"<p>El Dr. Santiago Ortiz, Juez de Garant\u00edas N\u00ba 4, formul\u00f3 cargos provisorios por el delito&#8230;<\/p>\n","protected":false},"author":1,"featured_media":7966,"comment_status":"closed","ping_status":"closed","sticky":false,"template":"","format":"standard","meta":{"footnotes":""},"categories":[6],"tags":[],"class_list":["post-7965","post","type-post","status-publish","format-standard","has-post-thumbnail","hentry","category-ciudad-provincia"],"yoast_head":"<!-- This site is optimized with the Yoast SEO plugin v26.1.1 - https:\/\/yoast.com\/wordpress\/plugins\/seo\/ -->\n<title>ROBARON DOS COMERCIOS LA MISMA NOCHE, SE CONFIARON Y FUERON DETENIDOS - Apuntes de San Luis<\/title>\n<meta name=\"robots\" content=\"index, follow, max-snippet:-1, max-image-preview:large, max-video-preview:-1\" \/>\n<link rel=\"canonical\" href=\"https:\/\/apuntesdesanluis.com\/index.php\/2023\/12\/06\/robaron-dos-comercios-la-misma-noche-se-confiaron-y-fueron-detenidos\/\" \/>\n<meta property=\"og:locale\" content=\"es_ES\" \/>\n<meta property=\"og:type\" content=\"article\" \/>\n<meta property=\"og:title\" content=\"ROBARON DOS COMERCIOS LA MISMA NOCHE, SE CONFIARON Y FUERON DETENIDOS - Apuntes de San Luis\" \/>\n<meta property=\"og:description\" content=\"El Dr. Santiago Ortiz, Juez de Garant\u00edas N\u00ba 4, formul\u00f3 cargos provisorios por el delito...\" \/>\n<meta property=\"og:url\" content=\"https:\/\/apuntesdesanluis.com\/index.php\/2023\/12\/06\/robaron-dos-comercios-la-misma-noche-se-confiaron-y-fueron-detenidos\/\" \/>\n<meta property=\"og:site_name\" content=\"Apuntes de San Luis\" \/>\n<meta property=\"article:published_time\" content=\"2023-12-07T00:43:24+00:00\" \/>\n<meta property=\"article:modified_time\" content=\"2023-12-07T02:11:14+00:00\" \/>\n<meta property=\"og:image\" content=\"https:\/\/apuntesdesanluis.com\/wp-content\/uploads\/2023\/12\/chorizos.png\" \/>\n\t<meta property=\"og:image:width\" content=\"600\" \/>\n\t<meta property=\"og:image:height\" content=\"331\" \/>\n\t<meta property=\"og:image:type\" content=\"image\/png\" \/>\n<meta name=\"author\" content=\"apuntesdesanluis.com\" \/>\n<meta name=\"twitter:card\" content=\"summary_large_image\" \/>\n<meta name=\"twitter:label1\" content=\"Escrito por\" \/>\n\t<meta name=\"twitter:data1\" content=\"apuntesdesanluis.com\" \/>\n\t<meta name=\"twitter:label2\" content=\"Tiempo de lectura\" \/>\n\t<meta name=\"twitter:data2\" content=\"2 minutos\" \/>\n<script type=\"application\/ld+json\" class=\"yoast-schema-graph\">{\"@context\":\"https:\/\/schema.org\",\"@graph\":[{\"@type\":\"Article\",\"@id\":\"https:\/\/apuntesdesanluis.com\/index.php\/2023\/12\/06\/robaron-dos-comercios-la-misma-noche-se-confiaron-y-fueron-detenidos\/#article\",\"isPartOf\":{\"@id\":\"https:\/\/apuntesdesanluis.com\/index.php\/2023\/12\/06\/robaron-dos-comercios-la-misma-noche-se-confiaron-y-fueron-detenidos\/\"},\"author\":{\"name\":\"apuntesdesanluis.com\",\"@id\":\"https:\/\/apuntesdesanluis.com\/#\/schema\/person\/b55151d52296fcce64d1a72538a70b90\"},\"headline\":\"ROBARON DOS COMERCIOS LA MISMA NOCHE, SE CONFIARON Y FUERON DETENIDOS\",\"datePublished\":\"2023-12-07T00:43:24+00:00\",\"dateModified\":\"2023-12-07T02:11:14+00:00\",\"mainEntityOfPage\":{\"@id\":\"https:\/\/apuntesdesanluis.com\/index.php\/2023\/12\/06\/robaron-dos-comercios-la-misma-noche-se-confiaron-y-fueron-detenidos\/\"},\"wordCount\":389,\"publisher\":{\"@id\":\"https:\/\/apuntesdesanluis.com\/#\/schema\/person\/b55151d52296fcce64d1a72538a70b90\"},\"image\":{\"@id\":\"https:\/\/apuntesdesanluis.com\/index.php\/2023\/12\/06\/robaron-dos-comercios-la-misma-noche-se-confiaron-y-fueron-detenidos\/#primaryimage\"},\"thumbnailUrl\":\"https:\/\/apuntesdesanluis.com\/wp-content\/uploads\/2023\/12\/chorizos.png\",\"articleSection\":[\"Ciudad\/Provincia\"],\"inLanguage\":\"es-AR\"},{\"@type\":\"WebPage\",\"@id\":\"https:\/\/apuntesdesanluis.com\/index.php\/2023\/12\/06\/robaron-dos-comercios-la-misma-noche-se-confiaron-y-fueron-detenidos\/\",\"url\":\"https:\/\/apuntesdesanluis.com\/index.php\/2023\/12\/06\/robaron-dos-comercios-la-misma-noche-se-confiaron-y-fueron-detenidos\/\",\"name\":\"ROBARON DOS COMERCIOS LA MISMA NOCHE, SE CONFIARON Y FUERON DETENIDOS - Apuntes de San Luis\",\"isPartOf\":{\"@id\":\"https:\/\/apuntesdesanluis.com\/#website\"},\"primaryImageOfPage\":{\"@id\":\"https:\/\/apuntesdesanluis.com\/index.php\/2023\/12\/06\/robaron-dos-comercios-la-misma-noche-se-confiaron-y-fueron-detenidos\/#primaryimage\"},\"image\":{\"@id\":\"https:\/\/apuntesdesanluis.com\/index.php\/2023\/12\/06\/robaron-dos-comercios-la-misma-noche-se-confiaron-y-fueron-detenidos\/#primaryimage\"},\"thumbnailUrl\":\"https:\/\/apuntesdesanluis.com\/wp-content\/uploads\/2023\/12\/chorizos.png\",\"datePublished\":\"2023-12-07T00:43:24+00:00\",\"dateModified\":\"2023-12-07T02:11:14+00:00\",\"breadcrumb\":{\"@id\":\"https:\/\/apuntesdesanluis.com\/index.php\/2023\/12\/06\/robaron-dos-comercios-la-misma-noche-se-confiaron-y-fueron-detenidos\/#breadcrumb\"},\"inLanguage\":\"es-AR\",\"potentialAction\":[{\"@type\":\"ReadAction\",\"target\":[\"https:\/\/apuntesdesanluis.com\/index.php\/2023\/12\/06\/robaron-dos-comercios-la-misma-noche-se-confiaron-y-fueron-detenidos\/\"]}]},{\"@type\":\"ImageObject\",\"inLanguage\":\"es-AR\",\"@id\":\"https:\/\/apuntesdesanluis.com\/index.php\/2023\/12\/06\/robaron-dos-comercios-la-misma-noche-se-confiaron-y-fueron-detenidos\/#primaryimage\",\"url\":\"https:\/\/apuntesdesanluis.com\/wp-content\/uploads\/2023\/12\/chorizos.png\",\"contentUrl\":\"https:\/\/apuntesdesanluis.com\/wp-content\/uploads\/2023\/12\/chorizos.png\",\"width\":600,\"height\":331},{\"@type\":\"BreadcrumbList\",\"@id\":\"https:\/\/apuntesdesanluis.com\/index.php\/2023\/12\/06\/robaron-dos-comercios-la-misma-noche-se-confiaron-y-fueron-detenidos\/#breadcrumb\",\"itemListElement\":[{\"@type\":\"ListItem\",\"position\":1,\"name\":\"Inicio\",\"item\":\"https:\/\/apuntesdesanluis.com\/\"},{\"@type\":\"ListItem\",\"position\":2,\"name\":\"ROBARON DOS COMERCIOS LA MISMA NOCHE, SE CONFIARON Y FUERON DETENIDOS\"}]},{\"@type\":\"WebSite\",\"@id\":\"https:\/\/apuntesdesanluis.com\/#website\",\"url\":\"https:\/\/apuntesdesanluis.com\/\",\"name\":\"Apuntes de San Luis\",\"description\":\"\",\"publisher\":{\"@id\":\"https:\/\/apuntesdesanluis.com\/#\/schema\/person\/b55151d52296fcce64d1a72538a70b90\"},\"potentialAction\":[{\"@type\":\"SearchAction\",\"target\":{\"@type\":\"EntryPoint\",\"urlTemplate\":\"https:\/\/apuntesdesanluis.com\/?s={search_term_string}\"},\"query-input\":{\"@type\":\"PropertyValueSpecification\",\"valueRequired\":true,\"valueName\":\"search_term_string\"}}],\"inLanguage\":\"es-AR\"},{\"@type\":[\"Person\",\"Organization\"],\"@id\":\"https:\/\/apuntesdesanluis.com\/#\/schema\/person\/b55151d52296fcce64d1a72538a70b90\",\"name\":\"apuntesdesanluis.com\",\"image\":{\"@type\":\"ImageObject\",\"inLanguage\":\"es-AR\",\"@id\":\"https:\/\/apuntesdesanluis.com\/#\/schema\/person\/image\/\",\"url\":\"https:\/\/apuntesdesanluis.com\/wp-content\/uploads\/2023\/07\/cropped-apuntesdesanluis.png\",\"contentUrl\":\"https:\/\/apuntesdesanluis.com\/wp-content\/uploads\/2023\/07\/cropped-apuntesdesanluis.png\",\"width\":450,\"height\":112,\"caption\":\"apuntesdesanluis.com\"},\"logo\":{\"@id\":\"https:\/\/apuntesdesanluis.com\/#\/schema\/person\/image\/\"},\"sameAs\":[\"https:\/\/apuntesdesanluis.com\"],\"url\":\"https:\/\/apuntesdesanluis.com\/index.php\/author\/apuntesdesanluis-com\/\"}]}<\/script>\n<!-- \/ Yoast SEO plugin. -->","yoast_head_json":{"title":"ROBARON DOS COMERCIOS LA MISMA NOCHE, SE CONFIARON Y FUERON DETENIDOS - Apuntes de San Luis","robots":{"index":"index","follow":"follow","max-snippet":"max-snippet:-1","max-image-preview":"max-image-preview:large","max-video-preview":"max-video-preview:-1"},"canonical":"https:\/\/apuntesdesanluis.com\/index.php\/2023\/12\/06\/robaron-dos-comercios-la-misma-noche-se-confiaron-y-fueron-detenidos\/","og_locale":"es_ES","og_type":"article","og_title":"ROBARON DOS COMERCIOS LA MISMA NOCHE, SE CONFIARON Y FUERON DETENIDOS - Apuntes de San Luis","og_description":"El Dr. Santiago Ortiz, Juez de Garant\u00edas N\u00ba 4, formul\u00f3 cargos provisorios por el delito...","og_url":"https:\/\/apuntesdesanluis.com\/index.php\/2023\/12\/06\/robaron-dos-comercios-la-misma-noche-se-confiaron-y-fueron-detenidos\/","og_site_name":"Apuntes de San Luis","article_published_time":"2023-12-07T00:43:24+00:00","article_modified_time":"2023-12-07T02:11:14+00:00","og_image":[{"width":600,"height":331,"url":"https:\/\/apuntesdesanluis.com\/wp-content\/uploads\/2023\/12\/chorizos.png","type":"image\/png"}],"author":"apuntesdesanluis.com","twitter_card":"summary_large_image","twitter_misc":{"Escrito por":"apuntesdesanluis.com","Tiempo de lectura":"2 minutos"},"schema":{"@context":"https:\/\/schema.org","@graph":[{"@type":"Article","@id":"https:\/\/apuntesdesanluis.com\/index.php\/2023\/12\/06\/robaron-dos-comercios-la-misma-noche-se-confiaron-y-fueron-detenidos\/#article","isPartOf":{"@id":"https:\/\/apuntesdesanluis.com\/index.php\/2023\/12\/06\/robaron-dos-comercios-la-misma-noche-se-confiaron-y-fueron-detenidos\/"},"author":{"name":"apuntesdesanluis.com","@id":"https:\/\/apuntesdesanluis.com\/#\/schema\/person\/b55151d52296fcce64d1a72538a70b90"},"headline":"ROBARON DOS COMERCIOS LA MISMA NOCHE, SE CONFIARON Y FUERON DETENIDOS","datePublished":"2023-12-07T00:43:24+00:00","dateModified":"2023-12-07T02:11:14+00:00","mainEntityOfPage":{"@id":"https:\/\/apuntesdesanluis.com\/index.php\/2023\/12\/06\/robaron-dos-comercios-la-misma-noche-se-confiaron-y-fueron-detenidos\/"},"wordCount":389,"publisher":{"@id":"https:\/\/apuntesdesanluis.com\/#\/schema\/person\/b55151d52296fcce64d1a72538a70b90"},"image":{"@id":"https:\/\/apuntesdesanluis.com\/index.php\/2023\/12\/06\/robaron-dos-comercios-la-misma-noche-se-confiaron-y-fueron-detenidos\/#primaryimage"},"thumbnailUrl":"https:\/\/apuntesdesanluis.com\/wp-content\/uploads\/2023\/12\/chorizos.png","articleSection":["Ciudad\/Provincia"],"inLanguage":"es-AR"},{"@type":"WebPage","@id":"https:\/\/apuntesdesanluis.com\/index.php\/2023\/12\/06\/robaron-dos-comercios-la-misma-noche-se-confiaron-y-fueron-detenidos\/","url":"https:\/\/apuntesdesanluis.com\/index.php\/2023\/12\/06\/robaron-dos-comercios-la-misma-noche-se-confiaron-y-fueron-detenidos\/","name":"ROBARON DOS COMERCIOS LA MISMA NOCHE, SE CONFIARON Y FUERON DETENIDOS - Apuntes de San Luis","isPartOf":{"@id":"https:\/\/apuntesdesanluis.com\/#website"},"primaryImageOfPage":{"@id":"https:\/\/apuntesdesanluis.com\/index.php\/2023\/12\/06\/robaron-dos-comercios-la-misma-noche-se-confiaron-y-fueron-detenidos\/#primaryimage"},"image":{"@id":"https:\/\/apuntesdesanluis.com\/index.php\/2023\/12\/06\/robaron-dos-comercios-la-misma-noche-se-confiaron-y-fueron-detenidos\/#primaryimage"},"thumbnailUrl":"https:\/\/apuntesdesanluis.com\/wp-content\/uploads\/2023\/12\/chorizos.png","datePublished":"2023-12-07T00:43:24+00:00","dateModified":"2023-12-07T02:11:14+00:00","breadcrumb":{"@id":"https:\/\/apuntesdesanluis.com\/index.php\/2023\/12\/06\/robaron-dos-comercios-la-misma-noche-se-confiaron-y-fueron-detenidos\/#breadcrumb"},"inLanguage":"es-AR","potentialAction":[{"@type":"ReadAction","target":["https:\/\/apuntesdesanluis.com\/index.php\/2023\/12\/06\/robaron-dos-comercios-la-misma-noche-se-confiaron-y-fueron-detenidos\/"]}]},{"@type":"ImageObject","inLanguage":"es-AR","@id":"https:\/\/apuntesdesanluis.com\/index.php\/2023\/12\/06\/robaron-dos-comercios-la-misma-noche-se-confiaron-y-fueron-detenidos\/#primaryimage","url":"https:\/\/apuntesdesanluis.com\/wp-content\/uploads\/2023\/12\/chorizos.png","contentUrl":"https:\/\/apuntesdesanluis.com\/wp-content\/uploads\/2023\/12\/chorizos.png","width":600,"height":331},{"@type":"BreadcrumbList","@id":"https:\/\/apuntesdesanluis.com\/index.php\/2023\/12\/06\/robaron-dos-comercios-la-misma-noche-se-confiaron-y-fueron-detenidos\/#breadcrumb","itemListElement":[{"@type":"ListItem","position":1,"name":"Inicio","item":"https:\/\/apuntesdesanluis.com\/"},{"@type":"ListItem","position":2,"name":"ROBARON DOS COMERCIOS LA MISMA NOCHE, SE CONFIARON Y FUERON DETENIDOS"}]},{"@type":"WebSite","@id":"https:\/\/apuntesdesanluis.com\/#website","url":"https:\/\/apuntesdesanluis.com\/","name":"Apuntes de San Luis","description":"","publisher":{"@id":"https:\/\/apuntesdesanluis.com\/#\/schema\/person\/b55151d52296fcce64d1a72538a70b90"},"potentialAction":[{"@type":"SearchAction","target":{"@type":"EntryPoint","urlTemplate":"https:\/\/apuntesdesanluis.com\/?s={search_term_string}"},"query-input":{"@type":"PropertyValueSpecification","valueRequired":true,"valueName":"search_term_string"}}],"inLanguage":"es-AR"},{"@type":["Person","Organization"],"@id":"https:\/\/apuntesdesanluis.com\/#\/schema\/person\/b55151d52296fcce64d1a72538a70b90","name":"apuntesdesanluis.com","image":{"@type":"ImageObject","inLanguage":"es-AR","@id":"https:\/\/apuntesdesanluis.com\/#\/schema\/person\/image\/","url":"https:\/\/apuntesdesanluis.com\/wp-content\/uploads\/2023\/07\/cropped-apuntesdesanluis.png","contentUrl":"https:\/\/apuntesdesanluis.com\/wp-content\/uploads\/2023\/07\/cropped-apuntesdesanluis.png","width":450,"height":112,"caption":"apuntesdesanluis.com"},"logo":{"@id":"https:\/\/apuntesdesanluis.com\/#\/schema\/person\/image\/"},"sameAs":["https:\/\/apuntesdesanluis.com"],"url":"https:\/\/apuntesdesanluis.com\/index.php\/author\/apuntesdesanluis-com\/"}]}},"featured_image_urls":{"full":["https:\/\/apuntesdesanluis.com\/wp-content\/uploads\/2023\/12\/chorizos.png",600,331,false],"thumbnail":["https:\/\/apuntesdesanluis.com\/wp-content\/uploads\/2023\/12\/chorizos-150x150.png",150,150,true],"medium":["https:\/\/apuntesdesanluis.com\/wp-content\/uploads\/2023\/12\/chorizos-300x166.png",300,166,true],"medium_large":["https:\/\/apuntesdesanluis.com\/wp-content\/uploads\/2023\/12\/chorizos.png",600,331,false],"large":["https:\/\/apuntesdesanluis.com\/wp-content\/uploads\/2023\/12\/chorizos.png",600,331,false],"1536x1536":["https:\/\/apuntesdesanluis.com\/wp-content\/uploads\/2023\/12\/chorizos.png",600,331,false],"2048x2048":["https:\/\/apuntesdesanluis.com\/wp-content\/uploads\/2023\/12\/chorizos.png",600,331,false],"newsever-slider-full":["https:\/\/apuntesdesanluis.com\/wp-content\/uploads\/2023\/12\/chorizos.png",600,331,false],"newsever-featured":["https:\/\/apuntesdesanluis.com\/wp-content\/uploads\/2023\/12\/chorizos.png",600,331,false],"newsever-medium":["https:\/\/apuntesdesanluis.com\/wp-content\/uploads\/2023\/12\/chorizos.png",600,331,false]},"author_info":{"display_name":"apuntesdesanluis.com","author_link":"https:\/\/apuntesdesanluis.com\/index.php\/author\/apuntesdesanluis-com\/"},"category_info":"<a href=\"https:\/\/apuntesdesanluis.com\/index.php\/category\/ciudad-provincia\/\" rel=\"category tag\">Ciudad\/Provincia<\/a>","tag_info":"Ciudad\/Provincia","comment_count":"0","_links":{"self":[{"href":"https:\/\/apuntesdesanluis.com\/index.php\/wp-json\/wp\/v2\/posts\/7965","targetHints":{"allow":["GET"]}}],"collection":[{"href":"https:\/\/apuntesdesanluis.com\/index.php\/wp-json\/wp\/v2\/posts"}],"about":[{"href":"https:\/\/apuntesdesanluis.com\/index.php\/wp-json\/wp\/v2\/types\/post"}],"author":[{"embeddable":true,"href":"https:\/\/apuntesdesanluis.com\/index.php\/wp-json\/wp\/v2\/users\/1"}],"replies":[{"embeddable":true,"href":"https:\/\/apuntesdesanluis.com\/index.php\/wp-json\/wp\/v2\/comments?post=7965"}],"version-history":[{"count":2,"href":"https:\/\/apuntesdesanluis.com\/index.php\/wp-json\/wp\/v2\/posts\/7965\/revisions"}],"predecessor-version":[{"id":7989,"href":"https:\/\/apuntesdesanluis.com\/index.php\/wp-json\/wp\/v2\/posts\/7965\/revisions\/7989"}],"wp:featuredmedia":[{"embeddable":true,"href":"https:\/\/apuntesdesanluis.com\/index.php\/wp-json\/wp\/v2\/media\/7966"}],"wp:attachment":[{"href":"https:\/\/apuntesdesanluis.com\/index.php\/wp-json\/wp\/v2\/media?parent=7965"}],"wp:term":[{"taxonomy":"category","embeddable":true,"href":"https:\/\/apuntesdesanluis.com\/index.php\/wp-json\/wp\/v2\/categories?post=7965"},{"taxonomy":"post_tag","embeddable":true,"href":"https:\/\/apuntesdesanluis.com\/index.php\/wp-json\/wp\/v2\/tags?post=7965"}],"curies":[{"name":"wp","href":"https:\/\/api.w.org\/{rel}","templated":true}]}}