{"id":7971,"date":"2023-12-06T21:54:16","date_gmt":"2023-12-07T00:54:16","guid":{"rendered":"https:\/\/apuntesdesanluis.com\/?p=7971"},"modified":"2023-12-06T23:10:00","modified_gmt":"2023-12-07T02:10:00","slug":"marco-lavagna-seguira-al-frente-del-indec-en-el-gobierno-de-milei","status":"publish","type":"post","link":"https:\/\/apuntesdesanluis.com\/index.php\/2023\/12\/06\/marco-lavagna-seguira-al-frente-del-indec-en-el-gobierno-de-milei\/","title":{"rendered":"MARCO LAVAGNA SEGUIR\u00c1 AL FRENTE DEL INDEC EN EL GOBIERNO DE MILEI"},"content":{"rendered":"<h3>El presidente electo <strong>Javier Milei<\/strong> confirm\u00f3 que el titular del <strong>Instituto Nacional de Estad\u00edstica y Censo<\/strong> (Indec), <strong>Marco Lavagna<\/strong>, continuar\u00e1 al frente del organismo despu\u00e9s del 10 de diciembre.<\/h3>\n<h3>La Oficina del Presidente Electo public\u00f3 la novedad en su cuenta de la red social X.<\/h3>\n<h3>&#8220;Sus equipos est\u00e1n trabajando en un proyecto que dotar\u00e1 al organismo de autonom\u00eda y autarqu\u00eda para que deje de funcionar bajo la \u00f3rbita del Ministerio de Econom\u00eda de la Naci\u00f3n&#8221;, se detall\u00f3.<\/h3>\n<h3>De esta manera el director del Indec y, en simult\u00e1neo, secretario de Relaciones Financieras Internacionales, continuar\u00e1 en el organismo estad\u00edstico, transform\u00e1ndose en el primer integrante del gobierno actual en confirmar la continuidad en la nueva gesti\u00f3n.<\/h3>\n<h3>De acuerdo con el comunicado emitido esta tarde noche por la Oficina del Presidente Electo, &#8220;se establecer\u00e1 una nueva pol\u00edtica de Estado, en la que el Indec ser\u00e1 un organismo despolitizado&#8221;.<\/h3>\n<h3>Milei busca dotar de mayor credibilidad a un organismo que tras los conflictos y mediciones pol\u00e9micas durante los gobiernos de Cristina Kirchner, se reconstruy\u00f3 y recobr\u00f3 credibilidad en las \u00faltimas dos gestiones.<\/h3>\n<h3>Con la continuidad de Marco Lavagna, el gobierno de Milei contiene\u00a0 dirigentes de las cuatro\u00a0 principales agrupaciones pol\u00edticas que compitieron en las \u00faltimas elecciones. Hay dirigentes de La Libertad Avanza, de Juntos por el Cambio, Hacemos por nuestro Pais, y ahora de Uni\u00f3n por la Patria.<\/h3>\n<h3>A 4 d\u00edas de la asunci\u00f3n de Javier Milei, todav\u00eda hay casilleros libres en el organigrama del equipo econ\u00f3mico. Restan confirmaciones oficiales del Director general de AFIP,\u00a0 de la Aduana, y el responsable de las cuentas fiscales y temas presupuestarios, en las que algunas fuentes aseguran que le habr\u00edan ofrecido la continuidad al actual secretario de hacienda Ra\u00fal Rigo, en lo que ser\u00eda otro salto de Uni\u00f3n por la Patria al gobierno libertario.<\/h3>\n<h3>QUI\u00c9N ES MARCO LAVAGNA<\/h3>\n<h3>Marco Lavagna es\u00a0 licenciado en Econom\u00eda graduado en la Universidad Cat\u00f3lica Argentina (UCA). En 2015 fue electo diputado nacional por la Ciudad de Buenos Aires, en donde se desempe\u00f1\u00f3 como vicepresidente segundo de la Comisi\u00f3n de Presupuesto y Hacienda y de la Comisi\u00f3n Bicameral para la Reforma Tributaria. Adem\u00e1s, ejerci\u00f3 la docencia en la Universidad del Salvador y en la UCA, en las c\u00e1tedras de Econometr\u00eda.<\/h3>\n<h3>En su perfil de LinkedIn\u00a0 detalla que tambi\u00e9n es especialista en el dise\u00f1o de planes y programas estrat\u00e9gicos para compa\u00f1\u00edas privadas y organismos p\u00fablicos. Fue director de diversas empresas de sectores relacionados con el mejoramiento vegetal, laboratorios y servicios profesionales, y asesor\u00f3 a empresas p\u00fablicas y privadas en an\u00e1lisis macro y microecon\u00f3mico, complejos productivos agroindustriales, proyectos de inversi\u00f3n, como as\u00ed tambi\u00e9n en estudios econ\u00f3micos sectoriales y evaluaci\u00f3n de impacto de pol\u00edticas p\u00fablicas.<\/h3>\n<h3>OTRAS DESIGNACIONES<\/h3>\n<h3>El Banco Naci\u00f3n estar\u00e1 liderado por <strong>Daniel Tillard<\/strong> como presidente y Dar\u00edo Wasserman como vice, seg\u00fan inform\u00f3 esta ma\u00f1ana a trav\u00e9s de un comunicado la Oficina del Presidente Javier Milei.<\/h3>\n<p><img fetchpriority=\"high\" decoding=\"async\" class=\"wp-image-7986 aligncenter\" src=\"https:\/\/apuntesdesanluis.com\/wp-content\/uploads\/2023\/12\/tillard-1-300x193.png\" alt=\"\" width=\"704\" height=\"453\" srcset=\"https:\/\/apuntesdesanluis.com\/wp-content\/uploads\/2023\/12\/tillard-1-300x193.png 300w, https:\/\/apuntesdesanluis.com\/wp-content\/uploads\/2023\/12\/tillard-1.png 625w\" sizes=\"(max-width: 704px) 100vw, 704px\" \/><\/p>\n<h3>Tillard ocupa desde hace ocho a\u00f1os el cargo de titular del Banco de C\u00f3rdoba. Asimismo, fue funcionario de Domingo Cavallo, quien en 2001 lo nombr\u00f3 como subsecretario de Normalizaci\u00f3n Patrimonial.<\/h3>\n<h3>Luego de eso fue director del Banco Provincia de Buenos Aires, titular de Provincia Burs\u00e1til, director de la empresa administradora de la red de cajeros autom\u00e1ticos Link y director suplente de la empresa de seguros de dep\u00f3sitos Sedesa.<\/h3>\n<h3>En el mismo comunicado se confirm\u00f3 que el Banco Central de la Rep\u00fablica Argentina (BCRA) estar\u00e1 encabezado a partir de este domingo, con el cambio de Gobierno, por Santiago Bausilli, en tanto que la secretar\u00eda de Comunicaci\u00f3n del gobierno de Javier Milei ser\u00e1 Bel\u00e9n Stettler.<\/h3>\n<p>&nbsp;<\/p>\n<p>&nbsp;<\/p>\n<p>&nbsp;<\/p>\n<p>&nbsp;<\/p>\n","protected":false},"excerpt":{"rendered":"<p>El presidente electo Javier Milei confirm\u00f3 que el titular del Instituto Nacional de Estad\u00edstica y&#8230;<\/p>\n","protected":false},"author":1,"featured_media":7972,"comment_status":"closed","ping_status":"closed","sticky":false,"template":"","format":"standard","meta":{"footnotes":""},"categories":[5],"tags":[],"class_list":["post-7971","post","type-post","status-publish","format-standard","has-post-thumbnail","hentry","category-nacionales-internacionales"],"yoast_head":"<!-- This site is optimized with the Yoast SEO plugin v26.1.1 - https:\/\/yoast.com\/wordpress\/plugins\/seo\/ -->\n<title>MARCO LAVAGNA SEGUIR\u00c1 AL FRENTE DEL INDEC EN EL GOBIERNO DE MILEI - Apuntes de San Luis<\/title>\n<meta name=\"robots\" content=\"index, follow, max-snippet:-1, max-image-preview:large, max-video-preview:-1\" \/>\n<link rel=\"canonical\" href=\"https:\/\/apuntesdesanluis.com\/index.php\/2023\/12\/06\/marco-lavagna-seguira-al-frente-del-indec-en-el-gobierno-de-milei\/\" \/>\n<meta property=\"og:locale\" content=\"es_ES\" \/>\n<meta property=\"og:type\" content=\"article\" \/>\n<meta property=\"og:title\" content=\"MARCO LAVAGNA SEGUIR\u00c1 AL FRENTE DEL INDEC EN EL GOBIERNO DE MILEI - Apuntes de San Luis\" \/>\n<meta property=\"og:description\" content=\"El presidente electo Javier Milei confirm\u00f3 que el titular del Instituto Nacional de Estad\u00edstica y...\" \/>\n<meta property=\"og:url\" content=\"https:\/\/apuntesdesanluis.com\/index.php\/2023\/12\/06\/marco-lavagna-seguira-al-frente-del-indec-en-el-gobierno-de-milei\/\" \/>\n<meta property=\"og:site_name\" content=\"Apuntes de San Luis\" \/>\n<meta property=\"article:published_time\" content=\"2023-12-07T00:54:16+00:00\" \/>\n<meta property=\"article:modified_time\" content=\"2023-12-07T02:10:00+00:00\" \/>\n<meta property=\"og:image\" content=\"https:\/\/apuntesdesanluis.com\/wp-content\/uploads\/2023\/12\/MARCO-LAVAGNA.png\" \/>\n\t<meta property=\"og:image:width\" content=\"675\" \/>\n\t<meta property=\"og:image:height\" content=\"385\" \/>\n\t<meta property=\"og:image:type\" content=\"image\/png\" \/>\n<meta name=\"author\" content=\"apuntesdesanluis.com\" \/>\n<meta name=\"twitter:card\" content=\"summary_large_image\" \/>\n<meta name=\"twitter:label1\" content=\"Escrito por\" \/>\n\t<meta name=\"twitter:data1\" content=\"apuntesdesanluis.com\" \/>\n\t<meta name=\"twitter:label2\" content=\"Tiempo de lectura\" \/>\n\t<meta name=\"twitter:data2\" content=\"3 minutos\" \/>\n<script type=\"application\/ld+json\" class=\"yoast-schema-graph\">{\"@context\":\"https:\/\/schema.org\",\"@graph\":[{\"@type\":\"Article\",\"@id\":\"https:\/\/apuntesdesanluis.com\/index.php\/2023\/12\/06\/marco-lavagna-seguira-al-frente-del-indec-en-el-gobierno-de-milei\/#article\",\"isPartOf\":{\"@id\":\"https:\/\/apuntesdesanluis.com\/index.php\/2023\/12\/06\/marco-lavagna-seguira-al-frente-del-indec-en-el-gobierno-de-milei\/\"},\"author\":{\"name\":\"apuntesdesanluis.com\",\"@id\":\"https:\/\/apuntesdesanluis.com\/#\/schema\/person\/b55151d52296fcce64d1a72538a70b90\"},\"headline\":\"MARCO LAVAGNA SEGUIR\u00c1 AL FRENTE DEL INDEC EN EL GOBIERNO DE MILEI\",\"datePublished\":\"2023-12-07T00:54:16+00:00\",\"dateModified\":\"2023-12-07T02:10:00+00:00\",\"mainEntityOfPage\":{\"@id\":\"https:\/\/apuntesdesanluis.com\/index.php\/2023\/12\/06\/marco-lavagna-seguira-al-frente-del-indec-en-el-gobierno-de-milei\/\"},\"wordCount\":654,\"publisher\":{\"@id\":\"https:\/\/apuntesdesanluis.com\/#\/schema\/person\/b55151d52296fcce64d1a72538a70b90\"},\"image\":{\"@id\":\"https:\/\/apuntesdesanluis.com\/index.php\/2023\/12\/06\/marco-lavagna-seguira-al-frente-del-indec-en-el-gobierno-de-milei\/#primaryimage\"},\"thumbnailUrl\":\"https:\/\/apuntesdesanluis.com\/wp-content\/uploads\/2023\/12\/MARCO-LAVAGNA.png\",\"articleSection\":[\"Nacionales\/Internacionales\"],\"inLanguage\":\"es-AR\"},{\"@type\":\"WebPage\",\"@id\":\"https:\/\/apuntesdesanluis.com\/index.php\/2023\/12\/06\/marco-lavagna-seguira-al-frente-del-indec-en-el-gobierno-de-milei\/\",\"url\":\"https:\/\/apuntesdesanluis.com\/index.php\/2023\/12\/06\/marco-lavagna-seguira-al-frente-del-indec-en-el-gobierno-de-milei\/\",\"name\":\"MARCO LAVAGNA SEGUIR\u00c1 AL FRENTE DEL INDEC EN EL GOBIERNO DE MILEI - Apuntes de San Luis\",\"isPartOf\":{\"@id\":\"https:\/\/apuntesdesanluis.com\/#website\"},\"primaryImageOfPage\":{\"@id\":\"https:\/\/apuntesdesanluis.com\/index.php\/2023\/12\/06\/marco-lavagna-seguira-al-frente-del-indec-en-el-gobierno-de-milei\/#primaryimage\"},\"image\":{\"@id\":\"https:\/\/apuntesdesanluis.com\/index.php\/2023\/12\/06\/marco-lavagna-seguira-al-frente-del-indec-en-el-gobierno-de-milei\/#primaryimage\"},\"thumbnailUrl\":\"https:\/\/apuntesdesanluis.com\/wp-content\/uploads\/2023\/12\/MARCO-LAVAGNA.png\",\"datePublished\":\"2023-12-07T00:54:16+00:00\",\"dateModified\":\"2023-12-07T02:10:00+00:00\",\"breadcrumb\":{\"@id\":\"https:\/\/apuntesdesanluis.com\/index.php\/2023\/12\/06\/marco-lavagna-seguira-al-frente-del-indec-en-el-gobierno-de-milei\/#breadcrumb\"},\"inLanguage\":\"es-AR\",\"potentialAction\":[{\"@type\":\"ReadAction\",\"target\":[\"https:\/\/apuntesdesanluis.com\/index.php\/2023\/12\/06\/marco-lavagna-seguira-al-frente-del-indec-en-el-gobierno-de-milei\/\"]}]},{\"@type\":\"ImageObject\",\"inLanguage\":\"es-AR\",\"@id\":\"https:\/\/apuntesdesanluis.com\/index.php\/2023\/12\/06\/marco-lavagna-seguira-al-frente-del-indec-en-el-gobierno-de-milei\/#primaryimage\",\"url\":\"https:\/\/apuntesdesanluis.com\/wp-content\/uploads\/2023\/12\/MARCO-LAVAGNA.png\",\"contentUrl\":\"https:\/\/apuntesdesanluis.com\/wp-content\/uploads\/2023\/12\/MARCO-LAVAGNA.png\",\"width\":675,\"height\":385},{\"@type\":\"BreadcrumbList\",\"@id\":\"https:\/\/apuntesdesanluis.com\/index.php\/2023\/12\/06\/marco-lavagna-seguira-al-frente-del-indec-en-el-gobierno-de-milei\/#breadcrumb\",\"itemListElement\":[{\"@type\":\"ListItem\",\"position\":1,\"name\":\"Inicio\",\"item\":\"https:\/\/apuntesdesanluis.com\/\"},{\"@type\":\"ListItem\",\"position\":2,\"name\":\"MARCO LAVAGNA SEGUIR\u00c1 AL FRENTE DEL INDEC EN EL GOBIERNO DE MILEI\"}]},{\"@type\":\"WebSite\",\"@id\":\"https:\/\/apuntesdesanluis.com\/#website\",\"url\":\"https:\/\/apuntesdesanluis.com\/\",\"name\":\"Apuntes de San Luis\",\"description\":\"\",\"publisher\":{\"@id\":\"https:\/\/apuntesdesanluis.com\/#\/schema\/person\/b55151d52296fcce64d1a72538a70b90\"},\"potentialAction\":[{\"@type\":\"SearchAction\",\"target\":{\"@type\":\"EntryPoint\",\"urlTemplate\":\"https:\/\/apuntesdesanluis.com\/?s={search_term_string}\"},\"query-input\":{\"@type\":\"PropertyValueSpecification\",\"valueRequired\":true,\"valueName\":\"search_term_string\"}}],\"inLanguage\":\"es-AR\"},{\"@type\":[\"Person\",\"Organization\"],\"@id\":\"https:\/\/apuntesdesanluis.com\/#\/schema\/person\/b55151d52296fcce64d1a72538a70b90\",\"name\":\"apuntesdesanluis.com\",\"image\":{\"@type\":\"ImageObject\",\"inLanguage\":\"es-AR\",\"@id\":\"https:\/\/apuntesdesanluis.com\/#\/schema\/person\/image\/\",\"url\":\"https:\/\/apuntesdesanluis.com\/wp-content\/uploads\/2023\/07\/cropped-apuntesdesanluis.png\",\"contentUrl\":\"https:\/\/apuntesdesanluis.com\/wp-content\/uploads\/2023\/07\/cropped-apuntesdesanluis.png\",\"width\":450,\"height\":112,\"caption\":\"apuntesdesanluis.com\"},\"logo\":{\"@id\":\"https:\/\/apuntesdesanluis.com\/#\/schema\/person\/image\/\"},\"sameAs\":[\"https:\/\/apuntesdesanluis.com\"],\"url\":\"https:\/\/apuntesdesanluis.com\/index.php\/author\/apuntesdesanluis-com\/\"}]}<\/script>\n<!-- \/ Yoast SEO plugin. -->","yoast_head_json":{"title":"MARCO LAVAGNA SEGUIR\u00c1 AL FRENTE DEL INDEC EN EL GOBIERNO DE MILEI - Apuntes de San Luis","robots":{"index":"index","follow":"follow","max-snippet":"max-snippet:-1","max-image-preview":"max-image-preview:large","max-video-preview":"max-video-preview:-1"},"canonical":"https:\/\/apuntesdesanluis.com\/index.php\/2023\/12\/06\/marco-lavagna-seguira-al-frente-del-indec-en-el-gobierno-de-milei\/","og_locale":"es_ES","og_type":"article","og_title":"MARCO LAVAGNA SEGUIR\u00c1 AL FRENTE DEL INDEC EN EL GOBIERNO DE MILEI - Apuntes de San Luis","og_description":"El presidente electo Javier Milei confirm\u00f3 que el titular del Instituto Nacional de Estad\u00edstica y...","og_url":"https:\/\/apuntesdesanluis.com\/index.php\/2023\/12\/06\/marco-lavagna-seguira-al-frente-del-indec-en-el-gobierno-de-milei\/","og_site_name":"Apuntes de San Luis","article_published_time":"2023-12-07T00:54:16+00:00","article_modified_time":"2023-12-07T02:10:00+00:00","og_image":[{"width":675,"height":385,"url":"https:\/\/apuntesdesanluis.com\/wp-content\/uploads\/2023\/12\/MARCO-LAVAGNA.png","type":"image\/png"}],"author":"apuntesdesanluis.com","twitter_card":"summary_large_image","twitter_misc":{"Escrito por":"apuntesdesanluis.com","Tiempo de lectura":"3 minutos"},"schema":{"@context":"https:\/\/schema.org","@graph":[{"@type":"Article","@id":"https:\/\/apuntesdesanluis.com\/index.php\/2023\/12\/06\/marco-lavagna-seguira-al-frente-del-indec-en-el-gobierno-de-milei\/#article","isPartOf":{"@id":"https:\/\/apuntesdesanluis.com\/index.php\/2023\/12\/06\/marco-lavagna-seguira-al-frente-del-indec-en-el-gobierno-de-milei\/"},"author":{"name":"apuntesdesanluis.com","@id":"https:\/\/apuntesdesanluis.com\/#\/schema\/person\/b55151d52296fcce64d1a72538a70b90"},"headline":"MARCO LAVAGNA SEGUIR\u00c1 AL FRENTE DEL INDEC EN EL GOBIERNO DE MILEI","datePublished":"2023-12-07T00:54:16+00:00","dateModified":"2023-12-07T02:10:00+00:00","mainEntityOfPage":{"@id":"https:\/\/apuntesdesanluis.com\/index.php\/2023\/12\/06\/marco-lavagna-seguira-al-frente-del-indec-en-el-gobierno-de-milei\/"},"wordCount":654,"publisher":{"@id":"https:\/\/apuntesdesanluis.com\/#\/schema\/person\/b55151d52296fcce64d1a72538a70b90"},"image":{"@id":"https:\/\/apuntesdesanluis.com\/index.php\/2023\/12\/06\/marco-lavagna-seguira-al-frente-del-indec-en-el-gobierno-de-milei\/#primaryimage"},"thumbnailUrl":"https:\/\/apuntesdesanluis.com\/wp-content\/uploads\/2023\/12\/MARCO-LAVAGNA.png","articleSection":["Nacionales\/Internacionales"],"inLanguage":"es-AR"},{"@type":"WebPage","@id":"https:\/\/apuntesdesanluis.com\/index.php\/2023\/12\/06\/marco-lavagna-seguira-al-frente-del-indec-en-el-gobierno-de-milei\/","url":"https:\/\/apuntesdesanluis.com\/index.php\/2023\/12\/06\/marco-lavagna-seguira-al-frente-del-indec-en-el-gobierno-de-milei\/","name":"MARCO LAVAGNA SEGUIR\u00c1 AL FRENTE DEL INDEC EN EL GOBIERNO DE MILEI - Apuntes de San Luis","isPartOf":{"@id":"https:\/\/apuntesdesanluis.com\/#website"},"primaryImageOfPage":{"@id":"https:\/\/apuntesdesanluis.com\/index.php\/2023\/12\/06\/marco-lavagna-seguira-al-frente-del-indec-en-el-gobierno-de-milei\/#primaryimage"},"image":{"@id":"https:\/\/apuntesdesanluis.com\/index.php\/2023\/12\/06\/marco-lavagna-seguira-al-frente-del-indec-en-el-gobierno-de-milei\/#primaryimage"},"thumbnailUrl":"https:\/\/apuntesdesanluis.com\/wp-content\/uploads\/2023\/12\/MARCO-LAVAGNA.png","datePublished":"2023-12-07T00:54:16+00:00","dateModified":"2023-12-07T02:10:00+00:00","breadcrumb":{"@id":"https:\/\/apuntesdesanluis.com\/index.php\/2023\/12\/06\/marco-lavagna-seguira-al-frente-del-indec-en-el-gobierno-de-milei\/#breadcrumb"},"inLanguage":"es-AR","potentialAction":[{"@type":"ReadAction","target":["https:\/\/apuntesdesanluis.com\/index.php\/2023\/12\/06\/marco-lavagna-seguira-al-frente-del-indec-en-el-gobierno-de-milei\/"]}]},{"@type":"ImageObject","inLanguage":"es-AR","@id":"https:\/\/apuntesdesanluis.com\/index.php\/2023\/12\/06\/marco-lavagna-seguira-al-frente-del-indec-en-el-gobierno-de-milei\/#primaryimage","url":"https:\/\/apuntesdesanluis.com\/wp-content\/uploads\/2023\/12\/MARCO-LAVAGNA.png","contentUrl":"https:\/\/apuntesdesanluis.com\/wp-content\/uploads\/2023\/12\/MARCO-LAVAGNA.png","width":675,"height":385},{"@type":"BreadcrumbList","@id":"https:\/\/apuntesdesanluis.com\/index.php\/2023\/12\/06\/marco-lavagna-seguira-al-frente-del-indec-en-el-gobierno-de-milei\/#breadcrumb","itemListElement":[{"@type":"ListItem","position":1,"name":"Inicio","item":"https:\/\/apuntesdesanluis.com\/"},{"@type":"ListItem","position":2,"name":"MARCO LAVAGNA SEGUIR\u00c1 AL FRENTE DEL INDEC EN EL GOBIERNO DE MILEI"}]},{"@type":"WebSite","@id":"https:\/\/apuntesdesanluis.com\/#website","url":"https:\/\/apuntesdesanluis.com\/","name":"Apuntes de San Luis","description":"","publisher":{"@id":"https:\/\/apuntesdesanluis.com\/#\/schema\/person\/b55151d52296fcce64d1a72538a70b90"},"potentialAction":[{"@type":"SearchAction","target":{"@type":"EntryPoint","urlTemplate":"https:\/\/apuntesdesanluis.com\/?s={search_term_string}"},"query-input":{"@type":"PropertyValueSpecification","valueRequired":true,"valueName":"search_term_string"}}],"inLanguage":"es-AR"},{"@type":["Person","Organization"],"@id":"https:\/\/apuntesdesanluis.com\/#\/schema\/person\/b55151d52296fcce64d1a72538a70b90","name":"apuntesdesanluis.com","image":{"@type":"ImageObject","inLanguage":"es-AR","@id":"https:\/\/apuntesdesanluis.com\/#\/schema\/person\/image\/","url":"https:\/\/apuntesdesanluis.com\/wp-content\/uploads\/2023\/07\/cropped-apuntesdesanluis.png","contentUrl":"https:\/\/apuntesdesanluis.com\/wp-content\/uploads\/2023\/07\/cropped-apuntesdesanluis.png","width":450,"height":112,"caption":"apuntesdesanluis.com"},"logo":{"@id":"https:\/\/apuntesdesanluis.com\/#\/schema\/person\/image\/"},"sameAs":["https:\/\/apuntesdesanluis.com"],"url":"https:\/\/apuntesdesanluis.com\/index.php\/author\/apuntesdesanluis-com\/"}]}},"featured_image_urls":{"full":["https:\/\/apuntesdesanluis.com\/wp-content\/uploads\/2023\/12\/MARCO-LAVAGNA.png",675,385,false],"thumbnail":["https:\/\/apuntesdesanluis.com\/wp-content\/uploads\/2023\/12\/MARCO-LAVAGNA-150x150.png",150,150,true],"medium":["https:\/\/apuntesdesanluis.com\/wp-content\/uploads\/2023\/12\/MARCO-LAVAGNA-300x171.png",300,171,true],"medium_large":["https:\/\/apuntesdesanluis.com\/wp-content\/uploads\/2023\/12\/MARCO-LAVAGNA.png",640,365,false],"large":["https:\/\/apuntesdesanluis.com\/wp-content\/uploads\/2023\/12\/MARCO-LAVAGNA.png",640,365,false],"1536x1536":["https:\/\/apuntesdesanluis.com\/wp-content\/uploads\/2023\/12\/MARCO-LAVAGNA.png",675,385,false],"2048x2048":["https:\/\/apuntesdesanluis.com\/wp-content\/uploads\/2023\/12\/MARCO-LAVAGNA.png",675,385,false],"newsever-slider-full":["https:\/\/apuntesdesanluis.com\/wp-content\/uploads\/2023\/12\/MARCO-LAVAGNA.png",675,385,false],"newsever-featured":["https:\/\/apuntesdesanluis.com\/wp-content\/uploads\/2023\/12\/MARCO-LAVAGNA.png",675,385,false],"newsever-medium":["https:\/\/apuntesdesanluis.com\/wp-content\/uploads\/2023\/12\/MARCO-LAVAGNA.png",675,385,false]},"author_info":{"display_name":"apuntesdesanluis.com","author_link":"https:\/\/apuntesdesanluis.com\/index.php\/author\/apuntesdesanluis-com\/"},"category_info":"<a href=\"https:\/\/apuntesdesanluis.com\/index.php\/category\/nacionales-internacionales\/\" rel=\"category tag\">Nacionales\/Internacionales<\/a>","tag_info":"Nacionales\/Internacionales","comment_count":"0","_links":{"self":[{"href":"https:\/\/apuntesdesanluis.com\/index.php\/wp-json\/wp\/v2\/posts\/7971","targetHints":{"allow":["GET"]}}],"collection":[{"href":"https:\/\/apuntesdesanluis.com\/index.php\/wp-json\/wp\/v2\/posts"}],"about":[{"href":"https:\/\/apuntesdesanluis.com\/index.php\/wp-json\/wp\/v2\/types\/post"}],"author":[{"embeddable":true,"href":"https:\/\/apuntesdesanluis.com\/index.php\/wp-json\/wp\/v2\/users\/1"}],"replies":[{"embeddable":true,"href":"https:\/\/apuntesdesanluis.com\/index.php\/wp-json\/wp\/v2\/comments?post=7971"}],"version-history":[{"count":3,"href":"https:\/\/apuntesdesanluis.com\/index.php\/wp-json\/wp\/v2\/posts\/7971\/revisions"}],"predecessor-version":[{"id":7987,"href":"https:\/\/apuntesdesanluis.com\/index.php\/wp-json\/wp\/v2\/posts\/7971\/revisions\/7987"}],"wp:featuredmedia":[{"embeddable":true,"href":"https:\/\/apuntesdesanluis.com\/index.php\/wp-json\/wp\/v2\/media\/7972"}],"wp:attachment":[{"href":"https:\/\/apuntesdesanluis.com\/index.php\/wp-json\/wp\/v2\/media?parent=7971"}],"wp:term":[{"taxonomy":"category","embeddable":true,"href":"https:\/\/apuntesdesanluis.com\/index.php\/wp-json\/wp\/v2\/categories?post=7971"},{"taxonomy":"post_tag","embeddable":true,"href":"https:\/\/apuntesdesanluis.com\/index.php\/wp-json\/wp\/v2\/tags?post=7971"}],"curies":[{"name":"wp","href":"https:\/\/api.w.org\/{rel}","templated":true}]}}