{"id":7974,"date":"2023-12-06T22:05:25","date_gmt":"2023-12-07T01:05:25","guid":{"rendered":"https:\/\/apuntesdesanluis.com\/?p=7974"},"modified":"2023-12-06T22:05:25","modified_gmt":"2023-12-07T01:05:25","slug":"juicio-por-la-muerte-de-debora-perez-volpin-absolvieron-al-ex-director-medico-de-la-clinica-y-a-una-instrumentadora","status":"publish","type":"post","link":"https:\/\/apuntesdesanluis.com\/index.php\/2023\/12\/06\/juicio-por-la-muerte-de-debora-perez-volpin-absolvieron-al-ex-director-medico-de-la-clinica-y-a-una-instrumentadora\/","title":{"rendered":"JUICIO POR LA MUERTE DE D\u00c9BORA P\u00c9REZ VOLPIN: ABSOLVIERON AL EX DIRECTOR M\u00c9DICO DE LA CL\u00cdNICA Y A UNA INSTRUMENTADORA"},"content":{"rendered":"<h3>A casi 6 a\u00f1os de la muerte de <strong>D\u00e9bora P\u00e9rez Volpin<\/strong>, el segundo juicio oral por el caso tuvo este mi\u00e9rcoles su veredicto. El tribunal oral decidi\u00f3 absolver a <strong>Roberto Martingano<\/strong>, ex director del sanatorio de La Trinidad de Palermo; acusado de encubrimiento; y a <strong>Miriam Fr\u00edas<\/strong>, la instrumentadora quir\u00fargica que atendi\u00f3 a la v\u00edctima y se le hab\u00eda imputado por falso testimonio.<\/h3>\n<h3>La familia de la periodista escuch\u00f3 el veredicto y se retir\u00f3 en silencio, decepcionada. Junto a la fiscal\u00eda, apelar\u00e1n la resoluci\u00f3n. Las defensas, por su parte, celebraron el fallo e insistieron que no hubo delitos.<\/h3>\n<h3>La familia de la periodista, a trav\u00e9s del abogado Diego Pirota, hab\u00eda pedido condenas por encubrimiento para el ex director m\u00e9dico con una pena de tres a\u00f1os de prisi\u00f3n y 10 a\u00f1os de inhabilitaci\u00f3n. Para Fr\u00edas se solicit\u00f3 tres a\u00f1os por falso testimonio.<\/h3>\n<h3>Adem\u00e1s, se pidi\u00f3 extraer testimonios por el delito de estafa procesal, porque existen claros indicios de que la documentaci\u00f3n que se aport\u00f3 para acreditar la compra del equipo endosc\u00f3pico era \u201cfalsa, armada, fabricada\u201d. La fiscal\u00eda, en tanto, solicit\u00f3 tambi\u00e9n tres a\u00f1os para Martingano y dos a\u00f1os para Fr\u00edas. Las defensas por su parte, reclamaron la absoluci\u00f3n.<\/h3>\n<h3>El tribunal tom\u00f3 su decisi\u00f3n y entendi\u00f3 que no hab\u00edan suficientes pruebas para dar una condena. Los fundamentos todav\u00eda no se conocen.<\/h3>\n<h3>Al escuchar el veredicto, el abogado Pirota se mostr\u00f3 sorprendido. \u201cSe van a tener que esforzar bastante para fundar esta sentencia\u201d, afirm\u00f3. \u201cL\u00f3gicamente el fallo lo vamos a recurrir. La Corte Suprema confirm\u00f3 la condena por la que se abri\u00f3 este juicio. Hoy se perdi\u00f3 una oportunidad importante de ser valientes\u201d. La fiscalia tambi\u00e9n apelar\u00e1 la resoluci\u00f3n. \u201cVamos a recurrir. Es una sorpresa. Pens\u00e1bamos que iban a condenar. Realmente es un sorpresa\u201d<\/h3>\n<h3>Por su parte, Vadim Mischanchuk, defensor de Martingano, afirm\u00f3: \u201cel resultado en el juicio tiene que ver con la prueba que se mostr\u00f3 en el debate. La acusaci\u00f3n no se pudo comprobar. Hablar de encubrimiento era un sinsentido. Por suerte en el juicio se pudo saber la verdad\u201d.<\/h3>\n<h3><img fetchpriority=\"high\" decoding=\"async\" class=\"wp-image-7975 aligncenter\" src=\"https:\/\/apuntesdesanluis.com\/wp-content\/uploads\/2023\/12\/ENDOCOPISTA-300x171.png\" alt=\"\" width=\"733\" height=\"418\" srcset=\"https:\/\/apuntesdesanluis.com\/wp-content\/uploads\/2023\/12\/ENDOCOPISTA-300x171.png 300w, https:\/\/apuntesdesanluis.com\/wp-content\/uploads\/2023\/12\/ENDOCOPISTA.png 600w\" sizes=\"(max-width: 733px) 100vw, 733px\" \/><\/h3>\n<h3 style=\"text-align: center;\"><em>El endoscopista que ya hab\u00eda sido condenado.<\/em><\/h3>\n<h3>D\u00e9bora P\u00e9rez Volpin ten\u00eda 51 a\u00f1os cuando muri\u00f3 pasadas las 17 horas aquel 6 de febrero de 2018. Se hab\u00eda internado por unos fuertes dolores estomacales a los que los m\u00e9dicos no terminaban de encontrarle explicaci\u00f3n. Al entrar al quir\u00f3fano, habl\u00f3 con la anestesista. Luego se durmi\u00f3. Nunca volvi\u00f3 a despertar.<\/h3>\n<h3>En agosto de 2019, un tribunal a cargo del juez Javier Anzo\u00e1tegui estableci\u00f3 que la periodista muri\u00f3 por la \u201cconducta imprudente y negligente\u201d del m\u00e9dico endoscopista durante el procedimiento de \u201cvideo endoscopia digestiva alta\u201d. En consecuencia, Diego Bialolenkier fue condenado a tres a\u00f1os de prisi\u00f3n condicional por homicidio culposo, con una pena sin cumplimiento efectivo. Mientras que la anestesista qued\u00f3 absuelta.<\/h3>\n<h3>Sin embargo, en ese segundo juicio, se orden\u00f3 investigar conductas sospechosas de otros involucrados. El segundo juicio comenz\u00f3 a mediados de septiembre ante el Tribunal Oral en lo Criminal y Correccional (TOCC) 26 porte\u00f1o. Los acusados en el debate fueron Roberto Martingano, quien al momento del fallecimiento de la periodista ejerc\u00eda el cargo de director de la cl\u00ednica ubicada en el barrio de Palermo, y de la instrumentadora Miriam Fr\u00edas, presente en esa intervenci\u00f3n m\u00e9dica.<\/h3>\n<h3>La instrucci\u00f3n del caso estuvo en manos de la jueza Mar\u00eda Fabiana Galletti, quien al procesar por encubrimiento al ex director consider\u00f3 que luego de la muerte de P\u00e9rez Volpin \u00e9l hab\u00eda incurrido en \u201cun accionar tendiente a ocultar prueba a los investigadores de vital importancia para la comprobaci\u00f3n del delito y para la determinaci\u00f3n de la responsabilidad penal\u201d. Para la magistrada, \u201ces evidente que su conducta no ha sido inocente o ingenua ni que obr\u00f3 en desconocimiento de la situaci\u00f3n\u201d.<\/h3>\n<h3>Y es que seg\u00fan la jueza, Martingano \u201corden\u00f3\u201d que se pusiera a \u201cresguardo \u00fanicamente la ca\u00f1a endosc\u00f3pica\u201d y \u201ctom\u00f3 inmediato contacto directo con todos aquellos que participaron del estudio y otros profesionales\u201d. Tambi\u00e9n \u201csupo por sus peritos la causa probable \u2014luego confirmada\u2014 del fallecimiento; mand\u00f3 a preservar s\u00f3lo una parte del equipo endosc\u00f3pico y particip\u00f3 activamente de todas las requisitorias policiales y judiciales\u201d.<\/h3>\n<h3>Al comenzar el juicio, y escuchar las acusaciones, Martingano dijo que por el momento no iba a declarar. Por eso se dio lectura a la versi\u00f3n que dio en su indagatoria en la que asegur\u00f3 que no encubri\u00f3 el hecho y que la m\u00e1quina procesadora de endoscopio que se entreg\u00f3 fue la que se utiliz\u00f3 en la pr\u00e1ctica en la que muri\u00f3 la periodista.<\/h3>\n<h3>En aquella declaraci\u00f3n subray\u00f3 que puso a \u201cresguardo\u201d el equipo para \u201cevitar\u201d que se utilizara, ya que le hab\u00eda \u201casaltado una duda sobre si pudo generar lesiones en la paciente P\u00e9rez Volpin\u201d. Y luego precis\u00f3: \u201cEra la \u00fanica ca\u00f1a que hab\u00eda para hacer un procedimiento de este tipo en el sector\u201d.<\/h3>\n<h3>Por su parte, la instrumentadora Fr\u00edas, tambi\u00e9n acusada en el debate, s\u00ed declar\u00f3: \u201cNi ment\u00ed ni oculte informaci\u00f3n, record\u00e9 lo que record\u00e9\u201d, afirm\u00f3. La mujer dijo que aquel d\u00eda \u201cel quir\u00f3fano fue un caos\u201d y que desde la muerte de D\u00e9bora no mira m\u00e1s televisi\u00f3n. \u201cMe volvieron loca con esa presi\u00f3n, no pod\u00eda vivir m\u00e1s: borr\u00e9 todo de mi mente en un proceso de protegerme\u201d, se justific\u00f3.<\/h3>\n<h3>Los alegatos se llevaron adelante y cada parte hizo su lectura. Los acusadores pidieron condenas, las defensas absoluciones. El tribunal se inclin\u00f3 por absolver.<\/h3>\n<p>&nbsp;<\/p>\n","protected":false},"excerpt":{"rendered":"<p>A casi 6 a\u00f1os de la muerte de D\u00e9bora P\u00e9rez Volpin, el segundo juicio oral&#8230;<\/p>\n","protected":false},"author":1,"featured_media":7976,"comment_status":"closed","ping_status":"closed","sticky":false,"template":"","format":"standard","meta":{"footnotes":""},"categories":[5],"tags":[],"class_list":["post-7974","post","type-post","status-publish","format-standard","has-post-thumbnail","hentry","category-nacionales-internacionales"],"yoast_head":"<!-- This site is optimized with the Yoast SEO plugin v26.1.1 - https:\/\/yoast.com\/wordpress\/plugins\/seo\/ -->\n<title>JUICIO POR LA MUERTE DE D\u00c9BORA P\u00c9REZ VOLPIN: ABSOLVIERON AL EX DIRECTOR M\u00c9DICO DE LA CL\u00cdNICA Y A UNA INSTRUMENTADORA - Apuntes de San Luis<\/title>\n<meta name=\"robots\" content=\"index, follow, max-snippet:-1, max-image-preview:large, max-video-preview:-1\" \/>\n<link rel=\"canonical\" href=\"https:\/\/apuntesdesanluis.com\/index.php\/2023\/12\/06\/juicio-por-la-muerte-de-debora-perez-volpin-absolvieron-al-ex-director-medico-de-la-clinica-y-a-una-instrumentadora\/\" \/>\n<meta property=\"og:locale\" content=\"es_ES\" \/>\n<meta property=\"og:type\" content=\"article\" \/>\n<meta property=\"og:title\" content=\"JUICIO POR LA MUERTE DE D\u00c9BORA P\u00c9REZ VOLPIN: ABSOLVIERON AL EX DIRECTOR M\u00c9DICO DE LA CL\u00cdNICA Y A UNA INSTRUMENTADORA - Apuntes de San Luis\" \/>\n<meta property=\"og:description\" content=\"A casi 6 a\u00f1os de la muerte de D\u00e9bora P\u00e9rez Volpin, el segundo juicio oral...\" \/>\n<meta property=\"og:url\" content=\"https:\/\/apuntesdesanluis.com\/index.php\/2023\/12\/06\/juicio-por-la-muerte-de-debora-perez-volpin-absolvieron-al-ex-director-medico-de-la-clinica-y-a-una-instrumentadora\/\" \/>\n<meta property=\"og:site_name\" content=\"Apuntes de San Luis\" \/>\n<meta property=\"article:published_time\" content=\"2023-12-07T01:05:25+00:00\" \/>\n<meta property=\"og:image\" content=\"https:\/\/apuntesdesanluis.com\/wp-content\/uploads\/2023\/12\/DEBORA.png\" \/>\n\t<meta property=\"og:image:width\" content=\"600\" \/>\n\t<meta property=\"og:image:height\" content=\"325\" \/>\n\t<meta property=\"og:image:type\" content=\"image\/png\" \/>\n<meta name=\"author\" content=\"apuntesdesanluis.com\" \/>\n<meta name=\"twitter:card\" content=\"summary_large_image\" \/>\n<meta name=\"twitter:label1\" content=\"Escrito por\" \/>\n\t<meta name=\"twitter:data1\" content=\"apuntesdesanluis.com\" \/>\n\t<meta name=\"twitter:label2\" content=\"Tiempo de lectura\" \/>\n\t<meta name=\"twitter:data2\" content=\"5 minutos\" \/>\n<script type=\"application\/ld+json\" class=\"yoast-schema-graph\">{\"@context\":\"https:\/\/schema.org\",\"@graph\":[{\"@type\":\"Article\",\"@id\":\"https:\/\/apuntesdesanluis.com\/index.php\/2023\/12\/06\/juicio-por-la-muerte-de-debora-perez-volpin-absolvieron-al-ex-director-medico-de-la-clinica-y-a-una-instrumentadora\/#article\",\"isPartOf\":{\"@id\":\"https:\/\/apuntesdesanluis.com\/index.php\/2023\/12\/06\/juicio-por-la-muerte-de-debora-perez-volpin-absolvieron-al-ex-director-medico-de-la-clinica-y-a-una-instrumentadora\/\"},\"author\":{\"name\":\"apuntesdesanluis.com\",\"@id\":\"https:\/\/apuntesdesanluis.com\/#\/schema\/person\/b55151d52296fcce64d1a72538a70b90\"},\"headline\":\"JUICIO POR LA MUERTE DE D\u00c9BORA P\u00c9REZ VOLPIN: ABSOLVIERON AL EX DIRECTOR M\u00c9DICO DE LA CL\u00cdNICA Y A UNA INSTRUMENTADORA\",\"datePublished\":\"2023-12-07T01:05:25+00:00\",\"mainEntityOfPage\":{\"@id\":\"https:\/\/apuntesdesanluis.com\/index.php\/2023\/12\/06\/juicio-por-la-muerte-de-debora-perez-volpin-absolvieron-al-ex-director-medico-de-la-clinica-y-a-una-instrumentadora\/\"},\"wordCount\":988,\"publisher\":{\"@id\":\"https:\/\/apuntesdesanluis.com\/#\/schema\/person\/b55151d52296fcce64d1a72538a70b90\"},\"image\":{\"@id\":\"https:\/\/apuntesdesanluis.com\/index.php\/2023\/12\/06\/juicio-por-la-muerte-de-debora-perez-volpin-absolvieron-al-ex-director-medico-de-la-clinica-y-a-una-instrumentadora\/#primaryimage\"},\"thumbnailUrl\":\"https:\/\/apuntesdesanluis.com\/wp-content\/uploads\/2023\/12\/DEBORA.png\",\"articleSection\":[\"Nacionales\/Internacionales\"],\"inLanguage\":\"es-AR\"},{\"@type\":\"WebPage\",\"@id\":\"https:\/\/apuntesdesanluis.com\/index.php\/2023\/12\/06\/juicio-por-la-muerte-de-debora-perez-volpin-absolvieron-al-ex-director-medico-de-la-clinica-y-a-una-instrumentadora\/\",\"url\":\"https:\/\/apuntesdesanluis.com\/index.php\/2023\/12\/06\/juicio-por-la-muerte-de-debora-perez-volpin-absolvieron-al-ex-director-medico-de-la-clinica-y-a-una-instrumentadora\/\",\"name\":\"JUICIO POR LA MUERTE DE D\u00c9BORA P\u00c9REZ VOLPIN: ABSOLVIERON AL EX DIRECTOR M\u00c9DICO DE LA CL\u00cdNICA Y A UNA INSTRUMENTADORA - Apuntes de San Luis\",\"isPartOf\":{\"@id\":\"https:\/\/apuntesdesanluis.com\/#website\"},\"primaryImageOfPage\":{\"@id\":\"https:\/\/apuntesdesanluis.com\/index.php\/2023\/12\/06\/juicio-por-la-muerte-de-debora-perez-volpin-absolvieron-al-ex-director-medico-de-la-clinica-y-a-una-instrumentadora\/#primaryimage\"},\"image\":{\"@id\":\"https:\/\/apuntesdesanluis.com\/index.php\/2023\/12\/06\/juicio-por-la-muerte-de-debora-perez-volpin-absolvieron-al-ex-director-medico-de-la-clinica-y-a-una-instrumentadora\/#primaryimage\"},\"thumbnailUrl\":\"https:\/\/apuntesdesanluis.com\/wp-content\/uploads\/2023\/12\/DEBORA.png\",\"datePublished\":\"2023-12-07T01:05:25+00:00\",\"breadcrumb\":{\"@id\":\"https:\/\/apuntesdesanluis.com\/index.php\/2023\/12\/06\/juicio-por-la-muerte-de-debora-perez-volpin-absolvieron-al-ex-director-medico-de-la-clinica-y-a-una-instrumentadora\/#breadcrumb\"},\"inLanguage\":\"es-AR\",\"potentialAction\":[{\"@type\":\"ReadAction\",\"target\":[\"https:\/\/apuntesdesanluis.com\/index.php\/2023\/12\/06\/juicio-por-la-muerte-de-debora-perez-volpin-absolvieron-al-ex-director-medico-de-la-clinica-y-a-una-instrumentadora\/\"]}]},{\"@type\":\"ImageObject\",\"inLanguage\":\"es-AR\",\"@id\":\"https:\/\/apuntesdesanluis.com\/index.php\/2023\/12\/06\/juicio-por-la-muerte-de-debora-perez-volpin-absolvieron-al-ex-director-medico-de-la-clinica-y-a-una-instrumentadora\/#primaryimage\",\"url\":\"https:\/\/apuntesdesanluis.com\/wp-content\/uploads\/2023\/12\/DEBORA.png\",\"contentUrl\":\"https:\/\/apuntesdesanluis.com\/wp-content\/uploads\/2023\/12\/DEBORA.png\",\"width\":600,\"height\":325},{\"@type\":\"BreadcrumbList\",\"@id\":\"https:\/\/apuntesdesanluis.com\/index.php\/2023\/12\/06\/juicio-por-la-muerte-de-debora-perez-volpin-absolvieron-al-ex-director-medico-de-la-clinica-y-a-una-instrumentadora\/#breadcrumb\",\"itemListElement\":[{\"@type\":\"ListItem\",\"position\":1,\"name\":\"Inicio\",\"item\":\"https:\/\/apuntesdesanluis.com\/\"},{\"@type\":\"ListItem\",\"position\":2,\"name\":\"JUICIO POR LA MUERTE DE D\u00c9BORA P\u00c9REZ VOLPIN: ABSOLVIERON AL EX DIRECTOR M\u00c9DICO DE LA CL\u00cdNICA Y A UNA INSTRUMENTADORA\"}]},{\"@type\":\"WebSite\",\"@id\":\"https:\/\/apuntesdesanluis.com\/#website\",\"url\":\"https:\/\/apuntesdesanluis.com\/\",\"name\":\"Apuntes de San Luis\",\"description\":\"\",\"publisher\":{\"@id\":\"https:\/\/apuntesdesanluis.com\/#\/schema\/person\/b55151d52296fcce64d1a72538a70b90\"},\"potentialAction\":[{\"@type\":\"SearchAction\",\"target\":{\"@type\":\"EntryPoint\",\"urlTemplate\":\"https:\/\/apuntesdesanluis.com\/?s={search_term_string}\"},\"query-input\":{\"@type\":\"PropertyValueSpecification\",\"valueRequired\":true,\"valueName\":\"search_term_string\"}}],\"inLanguage\":\"es-AR\"},{\"@type\":[\"Person\",\"Organization\"],\"@id\":\"https:\/\/apuntesdesanluis.com\/#\/schema\/person\/b55151d52296fcce64d1a72538a70b90\",\"name\":\"apuntesdesanluis.com\",\"image\":{\"@type\":\"ImageObject\",\"inLanguage\":\"es-AR\",\"@id\":\"https:\/\/apuntesdesanluis.com\/#\/schema\/person\/image\/\",\"url\":\"https:\/\/apuntesdesanluis.com\/wp-content\/uploads\/2023\/07\/cropped-apuntesdesanluis.png\",\"contentUrl\":\"https:\/\/apuntesdesanluis.com\/wp-content\/uploads\/2023\/07\/cropped-apuntesdesanluis.png\",\"width\":450,\"height\":112,\"caption\":\"apuntesdesanluis.com\"},\"logo\":{\"@id\":\"https:\/\/apuntesdesanluis.com\/#\/schema\/person\/image\/\"},\"sameAs\":[\"https:\/\/apuntesdesanluis.com\"],\"url\":\"https:\/\/apuntesdesanluis.com\/index.php\/author\/apuntesdesanluis-com\/\"}]}<\/script>\n<!-- \/ Yoast SEO plugin. -->","yoast_head_json":{"title":"JUICIO POR LA MUERTE DE D\u00c9BORA P\u00c9REZ VOLPIN: ABSOLVIERON AL EX DIRECTOR M\u00c9DICO DE LA CL\u00cdNICA Y A UNA INSTRUMENTADORA - Apuntes de San Luis","robots":{"index":"index","follow":"follow","max-snippet":"max-snippet:-1","max-image-preview":"max-image-preview:large","max-video-preview":"max-video-preview:-1"},"canonical":"https:\/\/apuntesdesanluis.com\/index.php\/2023\/12\/06\/juicio-por-la-muerte-de-debora-perez-volpin-absolvieron-al-ex-director-medico-de-la-clinica-y-a-una-instrumentadora\/","og_locale":"es_ES","og_type":"article","og_title":"JUICIO POR LA MUERTE DE D\u00c9BORA P\u00c9REZ VOLPIN: ABSOLVIERON AL EX DIRECTOR M\u00c9DICO DE LA CL\u00cdNICA Y A UNA INSTRUMENTADORA - Apuntes de San Luis","og_description":"A casi 6 a\u00f1os de la muerte de D\u00e9bora P\u00e9rez Volpin, el segundo juicio oral...","og_url":"https:\/\/apuntesdesanluis.com\/index.php\/2023\/12\/06\/juicio-por-la-muerte-de-debora-perez-volpin-absolvieron-al-ex-director-medico-de-la-clinica-y-a-una-instrumentadora\/","og_site_name":"Apuntes de San Luis","article_published_time":"2023-12-07T01:05:25+00:00","og_image":[{"width":600,"height":325,"url":"https:\/\/apuntesdesanluis.com\/wp-content\/uploads\/2023\/12\/DEBORA.png","type":"image\/png"}],"author":"apuntesdesanluis.com","twitter_card":"summary_large_image","twitter_misc":{"Escrito por":"apuntesdesanluis.com","Tiempo de lectura":"5 minutos"},"schema":{"@context":"https:\/\/schema.org","@graph":[{"@type":"Article","@id":"https:\/\/apuntesdesanluis.com\/index.php\/2023\/12\/06\/juicio-por-la-muerte-de-debora-perez-volpin-absolvieron-al-ex-director-medico-de-la-clinica-y-a-una-instrumentadora\/#article","isPartOf":{"@id":"https:\/\/apuntesdesanluis.com\/index.php\/2023\/12\/06\/juicio-por-la-muerte-de-debora-perez-volpin-absolvieron-al-ex-director-medico-de-la-clinica-y-a-una-instrumentadora\/"},"author":{"name":"apuntesdesanluis.com","@id":"https:\/\/apuntesdesanluis.com\/#\/schema\/person\/b55151d52296fcce64d1a72538a70b90"},"headline":"JUICIO POR LA MUERTE DE D\u00c9BORA P\u00c9REZ VOLPIN: ABSOLVIERON AL EX DIRECTOR M\u00c9DICO DE LA CL\u00cdNICA Y A UNA INSTRUMENTADORA","datePublished":"2023-12-07T01:05:25+00:00","mainEntityOfPage":{"@id":"https:\/\/apuntesdesanluis.com\/index.php\/2023\/12\/06\/juicio-por-la-muerte-de-debora-perez-volpin-absolvieron-al-ex-director-medico-de-la-clinica-y-a-una-instrumentadora\/"},"wordCount":988,"publisher":{"@id":"https:\/\/apuntesdesanluis.com\/#\/schema\/person\/b55151d52296fcce64d1a72538a70b90"},"image":{"@id":"https:\/\/apuntesdesanluis.com\/index.php\/2023\/12\/06\/juicio-por-la-muerte-de-debora-perez-volpin-absolvieron-al-ex-director-medico-de-la-clinica-y-a-una-instrumentadora\/#primaryimage"},"thumbnailUrl":"https:\/\/apuntesdesanluis.com\/wp-content\/uploads\/2023\/12\/DEBORA.png","articleSection":["Nacionales\/Internacionales"],"inLanguage":"es-AR"},{"@type":"WebPage","@id":"https:\/\/apuntesdesanluis.com\/index.php\/2023\/12\/06\/juicio-por-la-muerte-de-debora-perez-volpin-absolvieron-al-ex-director-medico-de-la-clinica-y-a-una-instrumentadora\/","url":"https:\/\/apuntesdesanluis.com\/index.php\/2023\/12\/06\/juicio-por-la-muerte-de-debora-perez-volpin-absolvieron-al-ex-director-medico-de-la-clinica-y-a-una-instrumentadora\/","name":"JUICIO POR LA MUERTE DE D\u00c9BORA P\u00c9REZ VOLPIN: ABSOLVIERON AL EX DIRECTOR M\u00c9DICO DE LA CL\u00cdNICA Y A UNA INSTRUMENTADORA - Apuntes de San Luis","isPartOf":{"@id":"https:\/\/apuntesdesanluis.com\/#website"},"primaryImageOfPage":{"@id":"https:\/\/apuntesdesanluis.com\/index.php\/2023\/12\/06\/juicio-por-la-muerte-de-debora-perez-volpin-absolvieron-al-ex-director-medico-de-la-clinica-y-a-una-instrumentadora\/#primaryimage"},"image":{"@id":"https:\/\/apuntesdesanluis.com\/index.php\/2023\/12\/06\/juicio-por-la-muerte-de-debora-perez-volpin-absolvieron-al-ex-director-medico-de-la-clinica-y-a-una-instrumentadora\/#primaryimage"},"thumbnailUrl":"https:\/\/apuntesdesanluis.com\/wp-content\/uploads\/2023\/12\/DEBORA.png","datePublished":"2023-12-07T01:05:25+00:00","breadcrumb":{"@id":"https:\/\/apuntesdesanluis.com\/index.php\/2023\/12\/06\/juicio-por-la-muerte-de-debora-perez-volpin-absolvieron-al-ex-director-medico-de-la-clinica-y-a-una-instrumentadora\/#breadcrumb"},"inLanguage":"es-AR","potentialAction":[{"@type":"ReadAction","target":["https:\/\/apuntesdesanluis.com\/index.php\/2023\/12\/06\/juicio-por-la-muerte-de-debora-perez-volpin-absolvieron-al-ex-director-medico-de-la-clinica-y-a-una-instrumentadora\/"]}]},{"@type":"ImageObject","inLanguage":"es-AR","@id":"https:\/\/apuntesdesanluis.com\/index.php\/2023\/12\/06\/juicio-por-la-muerte-de-debora-perez-volpin-absolvieron-al-ex-director-medico-de-la-clinica-y-a-una-instrumentadora\/#primaryimage","url":"https:\/\/apuntesdesanluis.com\/wp-content\/uploads\/2023\/12\/DEBORA.png","contentUrl":"https:\/\/apuntesdesanluis.com\/wp-content\/uploads\/2023\/12\/DEBORA.png","width":600,"height":325},{"@type":"BreadcrumbList","@id":"https:\/\/apuntesdesanluis.com\/index.php\/2023\/12\/06\/juicio-por-la-muerte-de-debora-perez-volpin-absolvieron-al-ex-director-medico-de-la-clinica-y-a-una-instrumentadora\/#breadcrumb","itemListElement":[{"@type":"ListItem","position":1,"name":"Inicio","item":"https:\/\/apuntesdesanluis.com\/"},{"@type":"ListItem","position":2,"name":"JUICIO POR LA MUERTE DE D\u00c9BORA P\u00c9REZ VOLPIN: ABSOLVIERON AL EX DIRECTOR M\u00c9DICO DE LA CL\u00cdNICA Y A UNA INSTRUMENTADORA"}]},{"@type":"WebSite","@id":"https:\/\/apuntesdesanluis.com\/#website","url":"https:\/\/apuntesdesanluis.com\/","name":"Apuntes de San Luis","description":"","publisher":{"@id":"https:\/\/apuntesdesanluis.com\/#\/schema\/person\/b55151d52296fcce64d1a72538a70b90"},"potentialAction":[{"@type":"SearchAction","target":{"@type":"EntryPoint","urlTemplate":"https:\/\/apuntesdesanluis.com\/?s={search_term_string}"},"query-input":{"@type":"PropertyValueSpecification","valueRequired":true,"valueName":"search_term_string"}}],"inLanguage":"es-AR"},{"@type":["Person","Organization"],"@id":"https:\/\/apuntesdesanluis.com\/#\/schema\/person\/b55151d52296fcce64d1a72538a70b90","name":"apuntesdesanluis.com","image":{"@type":"ImageObject","inLanguage":"es-AR","@id":"https:\/\/apuntesdesanluis.com\/#\/schema\/person\/image\/","url":"https:\/\/apuntesdesanluis.com\/wp-content\/uploads\/2023\/07\/cropped-apuntesdesanluis.png","contentUrl":"https:\/\/apuntesdesanluis.com\/wp-content\/uploads\/2023\/07\/cropped-apuntesdesanluis.png","width":450,"height":112,"caption":"apuntesdesanluis.com"},"logo":{"@id":"https:\/\/apuntesdesanluis.com\/#\/schema\/person\/image\/"},"sameAs":["https:\/\/apuntesdesanluis.com"],"url":"https:\/\/apuntesdesanluis.com\/index.php\/author\/apuntesdesanluis-com\/"}]}},"featured_image_urls":{"full":["https:\/\/apuntesdesanluis.com\/wp-content\/uploads\/2023\/12\/DEBORA.png",600,325,false],"thumbnail":["https:\/\/apuntesdesanluis.com\/wp-content\/uploads\/2023\/12\/DEBORA-150x150.png",150,150,true],"medium":["https:\/\/apuntesdesanluis.com\/wp-content\/uploads\/2023\/12\/DEBORA-300x163.png",300,163,true],"medium_large":["https:\/\/apuntesdesanluis.com\/wp-content\/uploads\/2023\/12\/DEBORA.png",600,325,false],"large":["https:\/\/apuntesdesanluis.com\/wp-content\/uploads\/2023\/12\/DEBORA.png",600,325,false],"1536x1536":["https:\/\/apuntesdesanluis.com\/wp-content\/uploads\/2023\/12\/DEBORA.png",600,325,false],"2048x2048":["https:\/\/apuntesdesanluis.com\/wp-content\/uploads\/2023\/12\/DEBORA.png",600,325,false],"newsever-slider-full":["https:\/\/apuntesdesanluis.com\/wp-content\/uploads\/2023\/12\/DEBORA.png",600,325,false],"newsever-featured":["https:\/\/apuntesdesanluis.com\/wp-content\/uploads\/2023\/12\/DEBORA.png",600,325,false],"newsever-medium":["https:\/\/apuntesdesanluis.com\/wp-content\/uploads\/2023\/12\/DEBORA.png",600,325,false]},"author_info":{"display_name":"apuntesdesanluis.com","author_link":"https:\/\/apuntesdesanluis.com\/index.php\/author\/apuntesdesanluis-com\/"},"category_info":"<a href=\"https:\/\/apuntesdesanluis.com\/index.php\/category\/nacionales-internacionales\/\" rel=\"category tag\">Nacionales\/Internacionales<\/a>","tag_info":"Nacionales\/Internacionales","comment_count":"0","_links":{"self":[{"href":"https:\/\/apuntesdesanluis.com\/index.php\/wp-json\/wp\/v2\/posts\/7974","targetHints":{"allow":["GET"]}}],"collection":[{"href":"https:\/\/apuntesdesanluis.com\/index.php\/wp-json\/wp\/v2\/posts"}],"about":[{"href":"https:\/\/apuntesdesanluis.com\/index.php\/wp-json\/wp\/v2\/types\/post"}],"author":[{"embeddable":true,"href":"https:\/\/apuntesdesanluis.com\/index.php\/wp-json\/wp\/v2\/users\/1"}],"replies":[{"embeddable":true,"href":"https:\/\/apuntesdesanluis.com\/index.php\/wp-json\/wp\/v2\/comments?post=7974"}],"version-history":[{"count":1,"href":"https:\/\/apuntesdesanluis.com\/index.php\/wp-json\/wp\/v2\/posts\/7974\/revisions"}],"predecessor-version":[{"id":7977,"href":"https:\/\/apuntesdesanluis.com\/index.php\/wp-json\/wp\/v2\/posts\/7974\/revisions\/7977"}],"wp:featuredmedia":[{"embeddable":true,"href":"https:\/\/apuntesdesanluis.com\/index.php\/wp-json\/wp\/v2\/media\/7976"}],"wp:attachment":[{"href":"https:\/\/apuntesdesanluis.com\/index.php\/wp-json\/wp\/v2\/media?parent=7974"}],"wp:term":[{"taxonomy":"category","embeddable":true,"href":"https:\/\/apuntesdesanluis.com\/index.php\/wp-json\/wp\/v2\/categories?post=7974"},{"taxonomy":"post_tag","embeddable":true,"href":"https:\/\/apuntesdesanluis.com\/index.php\/wp-json\/wp\/v2\/tags?post=7974"}],"curies":[{"name":"wp","href":"https:\/\/api.w.org\/{rel}","templated":true}]}}