{"id":7978,"date":"2023-12-06T22:54:18","date_gmt":"2023-12-07T01:54:18","guid":{"rendered":"https:\/\/apuntesdesanluis.com\/?p=7978"},"modified":"2023-12-06T22:54:18","modified_gmt":"2023-12-07T01:54:18","slug":"fuerte-repunte-del-dolar-blue-a-pocos-dias-del-recambio-presidencial","status":"publish","type":"post","link":"https:\/\/apuntesdesanluis.com\/index.php\/2023\/12\/06\/fuerte-repunte-del-dolar-blue-a-pocos-dias-del-recambio-presidencial\/","title":{"rendered":"FUERTE REPUNTE DEL D\u00d3LAR BLUE A POCOS D\u00cdAS DEL RECAMBIO PRESIDENCIAL"},"content":{"rendered":"<h3>El d\u00f3lar blue registr\u00f3 un fuerte rebote, despu\u00e9s de dos ruedas en baja, y cerr\u00f3 a $ 955 en la punta vendedora y los tipos de cambio financieros operan mixtos, seg\u00fan las principales cotizaciones del mercado.<\/h3>\n<h3>La divisa paralela cerr\u00f3 a $905 para la compra y $955 para la venta y la brecha con el tipo de cambio oficial alcanz\u00f3 el 162,6%.<\/h3>\n<h3>El d\u00f3lar blue subi\u00f3 $ 45 y quebr\u00f3 un racha bajista de dos jornadas consecutivas, en la ante \u00faltima rueda h\u00e1bil, antes del recambio presidencial.<\/h3>\n<h3>En la Bolsa porte\u00f1a, el d\u00f3lar MEP, quebr\u00f3 la tendencia alcista inicial para luego bajar hasta los $ 929,77, y la brecha con el d\u00f3lar oficial se posiciona en el 155,6%.<\/h3>\n<h3>El d\u00f3lar Contado con Liquidaci\u00f3n subi\u00f3 hasta los $922,57 y la diferencia con la cotizaci\u00f3n oficial qued\u00f3\u00a0 en el 153,7%.<\/h3>\n<h3>El tipo de cambio que aplica para gastos en el exterior, denominado d\u00f3lar tarjeta o turista y el d\u00f3lar ahorro o solidario, con la carga impositiva, cerraron en $ 972,34.<\/h3>\n<h3>A solo una rueda para finalizar esta semana, el d\u00f3lar mayorista acumula una suba de $ 2,60 contra $ 3,50 de suba respecto al final de la semana anterior, tras las microdevaluaciones diarias en el tipo de cambio oficial.<\/h3>\n<h3>El promedio del tipo de cambio oficial en los principales bancos privados fue de $ 381,81, mientras que en el Banco Naci\u00f3n la cotizaci\u00f3n sin impuestos cerr\u00f3 en $ 370,00 para la venta.<\/h3>\n<h3>El d\u00f3lar cripto o Bitcoin cotiza a $ 935,82, seg\u00fan el promedio del mercado.<\/h3>\n<p>&nbsp;<\/p>\n<p>&nbsp;<\/p>\n<p>&nbsp;<\/p>\n<p>&nbsp;<\/p>\n","protected":false},"excerpt":{"rendered":"<p>El d\u00f3lar blue registr\u00f3 un fuerte rebote, despu\u00e9s de dos ruedas en baja, y cerr\u00f3&#8230;<\/p>\n","protected":false},"author":1,"featured_media":1379,"comment_status":"closed","ping_status":"closed","sticky":false,"template":"","format":"standard","meta":{"footnotes":""},"categories":[5],"tags":[],"class_list":["post-7978","post","type-post","status-publish","format-standard","has-post-thumbnail","hentry","category-nacionales-internacionales"],"yoast_head":"<!-- This site is optimized with the Yoast SEO plugin v26.1.1 - https:\/\/yoast.com\/wordpress\/plugins\/seo\/ -->\n<title>FUERTE REPUNTE DEL D\u00d3LAR BLUE A POCOS D\u00cdAS DEL RECAMBIO PRESIDENCIAL - Apuntes de San Luis<\/title>\n<meta name=\"robots\" content=\"index, follow, max-snippet:-1, max-image-preview:large, max-video-preview:-1\" \/>\n<link rel=\"canonical\" href=\"https:\/\/apuntesdesanluis.com\/index.php\/2023\/12\/06\/fuerte-repunte-del-dolar-blue-a-pocos-dias-del-recambio-presidencial\/\" \/>\n<meta property=\"og:locale\" content=\"es_ES\" \/>\n<meta property=\"og:type\" content=\"article\" \/>\n<meta property=\"og:title\" content=\"FUERTE REPUNTE DEL D\u00d3LAR BLUE A POCOS D\u00cdAS DEL RECAMBIO PRESIDENCIAL - Apuntes de San Luis\" \/>\n<meta property=\"og:description\" content=\"El d\u00f3lar blue registr\u00f3 un fuerte rebote, despu\u00e9s de dos ruedas en baja, y cerr\u00f3...\" \/>\n<meta property=\"og:url\" content=\"https:\/\/apuntesdesanluis.com\/index.php\/2023\/12\/06\/fuerte-repunte-del-dolar-blue-a-pocos-dias-del-recambio-presidencial\/\" \/>\n<meta property=\"og:site_name\" content=\"Apuntes de San Luis\" \/>\n<meta property=\"article:published_time\" content=\"2023-12-07T01:54:18+00:00\" \/>\n<meta property=\"og:image\" content=\"https:\/\/apuntesdesanluis.com\/wp-content\/uploads\/2023\/08\/dolar-2.png\" \/>\n\t<meta property=\"og:image:width\" content=\"600\" \/>\n\t<meta property=\"og:image:height\" content=\"375\" \/>\n\t<meta property=\"og:image:type\" content=\"image\/png\" \/>\n<meta name=\"author\" content=\"apuntesdesanluis.com\" \/>\n<meta name=\"twitter:card\" content=\"summary_large_image\" \/>\n<meta name=\"twitter:label1\" content=\"Escrito por\" \/>\n\t<meta name=\"twitter:data1\" content=\"apuntesdesanluis.com\" \/>\n\t<meta name=\"twitter:label2\" content=\"Tiempo de lectura\" \/>\n\t<meta name=\"twitter:data2\" content=\"2 minutos\" \/>\n<script type=\"application\/ld+json\" class=\"yoast-schema-graph\">{\"@context\":\"https:\/\/schema.org\",\"@graph\":[{\"@type\":\"Article\",\"@id\":\"https:\/\/apuntesdesanluis.com\/index.php\/2023\/12\/06\/fuerte-repunte-del-dolar-blue-a-pocos-dias-del-recambio-presidencial\/#article\",\"isPartOf\":{\"@id\":\"https:\/\/apuntesdesanluis.com\/index.php\/2023\/12\/06\/fuerte-repunte-del-dolar-blue-a-pocos-dias-del-recambio-presidencial\/\"},\"author\":{\"name\":\"apuntesdesanluis.com\",\"@id\":\"https:\/\/apuntesdesanluis.com\/#\/schema\/person\/b55151d52296fcce64d1a72538a70b90\"},\"headline\":\"FUERTE REPUNTE DEL D\u00d3LAR BLUE A POCOS D\u00cdAS DEL RECAMBIO PRESIDENCIAL\",\"datePublished\":\"2023-12-07T01:54:18+00:00\",\"mainEntityOfPage\":{\"@id\":\"https:\/\/apuntesdesanluis.com\/index.php\/2023\/12\/06\/fuerte-repunte-del-dolar-blue-a-pocos-dias-del-recambio-presidencial\/\"},\"wordCount\":265,\"publisher\":{\"@id\":\"https:\/\/apuntesdesanluis.com\/#\/schema\/person\/b55151d52296fcce64d1a72538a70b90\"},\"image\":{\"@id\":\"https:\/\/apuntesdesanluis.com\/index.php\/2023\/12\/06\/fuerte-repunte-del-dolar-blue-a-pocos-dias-del-recambio-presidencial\/#primaryimage\"},\"thumbnailUrl\":\"https:\/\/apuntesdesanluis.com\/wp-content\/uploads\/2023\/08\/dolar-2.png\",\"articleSection\":[\"Nacionales\/Internacionales\"],\"inLanguage\":\"es-AR\"},{\"@type\":\"WebPage\",\"@id\":\"https:\/\/apuntesdesanluis.com\/index.php\/2023\/12\/06\/fuerte-repunte-del-dolar-blue-a-pocos-dias-del-recambio-presidencial\/\",\"url\":\"https:\/\/apuntesdesanluis.com\/index.php\/2023\/12\/06\/fuerte-repunte-del-dolar-blue-a-pocos-dias-del-recambio-presidencial\/\",\"name\":\"FUERTE REPUNTE DEL D\u00d3LAR BLUE A POCOS D\u00cdAS DEL RECAMBIO PRESIDENCIAL - Apuntes de San Luis\",\"isPartOf\":{\"@id\":\"https:\/\/apuntesdesanluis.com\/#website\"},\"primaryImageOfPage\":{\"@id\":\"https:\/\/apuntesdesanluis.com\/index.php\/2023\/12\/06\/fuerte-repunte-del-dolar-blue-a-pocos-dias-del-recambio-presidencial\/#primaryimage\"},\"image\":{\"@id\":\"https:\/\/apuntesdesanluis.com\/index.php\/2023\/12\/06\/fuerte-repunte-del-dolar-blue-a-pocos-dias-del-recambio-presidencial\/#primaryimage\"},\"thumbnailUrl\":\"https:\/\/apuntesdesanluis.com\/wp-content\/uploads\/2023\/08\/dolar-2.png\",\"datePublished\":\"2023-12-07T01:54:18+00:00\",\"breadcrumb\":{\"@id\":\"https:\/\/apuntesdesanluis.com\/index.php\/2023\/12\/06\/fuerte-repunte-del-dolar-blue-a-pocos-dias-del-recambio-presidencial\/#breadcrumb\"},\"inLanguage\":\"es-AR\",\"potentialAction\":[{\"@type\":\"ReadAction\",\"target\":[\"https:\/\/apuntesdesanluis.com\/index.php\/2023\/12\/06\/fuerte-repunte-del-dolar-blue-a-pocos-dias-del-recambio-presidencial\/\"]}]},{\"@type\":\"ImageObject\",\"inLanguage\":\"es-AR\",\"@id\":\"https:\/\/apuntesdesanluis.com\/index.php\/2023\/12\/06\/fuerte-repunte-del-dolar-blue-a-pocos-dias-del-recambio-presidencial\/#primaryimage\",\"url\":\"https:\/\/apuntesdesanluis.com\/wp-content\/uploads\/2023\/08\/dolar-2.png\",\"contentUrl\":\"https:\/\/apuntesdesanluis.com\/wp-content\/uploads\/2023\/08\/dolar-2.png\",\"width\":600,\"height\":375},{\"@type\":\"BreadcrumbList\",\"@id\":\"https:\/\/apuntesdesanluis.com\/index.php\/2023\/12\/06\/fuerte-repunte-del-dolar-blue-a-pocos-dias-del-recambio-presidencial\/#breadcrumb\",\"itemListElement\":[{\"@type\":\"ListItem\",\"position\":1,\"name\":\"Inicio\",\"item\":\"https:\/\/apuntesdesanluis.com\/\"},{\"@type\":\"ListItem\",\"position\":2,\"name\":\"FUERTE REPUNTE DEL D\u00d3LAR BLUE A POCOS D\u00cdAS DEL RECAMBIO PRESIDENCIAL\"}]},{\"@type\":\"WebSite\",\"@id\":\"https:\/\/apuntesdesanluis.com\/#website\",\"url\":\"https:\/\/apuntesdesanluis.com\/\",\"name\":\"Apuntes de San Luis\",\"description\":\"\",\"publisher\":{\"@id\":\"https:\/\/apuntesdesanluis.com\/#\/schema\/person\/b55151d52296fcce64d1a72538a70b90\"},\"potentialAction\":[{\"@type\":\"SearchAction\",\"target\":{\"@type\":\"EntryPoint\",\"urlTemplate\":\"https:\/\/apuntesdesanluis.com\/?s={search_term_string}\"},\"query-input\":{\"@type\":\"PropertyValueSpecification\",\"valueRequired\":true,\"valueName\":\"search_term_string\"}}],\"inLanguage\":\"es-AR\"},{\"@type\":[\"Person\",\"Organization\"],\"@id\":\"https:\/\/apuntesdesanluis.com\/#\/schema\/person\/b55151d52296fcce64d1a72538a70b90\",\"name\":\"apuntesdesanluis.com\",\"image\":{\"@type\":\"ImageObject\",\"inLanguage\":\"es-AR\",\"@id\":\"https:\/\/apuntesdesanluis.com\/#\/schema\/person\/image\/\",\"url\":\"https:\/\/apuntesdesanluis.com\/wp-content\/uploads\/2023\/07\/cropped-apuntesdesanluis.png\",\"contentUrl\":\"https:\/\/apuntesdesanluis.com\/wp-content\/uploads\/2023\/07\/cropped-apuntesdesanluis.png\",\"width\":450,\"height\":112,\"caption\":\"apuntesdesanluis.com\"},\"logo\":{\"@id\":\"https:\/\/apuntesdesanluis.com\/#\/schema\/person\/image\/\"},\"sameAs\":[\"https:\/\/apuntesdesanluis.com\"],\"url\":\"https:\/\/apuntesdesanluis.com\/index.php\/author\/apuntesdesanluis-com\/\"}]}<\/script>\n<!-- \/ Yoast SEO plugin. -->","yoast_head_json":{"title":"FUERTE REPUNTE DEL D\u00d3LAR BLUE A POCOS D\u00cdAS DEL RECAMBIO PRESIDENCIAL - Apuntes de San Luis","robots":{"index":"index","follow":"follow","max-snippet":"max-snippet:-1","max-image-preview":"max-image-preview:large","max-video-preview":"max-video-preview:-1"},"canonical":"https:\/\/apuntesdesanluis.com\/index.php\/2023\/12\/06\/fuerte-repunte-del-dolar-blue-a-pocos-dias-del-recambio-presidencial\/","og_locale":"es_ES","og_type":"article","og_title":"FUERTE REPUNTE DEL D\u00d3LAR BLUE A POCOS D\u00cdAS DEL RECAMBIO PRESIDENCIAL - Apuntes de San Luis","og_description":"El d\u00f3lar blue registr\u00f3 un fuerte rebote, despu\u00e9s de dos ruedas en baja, y cerr\u00f3...","og_url":"https:\/\/apuntesdesanluis.com\/index.php\/2023\/12\/06\/fuerte-repunte-del-dolar-blue-a-pocos-dias-del-recambio-presidencial\/","og_site_name":"Apuntes de San Luis","article_published_time":"2023-12-07T01:54:18+00:00","og_image":[{"width":600,"height":375,"url":"https:\/\/apuntesdesanluis.com\/wp-content\/uploads\/2023\/08\/dolar-2.png","type":"image\/png"}],"author":"apuntesdesanluis.com","twitter_card":"summary_large_image","twitter_misc":{"Escrito por":"apuntesdesanluis.com","Tiempo de lectura":"2 minutos"},"schema":{"@context":"https:\/\/schema.org","@graph":[{"@type":"Article","@id":"https:\/\/apuntesdesanluis.com\/index.php\/2023\/12\/06\/fuerte-repunte-del-dolar-blue-a-pocos-dias-del-recambio-presidencial\/#article","isPartOf":{"@id":"https:\/\/apuntesdesanluis.com\/index.php\/2023\/12\/06\/fuerte-repunte-del-dolar-blue-a-pocos-dias-del-recambio-presidencial\/"},"author":{"name":"apuntesdesanluis.com","@id":"https:\/\/apuntesdesanluis.com\/#\/schema\/person\/b55151d52296fcce64d1a72538a70b90"},"headline":"FUERTE REPUNTE DEL D\u00d3LAR BLUE A POCOS D\u00cdAS DEL RECAMBIO PRESIDENCIAL","datePublished":"2023-12-07T01:54:18+00:00","mainEntityOfPage":{"@id":"https:\/\/apuntesdesanluis.com\/index.php\/2023\/12\/06\/fuerte-repunte-del-dolar-blue-a-pocos-dias-del-recambio-presidencial\/"},"wordCount":265,"publisher":{"@id":"https:\/\/apuntesdesanluis.com\/#\/schema\/person\/b55151d52296fcce64d1a72538a70b90"},"image":{"@id":"https:\/\/apuntesdesanluis.com\/index.php\/2023\/12\/06\/fuerte-repunte-del-dolar-blue-a-pocos-dias-del-recambio-presidencial\/#primaryimage"},"thumbnailUrl":"https:\/\/apuntesdesanluis.com\/wp-content\/uploads\/2023\/08\/dolar-2.png","articleSection":["Nacionales\/Internacionales"],"inLanguage":"es-AR"},{"@type":"WebPage","@id":"https:\/\/apuntesdesanluis.com\/index.php\/2023\/12\/06\/fuerte-repunte-del-dolar-blue-a-pocos-dias-del-recambio-presidencial\/","url":"https:\/\/apuntesdesanluis.com\/index.php\/2023\/12\/06\/fuerte-repunte-del-dolar-blue-a-pocos-dias-del-recambio-presidencial\/","name":"FUERTE REPUNTE DEL D\u00d3LAR BLUE A POCOS D\u00cdAS DEL RECAMBIO PRESIDENCIAL - Apuntes de San Luis","isPartOf":{"@id":"https:\/\/apuntesdesanluis.com\/#website"},"primaryImageOfPage":{"@id":"https:\/\/apuntesdesanluis.com\/index.php\/2023\/12\/06\/fuerte-repunte-del-dolar-blue-a-pocos-dias-del-recambio-presidencial\/#primaryimage"},"image":{"@id":"https:\/\/apuntesdesanluis.com\/index.php\/2023\/12\/06\/fuerte-repunte-del-dolar-blue-a-pocos-dias-del-recambio-presidencial\/#primaryimage"},"thumbnailUrl":"https:\/\/apuntesdesanluis.com\/wp-content\/uploads\/2023\/08\/dolar-2.png","datePublished":"2023-12-07T01:54:18+00:00","breadcrumb":{"@id":"https:\/\/apuntesdesanluis.com\/index.php\/2023\/12\/06\/fuerte-repunte-del-dolar-blue-a-pocos-dias-del-recambio-presidencial\/#breadcrumb"},"inLanguage":"es-AR","potentialAction":[{"@type":"ReadAction","target":["https:\/\/apuntesdesanluis.com\/index.php\/2023\/12\/06\/fuerte-repunte-del-dolar-blue-a-pocos-dias-del-recambio-presidencial\/"]}]},{"@type":"ImageObject","inLanguage":"es-AR","@id":"https:\/\/apuntesdesanluis.com\/index.php\/2023\/12\/06\/fuerte-repunte-del-dolar-blue-a-pocos-dias-del-recambio-presidencial\/#primaryimage","url":"https:\/\/apuntesdesanluis.com\/wp-content\/uploads\/2023\/08\/dolar-2.png","contentUrl":"https:\/\/apuntesdesanluis.com\/wp-content\/uploads\/2023\/08\/dolar-2.png","width":600,"height":375},{"@type":"BreadcrumbList","@id":"https:\/\/apuntesdesanluis.com\/index.php\/2023\/12\/06\/fuerte-repunte-del-dolar-blue-a-pocos-dias-del-recambio-presidencial\/#breadcrumb","itemListElement":[{"@type":"ListItem","position":1,"name":"Inicio","item":"https:\/\/apuntesdesanluis.com\/"},{"@type":"ListItem","position":2,"name":"FUERTE REPUNTE DEL D\u00d3LAR BLUE A POCOS D\u00cdAS DEL RECAMBIO PRESIDENCIAL"}]},{"@type":"WebSite","@id":"https:\/\/apuntesdesanluis.com\/#website","url":"https:\/\/apuntesdesanluis.com\/","name":"Apuntes de San Luis","description":"","publisher":{"@id":"https:\/\/apuntesdesanluis.com\/#\/schema\/person\/b55151d52296fcce64d1a72538a70b90"},"potentialAction":[{"@type":"SearchAction","target":{"@type":"EntryPoint","urlTemplate":"https:\/\/apuntesdesanluis.com\/?s={search_term_string}"},"query-input":{"@type":"PropertyValueSpecification","valueRequired":true,"valueName":"search_term_string"}}],"inLanguage":"es-AR"},{"@type":["Person","Organization"],"@id":"https:\/\/apuntesdesanluis.com\/#\/schema\/person\/b55151d52296fcce64d1a72538a70b90","name":"apuntesdesanluis.com","image":{"@type":"ImageObject","inLanguage":"es-AR","@id":"https:\/\/apuntesdesanluis.com\/#\/schema\/person\/image\/","url":"https:\/\/apuntesdesanluis.com\/wp-content\/uploads\/2023\/07\/cropped-apuntesdesanluis.png","contentUrl":"https:\/\/apuntesdesanluis.com\/wp-content\/uploads\/2023\/07\/cropped-apuntesdesanluis.png","width":450,"height":112,"caption":"apuntesdesanluis.com"},"logo":{"@id":"https:\/\/apuntesdesanluis.com\/#\/schema\/person\/image\/"},"sameAs":["https:\/\/apuntesdesanluis.com"],"url":"https:\/\/apuntesdesanluis.com\/index.php\/author\/apuntesdesanluis-com\/"}]}},"featured_image_urls":{"full":["https:\/\/apuntesdesanluis.com\/wp-content\/uploads\/2023\/08\/dolar-2.png",600,375,false],"thumbnail":["https:\/\/apuntesdesanluis.com\/wp-content\/uploads\/2023\/08\/dolar-2-150x150.png",150,150,true],"medium":["https:\/\/apuntesdesanluis.com\/wp-content\/uploads\/2023\/08\/dolar-2-300x188.png",300,188,true],"medium_large":["https:\/\/apuntesdesanluis.com\/wp-content\/uploads\/2023\/08\/dolar-2.png",600,375,false],"large":["https:\/\/apuntesdesanluis.com\/wp-content\/uploads\/2023\/08\/dolar-2.png",600,375,false],"1536x1536":["https:\/\/apuntesdesanluis.com\/wp-content\/uploads\/2023\/08\/dolar-2.png",600,375,false],"2048x2048":["https:\/\/apuntesdesanluis.com\/wp-content\/uploads\/2023\/08\/dolar-2.png",600,375,false],"newsever-slider-full":["https:\/\/apuntesdesanluis.com\/wp-content\/uploads\/2023\/08\/dolar-2.png",600,375,false],"newsever-featured":["https:\/\/apuntesdesanluis.com\/wp-content\/uploads\/2023\/08\/dolar-2.png",600,375,false],"newsever-medium":["https:\/\/apuntesdesanluis.com\/wp-content\/uploads\/2023\/08\/dolar-2.png",600,375,false]},"author_info":{"display_name":"apuntesdesanluis.com","author_link":"https:\/\/apuntesdesanluis.com\/index.php\/author\/apuntesdesanluis-com\/"},"category_info":"<a href=\"https:\/\/apuntesdesanluis.com\/index.php\/category\/nacionales-internacionales\/\" rel=\"category tag\">Nacionales\/Internacionales<\/a>","tag_info":"Nacionales\/Internacionales","comment_count":"0","_links":{"self":[{"href":"https:\/\/apuntesdesanluis.com\/index.php\/wp-json\/wp\/v2\/posts\/7978","targetHints":{"allow":["GET"]}}],"collection":[{"href":"https:\/\/apuntesdesanluis.com\/index.php\/wp-json\/wp\/v2\/posts"}],"about":[{"href":"https:\/\/apuntesdesanluis.com\/index.php\/wp-json\/wp\/v2\/types\/post"}],"author":[{"embeddable":true,"href":"https:\/\/apuntesdesanluis.com\/index.php\/wp-json\/wp\/v2\/users\/1"}],"replies":[{"embeddable":true,"href":"https:\/\/apuntesdesanluis.com\/index.php\/wp-json\/wp\/v2\/comments?post=7978"}],"version-history":[{"count":1,"href":"https:\/\/apuntesdesanluis.com\/index.php\/wp-json\/wp\/v2\/posts\/7978\/revisions"}],"predecessor-version":[{"id":7979,"href":"https:\/\/apuntesdesanluis.com\/index.php\/wp-json\/wp\/v2\/posts\/7978\/revisions\/7979"}],"wp:featuredmedia":[{"embeddable":true,"href":"https:\/\/apuntesdesanluis.com\/index.php\/wp-json\/wp\/v2\/media\/1379"}],"wp:attachment":[{"href":"https:\/\/apuntesdesanluis.com\/index.php\/wp-json\/wp\/v2\/media?parent=7978"}],"wp:term":[{"taxonomy":"category","embeddable":true,"href":"https:\/\/apuntesdesanluis.com\/index.php\/wp-json\/wp\/v2\/categories?post=7978"},{"taxonomy":"post_tag","embeddable":true,"href":"https:\/\/apuntesdesanluis.com\/index.php\/wp-json\/wp\/v2\/tags?post=7978"}],"curies":[{"name":"wp","href":"https:\/\/api.w.org\/{rel}","templated":true}]}}