{"id":799,"date":"2023-07-31T21:32:48","date_gmt":"2023-08-01T00:32:48","guid":{"rendered":"https:\/\/apuntesdesanluis.com\/?p=799"},"modified":"2023-07-31T21:32:48","modified_gmt":"2023-08-01T00:32:48","slug":"la-justicia-aprobo-la-extradicion-de-facundo-jones-huala-a-chile","status":"publish","type":"post","link":"https:\/\/apuntesdesanluis.com\/index.php\/2023\/07\/31\/la-justicia-aprobo-la-extradicion-de-facundo-jones-huala-a-chile\/","title":{"rendered":"LA JUSTICIA APROB\u00d3 LA EXTRADICI\u00d3N DE FACUNDO JONES HUALA A CHILE"},"content":{"rendered":"<h3>El juzgado federal de Bariloche adelant\u00f3 para este lunes una decisi\u00f3n que deb\u00eda comunicar el martes y fall\u00f3 a favor de la extradici\u00f3n del l\u00edder mapuche <strong>Facundo Jones Huala<\/strong> a Chile. Sin embargo, el dirigente, condenado en el pa\u00eds vecino por actos terroristas, a\u00fan puede apelar en dos instancias, por lo que su traslado no ser\u00e1 efectivo inmediatamente.<\/h3>\n<h3>Si bien el traslado del detenido estaba previsto que se decidiera este martes, el juez subrogante Gustavo Eduardo Villanueva, a cargo de la causa, aceler\u00f3 los tiempos y acept\u00f3 antes entregar a Jones Huala para que cumpla la pena que le fue impuesta el 21 de diciembre de 2018 por la Primera Sala No Inhabilitada del Tribunal de Juicio Oral en lo Penal de la ciudad trasandina de Valdivia por \u201cincendio\u201d y \u201ctenencia ilegal de arma de fuego de fabricaci\u00f3n artesanal\u201d.<\/h3>\n<h3>\u201cComunicar al Ministerio de Relaciones Exteriores y Culto de la Naci\u00f3n y al Departamento INTERPOL de la Polic\u00eda Federal Argentina, lo resuelto en este proceso, con la informaci\u00f3n relativa al tiempo de detenci\u00f3n sufrido\u201d, orden\u00f3 el magistrado en su fallo.<\/h3>\n<h3>Asimismo, solicit\u00f3 al Estado de Chile \u201cque se computara el tiempo de privaci\u00f3n de libertad que demande este proceso, como si lo hubiese sufrido durante el curso del proceso que motivo el \u0301requerimiento\u201d de extradici\u00f3n y \u201cque extreme los recaudos en pos a de garantizar el respeto por la vida e integridad f\u00edsica, ps\u00edquica y moral\u201d de Jones Huala.<\/h3>\n<h3>Al hacer lugar al traslado, Villanueva sostuvo que no encontr\u00f3 \u201cmotivos suficientes y valederos que conduzcan a concluir\u201d que el l\u00edder mapuche \u201cpueda verse expuesto a tratos incompatibles con los est\u00e1ndares internacionales de derechos humanos ni para dudar que Chile \u2014con quien nos une una larga tradici\u00f3n de asistencia rec\u00edproca\u2014 aplicar\u00e1 con justicia la ley de la tierra\u201d.<\/h3>\n<h3>\u201cEn especial, si se toma en consideraci\u00f3n que -en caso de verificarse alguna de esas pr\u00e1cticas- tendr\u00e1 a su inmediato alcance un amplio abanico de opciones para hacer cesar o corregir los actos lesivos mediante presentaciones ante organismos nacionales o supranacionales -que, dicho sea, han controlado regularmente el estado y desarrollo de las instituciones penales chilenas-\u201d, agreg\u00f3.<\/h3>\n<h3>Por su parte, la defensa del dirigente de la RAM, encabezada por los abogados , Eduardo Soares y Gustavo Franquet, ya ten\u00edan preparados el recurso ordinario que elevar\u00edan a la Corte Suprema para tratar de revertir la extradici\u00f3n, a la cual se oponen.<\/h3>\n<h3>El jueves pasado, el propio Jones Huala fue el \u00faltimo en hablar en la \u00faltima de las audiencias judiciales que se improvis\u00f3 en uno de los salones del Escuadr\u00f3n 36\u00ba de Gendarmer\u00eda Nacional en Esquel, donde el condenado fue muy cr\u00edtico con el juez, quien en 2018 ya aval\u00f3 la extradici\u00f3n.<\/h3>\n<h3>Durante la audiencia tuvieron el primer rev\u00e9s a un pedido de anular el juicio aunque Villanueva rechaz\u00f3 los planteos preliminares que esgrimieron \u2013 argumentando el rechazo del magistrado a la posibilidad presentaci\u00f3n de pruebas &#8211; y descart\u00f3 la nulidad del proceso.<\/h3>\n<h3>\u201cCasaci\u00f3n puede anular el juicio si considera que es injusto que no nos hayan permitido presentar pruebas, o bien puede solicitar la realizaci\u00f3n de una nueva audiencia para poder hacerlo\u201d, dijo Soares. \u201cEso, para nosotros, es muy positivo\u201d, sentenci\u00f3.<\/h3>\n<h3>La Justicia chilena solicit\u00f3 la extradici\u00f3n para que siga cumpliendo la condena a seis a\u00f1os de prisi\u00f3n por el incendio de un fundo y la portaci\u00f3n ilegal de armas de fuego, delitos ocurridos en 2013, y de la que a\u00fan resta menos de un a\u00f1o para que expire, en junio de 2024.<\/h3>\n<h3>Jones Huala fue detenido a fin de enero de este a\u00f1o en El Bols\u00f3n. Tras un breve paso por una comisar\u00eda de Dina Huapi, a 15 kil\u00f3metros de Bariloche, fue trasladado a la c\u00e1rcel federal de Esquel, donde permanece alojado. El tiempo de reclusi\u00f3n en la Argentina se computa como parte de la condena.<\/h3>\n","protected":false},"excerpt":{"rendered":"<p>El juzgado federal de Bariloche adelant\u00f3 para este lunes una decisi\u00f3n que deb\u00eda comunicar el&#8230;<\/p>\n","protected":false},"author":1,"featured_media":800,"comment_status":"closed","ping_status":"closed","sticky":false,"template":"","format":"standard","meta":{"footnotes":""},"categories":[5],"tags":[],"class_list":["post-799","post","type-post","status-publish","format-standard","has-post-thumbnail","hentry","category-nacionales-internacionales"],"yoast_head":"<!-- This site is optimized with the Yoast SEO plugin v26.1.1 - https:\/\/yoast.com\/wordpress\/plugins\/seo\/ -->\n<title>LA JUSTICIA APROB\u00d3 LA EXTRADICI\u00d3N DE FACUNDO JONES HUALA A CHILE - Apuntes de San Luis<\/title>\n<meta name=\"robots\" content=\"index, follow, max-snippet:-1, max-image-preview:large, max-video-preview:-1\" \/>\n<link rel=\"canonical\" href=\"https:\/\/apuntesdesanluis.com\/index.php\/2023\/07\/31\/la-justicia-aprobo-la-extradicion-de-facundo-jones-huala-a-chile\/\" \/>\n<meta property=\"og:locale\" content=\"es_ES\" \/>\n<meta property=\"og:type\" content=\"article\" \/>\n<meta property=\"og:title\" content=\"LA JUSTICIA APROB\u00d3 LA EXTRADICI\u00d3N DE FACUNDO JONES HUALA A CHILE - Apuntes de San Luis\" \/>\n<meta property=\"og:description\" content=\"El juzgado federal de Bariloche adelant\u00f3 para este lunes una decisi\u00f3n que deb\u00eda comunicar el...\" \/>\n<meta property=\"og:url\" content=\"https:\/\/apuntesdesanluis.com\/index.php\/2023\/07\/31\/la-justicia-aprobo-la-extradicion-de-facundo-jones-huala-a-chile\/\" \/>\n<meta property=\"og:site_name\" content=\"Apuntes de San Luis\" \/>\n<meta property=\"article:published_time\" content=\"2023-08-01T00:32:48+00:00\" \/>\n<meta property=\"og:image\" content=\"https:\/\/apuntesdesanluis.com\/wp-content\/uploads\/2023\/07\/facundo-jones-huala.png\" \/>\n\t<meta property=\"og:image:width\" content=\"726\" \/>\n\t<meta property=\"og:image:height\" content=\"453\" \/>\n\t<meta property=\"og:image:type\" content=\"image\/png\" \/>\n<meta name=\"author\" content=\"apuntesdesanluis.com\" \/>\n<meta name=\"twitter:card\" content=\"summary_large_image\" \/>\n<meta name=\"twitter:label1\" content=\"Escrito por\" \/>\n\t<meta name=\"twitter:data1\" content=\"apuntesdesanluis.com\" \/>\n\t<meta name=\"twitter:label2\" content=\"Tiempo de lectura\" \/>\n\t<meta name=\"twitter:data2\" content=\"3 minutos\" \/>\n<script type=\"application\/ld+json\" class=\"yoast-schema-graph\">{\"@context\":\"https:\/\/schema.org\",\"@graph\":[{\"@type\":\"Article\",\"@id\":\"https:\/\/apuntesdesanluis.com\/index.php\/2023\/07\/31\/la-justicia-aprobo-la-extradicion-de-facundo-jones-huala-a-chile\/#article\",\"isPartOf\":{\"@id\":\"https:\/\/apuntesdesanluis.com\/index.php\/2023\/07\/31\/la-justicia-aprobo-la-extradicion-de-facundo-jones-huala-a-chile\/\"},\"author\":{\"name\":\"apuntesdesanluis.com\",\"@id\":\"https:\/\/apuntesdesanluis.com\/#\/schema\/person\/b55151d52296fcce64d1a72538a70b90\"},\"headline\":\"LA JUSTICIA APROB\u00d3 LA EXTRADICI\u00d3N DE FACUNDO JONES HUALA A CHILE\",\"datePublished\":\"2023-08-01T00:32:48+00:00\",\"mainEntityOfPage\":{\"@id\":\"https:\/\/apuntesdesanluis.com\/index.php\/2023\/07\/31\/la-justicia-aprobo-la-extradicion-de-facundo-jones-huala-a-chile\/\"},\"wordCount\":680,\"publisher\":{\"@id\":\"https:\/\/apuntesdesanluis.com\/#\/schema\/person\/b55151d52296fcce64d1a72538a70b90\"},\"image\":{\"@id\":\"https:\/\/apuntesdesanluis.com\/index.php\/2023\/07\/31\/la-justicia-aprobo-la-extradicion-de-facundo-jones-huala-a-chile\/#primaryimage\"},\"thumbnailUrl\":\"https:\/\/apuntesdesanluis.com\/wp-content\/uploads\/2023\/07\/facundo-jones-huala.png\",\"articleSection\":[\"Nacionales\/Internacionales\"],\"inLanguage\":\"es-AR\"},{\"@type\":\"WebPage\",\"@id\":\"https:\/\/apuntesdesanluis.com\/index.php\/2023\/07\/31\/la-justicia-aprobo-la-extradicion-de-facundo-jones-huala-a-chile\/\",\"url\":\"https:\/\/apuntesdesanluis.com\/index.php\/2023\/07\/31\/la-justicia-aprobo-la-extradicion-de-facundo-jones-huala-a-chile\/\",\"name\":\"LA JUSTICIA APROB\u00d3 LA EXTRADICI\u00d3N DE FACUNDO JONES HUALA A CHILE - Apuntes de San Luis\",\"isPartOf\":{\"@id\":\"https:\/\/apuntesdesanluis.com\/#website\"},\"primaryImageOfPage\":{\"@id\":\"https:\/\/apuntesdesanluis.com\/index.php\/2023\/07\/31\/la-justicia-aprobo-la-extradicion-de-facundo-jones-huala-a-chile\/#primaryimage\"},\"image\":{\"@id\":\"https:\/\/apuntesdesanluis.com\/index.php\/2023\/07\/31\/la-justicia-aprobo-la-extradicion-de-facundo-jones-huala-a-chile\/#primaryimage\"},\"thumbnailUrl\":\"https:\/\/apuntesdesanluis.com\/wp-content\/uploads\/2023\/07\/facundo-jones-huala.png\",\"datePublished\":\"2023-08-01T00:32:48+00:00\",\"breadcrumb\":{\"@id\":\"https:\/\/apuntesdesanluis.com\/index.php\/2023\/07\/31\/la-justicia-aprobo-la-extradicion-de-facundo-jones-huala-a-chile\/#breadcrumb\"},\"inLanguage\":\"es-AR\",\"potentialAction\":[{\"@type\":\"ReadAction\",\"target\":[\"https:\/\/apuntesdesanluis.com\/index.php\/2023\/07\/31\/la-justicia-aprobo-la-extradicion-de-facundo-jones-huala-a-chile\/\"]}]},{\"@type\":\"ImageObject\",\"inLanguage\":\"es-AR\",\"@id\":\"https:\/\/apuntesdesanluis.com\/index.php\/2023\/07\/31\/la-justicia-aprobo-la-extradicion-de-facundo-jones-huala-a-chile\/#primaryimage\",\"url\":\"https:\/\/apuntesdesanluis.com\/wp-content\/uploads\/2023\/07\/facundo-jones-huala.png\",\"contentUrl\":\"https:\/\/apuntesdesanluis.com\/wp-content\/uploads\/2023\/07\/facundo-jones-huala.png\",\"width\":726,\"height\":453},{\"@type\":\"BreadcrumbList\",\"@id\":\"https:\/\/apuntesdesanluis.com\/index.php\/2023\/07\/31\/la-justicia-aprobo-la-extradicion-de-facundo-jones-huala-a-chile\/#breadcrumb\",\"itemListElement\":[{\"@type\":\"ListItem\",\"position\":1,\"name\":\"Inicio\",\"item\":\"https:\/\/apuntesdesanluis.com\/\"},{\"@type\":\"ListItem\",\"position\":2,\"name\":\"LA JUSTICIA APROB\u00d3 LA EXTRADICI\u00d3N DE FACUNDO JONES HUALA A CHILE\"}]},{\"@type\":\"WebSite\",\"@id\":\"https:\/\/apuntesdesanluis.com\/#website\",\"url\":\"https:\/\/apuntesdesanluis.com\/\",\"name\":\"Apuntes de San Luis\",\"description\":\"\",\"publisher\":{\"@id\":\"https:\/\/apuntesdesanluis.com\/#\/schema\/person\/b55151d52296fcce64d1a72538a70b90\"},\"potentialAction\":[{\"@type\":\"SearchAction\",\"target\":{\"@type\":\"EntryPoint\",\"urlTemplate\":\"https:\/\/apuntesdesanluis.com\/?s={search_term_string}\"},\"query-input\":{\"@type\":\"PropertyValueSpecification\",\"valueRequired\":true,\"valueName\":\"search_term_string\"}}],\"inLanguage\":\"es-AR\"},{\"@type\":[\"Person\",\"Organization\"],\"@id\":\"https:\/\/apuntesdesanluis.com\/#\/schema\/person\/b55151d52296fcce64d1a72538a70b90\",\"name\":\"apuntesdesanluis.com\",\"image\":{\"@type\":\"ImageObject\",\"inLanguage\":\"es-AR\",\"@id\":\"https:\/\/apuntesdesanluis.com\/#\/schema\/person\/image\/\",\"url\":\"https:\/\/apuntesdesanluis.com\/wp-content\/uploads\/2023\/07\/cropped-apuntesdesanluis.png\",\"contentUrl\":\"https:\/\/apuntesdesanluis.com\/wp-content\/uploads\/2023\/07\/cropped-apuntesdesanluis.png\",\"width\":450,\"height\":112,\"caption\":\"apuntesdesanluis.com\"},\"logo\":{\"@id\":\"https:\/\/apuntesdesanluis.com\/#\/schema\/person\/image\/\"},\"sameAs\":[\"https:\/\/apuntesdesanluis.com\"],\"url\":\"https:\/\/apuntesdesanluis.com\/index.php\/author\/apuntesdesanluis-com\/\"}]}<\/script>\n<!-- \/ Yoast SEO plugin. -->","yoast_head_json":{"title":"LA JUSTICIA APROB\u00d3 LA EXTRADICI\u00d3N DE FACUNDO JONES HUALA A CHILE - Apuntes de San Luis","robots":{"index":"index","follow":"follow","max-snippet":"max-snippet:-1","max-image-preview":"max-image-preview:large","max-video-preview":"max-video-preview:-1"},"canonical":"https:\/\/apuntesdesanluis.com\/index.php\/2023\/07\/31\/la-justicia-aprobo-la-extradicion-de-facundo-jones-huala-a-chile\/","og_locale":"es_ES","og_type":"article","og_title":"LA JUSTICIA APROB\u00d3 LA EXTRADICI\u00d3N DE FACUNDO JONES HUALA A CHILE - Apuntes de San Luis","og_description":"El juzgado federal de Bariloche adelant\u00f3 para este lunes una decisi\u00f3n que deb\u00eda comunicar el...","og_url":"https:\/\/apuntesdesanluis.com\/index.php\/2023\/07\/31\/la-justicia-aprobo-la-extradicion-de-facundo-jones-huala-a-chile\/","og_site_name":"Apuntes de San Luis","article_published_time":"2023-08-01T00:32:48+00:00","og_image":[{"width":726,"height":453,"url":"https:\/\/apuntesdesanluis.com\/wp-content\/uploads\/2023\/07\/facundo-jones-huala.png","type":"image\/png"}],"author":"apuntesdesanluis.com","twitter_card":"summary_large_image","twitter_misc":{"Escrito por":"apuntesdesanluis.com","Tiempo de lectura":"3 minutos"},"schema":{"@context":"https:\/\/schema.org","@graph":[{"@type":"Article","@id":"https:\/\/apuntesdesanluis.com\/index.php\/2023\/07\/31\/la-justicia-aprobo-la-extradicion-de-facundo-jones-huala-a-chile\/#article","isPartOf":{"@id":"https:\/\/apuntesdesanluis.com\/index.php\/2023\/07\/31\/la-justicia-aprobo-la-extradicion-de-facundo-jones-huala-a-chile\/"},"author":{"name":"apuntesdesanluis.com","@id":"https:\/\/apuntesdesanluis.com\/#\/schema\/person\/b55151d52296fcce64d1a72538a70b90"},"headline":"LA JUSTICIA APROB\u00d3 LA EXTRADICI\u00d3N DE FACUNDO JONES HUALA A CHILE","datePublished":"2023-08-01T00:32:48+00:00","mainEntityOfPage":{"@id":"https:\/\/apuntesdesanluis.com\/index.php\/2023\/07\/31\/la-justicia-aprobo-la-extradicion-de-facundo-jones-huala-a-chile\/"},"wordCount":680,"publisher":{"@id":"https:\/\/apuntesdesanluis.com\/#\/schema\/person\/b55151d52296fcce64d1a72538a70b90"},"image":{"@id":"https:\/\/apuntesdesanluis.com\/index.php\/2023\/07\/31\/la-justicia-aprobo-la-extradicion-de-facundo-jones-huala-a-chile\/#primaryimage"},"thumbnailUrl":"https:\/\/apuntesdesanluis.com\/wp-content\/uploads\/2023\/07\/facundo-jones-huala.png","articleSection":["Nacionales\/Internacionales"],"inLanguage":"es-AR"},{"@type":"WebPage","@id":"https:\/\/apuntesdesanluis.com\/index.php\/2023\/07\/31\/la-justicia-aprobo-la-extradicion-de-facundo-jones-huala-a-chile\/","url":"https:\/\/apuntesdesanluis.com\/index.php\/2023\/07\/31\/la-justicia-aprobo-la-extradicion-de-facundo-jones-huala-a-chile\/","name":"LA JUSTICIA APROB\u00d3 LA EXTRADICI\u00d3N DE FACUNDO JONES HUALA A CHILE - Apuntes de San Luis","isPartOf":{"@id":"https:\/\/apuntesdesanluis.com\/#website"},"primaryImageOfPage":{"@id":"https:\/\/apuntesdesanluis.com\/index.php\/2023\/07\/31\/la-justicia-aprobo-la-extradicion-de-facundo-jones-huala-a-chile\/#primaryimage"},"image":{"@id":"https:\/\/apuntesdesanluis.com\/index.php\/2023\/07\/31\/la-justicia-aprobo-la-extradicion-de-facundo-jones-huala-a-chile\/#primaryimage"},"thumbnailUrl":"https:\/\/apuntesdesanluis.com\/wp-content\/uploads\/2023\/07\/facundo-jones-huala.png","datePublished":"2023-08-01T00:32:48+00:00","breadcrumb":{"@id":"https:\/\/apuntesdesanluis.com\/index.php\/2023\/07\/31\/la-justicia-aprobo-la-extradicion-de-facundo-jones-huala-a-chile\/#breadcrumb"},"inLanguage":"es-AR","potentialAction":[{"@type":"ReadAction","target":["https:\/\/apuntesdesanluis.com\/index.php\/2023\/07\/31\/la-justicia-aprobo-la-extradicion-de-facundo-jones-huala-a-chile\/"]}]},{"@type":"ImageObject","inLanguage":"es-AR","@id":"https:\/\/apuntesdesanluis.com\/index.php\/2023\/07\/31\/la-justicia-aprobo-la-extradicion-de-facundo-jones-huala-a-chile\/#primaryimage","url":"https:\/\/apuntesdesanluis.com\/wp-content\/uploads\/2023\/07\/facundo-jones-huala.png","contentUrl":"https:\/\/apuntesdesanluis.com\/wp-content\/uploads\/2023\/07\/facundo-jones-huala.png","width":726,"height":453},{"@type":"BreadcrumbList","@id":"https:\/\/apuntesdesanluis.com\/index.php\/2023\/07\/31\/la-justicia-aprobo-la-extradicion-de-facundo-jones-huala-a-chile\/#breadcrumb","itemListElement":[{"@type":"ListItem","position":1,"name":"Inicio","item":"https:\/\/apuntesdesanluis.com\/"},{"@type":"ListItem","position":2,"name":"LA JUSTICIA APROB\u00d3 LA EXTRADICI\u00d3N DE FACUNDO JONES HUALA A CHILE"}]},{"@type":"WebSite","@id":"https:\/\/apuntesdesanluis.com\/#website","url":"https:\/\/apuntesdesanluis.com\/","name":"Apuntes de San Luis","description":"","publisher":{"@id":"https:\/\/apuntesdesanluis.com\/#\/schema\/person\/b55151d52296fcce64d1a72538a70b90"},"potentialAction":[{"@type":"SearchAction","target":{"@type":"EntryPoint","urlTemplate":"https:\/\/apuntesdesanluis.com\/?s={search_term_string}"},"query-input":{"@type":"PropertyValueSpecification","valueRequired":true,"valueName":"search_term_string"}}],"inLanguage":"es-AR"},{"@type":["Person","Organization"],"@id":"https:\/\/apuntesdesanluis.com\/#\/schema\/person\/b55151d52296fcce64d1a72538a70b90","name":"apuntesdesanluis.com","image":{"@type":"ImageObject","inLanguage":"es-AR","@id":"https:\/\/apuntesdesanluis.com\/#\/schema\/person\/image\/","url":"https:\/\/apuntesdesanluis.com\/wp-content\/uploads\/2023\/07\/cropped-apuntesdesanluis.png","contentUrl":"https:\/\/apuntesdesanluis.com\/wp-content\/uploads\/2023\/07\/cropped-apuntesdesanluis.png","width":450,"height":112,"caption":"apuntesdesanluis.com"},"logo":{"@id":"https:\/\/apuntesdesanluis.com\/#\/schema\/person\/image\/"},"sameAs":["https:\/\/apuntesdesanluis.com"],"url":"https:\/\/apuntesdesanluis.com\/index.php\/author\/apuntesdesanluis-com\/"}]}},"featured_image_urls":{"full":["https:\/\/apuntesdesanluis.com\/wp-content\/uploads\/2023\/07\/facundo-jones-huala.png",726,453,false],"thumbnail":["https:\/\/apuntesdesanluis.com\/wp-content\/uploads\/2023\/07\/facundo-jones-huala-150x150.png",150,150,true],"medium":["https:\/\/apuntesdesanluis.com\/wp-content\/uploads\/2023\/07\/facundo-jones-huala-300x187.png",300,187,true],"medium_large":["https:\/\/apuntesdesanluis.com\/wp-content\/uploads\/2023\/07\/facundo-jones-huala.png",640,399,false],"large":["https:\/\/apuntesdesanluis.com\/wp-content\/uploads\/2023\/07\/facundo-jones-huala.png",640,399,false],"1536x1536":["https:\/\/apuntesdesanluis.com\/wp-content\/uploads\/2023\/07\/facundo-jones-huala.png",726,453,false],"2048x2048":["https:\/\/apuntesdesanluis.com\/wp-content\/uploads\/2023\/07\/facundo-jones-huala.png",726,453,false],"newsever-slider-full":["https:\/\/apuntesdesanluis.com\/wp-content\/uploads\/2023\/07\/facundo-jones-huala.png",726,453,false],"newsever-featured":["https:\/\/apuntesdesanluis.com\/wp-content\/uploads\/2023\/07\/facundo-jones-huala.png",726,453,false],"newsever-medium":["https:\/\/apuntesdesanluis.com\/wp-content\/uploads\/2023\/07\/facundo-jones-huala-720x453.png",720,453,true]},"author_info":{"display_name":"apuntesdesanluis.com","author_link":"https:\/\/apuntesdesanluis.com\/index.php\/author\/apuntesdesanluis-com\/"},"category_info":"<a href=\"https:\/\/apuntesdesanluis.com\/index.php\/category\/nacionales-internacionales\/\" rel=\"category tag\">Nacionales\/Internacionales<\/a>","tag_info":"Nacionales\/Internacionales","comment_count":"0","_links":{"self":[{"href":"https:\/\/apuntesdesanluis.com\/index.php\/wp-json\/wp\/v2\/posts\/799","targetHints":{"allow":["GET"]}}],"collection":[{"href":"https:\/\/apuntesdesanluis.com\/index.php\/wp-json\/wp\/v2\/posts"}],"about":[{"href":"https:\/\/apuntesdesanluis.com\/index.php\/wp-json\/wp\/v2\/types\/post"}],"author":[{"embeddable":true,"href":"https:\/\/apuntesdesanluis.com\/index.php\/wp-json\/wp\/v2\/users\/1"}],"replies":[{"embeddable":true,"href":"https:\/\/apuntesdesanluis.com\/index.php\/wp-json\/wp\/v2\/comments?post=799"}],"version-history":[{"count":1,"href":"https:\/\/apuntesdesanluis.com\/index.php\/wp-json\/wp\/v2\/posts\/799\/revisions"}],"predecessor-version":[{"id":801,"href":"https:\/\/apuntesdesanluis.com\/index.php\/wp-json\/wp\/v2\/posts\/799\/revisions\/801"}],"wp:featuredmedia":[{"embeddable":true,"href":"https:\/\/apuntesdesanluis.com\/index.php\/wp-json\/wp\/v2\/media\/800"}],"wp:attachment":[{"href":"https:\/\/apuntesdesanluis.com\/index.php\/wp-json\/wp\/v2\/media?parent=799"}],"wp:term":[{"taxonomy":"category","embeddable":true,"href":"https:\/\/apuntesdesanluis.com\/index.php\/wp-json\/wp\/v2\/categories?post=799"},{"taxonomy":"post_tag","embeddable":true,"href":"https:\/\/apuntesdesanluis.com\/index.php\/wp-json\/wp\/v2\/tags?post=799"}],"curies":[{"name":"wp","href":"https:\/\/api.w.org\/{rel}","templated":true}]}}