{"id":8000,"date":"2023-12-07T19:12:20","date_gmt":"2023-12-07T22:12:20","guid":{"rendered":"https:\/\/apuntesdesanluis.com\/?p=8000"},"modified":"2023-12-07T19:12:53","modified_gmt":"2023-12-07T22:12:53","slug":"la-upro-de-villa-mercedes-entrego-sus-titulos-a-mas-de-800-egresados","status":"publish","type":"post","link":"https:\/\/apuntesdesanluis.com\/index.php\/2023\/12\/07\/la-upro-de-villa-mercedes-entrego-sus-titulos-a-mas-de-800-egresados\/","title":{"rendered":"LA UPRO DE VILLA MERCEDES ENTREG\u00d3 SUS T\u00cdTULOS A M\u00c1S DE 800 EGRESADOS"},"content":{"rendered":"<h3>En una nave t\u00e9cnica colmada de estudiantes y familiares, las autoridades de la <strong>Universidad Provincial de Oficios \u201cEva Per\u00f3n\u201d<\/strong> hicieron entrega de 1018 diplomas correspondientes a 20 tecnicaturas y cursos que se dictan en la casa central de la ciudad de Villa Mercedes.<\/h3>\n<h3>Algunos alumnos recibieron 2 y hasta 3 diplomas correspondientes a distintos niveles o por haber cursado dos carreras en el a\u00f1o.<\/h3>\n<h3><img fetchpriority=\"high\" decoding=\"async\" class=\"wp-image-8001 aligncenter\" src=\"https:\/\/apuntesdesanluis.com\/wp-content\/uploads\/2023\/12\/surroca-caja-300x204.png\" alt=\"\" width=\"701\" height=\"477\" srcset=\"https:\/\/apuntesdesanluis.com\/wp-content\/uploads\/2023\/12\/surroca-caja-300x204.png 300w, https:\/\/apuntesdesanluis.com\/wp-content\/uploads\/2023\/12\/surroca-caja.png 600w\" sizes=\"(max-width: 701px) 100vw, 701px\" \/><\/h3>\n<h3>Se trata de los recibidos de:<\/h3>\n<h3>T\u00e9cnico Electricista Avanzado: 103<\/h3>\n<h3>T\u00e9cnico Soldador Avanzado: 119<\/h3>\n<h3>T\u00e9cnico Mec\u00e1nico Integral: 3<\/h3>\n<h3>T\u00e9cnico en Energ\u00edas Renovables: 35<\/h3>\n<h3>T\u00e9cnico en Rob\u00f3tica: 59<\/h3>\n<h3>Carpinter\u00eda Met\u00e1lica en Aluminio: 37<\/h3>\n<h3>Instalador Gasista Matriculado: 33<\/h3>\n<h3>Instalador Sanitarista Matriculado: 9<\/h3>\n<h3>Alba\u00f1iler\u00eda: 1<\/h3>\n<h3>Cocina Profesional: 77<\/h3>\n<h3>Construye Tu Vivienda: 12<\/h3>\n<h3>Impresi\u00f3n 3D: 14<\/h3>\n<h3>Sistemas de Construcci\u00f3n en Seco: 42<\/h3>\n<h3>Tapicer\u00eda, Dise\u00f1o y Restauraci\u00f3n: 127<\/h3>\n<h3>Imagen Personal: 142<\/h3>\n<h3>Reparaci\u00f3n de Peque\u00f1os Electrodom\u00e9sticos: 122<\/h3>\n<h3>Gerenciamiento Gastron\u00f3mico: 34<\/h3>\n<h3>Bobinado de Motores: 25<\/h3>\n<h3>Electr\u00f3nica Industrial: 19<\/h3>\n<h3>Bombas y Calderas: 5<\/h3>\n<h3>Adem\u00e1s, cada uno se llev\u00f3 un kit completo de herramientas, lo cual permitir\u00e1 contar con todo lo necesario para una r\u00e1pida incersi\u00f3n laboral.<\/h3>\n<h3>El rector de la casa de estudios, Joaqu\u00edn Surroca, se dirigi\u00f3 a los presentes y catalog\u00f3 el evento como hist\u00f3rico: \u201cEs la d\u00e9cima colaci\u00f3n consecutiva en Villa Mercedes, la segunda en San Luis capital y la primera en las extensiones de Tilisarao, La Calera, Quines, Candelaria, San Mart\u00edn, Justo Daract, Merlo y Buena Esperanza, llegando a m\u00e1s de 2020 alumnos recibidos y cumpliendo con el objetivo de llegar a todos los puntos de la provincia\u201d.<\/h3>\n<p>&nbsp;<\/p>\n<p>&nbsp;<\/p>\n<p>&nbsp;<\/p>\n<p>&nbsp;<\/p>\n","protected":false},"excerpt":{"rendered":"<p>En una nave t\u00e9cnica colmada de estudiantes y familiares, las autoridades de la Universidad Provincial&#8230;<\/p>\n","protected":false},"author":1,"featured_media":8002,"comment_status":"closed","ping_status":"closed","sticky":false,"template":"","format":"standard","meta":{"footnotes":""},"categories":[6],"tags":[],"class_list":["post-8000","post","type-post","status-publish","format-standard","has-post-thumbnail","hentry","category-ciudad-provincia"],"yoast_head":"<!-- This site is optimized with the Yoast SEO plugin v26.1.1 - https:\/\/yoast.com\/wordpress\/plugins\/seo\/ -->\n<title>LA UPRO DE VILLA MERCEDES ENTREG\u00d3 SUS T\u00cdTULOS A M\u00c1S DE 800 EGRESADOS - Apuntes de San Luis<\/title>\n<meta name=\"robots\" content=\"index, follow, max-snippet:-1, max-image-preview:large, max-video-preview:-1\" \/>\n<link rel=\"canonical\" href=\"https:\/\/apuntesdesanluis.com\/index.php\/2023\/12\/07\/la-upro-de-villa-mercedes-entrego-sus-titulos-a-mas-de-800-egresados\/\" \/>\n<meta property=\"og:locale\" content=\"es_ES\" \/>\n<meta property=\"og:type\" content=\"article\" \/>\n<meta property=\"og:title\" content=\"LA UPRO DE VILLA MERCEDES ENTREG\u00d3 SUS T\u00cdTULOS A M\u00c1S DE 800 EGRESADOS - Apuntes de San Luis\" \/>\n<meta property=\"og:description\" content=\"En una nave t\u00e9cnica colmada de estudiantes y familiares, las autoridades de la Universidad Provincial...\" \/>\n<meta property=\"og:url\" content=\"https:\/\/apuntesdesanluis.com\/index.php\/2023\/12\/07\/la-upro-de-villa-mercedes-entrego-sus-titulos-a-mas-de-800-egresados\/\" \/>\n<meta property=\"og:site_name\" content=\"Apuntes de San Luis\" \/>\n<meta property=\"article:published_time\" content=\"2023-12-07T22:12:20+00:00\" \/>\n<meta property=\"article:modified_time\" content=\"2023-12-07T22:12:53+00:00\" \/>\n<meta property=\"og:image\" content=\"https:\/\/apuntesdesanluis.com\/wp-content\/uploads\/2023\/12\/salon-upro.png\" \/>\n\t<meta property=\"og:image:width\" content=\"600\" \/>\n\t<meta property=\"og:image:height\" content=\"340\" \/>\n\t<meta property=\"og:image:type\" content=\"image\/png\" \/>\n<meta name=\"author\" content=\"apuntesdesanluis.com\" \/>\n<meta name=\"twitter:card\" content=\"summary_large_image\" \/>\n<meta name=\"twitter:label1\" content=\"Escrito por\" \/>\n\t<meta name=\"twitter:data1\" content=\"apuntesdesanluis.com\" \/>\n\t<meta name=\"twitter:label2\" content=\"Tiempo de lectura\" \/>\n\t<meta name=\"twitter:data2\" content=\"2 minutos\" \/>\n<script type=\"application\/ld+json\" class=\"yoast-schema-graph\">{\"@context\":\"https:\/\/schema.org\",\"@graph\":[{\"@type\":\"Article\",\"@id\":\"https:\/\/apuntesdesanluis.com\/index.php\/2023\/12\/07\/la-upro-de-villa-mercedes-entrego-sus-titulos-a-mas-de-800-egresados\/#article\",\"isPartOf\":{\"@id\":\"https:\/\/apuntesdesanluis.com\/index.php\/2023\/12\/07\/la-upro-de-villa-mercedes-entrego-sus-titulos-a-mas-de-800-egresados\/\"},\"author\":{\"name\":\"apuntesdesanluis.com\",\"@id\":\"https:\/\/apuntesdesanluis.com\/#\/schema\/person\/b55151d52296fcce64d1a72538a70b90\"},\"headline\":\"LA UPRO DE VILLA MERCEDES ENTREG\u00d3 SUS T\u00cdTULOS A M\u00c1S DE 800 EGRESADOS\",\"datePublished\":\"2023-12-07T22:12:20+00:00\",\"dateModified\":\"2023-12-07T22:12:53+00:00\",\"mainEntityOfPage\":{\"@id\":\"https:\/\/apuntesdesanluis.com\/index.php\/2023\/12\/07\/la-upro-de-villa-mercedes-entrego-sus-titulos-a-mas-de-800-egresados\/\"},\"wordCount\":274,\"publisher\":{\"@id\":\"https:\/\/apuntesdesanluis.com\/#\/schema\/person\/b55151d52296fcce64d1a72538a70b90\"},\"image\":{\"@id\":\"https:\/\/apuntesdesanluis.com\/index.php\/2023\/12\/07\/la-upro-de-villa-mercedes-entrego-sus-titulos-a-mas-de-800-egresados\/#primaryimage\"},\"thumbnailUrl\":\"https:\/\/apuntesdesanluis.com\/wp-content\/uploads\/2023\/12\/salon-upro.png\",\"articleSection\":[\"Ciudad\/Provincia\"],\"inLanguage\":\"es-AR\"},{\"@type\":\"WebPage\",\"@id\":\"https:\/\/apuntesdesanluis.com\/index.php\/2023\/12\/07\/la-upro-de-villa-mercedes-entrego-sus-titulos-a-mas-de-800-egresados\/\",\"url\":\"https:\/\/apuntesdesanluis.com\/index.php\/2023\/12\/07\/la-upro-de-villa-mercedes-entrego-sus-titulos-a-mas-de-800-egresados\/\",\"name\":\"LA UPRO DE VILLA MERCEDES ENTREG\u00d3 SUS T\u00cdTULOS A M\u00c1S DE 800 EGRESADOS - Apuntes de San Luis\",\"isPartOf\":{\"@id\":\"https:\/\/apuntesdesanluis.com\/#website\"},\"primaryImageOfPage\":{\"@id\":\"https:\/\/apuntesdesanluis.com\/index.php\/2023\/12\/07\/la-upro-de-villa-mercedes-entrego-sus-titulos-a-mas-de-800-egresados\/#primaryimage\"},\"image\":{\"@id\":\"https:\/\/apuntesdesanluis.com\/index.php\/2023\/12\/07\/la-upro-de-villa-mercedes-entrego-sus-titulos-a-mas-de-800-egresados\/#primaryimage\"},\"thumbnailUrl\":\"https:\/\/apuntesdesanluis.com\/wp-content\/uploads\/2023\/12\/salon-upro.png\",\"datePublished\":\"2023-12-07T22:12:20+00:00\",\"dateModified\":\"2023-12-07T22:12:53+00:00\",\"breadcrumb\":{\"@id\":\"https:\/\/apuntesdesanluis.com\/index.php\/2023\/12\/07\/la-upro-de-villa-mercedes-entrego-sus-titulos-a-mas-de-800-egresados\/#breadcrumb\"},\"inLanguage\":\"es-AR\",\"potentialAction\":[{\"@type\":\"ReadAction\",\"target\":[\"https:\/\/apuntesdesanluis.com\/index.php\/2023\/12\/07\/la-upro-de-villa-mercedes-entrego-sus-titulos-a-mas-de-800-egresados\/\"]}]},{\"@type\":\"ImageObject\",\"inLanguage\":\"es-AR\",\"@id\":\"https:\/\/apuntesdesanluis.com\/index.php\/2023\/12\/07\/la-upro-de-villa-mercedes-entrego-sus-titulos-a-mas-de-800-egresados\/#primaryimage\",\"url\":\"https:\/\/apuntesdesanluis.com\/wp-content\/uploads\/2023\/12\/salon-upro.png\",\"contentUrl\":\"https:\/\/apuntesdesanluis.com\/wp-content\/uploads\/2023\/12\/salon-upro.png\",\"width\":600,\"height\":340},{\"@type\":\"BreadcrumbList\",\"@id\":\"https:\/\/apuntesdesanluis.com\/index.php\/2023\/12\/07\/la-upro-de-villa-mercedes-entrego-sus-titulos-a-mas-de-800-egresados\/#breadcrumb\",\"itemListElement\":[{\"@type\":\"ListItem\",\"position\":1,\"name\":\"Inicio\",\"item\":\"https:\/\/apuntesdesanluis.com\/\"},{\"@type\":\"ListItem\",\"position\":2,\"name\":\"LA UPRO DE VILLA MERCEDES ENTREG\u00d3 SUS T\u00cdTULOS A M\u00c1S DE 800 EGRESADOS\"}]},{\"@type\":\"WebSite\",\"@id\":\"https:\/\/apuntesdesanluis.com\/#website\",\"url\":\"https:\/\/apuntesdesanluis.com\/\",\"name\":\"Apuntes de San Luis\",\"description\":\"\",\"publisher\":{\"@id\":\"https:\/\/apuntesdesanluis.com\/#\/schema\/person\/b55151d52296fcce64d1a72538a70b90\"},\"potentialAction\":[{\"@type\":\"SearchAction\",\"target\":{\"@type\":\"EntryPoint\",\"urlTemplate\":\"https:\/\/apuntesdesanluis.com\/?s={search_term_string}\"},\"query-input\":{\"@type\":\"PropertyValueSpecification\",\"valueRequired\":true,\"valueName\":\"search_term_string\"}}],\"inLanguage\":\"es-AR\"},{\"@type\":[\"Person\",\"Organization\"],\"@id\":\"https:\/\/apuntesdesanluis.com\/#\/schema\/person\/b55151d52296fcce64d1a72538a70b90\",\"name\":\"apuntesdesanluis.com\",\"image\":{\"@type\":\"ImageObject\",\"inLanguage\":\"es-AR\",\"@id\":\"https:\/\/apuntesdesanluis.com\/#\/schema\/person\/image\/\",\"url\":\"https:\/\/apuntesdesanluis.com\/wp-content\/uploads\/2023\/07\/cropped-apuntesdesanluis.png\",\"contentUrl\":\"https:\/\/apuntesdesanluis.com\/wp-content\/uploads\/2023\/07\/cropped-apuntesdesanluis.png\",\"width\":450,\"height\":112,\"caption\":\"apuntesdesanluis.com\"},\"logo\":{\"@id\":\"https:\/\/apuntesdesanluis.com\/#\/schema\/person\/image\/\"},\"sameAs\":[\"https:\/\/apuntesdesanluis.com\"],\"url\":\"https:\/\/apuntesdesanluis.com\/index.php\/author\/apuntesdesanluis-com\/\"}]}<\/script>\n<!-- \/ Yoast SEO plugin. -->","yoast_head_json":{"title":"LA UPRO DE VILLA MERCEDES ENTREG\u00d3 SUS T\u00cdTULOS A M\u00c1S DE 800 EGRESADOS - Apuntes de San Luis","robots":{"index":"index","follow":"follow","max-snippet":"max-snippet:-1","max-image-preview":"max-image-preview:large","max-video-preview":"max-video-preview:-1"},"canonical":"https:\/\/apuntesdesanluis.com\/index.php\/2023\/12\/07\/la-upro-de-villa-mercedes-entrego-sus-titulos-a-mas-de-800-egresados\/","og_locale":"es_ES","og_type":"article","og_title":"LA UPRO DE VILLA MERCEDES ENTREG\u00d3 SUS T\u00cdTULOS A M\u00c1S DE 800 EGRESADOS - Apuntes de San Luis","og_description":"En una nave t\u00e9cnica colmada de estudiantes y familiares, las autoridades de la Universidad Provincial...","og_url":"https:\/\/apuntesdesanluis.com\/index.php\/2023\/12\/07\/la-upro-de-villa-mercedes-entrego-sus-titulos-a-mas-de-800-egresados\/","og_site_name":"Apuntes de San Luis","article_published_time":"2023-12-07T22:12:20+00:00","article_modified_time":"2023-12-07T22:12:53+00:00","og_image":[{"width":600,"height":340,"url":"https:\/\/apuntesdesanluis.com\/wp-content\/uploads\/2023\/12\/salon-upro.png","type":"image\/png"}],"author":"apuntesdesanluis.com","twitter_card":"summary_large_image","twitter_misc":{"Escrito por":"apuntesdesanluis.com","Tiempo de lectura":"2 minutos"},"schema":{"@context":"https:\/\/schema.org","@graph":[{"@type":"Article","@id":"https:\/\/apuntesdesanluis.com\/index.php\/2023\/12\/07\/la-upro-de-villa-mercedes-entrego-sus-titulos-a-mas-de-800-egresados\/#article","isPartOf":{"@id":"https:\/\/apuntesdesanluis.com\/index.php\/2023\/12\/07\/la-upro-de-villa-mercedes-entrego-sus-titulos-a-mas-de-800-egresados\/"},"author":{"name":"apuntesdesanluis.com","@id":"https:\/\/apuntesdesanluis.com\/#\/schema\/person\/b55151d52296fcce64d1a72538a70b90"},"headline":"LA UPRO DE VILLA MERCEDES ENTREG\u00d3 SUS T\u00cdTULOS A M\u00c1S DE 800 EGRESADOS","datePublished":"2023-12-07T22:12:20+00:00","dateModified":"2023-12-07T22:12:53+00:00","mainEntityOfPage":{"@id":"https:\/\/apuntesdesanluis.com\/index.php\/2023\/12\/07\/la-upro-de-villa-mercedes-entrego-sus-titulos-a-mas-de-800-egresados\/"},"wordCount":274,"publisher":{"@id":"https:\/\/apuntesdesanluis.com\/#\/schema\/person\/b55151d52296fcce64d1a72538a70b90"},"image":{"@id":"https:\/\/apuntesdesanluis.com\/index.php\/2023\/12\/07\/la-upro-de-villa-mercedes-entrego-sus-titulos-a-mas-de-800-egresados\/#primaryimage"},"thumbnailUrl":"https:\/\/apuntesdesanluis.com\/wp-content\/uploads\/2023\/12\/salon-upro.png","articleSection":["Ciudad\/Provincia"],"inLanguage":"es-AR"},{"@type":"WebPage","@id":"https:\/\/apuntesdesanluis.com\/index.php\/2023\/12\/07\/la-upro-de-villa-mercedes-entrego-sus-titulos-a-mas-de-800-egresados\/","url":"https:\/\/apuntesdesanluis.com\/index.php\/2023\/12\/07\/la-upro-de-villa-mercedes-entrego-sus-titulos-a-mas-de-800-egresados\/","name":"LA UPRO DE VILLA MERCEDES ENTREG\u00d3 SUS T\u00cdTULOS A M\u00c1S DE 800 EGRESADOS - Apuntes de San Luis","isPartOf":{"@id":"https:\/\/apuntesdesanluis.com\/#website"},"primaryImageOfPage":{"@id":"https:\/\/apuntesdesanluis.com\/index.php\/2023\/12\/07\/la-upro-de-villa-mercedes-entrego-sus-titulos-a-mas-de-800-egresados\/#primaryimage"},"image":{"@id":"https:\/\/apuntesdesanluis.com\/index.php\/2023\/12\/07\/la-upro-de-villa-mercedes-entrego-sus-titulos-a-mas-de-800-egresados\/#primaryimage"},"thumbnailUrl":"https:\/\/apuntesdesanluis.com\/wp-content\/uploads\/2023\/12\/salon-upro.png","datePublished":"2023-12-07T22:12:20+00:00","dateModified":"2023-12-07T22:12:53+00:00","breadcrumb":{"@id":"https:\/\/apuntesdesanluis.com\/index.php\/2023\/12\/07\/la-upro-de-villa-mercedes-entrego-sus-titulos-a-mas-de-800-egresados\/#breadcrumb"},"inLanguage":"es-AR","potentialAction":[{"@type":"ReadAction","target":["https:\/\/apuntesdesanluis.com\/index.php\/2023\/12\/07\/la-upro-de-villa-mercedes-entrego-sus-titulos-a-mas-de-800-egresados\/"]}]},{"@type":"ImageObject","inLanguage":"es-AR","@id":"https:\/\/apuntesdesanluis.com\/index.php\/2023\/12\/07\/la-upro-de-villa-mercedes-entrego-sus-titulos-a-mas-de-800-egresados\/#primaryimage","url":"https:\/\/apuntesdesanluis.com\/wp-content\/uploads\/2023\/12\/salon-upro.png","contentUrl":"https:\/\/apuntesdesanluis.com\/wp-content\/uploads\/2023\/12\/salon-upro.png","width":600,"height":340},{"@type":"BreadcrumbList","@id":"https:\/\/apuntesdesanluis.com\/index.php\/2023\/12\/07\/la-upro-de-villa-mercedes-entrego-sus-titulos-a-mas-de-800-egresados\/#breadcrumb","itemListElement":[{"@type":"ListItem","position":1,"name":"Inicio","item":"https:\/\/apuntesdesanluis.com\/"},{"@type":"ListItem","position":2,"name":"LA UPRO DE VILLA MERCEDES ENTREG\u00d3 SUS T\u00cdTULOS A M\u00c1S DE 800 EGRESADOS"}]},{"@type":"WebSite","@id":"https:\/\/apuntesdesanluis.com\/#website","url":"https:\/\/apuntesdesanluis.com\/","name":"Apuntes de San Luis","description":"","publisher":{"@id":"https:\/\/apuntesdesanluis.com\/#\/schema\/person\/b55151d52296fcce64d1a72538a70b90"},"potentialAction":[{"@type":"SearchAction","target":{"@type":"EntryPoint","urlTemplate":"https:\/\/apuntesdesanluis.com\/?s={search_term_string}"},"query-input":{"@type":"PropertyValueSpecification","valueRequired":true,"valueName":"search_term_string"}}],"inLanguage":"es-AR"},{"@type":["Person","Organization"],"@id":"https:\/\/apuntesdesanluis.com\/#\/schema\/person\/b55151d52296fcce64d1a72538a70b90","name":"apuntesdesanluis.com","image":{"@type":"ImageObject","inLanguage":"es-AR","@id":"https:\/\/apuntesdesanluis.com\/#\/schema\/person\/image\/","url":"https:\/\/apuntesdesanluis.com\/wp-content\/uploads\/2023\/07\/cropped-apuntesdesanluis.png","contentUrl":"https:\/\/apuntesdesanluis.com\/wp-content\/uploads\/2023\/07\/cropped-apuntesdesanluis.png","width":450,"height":112,"caption":"apuntesdesanluis.com"},"logo":{"@id":"https:\/\/apuntesdesanluis.com\/#\/schema\/person\/image\/"},"sameAs":["https:\/\/apuntesdesanluis.com"],"url":"https:\/\/apuntesdesanluis.com\/index.php\/author\/apuntesdesanluis-com\/"}]}},"featured_image_urls":{"full":["https:\/\/apuntesdesanluis.com\/wp-content\/uploads\/2023\/12\/salon-upro.png",600,340,false],"thumbnail":["https:\/\/apuntesdesanluis.com\/wp-content\/uploads\/2023\/12\/salon-upro-150x150.png",150,150,true],"medium":["https:\/\/apuntesdesanluis.com\/wp-content\/uploads\/2023\/12\/salon-upro-300x170.png",300,170,true],"medium_large":["https:\/\/apuntesdesanluis.com\/wp-content\/uploads\/2023\/12\/salon-upro.png",600,340,false],"large":["https:\/\/apuntesdesanluis.com\/wp-content\/uploads\/2023\/12\/salon-upro.png",600,340,false],"1536x1536":["https:\/\/apuntesdesanluis.com\/wp-content\/uploads\/2023\/12\/salon-upro.png",600,340,false],"2048x2048":["https:\/\/apuntesdesanluis.com\/wp-content\/uploads\/2023\/12\/salon-upro.png",600,340,false],"newsever-slider-full":["https:\/\/apuntesdesanluis.com\/wp-content\/uploads\/2023\/12\/salon-upro.png",600,340,false],"newsever-featured":["https:\/\/apuntesdesanluis.com\/wp-content\/uploads\/2023\/12\/salon-upro.png",600,340,false],"newsever-medium":["https:\/\/apuntesdesanluis.com\/wp-content\/uploads\/2023\/12\/salon-upro.png",600,340,false]},"author_info":{"display_name":"apuntesdesanluis.com","author_link":"https:\/\/apuntesdesanluis.com\/index.php\/author\/apuntesdesanluis-com\/"},"category_info":"<a href=\"https:\/\/apuntesdesanluis.com\/index.php\/category\/ciudad-provincia\/\" rel=\"category tag\">Ciudad\/Provincia<\/a>","tag_info":"Ciudad\/Provincia","comment_count":"0","_links":{"self":[{"href":"https:\/\/apuntesdesanluis.com\/index.php\/wp-json\/wp\/v2\/posts\/8000","targetHints":{"allow":["GET"]}}],"collection":[{"href":"https:\/\/apuntesdesanluis.com\/index.php\/wp-json\/wp\/v2\/posts"}],"about":[{"href":"https:\/\/apuntesdesanluis.com\/index.php\/wp-json\/wp\/v2\/types\/post"}],"author":[{"embeddable":true,"href":"https:\/\/apuntesdesanluis.com\/index.php\/wp-json\/wp\/v2\/users\/1"}],"replies":[{"embeddable":true,"href":"https:\/\/apuntesdesanluis.com\/index.php\/wp-json\/wp\/v2\/comments?post=8000"}],"version-history":[{"count":2,"href":"https:\/\/apuntesdesanluis.com\/index.php\/wp-json\/wp\/v2\/posts\/8000\/revisions"}],"predecessor-version":[{"id":8004,"href":"https:\/\/apuntesdesanluis.com\/index.php\/wp-json\/wp\/v2\/posts\/8000\/revisions\/8004"}],"wp:featuredmedia":[{"embeddable":true,"href":"https:\/\/apuntesdesanluis.com\/index.php\/wp-json\/wp\/v2\/media\/8002"}],"wp:attachment":[{"href":"https:\/\/apuntesdesanluis.com\/index.php\/wp-json\/wp\/v2\/media?parent=8000"}],"wp:term":[{"taxonomy":"category","embeddable":true,"href":"https:\/\/apuntesdesanluis.com\/index.php\/wp-json\/wp\/v2\/categories?post=8000"},{"taxonomy":"post_tag","embeddable":true,"href":"https:\/\/apuntesdesanluis.com\/index.php\/wp-json\/wp\/v2\/tags?post=8000"}],"curies":[{"name":"wp","href":"https:\/\/api.w.org\/{rel}","templated":true}]}}