{"id":8008,"date":"2023-12-07T19:31:34","date_gmt":"2023-12-07T22:31:34","guid":{"rendered":"https:\/\/apuntesdesanluis.com\/?p=8008"},"modified":"2023-12-07T19:41:23","modified_gmt":"2023-12-07T22:41:23","slug":"novedades-en-la-causa-donde-se-investiga-el-robo-a-una-quinta-en-villa-mercedes","status":"publish","type":"post","link":"https:\/\/apuntesdesanluis.com\/index.php\/2023\/12\/07\/novedades-en-la-causa-donde-se-investiga-el-robo-a-una-quinta-en-villa-mercedes\/","title":{"rendered":"NOVEDADES EN LA CAUSA DONDE SE INVESTIGA EL ROBO A UNA QUINTA EN VILLA MERCEDES"},"content":{"rendered":"<h3>En la ma\u00f1ana de este jueves, se desarrollaron dos audiencias. En una de ellas se formularon cargos a un nuevo imputado.<\/h3>\n<h3>En marco de la investigaci\u00f3n de un hecho delictivo ocurrido en una quinta ubicada sobre la ex Ruta 7, en Villa Mercedes, hoy se desarrollaron dos audiencias en el Juzgado de Garant\u00edas N\u00ba 1 de la Segunda Circunscripci\u00f3n Judicial, a cargo del Dr. Alfredo Cuello.<\/h3>\n<h3>El hecho, en el que habr\u00edan intervenido seis personas,\u00a0 ocurri\u00f3 el 13 de diciembre del 2022, aproximadamente a las 3.40 de la madrugada, en una quinta ubicada en las afueras de la ciudad,\u00a0 en direcci\u00f3n a Liborio Luna.<\/h3>\n<h3>En primer lugar, se desarroll\u00f3 una audiencia donde se trat\u00f3 el pedido de pr\u00f3rroga de prisi\u00f3n preventiva efectuado por el Ministerio P\u00fablico Fiscal para uno de los imputados,\u00a0 al que se le formul\u00f3 cargos el pasado 24 de mayo. Para obtener m\u00e1s informaci\u00f3n ingrese al siguiente enlace:\u00a0 <span style=\"color: #3366ff;\"><a style=\"color: #3366ff;\" href=\"https:\/\/www.periodicojudicial.gov.ar\/robo-en-una-quinta-se-ordeno-el-traslado-al-servicio-penitenciario-provincial\/\">https:\/\/www.periodicojudicial.gov.ar\/robo-en-una-quinta-se-ordeno-el-traslado-al-servicio-penitenciario-provincial\/<\/a><\/span><\/h3>\n<h3>El Dr. Maximiliano Bazla Cassina, Fiscal de Instrucci\u00f3n N\u00ba 1 solicit\u00f3 una nueva pr\u00f3rroga por el plazo de tres meses. Asegur\u00f3 que se mantienen vigentes los riesgos procesales y el peligro de fuga que originaron el dictado de la medida de coerci\u00f3n. En cambio, la defensa del imputado \u2013 ejercida por los Dres. Germ\u00e1n Anabitarte y V\u00edctor Villegas \u2013 solicit\u00f3 una medida menos gravosa. Mencionaron que debe prevalecer el principio de inocencia y explicaron que no existe riesgo de fuga ya que su representado posee arraigo en la ciudad.<\/h3>\n<h3>Luego de escuchar a las partes, el Dr. Cuello consider\u00f3 que no se acreditaron ni el peligro de fuga ni el de entorpecimiento de la investigaci\u00f3n y rechaz\u00f3 el pedido del Ministerio P\u00fablico Fiscal, disponiendo\u00a0 la libertad del imputado a partir del vencimiento de la medida de coerci\u00f3n dictada por el Tribunal de Impugnaci\u00f3n de la Segunda y Tercera Circunscripci\u00f3n, la cual se vence el pr\u00f3ximo 9 de diciembre.<\/h3>\n<h3>Por otra parte, a continuaci\u00f3n, en marco de esta misma causa, se desarroll\u00f3 una audiencia de formulaci\u00f3n de cargos.<\/h3>\n<h3>En esta oportunidad, el Dr. Marcelo Salda\u00f1o \u2013 Fiscal Adjunto \u2013\u00a0 relat\u00f3 el hecho investigado y detall\u00f3 el grado de participaci\u00f3n que habr\u00eda tenido el nuevo imputado. Explic\u00f3 que habr\u00eda sido el l\u00edder de la banda que ingres\u00f3 a punta de pistola a la vivienda ubicada en la ex Ruta 7. Enumer\u00f3 las evidencias recolectadas y calific\u00f3 al hecho como un robo doblemente calificado por el uso de arma de fuego cuya aptitud para el disparo ha sido acreditada, en despoblado y en banda, en concurso ideal con el delito de privaci\u00f3n ilegal de la libertad agravada.<\/h3>\n<h3>A continuaci\u00f3n, la defensa del imputado \u2013 ejercida por los Dres. Mario Alonso y Lucio Agust\u00edn Pereyra Alonso- pidi\u00f3 ocho d\u00edas de pr\u00f3rroga de la detenci\u00f3n y\u00a0 solicit\u00f3, atento cuestiones de salud de su representado, que la misma se cumpla en forma domiciliaria.<\/h3>\n<h3>Luego de escuchar a las partes, el Dr. Cuello tuvo por formulados cargos en los t\u00e9rminos solicitados por el representante del Ministerio P\u00fablico Fiscal, concedi\u00f3 la pr\u00f3rroga de detenci\u00f3n solicitada por la defensa y fij\u00f3 una nueva audiencia para el pr\u00f3ximo 15 de diciembre. Explic\u00f3 que, sin perjuicio de que pueda celebrarse una nueva audiencia a fin de que una m\u00e9dica forense eval\u00fae el estado de salud del imputado, la pr\u00f3rroga de la detenci\u00f3n se cumplir\u00e1 en una dependencia policial.<\/h3>\n<p>&nbsp;<\/p>\n","protected":false},"excerpt":{"rendered":"<p>En la ma\u00f1ana de este jueves, se desarrollaron dos audiencias. En una de ellas se&#8230;<\/p>\n","protected":false},"author":1,"featured_media":8009,"comment_status":"closed","ping_status":"closed","sticky":false,"template":"","format":"standard","meta":{"footnotes":""},"categories":[6],"tags":[],"class_list":["post-8008","post","type-post","status-publish","format-standard","has-post-thumbnail","hentry","category-ciudad-provincia"],"yoast_head":"<!-- This site is optimized with the Yoast SEO plugin v26.1.1 - https:\/\/yoast.com\/wordpress\/plugins\/seo\/ -->\n<title>NOVEDADES EN LA CAUSA DONDE SE INVESTIGA EL ROBO A UNA QUINTA EN VILLA MERCEDES - Apuntes de San Luis<\/title>\n<meta name=\"robots\" content=\"index, follow, max-snippet:-1, max-image-preview:large, max-video-preview:-1\" \/>\n<link rel=\"canonical\" href=\"https:\/\/apuntesdesanluis.com\/index.php\/2023\/12\/07\/novedades-en-la-causa-donde-se-investiga-el-robo-a-una-quinta-en-villa-mercedes\/\" \/>\n<meta property=\"og:locale\" content=\"es_ES\" \/>\n<meta property=\"og:type\" content=\"article\" \/>\n<meta property=\"og:title\" content=\"NOVEDADES EN LA CAUSA DONDE SE INVESTIGA EL ROBO A UNA QUINTA EN VILLA MERCEDES - Apuntes de San Luis\" \/>\n<meta property=\"og:description\" content=\"En la ma\u00f1ana de este jueves, se desarrollaron dos audiencias. En una de ellas se...\" \/>\n<meta property=\"og:url\" content=\"https:\/\/apuntesdesanluis.com\/index.php\/2023\/12\/07\/novedades-en-la-causa-donde-se-investiga-el-robo-a-una-quinta-en-villa-mercedes\/\" \/>\n<meta property=\"og:site_name\" content=\"Apuntes de San Luis\" \/>\n<meta property=\"article:published_time\" content=\"2023-12-07T22:31:34+00:00\" \/>\n<meta property=\"article:modified_time\" content=\"2023-12-07T22:41:23+00:00\" \/>\n<meta property=\"og:image\" content=\"https:\/\/apuntesdesanluis.com\/wp-content\/uploads\/2023\/12\/AUDIENCIA-3.png\" \/>\n\t<meta property=\"og:image:width\" content=\"600\" \/>\n\t<meta property=\"og:image:height\" content=\"358\" \/>\n\t<meta property=\"og:image:type\" content=\"image\/png\" \/>\n<meta name=\"author\" content=\"apuntesdesanluis.com\" \/>\n<meta name=\"twitter:card\" content=\"summary_large_image\" \/>\n<meta name=\"twitter:label1\" content=\"Escrito por\" \/>\n\t<meta name=\"twitter:data1\" content=\"apuntesdesanluis.com\" \/>\n\t<meta name=\"twitter:label2\" content=\"Tiempo de lectura\" \/>\n\t<meta name=\"twitter:data2\" content=\"3 minutos\" \/>\n<script type=\"application\/ld+json\" class=\"yoast-schema-graph\">{\"@context\":\"https:\/\/schema.org\",\"@graph\":[{\"@type\":\"Article\",\"@id\":\"https:\/\/apuntesdesanluis.com\/index.php\/2023\/12\/07\/novedades-en-la-causa-donde-se-investiga-el-robo-a-una-quinta-en-villa-mercedes\/#article\",\"isPartOf\":{\"@id\":\"https:\/\/apuntesdesanluis.com\/index.php\/2023\/12\/07\/novedades-en-la-causa-donde-se-investiga-el-robo-a-una-quinta-en-villa-mercedes\/\"},\"author\":{\"name\":\"apuntesdesanluis.com\",\"@id\":\"https:\/\/apuntesdesanluis.com\/#\/schema\/person\/b55151d52296fcce64d1a72538a70b90\"},\"headline\":\"NOVEDADES EN LA CAUSA DONDE SE INVESTIGA EL ROBO A UNA QUINTA EN VILLA MERCEDES\",\"datePublished\":\"2023-12-07T22:31:34+00:00\",\"dateModified\":\"2023-12-07T22:41:23+00:00\",\"mainEntityOfPage\":{\"@id\":\"https:\/\/apuntesdesanluis.com\/index.php\/2023\/12\/07\/novedades-en-la-causa-donde-se-investiga-el-robo-a-una-quinta-en-villa-mercedes\/\"},\"wordCount\":599,\"publisher\":{\"@id\":\"https:\/\/apuntesdesanluis.com\/#\/schema\/person\/b55151d52296fcce64d1a72538a70b90\"},\"image\":{\"@id\":\"https:\/\/apuntesdesanluis.com\/index.php\/2023\/12\/07\/novedades-en-la-causa-donde-se-investiga-el-robo-a-una-quinta-en-villa-mercedes\/#primaryimage\"},\"thumbnailUrl\":\"https:\/\/apuntesdesanluis.com\/wp-content\/uploads\/2023\/12\/AUDIENCIA-3.png\",\"articleSection\":[\"Ciudad\/Provincia\"],\"inLanguage\":\"es-AR\"},{\"@type\":\"WebPage\",\"@id\":\"https:\/\/apuntesdesanluis.com\/index.php\/2023\/12\/07\/novedades-en-la-causa-donde-se-investiga-el-robo-a-una-quinta-en-villa-mercedes\/\",\"url\":\"https:\/\/apuntesdesanluis.com\/index.php\/2023\/12\/07\/novedades-en-la-causa-donde-se-investiga-el-robo-a-una-quinta-en-villa-mercedes\/\",\"name\":\"NOVEDADES EN LA CAUSA DONDE SE INVESTIGA EL ROBO A UNA QUINTA EN VILLA MERCEDES - Apuntes de San Luis\",\"isPartOf\":{\"@id\":\"https:\/\/apuntesdesanluis.com\/#website\"},\"primaryImageOfPage\":{\"@id\":\"https:\/\/apuntesdesanluis.com\/index.php\/2023\/12\/07\/novedades-en-la-causa-donde-se-investiga-el-robo-a-una-quinta-en-villa-mercedes\/#primaryimage\"},\"image\":{\"@id\":\"https:\/\/apuntesdesanluis.com\/index.php\/2023\/12\/07\/novedades-en-la-causa-donde-se-investiga-el-robo-a-una-quinta-en-villa-mercedes\/#primaryimage\"},\"thumbnailUrl\":\"https:\/\/apuntesdesanluis.com\/wp-content\/uploads\/2023\/12\/AUDIENCIA-3.png\",\"datePublished\":\"2023-12-07T22:31:34+00:00\",\"dateModified\":\"2023-12-07T22:41:23+00:00\",\"breadcrumb\":{\"@id\":\"https:\/\/apuntesdesanluis.com\/index.php\/2023\/12\/07\/novedades-en-la-causa-donde-se-investiga-el-robo-a-una-quinta-en-villa-mercedes\/#breadcrumb\"},\"inLanguage\":\"es-AR\",\"potentialAction\":[{\"@type\":\"ReadAction\",\"target\":[\"https:\/\/apuntesdesanluis.com\/index.php\/2023\/12\/07\/novedades-en-la-causa-donde-se-investiga-el-robo-a-una-quinta-en-villa-mercedes\/\"]}]},{\"@type\":\"ImageObject\",\"inLanguage\":\"es-AR\",\"@id\":\"https:\/\/apuntesdesanluis.com\/index.php\/2023\/12\/07\/novedades-en-la-causa-donde-se-investiga-el-robo-a-una-quinta-en-villa-mercedes\/#primaryimage\",\"url\":\"https:\/\/apuntesdesanluis.com\/wp-content\/uploads\/2023\/12\/AUDIENCIA-3.png\",\"contentUrl\":\"https:\/\/apuntesdesanluis.com\/wp-content\/uploads\/2023\/12\/AUDIENCIA-3.png\",\"width\":600,\"height\":358},{\"@type\":\"BreadcrumbList\",\"@id\":\"https:\/\/apuntesdesanluis.com\/index.php\/2023\/12\/07\/novedades-en-la-causa-donde-se-investiga-el-robo-a-una-quinta-en-villa-mercedes\/#breadcrumb\",\"itemListElement\":[{\"@type\":\"ListItem\",\"position\":1,\"name\":\"Inicio\",\"item\":\"https:\/\/apuntesdesanluis.com\/\"},{\"@type\":\"ListItem\",\"position\":2,\"name\":\"NOVEDADES EN LA CAUSA DONDE SE INVESTIGA EL ROBO A UNA QUINTA EN VILLA MERCEDES\"}]},{\"@type\":\"WebSite\",\"@id\":\"https:\/\/apuntesdesanluis.com\/#website\",\"url\":\"https:\/\/apuntesdesanluis.com\/\",\"name\":\"Apuntes de San Luis\",\"description\":\"\",\"publisher\":{\"@id\":\"https:\/\/apuntesdesanluis.com\/#\/schema\/person\/b55151d52296fcce64d1a72538a70b90\"},\"potentialAction\":[{\"@type\":\"SearchAction\",\"target\":{\"@type\":\"EntryPoint\",\"urlTemplate\":\"https:\/\/apuntesdesanluis.com\/?s={search_term_string}\"},\"query-input\":{\"@type\":\"PropertyValueSpecification\",\"valueRequired\":true,\"valueName\":\"search_term_string\"}}],\"inLanguage\":\"es-AR\"},{\"@type\":[\"Person\",\"Organization\"],\"@id\":\"https:\/\/apuntesdesanluis.com\/#\/schema\/person\/b55151d52296fcce64d1a72538a70b90\",\"name\":\"apuntesdesanluis.com\",\"image\":{\"@type\":\"ImageObject\",\"inLanguage\":\"es-AR\",\"@id\":\"https:\/\/apuntesdesanluis.com\/#\/schema\/person\/image\/\",\"url\":\"https:\/\/apuntesdesanluis.com\/wp-content\/uploads\/2023\/07\/cropped-apuntesdesanluis.png\",\"contentUrl\":\"https:\/\/apuntesdesanluis.com\/wp-content\/uploads\/2023\/07\/cropped-apuntesdesanluis.png\",\"width\":450,\"height\":112,\"caption\":\"apuntesdesanluis.com\"},\"logo\":{\"@id\":\"https:\/\/apuntesdesanluis.com\/#\/schema\/person\/image\/\"},\"sameAs\":[\"https:\/\/apuntesdesanluis.com\"],\"url\":\"https:\/\/apuntesdesanluis.com\/index.php\/author\/apuntesdesanluis-com\/\"}]}<\/script>\n<!-- \/ Yoast SEO plugin. -->","yoast_head_json":{"title":"NOVEDADES EN LA CAUSA DONDE SE INVESTIGA EL ROBO A UNA QUINTA EN VILLA MERCEDES - Apuntes de San Luis","robots":{"index":"index","follow":"follow","max-snippet":"max-snippet:-1","max-image-preview":"max-image-preview:large","max-video-preview":"max-video-preview:-1"},"canonical":"https:\/\/apuntesdesanluis.com\/index.php\/2023\/12\/07\/novedades-en-la-causa-donde-se-investiga-el-robo-a-una-quinta-en-villa-mercedes\/","og_locale":"es_ES","og_type":"article","og_title":"NOVEDADES EN LA CAUSA DONDE SE INVESTIGA EL ROBO A UNA QUINTA EN VILLA MERCEDES - Apuntes de San Luis","og_description":"En la ma\u00f1ana de este jueves, se desarrollaron dos audiencias. En una de ellas se...","og_url":"https:\/\/apuntesdesanluis.com\/index.php\/2023\/12\/07\/novedades-en-la-causa-donde-se-investiga-el-robo-a-una-quinta-en-villa-mercedes\/","og_site_name":"Apuntes de San Luis","article_published_time":"2023-12-07T22:31:34+00:00","article_modified_time":"2023-12-07T22:41:23+00:00","og_image":[{"width":600,"height":358,"url":"https:\/\/apuntesdesanluis.com\/wp-content\/uploads\/2023\/12\/AUDIENCIA-3.png","type":"image\/png"}],"author":"apuntesdesanluis.com","twitter_card":"summary_large_image","twitter_misc":{"Escrito por":"apuntesdesanluis.com","Tiempo de lectura":"3 minutos"},"schema":{"@context":"https:\/\/schema.org","@graph":[{"@type":"Article","@id":"https:\/\/apuntesdesanluis.com\/index.php\/2023\/12\/07\/novedades-en-la-causa-donde-se-investiga-el-robo-a-una-quinta-en-villa-mercedes\/#article","isPartOf":{"@id":"https:\/\/apuntesdesanluis.com\/index.php\/2023\/12\/07\/novedades-en-la-causa-donde-se-investiga-el-robo-a-una-quinta-en-villa-mercedes\/"},"author":{"name":"apuntesdesanluis.com","@id":"https:\/\/apuntesdesanluis.com\/#\/schema\/person\/b55151d52296fcce64d1a72538a70b90"},"headline":"NOVEDADES EN LA CAUSA DONDE SE INVESTIGA EL ROBO A UNA QUINTA EN VILLA MERCEDES","datePublished":"2023-12-07T22:31:34+00:00","dateModified":"2023-12-07T22:41:23+00:00","mainEntityOfPage":{"@id":"https:\/\/apuntesdesanluis.com\/index.php\/2023\/12\/07\/novedades-en-la-causa-donde-se-investiga-el-robo-a-una-quinta-en-villa-mercedes\/"},"wordCount":599,"publisher":{"@id":"https:\/\/apuntesdesanluis.com\/#\/schema\/person\/b55151d52296fcce64d1a72538a70b90"},"image":{"@id":"https:\/\/apuntesdesanluis.com\/index.php\/2023\/12\/07\/novedades-en-la-causa-donde-se-investiga-el-robo-a-una-quinta-en-villa-mercedes\/#primaryimage"},"thumbnailUrl":"https:\/\/apuntesdesanluis.com\/wp-content\/uploads\/2023\/12\/AUDIENCIA-3.png","articleSection":["Ciudad\/Provincia"],"inLanguage":"es-AR"},{"@type":"WebPage","@id":"https:\/\/apuntesdesanluis.com\/index.php\/2023\/12\/07\/novedades-en-la-causa-donde-se-investiga-el-robo-a-una-quinta-en-villa-mercedes\/","url":"https:\/\/apuntesdesanluis.com\/index.php\/2023\/12\/07\/novedades-en-la-causa-donde-se-investiga-el-robo-a-una-quinta-en-villa-mercedes\/","name":"NOVEDADES EN LA CAUSA DONDE SE INVESTIGA EL ROBO A UNA QUINTA EN VILLA MERCEDES - Apuntes de San Luis","isPartOf":{"@id":"https:\/\/apuntesdesanluis.com\/#website"},"primaryImageOfPage":{"@id":"https:\/\/apuntesdesanluis.com\/index.php\/2023\/12\/07\/novedades-en-la-causa-donde-se-investiga-el-robo-a-una-quinta-en-villa-mercedes\/#primaryimage"},"image":{"@id":"https:\/\/apuntesdesanluis.com\/index.php\/2023\/12\/07\/novedades-en-la-causa-donde-se-investiga-el-robo-a-una-quinta-en-villa-mercedes\/#primaryimage"},"thumbnailUrl":"https:\/\/apuntesdesanluis.com\/wp-content\/uploads\/2023\/12\/AUDIENCIA-3.png","datePublished":"2023-12-07T22:31:34+00:00","dateModified":"2023-12-07T22:41:23+00:00","breadcrumb":{"@id":"https:\/\/apuntesdesanluis.com\/index.php\/2023\/12\/07\/novedades-en-la-causa-donde-se-investiga-el-robo-a-una-quinta-en-villa-mercedes\/#breadcrumb"},"inLanguage":"es-AR","potentialAction":[{"@type":"ReadAction","target":["https:\/\/apuntesdesanluis.com\/index.php\/2023\/12\/07\/novedades-en-la-causa-donde-se-investiga-el-robo-a-una-quinta-en-villa-mercedes\/"]}]},{"@type":"ImageObject","inLanguage":"es-AR","@id":"https:\/\/apuntesdesanluis.com\/index.php\/2023\/12\/07\/novedades-en-la-causa-donde-se-investiga-el-robo-a-una-quinta-en-villa-mercedes\/#primaryimage","url":"https:\/\/apuntesdesanluis.com\/wp-content\/uploads\/2023\/12\/AUDIENCIA-3.png","contentUrl":"https:\/\/apuntesdesanluis.com\/wp-content\/uploads\/2023\/12\/AUDIENCIA-3.png","width":600,"height":358},{"@type":"BreadcrumbList","@id":"https:\/\/apuntesdesanluis.com\/index.php\/2023\/12\/07\/novedades-en-la-causa-donde-se-investiga-el-robo-a-una-quinta-en-villa-mercedes\/#breadcrumb","itemListElement":[{"@type":"ListItem","position":1,"name":"Inicio","item":"https:\/\/apuntesdesanluis.com\/"},{"@type":"ListItem","position":2,"name":"NOVEDADES EN LA CAUSA DONDE SE INVESTIGA EL ROBO A UNA QUINTA EN VILLA MERCEDES"}]},{"@type":"WebSite","@id":"https:\/\/apuntesdesanluis.com\/#website","url":"https:\/\/apuntesdesanluis.com\/","name":"Apuntes de San Luis","description":"","publisher":{"@id":"https:\/\/apuntesdesanluis.com\/#\/schema\/person\/b55151d52296fcce64d1a72538a70b90"},"potentialAction":[{"@type":"SearchAction","target":{"@type":"EntryPoint","urlTemplate":"https:\/\/apuntesdesanluis.com\/?s={search_term_string}"},"query-input":{"@type":"PropertyValueSpecification","valueRequired":true,"valueName":"search_term_string"}}],"inLanguage":"es-AR"},{"@type":["Person","Organization"],"@id":"https:\/\/apuntesdesanluis.com\/#\/schema\/person\/b55151d52296fcce64d1a72538a70b90","name":"apuntesdesanluis.com","image":{"@type":"ImageObject","inLanguage":"es-AR","@id":"https:\/\/apuntesdesanluis.com\/#\/schema\/person\/image\/","url":"https:\/\/apuntesdesanluis.com\/wp-content\/uploads\/2023\/07\/cropped-apuntesdesanluis.png","contentUrl":"https:\/\/apuntesdesanluis.com\/wp-content\/uploads\/2023\/07\/cropped-apuntesdesanluis.png","width":450,"height":112,"caption":"apuntesdesanluis.com"},"logo":{"@id":"https:\/\/apuntesdesanluis.com\/#\/schema\/person\/image\/"},"sameAs":["https:\/\/apuntesdesanluis.com"],"url":"https:\/\/apuntesdesanluis.com\/index.php\/author\/apuntesdesanluis-com\/"}]}},"featured_image_urls":{"full":["https:\/\/apuntesdesanluis.com\/wp-content\/uploads\/2023\/12\/AUDIENCIA-3.png",600,358,false],"thumbnail":["https:\/\/apuntesdesanluis.com\/wp-content\/uploads\/2023\/12\/AUDIENCIA-3-150x150.png",150,150,true],"medium":["https:\/\/apuntesdesanluis.com\/wp-content\/uploads\/2023\/12\/AUDIENCIA-3-300x179.png",300,179,true],"medium_large":["https:\/\/apuntesdesanluis.com\/wp-content\/uploads\/2023\/12\/AUDIENCIA-3.png",600,358,false],"large":["https:\/\/apuntesdesanluis.com\/wp-content\/uploads\/2023\/12\/AUDIENCIA-3.png",600,358,false],"1536x1536":["https:\/\/apuntesdesanluis.com\/wp-content\/uploads\/2023\/12\/AUDIENCIA-3.png",600,358,false],"2048x2048":["https:\/\/apuntesdesanluis.com\/wp-content\/uploads\/2023\/12\/AUDIENCIA-3.png",600,358,false],"newsever-slider-full":["https:\/\/apuntesdesanluis.com\/wp-content\/uploads\/2023\/12\/AUDIENCIA-3.png",600,358,false],"newsever-featured":["https:\/\/apuntesdesanluis.com\/wp-content\/uploads\/2023\/12\/AUDIENCIA-3.png",600,358,false],"newsever-medium":["https:\/\/apuntesdesanluis.com\/wp-content\/uploads\/2023\/12\/AUDIENCIA-3.png",600,358,false]},"author_info":{"display_name":"apuntesdesanluis.com","author_link":"https:\/\/apuntesdesanluis.com\/index.php\/author\/apuntesdesanluis-com\/"},"category_info":"<a href=\"https:\/\/apuntesdesanluis.com\/index.php\/category\/ciudad-provincia\/\" rel=\"category tag\">Ciudad\/Provincia<\/a>","tag_info":"Ciudad\/Provincia","comment_count":"0","_links":{"self":[{"href":"https:\/\/apuntesdesanluis.com\/index.php\/wp-json\/wp\/v2\/posts\/8008","targetHints":{"allow":["GET"]}}],"collection":[{"href":"https:\/\/apuntesdesanluis.com\/index.php\/wp-json\/wp\/v2\/posts"}],"about":[{"href":"https:\/\/apuntesdesanluis.com\/index.php\/wp-json\/wp\/v2\/types\/post"}],"author":[{"embeddable":true,"href":"https:\/\/apuntesdesanluis.com\/index.php\/wp-json\/wp\/v2\/users\/1"}],"replies":[{"embeddable":true,"href":"https:\/\/apuntesdesanluis.com\/index.php\/wp-json\/wp\/v2\/comments?post=8008"}],"version-history":[{"count":2,"href":"https:\/\/apuntesdesanluis.com\/index.php\/wp-json\/wp\/v2\/posts\/8008\/revisions"}],"predecessor-version":[{"id":8011,"href":"https:\/\/apuntesdesanluis.com\/index.php\/wp-json\/wp\/v2\/posts\/8008\/revisions\/8011"}],"wp:featuredmedia":[{"embeddable":true,"href":"https:\/\/apuntesdesanluis.com\/index.php\/wp-json\/wp\/v2\/media\/8009"}],"wp:attachment":[{"href":"https:\/\/apuntesdesanluis.com\/index.php\/wp-json\/wp\/v2\/media?parent=8008"}],"wp:term":[{"taxonomy":"category","embeddable":true,"href":"https:\/\/apuntesdesanluis.com\/index.php\/wp-json\/wp\/v2\/categories?post=8008"},{"taxonomy":"post_tag","embeddable":true,"href":"https:\/\/apuntesdesanluis.com\/index.php\/wp-json\/wp\/v2\/tags?post=8008"}],"curies":[{"name":"wp","href":"https:\/\/api.w.org\/{rel}","templated":true}]}}