{"id":8012,"date":"2023-12-07T19:43:49","date_gmt":"2023-12-07T22:43:49","guid":{"rendered":"https:\/\/apuntesdesanluis.com\/?p=8012"},"modified":"2023-12-07T19:44:39","modified_gmt":"2023-12-07T22:44:39","slug":"el-inta-san-luis-llama-a-cubrir-una-vacante-en-el-area-de-recursos-humanos","status":"publish","type":"post","link":"https:\/\/apuntesdesanluis.com\/index.php\/2023\/12\/07\/el-inta-san-luis-llama-a-cubrir-una-vacante-en-el-area-de-recursos-humanos\/","title":{"rendered":"EL INTA SAN LUIS LLAMA A CUBRIR UNA VACANTE EN EL \u00c1REA DE RECURSOS HUMANOS"},"content":{"rendered":"<h3>La <strong>Estaci\u00f3n Experimental Agropecuaria San Luis<\/strong> inform\u00f3 que se encuentra a la b\u00fasqueda de Personal de apoyo especializado en Recursos Humanos y Administraci\u00f3n de Personal.<\/h3>\n<h3>\u00bfQui\u00e9nes pueden postularse? Aquellas personas que acrediten t\u00edtulo secundario completo, no nivel superior (requisito excluyente) y tengan experiencia en \u00e1reas de recursos humanos.<\/h3>\n<h3>La inscripci\u00f3n estar\u00e1 abierta a partir del martes 19 hasta el mi\u00e9rcoles 27 de diciembre.<\/h3>\n<h3>Se invita a los interesados a revisar las bases y condiciones de postulaci\u00f3n en el link que figura en las redes sociales en Instagram y Facebook de INTA San Luis:<\/h3>\n<h3><span style=\"color: #3366ff;\"><a style=\"color: #3366ff;\" href=\"https:\/\/www.argentina.gob.ar\/inta\/ingresos\/apoyo-especializado-especialidad-administracion-de-personalrrhh-eea-san-luis\">https:\/\/www.argentina.gob.ar\/inta\/ingresos\/apoyo-especializado-especialidad-administracion-de-personalrrhh-eea-san-luis<\/a><\/span><\/h3>\n<p><img fetchpriority=\"high\" decoding=\"async\" class=\"wp-image-8013 aligncenter\" src=\"https:\/\/apuntesdesanluis.com\/wp-content\/uploads\/2023\/12\/iNTA-300x300.jpg\" alt=\"\" width=\"742\" height=\"742\" srcset=\"https:\/\/apuntesdesanluis.com\/wp-content\/uploads\/2023\/12\/iNTA-300x300.jpg 300w, https:\/\/apuntesdesanluis.com\/wp-content\/uploads\/2023\/12\/iNTA-150x150.jpg 150w, https:\/\/apuntesdesanluis.com\/wp-content\/uploads\/2023\/12\/iNTA.jpg 600w\" sizes=\"(max-width: 742px) 100vw, 742px\" \/><\/p>\n<p>&nbsp;<\/p>\n<p>&nbsp;<\/p>\n<p>&nbsp;<\/p>\n<p>&nbsp;<\/p>\n","protected":false},"excerpt":{"rendered":"<p>La Estaci\u00f3n Experimental Agropecuaria San Luis inform\u00f3 que se encuentra a la b\u00fasqueda de Personal&#8230;<\/p>\n","protected":false},"author":1,"featured_media":8014,"comment_status":"closed","ping_status":"closed","sticky":false,"template":"","format":"standard","meta":{"footnotes":""},"categories":[6],"tags":[],"class_list":["post-8012","post","type-post","status-publish","format-standard","has-post-thumbnail","hentry","category-ciudad-provincia"],"yoast_head":"<!-- This site is optimized with the Yoast SEO plugin v26.1.1 - https:\/\/yoast.com\/wordpress\/plugins\/seo\/ -->\n<title>EL INTA SAN LUIS LLAMA A CUBRIR UNA VACANTE EN EL \u00c1REA DE RECURSOS HUMANOS - Apuntes de San Luis<\/title>\n<meta name=\"robots\" content=\"index, follow, max-snippet:-1, max-image-preview:large, max-video-preview:-1\" \/>\n<link rel=\"canonical\" href=\"https:\/\/apuntesdesanluis.com\/index.php\/2023\/12\/07\/el-inta-san-luis-llama-a-cubrir-una-vacante-en-el-area-de-recursos-humanos\/\" \/>\n<meta property=\"og:locale\" content=\"es_ES\" \/>\n<meta property=\"og:type\" content=\"article\" \/>\n<meta property=\"og:title\" content=\"EL INTA SAN LUIS LLAMA A CUBRIR UNA VACANTE EN EL \u00c1REA DE RECURSOS HUMANOS - Apuntes de San Luis\" \/>\n<meta property=\"og:description\" content=\"La Estaci\u00f3n Experimental Agropecuaria San Luis inform\u00f3 que se encuentra a la b\u00fasqueda de Personal...\" \/>\n<meta property=\"og:url\" content=\"https:\/\/apuntesdesanluis.com\/index.php\/2023\/12\/07\/el-inta-san-luis-llama-a-cubrir-una-vacante-en-el-area-de-recursos-humanos\/\" \/>\n<meta property=\"og:site_name\" content=\"Apuntes de San Luis\" \/>\n<meta property=\"article:published_time\" content=\"2023-12-07T22:43:49+00:00\" \/>\n<meta property=\"article:modified_time\" content=\"2023-12-07T22:44:39+00:00\" \/>\n<meta property=\"og:image\" content=\"https:\/\/apuntesdesanluis.com\/wp-content\/uploads\/2023\/12\/inta-san-luis.png\" \/>\n\t<meta property=\"og:image:width\" content=\"600\" \/>\n\t<meta property=\"og:image:height\" content=\"349\" \/>\n\t<meta property=\"og:image:type\" content=\"image\/png\" \/>\n<meta name=\"author\" content=\"apuntesdesanluis.com\" \/>\n<meta name=\"twitter:card\" content=\"summary_large_image\" \/>\n<meta name=\"twitter:label1\" content=\"Escrito por\" \/>\n\t<meta name=\"twitter:data1\" content=\"apuntesdesanluis.com\" \/>\n\t<meta name=\"twitter:label2\" content=\"Tiempo de lectura\" \/>\n\t<meta name=\"twitter:data2\" content=\"1 minuto\" \/>\n<script type=\"application\/ld+json\" class=\"yoast-schema-graph\">{\"@context\":\"https:\/\/schema.org\",\"@graph\":[{\"@type\":\"Article\",\"@id\":\"https:\/\/apuntesdesanluis.com\/index.php\/2023\/12\/07\/el-inta-san-luis-llama-a-cubrir-una-vacante-en-el-area-de-recursos-humanos\/#article\",\"isPartOf\":{\"@id\":\"https:\/\/apuntesdesanluis.com\/index.php\/2023\/12\/07\/el-inta-san-luis-llama-a-cubrir-una-vacante-en-el-area-de-recursos-humanos\/\"},\"author\":{\"name\":\"apuntesdesanluis.com\",\"@id\":\"https:\/\/apuntesdesanluis.com\/#\/schema\/person\/b55151d52296fcce64d1a72538a70b90\"},\"headline\":\"EL INTA SAN LUIS LLAMA A CUBRIR UNA VACANTE EN EL \u00c1REA DE RECURSOS HUMANOS\",\"datePublished\":\"2023-12-07T22:43:49+00:00\",\"dateModified\":\"2023-12-07T22:44:39+00:00\",\"mainEntityOfPage\":{\"@id\":\"https:\/\/apuntesdesanluis.com\/index.php\/2023\/12\/07\/el-inta-san-luis-llama-a-cubrir-una-vacante-en-el-area-de-recursos-humanos\/\"},\"wordCount\":126,\"publisher\":{\"@id\":\"https:\/\/apuntesdesanluis.com\/#\/schema\/person\/b55151d52296fcce64d1a72538a70b90\"},\"image\":{\"@id\":\"https:\/\/apuntesdesanluis.com\/index.php\/2023\/12\/07\/el-inta-san-luis-llama-a-cubrir-una-vacante-en-el-area-de-recursos-humanos\/#primaryimage\"},\"thumbnailUrl\":\"https:\/\/apuntesdesanluis.com\/wp-content\/uploads\/2023\/12\/inta-san-luis.png\",\"articleSection\":[\"Ciudad\/Provincia\"],\"inLanguage\":\"es-AR\"},{\"@type\":\"WebPage\",\"@id\":\"https:\/\/apuntesdesanluis.com\/index.php\/2023\/12\/07\/el-inta-san-luis-llama-a-cubrir-una-vacante-en-el-area-de-recursos-humanos\/\",\"url\":\"https:\/\/apuntesdesanluis.com\/index.php\/2023\/12\/07\/el-inta-san-luis-llama-a-cubrir-una-vacante-en-el-area-de-recursos-humanos\/\",\"name\":\"EL INTA SAN LUIS LLAMA A CUBRIR UNA VACANTE EN EL \u00c1REA DE RECURSOS HUMANOS - Apuntes de San Luis\",\"isPartOf\":{\"@id\":\"https:\/\/apuntesdesanluis.com\/#website\"},\"primaryImageOfPage\":{\"@id\":\"https:\/\/apuntesdesanluis.com\/index.php\/2023\/12\/07\/el-inta-san-luis-llama-a-cubrir-una-vacante-en-el-area-de-recursos-humanos\/#primaryimage\"},\"image\":{\"@id\":\"https:\/\/apuntesdesanluis.com\/index.php\/2023\/12\/07\/el-inta-san-luis-llama-a-cubrir-una-vacante-en-el-area-de-recursos-humanos\/#primaryimage\"},\"thumbnailUrl\":\"https:\/\/apuntesdesanluis.com\/wp-content\/uploads\/2023\/12\/inta-san-luis.png\",\"datePublished\":\"2023-12-07T22:43:49+00:00\",\"dateModified\":\"2023-12-07T22:44:39+00:00\",\"breadcrumb\":{\"@id\":\"https:\/\/apuntesdesanluis.com\/index.php\/2023\/12\/07\/el-inta-san-luis-llama-a-cubrir-una-vacante-en-el-area-de-recursos-humanos\/#breadcrumb\"},\"inLanguage\":\"es-AR\",\"potentialAction\":[{\"@type\":\"ReadAction\",\"target\":[\"https:\/\/apuntesdesanluis.com\/index.php\/2023\/12\/07\/el-inta-san-luis-llama-a-cubrir-una-vacante-en-el-area-de-recursos-humanos\/\"]}]},{\"@type\":\"ImageObject\",\"inLanguage\":\"es-AR\",\"@id\":\"https:\/\/apuntesdesanluis.com\/index.php\/2023\/12\/07\/el-inta-san-luis-llama-a-cubrir-una-vacante-en-el-area-de-recursos-humanos\/#primaryimage\",\"url\":\"https:\/\/apuntesdesanluis.com\/wp-content\/uploads\/2023\/12\/inta-san-luis.png\",\"contentUrl\":\"https:\/\/apuntesdesanluis.com\/wp-content\/uploads\/2023\/12\/inta-san-luis.png\",\"width\":600,\"height\":349},{\"@type\":\"BreadcrumbList\",\"@id\":\"https:\/\/apuntesdesanluis.com\/index.php\/2023\/12\/07\/el-inta-san-luis-llama-a-cubrir-una-vacante-en-el-area-de-recursos-humanos\/#breadcrumb\",\"itemListElement\":[{\"@type\":\"ListItem\",\"position\":1,\"name\":\"Inicio\",\"item\":\"https:\/\/apuntesdesanluis.com\/\"},{\"@type\":\"ListItem\",\"position\":2,\"name\":\"EL INTA SAN LUIS LLAMA A CUBRIR UNA VACANTE EN EL \u00c1REA DE RECURSOS HUMANOS\"}]},{\"@type\":\"WebSite\",\"@id\":\"https:\/\/apuntesdesanluis.com\/#website\",\"url\":\"https:\/\/apuntesdesanluis.com\/\",\"name\":\"Apuntes de San Luis\",\"description\":\"\",\"publisher\":{\"@id\":\"https:\/\/apuntesdesanluis.com\/#\/schema\/person\/b55151d52296fcce64d1a72538a70b90\"},\"potentialAction\":[{\"@type\":\"SearchAction\",\"target\":{\"@type\":\"EntryPoint\",\"urlTemplate\":\"https:\/\/apuntesdesanluis.com\/?s={search_term_string}\"},\"query-input\":{\"@type\":\"PropertyValueSpecification\",\"valueRequired\":true,\"valueName\":\"search_term_string\"}}],\"inLanguage\":\"es-AR\"},{\"@type\":[\"Person\",\"Organization\"],\"@id\":\"https:\/\/apuntesdesanluis.com\/#\/schema\/person\/b55151d52296fcce64d1a72538a70b90\",\"name\":\"apuntesdesanluis.com\",\"image\":{\"@type\":\"ImageObject\",\"inLanguage\":\"es-AR\",\"@id\":\"https:\/\/apuntesdesanluis.com\/#\/schema\/person\/image\/\",\"url\":\"https:\/\/apuntesdesanluis.com\/wp-content\/uploads\/2023\/07\/cropped-apuntesdesanluis.png\",\"contentUrl\":\"https:\/\/apuntesdesanluis.com\/wp-content\/uploads\/2023\/07\/cropped-apuntesdesanluis.png\",\"width\":450,\"height\":112,\"caption\":\"apuntesdesanluis.com\"},\"logo\":{\"@id\":\"https:\/\/apuntesdesanluis.com\/#\/schema\/person\/image\/\"},\"sameAs\":[\"https:\/\/apuntesdesanluis.com\"],\"url\":\"https:\/\/apuntesdesanluis.com\/index.php\/author\/apuntesdesanluis-com\/\"}]}<\/script>\n<!-- \/ Yoast SEO plugin. -->","yoast_head_json":{"title":"EL INTA SAN LUIS LLAMA A CUBRIR UNA VACANTE EN EL \u00c1REA DE RECURSOS HUMANOS - Apuntes de San Luis","robots":{"index":"index","follow":"follow","max-snippet":"max-snippet:-1","max-image-preview":"max-image-preview:large","max-video-preview":"max-video-preview:-1"},"canonical":"https:\/\/apuntesdesanluis.com\/index.php\/2023\/12\/07\/el-inta-san-luis-llama-a-cubrir-una-vacante-en-el-area-de-recursos-humanos\/","og_locale":"es_ES","og_type":"article","og_title":"EL INTA SAN LUIS LLAMA A CUBRIR UNA VACANTE EN EL \u00c1REA DE RECURSOS HUMANOS - Apuntes de San Luis","og_description":"La Estaci\u00f3n Experimental Agropecuaria San Luis inform\u00f3 que se encuentra a la b\u00fasqueda de Personal...","og_url":"https:\/\/apuntesdesanluis.com\/index.php\/2023\/12\/07\/el-inta-san-luis-llama-a-cubrir-una-vacante-en-el-area-de-recursos-humanos\/","og_site_name":"Apuntes de San Luis","article_published_time":"2023-12-07T22:43:49+00:00","article_modified_time":"2023-12-07T22:44:39+00:00","og_image":[{"width":600,"height":349,"url":"https:\/\/apuntesdesanluis.com\/wp-content\/uploads\/2023\/12\/inta-san-luis.png","type":"image\/png"}],"author":"apuntesdesanluis.com","twitter_card":"summary_large_image","twitter_misc":{"Escrito por":"apuntesdesanluis.com","Tiempo de lectura":"1 minuto"},"schema":{"@context":"https:\/\/schema.org","@graph":[{"@type":"Article","@id":"https:\/\/apuntesdesanluis.com\/index.php\/2023\/12\/07\/el-inta-san-luis-llama-a-cubrir-una-vacante-en-el-area-de-recursos-humanos\/#article","isPartOf":{"@id":"https:\/\/apuntesdesanluis.com\/index.php\/2023\/12\/07\/el-inta-san-luis-llama-a-cubrir-una-vacante-en-el-area-de-recursos-humanos\/"},"author":{"name":"apuntesdesanluis.com","@id":"https:\/\/apuntesdesanluis.com\/#\/schema\/person\/b55151d52296fcce64d1a72538a70b90"},"headline":"EL INTA SAN LUIS LLAMA A CUBRIR UNA VACANTE EN EL \u00c1REA DE RECURSOS HUMANOS","datePublished":"2023-12-07T22:43:49+00:00","dateModified":"2023-12-07T22:44:39+00:00","mainEntityOfPage":{"@id":"https:\/\/apuntesdesanluis.com\/index.php\/2023\/12\/07\/el-inta-san-luis-llama-a-cubrir-una-vacante-en-el-area-de-recursos-humanos\/"},"wordCount":126,"publisher":{"@id":"https:\/\/apuntesdesanluis.com\/#\/schema\/person\/b55151d52296fcce64d1a72538a70b90"},"image":{"@id":"https:\/\/apuntesdesanluis.com\/index.php\/2023\/12\/07\/el-inta-san-luis-llama-a-cubrir-una-vacante-en-el-area-de-recursos-humanos\/#primaryimage"},"thumbnailUrl":"https:\/\/apuntesdesanluis.com\/wp-content\/uploads\/2023\/12\/inta-san-luis.png","articleSection":["Ciudad\/Provincia"],"inLanguage":"es-AR"},{"@type":"WebPage","@id":"https:\/\/apuntesdesanluis.com\/index.php\/2023\/12\/07\/el-inta-san-luis-llama-a-cubrir-una-vacante-en-el-area-de-recursos-humanos\/","url":"https:\/\/apuntesdesanluis.com\/index.php\/2023\/12\/07\/el-inta-san-luis-llama-a-cubrir-una-vacante-en-el-area-de-recursos-humanos\/","name":"EL INTA SAN LUIS LLAMA A CUBRIR UNA VACANTE EN EL \u00c1REA DE RECURSOS HUMANOS - Apuntes de San Luis","isPartOf":{"@id":"https:\/\/apuntesdesanluis.com\/#website"},"primaryImageOfPage":{"@id":"https:\/\/apuntesdesanluis.com\/index.php\/2023\/12\/07\/el-inta-san-luis-llama-a-cubrir-una-vacante-en-el-area-de-recursos-humanos\/#primaryimage"},"image":{"@id":"https:\/\/apuntesdesanluis.com\/index.php\/2023\/12\/07\/el-inta-san-luis-llama-a-cubrir-una-vacante-en-el-area-de-recursos-humanos\/#primaryimage"},"thumbnailUrl":"https:\/\/apuntesdesanluis.com\/wp-content\/uploads\/2023\/12\/inta-san-luis.png","datePublished":"2023-12-07T22:43:49+00:00","dateModified":"2023-12-07T22:44:39+00:00","breadcrumb":{"@id":"https:\/\/apuntesdesanluis.com\/index.php\/2023\/12\/07\/el-inta-san-luis-llama-a-cubrir-una-vacante-en-el-area-de-recursos-humanos\/#breadcrumb"},"inLanguage":"es-AR","potentialAction":[{"@type":"ReadAction","target":["https:\/\/apuntesdesanluis.com\/index.php\/2023\/12\/07\/el-inta-san-luis-llama-a-cubrir-una-vacante-en-el-area-de-recursos-humanos\/"]}]},{"@type":"ImageObject","inLanguage":"es-AR","@id":"https:\/\/apuntesdesanluis.com\/index.php\/2023\/12\/07\/el-inta-san-luis-llama-a-cubrir-una-vacante-en-el-area-de-recursos-humanos\/#primaryimage","url":"https:\/\/apuntesdesanluis.com\/wp-content\/uploads\/2023\/12\/inta-san-luis.png","contentUrl":"https:\/\/apuntesdesanluis.com\/wp-content\/uploads\/2023\/12\/inta-san-luis.png","width":600,"height":349},{"@type":"BreadcrumbList","@id":"https:\/\/apuntesdesanluis.com\/index.php\/2023\/12\/07\/el-inta-san-luis-llama-a-cubrir-una-vacante-en-el-area-de-recursos-humanos\/#breadcrumb","itemListElement":[{"@type":"ListItem","position":1,"name":"Inicio","item":"https:\/\/apuntesdesanluis.com\/"},{"@type":"ListItem","position":2,"name":"EL INTA SAN LUIS LLAMA A CUBRIR UNA VACANTE EN EL \u00c1REA DE RECURSOS HUMANOS"}]},{"@type":"WebSite","@id":"https:\/\/apuntesdesanluis.com\/#website","url":"https:\/\/apuntesdesanluis.com\/","name":"Apuntes de San Luis","description":"","publisher":{"@id":"https:\/\/apuntesdesanluis.com\/#\/schema\/person\/b55151d52296fcce64d1a72538a70b90"},"potentialAction":[{"@type":"SearchAction","target":{"@type":"EntryPoint","urlTemplate":"https:\/\/apuntesdesanluis.com\/?s={search_term_string}"},"query-input":{"@type":"PropertyValueSpecification","valueRequired":true,"valueName":"search_term_string"}}],"inLanguage":"es-AR"},{"@type":["Person","Organization"],"@id":"https:\/\/apuntesdesanluis.com\/#\/schema\/person\/b55151d52296fcce64d1a72538a70b90","name":"apuntesdesanluis.com","image":{"@type":"ImageObject","inLanguage":"es-AR","@id":"https:\/\/apuntesdesanluis.com\/#\/schema\/person\/image\/","url":"https:\/\/apuntesdesanluis.com\/wp-content\/uploads\/2023\/07\/cropped-apuntesdesanluis.png","contentUrl":"https:\/\/apuntesdesanluis.com\/wp-content\/uploads\/2023\/07\/cropped-apuntesdesanluis.png","width":450,"height":112,"caption":"apuntesdesanluis.com"},"logo":{"@id":"https:\/\/apuntesdesanluis.com\/#\/schema\/person\/image\/"},"sameAs":["https:\/\/apuntesdesanluis.com"],"url":"https:\/\/apuntesdesanluis.com\/index.php\/author\/apuntesdesanluis-com\/"}]}},"featured_image_urls":{"full":["https:\/\/apuntesdesanluis.com\/wp-content\/uploads\/2023\/12\/inta-san-luis.png",600,349,false],"thumbnail":["https:\/\/apuntesdesanluis.com\/wp-content\/uploads\/2023\/12\/inta-san-luis-150x150.png",150,150,true],"medium":["https:\/\/apuntesdesanluis.com\/wp-content\/uploads\/2023\/12\/inta-san-luis-300x175.png",300,175,true],"medium_large":["https:\/\/apuntesdesanluis.com\/wp-content\/uploads\/2023\/12\/inta-san-luis.png",600,349,false],"large":["https:\/\/apuntesdesanluis.com\/wp-content\/uploads\/2023\/12\/inta-san-luis.png",600,349,false],"1536x1536":["https:\/\/apuntesdesanluis.com\/wp-content\/uploads\/2023\/12\/inta-san-luis.png",600,349,false],"2048x2048":["https:\/\/apuntesdesanluis.com\/wp-content\/uploads\/2023\/12\/inta-san-luis.png",600,349,false],"newsever-slider-full":["https:\/\/apuntesdesanluis.com\/wp-content\/uploads\/2023\/12\/inta-san-luis.png",600,349,false],"newsever-featured":["https:\/\/apuntesdesanluis.com\/wp-content\/uploads\/2023\/12\/inta-san-luis.png",600,349,false],"newsever-medium":["https:\/\/apuntesdesanluis.com\/wp-content\/uploads\/2023\/12\/inta-san-luis.png",600,349,false]},"author_info":{"display_name":"apuntesdesanluis.com","author_link":"https:\/\/apuntesdesanluis.com\/index.php\/author\/apuntesdesanluis-com\/"},"category_info":"<a href=\"https:\/\/apuntesdesanluis.com\/index.php\/category\/ciudad-provincia\/\" rel=\"category tag\">Ciudad\/Provincia<\/a>","tag_info":"Ciudad\/Provincia","comment_count":"0","_links":{"self":[{"href":"https:\/\/apuntesdesanluis.com\/index.php\/wp-json\/wp\/v2\/posts\/8012","targetHints":{"allow":["GET"]}}],"collection":[{"href":"https:\/\/apuntesdesanluis.com\/index.php\/wp-json\/wp\/v2\/posts"}],"about":[{"href":"https:\/\/apuntesdesanluis.com\/index.php\/wp-json\/wp\/v2\/types\/post"}],"author":[{"embeddable":true,"href":"https:\/\/apuntesdesanluis.com\/index.php\/wp-json\/wp\/v2\/users\/1"}],"replies":[{"embeddable":true,"href":"https:\/\/apuntesdesanluis.com\/index.php\/wp-json\/wp\/v2\/comments?post=8012"}],"version-history":[{"count":2,"href":"https:\/\/apuntesdesanluis.com\/index.php\/wp-json\/wp\/v2\/posts\/8012\/revisions"}],"predecessor-version":[{"id":8016,"href":"https:\/\/apuntesdesanluis.com\/index.php\/wp-json\/wp\/v2\/posts\/8012\/revisions\/8016"}],"wp:featuredmedia":[{"embeddable":true,"href":"https:\/\/apuntesdesanluis.com\/index.php\/wp-json\/wp\/v2\/media\/8014"}],"wp:attachment":[{"href":"https:\/\/apuntesdesanluis.com\/index.php\/wp-json\/wp\/v2\/media?parent=8012"}],"wp:term":[{"taxonomy":"category","embeddable":true,"href":"https:\/\/apuntesdesanluis.com\/index.php\/wp-json\/wp\/v2\/categories?post=8012"},{"taxonomy":"post_tag","embeddable":true,"href":"https:\/\/apuntesdesanluis.com\/index.php\/wp-json\/wp\/v2\/tags?post=8012"}],"curies":[{"name":"wp","href":"https:\/\/api.w.org\/{rel}","templated":true}]}}