{"id":802,"date":"2023-07-31T22:55:28","date_gmt":"2023-08-01T01:55:28","guid":{"rendered":"https:\/\/apuntesdesanluis.com\/?p=802"},"modified":"2023-07-31T22:57:43","modified_gmt":"2023-08-01T01:57:43","slug":"tratan-la-rendicion-de-cuentas-de-fondos-recibidos-por-la-intendencia-de-villa-mercedes","status":"publish","type":"post","link":"https:\/\/apuntesdesanluis.com\/index.php\/2023\/07\/31\/tratan-la-rendicion-de-cuentas-de-fondos-recibidos-por-la-intendencia-de-villa-mercedes\/","title":{"rendered":"TRATAN LA RENDICI\u00d3N DE CUENTAS DE FONDOS RECIBIDOS POR LA INTENDENCIA DE VILLA MERCEDES"},"content":{"rendered":"<h3>El <strong>Concejo Deliberante de Villa Mercedes<\/strong> se reunir\u00e1 este martes en sesi\u00f3n ordinaria, para tratar como el tema m\u00e1s importante un despacho favorable de la Comisi\u00f3n de Hacienda y Presupuesto a la ordenanza girada por el Ejecutivo Municipal, que aprueba la rendici\u00f3n de cuentas efectuada por la gesti\u00f3n del intendente Maximiliano Frontera de fondos recibidos por parte de la provincia.<\/h3>\n<h3>Est\u00e1n referidos a los gastos provenientes del aporte del Tesoro Provincial no reembolsable ($200 millones), como as\u00ed tambi\u00e9n respecto a la totalidad de gastos provenientes del adelanto de coparticipaci\u00f3n ($800 millones), autorizando la disposici\u00f3n del saldo sin ejecutar (aproximadamente $186 millones) con destino al proyecto <strong>\u201cFondo de Consenso Presupuestario para el Desarrollo de Villa Mercedes\u201d<\/strong>.<\/h3>\n<h3>Tambi\u00e9n se dar\u00e1 tratamiento a otros despachos importantes. Uno de ellos es un proyecto de ordenanza a trav\u00e9s del cual se crea el <strong>\u201cMapa del Delito\u201d<\/strong> de Villa Mercedes. Otro dispone que las entidades financieras \u201cimplementen o adapten un cajero autom\u00e1tico con condiciones de accesibilidad para persnas con dispacidad o movilidad reducida\u201d.<\/h3>\n<h3>Otro despacho dispone la adhesi\u00f3n municipal a la Ley Nacional 27590 que estableci\u00f3 el <strong>Programa Nacional de Prevenci\u00f3n y Concientizaci\u00f3ndel Grooming o Ciberacoso contra Ni\u00f1os, Ni\u00f1as y Adolescentes<\/strong>.<\/h3>\n<h3>Por otro lado, tendr\u00e1 ingreso un proyecto de ordenanza del Bloque Innovaci\u00f3n Democr\u00e1tica que plantea la <strong>modificaci\u00f3n de la Carta Org\u00e1nica Municipal<\/strong>, en los arts. 22\u00b0 y 52\u00b0, a efectos de establecer como uno de los requisitos para ocupar el cargo de concejal la edad de 21 a\u00f1os, ad refer\u00e9ndum de la decisi\u00f3n popular.<\/h3>\n<h3><strong>(VER TEMARIO COMPLETO:\u00a0<\/strong><strong><a href=\"https:\/\/apuntesdesanluis.com\/wp-content\/uploads\/2023\/07\/ORDEN-DEL-DIA-Circ.-1597-Sesion-Ordinaria-01-08-23.pdf\">ORDEN DEL D\u00cdA Circ. 1597- Sesi\u00f3n Ordinaria 01-08-23)<\/a><\/strong><\/h3>\n","protected":false},"excerpt":{"rendered":"<p>El Concejo Deliberante de Villa Mercedes se reunir\u00e1 este martes en sesi\u00f3n ordinaria, para tratar&#8230;<\/p>\n","protected":false},"author":1,"featured_media":804,"comment_status":"closed","ping_status":"closed","sticky":false,"template":"","format":"standard","meta":{"footnotes":""},"categories":[6],"tags":[],"class_list":["post-802","post","type-post","status-publish","format-standard","has-post-thumbnail","hentry","category-ciudad-provincia"],"yoast_head":"<!-- This site is optimized with the Yoast SEO plugin v26.1.1 - https:\/\/yoast.com\/wordpress\/plugins\/seo\/ -->\n<title>TRATAN LA RENDICI\u00d3N DE CUENTAS DE FONDOS RECIBIDOS POR LA INTENDENCIA DE VILLA MERCEDES - Apuntes de San Luis<\/title>\n<meta name=\"robots\" content=\"index, follow, max-snippet:-1, max-image-preview:large, max-video-preview:-1\" \/>\n<link rel=\"canonical\" href=\"https:\/\/apuntesdesanluis.com\/index.php\/2023\/07\/31\/tratan-la-rendicion-de-cuentas-de-fondos-recibidos-por-la-intendencia-de-villa-mercedes\/\" \/>\n<meta property=\"og:locale\" content=\"es_ES\" \/>\n<meta property=\"og:type\" content=\"article\" \/>\n<meta property=\"og:title\" content=\"TRATAN LA RENDICI\u00d3N DE CUENTAS DE FONDOS RECIBIDOS POR LA INTENDENCIA DE VILLA MERCEDES - Apuntes de San Luis\" \/>\n<meta property=\"og:description\" content=\"El Concejo Deliberante de Villa Mercedes se reunir\u00e1 este martes en sesi\u00f3n ordinaria, para tratar...\" \/>\n<meta property=\"og:url\" content=\"https:\/\/apuntesdesanluis.com\/index.php\/2023\/07\/31\/tratan-la-rendicion-de-cuentas-de-fondos-recibidos-por-la-intendencia-de-villa-mercedes\/\" \/>\n<meta property=\"og:site_name\" content=\"Apuntes de San Luis\" \/>\n<meta property=\"article:published_time\" content=\"2023-08-01T01:55:28+00:00\" \/>\n<meta property=\"article:modified_time\" content=\"2023-08-01T01:57:43+00:00\" \/>\n<meta property=\"og:image\" content=\"https:\/\/apuntesdesanluis.com\/wp-content\/uploads\/2023\/07\/concejo-deliberante-1.png\" \/>\n\t<meta property=\"og:image:width\" content=\"585\" \/>\n\t<meta property=\"og:image:height\" content=\"347\" \/>\n\t<meta property=\"og:image:type\" content=\"image\/png\" \/>\n<meta name=\"author\" content=\"apuntesdesanluis.com\" \/>\n<meta name=\"twitter:card\" content=\"summary_large_image\" \/>\n<meta name=\"twitter:label1\" content=\"Escrito por\" \/>\n\t<meta name=\"twitter:data1\" content=\"apuntesdesanluis.com\" \/>\n\t<meta name=\"twitter:label2\" content=\"Tiempo de lectura\" \/>\n\t<meta name=\"twitter:data2\" content=\"2 minutos\" \/>\n<script type=\"application\/ld+json\" class=\"yoast-schema-graph\">{\"@context\":\"https:\/\/schema.org\",\"@graph\":[{\"@type\":\"Article\",\"@id\":\"https:\/\/apuntesdesanluis.com\/index.php\/2023\/07\/31\/tratan-la-rendicion-de-cuentas-de-fondos-recibidos-por-la-intendencia-de-villa-mercedes\/#article\",\"isPartOf\":{\"@id\":\"https:\/\/apuntesdesanluis.com\/index.php\/2023\/07\/31\/tratan-la-rendicion-de-cuentas-de-fondos-recibidos-por-la-intendencia-de-villa-mercedes\/\"},\"author\":{\"name\":\"apuntesdesanluis.com\",\"@id\":\"https:\/\/apuntesdesanluis.com\/#\/schema\/person\/b55151d52296fcce64d1a72538a70b90\"},\"headline\":\"TRATAN LA RENDICI\u00d3N DE CUENTAS DE FONDOS RECIBIDOS POR LA INTENDENCIA DE VILLA MERCEDES\",\"datePublished\":\"2023-08-01T01:55:28+00:00\",\"dateModified\":\"2023-08-01T01:57:43+00:00\",\"mainEntityOfPage\":{\"@id\":\"https:\/\/apuntesdesanluis.com\/index.php\/2023\/07\/31\/tratan-la-rendicion-de-cuentas-de-fondos-recibidos-por-la-intendencia-de-villa-mercedes\/\"},\"wordCount\":295,\"publisher\":{\"@id\":\"https:\/\/apuntesdesanluis.com\/#\/schema\/person\/b55151d52296fcce64d1a72538a70b90\"},\"image\":{\"@id\":\"https:\/\/apuntesdesanluis.com\/index.php\/2023\/07\/31\/tratan-la-rendicion-de-cuentas-de-fondos-recibidos-por-la-intendencia-de-villa-mercedes\/#primaryimage\"},\"thumbnailUrl\":\"https:\/\/apuntesdesanluis.com\/wp-content\/uploads\/2023\/07\/concejo-deliberante-1.png\",\"articleSection\":[\"Ciudad\/Provincia\"],\"inLanguage\":\"es-AR\"},{\"@type\":\"WebPage\",\"@id\":\"https:\/\/apuntesdesanluis.com\/index.php\/2023\/07\/31\/tratan-la-rendicion-de-cuentas-de-fondos-recibidos-por-la-intendencia-de-villa-mercedes\/\",\"url\":\"https:\/\/apuntesdesanluis.com\/index.php\/2023\/07\/31\/tratan-la-rendicion-de-cuentas-de-fondos-recibidos-por-la-intendencia-de-villa-mercedes\/\",\"name\":\"TRATAN LA RENDICI\u00d3N DE CUENTAS DE FONDOS RECIBIDOS POR LA INTENDENCIA DE VILLA MERCEDES - Apuntes de San Luis\",\"isPartOf\":{\"@id\":\"https:\/\/apuntesdesanluis.com\/#website\"},\"primaryImageOfPage\":{\"@id\":\"https:\/\/apuntesdesanluis.com\/index.php\/2023\/07\/31\/tratan-la-rendicion-de-cuentas-de-fondos-recibidos-por-la-intendencia-de-villa-mercedes\/#primaryimage\"},\"image\":{\"@id\":\"https:\/\/apuntesdesanluis.com\/index.php\/2023\/07\/31\/tratan-la-rendicion-de-cuentas-de-fondos-recibidos-por-la-intendencia-de-villa-mercedes\/#primaryimage\"},\"thumbnailUrl\":\"https:\/\/apuntesdesanluis.com\/wp-content\/uploads\/2023\/07\/concejo-deliberante-1.png\",\"datePublished\":\"2023-08-01T01:55:28+00:00\",\"dateModified\":\"2023-08-01T01:57:43+00:00\",\"breadcrumb\":{\"@id\":\"https:\/\/apuntesdesanluis.com\/index.php\/2023\/07\/31\/tratan-la-rendicion-de-cuentas-de-fondos-recibidos-por-la-intendencia-de-villa-mercedes\/#breadcrumb\"},\"inLanguage\":\"es-AR\",\"potentialAction\":[{\"@type\":\"ReadAction\",\"target\":[\"https:\/\/apuntesdesanluis.com\/index.php\/2023\/07\/31\/tratan-la-rendicion-de-cuentas-de-fondos-recibidos-por-la-intendencia-de-villa-mercedes\/\"]}]},{\"@type\":\"ImageObject\",\"inLanguage\":\"es-AR\",\"@id\":\"https:\/\/apuntesdesanluis.com\/index.php\/2023\/07\/31\/tratan-la-rendicion-de-cuentas-de-fondos-recibidos-por-la-intendencia-de-villa-mercedes\/#primaryimage\",\"url\":\"https:\/\/apuntesdesanluis.com\/wp-content\/uploads\/2023\/07\/concejo-deliberante-1.png\",\"contentUrl\":\"https:\/\/apuntesdesanluis.com\/wp-content\/uploads\/2023\/07\/concejo-deliberante-1.png\",\"width\":585,\"height\":347},{\"@type\":\"BreadcrumbList\",\"@id\":\"https:\/\/apuntesdesanluis.com\/index.php\/2023\/07\/31\/tratan-la-rendicion-de-cuentas-de-fondos-recibidos-por-la-intendencia-de-villa-mercedes\/#breadcrumb\",\"itemListElement\":[{\"@type\":\"ListItem\",\"position\":1,\"name\":\"Inicio\",\"item\":\"https:\/\/apuntesdesanluis.com\/\"},{\"@type\":\"ListItem\",\"position\":2,\"name\":\"TRATAN LA RENDICI\u00d3N DE CUENTAS DE FONDOS RECIBIDOS POR LA INTENDENCIA DE VILLA MERCEDES\"}]},{\"@type\":\"WebSite\",\"@id\":\"https:\/\/apuntesdesanluis.com\/#website\",\"url\":\"https:\/\/apuntesdesanluis.com\/\",\"name\":\"Apuntes de San Luis\",\"description\":\"\",\"publisher\":{\"@id\":\"https:\/\/apuntesdesanluis.com\/#\/schema\/person\/b55151d52296fcce64d1a72538a70b90\"},\"potentialAction\":[{\"@type\":\"SearchAction\",\"target\":{\"@type\":\"EntryPoint\",\"urlTemplate\":\"https:\/\/apuntesdesanluis.com\/?s={search_term_string}\"},\"query-input\":{\"@type\":\"PropertyValueSpecification\",\"valueRequired\":true,\"valueName\":\"search_term_string\"}}],\"inLanguage\":\"es-AR\"},{\"@type\":[\"Person\",\"Organization\"],\"@id\":\"https:\/\/apuntesdesanluis.com\/#\/schema\/person\/b55151d52296fcce64d1a72538a70b90\",\"name\":\"apuntesdesanluis.com\",\"image\":{\"@type\":\"ImageObject\",\"inLanguage\":\"es-AR\",\"@id\":\"https:\/\/apuntesdesanluis.com\/#\/schema\/person\/image\/\",\"url\":\"https:\/\/apuntesdesanluis.com\/wp-content\/uploads\/2023\/07\/cropped-apuntesdesanluis.png\",\"contentUrl\":\"https:\/\/apuntesdesanluis.com\/wp-content\/uploads\/2023\/07\/cropped-apuntesdesanluis.png\",\"width\":450,\"height\":112,\"caption\":\"apuntesdesanluis.com\"},\"logo\":{\"@id\":\"https:\/\/apuntesdesanluis.com\/#\/schema\/person\/image\/\"},\"sameAs\":[\"https:\/\/apuntesdesanluis.com\"],\"url\":\"https:\/\/apuntesdesanluis.com\/index.php\/author\/apuntesdesanluis-com\/\"}]}<\/script>\n<!-- \/ Yoast SEO plugin. -->","yoast_head_json":{"title":"TRATAN LA RENDICI\u00d3N DE CUENTAS DE FONDOS RECIBIDOS POR LA INTENDENCIA DE VILLA MERCEDES - Apuntes de San Luis","robots":{"index":"index","follow":"follow","max-snippet":"max-snippet:-1","max-image-preview":"max-image-preview:large","max-video-preview":"max-video-preview:-1"},"canonical":"https:\/\/apuntesdesanluis.com\/index.php\/2023\/07\/31\/tratan-la-rendicion-de-cuentas-de-fondos-recibidos-por-la-intendencia-de-villa-mercedes\/","og_locale":"es_ES","og_type":"article","og_title":"TRATAN LA RENDICI\u00d3N DE CUENTAS DE FONDOS RECIBIDOS POR LA INTENDENCIA DE VILLA MERCEDES - Apuntes de San Luis","og_description":"El Concejo Deliberante de Villa Mercedes se reunir\u00e1 este martes en sesi\u00f3n ordinaria, para tratar...","og_url":"https:\/\/apuntesdesanluis.com\/index.php\/2023\/07\/31\/tratan-la-rendicion-de-cuentas-de-fondos-recibidos-por-la-intendencia-de-villa-mercedes\/","og_site_name":"Apuntes de San Luis","article_published_time":"2023-08-01T01:55:28+00:00","article_modified_time":"2023-08-01T01:57:43+00:00","og_image":[{"width":585,"height":347,"url":"https:\/\/apuntesdesanluis.com\/wp-content\/uploads\/2023\/07\/concejo-deliberante-1.png","type":"image\/png"}],"author":"apuntesdesanluis.com","twitter_card":"summary_large_image","twitter_misc":{"Escrito por":"apuntesdesanluis.com","Tiempo de lectura":"2 minutos"},"schema":{"@context":"https:\/\/schema.org","@graph":[{"@type":"Article","@id":"https:\/\/apuntesdesanluis.com\/index.php\/2023\/07\/31\/tratan-la-rendicion-de-cuentas-de-fondos-recibidos-por-la-intendencia-de-villa-mercedes\/#article","isPartOf":{"@id":"https:\/\/apuntesdesanluis.com\/index.php\/2023\/07\/31\/tratan-la-rendicion-de-cuentas-de-fondos-recibidos-por-la-intendencia-de-villa-mercedes\/"},"author":{"name":"apuntesdesanluis.com","@id":"https:\/\/apuntesdesanluis.com\/#\/schema\/person\/b55151d52296fcce64d1a72538a70b90"},"headline":"TRATAN LA RENDICI\u00d3N DE CUENTAS DE FONDOS RECIBIDOS POR LA INTENDENCIA DE VILLA MERCEDES","datePublished":"2023-08-01T01:55:28+00:00","dateModified":"2023-08-01T01:57:43+00:00","mainEntityOfPage":{"@id":"https:\/\/apuntesdesanluis.com\/index.php\/2023\/07\/31\/tratan-la-rendicion-de-cuentas-de-fondos-recibidos-por-la-intendencia-de-villa-mercedes\/"},"wordCount":295,"publisher":{"@id":"https:\/\/apuntesdesanluis.com\/#\/schema\/person\/b55151d52296fcce64d1a72538a70b90"},"image":{"@id":"https:\/\/apuntesdesanluis.com\/index.php\/2023\/07\/31\/tratan-la-rendicion-de-cuentas-de-fondos-recibidos-por-la-intendencia-de-villa-mercedes\/#primaryimage"},"thumbnailUrl":"https:\/\/apuntesdesanluis.com\/wp-content\/uploads\/2023\/07\/concejo-deliberante-1.png","articleSection":["Ciudad\/Provincia"],"inLanguage":"es-AR"},{"@type":"WebPage","@id":"https:\/\/apuntesdesanluis.com\/index.php\/2023\/07\/31\/tratan-la-rendicion-de-cuentas-de-fondos-recibidos-por-la-intendencia-de-villa-mercedes\/","url":"https:\/\/apuntesdesanluis.com\/index.php\/2023\/07\/31\/tratan-la-rendicion-de-cuentas-de-fondos-recibidos-por-la-intendencia-de-villa-mercedes\/","name":"TRATAN LA RENDICI\u00d3N DE CUENTAS DE FONDOS RECIBIDOS POR LA INTENDENCIA DE VILLA MERCEDES - Apuntes de San Luis","isPartOf":{"@id":"https:\/\/apuntesdesanluis.com\/#website"},"primaryImageOfPage":{"@id":"https:\/\/apuntesdesanluis.com\/index.php\/2023\/07\/31\/tratan-la-rendicion-de-cuentas-de-fondos-recibidos-por-la-intendencia-de-villa-mercedes\/#primaryimage"},"image":{"@id":"https:\/\/apuntesdesanluis.com\/index.php\/2023\/07\/31\/tratan-la-rendicion-de-cuentas-de-fondos-recibidos-por-la-intendencia-de-villa-mercedes\/#primaryimage"},"thumbnailUrl":"https:\/\/apuntesdesanluis.com\/wp-content\/uploads\/2023\/07\/concejo-deliberante-1.png","datePublished":"2023-08-01T01:55:28+00:00","dateModified":"2023-08-01T01:57:43+00:00","breadcrumb":{"@id":"https:\/\/apuntesdesanluis.com\/index.php\/2023\/07\/31\/tratan-la-rendicion-de-cuentas-de-fondos-recibidos-por-la-intendencia-de-villa-mercedes\/#breadcrumb"},"inLanguage":"es-AR","potentialAction":[{"@type":"ReadAction","target":["https:\/\/apuntesdesanluis.com\/index.php\/2023\/07\/31\/tratan-la-rendicion-de-cuentas-de-fondos-recibidos-por-la-intendencia-de-villa-mercedes\/"]}]},{"@type":"ImageObject","inLanguage":"es-AR","@id":"https:\/\/apuntesdesanluis.com\/index.php\/2023\/07\/31\/tratan-la-rendicion-de-cuentas-de-fondos-recibidos-por-la-intendencia-de-villa-mercedes\/#primaryimage","url":"https:\/\/apuntesdesanluis.com\/wp-content\/uploads\/2023\/07\/concejo-deliberante-1.png","contentUrl":"https:\/\/apuntesdesanluis.com\/wp-content\/uploads\/2023\/07\/concejo-deliberante-1.png","width":585,"height":347},{"@type":"BreadcrumbList","@id":"https:\/\/apuntesdesanluis.com\/index.php\/2023\/07\/31\/tratan-la-rendicion-de-cuentas-de-fondos-recibidos-por-la-intendencia-de-villa-mercedes\/#breadcrumb","itemListElement":[{"@type":"ListItem","position":1,"name":"Inicio","item":"https:\/\/apuntesdesanluis.com\/"},{"@type":"ListItem","position":2,"name":"TRATAN LA RENDICI\u00d3N DE CUENTAS DE FONDOS RECIBIDOS POR LA INTENDENCIA DE VILLA MERCEDES"}]},{"@type":"WebSite","@id":"https:\/\/apuntesdesanluis.com\/#website","url":"https:\/\/apuntesdesanluis.com\/","name":"Apuntes de San Luis","description":"","publisher":{"@id":"https:\/\/apuntesdesanluis.com\/#\/schema\/person\/b55151d52296fcce64d1a72538a70b90"},"potentialAction":[{"@type":"SearchAction","target":{"@type":"EntryPoint","urlTemplate":"https:\/\/apuntesdesanluis.com\/?s={search_term_string}"},"query-input":{"@type":"PropertyValueSpecification","valueRequired":true,"valueName":"search_term_string"}}],"inLanguage":"es-AR"},{"@type":["Person","Organization"],"@id":"https:\/\/apuntesdesanluis.com\/#\/schema\/person\/b55151d52296fcce64d1a72538a70b90","name":"apuntesdesanluis.com","image":{"@type":"ImageObject","inLanguage":"es-AR","@id":"https:\/\/apuntesdesanluis.com\/#\/schema\/person\/image\/","url":"https:\/\/apuntesdesanluis.com\/wp-content\/uploads\/2023\/07\/cropped-apuntesdesanluis.png","contentUrl":"https:\/\/apuntesdesanluis.com\/wp-content\/uploads\/2023\/07\/cropped-apuntesdesanluis.png","width":450,"height":112,"caption":"apuntesdesanluis.com"},"logo":{"@id":"https:\/\/apuntesdesanluis.com\/#\/schema\/person\/image\/"},"sameAs":["https:\/\/apuntesdesanluis.com"],"url":"https:\/\/apuntesdesanluis.com\/index.php\/author\/apuntesdesanluis-com\/"}]}},"featured_image_urls":{"full":["https:\/\/apuntesdesanluis.com\/wp-content\/uploads\/2023\/07\/concejo-deliberante-1.png",585,347,false],"thumbnail":["https:\/\/apuntesdesanluis.com\/wp-content\/uploads\/2023\/07\/concejo-deliberante-1-150x150.png",150,150,true],"medium":["https:\/\/apuntesdesanluis.com\/wp-content\/uploads\/2023\/07\/concejo-deliberante-1-300x178.png",300,178,true],"medium_large":["https:\/\/apuntesdesanluis.com\/wp-content\/uploads\/2023\/07\/concejo-deliberante-1.png",585,347,false],"large":["https:\/\/apuntesdesanluis.com\/wp-content\/uploads\/2023\/07\/concejo-deliberante-1.png",585,347,false],"1536x1536":["https:\/\/apuntesdesanluis.com\/wp-content\/uploads\/2023\/07\/concejo-deliberante-1.png",585,347,false],"2048x2048":["https:\/\/apuntesdesanluis.com\/wp-content\/uploads\/2023\/07\/concejo-deliberante-1.png",585,347,false],"newsever-slider-full":["https:\/\/apuntesdesanluis.com\/wp-content\/uploads\/2023\/07\/concejo-deliberante-1.png",585,347,false],"newsever-featured":["https:\/\/apuntesdesanluis.com\/wp-content\/uploads\/2023\/07\/concejo-deliberante-1.png",585,347,false],"newsever-medium":["https:\/\/apuntesdesanluis.com\/wp-content\/uploads\/2023\/07\/concejo-deliberante-1.png",585,347,false]},"author_info":{"display_name":"apuntesdesanluis.com","author_link":"https:\/\/apuntesdesanluis.com\/index.php\/author\/apuntesdesanluis-com\/"},"category_info":"<a href=\"https:\/\/apuntesdesanluis.com\/index.php\/category\/ciudad-provincia\/\" rel=\"category tag\">Ciudad\/Provincia<\/a>","tag_info":"Ciudad\/Provincia","comment_count":"0","_links":{"self":[{"href":"https:\/\/apuntesdesanluis.com\/index.php\/wp-json\/wp\/v2\/posts\/802","targetHints":{"allow":["GET"]}}],"collection":[{"href":"https:\/\/apuntesdesanluis.com\/index.php\/wp-json\/wp\/v2\/posts"}],"about":[{"href":"https:\/\/apuntesdesanluis.com\/index.php\/wp-json\/wp\/v2\/types\/post"}],"author":[{"embeddable":true,"href":"https:\/\/apuntesdesanluis.com\/index.php\/wp-json\/wp\/v2\/users\/1"}],"replies":[{"embeddable":true,"href":"https:\/\/apuntesdesanluis.com\/index.php\/wp-json\/wp\/v2\/comments?post=802"}],"version-history":[{"count":4,"href":"https:\/\/apuntesdesanluis.com\/index.php\/wp-json\/wp\/v2\/posts\/802\/revisions"}],"predecessor-version":[{"id":808,"href":"https:\/\/apuntesdesanluis.com\/index.php\/wp-json\/wp\/v2\/posts\/802\/revisions\/808"}],"wp:featuredmedia":[{"embeddable":true,"href":"https:\/\/apuntesdesanluis.com\/index.php\/wp-json\/wp\/v2\/media\/804"}],"wp:attachment":[{"href":"https:\/\/apuntesdesanluis.com\/index.php\/wp-json\/wp\/v2\/media?parent=802"}],"wp:term":[{"taxonomy":"category","embeddable":true,"href":"https:\/\/apuntesdesanluis.com\/index.php\/wp-json\/wp\/v2\/categories?post=802"},{"taxonomy":"post_tag","embeddable":true,"href":"https:\/\/apuntesdesanluis.com\/index.php\/wp-json\/wp\/v2\/tags?post=802"}],"curies":[{"name":"wp","href":"https:\/\/api.w.org\/{rel}","templated":true}]}}