{"id":8020,"date":"2023-12-07T19:54:17","date_gmt":"2023-12-07T22:54:17","guid":{"rendered":"https:\/\/apuntesdesanluis.com\/?p=8020"},"modified":"2023-12-07T19:54:17","modified_gmt":"2023-12-07T22:54:17","slug":"la-corte-fallo-a-favor-de-luis-juez-y-sera-el-vigesimo-integrante-del-consejo-de-la-magistratura","status":"publish","type":"post","link":"https:\/\/apuntesdesanluis.com\/index.php\/2023\/12\/07\/la-corte-fallo-a-favor-de-luis-juez-y-sera-el-vigesimo-integrante-del-consejo-de-la-magistratura\/","title":{"rendered":"LA CORTE FALL\u00d3 A FAVOR DE LUIS JUEZ Y SER\u00c1 EL VIG\u00c9SIMO INTEGRANTE DEL CONSEJO DE LA MAGISTRATURA"},"content":{"rendered":"<h3>La Corte Suprema resolvi\u00f3 hoy que el senador de Juntos por el Cambio <strong>Luis Juez<\/strong> sea el integrante n\u00famero 20 del Consejo de la Magistratura.<\/h3>\n<h3>El m\u00e1ximo tribunal, con las firmas de los jueces <strong>Horacio Rosatti, Carlos Rosenkrantz<\/strong> y <strong>Juan Carlos Maqueda<\/strong> defini\u00f3 as\u00ed un viejo conflicto que lleva ya m\u00e1s de dos a\u00f1os entre el propio juez y el senador de Uni\u00f3n por la Patria Mart\u00edn Do\u00f1ate.<\/h3>\n<h3>El cuarto integrante del tribunal, <strong>Ricardo Lorenzetti<\/strong>, no vot\u00f3.<\/h3>\n<h3>Juez tendr\u00e1 un mandato por cuatro a\u00f1os, pero en virtud de la nueva composici\u00f3n de la C\u00e1mara de Diputados a partir del 10 de diciembre podr\u00eda rediscutirse si la banca le corresponde o la puede reclamar otra fuerza o alianza pol\u00edtica con representaci\u00f3n parlamentaria.<\/h3>\n<h3>No obstante, el fallo dispone que \u201cla presidencia del Honorable Senado de la Naci\u00f3n deber\u00e1 enviar al Consejo de la Magistratura de la\u00a0 Naci\u00f3n el t\u00edtulo que designa a los senadores Luis Alfredo Juez y Humberto Luis Schiavoni, como consejeros titular y suplente respectivamente, en representaci\u00f3n de la segunda minor\u00eda de dicha c\u00e1mara para el per\u00edodo 2022-2026\u201d.<\/h3>\n<h3>Juez ser\u00e1 consejero aun cuando el Senado decida lo contrario.<\/h3>\n<h3>El fallo de la Corte advierte que \u201cen caso de incumplimiento por parte de la presidencia del Honorable Senado de la Naci\u00f3n, el Consejo de la Magistratura de la Naci\u00f3n deber\u00e1 arbitrar los medios necesarios para que el senador Luis Alfredo Juez se incorpore a dicho \u00f3rgano como consejero titular\u201d.<\/h3>\n<h3>\u201cA tal fin, resultar\u00e1 suficiente lo dispuesto en el presente pronunciamiento\u201d, a\u00f1ade el texto.<\/h3>\n<h3>El voto mayoritario sigue el criterio expresado por el Procurador General interino,\u00a0 Eduardo Casal, fechado en la v\u00edspera.<\/h3>\n<h3>\u201cEste Ministerio P\u00fablico ha sostenido en reiteradas ocasiones que, cuando la cuesti\u00f3n planteada se centra en la interpretaci\u00f3n de un pronunciamiento anterior de la Corte Suprema, es a los integrantes de la Corte Suprema en su natural car\u00e1cter de int\u00e9rpretes fieles de los alcances de sus propias sentencias, a quienes compete expedirse\u201d, sostuvo Casal.<\/h3>\n<h3>\u201cLuce evidente que es ese M\u00e1ximo Tribunal el que se encuentra en mejores condiciones para desentra\u00f1ar el sentido de aquella sentencia\u201d, a\u00f1adi\u00f3 Casal, haciendo alusi\u00f3n a un fallo previo de la Corte que le hab\u00eda asignado la banca a Juez pero para el per\u00edodo anterior.<\/h3>\n<h3>El fallo vuelve a denostar la partici\u00f3n del bloque hasta ahora oficialista para reclamar la banca en disputa.<\/h3>\n<h3>\u201cNo hay motivo alguno para que una conducta considerada fraudulenta por esta Corte deje de ser tal y se transforme en v\u00e1lida a los efectos de la conformaci\u00f3n del referido \u00f3rgano constitucional\u201d, especifica la resoluci\u00f3n.<\/h3>\n<h3>La disputa entre Juntos por el Cambio y Uni\u00f3n por la Patria por esa banca estaba judicializada a tal punto que el Consejo funcionaba hasta ahora con 19 de sus 20 miembros.<\/h3>\n<h3>Casal record\u00f3 que la Corte \u201cdeneg\u00f3 la toma de juramento del senador Do\u00f1ate para integrar el Consejo de la Magistratura por la segunda minor\u00eda\u201d y dej\u00f3 esa designaci\u00f3n en suspenso, hasta que hoy se la atribuy\u00f3 a Juez.<\/h3>\n<h3>La Corte le corri\u00f3 vista (le pidi\u00f3 opini\u00f3n) al procurador Casal el 30 de noviembre pasado y el jefe de los fiscales emiti\u00f3 dictamen en tiempos inusualmente veloces.<\/h3>\n<h3>El dictamen de\u00a0 Casal ingres\u00f3 ayer a la Corte, que esta semana decidi\u00f3 sesionar en d\u00eda jueves y r\u00e1pidamente\u00a0 resolvi\u00f3 darle la raz\u00f3n a Juez en su reclamo.<\/h3>\n<h3>Hasta este mediod\u00eda, la resoluci\u00f3n no hab\u00eda sido notificada a las partes, ni tampoco al propio Consejo de la Magistratura.<\/h3>\n","protected":false},"excerpt":{"rendered":"<p>La Corte Suprema resolvi\u00f3 hoy que el senador de Juntos por el Cambio Luis Juez&#8230;<\/p>\n","protected":false},"author":1,"featured_media":8021,"comment_status":"closed","ping_status":"closed","sticky":false,"template":"","format":"standard","meta":{"footnotes":""},"categories":[5],"tags":[],"class_list":["post-8020","post","type-post","status-publish","format-standard","has-post-thumbnail","hentry","category-nacionales-internacionales"],"yoast_head":"<!-- This site is optimized with the Yoast SEO plugin v26.1.1 - https:\/\/yoast.com\/wordpress\/plugins\/seo\/ -->\n<title>LA CORTE FALL\u00d3 A FAVOR DE LUIS JUEZ Y SER\u00c1 EL VIG\u00c9SIMO INTEGRANTE DEL CONSEJO DE LA MAGISTRATURA - Apuntes de San Luis<\/title>\n<meta name=\"robots\" content=\"index, follow, max-snippet:-1, max-image-preview:large, max-video-preview:-1\" \/>\n<link rel=\"canonical\" href=\"https:\/\/apuntesdesanluis.com\/index.php\/2023\/12\/07\/la-corte-fallo-a-favor-de-luis-juez-y-sera-el-vigesimo-integrante-del-consejo-de-la-magistratura\/\" \/>\n<meta property=\"og:locale\" content=\"es_ES\" \/>\n<meta property=\"og:type\" content=\"article\" \/>\n<meta property=\"og:title\" content=\"LA CORTE FALL\u00d3 A FAVOR DE LUIS JUEZ Y SER\u00c1 EL VIG\u00c9SIMO INTEGRANTE DEL CONSEJO DE LA MAGISTRATURA - Apuntes de San Luis\" \/>\n<meta property=\"og:description\" content=\"La Corte Suprema resolvi\u00f3 hoy que el senador de Juntos por el Cambio Luis Juez...\" \/>\n<meta property=\"og:url\" content=\"https:\/\/apuntesdesanluis.com\/index.php\/2023\/12\/07\/la-corte-fallo-a-favor-de-luis-juez-y-sera-el-vigesimo-integrante-del-consejo-de-la-magistratura\/\" \/>\n<meta property=\"og:site_name\" content=\"Apuntes de San Luis\" \/>\n<meta property=\"article:published_time\" content=\"2023-12-07T22:54:17+00:00\" \/>\n<meta property=\"og:image\" content=\"https:\/\/apuntesdesanluis.com\/wp-content\/uploads\/2023\/12\/LUIS-JUEZ.png\" \/>\n\t<meta property=\"og:image:width\" content=\"624\" \/>\n\t<meta property=\"og:image:height\" content=\"374\" \/>\n\t<meta property=\"og:image:type\" content=\"image\/png\" \/>\n<meta name=\"author\" content=\"apuntesdesanluis.com\" \/>\n<meta name=\"twitter:card\" content=\"summary_large_image\" \/>\n<meta name=\"twitter:label1\" content=\"Escrito por\" \/>\n\t<meta name=\"twitter:data1\" content=\"apuntesdesanluis.com\" \/>\n\t<meta name=\"twitter:label2\" content=\"Tiempo de lectura\" \/>\n\t<meta name=\"twitter:data2\" content=\"3 minutos\" \/>\n<script type=\"application\/ld+json\" class=\"yoast-schema-graph\">{\"@context\":\"https:\/\/schema.org\",\"@graph\":[{\"@type\":\"Article\",\"@id\":\"https:\/\/apuntesdesanluis.com\/index.php\/2023\/12\/07\/la-corte-fallo-a-favor-de-luis-juez-y-sera-el-vigesimo-integrante-del-consejo-de-la-magistratura\/#article\",\"isPartOf\":{\"@id\":\"https:\/\/apuntesdesanluis.com\/index.php\/2023\/12\/07\/la-corte-fallo-a-favor-de-luis-juez-y-sera-el-vigesimo-integrante-del-consejo-de-la-magistratura\/\"},\"author\":{\"name\":\"apuntesdesanluis.com\",\"@id\":\"https:\/\/apuntesdesanluis.com\/#\/schema\/person\/b55151d52296fcce64d1a72538a70b90\"},\"headline\":\"LA CORTE FALL\u00d3 A FAVOR DE LUIS JUEZ Y SER\u00c1 EL VIG\u00c9SIMO INTEGRANTE DEL CONSEJO DE LA MAGISTRATURA\",\"datePublished\":\"2023-12-07T22:54:17+00:00\",\"mainEntityOfPage\":{\"@id\":\"https:\/\/apuntesdesanluis.com\/index.php\/2023\/12\/07\/la-corte-fallo-a-favor-de-luis-juez-y-sera-el-vigesimo-integrante-del-consejo-de-la-magistratura\/\"},\"wordCount\":632,\"publisher\":{\"@id\":\"https:\/\/apuntesdesanluis.com\/#\/schema\/person\/b55151d52296fcce64d1a72538a70b90\"},\"image\":{\"@id\":\"https:\/\/apuntesdesanluis.com\/index.php\/2023\/12\/07\/la-corte-fallo-a-favor-de-luis-juez-y-sera-el-vigesimo-integrante-del-consejo-de-la-magistratura\/#primaryimage\"},\"thumbnailUrl\":\"https:\/\/apuntesdesanluis.com\/wp-content\/uploads\/2023\/12\/LUIS-JUEZ.png\",\"articleSection\":[\"Nacionales\/Internacionales\"],\"inLanguage\":\"es-AR\"},{\"@type\":\"WebPage\",\"@id\":\"https:\/\/apuntesdesanluis.com\/index.php\/2023\/12\/07\/la-corte-fallo-a-favor-de-luis-juez-y-sera-el-vigesimo-integrante-del-consejo-de-la-magistratura\/\",\"url\":\"https:\/\/apuntesdesanluis.com\/index.php\/2023\/12\/07\/la-corte-fallo-a-favor-de-luis-juez-y-sera-el-vigesimo-integrante-del-consejo-de-la-magistratura\/\",\"name\":\"LA CORTE FALL\u00d3 A FAVOR DE LUIS JUEZ Y SER\u00c1 EL VIG\u00c9SIMO INTEGRANTE DEL CONSEJO DE LA MAGISTRATURA - Apuntes de San Luis\",\"isPartOf\":{\"@id\":\"https:\/\/apuntesdesanluis.com\/#website\"},\"primaryImageOfPage\":{\"@id\":\"https:\/\/apuntesdesanluis.com\/index.php\/2023\/12\/07\/la-corte-fallo-a-favor-de-luis-juez-y-sera-el-vigesimo-integrante-del-consejo-de-la-magistratura\/#primaryimage\"},\"image\":{\"@id\":\"https:\/\/apuntesdesanluis.com\/index.php\/2023\/12\/07\/la-corte-fallo-a-favor-de-luis-juez-y-sera-el-vigesimo-integrante-del-consejo-de-la-magistratura\/#primaryimage\"},\"thumbnailUrl\":\"https:\/\/apuntesdesanluis.com\/wp-content\/uploads\/2023\/12\/LUIS-JUEZ.png\",\"datePublished\":\"2023-12-07T22:54:17+00:00\",\"breadcrumb\":{\"@id\":\"https:\/\/apuntesdesanluis.com\/index.php\/2023\/12\/07\/la-corte-fallo-a-favor-de-luis-juez-y-sera-el-vigesimo-integrante-del-consejo-de-la-magistratura\/#breadcrumb\"},\"inLanguage\":\"es-AR\",\"potentialAction\":[{\"@type\":\"ReadAction\",\"target\":[\"https:\/\/apuntesdesanluis.com\/index.php\/2023\/12\/07\/la-corte-fallo-a-favor-de-luis-juez-y-sera-el-vigesimo-integrante-del-consejo-de-la-magistratura\/\"]}]},{\"@type\":\"ImageObject\",\"inLanguage\":\"es-AR\",\"@id\":\"https:\/\/apuntesdesanluis.com\/index.php\/2023\/12\/07\/la-corte-fallo-a-favor-de-luis-juez-y-sera-el-vigesimo-integrante-del-consejo-de-la-magistratura\/#primaryimage\",\"url\":\"https:\/\/apuntesdesanluis.com\/wp-content\/uploads\/2023\/12\/LUIS-JUEZ.png\",\"contentUrl\":\"https:\/\/apuntesdesanluis.com\/wp-content\/uploads\/2023\/12\/LUIS-JUEZ.png\",\"width\":624,\"height\":374},{\"@type\":\"BreadcrumbList\",\"@id\":\"https:\/\/apuntesdesanluis.com\/index.php\/2023\/12\/07\/la-corte-fallo-a-favor-de-luis-juez-y-sera-el-vigesimo-integrante-del-consejo-de-la-magistratura\/#breadcrumb\",\"itemListElement\":[{\"@type\":\"ListItem\",\"position\":1,\"name\":\"Inicio\",\"item\":\"https:\/\/apuntesdesanluis.com\/\"},{\"@type\":\"ListItem\",\"position\":2,\"name\":\"LA CORTE FALL\u00d3 A FAVOR DE LUIS JUEZ Y SER\u00c1 EL VIG\u00c9SIMO INTEGRANTE DEL CONSEJO DE LA MAGISTRATURA\"}]},{\"@type\":\"WebSite\",\"@id\":\"https:\/\/apuntesdesanluis.com\/#website\",\"url\":\"https:\/\/apuntesdesanluis.com\/\",\"name\":\"Apuntes de San Luis\",\"description\":\"\",\"publisher\":{\"@id\":\"https:\/\/apuntesdesanluis.com\/#\/schema\/person\/b55151d52296fcce64d1a72538a70b90\"},\"potentialAction\":[{\"@type\":\"SearchAction\",\"target\":{\"@type\":\"EntryPoint\",\"urlTemplate\":\"https:\/\/apuntesdesanluis.com\/?s={search_term_string}\"},\"query-input\":{\"@type\":\"PropertyValueSpecification\",\"valueRequired\":true,\"valueName\":\"search_term_string\"}}],\"inLanguage\":\"es-AR\"},{\"@type\":[\"Person\",\"Organization\"],\"@id\":\"https:\/\/apuntesdesanluis.com\/#\/schema\/person\/b55151d52296fcce64d1a72538a70b90\",\"name\":\"apuntesdesanluis.com\",\"image\":{\"@type\":\"ImageObject\",\"inLanguage\":\"es-AR\",\"@id\":\"https:\/\/apuntesdesanluis.com\/#\/schema\/person\/image\/\",\"url\":\"https:\/\/apuntesdesanluis.com\/wp-content\/uploads\/2023\/07\/cropped-apuntesdesanluis.png\",\"contentUrl\":\"https:\/\/apuntesdesanluis.com\/wp-content\/uploads\/2023\/07\/cropped-apuntesdesanluis.png\",\"width\":450,\"height\":112,\"caption\":\"apuntesdesanluis.com\"},\"logo\":{\"@id\":\"https:\/\/apuntesdesanluis.com\/#\/schema\/person\/image\/\"},\"sameAs\":[\"https:\/\/apuntesdesanluis.com\"],\"url\":\"https:\/\/apuntesdesanluis.com\/index.php\/author\/apuntesdesanluis-com\/\"}]}<\/script>\n<!-- \/ Yoast SEO plugin. -->","yoast_head_json":{"title":"LA CORTE FALL\u00d3 A FAVOR DE LUIS JUEZ Y SER\u00c1 EL VIG\u00c9SIMO INTEGRANTE DEL CONSEJO DE LA MAGISTRATURA - Apuntes de San Luis","robots":{"index":"index","follow":"follow","max-snippet":"max-snippet:-1","max-image-preview":"max-image-preview:large","max-video-preview":"max-video-preview:-1"},"canonical":"https:\/\/apuntesdesanluis.com\/index.php\/2023\/12\/07\/la-corte-fallo-a-favor-de-luis-juez-y-sera-el-vigesimo-integrante-del-consejo-de-la-magistratura\/","og_locale":"es_ES","og_type":"article","og_title":"LA CORTE FALL\u00d3 A FAVOR DE LUIS JUEZ Y SER\u00c1 EL VIG\u00c9SIMO INTEGRANTE DEL CONSEJO DE LA MAGISTRATURA - Apuntes de San Luis","og_description":"La Corte Suprema resolvi\u00f3 hoy que el senador de Juntos por el Cambio Luis Juez...","og_url":"https:\/\/apuntesdesanluis.com\/index.php\/2023\/12\/07\/la-corte-fallo-a-favor-de-luis-juez-y-sera-el-vigesimo-integrante-del-consejo-de-la-magistratura\/","og_site_name":"Apuntes de San Luis","article_published_time":"2023-12-07T22:54:17+00:00","og_image":[{"width":624,"height":374,"url":"https:\/\/apuntesdesanluis.com\/wp-content\/uploads\/2023\/12\/LUIS-JUEZ.png","type":"image\/png"}],"author":"apuntesdesanluis.com","twitter_card":"summary_large_image","twitter_misc":{"Escrito por":"apuntesdesanluis.com","Tiempo de lectura":"3 minutos"},"schema":{"@context":"https:\/\/schema.org","@graph":[{"@type":"Article","@id":"https:\/\/apuntesdesanluis.com\/index.php\/2023\/12\/07\/la-corte-fallo-a-favor-de-luis-juez-y-sera-el-vigesimo-integrante-del-consejo-de-la-magistratura\/#article","isPartOf":{"@id":"https:\/\/apuntesdesanluis.com\/index.php\/2023\/12\/07\/la-corte-fallo-a-favor-de-luis-juez-y-sera-el-vigesimo-integrante-del-consejo-de-la-magistratura\/"},"author":{"name":"apuntesdesanluis.com","@id":"https:\/\/apuntesdesanluis.com\/#\/schema\/person\/b55151d52296fcce64d1a72538a70b90"},"headline":"LA CORTE FALL\u00d3 A FAVOR DE LUIS JUEZ Y SER\u00c1 EL VIG\u00c9SIMO INTEGRANTE DEL CONSEJO DE LA MAGISTRATURA","datePublished":"2023-12-07T22:54:17+00:00","mainEntityOfPage":{"@id":"https:\/\/apuntesdesanluis.com\/index.php\/2023\/12\/07\/la-corte-fallo-a-favor-de-luis-juez-y-sera-el-vigesimo-integrante-del-consejo-de-la-magistratura\/"},"wordCount":632,"publisher":{"@id":"https:\/\/apuntesdesanluis.com\/#\/schema\/person\/b55151d52296fcce64d1a72538a70b90"},"image":{"@id":"https:\/\/apuntesdesanluis.com\/index.php\/2023\/12\/07\/la-corte-fallo-a-favor-de-luis-juez-y-sera-el-vigesimo-integrante-del-consejo-de-la-magistratura\/#primaryimage"},"thumbnailUrl":"https:\/\/apuntesdesanluis.com\/wp-content\/uploads\/2023\/12\/LUIS-JUEZ.png","articleSection":["Nacionales\/Internacionales"],"inLanguage":"es-AR"},{"@type":"WebPage","@id":"https:\/\/apuntesdesanluis.com\/index.php\/2023\/12\/07\/la-corte-fallo-a-favor-de-luis-juez-y-sera-el-vigesimo-integrante-del-consejo-de-la-magistratura\/","url":"https:\/\/apuntesdesanluis.com\/index.php\/2023\/12\/07\/la-corte-fallo-a-favor-de-luis-juez-y-sera-el-vigesimo-integrante-del-consejo-de-la-magistratura\/","name":"LA CORTE FALL\u00d3 A FAVOR DE LUIS JUEZ Y SER\u00c1 EL VIG\u00c9SIMO INTEGRANTE DEL CONSEJO DE LA MAGISTRATURA - Apuntes de San Luis","isPartOf":{"@id":"https:\/\/apuntesdesanluis.com\/#website"},"primaryImageOfPage":{"@id":"https:\/\/apuntesdesanluis.com\/index.php\/2023\/12\/07\/la-corte-fallo-a-favor-de-luis-juez-y-sera-el-vigesimo-integrante-del-consejo-de-la-magistratura\/#primaryimage"},"image":{"@id":"https:\/\/apuntesdesanluis.com\/index.php\/2023\/12\/07\/la-corte-fallo-a-favor-de-luis-juez-y-sera-el-vigesimo-integrante-del-consejo-de-la-magistratura\/#primaryimage"},"thumbnailUrl":"https:\/\/apuntesdesanluis.com\/wp-content\/uploads\/2023\/12\/LUIS-JUEZ.png","datePublished":"2023-12-07T22:54:17+00:00","breadcrumb":{"@id":"https:\/\/apuntesdesanluis.com\/index.php\/2023\/12\/07\/la-corte-fallo-a-favor-de-luis-juez-y-sera-el-vigesimo-integrante-del-consejo-de-la-magistratura\/#breadcrumb"},"inLanguage":"es-AR","potentialAction":[{"@type":"ReadAction","target":["https:\/\/apuntesdesanluis.com\/index.php\/2023\/12\/07\/la-corte-fallo-a-favor-de-luis-juez-y-sera-el-vigesimo-integrante-del-consejo-de-la-magistratura\/"]}]},{"@type":"ImageObject","inLanguage":"es-AR","@id":"https:\/\/apuntesdesanluis.com\/index.php\/2023\/12\/07\/la-corte-fallo-a-favor-de-luis-juez-y-sera-el-vigesimo-integrante-del-consejo-de-la-magistratura\/#primaryimage","url":"https:\/\/apuntesdesanluis.com\/wp-content\/uploads\/2023\/12\/LUIS-JUEZ.png","contentUrl":"https:\/\/apuntesdesanluis.com\/wp-content\/uploads\/2023\/12\/LUIS-JUEZ.png","width":624,"height":374},{"@type":"BreadcrumbList","@id":"https:\/\/apuntesdesanluis.com\/index.php\/2023\/12\/07\/la-corte-fallo-a-favor-de-luis-juez-y-sera-el-vigesimo-integrante-del-consejo-de-la-magistratura\/#breadcrumb","itemListElement":[{"@type":"ListItem","position":1,"name":"Inicio","item":"https:\/\/apuntesdesanluis.com\/"},{"@type":"ListItem","position":2,"name":"LA CORTE FALL\u00d3 A FAVOR DE LUIS JUEZ Y SER\u00c1 EL VIG\u00c9SIMO INTEGRANTE DEL CONSEJO DE LA MAGISTRATURA"}]},{"@type":"WebSite","@id":"https:\/\/apuntesdesanluis.com\/#website","url":"https:\/\/apuntesdesanluis.com\/","name":"Apuntes de San Luis","description":"","publisher":{"@id":"https:\/\/apuntesdesanluis.com\/#\/schema\/person\/b55151d52296fcce64d1a72538a70b90"},"potentialAction":[{"@type":"SearchAction","target":{"@type":"EntryPoint","urlTemplate":"https:\/\/apuntesdesanluis.com\/?s={search_term_string}"},"query-input":{"@type":"PropertyValueSpecification","valueRequired":true,"valueName":"search_term_string"}}],"inLanguage":"es-AR"},{"@type":["Person","Organization"],"@id":"https:\/\/apuntesdesanluis.com\/#\/schema\/person\/b55151d52296fcce64d1a72538a70b90","name":"apuntesdesanluis.com","image":{"@type":"ImageObject","inLanguage":"es-AR","@id":"https:\/\/apuntesdesanluis.com\/#\/schema\/person\/image\/","url":"https:\/\/apuntesdesanluis.com\/wp-content\/uploads\/2023\/07\/cropped-apuntesdesanluis.png","contentUrl":"https:\/\/apuntesdesanluis.com\/wp-content\/uploads\/2023\/07\/cropped-apuntesdesanluis.png","width":450,"height":112,"caption":"apuntesdesanluis.com"},"logo":{"@id":"https:\/\/apuntesdesanluis.com\/#\/schema\/person\/image\/"},"sameAs":["https:\/\/apuntesdesanluis.com"],"url":"https:\/\/apuntesdesanluis.com\/index.php\/author\/apuntesdesanluis-com\/"}]}},"featured_image_urls":{"full":["https:\/\/apuntesdesanluis.com\/wp-content\/uploads\/2023\/12\/LUIS-JUEZ.png",624,374,false],"thumbnail":["https:\/\/apuntesdesanluis.com\/wp-content\/uploads\/2023\/12\/LUIS-JUEZ-150x150.png",150,150,true],"medium":["https:\/\/apuntesdesanluis.com\/wp-content\/uploads\/2023\/12\/LUIS-JUEZ-300x180.png",300,180,true],"medium_large":["https:\/\/apuntesdesanluis.com\/wp-content\/uploads\/2023\/12\/LUIS-JUEZ.png",624,374,false],"large":["https:\/\/apuntesdesanluis.com\/wp-content\/uploads\/2023\/12\/LUIS-JUEZ.png",624,374,false],"1536x1536":["https:\/\/apuntesdesanluis.com\/wp-content\/uploads\/2023\/12\/LUIS-JUEZ.png",624,374,false],"2048x2048":["https:\/\/apuntesdesanluis.com\/wp-content\/uploads\/2023\/12\/LUIS-JUEZ.png",624,374,false],"newsever-slider-full":["https:\/\/apuntesdesanluis.com\/wp-content\/uploads\/2023\/12\/LUIS-JUEZ.png",624,374,false],"newsever-featured":["https:\/\/apuntesdesanluis.com\/wp-content\/uploads\/2023\/12\/LUIS-JUEZ.png",624,374,false],"newsever-medium":["https:\/\/apuntesdesanluis.com\/wp-content\/uploads\/2023\/12\/LUIS-JUEZ.png",624,374,false]},"author_info":{"display_name":"apuntesdesanluis.com","author_link":"https:\/\/apuntesdesanluis.com\/index.php\/author\/apuntesdesanluis-com\/"},"category_info":"<a href=\"https:\/\/apuntesdesanluis.com\/index.php\/category\/nacionales-internacionales\/\" rel=\"category tag\">Nacionales\/Internacionales<\/a>","tag_info":"Nacionales\/Internacionales","comment_count":"0","_links":{"self":[{"href":"https:\/\/apuntesdesanluis.com\/index.php\/wp-json\/wp\/v2\/posts\/8020","targetHints":{"allow":["GET"]}}],"collection":[{"href":"https:\/\/apuntesdesanluis.com\/index.php\/wp-json\/wp\/v2\/posts"}],"about":[{"href":"https:\/\/apuntesdesanluis.com\/index.php\/wp-json\/wp\/v2\/types\/post"}],"author":[{"embeddable":true,"href":"https:\/\/apuntesdesanluis.com\/index.php\/wp-json\/wp\/v2\/users\/1"}],"replies":[{"embeddable":true,"href":"https:\/\/apuntesdesanluis.com\/index.php\/wp-json\/wp\/v2\/comments?post=8020"}],"version-history":[{"count":1,"href":"https:\/\/apuntesdesanluis.com\/index.php\/wp-json\/wp\/v2\/posts\/8020\/revisions"}],"predecessor-version":[{"id":8022,"href":"https:\/\/apuntesdesanluis.com\/index.php\/wp-json\/wp\/v2\/posts\/8020\/revisions\/8022"}],"wp:featuredmedia":[{"embeddable":true,"href":"https:\/\/apuntesdesanluis.com\/index.php\/wp-json\/wp\/v2\/media\/8021"}],"wp:attachment":[{"href":"https:\/\/apuntesdesanluis.com\/index.php\/wp-json\/wp\/v2\/media?parent=8020"}],"wp:term":[{"taxonomy":"category","embeddable":true,"href":"https:\/\/apuntesdesanluis.com\/index.php\/wp-json\/wp\/v2\/categories?post=8020"},{"taxonomy":"post_tag","embeddable":true,"href":"https:\/\/apuntesdesanluis.com\/index.php\/wp-json\/wp\/v2\/tags?post=8020"}],"curies":[{"name":"wp","href":"https:\/\/api.w.org\/{rel}","templated":true}]}}