{"id":8023,"date":"2023-12-07T20:16:12","date_gmt":"2023-12-07T23:16:12","guid":{"rendered":"https:\/\/apuntesdesanluis.com\/?p=8023"},"modified":"2023-12-07T20:20:57","modified_gmt":"2023-12-07T23:20:57","slug":"pateticas-miserabilidades","status":"publish","type":"post","link":"https:\/\/apuntesdesanluis.com\/index.php\/2023\/12\/07\/pateticas-miserabilidades\/","title":{"rendered":"PAT\u00c9TICAS MISERABILIDADES"},"content":{"rendered":"<h3>Por <span style=\"color: #000000;\"><strong><em>Adolfo Castro Luna *<\/em><\/strong><\/span><\/h3>\n<h3>La asunci\u00f3n de senadores provinciales en la Legislatura de San Luis es un acto democr\u00e1tico que se celebra del 1 al 10 de diciembre de cada a\u00f1o, en una sesi\u00f3n llamada &#8220;preparatoria&#8221;.<\/h3>\n<p><img fetchpriority=\"high\" decoding=\"async\" class=\"wp-image-8024 aligncenter\" src=\"https:\/\/apuntesdesanluis.com\/wp-content\/uploads\/2023\/12\/castro-luna-300x250.png\" alt=\"\" width=\"568\" height=\"473\" srcset=\"https:\/\/apuntesdesanluis.com\/wp-content\/uploads\/2023\/12\/castro-luna-300x250.png 300w, https:\/\/apuntesdesanluis.com\/wp-content\/uploads\/2023\/12\/castro-luna.png 466w\" sizes=\"(max-width: 568px) 100vw, 568px\" \/><\/p>\n<h3>En lo personal, la del a\u00f1o 2021 marc\u00f3 un hito en mi vida por varios motivos, pero principalmente por qu\u00e9 fue la \u00faltima vez que mi padre \u201cel Tato\u201d me pudo acompa\u00f1ar en un acto oficial. Es un momento hermoso para cada familiar amigo y militante.<\/h3>\n<h3>Sin embargo, este a\u00f1o, lo que deb\u00eda ser una fiesta democr\u00e1tica, fue convertida en un circo vergonzante, donde el vicegobernador saliente y los senadores de Alberto Rodr\u00edguez Sa\u00e1 que, en silencio, avalaron una bochornosa maniobra ante la mirada at\u00f3nita del p\u00fablico, mostraron la peor cara de su espacio pol\u00edtico, espacio al que el electorado de San Luis le dio la espalda en 4 elecciones consecutivas este a\u00f1o.<\/h3>\n<h3>No solo el vicegobernador descaradamente se hizo nombrar como empleado de la C\u00e1mara Alta (si, por primera vez en la historia de la democracia de San Luis un vicegobernador se hizo nombrar empleado del Senado, el mismo que pretendi\u00f3 ser nombrado juez del Superior Tribunal y luego se arrepinti\u00f3). Todo este escandaloso circo avalado por los senadores del oficialismo saliente. Sino que merecen un p\u00e1rrafo aparte los nombramientos de familiares y de los propios senadores salientes (si, incre\u00edblemente Camilli y Torrontegui se hicieron nombrar como secretarios del Senado, dado que antes, cuando el cuerpo era un club de amigos, exist\u00eda un acuerdo t\u00e1cito en el que los senadores que dejaban el cargo quedaban empleados de la c\u00e1mara por dos a\u00f1os).<\/h3>\n<h3>Todo esto fue pat\u00e9ticamente planeado y ejecutado el d\u00eda de hoy, cuando se dispusieron a jurar ellos mismos, ellos mismos que violando el reglamento interno votaron para que asumieran los nuevos senadores 4 d\u00edas antes de entrar en funciones, cort\u00e1ndole por 4 d\u00edas el mandato a los senadores salientes.<\/h3>\n<h3>No contentos con eso, mostrando la total falta de responsabilidad republicana que mostraron durante estos \u00faltimos 8 a\u00f1os, tampoco nos permitieron opinar por la configuraci\u00f3n de la nueva mesa directiva, la que nombra al presidente provisional de la C\u00e1mara, tercero en la l\u00ednea sucesoria de la gobernaci\u00f3n, al igual que en la C\u00e1mara de Diputados de la provincia, falt\u00e1ndole el respeto a las instituciones.<\/h3>\n<h3>Tanto Cristina Fern\u00e1ndez en 2015, como cuando asumi\u00f3 Mauricio Macri, como Alberto Fern\u00e1ndez, ahora ante el triunfo de Milei, todos se comportaron como estadistas y a pesar de seguir teniendo las mayor\u00edas en ambas c\u00e1maras, permitieron que las presidencias de diputados y la provisional del Senado de la Naci\u00f3n tuvieran el mismo color pol\u00edtico del gobierno entrante. Es l\u00f3gico, \u00bfC\u00f3mo pueden pretender tener alguien en la l\u00ednea de sucesi\u00f3n sin estar refrendado por el voto popular?<\/h3>\n<h3>El gobierno que se va no solo es antidemocr\u00e1tico, adem\u00e1s es incoherente y soberbio, al punto de creer que la provincia de San Luis les debe algo&#8230; De locos.<\/h3>\n<h3>\u00a0Seguramente, en la intimidad, deben seguir pregunt\u00e1ndose c\u00ednicamente: \u00bfpor qu\u00e9 la sociedad nos dio la espalda?. La respuesta la dan ellos mismos y no lo entienden. Ellos mismos destruyeron al sector privado de la provincia, por eso dejan un Estado dependiente en pr\u00e1cticamente 80% del gobierno nacional. Tal fue la destrucci\u00f3n de las empresas en la provincia, que ellos mismos no quieren invertir un solo peso obtenido del Estado en beneficiar el mismo Estado que por tantos a\u00f1os les permiti\u00f3 enriquecerse y gozar de privilegios escandalosos.<\/h3>\n<h3>Lo de hoy marca un fin de \u00e9poca de la peor manera, eligieron retirarse por la puerta chiquita de la historia de San Luis y as\u00ed ser\u00e1n recordados: como peque\u00f1os dirigentes sumidos en sus pat\u00e9ticas miserabilidades.<\/h3>\n<h3><em>* Senador Departamento Pedernera (Avanzar).<\/em><\/h3>\n","protected":false},"excerpt":{"rendered":"<p>Por Adolfo Castro Luna * La asunci\u00f3n de senadores provinciales en la Legislatura de San&#8230;<\/p>\n","protected":false},"author":1,"featured_media":8025,"comment_status":"closed","ping_status":"closed","sticky":false,"template":"","format":"standard","meta":{"footnotes":""},"categories":[9],"tags":[],"class_list":["post-8023","post","type-post","status-publish","format-standard","has-post-thumbnail","hentry","category-opinion"],"yoast_head":"<!-- This site is optimized with the Yoast SEO plugin v26.1.1 - https:\/\/yoast.com\/wordpress\/plugins\/seo\/ -->\n<title>PAT\u00c9TICAS MISERABILIDADES - Apuntes de San Luis<\/title>\n<meta name=\"robots\" content=\"index, follow, max-snippet:-1, max-image-preview:large, max-video-preview:-1\" \/>\n<link rel=\"canonical\" href=\"https:\/\/apuntesdesanluis.com\/index.php\/2023\/12\/07\/pateticas-miserabilidades\/\" \/>\n<meta property=\"og:locale\" content=\"es_ES\" \/>\n<meta property=\"og:type\" content=\"article\" \/>\n<meta property=\"og:title\" content=\"PAT\u00c9TICAS MISERABILIDADES - Apuntes de San Luis\" \/>\n<meta property=\"og:description\" content=\"Por Adolfo Castro Luna * La asunci\u00f3n de senadores provinciales en la Legislatura de San...\" \/>\n<meta property=\"og:url\" content=\"https:\/\/apuntesdesanluis.com\/index.php\/2023\/12\/07\/pateticas-miserabilidades\/\" \/>\n<meta property=\"og:site_name\" content=\"Apuntes de San Luis\" \/>\n<meta property=\"article:published_time\" content=\"2023-12-07T23:16:12+00:00\" \/>\n<meta property=\"article:modified_time\" content=\"2023-12-07T23:20:57+00:00\" \/>\n<meta property=\"og:image\" content=\"https:\/\/apuntesdesanluis.com\/wp-content\/uploads\/2023\/12\/mones-ruiz-y-torrontegui.png\" \/>\n\t<meta property=\"og:image:width\" content=\"827\" \/>\n\t<meta property=\"og:image:height\" content=\"471\" \/>\n\t<meta property=\"og:image:type\" content=\"image\/png\" \/>\n<meta name=\"author\" content=\"apuntesdesanluis.com\" \/>\n<meta name=\"twitter:card\" content=\"summary_large_image\" \/>\n<meta name=\"twitter:label1\" content=\"Escrito por\" \/>\n\t<meta name=\"twitter:data1\" content=\"apuntesdesanluis.com\" \/>\n\t<meta name=\"twitter:label2\" content=\"Tiempo de lectura\" \/>\n\t<meta name=\"twitter:data2\" content=\"4 minutos\" \/>\n<script type=\"application\/ld+json\" class=\"yoast-schema-graph\">{\"@context\":\"https:\/\/schema.org\",\"@graph\":[{\"@type\":\"Article\",\"@id\":\"https:\/\/apuntesdesanluis.com\/index.php\/2023\/12\/07\/pateticas-miserabilidades\/#article\",\"isPartOf\":{\"@id\":\"https:\/\/apuntesdesanluis.com\/index.php\/2023\/12\/07\/pateticas-miserabilidades\/\"},\"author\":{\"name\":\"apuntesdesanluis.com\",\"@id\":\"https:\/\/apuntesdesanluis.com\/#\/schema\/person\/b55151d52296fcce64d1a72538a70b90\"},\"headline\":\"PAT\u00c9TICAS MISERABILIDADES\",\"datePublished\":\"2023-12-07T23:16:12+00:00\",\"dateModified\":\"2023-12-07T23:20:57+00:00\",\"mainEntityOfPage\":{\"@id\":\"https:\/\/apuntesdesanluis.com\/index.php\/2023\/12\/07\/pateticas-miserabilidades\/\"},\"wordCount\":660,\"publisher\":{\"@id\":\"https:\/\/apuntesdesanluis.com\/#\/schema\/person\/b55151d52296fcce64d1a72538a70b90\"},\"image\":{\"@id\":\"https:\/\/apuntesdesanluis.com\/index.php\/2023\/12\/07\/pateticas-miserabilidades\/#primaryimage\"},\"thumbnailUrl\":\"https:\/\/apuntesdesanluis.com\/wp-content\/uploads\/2023\/12\/mones-ruiz-y-torrontegui.png\",\"articleSection\":[\"Opini\u00f3n\"],\"inLanguage\":\"es-AR\"},{\"@type\":\"WebPage\",\"@id\":\"https:\/\/apuntesdesanluis.com\/index.php\/2023\/12\/07\/pateticas-miserabilidades\/\",\"url\":\"https:\/\/apuntesdesanluis.com\/index.php\/2023\/12\/07\/pateticas-miserabilidades\/\",\"name\":\"PAT\u00c9TICAS MISERABILIDADES - Apuntes de San Luis\",\"isPartOf\":{\"@id\":\"https:\/\/apuntesdesanluis.com\/#website\"},\"primaryImageOfPage\":{\"@id\":\"https:\/\/apuntesdesanluis.com\/index.php\/2023\/12\/07\/pateticas-miserabilidades\/#primaryimage\"},\"image\":{\"@id\":\"https:\/\/apuntesdesanluis.com\/index.php\/2023\/12\/07\/pateticas-miserabilidades\/#primaryimage\"},\"thumbnailUrl\":\"https:\/\/apuntesdesanluis.com\/wp-content\/uploads\/2023\/12\/mones-ruiz-y-torrontegui.png\",\"datePublished\":\"2023-12-07T23:16:12+00:00\",\"dateModified\":\"2023-12-07T23:20:57+00:00\",\"breadcrumb\":{\"@id\":\"https:\/\/apuntesdesanluis.com\/index.php\/2023\/12\/07\/pateticas-miserabilidades\/#breadcrumb\"},\"inLanguage\":\"es-AR\",\"potentialAction\":[{\"@type\":\"ReadAction\",\"target\":[\"https:\/\/apuntesdesanluis.com\/index.php\/2023\/12\/07\/pateticas-miserabilidades\/\"]}]},{\"@type\":\"ImageObject\",\"inLanguage\":\"es-AR\",\"@id\":\"https:\/\/apuntesdesanluis.com\/index.php\/2023\/12\/07\/pateticas-miserabilidades\/#primaryimage\",\"url\":\"https:\/\/apuntesdesanluis.com\/wp-content\/uploads\/2023\/12\/mones-ruiz-y-torrontegui.png\",\"contentUrl\":\"https:\/\/apuntesdesanluis.com\/wp-content\/uploads\/2023\/12\/mones-ruiz-y-torrontegui.png\",\"width\":827,\"height\":471},{\"@type\":\"BreadcrumbList\",\"@id\":\"https:\/\/apuntesdesanluis.com\/index.php\/2023\/12\/07\/pateticas-miserabilidades\/#breadcrumb\",\"itemListElement\":[{\"@type\":\"ListItem\",\"position\":1,\"name\":\"Inicio\",\"item\":\"https:\/\/apuntesdesanluis.com\/\"},{\"@type\":\"ListItem\",\"position\":2,\"name\":\"PAT\u00c9TICAS MISERABILIDADES\"}]},{\"@type\":\"WebSite\",\"@id\":\"https:\/\/apuntesdesanluis.com\/#website\",\"url\":\"https:\/\/apuntesdesanluis.com\/\",\"name\":\"Apuntes de San Luis\",\"description\":\"\",\"publisher\":{\"@id\":\"https:\/\/apuntesdesanluis.com\/#\/schema\/person\/b55151d52296fcce64d1a72538a70b90\"},\"potentialAction\":[{\"@type\":\"SearchAction\",\"target\":{\"@type\":\"EntryPoint\",\"urlTemplate\":\"https:\/\/apuntesdesanluis.com\/?s={search_term_string}\"},\"query-input\":{\"@type\":\"PropertyValueSpecification\",\"valueRequired\":true,\"valueName\":\"search_term_string\"}}],\"inLanguage\":\"es-AR\"},{\"@type\":[\"Person\",\"Organization\"],\"@id\":\"https:\/\/apuntesdesanluis.com\/#\/schema\/person\/b55151d52296fcce64d1a72538a70b90\",\"name\":\"apuntesdesanluis.com\",\"image\":{\"@type\":\"ImageObject\",\"inLanguage\":\"es-AR\",\"@id\":\"https:\/\/apuntesdesanluis.com\/#\/schema\/person\/image\/\",\"url\":\"https:\/\/apuntesdesanluis.com\/wp-content\/uploads\/2023\/07\/cropped-apuntesdesanluis.png\",\"contentUrl\":\"https:\/\/apuntesdesanluis.com\/wp-content\/uploads\/2023\/07\/cropped-apuntesdesanluis.png\",\"width\":450,\"height\":112,\"caption\":\"apuntesdesanluis.com\"},\"logo\":{\"@id\":\"https:\/\/apuntesdesanluis.com\/#\/schema\/person\/image\/\"},\"sameAs\":[\"https:\/\/apuntesdesanluis.com\"],\"url\":\"https:\/\/apuntesdesanluis.com\/index.php\/author\/apuntesdesanluis-com\/\"}]}<\/script>\n<!-- \/ Yoast SEO plugin. -->","yoast_head_json":{"title":"PAT\u00c9TICAS MISERABILIDADES - Apuntes de San Luis","robots":{"index":"index","follow":"follow","max-snippet":"max-snippet:-1","max-image-preview":"max-image-preview:large","max-video-preview":"max-video-preview:-1"},"canonical":"https:\/\/apuntesdesanluis.com\/index.php\/2023\/12\/07\/pateticas-miserabilidades\/","og_locale":"es_ES","og_type":"article","og_title":"PAT\u00c9TICAS MISERABILIDADES - Apuntes de San Luis","og_description":"Por Adolfo Castro Luna * La asunci\u00f3n de senadores provinciales en la Legislatura de San...","og_url":"https:\/\/apuntesdesanluis.com\/index.php\/2023\/12\/07\/pateticas-miserabilidades\/","og_site_name":"Apuntes de San Luis","article_published_time":"2023-12-07T23:16:12+00:00","article_modified_time":"2023-12-07T23:20:57+00:00","og_image":[{"width":827,"height":471,"url":"https:\/\/apuntesdesanluis.com\/wp-content\/uploads\/2023\/12\/mones-ruiz-y-torrontegui.png","type":"image\/png"}],"author":"apuntesdesanluis.com","twitter_card":"summary_large_image","twitter_misc":{"Escrito por":"apuntesdesanluis.com","Tiempo de lectura":"4 minutos"},"schema":{"@context":"https:\/\/schema.org","@graph":[{"@type":"Article","@id":"https:\/\/apuntesdesanluis.com\/index.php\/2023\/12\/07\/pateticas-miserabilidades\/#article","isPartOf":{"@id":"https:\/\/apuntesdesanluis.com\/index.php\/2023\/12\/07\/pateticas-miserabilidades\/"},"author":{"name":"apuntesdesanluis.com","@id":"https:\/\/apuntesdesanluis.com\/#\/schema\/person\/b55151d52296fcce64d1a72538a70b90"},"headline":"PAT\u00c9TICAS MISERABILIDADES","datePublished":"2023-12-07T23:16:12+00:00","dateModified":"2023-12-07T23:20:57+00:00","mainEntityOfPage":{"@id":"https:\/\/apuntesdesanluis.com\/index.php\/2023\/12\/07\/pateticas-miserabilidades\/"},"wordCount":660,"publisher":{"@id":"https:\/\/apuntesdesanluis.com\/#\/schema\/person\/b55151d52296fcce64d1a72538a70b90"},"image":{"@id":"https:\/\/apuntesdesanluis.com\/index.php\/2023\/12\/07\/pateticas-miserabilidades\/#primaryimage"},"thumbnailUrl":"https:\/\/apuntesdesanluis.com\/wp-content\/uploads\/2023\/12\/mones-ruiz-y-torrontegui.png","articleSection":["Opini\u00f3n"],"inLanguage":"es-AR"},{"@type":"WebPage","@id":"https:\/\/apuntesdesanluis.com\/index.php\/2023\/12\/07\/pateticas-miserabilidades\/","url":"https:\/\/apuntesdesanluis.com\/index.php\/2023\/12\/07\/pateticas-miserabilidades\/","name":"PAT\u00c9TICAS MISERABILIDADES - Apuntes de San Luis","isPartOf":{"@id":"https:\/\/apuntesdesanluis.com\/#website"},"primaryImageOfPage":{"@id":"https:\/\/apuntesdesanluis.com\/index.php\/2023\/12\/07\/pateticas-miserabilidades\/#primaryimage"},"image":{"@id":"https:\/\/apuntesdesanluis.com\/index.php\/2023\/12\/07\/pateticas-miserabilidades\/#primaryimage"},"thumbnailUrl":"https:\/\/apuntesdesanluis.com\/wp-content\/uploads\/2023\/12\/mones-ruiz-y-torrontegui.png","datePublished":"2023-12-07T23:16:12+00:00","dateModified":"2023-12-07T23:20:57+00:00","breadcrumb":{"@id":"https:\/\/apuntesdesanluis.com\/index.php\/2023\/12\/07\/pateticas-miserabilidades\/#breadcrumb"},"inLanguage":"es-AR","potentialAction":[{"@type":"ReadAction","target":["https:\/\/apuntesdesanluis.com\/index.php\/2023\/12\/07\/pateticas-miserabilidades\/"]}]},{"@type":"ImageObject","inLanguage":"es-AR","@id":"https:\/\/apuntesdesanluis.com\/index.php\/2023\/12\/07\/pateticas-miserabilidades\/#primaryimage","url":"https:\/\/apuntesdesanluis.com\/wp-content\/uploads\/2023\/12\/mones-ruiz-y-torrontegui.png","contentUrl":"https:\/\/apuntesdesanluis.com\/wp-content\/uploads\/2023\/12\/mones-ruiz-y-torrontegui.png","width":827,"height":471},{"@type":"BreadcrumbList","@id":"https:\/\/apuntesdesanluis.com\/index.php\/2023\/12\/07\/pateticas-miserabilidades\/#breadcrumb","itemListElement":[{"@type":"ListItem","position":1,"name":"Inicio","item":"https:\/\/apuntesdesanluis.com\/"},{"@type":"ListItem","position":2,"name":"PAT\u00c9TICAS MISERABILIDADES"}]},{"@type":"WebSite","@id":"https:\/\/apuntesdesanluis.com\/#website","url":"https:\/\/apuntesdesanluis.com\/","name":"Apuntes de San Luis","description":"","publisher":{"@id":"https:\/\/apuntesdesanluis.com\/#\/schema\/person\/b55151d52296fcce64d1a72538a70b90"},"potentialAction":[{"@type":"SearchAction","target":{"@type":"EntryPoint","urlTemplate":"https:\/\/apuntesdesanluis.com\/?s={search_term_string}"},"query-input":{"@type":"PropertyValueSpecification","valueRequired":true,"valueName":"search_term_string"}}],"inLanguage":"es-AR"},{"@type":["Person","Organization"],"@id":"https:\/\/apuntesdesanluis.com\/#\/schema\/person\/b55151d52296fcce64d1a72538a70b90","name":"apuntesdesanluis.com","image":{"@type":"ImageObject","inLanguage":"es-AR","@id":"https:\/\/apuntesdesanluis.com\/#\/schema\/person\/image\/","url":"https:\/\/apuntesdesanluis.com\/wp-content\/uploads\/2023\/07\/cropped-apuntesdesanluis.png","contentUrl":"https:\/\/apuntesdesanluis.com\/wp-content\/uploads\/2023\/07\/cropped-apuntesdesanluis.png","width":450,"height":112,"caption":"apuntesdesanluis.com"},"logo":{"@id":"https:\/\/apuntesdesanluis.com\/#\/schema\/person\/image\/"},"sameAs":["https:\/\/apuntesdesanluis.com"],"url":"https:\/\/apuntesdesanluis.com\/index.php\/author\/apuntesdesanluis-com\/"}]}},"featured_image_urls":{"full":["https:\/\/apuntesdesanluis.com\/wp-content\/uploads\/2023\/12\/mones-ruiz-y-torrontegui.png",827,471,false],"thumbnail":["https:\/\/apuntesdesanluis.com\/wp-content\/uploads\/2023\/12\/mones-ruiz-y-torrontegui-150x150.png",150,150,true],"medium":["https:\/\/apuntesdesanluis.com\/wp-content\/uploads\/2023\/12\/mones-ruiz-y-torrontegui-300x171.png",300,171,true],"medium_large":["https:\/\/apuntesdesanluis.com\/wp-content\/uploads\/2023\/12\/mones-ruiz-y-torrontegui-768x437.png",640,364,true],"large":["https:\/\/apuntesdesanluis.com\/wp-content\/uploads\/2023\/12\/mones-ruiz-y-torrontegui.png",640,364,false],"1536x1536":["https:\/\/apuntesdesanluis.com\/wp-content\/uploads\/2023\/12\/mones-ruiz-y-torrontegui.png",827,471,false],"2048x2048":["https:\/\/apuntesdesanluis.com\/wp-content\/uploads\/2023\/12\/mones-ruiz-y-torrontegui.png",827,471,false],"newsever-slider-full":["https:\/\/apuntesdesanluis.com\/wp-content\/uploads\/2023\/12\/mones-ruiz-y-torrontegui.png",827,471,false],"newsever-featured":["https:\/\/apuntesdesanluis.com\/wp-content\/uploads\/2023\/12\/mones-ruiz-y-torrontegui.png",827,471,false],"newsever-medium":["https:\/\/apuntesdesanluis.com\/wp-content\/uploads\/2023\/12\/mones-ruiz-y-torrontegui-720x471.png",720,471,true]},"author_info":{"display_name":"apuntesdesanluis.com","author_link":"https:\/\/apuntesdesanluis.com\/index.php\/author\/apuntesdesanluis-com\/"},"category_info":"<a href=\"https:\/\/apuntesdesanluis.com\/index.php\/category\/opinion\/\" rel=\"category tag\">Opini\u00f3n<\/a>","tag_info":"Opini\u00f3n","comment_count":"0","_links":{"self":[{"href":"https:\/\/apuntesdesanluis.com\/index.php\/wp-json\/wp\/v2\/posts\/8023","targetHints":{"allow":["GET"]}}],"collection":[{"href":"https:\/\/apuntesdesanluis.com\/index.php\/wp-json\/wp\/v2\/posts"}],"about":[{"href":"https:\/\/apuntesdesanluis.com\/index.php\/wp-json\/wp\/v2\/types\/post"}],"author":[{"embeddable":true,"href":"https:\/\/apuntesdesanluis.com\/index.php\/wp-json\/wp\/v2\/users\/1"}],"replies":[{"embeddable":true,"href":"https:\/\/apuntesdesanluis.com\/index.php\/wp-json\/wp\/v2\/comments?post=8023"}],"version-history":[{"count":5,"href":"https:\/\/apuntesdesanluis.com\/index.php\/wp-json\/wp\/v2\/posts\/8023\/revisions"}],"predecessor-version":[{"id":8030,"href":"https:\/\/apuntesdesanluis.com\/index.php\/wp-json\/wp\/v2\/posts\/8023\/revisions\/8030"}],"wp:featuredmedia":[{"embeddable":true,"href":"https:\/\/apuntesdesanluis.com\/index.php\/wp-json\/wp\/v2\/media\/8025"}],"wp:attachment":[{"href":"https:\/\/apuntesdesanluis.com\/index.php\/wp-json\/wp\/v2\/media?parent=8023"}],"wp:term":[{"taxonomy":"category","embeddable":true,"href":"https:\/\/apuntesdesanluis.com\/index.php\/wp-json\/wp\/v2\/categories?post=8023"},{"taxonomy":"post_tag","embeddable":true,"href":"https:\/\/apuntesdesanluis.com\/index.php\/wp-json\/wp\/v2\/tags?post=8023"}],"curies":[{"name":"wp","href":"https:\/\/api.w.org\/{rel}","templated":true}]}}