{"id":8031,"date":"2023-12-07T21:24:26","date_gmt":"2023-12-08T00:24:26","guid":{"rendered":"https:\/\/apuntesdesanluis.com\/?p=8031"},"modified":"2023-12-07T21:31:51","modified_gmt":"2023-12-08T00:31:51","slug":"otra-mancha-mas-al-tigre-que-ya-parece-una-pantera","status":"publish","type":"post","link":"https:\/\/apuntesdesanluis.com\/index.php\/2023\/12\/07\/otra-mancha-mas-al-tigre-que-ya-parece-una-pantera\/","title":{"rendered":"OTRA MANCHA M\u00c1S AL TIGRE, QUE YA PARECE UNA PANTERA \u2026"},"content":{"rendered":"<h3>Como si la bochornosa sesi\u00f3n del martes 5 en la <strong>C\u00e1mara de Diputados<\/strong> no fuera suficiente, este jueves en el Senado de la provincia se vivi\u00f3 algo peor: el oficialismo hizo votar irregularmente las autoridades del cuerpo, entre los cuales figuran la propia ex presidenta del bloque, <strong>Ang\u00e9lica Torrontegui<\/strong>, y el senador <strong>Daniel Camilli<\/strong>, que cumplieron su mandato, y un senador del PJ como Presidente Provisional.<\/h3>\n<h3>Un observador atento lo describi\u00f3 en pocas palabras: \u201cEn San Luis estamos en el mundo del rev\u00e9s: el partido que perdi\u00f3 las elecciones es quien designa las autoridades\u201d.<\/h3>\n<h3>En la sesi\u00f3n preparatoria de este jueves 7 prestaron juramento los cinco legisladores electos el 11 de junio. Ellos son <strong>Mart\u00edn Olivero<\/strong> (Departamento Pueyrred\u00f3n), <strong>Sergio Guardia<\/strong> (Jun\u00edn), <strong>Alejandro Torres<\/strong> (Pringles), <strong>Hugo Olgu\u00edn<\/strong> (Chacabuco) y <strong>Sergio Moreira<\/strong> (Dupuy).<\/h3>\n<h3>Tal como ocurre en muchos \u00f3rganos legislativos, se jura unos d\u00edas antes, pero la asunci\u00f3n y el efectivo comienzo de mandato se inicia el 10 de diciembre, cuando concluye el per\u00edodo de los salientes.<\/h3>\n<h3>En nuestra provincia, sin embargo, se sent\u00f3 un irregular y extra\u00f1o precedente: quienes juraron se sentaron y comenzaron su mandato antes de tiempo.<\/h3>\n<h3>Tras cumplir con el juramento estall\u00f3 la pol\u00e9mica. El Bloque <strong>Cambia San Luis<\/strong> cuestion\u00f3 la decisi\u00f3n impulsada por el presidente del cuerpo, <strong>Eduardo Mones Ruiz<\/strong>, quien hizo votar a los nuevos senadores las autoridades del cuerpo, a pesar que el mandato de los mismos comienza tres d\u00edas m\u00e1s tarde\u2026.<\/h3>\n<h3>La moci\u00f3n fue rechazada por el jefe del bloque opositor, <strong>Sergio Guardia<\/strong>, quien junto a sus pares <strong>Mart\u00edn Olivero<\/strong> y <strong>Adolfo Castro Luna<\/strong> se retiraron del recinto para no convalidar la elecci\u00f3n. Antes se hab\u00eda ido incluso el senador del PJ <strong>Diego Garc\u00eda<\/strong>, en franco desacuerdo con la actitud asumida por sus pares.<\/h3>\n<h3>Finalmente el bloque del gobernador saliente impuso a <strong>Sergio Moreira<\/strong> en la presidencia provisional, que lo deja en la l\u00ednea de sucesi\u00f3n institucional. En la vicepresidencia primera fue designada <strong>Mariana Cruz<\/strong> y como vice segundo, <strong>Hugo Olgu\u00edn<\/strong>.<\/h3>\n<h3>La presidenta del PJ, <strong>Mar\u00eda Ang\u00e9lica Torrontegui<\/strong>, que no logr\u00f3 la reelecci\u00f3n por el departamento Pueyrred\u00f3n y dejar\u00e1 despu\u00e9s de 12 a\u00f1os la banca, se garantiz\u00f3 continuar en un cargo como Prosecretaria Parlamentaria; en tanto que <strong>Daniel Camilli<\/strong>, que termina su mandato el 10 de diciembre, tambi\u00e9n seguir\u00e1 como funcionario a cargo de la secretar\u00eda Administrativa. Adem\u00e1s, <strong>Yesica Rojo<\/strong> ser\u00e1 la Secretaria Legislativa y <strong>Sof\u00eda Aguilera<\/strong> Prosecretaria Administrativa.<\/h3>\n<h3>D\u00edas antes ya se hab\u00eda nombrado a s\u00ed mismo como Asesor Legal a partir del domingo 10 de diciembre, el propio vicegobernador <strong>Eduardo Mones Ruiz<\/strong>, quien dijo estar \u201cmuy contento\u201d por la auto-designaci\u00f3n.<\/h3>\n<h3>El senador de Jun\u00edn <strong>Sergio Guardia<\/strong>, expres\u00f3 su indignaci\u00f3n por lo ocurrido en la escandalosa sesi\u00f3n, ante la presencia de familiares y amigos, que nunca imaginaron que la sesi\u00f3n se convertir\u00eda en un cambalache.<\/h3>\n<p>&nbsp;<\/p>\n<p><a href=\"https:\/\/www.facebook.com\/watch?ref=search&amp;v=378462924644232&amp;external_log_id=07506cd8-b9c4-4db2-8a01-26eda1cd42ea&amp;q=senadores%20del%20%C2%B4pj%20san%20luis\" target=\"_blank\" rel=\"noopener\"><img fetchpriority=\"high\" decoding=\"async\" class=\"wp-image-8033 aligncenter\" src=\"https:\/\/apuntesdesanluis.com\/wp-content\/uploads\/2023\/12\/sergio-guardia-300x164.png\" alt=\"\" width=\"708\" height=\"387\" srcset=\"https:\/\/apuntesdesanluis.com\/wp-content\/uploads\/2023\/12\/sergio-guardia-300x164.png 300w, https:\/\/apuntesdesanluis.com\/wp-content\/uploads\/2023\/12\/sergio-guardia.png 600w\" sizes=\"(max-width: 708px) 100vw, 708px\" \/><\/a><\/p>\n<h3><\/h3>\n<h3><strong>ANTECEDENTE<\/strong><\/h3>\n<h3>A mediados de noviembre en el Senado el bloque oficialista avanz\u00f3 con la cobertura de puestos en la estructura de 53 nuevos cargos creados bajo la pol\u00e9mica Ley N\u00ba XV-1104 -2023 que promovi\u00f3 el gobernador Alberto Rodr\u00edguez Sa\u00e1. Aquella vez designaron a <strong>Juan Pablo Carrizo Torrontegui<\/strong>, hijo de la senadora Mar\u00eda Ang\u00e9lica Torrontegui, que cumplir\u00e1 funciones como director de comisi\u00f3n con un sueldo de alrededor de $1 mill\u00f3n.<\/h3>\n<h3>El propietario del Hotel Huarpes es el segundo hijo de la legisladora albertista y presidenta del Partido Justicialista que ingresa al Senado. Otra hija, <strong>Celina Carrizo Torrontegui<\/strong>, es empleada en planta permanente y en la actualidad es funcionaria como Asesora Legal.<\/h3>\n<h3>En el cuerpo de 53 funcionarios tambi\u00e9n fue nombrada la exsecretaria administrativa, <strong>Valentina Morel<\/strong>, hermana de la expresidenta del PJ y actual defensora adjunta, <strong>Eva Morel<\/strong>, que hab\u00eda sido designada hace poco como directora de comisi\u00f3n y fue promovida a coordinadora de comisi\u00f3n en un cargo que a\u00fan no lleg\u00f3 a ejercer. Otra designaci\u00f3n en el mismo staff fue la de <strong>Ana Laura Tolino<\/strong>.<\/h3>\n<h3>Ya hab\u00edan sido nombrados en la planta de funcionarios <strong>Narciso Rub\u00e9n S\u00e1nchez<\/strong> y <strong>Nadina Elena Cruz<\/strong>, esposo e hija de la senadora <strong>Mariana Cruz<\/strong> del departamento San Mart\u00edn. Los otros dos que fueron incorporados fueron <strong>Anal\u00eda Mercedes Alegre<\/strong> y <strong>Evangelina del Valle Torres<\/strong>.<\/h3>\n<h3>La actual jefa de Prensa del Senado, <strong>Viviana Antonucci<\/strong>, pas\u00f3 al \u00e1rea de Personal.<\/h3>\n<h3>Las pol\u00e9micas designaciones se suman a otras que se concretaron en la misma sesi\u00f3n y en otras anteriores para ocupar los cargos creados por la reforma de la estructura funcional de la Legislatura, como la de <strong>Mar\u00eda Fernanda Barroso<\/strong>, <strong>pareja del senador Daniel Camilli, y su hermano, Miguel \u00c1ngel, <\/strong>como director operativo contable; y<strong> Juan Pablo Olgu\u00edn, <\/strong>hijo del senador electo por Chacabuco, <strong>Hugo Omar Olgu\u00edn<\/strong>.<\/h3>\n<h3>La familia es lo primero\u2026<\/h3>\n<p>&nbsp;<\/p>\n<h3><strong>NOTICIA RELACIONADA:\u00a0<\/strong><\/h3>\n<p><a href=\"https:\/\/apuntesdesanluis.com\/index.php\/2023\/12\/05\/fallo-el-manazo-el-oficialismo-no-pudo-quedarse-con-el-tercer-lugar-de-la-sucesion-provincial\/\" target=\"_blank\" rel=\"noopener\"><img decoding=\"async\" class=\"alignnone wp-image-8034\" src=\"https:\/\/apuntesdesanluis.com\/wp-content\/uploads\/2023\/12\/MANAZO-300x232.png\" alt=\"\" width=\"522\" height=\"404\" srcset=\"https:\/\/apuntesdesanluis.com\/wp-content\/uploads\/2023\/12\/MANAZO-300x232.png 300w, https:\/\/apuntesdesanluis.com\/wp-content\/uploads\/2023\/12\/MANAZO.png 500w\" sizes=\"(max-width: 522px) 100vw, 522px\" \/><\/a><\/p>\n<p>&nbsp;<\/p>\n<p>&nbsp;<\/p>\n<p>&nbsp;<\/p>\n","protected":false},"excerpt":{"rendered":"<p>Como si la bochornosa sesi\u00f3n del martes 5 en la C\u00e1mara de Diputados no fuera&#8230;<\/p>\n","protected":false},"author":1,"featured_media":8035,"comment_status":"closed","ping_status":"closed","sticky":false,"template":"","format":"standard","meta":{"footnotes":""},"categories":[6],"tags":[],"class_list":["post-8031","post","type-post","status-publish","format-standard","has-post-thumbnail","hentry","category-ciudad-provincia"],"yoast_head":"<!-- This site is optimized with the Yoast SEO plugin v26.1.1 - https:\/\/yoast.com\/wordpress\/plugins\/seo\/ -->\n<title>OTRA MANCHA M\u00c1S AL TIGRE, QUE YA PARECE UNA PANTERA \u2026 - Apuntes de San Luis<\/title>\n<meta name=\"robots\" content=\"index, follow, max-snippet:-1, max-image-preview:large, max-video-preview:-1\" \/>\n<link rel=\"canonical\" href=\"https:\/\/apuntesdesanluis.com\/index.php\/2023\/12\/07\/otra-mancha-mas-al-tigre-que-ya-parece-una-pantera\/\" \/>\n<meta property=\"og:locale\" content=\"es_ES\" \/>\n<meta property=\"og:type\" content=\"article\" \/>\n<meta property=\"og:title\" content=\"OTRA MANCHA M\u00c1S AL TIGRE, QUE YA PARECE UNA PANTERA \u2026 - Apuntes de San Luis\" \/>\n<meta property=\"og:description\" content=\"Como si la bochornosa sesi\u00f3n del martes 5 en la C\u00e1mara de Diputados no fuera...\" \/>\n<meta property=\"og:url\" content=\"https:\/\/apuntesdesanluis.com\/index.php\/2023\/12\/07\/otra-mancha-mas-al-tigre-que-ya-parece-una-pantera\/\" \/>\n<meta property=\"og:site_name\" content=\"Apuntes de San Luis\" \/>\n<meta property=\"article:published_time\" content=\"2023-12-08T00:24:26+00:00\" \/>\n<meta property=\"article:modified_time\" content=\"2023-12-08T00:31:51+00:00\" \/>\n<meta property=\"og:image\" content=\"https:\/\/apuntesdesanluis.com\/wp-content\/uploads\/2023\/12\/SENADO.png\" \/>\n\t<meta property=\"og:image:width\" content=\"600\" \/>\n\t<meta property=\"og:image:height\" content=\"370\" \/>\n\t<meta property=\"og:image:type\" content=\"image\/png\" \/>\n<meta name=\"author\" content=\"apuntesdesanluis.com\" \/>\n<meta name=\"twitter:card\" content=\"summary_large_image\" \/>\n<meta name=\"twitter:label1\" content=\"Escrito por\" \/>\n\t<meta name=\"twitter:data1\" content=\"apuntesdesanluis.com\" \/>\n\t<meta name=\"twitter:label2\" content=\"Tiempo de lectura\" \/>\n\t<meta name=\"twitter:data2\" content=\"4 minutos\" \/>\n<script type=\"application\/ld+json\" class=\"yoast-schema-graph\">{\"@context\":\"https:\/\/schema.org\",\"@graph\":[{\"@type\":\"Article\",\"@id\":\"https:\/\/apuntesdesanluis.com\/index.php\/2023\/12\/07\/otra-mancha-mas-al-tigre-que-ya-parece-una-pantera\/#article\",\"isPartOf\":{\"@id\":\"https:\/\/apuntesdesanluis.com\/index.php\/2023\/12\/07\/otra-mancha-mas-al-tigre-que-ya-parece-una-pantera\/\"},\"author\":{\"name\":\"apuntesdesanluis.com\",\"@id\":\"https:\/\/apuntesdesanluis.com\/#\/schema\/person\/b55151d52296fcce64d1a72538a70b90\"},\"headline\":\"OTRA MANCHA M\u00c1S AL TIGRE, QUE YA PARECE UNA PANTERA \u2026\",\"datePublished\":\"2023-12-08T00:24:26+00:00\",\"dateModified\":\"2023-12-08T00:31:51+00:00\",\"mainEntityOfPage\":{\"@id\":\"https:\/\/apuntesdesanluis.com\/index.php\/2023\/12\/07\/otra-mancha-mas-al-tigre-que-ya-parece-una-pantera\/\"},\"wordCount\":837,\"publisher\":{\"@id\":\"https:\/\/apuntesdesanluis.com\/#\/schema\/person\/b55151d52296fcce64d1a72538a70b90\"},\"image\":{\"@id\":\"https:\/\/apuntesdesanluis.com\/index.php\/2023\/12\/07\/otra-mancha-mas-al-tigre-que-ya-parece-una-pantera\/#primaryimage\"},\"thumbnailUrl\":\"https:\/\/apuntesdesanluis.com\/wp-content\/uploads\/2023\/12\/SENADO.png\",\"articleSection\":[\"Ciudad\/Provincia\"],\"inLanguage\":\"es-AR\"},{\"@type\":\"WebPage\",\"@id\":\"https:\/\/apuntesdesanluis.com\/index.php\/2023\/12\/07\/otra-mancha-mas-al-tigre-que-ya-parece-una-pantera\/\",\"url\":\"https:\/\/apuntesdesanluis.com\/index.php\/2023\/12\/07\/otra-mancha-mas-al-tigre-que-ya-parece-una-pantera\/\",\"name\":\"OTRA MANCHA M\u00c1S AL TIGRE, QUE YA PARECE UNA PANTERA \u2026 - Apuntes de San Luis\",\"isPartOf\":{\"@id\":\"https:\/\/apuntesdesanluis.com\/#website\"},\"primaryImageOfPage\":{\"@id\":\"https:\/\/apuntesdesanluis.com\/index.php\/2023\/12\/07\/otra-mancha-mas-al-tigre-que-ya-parece-una-pantera\/#primaryimage\"},\"image\":{\"@id\":\"https:\/\/apuntesdesanluis.com\/index.php\/2023\/12\/07\/otra-mancha-mas-al-tigre-que-ya-parece-una-pantera\/#primaryimage\"},\"thumbnailUrl\":\"https:\/\/apuntesdesanluis.com\/wp-content\/uploads\/2023\/12\/SENADO.png\",\"datePublished\":\"2023-12-08T00:24:26+00:00\",\"dateModified\":\"2023-12-08T00:31:51+00:00\",\"breadcrumb\":{\"@id\":\"https:\/\/apuntesdesanluis.com\/index.php\/2023\/12\/07\/otra-mancha-mas-al-tigre-que-ya-parece-una-pantera\/#breadcrumb\"},\"inLanguage\":\"es-AR\",\"potentialAction\":[{\"@type\":\"ReadAction\",\"target\":[\"https:\/\/apuntesdesanluis.com\/index.php\/2023\/12\/07\/otra-mancha-mas-al-tigre-que-ya-parece-una-pantera\/\"]}]},{\"@type\":\"ImageObject\",\"inLanguage\":\"es-AR\",\"@id\":\"https:\/\/apuntesdesanluis.com\/index.php\/2023\/12\/07\/otra-mancha-mas-al-tigre-que-ya-parece-una-pantera\/#primaryimage\",\"url\":\"https:\/\/apuntesdesanluis.com\/wp-content\/uploads\/2023\/12\/SENADO.png\",\"contentUrl\":\"https:\/\/apuntesdesanluis.com\/wp-content\/uploads\/2023\/12\/SENADO.png\",\"width\":600,\"height\":370},{\"@type\":\"BreadcrumbList\",\"@id\":\"https:\/\/apuntesdesanluis.com\/index.php\/2023\/12\/07\/otra-mancha-mas-al-tigre-que-ya-parece-una-pantera\/#breadcrumb\",\"itemListElement\":[{\"@type\":\"ListItem\",\"position\":1,\"name\":\"Inicio\",\"item\":\"https:\/\/apuntesdesanluis.com\/\"},{\"@type\":\"ListItem\",\"position\":2,\"name\":\"OTRA MANCHA M\u00c1S AL TIGRE, QUE YA PARECE UNA PANTERA \u2026\"}]},{\"@type\":\"WebSite\",\"@id\":\"https:\/\/apuntesdesanluis.com\/#website\",\"url\":\"https:\/\/apuntesdesanluis.com\/\",\"name\":\"Apuntes de San Luis\",\"description\":\"\",\"publisher\":{\"@id\":\"https:\/\/apuntesdesanluis.com\/#\/schema\/person\/b55151d52296fcce64d1a72538a70b90\"},\"potentialAction\":[{\"@type\":\"SearchAction\",\"target\":{\"@type\":\"EntryPoint\",\"urlTemplate\":\"https:\/\/apuntesdesanluis.com\/?s={search_term_string}\"},\"query-input\":{\"@type\":\"PropertyValueSpecification\",\"valueRequired\":true,\"valueName\":\"search_term_string\"}}],\"inLanguage\":\"es-AR\"},{\"@type\":[\"Person\",\"Organization\"],\"@id\":\"https:\/\/apuntesdesanluis.com\/#\/schema\/person\/b55151d52296fcce64d1a72538a70b90\",\"name\":\"apuntesdesanluis.com\",\"image\":{\"@type\":\"ImageObject\",\"inLanguage\":\"es-AR\",\"@id\":\"https:\/\/apuntesdesanluis.com\/#\/schema\/person\/image\/\",\"url\":\"https:\/\/apuntesdesanluis.com\/wp-content\/uploads\/2023\/07\/cropped-apuntesdesanluis.png\",\"contentUrl\":\"https:\/\/apuntesdesanluis.com\/wp-content\/uploads\/2023\/07\/cropped-apuntesdesanluis.png\",\"width\":450,\"height\":112,\"caption\":\"apuntesdesanluis.com\"},\"logo\":{\"@id\":\"https:\/\/apuntesdesanluis.com\/#\/schema\/person\/image\/\"},\"sameAs\":[\"https:\/\/apuntesdesanluis.com\"],\"url\":\"https:\/\/apuntesdesanluis.com\/index.php\/author\/apuntesdesanluis-com\/\"}]}<\/script>\n<!-- \/ Yoast SEO plugin. -->","yoast_head_json":{"title":"OTRA MANCHA M\u00c1S AL TIGRE, QUE YA PARECE UNA PANTERA \u2026 - Apuntes de San Luis","robots":{"index":"index","follow":"follow","max-snippet":"max-snippet:-1","max-image-preview":"max-image-preview:large","max-video-preview":"max-video-preview:-1"},"canonical":"https:\/\/apuntesdesanluis.com\/index.php\/2023\/12\/07\/otra-mancha-mas-al-tigre-que-ya-parece-una-pantera\/","og_locale":"es_ES","og_type":"article","og_title":"OTRA MANCHA M\u00c1S AL TIGRE, QUE YA PARECE UNA PANTERA \u2026 - Apuntes de San Luis","og_description":"Como si la bochornosa sesi\u00f3n del martes 5 en la C\u00e1mara de Diputados no fuera...","og_url":"https:\/\/apuntesdesanluis.com\/index.php\/2023\/12\/07\/otra-mancha-mas-al-tigre-que-ya-parece-una-pantera\/","og_site_name":"Apuntes de San Luis","article_published_time":"2023-12-08T00:24:26+00:00","article_modified_time":"2023-12-08T00:31:51+00:00","og_image":[{"width":600,"height":370,"url":"https:\/\/apuntesdesanluis.com\/wp-content\/uploads\/2023\/12\/SENADO.png","type":"image\/png"}],"author":"apuntesdesanluis.com","twitter_card":"summary_large_image","twitter_misc":{"Escrito por":"apuntesdesanluis.com","Tiempo de lectura":"4 minutos"},"schema":{"@context":"https:\/\/schema.org","@graph":[{"@type":"Article","@id":"https:\/\/apuntesdesanluis.com\/index.php\/2023\/12\/07\/otra-mancha-mas-al-tigre-que-ya-parece-una-pantera\/#article","isPartOf":{"@id":"https:\/\/apuntesdesanluis.com\/index.php\/2023\/12\/07\/otra-mancha-mas-al-tigre-que-ya-parece-una-pantera\/"},"author":{"name":"apuntesdesanluis.com","@id":"https:\/\/apuntesdesanluis.com\/#\/schema\/person\/b55151d52296fcce64d1a72538a70b90"},"headline":"OTRA MANCHA M\u00c1S AL TIGRE, QUE YA PARECE UNA PANTERA \u2026","datePublished":"2023-12-08T00:24:26+00:00","dateModified":"2023-12-08T00:31:51+00:00","mainEntityOfPage":{"@id":"https:\/\/apuntesdesanluis.com\/index.php\/2023\/12\/07\/otra-mancha-mas-al-tigre-que-ya-parece-una-pantera\/"},"wordCount":837,"publisher":{"@id":"https:\/\/apuntesdesanluis.com\/#\/schema\/person\/b55151d52296fcce64d1a72538a70b90"},"image":{"@id":"https:\/\/apuntesdesanluis.com\/index.php\/2023\/12\/07\/otra-mancha-mas-al-tigre-que-ya-parece-una-pantera\/#primaryimage"},"thumbnailUrl":"https:\/\/apuntesdesanluis.com\/wp-content\/uploads\/2023\/12\/SENADO.png","articleSection":["Ciudad\/Provincia"],"inLanguage":"es-AR"},{"@type":"WebPage","@id":"https:\/\/apuntesdesanluis.com\/index.php\/2023\/12\/07\/otra-mancha-mas-al-tigre-que-ya-parece-una-pantera\/","url":"https:\/\/apuntesdesanluis.com\/index.php\/2023\/12\/07\/otra-mancha-mas-al-tigre-que-ya-parece-una-pantera\/","name":"OTRA MANCHA M\u00c1S AL TIGRE, QUE YA PARECE UNA PANTERA \u2026 - Apuntes de San Luis","isPartOf":{"@id":"https:\/\/apuntesdesanluis.com\/#website"},"primaryImageOfPage":{"@id":"https:\/\/apuntesdesanluis.com\/index.php\/2023\/12\/07\/otra-mancha-mas-al-tigre-que-ya-parece-una-pantera\/#primaryimage"},"image":{"@id":"https:\/\/apuntesdesanluis.com\/index.php\/2023\/12\/07\/otra-mancha-mas-al-tigre-que-ya-parece-una-pantera\/#primaryimage"},"thumbnailUrl":"https:\/\/apuntesdesanluis.com\/wp-content\/uploads\/2023\/12\/SENADO.png","datePublished":"2023-12-08T00:24:26+00:00","dateModified":"2023-12-08T00:31:51+00:00","breadcrumb":{"@id":"https:\/\/apuntesdesanluis.com\/index.php\/2023\/12\/07\/otra-mancha-mas-al-tigre-que-ya-parece-una-pantera\/#breadcrumb"},"inLanguage":"es-AR","potentialAction":[{"@type":"ReadAction","target":["https:\/\/apuntesdesanluis.com\/index.php\/2023\/12\/07\/otra-mancha-mas-al-tigre-que-ya-parece-una-pantera\/"]}]},{"@type":"ImageObject","inLanguage":"es-AR","@id":"https:\/\/apuntesdesanluis.com\/index.php\/2023\/12\/07\/otra-mancha-mas-al-tigre-que-ya-parece-una-pantera\/#primaryimage","url":"https:\/\/apuntesdesanluis.com\/wp-content\/uploads\/2023\/12\/SENADO.png","contentUrl":"https:\/\/apuntesdesanluis.com\/wp-content\/uploads\/2023\/12\/SENADO.png","width":600,"height":370},{"@type":"BreadcrumbList","@id":"https:\/\/apuntesdesanluis.com\/index.php\/2023\/12\/07\/otra-mancha-mas-al-tigre-que-ya-parece-una-pantera\/#breadcrumb","itemListElement":[{"@type":"ListItem","position":1,"name":"Inicio","item":"https:\/\/apuntesdesanluis.com\/"},{"@type":"ListItem","position":2,"name":"OTRA MANCHA M\u00c1S AL TIGRE, QUE YA PARECE UNA PANTERA \u2026"}]},{"@type":"WebSite","@id":"https:\/\/apuntesdesanluis.com\/#website","url":"https:\/\/apuntesdesanluis.com\/","name":"Apuntes de San Luis","description":"","publisher":{"@id":"https:\/\/apuntesdesanluis.com\/#\/schema\/person\/b55151d52296fcce64d1a72538a70b90"},"potentialAction":[{"@type":"SearchAction","target":{"@type":"EntryPoint","urlTemplate":"https:\/\/apuntesdesanluis.com\/?s={search_term_string}"},"query-input":{"@type":"PropertyValueSpecification","valueRequired":true,"valueName":"search_term_string"}}],"inLanguage":"es-AR"},{"@type":["Person","Organization"],"@id":"https:\/\/apuntesdesanluis.com\/#\/schema\/person\/b55151d52296fcce64d1a72538a70b90","name":"apuntesdesanluis.com","image":{"@type":"ImageObject","inLanguage":"es-AR","@id":"https:\/\/apuntesdesanluis.com\/#\/schema\/person\/image\/","url":"https:\/\/apuntesdesanluis.com\/wp-content\/uploads\/2023\/07\/cropped-apuntesdesanluis.png","contentUrl":"https:\/\/apuntesdesanluis.com\/wp-content\/uploads\/2023\/07\/cropped-apuntesdesanluis.png","width":450,"height":112,"caption":"apuntesdesanluis.com"},"logo":{"@id":"https:\/\/apuntesdesanluis.com\/#\/schema\/person\/image\/"},"sameAs":["https:\/\/apuntesdesanluis.com"],"url":"https:\/\/apuntesdesanluis.com\/index.php\/author\/apuntesdesanluis-com\/"}]}},"featured_image_urls":{"full":["https:\/\/apuntesdesanluis.com\/wp-content\/uploads\/2023\/12\/SENADO.png",600,370,false],"thumbnail":["https:\/\/apuntesdesanluis.com\/wp-content\/uploads\/2023\/12\/SENADO-150x150.png",150,150,true],"medium":["https:\/\/apuntesdesanluis.com\/wp-content\/uploads\/2023\/12\/SENADO-300x185.png",300,185,true],"medium_large":["https:\/\/apuntesdesanluis.com\/wp-content\/uploads\/2023\/12\/SENADO.png",600,370,false],"large":["https:\/\/apuntesdesanluis.com\/wp-content\/uploads\/2023\/12\/SENADO.png",600,370,false],"1536x1536":["https:\/\/apuntesdesanluis.com\/wp-content\/uploads\/2023\/12\/SENADO.png",600,370,false],"2048x2048":["https:\/\/apuntesdesanluis.com\/wp-content\/uploads\/2023\/12\/SENADO.png",600,370,false],"newsever-slider-full":["https:\/\/apuntesdesanluis.com\/wp-content\/uploads\/2023\/12\/SENADO.png",600,370,false],"newsever-featured":["https:\/\/apuntesdesanluis.com\/wp-content\/uploads\/2023\/12\/SENADO.png",600,370,false],"newsever-medium":["https:\/\/apuntesdesanluis.com\/wp-content\/uploads\/2023\/12\/SENADO.png",600,370,false]},"author_info":{"display_name":"apuntesdesanluis.com","author_link":"https:\/\/apuntesdesanluis.com\/index.php\/author\/apuntesdesanluis-com\/"},"category_info":"<a href=\"https:\/\/apuntesdesanluis.com\/index.php\/category\/ciudad-provincia\/\" rel=\"category tag\">Ciudad\/Provincia<\/a>","tag_info":"Ciudad\/Provincia","comment_count":"0","_links":{"self":[{"href":"https:\/\/apuntesdesanluis.com\/index.php\/wp-json\/wp\/v2\/posts\/8031","targetHints":{"allow":["GET"]}}],"collection":[{"href":"https:\/\/apuntesdesanluis.com\/index.php\/wp-json\/wp\/v2\/posts"}],"about":[{"href":"https:\/\/apuntesdesanluis.com\/index.php\/wp-json\/wp\/v2\/types\/post"}],"author":[{"embeddable":true,"href":"https:\/\/apuntesdesanluis.com\/index.php\/wp-json\/wp\/v2\/users\/1"}],"replies":[{"embeddable":true,"href":"https:\/\/apuntesdesanluis.com\/index.php\/wp-json\/wp\/v2\/comments?post=8031"}],"version-history":[{"count":9,"href":"https:\/\/apuntesdesanluis.com\/index.php\/wp-json\/wp\/v2\/posts\/8031\/revisions"}],"predecessor-version":[{"id":8043,"href":"https:\/\/apuntesdesanluis.com\/index.php\/wp-json\/wp\/v2\/posts\/8031\/revisions\/8043"}],"wp:featuredmedia":[{"embeddable":true,"href":"https:\/\/apuntesdesanluis.com\/index.php\/wp-json\/wp\/v2\/media\/8035"}],"wp:attachment":[{"href":"https:\/\/apuntesdesanluis.com\/index.php\/wp-json\/wp\/v2\/media?parent=8031"}],"wp:term":[{"taxonomy":"category","embeddable":true,"href":"https:\/\/apuntesdesanluis.com\/index.php\/wp-json\/wp\/v2\/categories?post=8031"},{"taxonomy":"post_tag","embeddable":true,"href":"https:\/\/apuntesdesanluis.com\/index.php\/wp-json\/wp\/v2\/tags?post=8031"}],"curies":[{"name":"wp","href":"https:\/\/api.w.org\/{rel}","templated":true}]}}