{"id":8162,"date":"2023-12-10T22:26:43","date_gmt":"2023-12-11T01:26:43","guid":{"rendered":"https:\/\/apuntesdesanluis.com\/?p=8162"},"modified":"2023-12-10T22:26:43","modified_gmt":"2023-12-11T01:26:43","slug":"el-presidente-firmo-su-primer-decreto-para-la-reforma-del-estado-se-reducen-a-9-los-ministerios","status":"publish","type":"post","link":"https:\/\/apuntesdesanluis.com\/index.php\/2023\/12\/10\/el-presidente-firmo-su-primer-decreto-para-la-reforma-del-estado-se-reducen-a-9-los-ministerios\/","title":{"rendered":"EL PRESIDENTE FIRM\u00d3 SU PRIMER DECRETO PARA LA REFORMA DEL ESTADO: SE REDUCEN A 9 LOS MINISTERIOS"},"content":{"rendered":"<h3>El presidente <strong>Javier Milei<\/strong> firm\u00f3 su primer Decreto de Necesidad y Urgencia (DNU) este domingo, a pocas horas de haber jurado ante la Asamblea Legislativa. Como primer medida, el l\u00edder de La Libertad Avanza reducir\u00e1 los ministerios a 9, que incluir\u00e1n Interior; Relaciones Exteriores, Comercio Internacional y Culto, Defensa; Econom\u00eda; Infraestructura; Justicia; Seguridad; Salud y Capital Humano.<\/h3>\n<h3>Adem\u00e1s, \u201dlas tareas necesarias para posibilitar la actividad del Presidente de la Naci\u00f3n ser\u00e1n atendidas por las siguientes Secretar\u00edas Presidenciales: General, Legal y T\u00e9cnica, De Comunicaci\u00f3n y Prensa\u201d, se detall\u00f3 en el documento.<\/h3>\n<h3>En los \u00faltimos d\u00edas, Milei hab\u00eda confirmado a Luis Petri al frente del ministerio de Defensa, como parte del acuerdo pol\u00edtico que sell\u00f3 con Patricia Bullrich, quien ya perfilaba para desembarcar de regreso a la cartera de Seguridad. Y al mismo tiempo, defini\u00f3 que la vicepresidenta electa, Victoria Villarruel finalmente no tenga la jefatura pol\u00edtica de las pol\u00edticas de cada \u00e1rea, que era el esquema de poder que se preve\u00eda antes del triunfo del balotaje.<\/h3>\n<h3>Con el mapa del Gabinete, Milei defini\u00f3 otros de sus hombres y mujeres clave para llevar adelante sus tareas de colaboraci\u00f3n. Como jefe de ministros, el libertario opt\u00f3 por Nicol\u00e1s Posse, el encargado de coordinar los equipos t\u00e9cnicos del espacio. Se desempe\u00f1\u00f3 adem\u00e1s como gerente general de la Unidad de Negocios Sur de Corporaci\u00f3n Am\u00e9rica, bajo el ala de Eduardo Eurnekian.<\/h3>\n<h3>En Econom\u00eda, el libertario apost\u00f3 Luis \u201cToto\u201d Caputo, quien estuvo a cargo del \u00e1rea de Finanzas y tuvo un paso fugaz en el Banco Central (BCRA) durante la gesti\u00f3n de Cambiemos. Se trata de un hombre que hizo carrera en el Deutsche Bank y que est\u00e1 vinculado al ex presidente Mauricio Macri. Sin embargo, el ex mandatario aclar\u00f3 en un mensaje por redes sociales que tanto \u201cToto\u201d Caputo como Patricia Bullrich decidieron incorporarse a la estructura de Milei por \u201cdecisi\u00f3n personal\u201d, y no como parte de una negociaci\u00f3n entre el fundador del PRO y el l\u00edder de La Libertad Avanza, lo que produjo tensiones y un distanciamiento entre ambos.<\/h3>\n<h3>Para el Ministerio del Interior, Milei pens\u00f3 en Guillermo Francos, un abogado con trayectoria en cargos p\u00fablicos desde los 70. En Infraestructura, el empresario Guillermo Ferraro asumir\u00e1 en reemplazo de Eduardo \u201cWado\u201d de Pedro. Durante 2002 y 2003, fue funcionario en la Secretar\u00eda de Industria en la Presidencia de Eduardo Duhalde.<\/h3>\n<h3>A pesar de no haber asumido, Canciller\u00eda est\u00e1 activa, a cargo de Diana Mondino, una economista con amplia experiencia en el sector privado. Entre las designaciones pol\u00edticas que conformar\u00e1n el Servicio Exterior de la Naci\u00f3n, Milei confirm\u00f3 a Gerardo Werthein al frente de la embajada argentina de Estados Unidos y la continuidad de Daniel Scioli en la representaci\u00f3n diplom\u00e1tica de Brasil.<\/h3>\n<h3>La novedad del Gabinete ser\u00e1 la cartera de Capital Humano, que la administrar\u00e1 Sandra Pettovello, ex vicepresidenta de la Uni\u00f3n del Centro Democr\u00e1tico (Uced\u00e9) de la Capital Federal. Es Licenciada en Periodismo de la Universidad de Belgrano y Licenciada en Ciencias de la Familia de la Universidad Austral. La cartera absorber\u00e1 a Educaci\u00f3n, Trabajo y Desarrollo Social. Tambi\u00e9n tendr\u00e1 en su \u00f3rbita a Anses y PAMI.<\/h3>\n<h3>El abogado penalista Mariano C\u00faneo Libarona estar\u00e1 al frente del ministerio de Justicia, con el encargo de impulsar la reforma del Poder Judicial y sostener el v\u00ednculo con los magistrados.<\/h3>\n<h3>Lo cierto es que el equipo de gobierno ya est\u00e1 en funcionamiento. Ayer, el presidente electo se reuni\u00f3 en el Hotel Libertador con Bullrich y Petri en un encuentro en el que tambi\u00e9n estuvieron el designado jefe de Gabinete, Nicol\u00e1s Posse, Caputo, Mondino, Ferraro, y la hermana del libertario, Karina Milei. All\u00ed \u201cse discutieron los principales desaf\u00edos que deber\u00e1 enfrentar cada ministerio, as\u00ed como las reformas que deber\u00e1n llevar adelante y las primeras decisiones a tomar una vez iniciada la gesti\u00f3n\u201d, se indic\u00f3 oficialmente.<\/h3>\n<p>&nbsp;<\/p>\n<p>&nbsp;<\/p>\n<p>&nbsp;<\/p>\n<p>&nbsp;<\/p>\n","protected":false},"excerpt":{"rendered":"<p>El presidente Javier Milei firm\u00f3 su primer Decreto de Necesidad y Urgencia (DNU) este domingo,&#8230;<\/p>\n","protected":false},"author":1,"featured_media":8163,"comment_status":"closed","ping_status":"closed","sticky":false,"template":"","format":"standard","meta":{"footnotes":""},"categories":[5],"tags":[],"class_list":["post-8162","post","type-post","status-publish","format-standard","has-post-thumbnail","hentry","category-nacionales-internacionales"],"yoast_head":"<!-- This site is optimized with the Yoast SEO plugin v26.1.1 - https:\/\/yoast.com\/wordpress\/plugins\/seo\/ -->\n<title>EL PRESIDENTE FIRM\u00d3 SU PRIMER DECRETO PARA LA REFORMA DEL ESTADO: SE REDUCEN A 9 LOS MINISTERIOS - Apuntes de San Luis<\/title>\n<meta name=\"robots\" content=\"index, follow, max-snippet:-1, max-image-preview:large, max-video-preview:-1\" \/>\n<link rel=\"canonical\" href=\"https:\/\/apuntesdesanluis.com\/index.php\/2023\/12\/10\/el-presidente-firmo-su-primer-decreto-para-la-reforma-del-estado-se-reducen-a-9-los-ministerios\/\" \/>\n<meta property=\"og:locale\" content=\"es_ES\" \/>\n<meta property=\"og:type\" content=\"article\" \/>\n<meta property=\"og:title\" content=\"EL PRESIDENTE FIRM\u00d3 SU PRIMER DECRETO PARA LA REFORMA DEL ESTADO: SE REDUCEN A 9 LOS MINISTERIOS - Apuntes de San Luis\" \/>\n<meta property=\"og:description\" content=\"El presidente Javier Milei firm\u00f3 su primer Decreto de Necesidad y Urgencia (DNU) este domingo,...\" \/>\n<meta property=\"og:url\" content=\"https:\/\/apuntesdesanluis.com\/index.php\/2023\/12\/10\/el-presidente-firmo-su-primer-decreto-para-la-reforma-del-estado-se-reducen-a-9-los-ministerios\/\" \/>\n<meta property=\"og:site_name\" content=\"Apuntes de San Luis\" \/>\n<meta property=\"article:published_time\" content=\"2023-12-11T01:26:43+00:00\" \/>\n<meta property=\"og:image\" content=\"https:\/\/apuntesdesanluis.com\/wp-content\/uploads\/2023\/12\/GABINETE-DE-MILEI.png\" \/>\n\t<meta property=\"og:image:width\" content=\"600\" \/>\n\t<meta property=\"og:image:height\" content=\"337\" \/>\n\t<meta property=\"og:image:type\" content=\"image\/png\" \/>\n<meta name=\"author\" content=\"apuntesdesanluis.com\" \/>\n<meta name=\"twitter:card\" content=\"summary_large_image\" \/>\n<meta name=\"twitter:label1\" content=\"Escrito por\" \/>\n\t<meta name=\"twitter:data1\" content=\"apuntesdesanluis.com\" \/>\n\t<meta name=\"twitter:label2\" content=\"Tiempo de lectura\" \/>\n\t<meta name=\"twitter:data2\" content=\"3 minutos\" \/>\n<script type=\"application\/ld+json\" class=\"yoast-schema-graph\">{\"@context\":\"https:\/\/schema.org\",\"@graph\":[{\"@type\":\"Article\",\"@id\":\"https:\/\/apuntesdesanluis.com\/index.php\/2023\/12\/10\/el-presidente-firmo-su-primer-decreto-para-la-reforma-del-estado-se-reducen-a-9-los-ministerios\/#article\",\"isPartOf\":{\"@id\":\"https:\/\/apuntesdesanluis.com\/index.php\/2023\/12\/10\/el-presidente-firmo-su-primer-decreto-para-la-reforma-del-estado-se-reducen-a-9-los-ministerios\/\"},\"author\":{\"name\":\"apuntesdesanluis.com\",\"@id\":\"https:\/\/apuntesdesanluis.com\/#\/schema\/person\/b55151d52296fcce64d1a72538a70b90\"},\"headline\":\"EL PRESIDENTE FIRM\u00d3 SU PRIMER DECRETO PARA LA REFORMA DEL ESTADO: SE REDUCEN A 9 LOS MINISTERIOS\",\"datePublished\":\"2023-12-11T01:26:43+00:00\",\"mainEntityOfPage\":{\"@id\":\"https:\/\/apuntesdesanluis.com\/index.php\/2023\/12\/10\/el-presidente-firmo-su-primer-decreto-para-la-reforma-del-estado-se-reducen-a-9-los-ministerios\/\"},\"wordCount\":688,\"publisher\":{\"@id\":\"https:\/\/apuntesdesanluis.com\/#\/schema\/person\/b55151d52296fcce64d1a72538a70b90\"},\"image\":{\"@id\":\"https:\/\/apuntesdesanluis.com\/index.php\/2023\/12\/10\/el-presidente-firmo-su-primer-decreto-para-la-reforma-del-estado-se-reducen-a-9-los-ministerios\/#primaryimage\"},\"thumbnailUrl\":\"https:\/\/apuntesdesanluis.com\/wp-content\/uploads\/2023\/12\/GABINETE-DE-MILEI.png\",\"articleSection\":[\"Nacionales\/Internacionales\"],\"inLanguage\":\"es-AR\"},{\"@type\":\"WebPage\",\"@id\":\"https:\/\/apuntesdesanluis.com\/index.php\/2023\/12\/10\/el-presidente-firmo-su-primer-decreto-para-la-reforma-del-estado-se-reducen-a-9-los-ministerios\/\",\"url\":\"https:\/\/apuntesdesanluis.com\/index.php\/2023\/12\/10\/el-presidente-firmo-su-primer-decreto-para-la-reforma-del-estado-se-reducen-a-9-los-ministerios\/\",\"name\":\"EL PRESIDENTE FIRM\u00d3 SU PRIMER DECRETO PARA LA REFORMA DEL ESTADO: SE REDUCEN A 9 LOS MINISTERIOS - Apuntes de San Luis\",\"isPartOf\":{\"@id\":\"https:\/\/apuntesdesanluis.com\/#website\"},\"primaryImageOfPage\":{\"@id\":\"https:\/\/apuntesdesanluis.com\/index.php\/2023\/12\/10\/el-presidente-firmo-su-primer-decreto-para-la-reforma-del-estado-se-reducen-a-9-los-ministerios\/#primaryimage\"},\"image\":{\"@id\":\"https:\/\/apuntesdesanluis.com\/index.php\/2023\/12\/10\/el-presidente-firmo-su-primer-decreto-para-la-reforma-del-estado-se-reducen-a-9-los-ministerios\/#primaryimage\"},\"thumbnailUrl\":\"https:\/\/apuntesdesanluis.com\/wp-content\/uploads\/2023\/12\/GABINETE-DE-MILEI.png\",\"datePublished\":\"2023-12-11T01:26:43+00:00\",\"breadcrumb\":{\"@id\":\"https:\/\/apuntesdesanluis.com\/index.php\/2023\/12\/10\/el-presidente-firmo-su-primer-decreto-para-la-reforma-del-estado-se-reducen-a-9-los-ministerios\/#breadcrumb\"},\"inLanguage\":\"es-AR\",\"potentialAction\":[{\"@type\":\"ReadAction\",\"target\":[\"https:\/\/apuntesdesanluis.com\/index.php\/2023\/12\/10\/el-presidente-firmo-su-primer-decreto-para-la-reforma-del-estado-se-reducen-a-9-los-ministerios\/\"]}]},{\"@type\":\"ImageObject\",\"inLanguage\":\"es-AR\",\"@id\":\"https:\/\/apuntesdesanluis.com\/index.php\/2023\/12\/10\/el-presidente-firmo-su-primer-decreto-para-la-reforma-del-estado-se-reducen-a-9-los-ministerios\/#primaryimage\",\"url\":\"https:\/\/apuntesdesanluis.com\/wp-content\/uploads\/2023\/12\/GABINETE-DE-MILEI.png\",\"contentUrl\":\"https:\/\/apuntesdesanluis.com\/wp-content\/uploads\/2023\/12\/GABINETE-DE-MILEI.png\",\"width\":600,\"height\":337},{\"@type\":\"BreadcrumbList\",\"@id\":\"https:\/\/apuntesdesanluis.com\/index.php\/2023\/12\/10\/el-presidente-firmo-su-primer-decreto-para-la-reforma-del-estado-se-reducen-a-9-los-ministerios\/#breadcrumb\",\"itemListElement\":[{\"@type\":\"ListItem\",\"position\":1,\"name\":\"Inicio\",\"item\":\"https:\/\/apuntesdesanluis.com\/\"},{\"@type\":\"ListItem\",\"position\":2,\"name\":\"EL PRESIDENTE FIRM\u00d3 SU PRIMER DECRETO PARA LA REFORMA DEL ESTADO: SE REDUCEN A 9 LOS MINISTERIOS\"}]},{\"@type\":\"WebSite\",\"@id\":\"https:\/\/apuntesdesanluis.com\/#website\",\"url\":\"https:\/\/apuntesdesanluis.com\/\",\"name\":\"Apuntes de San Luis\",\"description\":\"\",\"publisher\":{\"@id\":\"https:\/\/apuntesdesanluis.com\/#\/schema\/person\/b55151d52296fcce64d1a72538a70b90\"},\"potentialAction\":[{\"@type\":\"SearchAction\",\"target\":{\"@type\":\"EntryPoint\",\"urlTemplate\":\"https:\/\/apuntesdesanluis.com\/?s={search_term_string}\"},\"query-input\":{\"@type\":\"PropertyValueSpecification\",\"valueRequired\":true,\"valueName\":\"search_term_string\"}}],\"inLanguage\":\"es-AR\"},{\"@type\":[\"Person\",\"Organization\"],\"@id\":\"https:\/\/apuntesdesanluis.com\/#\/schema\/person\/b55151d52296fcce64d1a72538a70b90\",\"name\":\"apuntesdesanluis.com\",\"image\":{\"@type\":\"ImageObject\",\"inLanguage\":\"es-AR\",\"@id\":\"https:\/\/apuntesdesanluis.com\/#\/schema\/person\/image\/\",\"url\":\"https:\/\/apuntesdesanluis.com\/wp-content\/uploads\/2023\/07\/cropped-apuntesdesanluis.png\",\"contentUrl\":\"https:\/\/apuntesdesanluis.com\/wp-content\/uploads\/2023\/07\/cropped-apuntesdesanluis.png\",\"width\":450,\"height\":112,\"caption\":\"apuntesdesanluis.com\"},\"logo\":{\"@id\":\"https:\/\/apuntesdesanluis.com\/#\/schema\/person\/image\/\"},\"sameAs\":[\"https:\/\/apuntesdesanluis.com\"],\"url\":\"https:\/\/apuntesdesanluis.com\/index.php\/author\/apuntesdesanluis-com\/\"}]}<\/script>\n<!-- \/ Yoast SEO plugin. -->","yoast_head_json":{"title":"EL PRESIDENTE FIRM\u00d3 SU PRIMER DECRETO PARA LA REFORMA DEL ESTADO: SE REDUCEN A 9 LOS MINISTERIOS - Apuntes de San Luis","robots":{"index":"index","follow":"follow","max-snippet":"max-snippet:-1","max-image-preview":"max-image-preview:large","max-video-preview":"max-video-preview:-1"},"canonical":"https:\/\/apuntesdesanluis.com\/index.php\/2023\/12\/10\/el-presidente-firmo-su-primer-decreto-para-la-reforma-del-estado-se-reducen-a-9-los-ministerios\/","og_locale":"es_ES","og_type":"article","og_title":"EL PRESIDENTE FIRM\u00d3 SU PRIMER DECRETO PARA LA REFORMA DEL ESTADO: SE REDUCEN A 9 LOS MINISTERIOS - Apuntes de San Luis","og_description":"El presidente Javier Milei firm\u00f3 su primer Decreto de Necesidad y Urgencia (DNU) este domingo,...","og_url":"https:\/\/apuntesdesanluis.com\/index.php\/2023\/12\/10\/el-presidente-firmo-su-primer-decreto-para-la-reforma-del-estado-se-reducen-a-9-los-ministerios\/","og_site_name":"Apuntes de San Luis","article_published_time":"2023-12-11T01:26:43+00:00","og_image":[{"width":600,"height":337,"url":"https:\/\/apuntesdesanluis.com\/wp-content\/uploads\/2023\/12\/GABINETE-DE-MILEI.png","type":"image\/png"}],"author":"apuntesdesanluis.com","twitter_card":"summary_large_image","twitter_misc":{"Escrito por":"apuntesdesanluis.com","Tiempo de lectura":"3 minutos"},"schema":{"@context":"https:\/\/schema.org","@graph":[{"@type":"Article","@id":"https:\/\/apuntesdesanluis.com\/index.php\/2023\/12\/10\/el-presidente-firmo-su-primer-decreto-para-la-reforma-del-estado-se-reducen-a-9-los-ministerios\/#article","isPartOf":{"@id":"https:\/\/apuntesdesanluis.com\/index.php\/2023\/12\/10\/el-presidente-firmo-su-primer-decreto-para-la-reforma-del-estado-se-reducen-a-9-los-ministerios\/"},"author":{"name":"apuntesdesanluis.com","@id":"https:\/\/apuntesdesanluis.com\/#\/schema\/person\/b55151d52296fcce64d1a72538a70b90"},"headline":"EL PRESIDENTE FIRM\u00d3 SU PRIMER DECRETO PARA LA REFORMA DEL ESTADO: SE REDUCEN A 9 LOS MINISTERIOS","datePublished":"2023-12-11T01:26:43+00:00","mainEntityOfPage":{"@id":"https:\/\/apuntesdesanluis.com\/index.php\/2023\/12\/10\/el-presidente-firmo-su-primer-decreto-para-la-reforma-del-estado-se-reducen-a-9-los-ministerios\/"},"wordCount":688,"publisher":{"@id":"https:\/\/apuntesdesanluis.com\/#\/schema\/person\/b55151d52296fcce64d1a72538a70b90"},"image":{"@id":"https:\/\/apuntesdesanluis.com\/index.php\/2023\/12\/10\/el-presidente-firmo-su-primer-decreto-para-la-reforma-del-estado-se-reducen-a-9-los-ministerios\/#primaryimage"},"thumbnailUrl":"https:\/\/apuntesdesanluis.com\/wp-content\/uploads\/2023\/12\/GABINETE-DE-MILEI.png","articleSection":["Nacionales\/Internacionales"],"inLanguage":"es-AR"},{"@type":"WebPage","@id":"https:\/\/apuntesdesanluis.com\/index.php\/2023\/12\/10\/el-presidente-firmo-su-primer-decreto-para-la-reforma-del-estado-se-reducen-a-9-los-ministerios\/","url":"https:\/\/apuntesdesanluis.com\/index.php\/2023\/12\/10\/el-presidente-firmo-su-primer-decreto-para-la-reforma-del-estado-se-reducen-a-9-los-ministerios\/","name":"EL PRESIDENTE FIRM\u00d3 SU PRIMER DECRETO PARA LA REFORMA DEL ESTADO: SE REDUCEN A 9 LOS MINISTERIOS - Apuntes de San Luis","isPartOf":{"@id":"https:\/\/apuntesdesanluis.com\/#website"},"primaryImageOfPage":{"@id":"https:\/\/apuntesdesanluis.com\/index.php\/2023\/12\/10\/el-presidente-firmo-su-primer-decreto-para-la-reforma-del-estado-se-reducen-a-9-los-ministerios\/#primaryimage"},"image":{"@id":"https:\/\/apuntesdesanluis.com\/index.php\/2023\/12\/10\/el-presidente-firmo-su-primer-decreto-para-la-reforma-del-estado-se-reducen-a-9-los-ministerios\/#primaryimage"},"thumbnailUrl":"https:\/\/apuntesdesanluis.com\/wp-content\/uploads\/2023\/12\/GABINETE-DE-MILEI.png","datePublished":"2023-12-11T01:26:43+00:00","breadcrumb":{"@id":"https:\/\/apuntesdesanluis.com\/index.php\/2023\/12\/10\/el-presidente-firmo-su-primer-decreto-para-la-reforma-del-estado-se-reducen-a-9-los-ministerios\/#breadcrumb"},"inLanguage":"es-AR","potentialAction":[{"@type":"ReadAction","target":["https:\/\/apuntesdesanluis.com\/index.php\/2023\/12\/10\/el-presidente-firmo-su-primer-decreto-para-la-reforma-del-estado-se-reducen-a-9-los-ministerios\/"]}]},{"@type":"ImageObject","inLanguage":"es-AR","@id":"https:\/\/apuntesdesanluis.com\/index.php\/2023\/12\/10\/el-presidente-firmo-su-primer-decreto-para-la-reforma-del-estado-se-reducen-a-9-los-ministerios\/#primaryimage","url":"https:\/\/apuntesdesanluis.com\/wp-content\/uploads\/2023\/12\/GABINETE-DE-MILEI.png","contentUrl":"https:\/\/apuntesdesanluis.com\/wp-content\/uploads\/2023\/12\/GABINETE-DE-MILEI.png","width":600,"height":337},{"@type":"BreadcrumbList","@id":"https:\/\/apuntesdesanluis.com\/index.php\/2023\/12\/10\/el-presidente-firmo-su-primer-decreto-para-la-reforma-del-estado-se-reducen-a-9-los-ministerios\/#breadcrumb","itemListElement":[{"@type":"ListItem","position":1,"name":"Inicio","item":"https:\/\/apuntesdesanluis.com\/"},{"@type":"ListItem","position":2,"name":"EL PRESIDENTE FIRM\u00d3 SU PRIMER DECRETO PARA LA REFORMA DEL ESTADO: SE REDUCEN A 9 LOS MINISTERIOS"}]},{"@type":"WebSite","@id":"https:\/\/apuntesdesanluis.com\/#website","url":"https:\/\/apuntesdesanluis.com\/","name":"Apuntes de San Luis","description":"","publisher":{"@id":"https:\/\/apuntesdesanluis.com\/#\/schema\/person\/b55151d52296fcce64d1a72538a70b90"},"potentialAction":[{"@type":"SearchAction","target":{"@type":"EntryPoint","urlTemplate":"https:\/\/apuntesdesanluis.com\/?s={search_term_string}"},"query-input":{"@type":"PropertyValueSpecification","valueRequired":true,"valueName":"search_term_string"}}],"inLanguage":"es-AR"},{"@type":["Person","Organization"],"@id":"https:\/\/apuntesdesanluis.com\/#\/schema\/person\/b55151d52296fcce64d1a72538a70b90","name":"apuntesdesanluis.com","image":{"@type":"ImageObject","inLanguage":"es-AR","@id":"https:\/\/apuntesdesanluis.com\/#\/schema\/person\/image\/","url":"https:\/\/apuntesdesanluis.com\/wp-content\/uploads\/2023\/07\/cropped-apuntesdesanluis.png","contentUrl":"https:\/\/apuntesdesanluis.com\/wp-content\/uploads\/2023\/07\/cropped-apuntesdesanluis.png","width":450,"height":112,"caption":"apuntesdesanluis.com"},"logo":{"@id":"https:\/\/apuntesdesanluis.com\/#\/schema\/person\/image\/"},"sameAs":["https:\/\/apuntesdesanluis.com"],"url":"https:\/\/apuntesdesanluis.com\/index.php\/author\/apuntesdesanluis-com\/"}]}},"featured_image_urls":{"full":["https:\/\/apuntesdesanluis.com\/wp-content\/uploads\/2023\/12\/GABINETE-DE-MILEI.png",600,337,false],"thumbnail":["https:\/\/apuntesdesanluis.com\/wp-content\/uploads\/2023\/12\/GABINETE-DE-MILEI-150x150.png",150,150,true],"medium":["https:\/\/apuntesdesanluis.com\/wp-content\/uploads\/2023\/12\/GABINETE-DE-MILEI-300x169.png",300,169,true],"medium_large":["https:\/\/apuntesdesanluis.com\/wp-content\/uploads\/2023\/12\/GABINETE-DE-MILEI.png",600,337,false],"large":["https:\/\/apuntesdesanluis.com\/wp-content\/uploads\/2023\/12\/GABINETE-DE-MILEI.png",600,337,false],"1536x1536":["https:\/\/apuntesdesanluis.com\/wp-content\/uploads\/2023\/12\/GABINETE-DE-MILEI.png",600,337,false],"2048x2048":["https:\/\/apuntesdesanluis.com\/wp-content\/uploads\/2023\/12\/GABINETE-DE-MILEI.png",600,337,false],"newsever-slider-full":["https:\/\/apuntesdesanluis.com\/wp-content\/uploads\/2023\/12\/GABINETE-DE-MILEI.png",600,337,false],"newsever-featured":["https:\/\/apuntesdesanluis.com\/wp-content\/uploads\/2023\/12\/GABINETE-DE-MILEI.png",600,337,false],"newsever-medium":["https:\/\/apuntesdesanluis.com\/wp-content\/uploads\/2023\/12\/GABINETE-DE-MILEI.png",600,337,false]},"author_info":{"display_name":"apuntesdesanluis.com","author_link":"https:\/\/apuntesdesanluis.com\/index.php\/author\/apuntesdesanluis-com\/"},"category_info":"<a href=\"https:\/\/apuntesdesanluis.com\/index.php\/category\/nacionales-internacionales\/\" rel=\"category tag\">Nacionales\/Internacionales<\/a>","tag_info":"Nacionales\/Internacionales","comment_count":"0","_links":{"self":[{"href":"https:\/\/apuntesdesanluis.com\/index.php\/wp-json\/wp\/v2\/posts\/8162","targetHints":{"allow":["GET"]}}],"collection":[{"href":"https:\/\/apuntesdesanluis.com\/index.php\/wp-json\/wp\/v2\/posts"}],"about":[{"href":"https:\/\/apuntesdesanluis.com\/index.php\/wp-json\/wp\/v2\/types\/post"}],"author":[{"embeddable":true,"href":"https:\/\/apuntesdesanluis.com\/index.php\/wp-json\/wp\/v2\/users\/1"}],"replies":[{"embeddable":true,"href":"https:\/\/apuntesdesanluis.com\/index.php\/wp-json\/wp\/v2\/comments?post=8162"}],"version-history":[{"count":1,"href":"https:\/\/apuntesdesanluis.com\/index.php\/wp-json\/wp\/v2\/posts\/8162\/revisions"}],"predecessor-version":[{"id":8164,"href":"https:\/\/apuntesdesanluis.com\/index.php\/wp-json\/wp\/v2\/posts\/8162\/revisions\/8164"}],"wp:featuredmedia":[{"embeddable":true,"href":"https:\/\/apuntesdesanluis.com\/index.php\/wp-json\/wp\/v2\/media\/8163"}],"wp:attachment":[{"href":"https:\/\/apuntesdesanluis.com\/index.php\/wp-json\/wp\/v2\/media?parent=8162"}],"wp:term":[{"taxonomy":"category","embeddable":true,"href":"https:\/\/apuntesdesanluis.com\/index.php\/wp-json\/wp\/v2\/categories?post=8162"},{"taxonomy":"post_tag","embeddable":true,"href":"https:\/\/apuntesdesanluis.com\/index.php\/wp-json\/wp\/v2\/tags?post=8162"}],"curies":[{"name":"wp","href":"https:\/\/api.w.org\/{rel}","templated":true}]}}