{"id":8165,"date":"2023-12-10T22:33:41","date_gmt":"2023-12-11T01:33:41","guid":{"rendered":"https:\/\/apuntesdesanluis.com\/?p=8165"},"modified":"2023-12-10T22:33:41","modified_gmt":"2023-12-11T01:33:41","slug":"como-es-el-plan-motosierra-de-javier-milei-y-por-que-quiere-aplicarlo-en-los-primeros-100-dias","status":"publish","type":"post","link":"https:\/\/apuntesdesanluis.com\/index.php\/2023\/12\/10\/como-es-el-plan-motosierra-de-javier-milei-y-por-que-quiere-aplicarlo-en-los-primeros-100-dias\/","title":{"rendered":"C\u00d3MO ES EL PLAN &#8220;MOTOSIERRA&#8221; DE JAVIER MILEI Y POR QU\u00c9 QUIERE APLICARLO EN LOS PRIMEROS 100 D\u00cdAS"},"content":{"rendered":"<h3>El primer presidente libertario de la Argentina busca aplicar una pol\u00edtica de shock que le posibilite revertir lo m\u00e1s r\u00e1pido posible el grave deterioro econ\u00f3mico y social.<\/h3>\n<h3>El presidente <strong>Javier Milei<\/strong> arranc\u00f3 este domingo su mandato con el objetivo de aplicar una terapia de shock destinada en una primera etapa a reencauzar las m\u00faltiples distorsiones que atraviesa la econom\u00eda argentina. Ser\u00e1 el primer economista en llegar a la Presidencia de la Argentina.<\/h3>\n<h3>La finalidad es que, en el mediano plazo, la inflaci\u00f3n comience a ceder, bajen las tasas de inter\u00e9s por una mayor disciplina fiscal y los inversores vuelven a confiar en la Argentina, indicaron a Noticias Argentinas fuentes cercanas al l\u00edder libertario. Para ello, Milei considera que las medidas deben aplicarse con terapia de shock, sin hacer gradualismo.<\/h3>\n<h3>Las primeras medidas que aplicar\u00e1 Milei est\u00e1n vinculadas con ir equilibrando las cuentas p\u00fablicas con el fin de eliminar de ra\u00edz la emisi\u00f3n monetaria descontrolada.<\/h3>\n<h3>Desde este lunes, el Banco Central tendr\u00e1 prohibido emitir para financiar al Tesoro. Si hay necesidad de fondos, el Tesoro deber\u00e1n buscar financiamiento por su cuenta en el mercado. A su vez, habr\u00e1 una transferencia de las Leliqs al Tesoro Nacional, con el fin de mejorar el balance del BCRA.<\/h3>\n<h3>Adem\u00e1s, est\u00e1 prevista una quita de subsidios a las tarifas en forma gradual pero en un plazo corto, ya que se aplicar\u00eda entre enero y abril.<\/h3>\n<h3>En cuanto a la devaluaci\u00f3n y fijaci\u00f3n del d\u00f3lar comercial, el nivel al que ir\u00eda la divisa en el mercado mayorista a\u00fan est\u00e1 por definirse, ya que se busca empezar a fomentar que haya \u201csoluciones de mercado\u201d.<\/h3>\n<h3>Pero el tipo de cambio oficial para importaciones tendr\u00eda un recargo adicional del 30% del Impuesto PAIS. El nuevo billete -si finalmente se aplica el tributo- se ubicar\u00eda en alrededor de los 700 a 800 pesos.<\/h3>\n<h3>Desde este lunes, adem\u00e1s, se frena la obra p\u00fablica, salvo la que tenga financiamiento externo.<\/h3>\n<h3>En cuanto al d\u00f3lar, se aplicar\u00e1 una suba del impuesto PAIS para las importaciones, con el fin de evitar el fen\u00f3meno del \u201cd\u00f3lar barato\u201d para importadores que se ven\u00edan dando hasta ahora. Esto encarecer\u00e1 los precios de los productos importados.<\/h3>\n<h3>Adem\u00e1s, Milei dispondr\u00e1 la pr\u00f3rroga del Presupuesto 2023, lo que permitir\u00e1 de alguna manerar congelar el gasto. De esta forma, el presupuesto no tendr\u00eda ajuste por inflaci\u00f3n.<\/h3>\n<h3>El nuevo gobierno prev\u00e9 adem\u00e1s suspender los aportes no reembolsables a las provincias, lo que obligar\u00e1 a los gobernadores a buscar equilibrar las cuentas u obtener financiamiento.<\/h3>\n<h3>Est\u00e1 previsto, adem\u00e1s, congelar beneficios presupuestarios para las empresas privadas, como ocurre con el r\u00e9gimen para art\u00edculos electr\u00f3nicos de Tierra del Fuego.<\/h3>\n<h3>En tanto, los giros a universidades s\u00f3lo ser\u00e1n por los montos y valores de 2023, seg\u00fan trascendi\u00f3.<\/h3>\n<h3>Se prev\u00e9, adem\u00e1s, la liberaci\u00f3n de precios de las prepagas, un tema que genera preocupaci\u00f3n en los sectores medios.<\/h3>\n<h3>La liberaci\u00f3n en los precios de los combustibles, adem\u00e1s, ya comenz\u00f3 a aplicarse, con los ajustes del 30% promedio aplicados en las \u00faltimas horas.<\/h3>\n<h3>En tanto, los salarios p\u00fablicos ser\u00e1n adecuados a la nueva pauta presupuestaria congelada, lo cual a\u00fan genera dudas sobre su implementaci\u00f3n.<\/h3>\n<h3>Las empresas p\u00fablicas se convertir\u00e1n en sociedades an\u00f3nimas para facilitar su venta.<\/h3>\n","protected":false},"excerpt":{"rendered":"<p>El primer presidente libertario de la Argentina busca aplicar una pol\u00edtica de shock que le&#8230;<\/p>\n","protected":false},"author":1,"featured_media":8167,"comment_status":"closed","ping_status":"closed","sticky":false,"template":"","format":"standard","meta":{"footnotes":""},"categories":[5],"tags":[],"class_list":["post-8165","post","type-post","status-publish","format-standard","has-post-thumbnail","hentry","category-nacionales-internacionales"],"yoast_head":"<!-- This site is optimized with the Yoast SEO plugin v26.1.1 - https:\/\/yoast.com\/wordpress\/plugins\/seo\/ -->\n<title>C\u00d3MO ES EL PLAN &quot;MOTOSIERRA&quot; DE JAVIER MILEI Y POR QU\u00c9 QUIERE APLICARLO EN LOS PRIMEROS 100 D\u00cdAS - Apuntes de San Luis<\/title>\n<meta name=\"robots\" content=\"index, follow, max-snippet:-1, max-image-preview:large, max-video-preview:-1\" \/>\n<link rel=\"canonical\" href=\"https:\/\/apuntesdesanluis.com\/index.php\/2023\/12\/10\/como-es-el-plan-motosierra-de-javier-milei-y-por-que-quiere-aplicarlo-en-los-primeros-100-dias\/\" \/>\n<meta property=\"og:locale\" content=\"es_ES\" \/>\n<meta property=\"og:type\" content=\"article\" \/>\n<meta property=\"og:title\" content=\"C\u00d3MO ES EL PLAN &quot;MOTOSIERRA&quot; DE JAVIER MILEI Y POR QU\u00c9 QUIERE APLICARLO EN LOS PRIMEROS 100 D\u00cdAS - Apuntes de San Luis\" \/>\n<meta property=\"og:description\" content=\"El primer presidente libertario de la Argentina busca aplicar una pol\u00edtica de shock que le...\" \/>\n<meta property=\"og:url\" content=\"https:\/\/apuntesdesanluis.com\/index.php\/2023\/12\/10\/como-es-el-plan-motosierra-de-javier-milei-y-por-que-quiere-aplicarlo-en-los-primeros-100-dias\/\" \/>\n<meta property=\"og:site_name\" content=\"Apuntes de San Luis\" \/>\n<meta property=\"article:published_time\" content=\"2023-12-11T01:33:41+00:00\" \/>\n<meta property=\"og:image\" content=\"https:\/\/apuntesdesanluis.com\/wp-content\/uploads\/2023\/12\/milei-motosierra.png\" \/>\n\t<meta property=\"og:image:width\" content=\"716\" \/>\n\t<meta property=\"og:image:height\" content=\"439\" \/>\n\t<meta property=\"og:image:type\" content=\"image\/png\" \/>\n<meta name=\"author\" content=\"apuntesdesanluis.com\" \/>\n<meta name=\"twitter:card\" content=\"summary_large_image\" \/>\n<meta name=\"twitter:label1\" content=\"Escrito por\" \/>\n\t<meta name=\"twitter:data1\" content=\"apuntesdesanluis.com\" \/>\n\t<meta name=\"twitter:label2\" content=\"Tiempo de lectura\" \/>\n\t<meta name=\"twitter:data2\" content=\"3 minutos\" \/>\n<script type=\"application\/ld+json\" class=\"yoast-schema-graph\">{\"@context\":\"https:\/\/schema.org\",\"@graph\":[{\"@type\":\"Article\",\"@id\":\"https:\/\/apuntesdesanluis.com\/index.php\/2023\/12\/10\/como-es-el-plan-motosierra-de-javier-milei-y-por-que-quiere-aplicarlo-en-los-primeros-100-dias\/#article\",\"isPartOf\":{\"@id\":\"https:\/\/apuntesdesanluis.com\/index.php\/2023\/12\/10\/como-es-el-plan-motosierra-de-javier-milei-y-por-que-quiere-aplicarlo-en-los-primeros-100-dias\/\"},\"author\":{\"name\":\"apuntesdesanluis.com\",\"@id\":\"https:\/\/apuntesdesanluis.com\/#\/schema\/person\/b55151d52296fcce64d1a72538a70b90\"},\"headline\":\"C\u00d3MO ES EL PLAN &#8220;MOTOSIERRA&#8221; DE JAVIER MILEI Y POR QU\u00c9 QUIERE APLICARLO EN LOS PRIMEROS 100 D\u00cdAS\",\"datePublished\":\"2023-12-11T01:33:41+00:00\",\"mainEntityOfPage\":{\"@id\":\"https:\/\/apuntesdesanluis.com\/index.php\/2023\/12\/10\/como-es-el-plan-motosierra-de-javier-milei-y-por-que-quiere-aplicarlo-en-los-primeros-100-dias\/\"},\"wordCount\":593,\"publisher\":{\"@id\":\"https:\/\/apuntesdesanluis.com\/#\/schema\/person\/b55151d52296fcce64d1a72538a70b90\"},\"image\":{\"@id\":\"https:\/\/apuntesdesanluis.com\/index.php\/2023\/12\/10\/como-es-el-plan-motosierra-de-javier-milei-y-por-que-quiere-aplicarlo-en-los-primeros-100-dias\/#primaryimage\"},\"thumbnailUrl\":\"https:\/\/apuntesdesanluis.com\/wp-content\/uploads\/2023\/12\/milei-motosierra.png\",\"articleSection\":[\"Nacionales\/Internacionales\"],\"inLanguage\":\"es-AR\"},{\"@type\":\"WebPage\",\"@id\":\"https:\/\/apuntesdesanluis.com\/index.php\/2023\/12\/10\/como-es-el-plan-motosierra-de-javier-milei-y-por-que-quiere-aplicarlo-en-los-primeros-100-dias\/\",\"url\":\"https:\/\/apuntesdesanluis.com\/index.php\/2023\/12\/10\/como-es-el-plan-motosierra-de-javier-milei-y-por-que-quiere-aplicarlo-en-los-primeros-100-dias\/\",\"name\":\"C\u00d3MO ES EL PLAN \\\"MOTOSIERRA\\\" DE JAVIER MILEI Y POR QU\u00c9 QUIERE APLICARLO EN LOS PRIMEROS 100 D\u00cdAS - Apuntes de San Luis\",\"isPartOf\":{\"@id\":\"https:\/\/apuntesdesanluis.com\/#website\"},\"primaryImageOfPage\":{\"@id\":\"https:\/\/apuntesdesanluis.com\/index.php\/2023\/12\/10\/como-es-el-plan-motosierra-de-javier-milei-y-por-que-quiere-aplicarlo-en-los-primeros-100-dias\/#primaryimage\"},\"image\":{\"@id\":\"https:\/\/apuntesdesanluis.com\/index.php\/2023\/12\/10\/como-es-el-plan-motosierra-de-javier-milei-y-por-que-quiere-aplicarlo-en-los-primeros-100-dias\/#primaryimage\"},\"thumbnailUrl\":\"https:\/\/apuntesdesanluis.com\/wp-content\/uploads\/2023\/12\/milei-motosierra.png\",\"datePublished\":\"2023-12-11T01:33:41+00:00\",\"breadcrumb\":{\"@id\":\"https:\/\/apuntesdesanluis.com\/index.php\/2023\/12\/10\/como-es-el-plan-motosierra-de-javier-milei-y-por-que-quiere-aplicarlo-en-los-primeros-100-dias\/#breadcrumb\"},\"inLanguage\":\"es-AR\",\"potentialAction\":[{\"@type\":\"ReadAction\",\"target\":[\"https:\/\/apuntesdesanluis.com\/index.php\/2023\/12\/10\/como-es-el-plan-motosierra-de-javier-milei-y-por-que-quiere-aplicarlo-en-los-primeros-100-dias\/\"]}]},{\"@type\":\"ImageObject\",\"inLanguage\":\"es-AR\",\"@id\":\"https:\/\/apuntesdesanluis.com\/index.php\/2023\/12\/10\/como-es-el-plan-motosierra-de-javier-milei-y-por-que-quiere-aplicarlo-en-los-primeros-100-dias\/#primaryimage\",\"url\":\"https:\/\/apuntesdesanluis.com\/wp-content\/uploads\/2023\/12\/milei-motosierra.png\",\"contentUrl\":\"https:\/\/apuntesdesanluis.com\/wp-content\/uploads\/2023\/12\/milei-motosierra.png\",\"width\":716,\"height\":439},{\"@type\":\"BreadcrumbList\",\"@id\":\"https:\/\/apuntesdesanluis.com\/index.php\/2023\/12\/10\/como-es-el-plan-motosierra-de-javier-milei-y-por-que-quiere-aplicarlo-en-los-primeros-100-dias\/#breadcrumb\",\"itemListElement\":[{\"@type\":\"ListItem\",\"position\":1,\"name\":\"Inicio\",\"item\":\"https:\/\/apuntesdesanluis.com\/\"},{\"@type\":\"ListItem\",\"position\":2,\"name\":\"C\u00d3MO ES EL PLAN &#8220;MOTOSIERRA&#8221; DE JAVIER MILEI Y POR QU\u00c9 QUIERE APLICARLO EN LOS PRIMEROS 100 D\u00cdAS\"}]},{\"@type\":\"WebSite\",\"@id\":\"https:\/\/apuntesdesanluis.com\/#website\",\"url\":\"https:\/\/apuntesdesanluis.com\/\",\"name\":\"Apuntes de San Luis\",\"description\":\"\",\"publisher\":{\"@id\":\"https:\/\/apuntesdesanluis.com\/#\/schema\/person\/b55151d52296fcce64d1a72538a70b90\"},\"potentialAction\":[{\"@type\":\"SearchAction\",\"target\":{\"@type\":\"EntryPoint\",\"urlTemplate\":\"https:\/\/apuntesdesanluis.com\/?s={search_term_string}\"},\"query-input\":{\"@type\":\"PropertyValueSpecification\",\"valueRequired\":true,\"valueName\":\"search_term_string\"}}],\"inLanguage\":\"es-AR\"},{\"@type\":[\"Person\",\"Organization\"],\"@id\":\"https:\/\/apuntesdesanluis.com\/#\/schema\/person\/b55151d52296fcce64d1a72538a70b90\",\"name\":\"apuntesdesanluis.com\",\"image\":{\"@type\":\"ImageObject\",\"inLanguage\":\"es-AR\",\"@id\":\"https:\/\/apuntesdesanluis.com\/#\/schema\/person\/image\/\",\"url\":\"https:\/\/apuntesdesanluis.com\/wp-content\/uploads\/2023\/07\/cropped-apuntesdesanluis.png\",\"contentUrl\":\"https:\/\/apuntesdesanluis.com\/wp-content\/uploads\/2023\/07\/cropped-apuntesdesanluis.png\",\"width\":450,\"height\":112,\"caption\":\"apuntesdesanluis.com\"},\"logo\":{\"@id\":\"https:\/\/apuntesdesanluis.com\/#\/schema\/person\/image\/\"},\"sameAs\":[\"https:\/\/apuntesdesanluis.com\"],\"url\":\"https:\/\/apuntesdesanluis.com\/index.php\/author\/apuntesdesanluis-com\/\"}]}<\/script>\n<!-- \/ Yoast SEO plugin. -->","yoast_head_json":{"title":"C\u00d3MO ES EL PLAN \"MOTOSIERRA\" DE JAVIER MILEI Y POR QU\u00c9 QUIERE APLICARLO EN LOS PRIMEROS 100 D\u00cdAS - Apuntes de San Luis","robots":{"index":"index","follow":"follow","max-snippet":"max-snippet:-1","max-image-preview":"max-image-preview:large","max-video-preview":"max-video-preview:-1"},"canonical":"https:\/\/apuntesdesanluis.com\/index.php\/2023\/12\/10\/como-es-el-plan-motosierra-de-javier-milei-y-por-que-quiere-aplicarlo-en-los-primeros-100-dias\/","og_locale":"es_ES","og_type":"article","og_title":"C\u00d3MO ES EL PLAN \"MOTOSIERRA\" DE JAVIER MILEI Y POR QU\u00c9 QUIERE APLICARLO EN LOS PRIMEROS 100 D\u00cdAS - Apuntes de San Luis","og_description":"El primer presidente libertario de la Argentina busca aplicar una pol\u00edtica de shock que le...","og_url":"https:\/\/apuntesdesanluis.com\/index.php\/2023\/12\/10\/como-es-el-plan-motosierra-de-javier-milei-y-por-que-quiere-aplicarlo-en-los-primeros-100-dias\/","og_site_name":"Apuntes de San Luis","article_published_time":"2023-12-11T01:33:41+00:00","og_image":[{"width":716,"height":439,"url":"https:\/\/apuntesdesanluis.com\/wp-content\/uploads\/2023\/12\/milei-motosierra.png","type":"image\/png"}],"author":"apuntesdesanluis.com","twitter_card":"summary_large_image","twitter_misc":{"Escrito por":"apuntesdesanluis.com","Tiempo de lectura":"3 minutos"},"schema":{"@context":"https:\/\/schema.org","@graph":[{"@type":"Article","@id":"https:\/\/apuntesdesanluis.com\/index.php\/2023\/12\/10\/como-es-el-plan-motosierra-de-javier-milei-y-por-que-quiere-aplicarlo-en-los-primeros-100-dias\/#article","isPartOf":{"@id":"https:\/\/apuntesdesanluis.com\/index.php\/2023\/12\/10\/como-es-el-plan-motosierra-de-javier-milei-y-por-que-quiere-aplicarlo-en-los-primeros-100-dias\/"},"author":{"name":"apuntesdesanluis.com","@id":"https:\/\/apuntesdesanluis.com\/#\/schema\/person\/b55151d52296fcce64d1a72538a70b90"},"headline":"C\u00d3MO ES EL PLAN &#8220;MOTOSIERRA&#8221; DE JAVIER MILEI Y POR QU\u00c9 QUIERE APLICARLO EN LOS PRIMEROS 100 D\u00cdAS","datePublished":"2023-12-11T01:33:41+00:00","mainEntityOfPage":{"@id":"https:\/\/apuntesdesanluis.com\/index.php\/2023\/12\/10\/como-es-el-plan-motosierra-de-javier-milei-y-por-que-quiere-aplicarlo-en-los-primeros-100-dias\/"},"wordCount":593,"publisher":{"@id":"https:\/\/apuntesdesanluis.com\/#\/schema\/person\/b55151d52296fcce64d1a72538a70b90"},"image":{"@id":"https:\/\/apuntesdesanluis.com\/index.php\/2023\/12\/10\/como-es-el-plan-motosierra-de-javier-milei-y-por-que-quiere-aplicarlo-en-los-primeros-100-dias\/#primaryimage"},"thumbnailUrl":"https:\/\/apuntesdesanluis.com\/wp-content\/uploads\/2023\/12\/milei-motosierra.png","articleSection":["Nacionales\/Internacionales"],"inLanguage":"es-AR"},{"@type":"WebPage","@id":"https:\/\/apuntesdesanluis.com\/index.php\/2023\/12\/10\/como-es-el-plan-motosierra-de-javier-milei-y-por-que-quiere-aplicarlo-en-los-primeros-100-dias\/","url":"https:\/\/apuntesdesanluis.com\/index.php\/2023\/12\/10\/como-es-el-plan-motosierra-de-javier-milei-y-por-que-quiere-aplicarlo-en-los-primeros-100-dias\/","name":"C\u00d3MO ES EL PLAN \"MOTOSIERRA\" DE JAVIER MILEI Y POR QU\u00c9 QUIERE APLICARLO EN LOS PRIMEROS 100 D\u00cdAS - Apuntes de San Luis","isPartOf":{"@id":"https:\/\/apuntesdesanluis.com\/#website"},"primaryImageOfPage":{"@id":"https:\/\/apuntesdesanluis.com\/index.php\/2023\/12\/10\/como-es-el-plan-motosierra-de-javier-milei-y-por-que-quiere-aplicarlo-en-los-primeros-100-dias\/#primaryimage"},"image":{"@id":"https:\/\/apuntesdesanluis.com\/index.php\/2023\/12\/10\/como-es-el-plan-motosierra-de-javier-milei-y-por-que-quiere-aplicarlo-en-los-primeros-100-dias\/#primaryimage"},"thumbnailUrl":"https:\/\/apuntesdesanluis.com\/wp-content\/uploads\/2023\/12\/milei-motosierra.png","datePublished":"2023-12-11T01:33:41+00:00","breadcrumb":{"@id":"https:\/\/apuntesdesanluis.com\/index.php\/2023\/12\/10\/como-es-el-plan-motosierra-de-javier-milei-y-por-que-quiere-aplicarlo-en-los-primeros-100-dias\/#breadcrumb"},"inLanguage":"es-AR","potentialAction":[{"@type":"ReadAction","target":["https:\/\/apuntesdesanluis.com\/index.php\/2023\/12\/10\/como-es-el-plan-motosierra-de-javier-milei-y-por-que-quiere-aplicarlo-en-los-primeros-100-dias\/"]}]},{"@type":"ImageObject","inLanguage":"es-AR","@id":"https:\/\/apuntesdesanluis.com\/index.php\/2023\/12\/10\/como-es-el-plan-motosierra-de-javier-milei-y-por-que-quiere-aplicarlo-en-los-primeros-100-dias\/#primaryimage","url":"https:\/\/apuntesdesanluis.com\/wp-content\/uploads\/2023\/12\/milei-motosierra.png","contentUrl":"https:\/\/apuntesdesanluis.com\/wp-content\/uploads\/2023\/12\/milei-motosierra.png","width":716,"height":439},{"@type":"BreadcrumbList","@id":"https:\/\/apuntesdesanluis.com\/index.php\/2023\/12\/10\/como-es-el-plan-motosierra-de-javier-milei-y-por-que-quiere-aplicarlo-en-los-primeros-100-dias\/#breadcrumb","itemListElement":[{"@type":"ListItem","position":1,"name":"Inicio","item":"https:\/\/apuntesdesanluis.com\/"},{"@type":"ListItem","position":2,"name":"C\u00d3MO ES EL PLAN &#8220;MOTOSIERRA&#8221; DE JAVIER MILEI Y POR QU\u00c9 QUIERE APLICARLO EN LOS PRIMEROS 100 D\u00cdAS"}]},{"@type":"WebSite","@id":"https:\/\/apuntesdesanluis.com\/#website","url":"https:\/\/apuntesdesanluis.com\/","name":"Apuntes de San Luis","description":"","publisher":{"@id":"https:\/\/apuntesdesanluis.com\/#\/schema\/person\/b55151d52296fcce64d1a72538a70b90"},"potentialAction":[{"@type":"SearchAction","target":{"@type":"EntryPoint","urlTemplate":"https:\/\/apuntesdesanluis.com\/?s={search_term_string}"},"query-input":{"@type":"PropertyValueSpecification","valueRequired":true,"valueName":"search_term_string"}}],"inLanguage":"es-AR"},{"@type":["Person","Organization"],"@id":"https:\/\/apuntesdesanluis.com\/#\/schema\/person\/b55151d52296fcce64d1a72538a70b90","name":"apuntesdesanluis.com","image":{"@type":"ImageObject","inLanguage":"es-AR","@id":"https:\/\/apuntesdesanluis.com\/#\/schema\/person\/image\/","url":"https:\/\/apuntesdesanluis.com\/wp-content\/uploads\/2023\/07\/cropped-apuntesdesanluis.png","contentUrl":"https:\/\/apuntesdesanluis.com\/wp-content\/uploads\/2023\/07\/cropped-apuntesdesanluis.png","width":450,"height":112,"caption":"apuntesdesanluis.com"},"logo":{"@id":"https:\/\/apuntesdesanluis.com\/#\/schema\/person\/image\/"},"sameAs":["https:\/\/apuntesdesanluis.com"],"url":"https:\/\/apuntesdesanluis.com\/index.php\/author\/apuntesdesanluis-com\/"}]}},"featured_image_urls":{"full":["https:\/\/apuntesdesanluis.com\/wp-content\/uploads\/2023\/12\/milei-motosierra.png",716,439,false],"thumbnail":["https:\/\/apuntesdesanluis.com\/wp-content\/uploads\/2023\/12\/milei-motosierra-150x150.png",150,150,true],"medium":["https:\/\/apuntesdesanluis.com\/wp-content\/uploads\/2023\/12\/milei-motosierra-300x184.png",300,184,true],"medium_large":["https:\/\/apuntesdesanluis.com\/wp-content\/uploads\/2023\/12\/milei-motosierra.png",640,392,false],"large":["https:\/\/apuntesdesanluis.com\/wp-content\/uploads\/2023\/12\/milei-motosierra.png",640,392,false],"1536x1536":["https:\/\/apuntesdesanluis.com\/wp-content\/uploads\/2023\/12\/milei-motosierra.png",716,439,false],"2048x2048":["https:\/\/apuntesdesanluis.com\/wp-content\/uploads\/2023\/12\/milei-motosierra.png",716,439,false],"newsever-slider-full":["https:\/\/apuntesdesanluis.com\/wp-content\/uploads\/2023\/12\/milei-motosierra.png",716,439,false],"newsever-featured":["https:\/\/apuntesdesanluis.com\/wp-content\/uploads\/2023\/12\/milei-motosierra.png",716,439,false],"newsever-medium":["https:\/\/apuntesdesanluis.com\/wp-content\/uploads\/2023\/12\/milei-motosierra.png",716,439,false]},"author_info":{"display_name":"apuntesdesanluis.com","author_link":"https:\/\/apuntesdesanluis.com\/index.php\/author\/apuntesdesanluis-com\/"},"category_info":"<a href=\"https:\/\/apuntesdesanluis.com\/index.php\/category\/nacionales-internacionales\/\" rel=\"category tag\">Nacionales\/Internacionales<\/a>","tag_info":"Nacionales\/Internacionales","comment_count":"0","_links":{"self":[{"href":"https:\/\/apuntesdesanluis.com\/index.php\/wp-json\/wp\/v2\/posts\/8165","targetHints":{"allow":["GET"]}}],"collection":[{"href":"https:\/\/apuntesdesanluis.com\/index.php\/wp-json\/wp\/v2\/posts"}],"about":[{"href":"https:\/\/apuntesdesanluis.com\/index.php\/wp-json\/wp\/v2\/types\/post"}],"author":[{"embeddable":true,"href":"https:\/\/apuntesdesanluis.com\/index.php\/wp-json\/wp\/v2\/users\/1"}],"replies":[{"embeddable":true,"href":"https:\/\/apuntesdesanluis.com\/index.php\/wp-json\/wp\/v2\/comments?post=8165"}],"version-history":[{"count":1,"href":"https:\/\/apuntesdesanluis.com\/index.php\/wp-json\/wp\/v2\/posts\/8165\/revisions"}],"predecessor-version":[{"id":8166,"href":"https:\/\/apuntesdesanluis.com\/index.php\/wp-json\/wp\/v2\/posts\/8165\/revisions\/8166"}],"wp:featuredmedia":[{"embeddable":true,"href":"https:\/\/apuntesdesanluis.com\/index.php\/wp-json\/wp\/v2\/media\/8167"}],"wp:attachment":[{"href":"https:\/\/apuntesdesanluis.com\/index.php\/wp-json\/wp\/v2\/media?parent=8165"}],"wp:term":[{"taxonomy":"category","embeddable":true,"href":"https:\/\/apuntesdesanluis.com\/index.php\/wp-json\/wp\/v2\/categories?post=8165"},{"taxonomy":"post_tag","embeddable":true,"href":"https:\/\/apuntesdesanluis.com\/index.php\/wp-json\/wp\/v2\/tags?post=8165"}],"curies":[{"name":"wp","href":"https:\/\/api.w.org\/{rel}","templated":true}]}}