{"id":8168,"date":"2023-12-10T22:42:59","date_gmt":"2023-12-11T01:42:59","guid":{"rendered":"https:\/\/apuntesdesanluis.com\/?p=8168"},"modified":"2023-12-10T22:42:59","modified_gmt":"2023-12-11T01:42:59","slug":"milei-designo-a-su-rabino-como-embajador-de-la-argentina-en-israel","status":"publish","type":"post","link":"https:\/\/apuntesdesanluis.com\/index.php\/2023\/12\/10\/milei-designo-a-su-rabino-como-embajador-de-la-argentina-en-israel\/","title":{"rendered":"MILEI DESIGN\u00d3 A SU RABINO COMO EMBAJADOR DE LA ARGENTINA EN ISRAEL"},"content":{"rendered":"<h3><strong>Javier Milei<\/strong> design\u00f3 a su rabino <strong>Shimon Axel Wahnish<\/strong> como embajador argentino en <strong>Israel<\/strong>. Wahnish es un prestigioso integrante de la comunidad judeo marroqu\u00ed, que ense\u00f1a al presidente la Tora y que se convirti\u00f3 en su gu\u00eda espiritual. \u201cMe ayuda mucho, como mi hermana Karina\u201d, sostiene Milei cuando explica su relaci\u00f3n personal con el futuro representante diplom\u00e1tico del pa\u00eds.<\/h3>\n<h3>El rabino Wahnish llegar\u00e1 a Tel Aviv en un complejo momento pol\u00edtico, tras el ataque terrorista ejecutado por Hamas que caus\u00f3 m\u00e1s de 1.200 muertos, un n\u00famero todav\u00eda indeterminado de violados y mutilados, y decenas de secuestrados que todav\u00eda permanecen cautivos en los t\u00faneles secretos de Gaza.<\/h3>\n<h3>La canciller Diana Mondino se reuni\u00f3 con el ministro de Relaciones Exteriores de Israel, Eli Cohen, para analizar la situaci\u00f3n en Medio Oriente y definir una agenda com\u00fan de colaboraci\u00f3n en el escenario internacional. En ese c\u00f3nclave estuvo el rabino Wahnish, que fue presentado por Mondino a Cohen como el pr\u00f3ximo embajador argentino en Israel.<\/h3>\n<h3>El futuro embajador Wahnish llegar\u00e1 a Tel Aviv con una agenda geopol\u00edtica que ya convers\u00f3 el presidente Milei con el canciller Cohen. Ayer a la noche, Milei y Cohen mantuvieron una reuni\u00f3n de trabajo adonde qued\u00f3 ratificada la posici\u00f3n de Argentina frente al ataque terrorista ejecutado por Hamas contra Israel.<\/h3>\n<h3>\u201cQuiero expresar mi absoluta solidaridad con el pueblo de Israel tras los terribles actos cometidos por la organizaci\u00f3n terrorista Hamas. Condenamos lo sucedido de manera tajante y clara. Apoyo el pleno derecho de Israel a defenderse contra esos ataques\u201d, sostuvo el jefe de Estado durante su encuentro con Cohen.<\/h3>\n<h3>A su turno, el canciller rescat\u00f3 la condena p\u00fablica de Milei a la operaci\u00f3n terrorista liderada por Hamas, que protagoniz\u00f3 una tragedia sin antecedentes en Medio Oriente. \u201cLe agradec\u00ed al presidente Milei su firme apoyo a Israel en su lucha contra el terrorismo y su intenci\u00f3n de declarar a Hamas como organizaci\u00f3n terrorista, as\u00ed como por su llamado a la liberaci\u00f3n incondicional de los secuestrados\u201d, dijo Cohen.<\/h3>\n<h3>El rabino Wahnish no tiene experiencia diplom\u00e1tica, pero Milei conf\u00eda en su criterio religioso para representar a la Argentina en un Estado que es el epicentro de la agenda global. Israel est\u00e1 combatiendo a Hamas en Gaza, mientras enfrenta una ola de repudio a nivel internacional y negocia con Qatar la libertad de los 138 rehenes que a\u00fan padecen en la oscuridad de los t\u00faneles de la Franja.<\/h3>\n<p><img fetchpriority=\"high\" decoding=\"async\" class=\"wp-image-8170 aligncenter\" src=\"https:\/\/apuntesdesanluis.com\/wp-content\/uploads\/2023\/12\/SALUDO-1-300x212.png\" alt=\"\" width=\"761\" height=\"538\" srcset=\"https:\/\/apuntesdesanluis.com\/wp-content\/uploads\/2023\/12\/SALUDO-1-300x212.png 300w, https:\/\/apuntesdesanluis.com\/wp-content\/uploads\/2023\/12\/SALUDO-1.png 636w\" sizes=\"(max-width: 761px) 100vw, 761px\" \/><\/p>\n<h3>Wahnish deber\u00e1 cumplir una agenda de pol\u00edtica exterior que tendr\u00e1 como eje principal el conflicto entre Israel y la organizaci\u00f3n terrorista financiada y entrenada por Ir\u00e1n. No hay otro asunto m\u00e1s importante en las relaciones bilaterales entre ambos pa\u00edses.<\/h3>\n<h3>En este contexto, el rabino judeo marroqu\u00ed tendr\u00e1 que articular mecanismos de negociaci\u00f3n con Egipto, Turqu\u00eda, Qatar y Estados Unidos para lograr que se liberen a los rehenes argentinos, y a su vez planificar un movimiento diplom\u00e1tico que tendr\u00eda que desembocar en la apertura de la embajada argentina en Jerusal\u00e9n.<\/h3>\n<h3>Cuando el presidente convoque a sesiones extraordinarias, el pliego diplom\u00e1tico de Wahnish ser\u00e1 enviado a la C\u00e1mara Alta. Los senadores citar\u00e1n a una audiencia al rabino, y en ese escenario pol\u00edtico le preguntar\u00e1n sobre su mirada de Medio Oriente y su perspectiva sobre el conflicto que enfrenta a Israel con la organizaci\u00f3n terrorista Hamas.<\/h3>\n<h3>Tras este proceso parlamentario formal, la designaci\u00f3n pol\u00edtica de Wahnish -en la jerga \u201cun art\u00edculo 5\u2033- llegar\u00e1 al recinto de sesiones para su tratamiento. Eso ocurrir\u00eda hacia mediados de enero, y no deber\u00eda aparecer ning\u00fan obst\u00e1culo en el camino.<\/h3>\n<h3>Wahnish es muy respetado en la comunidad jud\u00eda y tiene el apoyo pol\u00edtico de Milei, que lo convirti\u00f3 en su gu\u00eda espiritual y en su maestro en la lectura y la interpretaci\u00f3n religiosa de la Tora.<\/h3>\n<p>&nbsp;<\/p>\n<p>&nbsp;<\/p>\n<p>&nbsp;<\/p>\n<p>&nbsp;<\/p>\n<p>&nbsp;<\/p>\n","protected":false},"excerpt":{"rendered":"<p>Javier Milei design\u00f3 a su rabino Shimon Axel Wahnish como embajador argentino en Israel. Wahnish&#8230;<\/p>\n","protected":false},"author":1,"featured_media":8169,"comment_status":"closed","ping_status":"closed","sticky":false,"template":"","format":"standard","meta":{"footnotes":""},"categories":[5],"tags":[],"class_list":["post-8168","post","type-post","status-publish","format-standard","has-post-thumbnail","hentry","category-nacionales-internacionales"],"yoast_head":"<!-- This site is optimized with the Yoast SEO plugin v26.1.1 - https:\/\/yoast.com\/wordpress\/plugins\/seo\/ -->\n<title>MILEI DESIGN\u00d3 A SU RABINO COMO EMBAJADOR DE LA ARGENTINA EN ISRAEL - Apuntes de San Luis<\/title>\n<meta name=\"robots\" content=\"index, follow, max-snippet:-1, max-image-preview:large, max-video-preview:-1\" \/>\n<link rel=\"canonical\" href=\"https:\/\/apuntesdesanluis.com\/index.php\/2023\/12\/10\/milei-designo-a-su-rabino-como-embajador-de-la-argentina-en-israel\/\" \/>\n<meta property=\"og:locale\" content=\"es_ES\" \/>\n<meta property=\"og:type\" content=\"article\" \/>\n<meta property=\"og:title\" content=\"MILEI DESIGN\u00d3 A SU RABINO COMO EMBAJADOR DE LA ARGENTINA EN ISRAEL - Apuntes de San Luis\" \/>\n<meta property=\"og:description\" content=\"Javier Milei design\u00f3 a su rabino Shimon Axel Wahnish como embajador argentino en Israel. Wahnish...\" \/>\n<meta property=\"og:url\" content=\"https:\/\/apuntesdesanluis.com\/index.php\/2023\/12\/10\/milei-designo-a-su-rabino-como-embajador-de-la-argentina-en-israel\/\" \/>\n<meta property=\"og:site_name\" content=\"Apuntes de San Luis\" \/>\n<meta property=\"article:published_time\" content=\"2023-12-11T01:42:59+00:00\" \/>\n<meta property=\"og:image\" content=\"https:\/\/apuntesdesanluis.com\/wp-content\/uploads\/2023\/12\/RABINO.png\" \/>\n\t<meta property=\"og:image:width\" content=\"713\" \/>\n\t<meta property=\"og:image:height\" content=\"414\" \/>\n\t<meta property=\"og:image:type\" content=\"image\/png\" \/>\n<meta name=\"author\" content=\"apuntesdesanluis.com\" \/>\n<meta name=\"twitter:card\" content=\"summary_large_image\" \/>\n<meta name=\"twitter:label1\" content=\"Escrito por\" \/>\n\t<meta name=\"twitter:data1\" content=\"apuntesdesanluis.com\" \/>\n\t<meta name=\"twitter:label2\" content=\"Tiempo de lectura\" \/>\n\t<meta name=\"twitter:data2\" content=\"4 minutos\" \/>\n<script type=\"application\/ld+json\" class=\"yoast-schema-graph\">{\"@context\":\"https:\/\/schema.org\",\"@graph\":[{\"@type\":\"Article\",\"@id\":\"https:\/\/apuntesdesanluis.com\/index.php\/2023\/12\/10\/milei-designo-a-su-rabino-como-embajador-de-la-argentina-en-israel\/#article\",\"isPartOf\":{\"@id\":\"https:\/\/apuntesdesanluis.com\/index.php\/2023\/12\/10\/milei-designo-a-su-rabino-como-embajador-de-la-argentina-en-israel\/\"},\"author\":{\"name\":\"apuntesdesanluis.com\",\"@id\":\"https:\/\/apuntesdesanluis.com\/#\/schema\/person\/b55151d52296fcce64d1a72538a70b90\"},\"headline\":\"MILEI DESIGN\u00d3 A SU RABINO COMO EMBAJADOR DE LA ARGENTINA EN ISRAEL\",\"datePublished\":\"2023-12-11T01:42:59+00:00\",\"mainEntityOfPage\":{\"@id\":\"https:\/\/apuntesdesanluis.com\/index.php\/2023\/12\/10\/milei-designo-a-su-rabino-como-embajador-de-la-argentina-en-israel\/\"},\"wordCount\":684,\"publisher\":{\"@id\":\"https:\/\/apuntesdesanluis.com\/#\/schema\/person\/b55151d52296fcce64d1a72538a70b90\"},\"image\":{\"@id\":\"https:\/\/apuntesdesanluis.com\/index.php\/2023\/12\/10\/milei-designo-a-su-rabino-como-embajador-de-la-argentina-en-israel\/#primaryimage\"},\"thumbnailUrl\":\"https:\/\/apuntesdesanluis.com\/wp-content\/uploads\/2023\/12\/RABINO.png\",\"articleSection\":[\"Nacionales\/Internacionales\"],\"inLanguage\":\"es-AR\"},{\"@type\":\"WebPage\",\"@id\":\"https:\/\/apuntesdesanluis.com\/index.php\/2023\/12\/10\/milei-designo-a-su-rabino-como-embajador-de-la-argentina-en-israel\/\",\"url\":\"https:\/\/apuntesdesanluis.com\/index.php\/2023\/12\/10\/milei-designo-a-su-rabino-como-embajador-de-la-argentina-en-israel\/\",\"name\":\"MILEI DESIGN\u00d3 A SU RABINO COMO EMBAJADOR DE LA ARGENTINA EN ISRAEL - Apuntes de San Luis\",\"isPartOf\":{\"@id\":\"https:\/\/apuntesdesanluis.com\/#website\"},\"primaryImageOfPage\":{\"@id\":\"https:\/\/apuntesdesanluis.com\/index.php\/2023\/12\/10\/milei-designo-a-su-rabino-como-embajador-de-la-argentina-en-israel\/#primaryimage\"},\"image\":{\"@id\":\"https:\/\/apuntesdesanluis.com\/index.php\/2023\/12\/10\/milei-designo-a-su-rabino-como-embajador-de-la-argentina-en-israel\/#primaryimage\"},\"thumbnailUrl\":\"https:\/\/apuntesdesanluis.com\/wp-content\/uploads\/2023\/12\/RABINO.png\",\"datePublished\":\"2023-12-11T01:42:59+00:00\",\"breadcrumb\":{\"@id\":\"https:\/\/apuntesdesanluis.com\/index.php\/2023\/12\/10\/milei-designo-a-su-rabino-como-embajador-de-la-argentina-en-israel\/#breadcrumb\"},\"inLanguage\":\"es-AR\",\"potentialAction\":[{\"@type\":\"ReadAction\",\"target\":[\"https:\/\/apuntesdesanluis.com\/index.php\/2023\/12\/10\/milei-designo-a-su-rabino-como-embajador-de-la-argentina-en-israel\/\"]}]},{\"@type\":\"ImageObject\",\"inLanguage\":\"es-AR\",\"@id\":\"https:\/\/apuntesdesanluis.com\/index.php\/2023\/12\/10\/milei-designo-a-su-rabino-como-embajador-de-la-argentina-en-israel\/#primaryimage\",\"url\":\"https:\/\/apuntesdesanluis.com\/wp-content\/uploads\/2023\/12\/RABINO.png\",\"contentUrl\":\"https:\/\/apuntesdesanluis.com\/wp-content\/uploads\/2023\/12\/RABINO.png\",\"width\":713,\"height\":414},{\"@type\":\"BreadcrumbList\",\"@id\":\"https:\/\/apuntesdesanluis.com\/index.php\/2023\/12\/10\/milei-designo-a-su-rabino-como-embajador-de-la-argentina-en-israel\/#breadcrumb\",\"itemListElement\":[{\"@type\":\"ListItem\",\"position\":1,\"name\":\"Inicio\",\"item\":\"https:\/\/apuntesdesanluis.com\/\"},{\"@type\":\"ListItem\",\"position\":2,\"name\":\"MILEI DESIGN\u00d3 A SU RABINO COMO EMBAJADOR DE LA ARGENTINA EN ISRAEL\"}]},{\"@type\":\"WebSite\",\"@id\":\"https:\/\/apuntesdesanluis.com\/#website\",\"url\":\"https:\/\/apuntesdesanluis.com\/\",\"name\":\"Apuntes de San Luis\",\"description\":\"\",\"publisher\":{\"@id\":\"https:\/\/apuntesdesanluis.com\/#\/schema\/person\/b55151d52296fcce64d1a72538a70b90\"},\"potentialAction\":[{\"@type\":\"SearchAction\",\"target\":{\"@type\":\"EntryPoint\",\"urlTemplate\":\"https:\/\/apuntesdesanluis.com\/?s={search_term_string}\"},\"query-input\":{\"@type\":\"PropertyValueSpecification\",\"valueRequired\":true,\"valueName\":\"search_term_string\"}}],\"inLanguage\":\"es-AR\"},{\"@type\":[\"Person\",\"Organization\"],\"@id\":\"https:\/\/apuntesdesanluis.com\/#\/schema\/person\/b55151d52296fcce64d1a72538a70b90\",\"name\":\"apuntesdesanluis.com\",\"image\":{\"@type\":\"ImageObject\",\"inLanguage\":\"es-AR\",\"@id\":\"https:\/\/apuntesdesanluis.com\/#\/schema\/person\/image\/\",\"url\":\"https:\/\/apuntesdesanluis.com\/wp-content\/uploads\/2023\/07\/cropped-apuntesdesanluis.png\",\"contentUrl\":\"https:\/\/apuntesdesanluis.com\/wp-content\/uploads\/2023\/07\/cropped-apuntesdesanluis.png\",\"width\":450,\"height\":112,\"caption\":\"apuntesdesanluis.com\"},\"logo\":{\"@id\":\"https:\/\/apuntesdesanluis.com\/#\/schema\/person\/image\/\"},\"sameAs\":[\"https:\/\/apuntesdesanluis.com\"],\"url\":\"https:\/\/apuntesdesanluis.com\/index.php\/author\/apuntesdesanluis-com\/\"}]}<\/script>\n<!-- \/ Yoast SEO plugin. -->","yoast_head_json":{"title":"MILEI DESIGN\u00d3 A SU RABINO COMO EMBAJADOR DE LA ARGENTINA EN ISRAEL - Apuntes de San Luis","robots":{"index":"index","follow":"follow","max-snippet":"max-snippet:-1","max-image-preview":"max-image-preview:large","max-video-preview":"max-video-preview:-1"},"canonical":"https:\/\/apuntesdesanluis.com\/index.php\/2023\/12\/10\/milei-designo-a-su-rabino-como-embajador-de-la-argentina-en-israel\/","og_locale":"es_ES","og_type":"article","og_title":"MILEI DESIGN\u00d3 A SU RABINO COMO EMBAJADOR DE LA ARGENTINA EN ISRAEL - Apuntes de San Luis","og_description":"Javier Milei design\u00f3 a su rabino Shimon Axel Wahnish como embajador argentino en Israel. Wahnish...","og_url":"https:\/\/apuntesdesanluis.com\/index.php\/2023\/12\/10\/milei-designo-a-su-rabino-como-embajador-de-la-argentina-en-israel\/","og_site_name":"Apuntes de San Luis","article_published_time":"2023-12-11T01:42:59+00:00","og_image":[{"width":713,"height":414,"url":"https:\/\/apuntesdesanluis.com\/wp-content\/uploads\/2023\/12\/RABINO.png","type":"image\/png"}],"author":"apuntesdesanluis.com","twitter_card":"summary_large_image","twitter_misc":{"Escrito por":"apuntesdesanluis.com","Tiempo de lectura":"4 minutos"},"schema":{"@context":"https:\/\/schema.org","@graph":[{"@type":"Article","@id":"https:\/\/apuntesdesanluis.com\/index.php\/2023\/12\/10\/milei-designo-a-su-rabino-como-embajador-de-la-argentina-en-israel\/#article","isPartOf":{"@id":"https:\/\/apuntesdesanluis.com\/index.php\/2023\/12\/10\/milei-designo-a-su-rabino-como-embajador-de-la-argentina-en-israel\/"},"author":{"name":"apuntesdesanluis.com","@id":"https:\/\/apuntesdesanluis.com\/#\/schema\/person\/b55151d52296fcce64d1a72538a70b90"},"headline":"MILEI DESIGN\u00d3 A SU RABINO COMO EMBAJADOR DE LA ARGENTINA EN ISRAEL","datePublished":"2023-12-11T01:42:59+00:00","mainEntityOfPage":{"@id":"https:\/\/apuntesdesanluis.com\/index.php\/2023\/12\/10\/milei-designo-a-su-rabino-como-embajador-de-la-argentina-en-israel\/"},"wordCount":684,"publisher":{"@id":"https:\/\/apuntesdesanluis.com\/#\/schema\/person\/b55151d52296fcce64d1a72538a70b90"},"image":{"@id":"https:\/\/apuntesdesanluis.com\/index.php\/2023\/12\/10\/milei-designo-a-su-rabino-como-embajador-de-la-argentina-en-israel\/#primaryimage"},"thumbnailUrl":"https:\/\/apuntesdesanluis.com\/wp-content\/uploads\/2023\/12\/RABINO.png","articleSection":["Nacionales\/Internacionales"],"inLanguage":"es-AR"},{"@type":"WebPage","@id":"https:\/\/apuntesdesanluis.com\/index.php\/2023\/12\/10\/milei-designo-a-su-rabino-como-embajador-de-la-argentina-en-israel\/","url":"https:\/\/apuntesdesanluis.com\/index.php\/2023\/12\/10\/milei-designo-a-su-rabino-como-embajador-de-la-argentina-en-israel\/","name":"MILEI DESIGN\u00d3 A SU RABINO COMO EMBAJADOR DE LA ARGENTINA EN ISRAEL - Apuntes de San Luis","isPartOf":{"@id":"https:\/\/apuntesdesanluis.com\/#website"},"primaryImageOfPage":{"@id":"https:\/\/apuntesdesanluis.com\/index.php\/2023\/12\/10\/milei-designo-a-su-rabino-como-embajador-de-la-argentina-en-israel\/#primaryimage"},"image":{"@id":"https:\/\/apuntesdesanluis.com\/index.php\/2023\/12\/10\/milei-designo-a-su-rabino-como-embajador-de-la-argentina-en-israel\/#primaryimage"},"thumbnailUrl":"https:\/\/apuntesdesanluis.com\/wp-content\/uploads\/2023\/12\/RABINO.png","datePublished":"2023-12-11T01:42:59+00:00","breadcrumb":{"@id":"https:\/\/apuntesdesanluis.com\/index.php\/2023\/12\/10\/milei-designo-a-su-rabino-como-embajador-de-la-argentina-en-israel\/#breadcrumb"},"inLanguage":"es-AR","potentialAction":[{"@type":"ReadAction","target":["https:\/\/apuntesdesanluis.com\/index.php\/2023\/12\/10\/milei-designo-a-su-rabino-como-embajador-de-la-argentina-en-israel\/"]}]},{"@type":"ImageObject","inLanguage":"es-AR","@id":"https:\/\/apuntesdesanluis.com\/index.php\/2023\/12\/10\/milei-designo-a-su-rabino-como-embajador-de-la-argentina-en-israel\/#primaryimage","url":"https:\/\/apuntesdesanluis.com\/wp-content\/uploads\/2023\/12\/RABINO.png","contentUrl":"https:\/\/apuntesdesanluis.com\/wp-content\/uploads\/2023\/12\/RABINO.png","width":713,"height":414},{"@type":"BreadcrumbList","@id":"https:\/\/apuntesdesanluis.com\/index.php\/2023\/12\/10\/milei-designo-a-su-rabino-como-embajador-de-la-argentina-en-israel\/#breadcrumb","itemListElement":[{"@type":"ListItem","position":1,"name":"Inicio","item":"https:\/\/apuntesdesanluis.com\/"},{"@type":"ListItem","position":2,"name":"MILEI DESIGN\u00d3 A SU RABINO COMO EMBAJADOR DE LA ARGENTINA EN ISRAEL"}]},{"@type":"WebSite","@id":"https:\/\/apuntesdesanluis.com\/#website","url":"https:\/\/apuntesdesanluis.com\/","name":"Apuntes de San Luis","description":"","publisher":{"@id":"https:\/\/apuntesdesanluis.com\/#\/schema\/person\/b55151d52296fcce64d1a72538a70b90"},"potentialAction":[{"@type":"SearchAction","target":{"@type":"EntryPoint","urlTemplate":"https:\/\/apuntesdesanluis.com\/?s={search_term_string}"},"query-input":{"@type":"PropertyValueSpecification","valueRequired":true,"valueName":"search_term_string"}}],"inLanguage":"es-AR"},{"@type":["Person","Organization"],"@id":"https:\/\/apuntesdesanluis.com\/#\/schema\/person\/b55151d52296fcce64d1a72538a70b90","name":"apuntesdesanluis.com","image":{"@type":"ImageObject","inLanguage":"es-AR","@id":"https:\/\/apuntesdesanluis.com\/#\/schema\/person\/image\/","url":"https:\/\/apuntesdesanluis.com\/wp-content\/uploads\/2023\/07\/cropped-apuntesdesanluis.png","contentUrl":"https:\/\/apuntesdesanluis.com\/wp-content\/uploads\/2023\/07\/cropped-apuntesdesanluis.png","width":450,"height":112,"caption":"apuntesdesanluis.com"},"logo":{"@id":"https:\/\/apuntesdesanluis.com\/#\/schema\/person\/image\/"},"sameAs":["https:\/\/apuntesdesanluis.com"],"url":"https:\/\/apuntesdesanluis.com\/index.php\/author\/apuntesdesanluis-com\/"}]}},"featured_image_urls":{"full":["https:\/\/apuntesdesanluis.com\/wp-content\/uploads\/2023\/12\/RABINO.png",713,414,false],"thumbnail":["https:\/\/apuntesdesanluis.com\/wp-content\/uploads\/2023\/12\/RABINO-150x150.png",150,150,true],"medium":["https:\/\/apuntesdesanluis.com\/wp-content\/uploads\/2023\/12\/RABINO-300x174.png",300,174,true],"medium_large":["https:\/\/apuntesdesanluis.com\/wp-content\/uploads\/2023\/12\/RABINO.png",640,372,false],"large":["https:\/\/apuntesdesanluis.com\/wp-content\/uploads\/2023\/12\/RABINO.png",640,372,false],"1536x1536":["https:\/\/apuntesdesanluis.com\/wp-content\/uploads\/2023\/12\/RABINO.png",713,414,false],"2048x2048":["https:\/\/apuntesdesanluis.com\/wp-content\/uploads\/2023\/12\/RABINO.png",713,414,false],"newsever-slider-full":["https:\/\/apuntesdesanluis.com\/wp-content\/uploads\/2023\/12\/RABINO.png",713,414,false],"newsever-featured":["https:\/\/apuntesdesanluis.com\/wp-content\/uploads\/2023\/12\/RABINO.png",713,414,false],"newsever-medium":["https:\/\/apuntesdesanluis.com\/wp-content\/uploads\/2023\/12\/RABINO.png",713,414,false]},"author_info":{"display_name":"apuntesdesanluis.com","author_link":"https:\/\/apuntesdesanluis.com\/index.php\/author\/apuntesdesanluis-com\/"},"category_info":"<a href=\"https:\/\/apuntesdesanluis.com\/index.php\/category\/nacionales-internacionales\/\" rel=\"category tag\">Nacionales\/Internacionales<\/a>","tag_info":"Nacionales\/Internacionales","comment_count":"0","_links":{"self":[{"href":"https:\/\/apuntesdesanluis.com\/index.php\/wp-json\/wp\/v2\/posts\/8168","targetHints":{"allow":["GET"]}}],"collection":[{"href":"https:\/\/apuntesdesanluis.com\/index.php\/wp-json\/wp\/v2\/posts"}],"about":[{"href":"https:\/\/apuntesdesanluis.com\/index.php\/wp-json\/wp\/v2\/types\/post"}],"author":[{"embeddable":true,"href":"https:\/\/apuntesdesanluis.com\/index.php\/wp-json\/wp\/v2\/users\/1"}],"replies":[{"embeddable":true,"href":"https:\/\/apuntesdesanluis.com\/index.php\/wp-json\/wp\/v2\/comments?post=8168"}],"version-history":[{"count":1,"href":"https:\/\/apuntesdesanluis.com\/index.php\/wp-json\/wp\/v2\/posts\/8168\/revisions"}],"predecessor-version":[{"id":8171,"href":"https:\/\/apuntesdesanluis.com\/index.php\/wp-json\/wp\/v2\/posts\/8168\/revisions\/8171"}],"wp:featuredmedia":[{"embeddable":true,"href":"https:\/\/apuntesdesanluis.com\/index.php\/wp-json\/wp\/v2\/media\/8169"}],"wp:attachment":[{"href":"https:\/\/apuntesdesanluis.com\/index.php\/wp-json\/wp\/v2\/media?parent=8168"}],"wp:term":[{"taxonomy":"category","embeddable":true,"href":"https:\/\/apuntesdesanluis.com\/index.php\/wp-json\/wp\/v2\/categories?post=8168"},{"taxonomy":"post_tag","embeddable":true,"href":"https:\/\/apuntesdesanluis.com\/index.php\/wp-json\/wp\/v2\/tags?post=8168"}],"curies":[{"name":"wp","href":"https:\/\/api.w.org\/{rel}","templated":true}]}}