{"id":8172,"date":"2023-12-10T22:46:52","date_gmt":"2023-12-11T01:46:52","guid":{"rendered":"https:\/\/apuntesdesanluis.com\/?p=8172"},"modified":"2023-12-10T22:46:52","modified_gmt":"2023-12-11T01:46:52","slug":"la-oposicion-se-repartio-entre-buenos-deseos-y-criticas-hacia-milei-tras-su-asuncion-presidencial","status":"publish","type":"post","link":"https:\/\/apuntesdesanluis.com\/index.php\/2023\/12\/10\/la-oposicion-se-repartio-entre-buenos-deseos-y-criticas-hacia-milei-tras-su-asuncion-presidencial\/","title":{"rendered":"LA OPOSICI\u00d3N SE REPARTI\u00d3 ENTRE BUENOS DESEOS Y CR\u00cdTICAS HACIA MILEI TRAS SU ASUNCI\u00d3N PRESIDENCIAL"},"content":{"rendered":"<h3>Diputados peronistas y de izquierda subrayaron sus desacuerdos, mientras que desde el radicalismo se mostraron m\u00e1s contemplativos y expectantes.<\/h3>\n<h3>La nueva oposici\u00f3n, que re\u00fane voces tan dis\u00edmiles como la izquierda, Uni\u00f3n por la Patria, el radicalismo y el PRO, conjug\u00f3 expresiones de buenos deseos a la gesti\u00f3n entrante de Javier Milei como cr\u00edticas por el contenido de su primer discurso como presidente.<\/h3>\n<h3>La ex diputada del Interbloque Federal Graciela Cama\u00f1o sostuvo que Milei \u201cse recibi\u00f3 de casta\u201d por \u201csu capricho de hablar afuera\u201d del recinto, en las escalinatas del Palacio Legislativo.<\/h3>\n<h3>A su entender, la \u201csobreactuaci\u00f3n\u201d del l\u00edder de La Libertad Avanza \u201cle cost\u00f3 al Estado (l\u00e9ase: contribuyentes) muchos pesos en ceremonial y seguridad\u201d.<\/h3>\n<h3>\u201cLo austero era hablar adentro y empezar a mostrar gesti\u00f3n. Buena suerte\u2026\u201d, complet\u00f3 la peronista no kirchnerista.<\/h3>\n<h3>En tanto, la diputada del Frente de Izquierda Myriam Bregman se\u00f1al\u00f3 que \u201cen los paneles de TV (Milei) se mostraba disruptivo\u201d, pero \u201cahora es un ajustador cl\u00e1sico, hecho y derecho\u201d.<\/h3>\n<h3>El embajador argentino en Espa\u00f1a, Ricardo Alfons\u00edn, critic\u00f3 la utilizaci\u00f3n indiscriminada de la palabra \u201clibertad\u201d en el discurso y la narrativa liberal.<\/h3>\n<h3>Con una visi\u00f3n completamente diferente, y con cierta cuota de optimismo, el presidente del bloque de la UCR, Rodrigo De Loredo, celebr\u00f3 que este domingo \u201cse va uno de los peores gobiernos de la historia y se abre la oportunidad de dejar atr\u00e1s un modelo que nos llev\u00f3 al atraso\u201d.<\/h3>\n<h3>\u201cDesde la sensatez vamos a contribuir para que el gobierno de Javier Milei pueda llevar adelante las reformas necesarias que requiera su gobierno para lograr la tan ansiada estabilidad y recuperaci\u00f3n econ\u00f3mica\u201d, se comprometi\u00f3 el cordob\u00e9s radical.<\/h3>\n<h3>Tambi\u00e9n destac\u00f3 que \u201cel discurso presidencial pone sobre la mesa con dureza la realidad argentina y los tiempos a\u00fan m\u00e1s dif\u00edciles que se vienen\u201d.<\/h3>\n<h3>&#8220;Seremos prudentes y aguardaremos las medidas concretas y los trazos finos de las pol\u00edticas con las que quiere avanzar el Presidente desde el rol que nos confi\u00f3 la ciudadan\u00eda, que no nos eligi\u00f3 para gobernar pero que s\u00ed espera de nosotros un accionar cooperativo y responsable con el gobierno entrante\u201d, complet\u00f3 De Loredo.<\/h3>\n<h3>El vicepresidente segundo de la C\u00e1mara baja, Julio Cobos, les deseo a Milei y a la nueva vicepresidenta, Victoria Villarruel, \u201cel mayor de los \u00e9xitos en su gesti\u00f3n porque de eso depende la mejora en la vida de millones de ciudadanos\u201d.<\/h3>\n<h3>\u201cEsperamos en el Congreso de la Naci\u00f3n, los proyectos de leyes que env\u00ede el Poder Ejecutivo. Es fundamental dar gobernabilidad, preservando el bienestar de la gente\u201d, sum\u00f3 el mendocino.<\/h3>\n<h3>Parado en un lugar mucho m\u00e1s cercano al oficialismo, el diputado nacional del PRO Fernando Iglesias indic\u00f3 su adhesi\u00f3n \u201cal diagn\u00f3stico y a las palabras del presidente Milei\u201d.<\/h3>\n<h3>\u201cNos dejan una bomba de tiempo y un pa\u00eds devastado, pero saldremos adelante. La mayor\u00eda de los argentinos entiende perfectamente que as\u00ed no se puede seguir y que hay que apostar por el cambio. Sangre, sudor y cambio\u201d, areng\u00f3.<\/h3>\n","protected":false},"excerpt":{"rendered":"<p>Diputados peronistas y de izquierda subrayaron sus desacuerdos, mientras que desde el radicalismo se mostraron&#8230;<\/p>\n","protected":false},"author":1,"featured_media":8173,"comment_status":"closed","ping_status":"closed","sticky":false,"template":"","format":"standard","meta":{"footnotes":""},"categories":[5],"tags":[],"class_list":["post-8172","post","type-post","status-publish","format-standard","has-post-thumbnail","hentry","category-nacionales-internacionales"],"yoast_head":"<!-- This site is optimized with the Yoast SEO plugin v26.1.1 - https:\/\/yoast.com\/wordpress\/plugins\/seo\/ -->\n<title>LA OPOSICI\u00d3N SE REPARTI\u00d3 ENTRE BUENOS DESEOS Y CR\u00cdTICAS HACIA MILEI TRAS SU ASUNCI\u00d3N PRESIDENCIAL - Apuntes de San Luis<\/title>\n<meta name=\"robots\" content=\"index, follow, max-snippet:-1, max-image-preview:large, max-video-preview:-1\" \/>\n<link rel=\"canonical\" href=\"https:\/\/apuntesdesanluis.com\/index.php\/2023\/12\/10\/la-oposicion-se-repartio-entre-buenos-deseos-y-criticas-hacia-milei-tras-su-asuncion-presidencial\/\" \/>\n<meta property=\"og:locale\" content=\"es_ES\" \/>\n<meta property=\"og:type\" content=\"article\" \/>\n<meta property=\"og:title\" content=\"LA OPOSICI\u00d3N SE REPARTI\u00d3 ENTRE BUENOS DESEOS Y CR\u00cdTICAS HACIA MILEI TRAS SU ASUNCI\u00d3N PRESIDENCIAL - Apuntes de San Luis\" \/>\n<meta property=\"og:description\" content=\"Diputados peronistas y de izquierda subrayaron sus desacuerdos, mientras que desde el radicalismo se mostraron...\" \/>\n<meta property=\"og:url\" content=\"https:\/\/apuntesdesanluis.com\/index.php\/2023\/12\/10\/la-oposicion-se-repartio-entre-buenos-deseos-y-criticas-hacia-milei-tras-su-asuncion-presidencial\/\" \/>\n<meta property=\"og:site_name\" content=\"Apuntes de San Luis\" \/>\n<meta property=\"article:published_time\" content=\"2023-12-11T01:46:52+00:00\" \/>\n<meta property=\"og:image\" content=\"https:\/\/apuntesdesanluis.com\/wp-content\/uploads\/2023\/12\/ASAMBLEA.png\" \/>\n\t<meta property=\"og:image:width\" content=\"754\" \/>\n\t<meta property=\"og:image:height\" content=\"406\" \/>\n\t<meta property=\"og:image:type\" content=\"image\/png\" \/>\n<meta name=\"author\" content=\"apuntesdesanluis.com\" \/>\n<meta name=\"twitter:card\" content=\"summary_large_image\" \/>\n<meta name=\"twitter:label1\" content=\"Escrito por\" \/>\n\t<meta name=\"twitter:data1\" content=\"apuntesdesanluis.com\" \/>\n\t<meta name=\"twitter:label2\" content=\"Tiempo de lectura\" \/>\n\t<meta name=\"twitter:data2\" content=\"3 minutos\" \/>\n<script type=\"application\/ld+json\" class=\"yoast-schema-graph\">{\"@context\":\"https:\/\/schema.org\",\"@graph\":[{\"@type\":\"Article\",\"@id\":\"https:\/\/apuntesdesanluis.com\/index.php\/2023\/12\/10\/la-oposicion-se-repartio-entre-buenos-deseos-y-criticas-hacia-milei-tras-su-asuncion-presidencial\/#article\",\"isPartOf\":{\"@id\":\"https:\/\/apuntesdesanluis.com\/index.php\/2023\/12\/10\/la-oposicion-se-repartio-entre-buenos-deseos-y-criticas-hacia-milei-tras-su-asuncion-presidencial\/\"},\"author\":{\"name\":\"apuntesdesanluis.com\",\"@id\":\"https:\/\/apuntesdesanluis.com\/#\/schema\/person\/b55151d52296fcce64d1a72538a70b90\"},\"headline\":\"LA OPOSICI\u00d3N SE REPARTI\u00d3 ENTRE BUENOS DESEOS Y CR\u00cdTICAS HACIA MILEI TRAS SU ASUNCI\u00d3N PRESIDENCIAL\",\"datePublished\":\"2023-12-11T01:46:52+00:00\",\"mainEntityOfPage\":{\"@id\":\"https:\/\/apuntesdesanluis.com\/index.php\/2023\/12\/10\/la-oposicion-se-repartio-entre-buenos-deseos-y-criticas-hacia-milei-tras-su-asuncion-presidencial\/\"},\"wordCount\":539,\"publisher\":{\"@id\":\"https:\/\/apuntesdesanluis.com\/#\/schema\/person\/b55151d52296fcce64d1a72538a70b90\"},\"image\":{\"@id\":\"https:\/\/apuntesdesanluis.com\/index.php\/2023\/12\/10\/la-oposicion-se-repartio-entre-buenos-deseos-y-criticas-hacia-milei-tras-su-asuncion-presidencial\/#primaryimage\"},\"thumbnailUrl\":\"https:\/\/apuntesdesanluis.com\/wp-content\/uploads\/2023\/12\/ASAMBLEA.png\",\"articleSection\":[\"Nacionales\/Internacionales\"],\"inLanguage\":\"es-AR\"},{\"@type\":\"WebPage\",\"@id\":\"https:\/\/apuntesdesanluis.com\/index.php\/2023\/12\/10\/la-oposicion-se-repartio-entre-buenos-deseos-y-criticas-hacia-milei-tras-su-asuncion-presidencial\/\",\"url\":\"https:\/\/apuntesdesanluis.com\/index.php\/2023\/12\/10\/la-oposicion-se-repartio-entre-buenos-deseos-y-criticas-hacia-milei-tras-su-asuncion-presidencial\/\",\"name\":\"LA OPOSICI\u00d3N SE REPARTI\u00d3 ENTRE BUENOS DESEOS Y CR\u00cdTICAS HACIA MILEI TRAS SU ASUNCI\u00d3N PRESIDENCIAL - Apuntes de San Luis\",\"isPartOf\":{\"@id\":\"https:\/\/apuntesdesanluis.com\/#website\"},\"primaryImageOfPage\":{\"@id\":\"https:\/\/apuntesdesanluis.com\/index.php\/2023\/12\/10\/la-oposicion-se-repartio-entre-buenos-deseos-y-criticas-hacia-milei-tras-su-asuncion-presidencial\/#primaryimage\"},\"image\":{\"@id\":\"https:\/\/apuntesdesanluis.com\/index.php\/2023\/12\/10\/la-oposicion-se-repartio-entre-buenos-deseos-y-criticas-hacia-milei-tras-su-asuncion-presidencial\/#primaryimage\"},\"thumbnailUrl\":\"https:\/\/apuntesdesanluis.com\/wp-content\/uploads\/2023\/12\/ASAMBLEA.png\",\"datePublished\":\"2023-12-11T01:46:52+00:00\",\"breadcrumb\":{\"@id\":\"https:\/\/apuntesdesanluis.com\/index.php\/2023\/12\/10\/la-oposicion-se-repartio-entre-buenos-deseos-y-criticas-hacia-milei-tras-su-asuncion-presidencial\/#breadcrumb\"},\"inLanguage\":\"es-AR\",\"potentialAction\":[{\"@type\":\"ReadAction\",\"target\":[\"https:\/\/apuntesdesanluis.com\/index.php\/2023\/12\/10\/la-oposicion-se-repartio-entre-buenos-deseos-y-criticas-hacia-milei-tras-su-asuncion-presidencial\/\"]}]},{\"@type\":\"ImageObject\",\"inLanguage\":\"es-AR\",\"@id\":\"https:\/\/apuntesdesanluis.com\/index.php\/2023\/12\/10\/la-oposicion-se-repartio-entre-buenos-deseos-y-criticas-hacia-milei-tras-su-asuncion-presidencial\/#primaryimage\",\"url\":\"https:\/\/apuntesdesanluis.com\/wp-content\/uploads\/2023\/12\/ASAMBLEA.png\",\"contentUrl\":\"https:\/\/apuntesdesanluis.com\/wp-content\/uploads\/2023\/12\/ASAMBLEA.png\",\"width\":754,\"height\":406},{\"@type\":\"BreadcrumbList\",\"@id\":\"https:\/\/apuntesdesanluis.com\/index.php\/2023\/12\/10\/la-oposicion-se-repartio-entre-buenos-deseos-y-criticas-hacia-milei-tras-su-asuncion-presidencial\/#breadcrumb\",\"itemListElement\":[{\"@type\":\"ListItem\",\"position\":1,\"name\":\"Inicio\",\"item\":\"https:\/\/apuntesdesanluis.com\/\"},{\"@type\":\"ListItem\",\"position\":2,\"name\":\"LA OPOSICI\u00d3N SE REPARTI\u00d3 ENTRE BUENOS DESEOS Y CR\u00cdTICAS HACIA MILEI TRAS SU ASUNCI\u00d3N PRESIDENCIAL\"}]},{\"@type\":\"WebSite\",\"@id\":\"https:\/\/apuntesdesanluis.com\/#website\",\"url\":\"https:\/\/apuntesdesanluis.com\/\",\"name\":\"Apuntes de San Luis\",\"description\":\"\",\"publisher\":{\"@id\":\"https:\/\/apuntesdesanluis.com\/#\/schema\/person\/b55151d52296fcce64d1a72538a70b90\"},\"potentialAction\":[{\"@type\":\"SearchAction\",\"target\":{\"@type\":\"EntryPoint\",\"urlTemplate\":\"https:\/\/apuntesdesanluis.com\/?s={search_term_string}\"},\"query-input\":{\"@type\":\"PropertyValueSpecification\",\"valueRequired\":true,\"valueName\":\"search_term_string\"}}],\"inLanguage\":\"es-AR\"},{\"@type\":[\"Person\",\"Organization\"],\"@id\":\"https:\/\/apuntesdesanluis.com\/#\/schema\/person\/b55151d52296fcce64d1a72538a70b90\",\"name\":\"apuntesdesanluis.com\",\"image\":{\"@type\":\"ImageObject\",\"inLanguage\":\"es-AR\",\"@id\":\"https:\/\/apuntesdesanluis.com\/#\/schema\/person\/image\/\",\"url\":\"https:\/\/apuntesdesanluis.com\/wp-content\/uploads\/2023\/07\/cropped-apuntesdesanluis.png\",\"contentUrl\":\"https:\/\/apuntesdesanluis.com\/wp-content\/uploads\/2023\/07\/cropped-apuntesdesanluis.png\",\"width\":450,\"height\":112,\"caption\":\"apuntesdesanluis.com\"},\"logo\":{\"@id\":\"https:\/\/apuntesdesanluis.com\/#\/schema\/person\/image\/\"},\"sameAs\":[\"https:\/\/apuntesdesanluis.com\"],\"url\":\"https:\/\/apuntesdesanluis.com\/index.php\/author\/apuntesdesanluis-com\/\"}]}<\/script>\n<!-- \/ Yoast SEO plugin. -->","yoast_head_json":{"title":"LA OPOSICI\u00d3N SE REPARTI\u00d3 ENTRE BUENOS DESEOS Y CR\u00cdTICAS HACIA MILEI TRAS SU ASUNCI\u00d3N PRESIDENCIAL - Apuntes de San Luis","robots":{"index":"index","follow":"follow","max-snippet":"max-snippet:-1","max-image-preview":"max-image-preview:large","max-video-preview":"max-video-preview:-1"},"canonical":"https:\/\/apuntesdesanluis.com\/index.php\/2023\/12\/10\/la-oposicion-se-repartio-entre-buenos-deseos-y-criticas-hacia-milei-tras-su-asuncion-presidencial\/","og_locale":"es_ES","og_type":"article","og_title":"LA OPOSICI\u00d3N SE REPARTI\u00d3 ENTRE BUENOS DESEOS Y CR\u00cdTICAS HACIA MILEI TRAS SU ASUNCI\u00d3N PRESIDENCIAL - Apuntes de San Luis","og_description":"Diputados peronistas y de izquierda subrayaron sus desacuerdos, mientras que desde el radicalismo se mostraron...","og_url":"https:\/\/apuntesdesanluis.com\/index.php\/2023\/12\/10\/la-oposicion-se-repartio-entre-buenos-deseos-y-criticas-hacia-milei-tras-su-asuncion-presidencial\/","og_site_name":"Apuntes de San Luis","article_published_time":"2023-12-11T01:46:52+00:00","og_image":[{"width":754,"height":406,"url":"https:\/\/apuntesdesanluis.com\/wp-content\/uploads\/2023\/12\/ASAMBLEA.png","type":"image\/png"}],"author":"apuntesdesanluis.com","twitter_card":"summary_large_image","twitter_misc":{"Escrito por":"apuntesdesanluis.com","Tiempo de lectura":"3 minutos"},"schema":{"@context":"https:\/\/schema.org","@graph":[{"@type":"Article","@id":"https:\/\/apuntesdesanluis.com\/index.php\/2023\/12\/10\/la-oposicion-se-repartio-entre-buenos-deseos-y-criticas-hacia-milei-tras-su-asuncion-presidencial\/#article","isPartOf":{"@id":"https:\/\/apuntesdesanluis.com\/index.php\/2023\/12\/10\/la-oposicion-se-repartio-entre-buenos-deseos-y-criticas-hacia-milei-tras-su-asuncion-presidencial\/"},"author":{"name":"apuntesdesanluis.com","@id":"https:\/\/apuntesdesanluis.com\/#\/schema\/person\/b55151d52296fcce64d1a72538a70b90"},"headline":"LA OPOSICI\u00d3N SE REPARTI\u00d3 ENTRE BUENOS DESEOS Y CR\u00cdTICAS HACIA MILEI TRAS SU ASUNCI\u00d3N PRESIDENCIAL","datePublished":"2023-12-11T01:46:52+00:00","mainEntityOfPage":{"@id":"https:\/\/apuntesdesanluis.com\/index.php\/2023\/12\/10\/la-oposicion-se-repartio-entre-buenos-deseos-y-criticas-hacia-milei-tras-su-asuncion-presidencial\/"},"wordCount":539,"publisher":{"@id":"https:\/\/apuntesdesanluis.com\/#\/schema\/person\/b55151d52296fcce64d1a72538a70b90"},"image":{"@id":"https:\/\/apuntesdesanluis.com\/index.php\/2023\/12\/10\/la-oposicion-se-repartio-entre-buenos-deseos-y-criticas-hacia-milei-tras-su-asuncion-presidencial\/#primaryimage"},"thumbnailUrl":"https:\/\/apuntesdesanluis.com\/wp-content\/uploads\/2023\/12\/ASAMBLEA.png","articleSection":["Nacionales\/Internacionales"],"inLanguage":"es-AR"},{"@type":"WebPage","@id":"https:\/\/apuntesdesanluis.com\/index.php\/2023\/12\/10\/la-oposicion-se-repartio-entre-buenos-deseos-y-criticas-hacia-milei-tras-su-asuncion-presidencial\/","url":"https:\/\/apuntesdesanluis.com\/index.php\/2023\/12\/10\/la-oposicion-se-repartio-entre-buenos-deseos-y-criticas-hacia-milei-tras-su-asuncion-presidencial\/","name":"LA OPOSICI\u00d3N SE REPARTI\u00d3 ENTRE BUENOS DESEOS Y CR\u00cdTICAS HACIA MILEI TRAS SU ASUNCI\u00d3N PRESIDENCIAL - Apuntes de San Luis","isPartOf":{"@id":"https:\/\/apuntesdesanluis.com\/#website"},"primaryImageOfPage":{"@id":"https:\/\/apuntesdesanluis.com\/index.php\/2023\/12\/10\/la-oposicion-se-repartio-entre-buenos-deseos-y-criticas-hacia-milei-tras-su-asuncion-presidencial\/#primaryimage"},"image":{"@id":"https:\/\/apuntesdesanluis.com\/index.php\/2023\/12\/10\/la-oposicion-se-repartio-entre-buenos-deseos-y-criticas-hacia-milei-tras-su-asuncion-presidencial\/#primaryimage"},"thumbnailUrl":"https:\/\/apuntesdesanluis.com\/wp-content\/uploads\/2023\/12\/ASAMBLEA.png","datePublished":"2023-12-11T01:46:52+00:00","breadcrumb":{"@id":"https:\/\/apuntesdesanluis.com\/index.php\/2023\/12\/10\/la-oposicion-se-repartio-entre-buenos-deseos-y-criticas-hacia-milei-tras-su-asuncion-presidencial\/#breadcrumb"},"inLanguage":"es-AR","potentialAction":[{"@type":"ReadAction","target":["https:\/\/apuntesdesanluis.com\/index.php\/2023\/12\/10\/la-oposicion-se-repartio-entre-buenos-deseos-y-criticas-hacia-milei-tras-su-asuncion-presidencial\/"]}]},{"@type":"ImageObject","inLanguage":"es-AR","@id":"https:\/\/apuntesdesanluis.com\/index.php\/2023\/12\/10\/la-oposicion-se-repartio-entre-buenos-deseos-y-criticas-hacia-milei-tras-su-asuncion-presidencial\/#primaryimage","url":"https:\/\/apuntesdesanluis.com\/wp-content\/uploads\/2023\/12\/ASAMBLEA.png","contentUrl":"https:\/\/apuntesdesanluis.com\/wp-content\/uploads\/2023\/12\/ASAMBLEA.png","width":754,"height":406},{"@type":"BreadcrumbList","@id":"https:\/\/apuntesdesanluis.com\/index.php\/2023\/12\/10\/la-oposicion-se-repartio-entre-buenos-deseos-y-criticas-hacia-milei-tras-su-asuncion-presidencial\/#breadcrumb","itemListElement":[{"@type":"ListItem","position":1,"name":"Inicio","item":"https:\/\/apuntesdesanluis.com\/"},{"@type":"ListItem","position":2,"name":"LA OPOSICI\u00d3N SE REPARTI\u00d3 ENTRE BUENOS DESEOS Y CR\u00cdTICAS HACIA MILEI TRAS SU ASUNCI\u00d3N PRESIDENCIAL"}]},{"@type":"WebSite","@id":"https:\/\/apuntesdesanluis.com\/#website","url":"https:\/\/apuntesdesanluis.com\/","name":"Apuntes de San Luis","description":"","publisher":{"@id":"https:\/\/apuntesdesanluis.com\/#\/schema\/person\/b55151d52296fcce64d1a72538a70b90"},"potentialAction":[{"@type":"SearchAction","target":{"@type":"EntryPoint","urlTemplate":"https:\/\/apuntesdesanluis.com\/?s={search_term_string}"},"query-input":{"@type":"PropertyValueSpecification","valueRequired":true,"valueName":"search_term_string"}}],"inLanguage":"es-AR"},{"@type":["Person","Organization"],"@id":"https:\/\/apuntesdesanluis.com\/#\/schema\/person\/b55151d52296fcce64d1a72538a70b90","name":"apuntesdesanluis.com","image":{"@type":"ImageObject","inLanguage":"es-AR","@id":"https:\/\/apuntesdesanluis.com\/#\/schema\/person\/image\/","url":"https:\/\/apuntesdesanluis.com\/wp-content\/uploads\/2023\/07\/cropped-apuntesdesanluis.png","contentUrl":"https:\/\/apuntesdesanluis.com\/wp-content\/uploads\/2023\/07\/cropped-apuntesdesanluis.png","width":450,"height":112,"caption":"apuntesdesanluis.com"},"logo":{"@id":"https:\/\/apuntesdesanluis.com\/#\/schema\/person\/image\/"},"sameAs":["https:\/\/apuntesdesanluis.com"],"url":"https:\/\/apuntesdesanluis.com\/index.php\/author\/apuntesdesanluis-com\/"}]}},"featured_image_urls":{"full":["https:\/\/apuntesdesanluis.com\/wp-content\/uploads\/2023\/12\/ASAMBLEA.png",754,406,false],"thumbnail":["https:\/\/apuntesdesanluis.com\/wp-content\/uploads\/2023\/12\/ASAMBLEA-150x150.png",150,150,true],"medium":["https:\/\/apuntesdesanluis.com\/wp-content\/uploads\/2023\/12\/ASAMBLEA-300x162.png",300,162,true],"medium_large":["https:\/\/apuntesdesanluis.com\/wp-content\/uploads\/2023\/12\/ASAMBLEA.png",640,345,false],"large":["https:\/\/apuntesdesanluis.com\/wp-content\/uploads\/2023\/12\/ASAMBLEA.png",640,345,false],"1536x1536":["https:\/\/apuntesdesanluis.com\/wp-content\/uploads\/2023\/12\/ASAMBLEA.png",754,406,false],"2048x2048":["https:\/\/apuntesdesanluis.com\/wp-content\/uploads\/2023\/12\/ASAMBLEA.png",754,406,false],"newsever-slider-full":["https:\/\/apuntesdesanluis.com\/wp-content\/uploads\/2023\/12\/ASAMBLEA.png",754,406,false],"newsever-featured":["https:\/\/apuntesdesanluis.com\/wp-content\/uploads\/2023\/12\/ASAMBLEA.png",754,406,false],"newsever-medium":["https:\/\/apuntesdesanluis.com\/wp-content\/uploads\/2023\/12\/ASAMBLEA-720x406.png",720,406,true]},"author_info":{"display_name":"apuntesdesanluis.com","author_link":"https:\/\/apuntesdesanluis.com\/index.php\/author\/apuntesdesanluis-com\/"},"category_info":"<a href=\"https:\/\/apuntesdesanluis.com\/index.php\/category\/nacionales-internacionales\/\" rel=\"category tag\">Nacionales\/Internacionales<\/a>","tag_info":"Nacionales\/Internacionales","comment_count":"0","_links":{"self":[{"href":"https:\/\/apuntesdesanluis.com\/index.php\/wp-json\/wp\/v2\/posts\/8172","targetHints":{"allow":["GET"]}}],"collection":[{"href":"https:\/\/apuntesdesanluis.com\/index.php\/wp-json\/wp\/v2\/posts"}],"about":[{"href":"https:\/\/apuntesdesanluis.com\/index.php\/wp-json\/wp\/v2\/types\/post"}],"author":[{"embeddable":true,"href":"https:\/\/apuntesdesanluis.com\/index.php\/wp-json\/wp\/v2\/users\/1"}],"replies":[{"embeddable":true,"href":"https:\/\/apuntesdesanluis.com\/index.php\/wp-json\/wp\/v2\/comments?post=8172"}],"version-history":[{"count":1,"href":"https:\/\/apuntesdesanluis.com\/index.php\/wp-json\/wp\/v2\/posts\/8172\/revisions"}],"predecessor-version":[{"id":8174,"href":"https:\/\/apuntesdesanluis.com\/index.php\/wp-json\/wp\/v2\/posts\/8172\/revisions\/8174"}],"wp:featuredmedia":[{"embeddable":true,"href":"https:\/\/apuntesdesanluis.com\/index.php\/wp-json\/wp\/v2\/media\/8173"}],"wp:attachment":[{"href":"https:\/\/apuntesdesanluis.com\/index.php\/wp-json\/wp\/v2\/media?parent=8172"}],"wp:term":[{"taxonomy":"category","embeddable":true,"href":"https:\/\/apuntesdesanluis.com\/index.php\/wp-json\/wp\/v2\/categories?post=8172"},{"taxonomy":"post_tag","embeddable":true,"href":"https:\/\/apuntesdesanluis.com\/index.php\/wp-json\/wp\/v2\/tags?post=8172"}],"curies":[{"name":"wp","href":"https:\/\/api.w.org\/{rel}","templated":true}]}}